{"id":30162,"date":"2013-02-19T00:00:00","date_gmt":"2013-02-19T04:00:00","guid":{"rendered":"http:\/\/192.81.217.108\/interamerica\/2013\/02\/republica-dominicana-la-iglesia-inaugura-25-nuevos-templos\/"},"modified":"2013-02-19T00:00:00","modified_gmt":"2013-02-19T04:00:00","slug":"republica-dominicana-la-iglesia-inaugura-25-nuevos-templos","status":"publish","type":"post","link":"https:\/\/interamerica.org\/es\/2013\/02\/republica-dominicana-la-iglesia-inaugura-25-nuevos-templos\/","title":{"rendered":"Rep\u00fablica Dominicana: La Iglesia inaugura 25 nuevos templos"},"content":{"rendered":"<div id=\"attachment_6904\" style=\"width: 600px\" class=\"wp-caption aligncenter\"><a href=\"\/interamerica\/wp-content\/uploads\/2017\/06\/NaguaBig.jpg\" rel=\"fancybox\" title=\"Rep\u00fablica Dominicana: La Iglesia inaugura 25 nuevos templos\"><img fetchpriority=\"high\" decoding=\"async\" aria-describedby=\"caption-attachment-6904\" class=\"size-full wp-image-6904\" src=\"\/interamerica\/wp-content\/uploads\/2017\/06\/NaguaBig.jpg\" alt=\"\" width=\"590\" height=\"392\" \/><\/a><p id=\"caption-attachment-6904\" class=\"wp-caption-text\">La Iglesia Adventista Central de Nagua, en la Rep\u00fablica Dominicana, es una de las 25 nuevas Iglesias inauguradas recientemente, gracias a las contribuciones de miles de miembros de iglesia de esta isla. Im\u00e1genes cortes\u00eda de la Uni\u00f3n Dominicana. Im\u00e1genes cortes\u00eda de la Uni\u00f3n Dominicana<\/p><\/div>\n<p>18 de febrero de 2013 \u2013 Santo Domingo, Rep\u00fablica Dominicana&#8230;Bernardo Medina\/Personal DIA<\/p>\n<div id=\"attachment_6905\" style=\"width: 325px\" class=\"wp-caption alignleft\"><a href=\"\/interamerica\/wp-content\/uploads\/2017\/06\/IGL-Nagua-Acevedo.png\" rel=\"fancybox\" title=\"Rep\u00fablica Dominicana: La Iglesia inaugura 25 nuevos templos\"><img decoding=\"async\" aria-describedby=\"caption-attachment-6905\" class=\"size-full wp-image-6905\" src=\"\/interamerica\/wp-content\/uploads\/2017\/06\/IGL-Nagua-Acevedo.png\" alt=\"\" width=\"315\" height=\"231\" \/><\/a><p id=\"caption-attachment-6905\" class=\"wp-caption-text\">El presidente de la Iglesia Adventista de la Rep\u00fablica Dominicana, Pastor Cesario Acevedo (centro), corta el list\u00f3n inaugural de la recientemente construida Iglesia Adventista Central de Nagua, el 22 de diciembre de 2012, mientras que el secretario ejecutivo, Pastor Te\u00f3filo Silvestre (izquierda) y el tesorero Moise Javier sostienen la cinta.<\/p><\/div>\n<p>El mantener en buen estado los templos existentes y construir otros nuevos es uno de los objetivos de los dirigentes de la Iglesia Adventista en la Rep\u00fablica Dominicana, a fin de mantenerse al d\u00eda con las necesidades de una feligres\u00eda que aumenta r\u00e1pidamente. Durante una serie reciente de ceremonias de dedicaci\u00f3n, se inauguraron 25 nuevos templos en todo este pa\u00eds isle\u00f1o.<\/p>\n<p>\u201cEsto ha sido posible solamente gracias a la gracia de Dios y a los miles de miembros de iglesia que han contribuido al desarrollo de la iglesia en toda la isla\u201d, dijo el Pastor Cesario Acevedo, presidente de la iglesia en la Rep\u00fablica Dominicana.<\/p>\n<p>\u201cAlabamos a Dios por las 25 nuevas congregaciones que pueden adorar y glorificar el nombre de nuestro Dios en forma digna y apropiada\u201d, a\u00f1adi\u00f3.<\/p>\n<p>Con una membres\u00eda de casi 282,000 asistiendo a unos 686 templos, los directivos de la iglesia elaboraron un plan para mejorar algunos de los templos que est\u00e1n en condiciones precarias y en gran necesidad de ser remodelados, dijeron los dirigentes de la iglesia.<\/p>\n<p>Todo esto es gracias al trabajo de una iglesia unida, dijo Moise Javier, tesorero de la Iglesia en la Rep\u00fablica Dominicana. \u201cCada miembro ha reconocido su responsabilidad y ha estado dispuesto a contribuir con sus talentos y recursos a fin de lograr grandes cosas en favor de la iglesia y la comunidad\u201d.<\/p>\n<div id=\"attachment_6907\" style=\"width: 325px\" class=\"wp-caption alignright\"><a href=\"\/interamerica\/wp-content\/uploads\/2017\/06\/IglesiaFe-inside.jpg\" rel=\"fancybox\" title=\"Rep\u00fablica Dominicana: La Iglesia inaugura 25 nuevos templos\"><img decoding=\"async\" aria-describedby=\"caption-attachment-6907\" class=\"size-full wp-image-6907\" src=\"\/interamerica\/wp-content\/uploads\/2017\/06\/IglesiaFe-inside.jpg\" alt=\"\" width=\"315\" height=\"206\" \/><\/a><p id=\"caption-attachment-6907\" class=\"wp-caption-text\">El Pastor Cesario Acevedo habla durante la ceremonia de inauguraci\u00f3n de la Iglesia Adventista La Fe, en Higuey, en la zona oriental de la isla, el 29 de diciembre de 2012.<\/p><\/div>\n<p>La Iglesia Adventista La Fe, de la ciudad de Higuey, en la zona oriental de la isla, fue la \u00faltima de las 25 nuevas Iglesias dedicadas, cuya ceremonia de inauguraci\u00f3n se llev\u00f3 a cabo el \u00faltimo s\u00e1bado del 2012. Los dirigentes de la iglesia y cientos de miembros llenaron el templo donde se celebr\u00f3 un programa de acci\u00f3n de gracias para conmemorar dicho evento.<\/p>\n<p>Est\u00e1 programada la reconstrucci\u00f3n y remodelaci\u00f3n de un total de veinticinco templos m\u00e1s este a\u00f1o, dijeron los administradores. Los administradores no dudan en que alcanzar\u00e1n su blanco de este a\u00f1o, gracias a la dedicada fidelidad de sus miembros de iglesia.<\/p>\n<p>La Iglesia Adventista del S\u00e9ptimo D\u00eda en la Rep\u00fablica Dominicana opera un hospital, una universidad, docenas de escuelas primarias y secundarias y 20 estaciones radiales en toda la isla.<\/p>\n<p>Puede encontrar m\u00e1s informaci\u00f3n sobre la Iglesia Adventista del S\u00e9ptimo D\u00eda en la Rep\u00fablica Dominica, en <a href=\"http:\/\/www.adventistas.org.do\/\">adventistas.org.do<\/a><\/p>\n<p>Traducci\u00f3n por: Gloria Castrej\u00f3n<\/p>\n","protected":false},"excerpt":{"rendered":"<p>El mantener en buen estado los templos existentes y construir otros nuevos es uno de los objetivos de los dirigentes de la Iglesia Adventista en la Rep\u00fablica Dominicana, a fin de mantenerse al d\u00eda con las necesidades de una feligres\u00eda que aumenta r\u00e1pidamente.<\/p>\n","protected":false},"author":1,"featured_media":20947,"comment_status":"closed","ping_status":"closed","sticky":false,"template":"","format":"standard","meta":{"_acf_changed":false,"footnotes":""},"categories":[17],"tags":[],"class_list":["post-30162","post","type-post","status-publish","format-standard","has-post-thumbnail","hentry","category-desde-el-campo"],"acf":[],"yoast_head":"<!-- This site is optimized with the Yoast SEO plugin v27.3 - https:\/\/yoast.com\/product\/yoast-seo-wordpress\/ -->\n<title>Rep\u00fablica Dominicana: La Iglesia inaugura 25 nuevos templos - Iglesia Adventista del S\u00e9ptimo D\u00eda - Divisi\u00f3n Interamericana<\/title>\n<meta name=\"robots\" content=\"index, follow, max-snippet:-1, max-image-preview:large, max-video-preview:-1\" \/>\n<link rel=\"canonical\" href=\"https:\/\/interamerica.org\/es\/2013\/02\/republica-dominicana-la-iglesia-inaugura-25-nuevos-templos\/\" \/>\n<meta property=\"og:locale\" content=\"es_ES\" \/>\n<meta property=\"og:type\" content=\"article\" \/>\n<meta property=\"og:title\" content=\"Rep\u00fablica Dominicana: La Iglesia inaugura 25 nuevos templos - Iglesia Adventista del S\u00e9ptimo D\u00eda - Divisi\u00f3n Interamericana\" \/>\n<meta property=\"og:description\" content=\"El mantener en buen estado los templos existentes y construir otros nuevos es uno de los objetivos de los dirigentes de la Iglesia Adventista en la Rep\u00fablica Dominicana, a fin de mantenerse al d\u00eda con las necesidades de una feligres\u00eda que aumenta r\u00e1pidamente.\" \/>\n<meta property=\"og:url\" content=\"https:\/\/interamerica.org\/es\/2013\/02\/republica-dominicana-la-iglesia-inaugura-25-nuevos-templos\/\" \/>\n<meta property=\"og:site_name\" content=\"Iglesia Adventista del S\u00e9ptimo D\u00eda - Divisi\u00f3n Interamericana\" \/>\n<meta property=\"article:published_time\" content=\"2013-02-19T04:00:00+00:00\" \/>\n<meta property=\"og:image\" content=\"https:\/\/interamerica.org\/wp-content\/uploads\/2017\/06\/iglesiaNagua.jpg\" \/>\n\t<meta property=\"og:image:width\" content=\"315\" \/>\n\t<meta property=\"og:image:height\" content=\"208\" \/>\n\t<meta property=\"og:image:type\" content=\"image\/jpeg\" \/>\n<meta name=\"author\" content=\"Lorenzo Verduzco\" \/>\n<meta name=\"twitter:card\" content=\"summary_large_image\" \/>\n<meta name=\"twitter:label1\" content=\"Escrito por\" \/>\n\t<meta name=\"twitter:data1\" content=\"Lorenzo Verduzco\" \/>\n\t<meta name=\"twitter:label2\" content=\"Tiempo de lectura\" \/>\n\t<meta name=\"twitter:data2\" content=\"3 minutos\" \/>\n<script type=\"application\/ld+json\" class=\"yoast-schema-graph\">{\"@context\":\"https:\\\/\\\/schema.org\",\"@graph\":[{\"@type\":\"Article\",\"@id\":\"https:\\\/\\\/interamerica.org\\\/es\\\/2013\\\/02\\\/republica-dominicana-la-iglesia-inaugura-25-nuevos-templos\\\/#article\",\"isPartOf\":{\"@id\":\"https:\\\/\\\/interamerica.org\\\/es\\\/2013\\\/02\\\/republica-dominicana-la-iglesia-inaugura-25-nuevos-templos\\\/\"},\"author\":{\"name\":\"Lorenzo Verduzco\",\"@id\":\"https:\\\/\\\/interamerica.org\\\/es\\\/#\\\/schema\\\/person\\\/68ede8bdc292885bb76c1e3810e73c39\"},\"headline\":\"Rep\u00fablica Dominicana: La Iglesia inaugura 25 nuevos templos\",\"datePublished\":\"2013-02-19T04:00:00+00:00\",\"mainEntityOfPage\":{\"@id\":\"https:\\\/\\\/interamerica.org\\\/es\\\/2013\\\/02\\\/republica-dominicana-la-iglesia-inaugura-25-nuevos-templos\\\/\"},\"wordCount\":576,\"image\":{\"@id\":\"https:\\\/\\\/interamerica.org\\\/es\\\/2013\\\/02\\\/republica-dominicana-la-iglesia-inaugura-25-nuevos-templos\\\/#primaryimage\"},\"thumbnailUrl\":\"https:\\\/\\\/interamerica.org\\\/wp-content\\\/uploads\\\/2017\\\/06\\\/iglesiaNagua.jpg\",\"articleSection\":[\"Desde el campo\"],\"inLanguage\":\"es\"},{\"@type\":\"WebPage\",\"@id\":\"https:\\\/\\\/interamerica.org\\\/es\\\/2013\\\/02\\\/republica-dominicana-la-iglesia-inaugura-25-nuevos-templos\\\/\",\"url\":\"https:\\\/\\\/interamerica.org\\\/es\\\/2013\\\/02\\\/republica-dominicana-la-iglesia-inaugura-25-nuevos-templos\\\/\",\"name\":\"Rep\u00fablica Dominicana: La Iglesia inaugura 25 nuevos templos - Iglesia Adventista del S\u00e9ptimo D\u00eda - Divisi\u00f3n Interamericana\",\"isPartOf\":{\"@id\":\"https:\\\/\\\/interamerica.org\\\/es\\\/#website\"},\"primaryImageOfPage\":{\"@id\":\"https:\\\/\\\/interamerica.org\\\/es\\\/2013\\\/02\\\/republica-dominicana-la-iglesia-inaugura-25-nuevos-templos\\\/#primaryimage\"},\"image\":{\"@id\":\"https:\\\/\\\/interamerica.org\\\/es\\\/2013\\\/02\\\/republica-dominicana-la-iglesia-inaugura-25-nuevos-templos\\\/#primaryimage\"},\"thumbnailUrl\":\"https:\\\/\\\/interamerica.org\\\/wp-content\\\/uploads\\\/2017\\\/06\\\/iglesiaNagua.jpg\",\"datePublished\":\"2013-02-19T04:00:00+00:00\",\"author\":{\"@id\":\"https:\\\/\\\/interamerica.org\\\/es\\\/#\\\/schema\\\/person\\\/68ede8bdc292885bb76c1e3810e73c39\"},\"breadcrumb\":{\"@id\":\"https:\\\/\\\/interamerica.org\\\/es\\\/2013\\\/02\\\/republica-dominicana-la-iglesia-inaugura-25-nuevos-templos\\\/#breadcrumb\"},\"inLanguage\":\"es\",\"potentialAction\":[{\"@type\":\"ReadAction\",\"target\":[\"https:\\\/\\\/interamerica.org\\\/es\\\/2013\\\/02\\\/republica-dominicana-la-iglesia-inaugura-25-nuevos-templos\\\/\"]}]},{\"@type\":\"ImageObject\",\"inLanguage\":\"es\",\"@id\":\"https:\\\/\\\/interamerica.org\\\/es\\\/2013\\\/02\\\/republica-dominicana-la-iglesia-inaugura-25-nuevos-templos\\\/#primaryimage\",\"url\":\"https:\\\/\\\/interamerica.org\\\/wp-content\\\/uploads\\\/2017\\\/06\\\/iglesiaNagua.jpg\",\"contentUrl\":\"https:\\\/\\\/interamerica.org\\\/wp-content\\\/uploads\\\/2017\\\/06\\\/iglesiaNagua.jpg\",\"width\":315,\"height\":208},{\"@type\":\"BreadcrumbList\",\"@id\":\"https:\\\/\\\/interamerica.org\\\/es\\\/2013\\\/02\\\/republica-dominicana-la-iglesia-inaugura-25-nuevos-templos\\\/#breadcrumb\",\"itemListElement\":[{\"@type\":\"ListItem\",\"position\":1,\"name\":\"Home\",\"item\":\"https:\\\/\\\/interamerica.org\\\/es\\\/\"},{\"@type\":\"ListItem\",\"position\":2,\"name\":\"Rep\u00fablica Dominicana: La Iglesia inaugura 25 nuevos templos\"}]},{\"@type\":\"WebSite\",\"@id\":\"https:\\\/\\\/interamerica.org\\\/es\\\/#website\",\"url\":\"https:\\\/\\\/interamerica.org\\\/es\\\/\",\"name\":\"Iglesia Adventista del S\u00e9ptimo D\u00eda - Divisi\u00f3n Interamericana\",\"description\":\"\",\"potentialAction\":[{\"@type\":\"SearchAction\",\"target\":{\"@type\":\"EntryPoint\",\"urlTemplate\":\"https:\\\/\\\/interamerica.org\\\/es\\\/?s={search_term_string}\"},\"query-input\":{\"@type\":\"PropertyValueSpecification\",\"valueRequired\":true,\"valueName\":\"search_term_string\"}}],\"inLanguage\":\"es\"},{\"@type\":\"Person\",\"@id\":\"https:\\\/\\\/interamerica.org\\\/es\\\/#\\\/schema\\\/person\\\/68ede8bdc292885bb76c1e3810e73c39\",\"name\":\"Lorenzo Verduzco\",\"image\":{\"@type\":\"ImageObject\",\"inLanguage\":\"es\",\"@id\":\"https:\\\/\\\/secure.gravatar.com\\\/avatar\\\/fb81a55b6218459490a9c1dc841a34909185b81904c5337b4b27f7a6fd60c49e?s=96&d=mm&r=g\",\"url\":\"https:\\\/\\\/secure.gravatar.com\\\/avatar\\\/fb81a55b6218459490a9c1dc841a34909185b81904c5337b4b27f7a6fd60c49e?s=96&d=mm&r=g\",\"contentUrl\":\"https:\\\/\\\/secure.gravatar.com\\\/avatar\\\/fb81a55b6218459490a9c1dc841a34909185b81904c5337b4b27f7a6fd60c49e?s=96&d=mm&r=g\",\"caption\":\"Lorenzo Verduzco\"}}]}<\/script>\n<!-- \/ Yoast SEO plugin. -->","yoast_head_json":{"title":"Rep\u00fablica Dominicana: La Iglesia inaugura 25 nuevos templos - Iglesia Adventista del S\u00e9ptimo D\u00eda - Divisi\u00f3n Interamericana","robots":{"index":"index","follow":"follow","max-snippet":"max-snippet:-1","max-image-preview":"max-image-preview:large","max-video-preview":"max-video-preview:-1"},"canonical":"https:\/\/interamerica.org\/es\/2013\/02\/republica-dominicana-la-iglesia-inaugura-25-nuevos-templos\/","og_locale":"es_ES","og_type":"article","og_title":"Rep\u00fablica Dominicana: La Iglesia inaugura 25 nuevos templos - Iglesia Adventista del S\u00e9ptimo D\u00eda - Divisi\u00f3n Interamericana","og_description":"El mantener en buen estado los templos existentes y construir otros nuevos es uno de los objetivos de los dirigentes de la Iglesia Adventista en la Rep\u00fablica Dominicana, a fin de mantenerse al d\u00eda con las necesidades de una feligres\u00eda que aumenta r\u00e1pidamente.","og_url":"https:\/\/interamerica.org\/es\/2013\/02\/republica-dominicana-la-iglesia-inaugura-25-nuevos-templos\/","og_site_name":"Iglesia Adventista del S\u00e9ptimo D\u00eda - Divisi\u00f3n Interamericana","article_published_time":"2013-02-19T04:00:00+00:00","og_image":[{"width":315,"height":208,"url":"https:\/\/interamerica.org\/wp-content\/uploads\/2017\/06\/iglesiaNagua.jpg","type":"image\/jpeg"}],"author":"Lorenzo Verduzco","twitter_card":"summary_large_image","twitter_misc":{"Escrito por":"Lorenzo Verduzco","Tiempo de lectura":"3 minutos"},"schema":{"@context":"https:\/\/schema.org","@graph":[{"@type":"Article","@id":"https:\/\/interamerica.org\/es\/2013\/02\/republica-dominicana-la-iglesia-inaugura-25-nuevos-templos\/#article","isPartOf":{"@id":"https:\/\/interamerica.org\/es\/2013\/02\/republica-dominicana-la-iglesia-inaugura-25-nuevos-templos\/"},"author":{"name":"Lorenzo Verduzco","@id":"https:\/\/interamerica.org\/es\/#\/schema\/person\/68ede8bdc292885bb76c1e3810e73c39"},"headline":"Rep\u00fablica Dominicana: La Iglesia inaugura 25 nuevos templos","datePublished":"2013-02-19T04:00:00+00:00","mainEntityOfPage":{"@id":"https:\/\/interamerica.org\/es\/2013\/02\/republica-dominicana-la-iglesia-inaugura-25-nuevos-templos\/"},"wordCount":576,"image":{"@id":"https:\/\/interamerica.org\/es\/2013\/02\/republica-dominicana-la-iglesia-inaugura-25-nuevos-templos\/#primaryimage"},"thumbnailUrl":"https:\/\/interamerica.org\/wp-content\/uploads\/2017\/06\/iglesiaNagua.jpg","articleSection":["Desde el campo"],"inLanguage":"es"},{"@type":"WebPage","@id":"https:\/\/interamerica.org\/es\/2013\/02\/republica-dominicana-la-iglesia-inaugura-25-nuevos-templos\/","url":"https:\/\/interamerica.org\/es\/2013\/02\/republica-dominicana-la-iglesia-inaugura-25-nuevos-templos\/","name":"Rep\u00fablica Dominicana: La Iglesia inaugura 25 nuevos templos - Iglesia Adventista del S\u00e9ptimo D\u00eda - Divisi\u00f3n Interamericana","isPartOf":{"@id":"https:\/\/interamerica.org\/es\/#website"},"primaryImageOfPage":{"@id":"https:\/\/interamerica.org\/es\/2013\/02\/republica-dominicana-la-iglesia-inaugura-25-nuevos-templos\/#primaryimage"},"image":{"@id":"https:\/\/interamerica.org\/es\/2013\/02\/republica-dominicana-la-iglesia-inaugura-25-nuevos-templos\/#primaryimage"},"thumbnailUrl":"https:\/\/interamerica.org\/wp-content\/uploads\/2017\/06\/iglesiaNagua.jpg","datePublished":"2013-02-19T04:00:00+00:00","author":{"@id":"https:\/\/interamerica.org\/es\/#\/schema\/person\/68ede8bdc292885bb76c1e3810e73c39"},"breadcrumb":{"@id":"https:\/\/interamerica.org\/es\/2013\/02\/republica-dominicana-la-iglesia-inaugura-25-nuevos-templos\/#breadcrumb"},"inLanguage":"es","potentialAction":[{"@type":"ReadAction","target":["https:\/\/interamerica.org\/es\/2013\/02\/republica-dominicana-la-iglesia-inaugura-25-nuevos-templos\/"]}]},{"@type":"ImageObject","inLanguage":"es","@id":"https:\/\/interamerica.org\/es\/2013\/02\/republica-dominicana-la-iglesia-inaugura-25-nuevos-templos\/#primaryimage","url":"https:\/\/interamerica.org\/wp-content\/uploads\/2017\/06\/iglesiaNagua.jpg","contentUrl":"https:\/\/interamerica.org\/wp-content\/uploads\/2017\/06\/iglesiaNagua.jpg","width":315,"height":208},{"@type":"BreadcrumbList","@id":"https:\/\/interamerica.org\/es\/2013\/02\/republica-dominicana-la-iglesia-inaugura-25-nuevos-templos\/#breadcrumb","itemListElement":[{"@type":"ListItem","position":1,"name":"Home","item":"https:\/\/interamerica.org\/es\/"},{"@type":"ListItem","position":2,"name":"Rep\u00fablica Dominicana: La Iglesia inaugura 25 nuevos templos"}]},{"@type":"WebSite","@id":"https:\/\/interamerica.org\/es\/#website","url":"https:\/\/interamerica.org\/es\/","name":"Iglesia Adventista del S\u00e9ptimo D\u00eda - Divisi\u00f3n Interamericana","description":"","potentialAction":[{"@type":"SearchAction","target":{"@type":"EntryPoint","urlTemplate":"https:\/\/interamerica.org\/es\/?s={search_term_string}"},"query-input":{"@type":"PropertyValueSpecification","valueRequired":true,"valueName":"search_term_string"}}],"inLanguage":"es"},{"@type":"Person","@id":"https:\/\/interamerica.org\/es\/#\/schema\/person\/68ede8bdc292885bb76c1e3810e73c39","name":"Lorenzo Verduzco","image":{"@type":"ImageObject","inLanguage":"es","@id":"https:\/\/secure.gravatar.com\/avatar\/fb81a55b6218459490a9c1dc841a34909185b81904c5337b4b27f7a6fd60c49e?s=96&d=mm&r=g","url":"https:\/\/secure.gravatar.com\/avatar\/fb81a55b6218459490a9c1dc841a34909185b81904c5337b4b27f7a6fd60c49e?s=96&d=mm&r=g","contentUrl":"https:\/\/secure.gravatar.com\/avatar\/fb81a55b6218459490a9c1dc841a34909185b81904c5337b4b27f7a6fd60c49e?s=96&d=mm&r=g","caption":"Lorenzo Verduzco"}}]}},"_links":{"self":[{"href":"https:\/\/interamerica.org\/es\/wp-json\/wp\/v2\/posts\/30162","targetHints":{"allow":["GET"]}}],"collection":[{"href":"https:\/\/interamerica.org\/es\/wp-json\/wp\/v2\/posts"}],"about":[{"href":"https:\/\/interamerica.org\/es\/wp-json\/wp\/v2\/types\/post"}],"author":[{"embeddable":true,"href":"https:\/\/interamerica.org\/es\/wp-json\/wp\/v2\/users\/1"}],"replies":[{"embeddable":true,"href":"https:\/\/interamerica.org\/es\/wp-json\/wp\/v2\/comments?post=30162"}],"version-history":[{"count":0,"href":"https:\/\/interamerica.org\/es\/wp-json\/wp\/v2\/posts\/30162\/revisions"}],"wp:featuredmedia":[{"embeddable":true,"href":"https:\/\/interamerica.org\/es\/wp-json\/wp\/v2\/media\/20947"}],"wp:attachment":[{"href":"https:\/\/interamerica.org\/es\/wp-json\/wp\/v2\/media?parent=30162"}],"wp:term":[{"taxonomy":"category","embeddable":true,"href":"https:\/\/interamerica.org\/es\/wp-json\/wp\/v2\/categories?post=30162"},{"taxonomy":"post_tag","embeddable":true,"href":"https:\/\/interamerica.org\/es\/wp-json\/wp\/v2\/tags?post=30162"}],"curies":[{"name":"wp","href":"https:\/\/api.w.org\/{rel}","templated":true}]}}