{"id":30169,"date":"2013-03-05T00:00:00","date_gmt":"2013-03-05T04:00:00","guid":{"rendered":"http:\/\/192.81.217.108\/interamerica\/2013\/03\/honduras-personal-y-voluntarios-de-hospital-adventista-brindan-atencion-medica\/"},"modified":"2013-03-05T00:00:00","modified_gmt":"2013-03-05T04:00:00","slug":"honduras-personal-y-voluntarios-de-hospital-adventista-brindan-atencion-medica","status":"publish","type":"post","link":"https:\/\/interamerica.org\/es\/2013\/03\/honduras-personal-y-voluntarios-de-hospital-adventista-brindan-atencion-medica\/","title":{"rendered":"Honduras: Personal y voluntarios de hospital adventista brindan atenci\u00f3n m\u00e9dica"},"content":{"rendered":"<p>5 de marzo de 2013 &#8211; Julie Busch, directora regional, relaciones p\u00fablicas, Adventist Midwest Health, desde Hinsdale, Illinois, Estados Unidos<\/p>\n<p>M\u00e1s de treinta personas en representaci\u00f3n de los cuatro hospitales de\u00a0Adventist Midwest Health viajaron a Honduras para brindar atenci\u00f3n y asistencia m\u00e9dica a los residentes de ese pa\u00eds.<\/p>\n<div id=\"attachment_7014\" style=\"width: 310px\" class=\"wp-caption alignleft\"><a href=\"\/interamerica\/wp-content\/uploads\/2017\/06\/2013-1506NewsHonduras2.jpg\" rel=\"fancybox\" title=\"Honduras: Personal y voluntarios de hospital adventista brindan atenci\u00f3n m\u00e9dica\"><img fetchpriority=\"high\" decoding=\"async\" aria-describedby=\"caption-attachment-7014\" class=\"size-medium wp-image-7014\" src=\"\/interamerica\/wp-content\/uploads\/2017\/06\/2013-1506NewsHonduras2-300x182.jpg\" alt=\"\" width=\"300\" height=\"182\" \/><\/a><p id=\"caption-attachment-7014\" class=\"wp-caption-text\">Un grupo de enfermeros y m\u00e9dicos de Adventist Midwest Health, de Hinsdale (Illinois, Estados Unidos), junto con otros voluntarios, esparcieron la salud y la sanidad en Honduras. Im\u00e1genes de Adventist Health<\/p><\/div>\n<p>Los representantes del Hospital Adventista de Bolingbrook, Hospital Adventista de Glen-Oaks, Hospital Adventista de Hinsdale, y el Hospital Adventista de La Grange Memorial trataron a m\u00e1s de 1,200 pacientes de Honduras entre el 20 y el 27 de enero de 2013. El equipo se asoci\u00f3 con el Hospital Adventista Valle de \u00c1ngeles, una instituci\u00f3n sanitaria de treinta camas ubicada en el pueblo de Valle de \u00c1ngeles, a alrededor de una hora de Tegucigalpa, la capital de Honduras. El hospital ha sido uno de los socios globales de Adventist Health International desde 2005.<\/p>\n<p>El grupo estaba compuesta por varios equipos. El equipo cl\u00ednico estaba compuesto por m\u00e9dicos y enfermeros, entre otros, que trataron y escucharon cada una de las preocupaciones de los pacientes. El equipo de farmacia distribuy\u00f3 vitaminas y otras medicaciones entre los pacientes. El equipo ministerial \u00abKid&#8217;s Camp\u00bb se ocup\u00f3 de los ni\u00f1os, que estaban de vacaciones de verano, dedic\u00e1ndose a entretenerlos con actividades como la pintura de las u\u00f1as y aplic\u00e1ndoles tatuajes que dec\u00edan \u00abJes\u00fas me ama\u00bb. El equipo distribuy\u00f3 l\u00e1pices de colores y p\u00e1ginas para colorear, cuerdas para saltar y yoy\u00f3s, y ayud\u00f3 a los ni\u00f1os a armar rompecabezas.<\/p>\n<div id=\"attachment_7015\" style=\"width: 310px\" class=\"wp-caption alignright\"><a href=\"\/interamerica\/wp-content\/uploads\/2017\/06\/2013-1506NewsHonduras1.jpg\" rel=\"fancybox\" title=\"Honduras: Personal y voluntarios de hospital adventista brindan atenci\u00f3n m\u00e9dica\"><img decoding=\"async\" aria-describedby=\"caption-attachment-7015\" class=\"size-medium wp-image-7015\" src=\"\/interamerica\/wp-content\/uploads\/2017\/06\/2013-1506NewsHonduras1-300x285.jpg\" alt=\"\" width=\"300\" height=\"285\" \/><\/a><p id=\"caption-attachment-7015\" class=\"wp-caption-text\">Jennifer Orde, una de las integrantes del equipo, venda el pie de una paciente para proteger sus \u00falceras cut\u00e1neas para que no se infecten.<\/p><\/div>\n<p>Dos de los m\u00e9dicos del equipo &#8211;el Dr. Ted Suchy, un cirujano ortop\u00e9dico, y el Dr. Lanny Wilson, un obstetra-ginec\u00f3logo&#8211; lograron llevar a cabo cirug\u00edas en el hospital. Wilson dijo que sinti\u00f3 la presencia de Dios justo antes de comenzar la primera cirug\u00eda. En los Estados Unidos, los m\u00e9dicos y sus asistentes comienzan el procedimiento con un minuto especial en el que el equipo verifica el apciente y el procedimiento que est\u00e1n a punto de llevar a cabo.<\/p>\n<p>En Honduras, sin embargo, Wilson descubri\u00f3 que el equipo comenzaba con una oraci\u00f3n, y que en la oraci\u00f3n pidieron a Dios que estuviera con Wilson para que pudiera ayudar a la paciente, para que ella se pudiera recuperar plenamente. \u00abPude sentir el poder de la oraci\u00f3n, y pude relajarme para llevar a cabo el procedimiento de mejor manera\u00bb, dijo. \u00abDios estaba de nuestro lado. Sent\u00ed que no est\u00e1bamos all\u00ed tan solo por nuestra cuenta\u00bb.<\/p>\n<p>Cierto d\u00eda, mientras el equipo preparaba la cl\u00ednica, Sharon Bowers se dirigi\u00f3 hasta donde estaban los representantes de la iglesia adventista local y les dijo que si encontraban alguna persona que tuviera necesidades espirituales, ten\u00edan que venir a buscarla, y que ella se encargar\u00eda de orar por esa persona.<\/p>\n<p>\u00abNo hab\u00edan pasado dos minutos que alguien me toc\u00f3 en el hombro\u00bb, dijo Bowers. \u00abCada vez que estaba tomando la presi\u00f3n sangu\u00ednea de una persona, llegaba alguien a buscarme\u00bb. As\u00ed fue que Bowers comenz\u00f3 a pedirle a la gente que se sentara all\u00ed donde ella estaba trabajando. \u00ab\u00bfNecesita que oremos por usted?\u00bb<\/p>\n<div id=\"attachment_7016\" style=\"width: 310px\" class=\"wp-caption alignright\"><a href=\"\/interamerica\/wp-content\/uploads\/2017\/06\/2013-1506NewsHonduras3.jpg\" rel=\"fancybox\" title=\"Honduras: Personal y voluntarios de hospital adventista brindan atenci\u00f3n m\u00e9dica\"><img decoding=\"async\" aria-describedby=\"caption-attachment-7016\" class=\"size-medium wp-image-7016\" src=\"\/interamerica\/wp-content\/uploads\/2017\/06\/2013-1506NewsHonduras3-300x199.jpg\" alt=\"\" width=\"300\" height=\"199\" \/><\/a><p id=\"caption-attachment-7016\" class=\"wp-caption-text\">El equipo misionero distribuy\u00f3 botellas de vitaminas a los ni\u00f1os del orfanato local.<\/p><\/div>\n<p>\u201cAbsolutamente todas las personas dijeron que s\u00ed\u00bb, cuenta ella. \u00abAs\u00ed fue que despu\u00e9s del almuerzo, a\u00f1adimos la pregunta: &#8216;\u00bfQuiere que oremos por usted?&#8217; al final de la hoja de diagn\u00f3stico inicial. El Esp\u00edritu estaba actuando y gui\u00e1ndonos\u00bb.<\/p>\n<p>Adventist Midwest Health ha tomado parte en un viaje misionero anual desde 2006, yendo a lugares como Costa Rica, Ecuador, Ghana y Honduras.<\/p>\n<p>\u00abEstos viajes misioneros brindan la ayuda que tanto necesita la gente y nos permite extender el ministerio de sanidad de Cristo a otros pa\u00edses\u00bb, dijo John Rapp, vicepresidente de ministerios y misi\u00f3n de Adventist Midwest Health. \u201cNada de eso ser\u00eda posible sin la dedicaci\u00f3n y el compromiso de la gente que se ofrece cada a\u00f1o para colaborar como voluntarios\u00bb.<\/p>\n<p><em>Traducci\u00f3n de Marcos Paseggi<\/em><\/p>\n","protected":false},"excerpt":{"rendered":"<p>M\u00e1s de treinta personas en representaci\u00f3n de los cuatro hospitales de Adventist Midwest Health viajaron a Honduras para brindar atenci\u00f3n y asistencia m\u00e9dica a los residentes de ese pa\u00eds.<\/p>\n","protected":false},"author":1,"featured_media":20981,"comment_status":"closed","ping_status":"closed","sticky":false,"template":"","format":"standard","meta":{"_acf_changed":false,"footnotes":""},"categories":[14],"tags":[],"class_list":["post-30169","post","type-post","status-publish","format-standard","has-post-thumbnail","hentry","category-de-la-iglesia-mundial"],"acf":[],"yoast_head":"<!-- This site is optimized with the Yoast SEO plugin v27.3 - https:\/\/yoast.com\/product\/yoast-seo-wordpress\/ -->\n<title>Honduras: Personal y voluntarios de hospital adventista brindan atenci\u00f3n m\u00e9dica - Iglesia Adventista del S\u00e9ptimo D\u00eda - Divisi\u00f3n Interamericana<\/title>\n<meta name=\"robots\" content=\"index, follow, max-snippet:-1, max-image-preview:large, max-video-preview:-1\" \/>\n<link rel=\"canonical\" href=\"https:\/\/interamerica.org\/es\/2013\/03\/honduras-personal-y-voluntarios-de-hospital-adventista-brindan-atencion-medica\/\" \/>\n<meta property=\"og:locale\" content=\"es_ES\" \/>\n<meta property=\"og:type\" content=\"article\" \/>\n<meta property=\"og:title\" content=\"Honduras: Personal y voluntarios de hospital adventista brindan atenci\u00f3n m\u00e9dica - Iglesia Adventista del S\u00e9ptimo D\u00eda - Divisi\u00f3n Interamericana\" \/>\n<meta property=\"og:description\" content=\"M\u00e1s de treinta personas en representaci\u00f3n de los cuatro hospitales de Adventist Midwest Health viajaron a Honduras para brindar atenci\u00f3n y asistencia m\u00e9dica a los residentes de ese pa\u00eds.\" \/>\n<meta property=\"og:url\" content=\"https:\/\/interamerica.org\/es\/2013\/03\/honduras-personal-y-voluntarios-de-hospital-adventista-brindan-atencion-medica\/\" \/>\n<meta property=\"og:site_name\" content=\"Iglesia Adventista del S\u00e9ptimo D\u00eda - Divisi\u00f3n Interamericana\" \/>\n<meta property=\"article:published_time\" content=\"2013-03-05T04:00:00+00:00\" \/>\n<meta property=\"og:image\" content=\"https:\/\/interamerica.org\/wp-content\/uploads\/2017\/06\/2013-1506NewsHonduras2.jpg\" \/>\n\t<meta property=\"og:image:width\" content=\"315\" \/>\n\t<meta property=\"og:image:height\" content=\"192\" \/>\n\t<meta property=\"og:image:type\" content=\"image\/jpeg\" \/>\n<meta name=\"author\" content=\"Lorenzo Verduzco\" \/>\n<meta name=\"twitter:card\" content=\"summary_large_image\" \/>\n<meta name=\"twitter:label1\" content=\"Escrito por\" \/>\n\t<meta name=\"twitter:data1\" content=\"Lorenzo Verduzco\" \/>\n\t<meta name=\"twitter:label2\" content=\"Tiempo de lectura\" \/>\n\t<meta name=\"twitter:data2\" content=\"4 minutos\" \/>\n<script type=\"application\/ld+json\" class=\"yoast-schema-graph\">{\"@context\":\"https:\\\/\\\/schema.org\",\"@graph\":[{\"@type\":\"Article\",\"@id\":\"https:\\\/\\\/interamerica.org\\\/es\\\/2013\\\/03\\\/honduras-personal-y-voluntarios-de-hospital-adventista-brindan-atencion-medica\\\/#article\",\"isPartOf\":{\"@id\":\"https:\\\/\\\/interamerica.org\\\/es\\\/2013\\\/03\\\/honduras-personal-y-voluntarios-de-hospital-adventista-brindan-atencion-medica\\\/\"},\"author\":{\"name\":\"Lorenzo Verduzco\",\"@id\":\"https:\\\/\\\/interamerica.org\\\/es\\\/#\\\/schema\\\/person\\\/68ede8bdc292885bb76c1e3810e73c39\"},\"headline\":\"Honduras: Personal y voluntarios de hospital adventista brindan atenci\u00f3n m\u00e9dica\",\"datePublished\":\"2013-03-05T04:00:00+00:00\",\"mainEntityOfPage\":{\"@id\":\"https:\\\/\\\/interamerica.org\\\/es\\\/2013\\\/03\\\/honduras-personal-y-voluntarios-de-hospital-adventista-brindan-atencion-medica\\\/\"},\"wordCount\":764,\"image\":{\"@id\":\"https:\\\/\\\/interamerica.org\\\/es\\\/2013\\\/03\\\/honduras-personal-y-voluntarios-de-hospital-adventista-brindan-atencion-medica\\\/#primaryimage\"},\"thumbnailUrl\":\"https:\\\/\\\/interamerica.org\\\/wp-content\\\/uploads\\\/2017\\\/06\\\/2013-1506NewsHonduras2.jpg\",\"articleSection\":[\"Desde la iglesia mundial\"],\"inLanguage\":\"es\"},{\"@type\":\"WebPage\",\"@id\":\"https:\\\/\\\/interamerica.org\\\/es\\\/2013\\\/03\\\/honduras-personal-y-voluntarios-de-hospital-adventista-brindan-atencion-medica\\\/\",\"url\":\"https:\\\/\\\/interamerica.org\\\/es\\\/2013\\\/03\\\/honduras-personal-y-voluntarios-de-hospital-adventista-brindan-atencion-medica\\\/\",\"name\":\"Honduras: Personal y voluntarios de hospital adventista brindan atenci\u00f3n m\u00e9dica - Iglesia Adventista del S\u00e9ptimo D\u00eda - Divisi\u00f3n Interamericana\",\"isPartOf\":{\"@id\":\"https:\\\/\\\/interamerica.org\\\/es\\\/#website\"},\"primaryImageOfPage\":{\"@id\":\"https:\\\/\\\/interamerica.org\\\/es\\\/2013\\\/03\\\/honduras-personal-y-voluntarios-de-hospital-adventista-brindan-atencion-medica\\\/#primaryimage\"},\"image\":{\"@id\":\"https:\\\/\\\/interamerica.org\\\/es\\\/2013\\\/03\\\/honduras-personal-y-voluntarios-de-hospital-adventista-brindan-atencion-medica\\\/#primaryimage\"},\"thumbnailUrl\":\"https:\\\/\\\/interamerica.org\\\/wp-content\\\/uploads\\\/2017\\\/06\\\/2013-1506NewsHonduras2.jpg\",\"datePublished\":\"2013-03-05T04:00:00+00:00\",\"author\":{\"@id\":\"https:\\\/\\\/interamerica.org\\\/es\\\/#\\\/schema\\\/person\\\/68ede8bdc292885bb76c1e3810e73c39\"},\"breadcrumb\":{\"@id\":\"https:\\\/\\\/interamerica.org\\\/es\\\/2013\\\/03\\\/honduras-personal-y-voluntarios-de-hospital-adventista-brindan-atencion-medica\\\/#breadcrumb\"},\"inLanguage\":\"es\",\"potentialAction\":[{\"@type\":\"ReadAction\",\"target\":[\"https:\\\/\\\/interamerica.org\\\/es\\\/2013\\\/03\\\/honduras-personal-y-voluntarios-de-hospital-adventista-brindan-atencion-medica\\\/\"]}]},{\"@type\":\"ImageObject\",\"inLanguage\":\"es\",\"@id\":\"https:\\\/\\\/interamerica.org\\\/es\\\/2013\\\/03\\\/honduras-personal-y-voluntarios-de-hospital-adventista-brindan-atencion-medica\\\/#primaryimage\",\"url\":\"https:\\\/\\\/interamerica.org\\\/wp-content\\\/uploads\\\/2017\\\/06\\\/2013-1506NewsHonduras2.jpg\",\"contentUrl\":\"https:\\\/\\\/interamerica.org\\\/wp-content\\\/uploads\\\/2017\\\/06\\\/2013-1506NewsHonduras2.jpg\",\"width\":315,\"height\":192},{\"@type\":\"BreadcrumbList\",\"@id\":\"https:\\\/\\\/interamerica.org\\\/es\\\/2013\\\/03\\\/honduras-personal-y-voluntarios-de-hospital-adventista-brindan-atencion-medica\\\/#breadcrumb\",\"itemListElement\":[{\"@type\":\"ListItem\",\"position\":1,\"name\":\"Home\",\"item\":\"https:\\\/\\\/interamerica.org\\\/es\\\/\"},{\"@type\":\"ListItem\",\"position\":2,\"name\":\"Honduras: Personal y voluntarios de hospital adventista brindan atenci\u00f3n m\u00e9dica\"}]},{\"@type\":\"WebSite\",\"@id\":\"https:\\\/\\\/interamerica.org\\\/es\\\/#website\",\"url\":\"https:\\\/\\\/interamerica.org\\\/es\\\/\",\"name\":\"Iglesia Adventista del S\u00e9ptimo D\u00eda - Divisi\u00f3n Interamericana\",\"description\":\"\",\"potentialAction\":[{\"@type\":\"SearchAction\",\"target\":{\"@type\":\"EntryPoint\",\"urlTemplate\":\"https:\\\/\\\/interamerica.org\\\/es\\\/?s={search_term_string}\"},\"query-input\":{\"@type\":\"PropertyValueSpecification\",\"valueRequired\":true,\"valueName\":\"search_term_string\"}}],\"inLanguage\":\"es\"},{\"@type\":\"Person\",\"@id\":\"https:\\\/\\\/interamerica.org\\\/es\\\/#\\\/schema\\\/person\\\/68ede8bdc292885bb76c1e3810e73c39\",\"name\":\"Lorenzo Verduzco\",\"image\":{\"@type\":\"ImageObject\",\"inLanguage\":\"es\",\"@id\":\"https:\\\/\\\/secure.gravatar.com\\\/avatar\\\/fb81a55b6218459490a9c1dc841a34909185b81904c5337b4b27f7a6fd60c49e?s=96&d=mm&r=g\",\"url\":\"https:\\\/\\\/secure.gravatar.com\\\/avatar\\\/fb81a55b6218459490a9c1dc841a34909185b81904c5337b4b27f7a6fd60c49e?s=96&d=mm&r=g\",\"contentUrl\":\"https:\\\/\\\/secure.gravatar.com\\\/avatar\\\/fb81a55b6218459490a9c1dc841a34909185b81904c5337b4b27f7a6fd60c49e?s=96&d=mm&r=g\",\"caption\":\"Lorenzo Verduzco\"}}]}<\/script>\n<!-- \/ Yoast SEO plugin. -->","yoast_head_json":{"title":"Honduras: Personal y voluntarios de hospital adventista brindan atenci\u00f3n m\u00e9dica - Iglesia Adventista del S\u00e9ptimo D\u00eda - Divisi\u00f3n Interamericana","robots":{"index":"index","follow":"follow","max-snippet":"max-snippet:-1","max-image-preview":"max-image-preview:large","max-video-preview":"max-video-preview:-1"},"canonical":"https:\/\/interamerica.org\/es\/2013\/03\/honduras-personal-y-voluntarios-de-hospital-adventista-brindan-atencion-medica\/","og_locale":"es_ES","og_type":"article","og_title":"Honduras: Personal y voluntarios de hospital adventista brindan atenci\u00f3n m\u00e9dica - Iglesia Adventista del S\u00e9ptimo D\u00eda - Divisi\u00f3n Interamericana","og_description":"M\u00e1s de treinta personas en representaci\u00f3n de los cuatro hospitales de Adventist Midwest Health viajaron a Honduras para brindar atenci\u00f3n y asistencia m\u00e9dica a los residentes de ese pa\u00eds.","og_url":"https:\/\/interamerica.org\/es\/2013\/03\/honduras-personal-y-voluntarios-de-hospital-adventista-brindan-atencion-medica\/","og_site_name":"Iglesia Adventista del S\u00e9ptimo D\u00eda - Divisi\u00f3n Interamericana","article_published_time":"2013-03-05T04:00:00+00:00","og_image":[{"width":315,"height":192,"url":"https:\/\/interamerica.org\/wp-content\/uploads\/2017\/06\/2013-1506NewsHonduras2.jpg","type":"image\/jpeg"}],"author":"Lorenzo Verduzco","twitter_card":"summary_large_image","twitter_misc":{"Escrito por":"Lorenzo Verduzco","Tiempo de lectura":"4 minutos"},"schema":{"@context":"https:\/\/schema.org","@graph":[{"@type":"Article","@id":"https:\/\/interamerica.org\/es\/2013\/03\/honduras-personal-y-voluntarios-de-hospital-adventista-brindan-atencion-medica\/#article","isPartOf":{"@id":"https:\/\/interamerica.org\/es\/2013\/03\/honduras-personal-y-voluntarios-de-hospital-adventista-brindan-atencion-medica\/"},"author":{"name":"Lorenzo Verduzco","@id":"https:\/\/interamerica.org\/es\/#\/schema\/person\/68ede8bdc292885bb76c1e3810e73c39"},"headline":"Honduras: Personal y voluntarios de hospital adventista brindan atenci\u00f3n m\u00e9dica","datePublished":"2013-03-05T04:00:00+00:00","mainEntityOfPage":{"@id":"https:\/\/interamerica.org\/es\/2013\/03\/honduras-personal-y-voluntarios-de-hospital-adventista-brindan-atencion-medica\/"},"wordCount":764,"image":{"@id":"https:\/\/interamerica.org\/es\/2013\/03\/honduras-personal-y-voluntarios-de-hospital-adventista-brindan-atencion-medica\/#primaryimage"},"thumbnailUrl":"https:\/\/interamerica.org\/wp-content\/uploads\/2017\/06\/2013-1506NewsHonduras2.jpg","articleSection":["Desde la iglesia mundial"],"inLanguage":"es"},{"@type":"WebPage","@id":"https:\/\/interamerica.org\/es\/2013\/03\/honduras-personal-y-voluntarios-de-hospital-adventista-brindan-atencion-medica\/","url":"https:\/\/interamerica.org\/es\/2013\/03\/honduras-personal-y-voluntarios-de-hospital-adventista-brindan-atencion-medica\/","name":"Honduras: Personal y voluntarios de hospital adventista brindan atenci\u00f3n m\u00e9dica - Iglesia Adventista del S\u00e9ptimo D\u00eda - Divisi\u00f3n Interamericana","isPartOf":{"@id":"https:\/\/interamerica.org\/es\/#website"},"primaryImageOfPage":{"@id":"https:\/\/interamerica.org\/es\/2013\/03\/honduras-personal-y-voluntarios-de-hospital-adventista-brindan-atencion-medica\/#primaryimage"},"image":{"@id":"https:\/\/interamerica.org\/es\/2013\/03\/honduras-personal-y-voluntarios-de-hospital-adventista-brindan-atencion-medica\/#primaryimage"},"thumbnailUrl":"https:\/\/interamerica.org\/wp-content\/uploads\/2017\/06\/2013-1506NewsHonduras2.jpg","datePublished":"2013-03-05T04:00:00+00:00","author":{"@id":"https:\/\/interamerica.org\/es\/#\/schema\/person\/68ede8bdc292885bb76c1e3810e73c39"},"breadcrumb":{"@id":"https:\/\/interamerica.org\/es\/2013\/03\/honduras-personal-y-voluntarios-de-hospital-adventista-brindan-atencion-medica\/#breadcrumb"},"inLanguage":"es","potentialAction":[{"@type":"ReadAction","target":["https:\/\/interamerica.org\/es\/2013\/03\/honduras-personal-y-voluntarios-de-hospital-adventista-brindan-atencion-medica\/"]}]},{"@type":"ImageObject","inLanguage":"es","@id":"https:\/\/interamerica.org\/es\/2013\/03\/honduras-personal-y-voluntarios-de-hospital-adventista-brindan-atencion-medica\/#primaryimage","url":"https:\/\/interamerica.org\/wp-content\/uploads\/2017\/06\/2013-1506NewsHonduras2.jpg","contentUrl":"https:\/\/interamerica.org\/wp-content\/uploads\/2017\/06\/2013-1506NewsHonduras2.jpg","width":315,"height":192},{"@type":"BreadcrumbList","@id":"https:\/\/interamerica.org\/es\/2013\/03\/honduras-personal-y-voluntarios-de-hospital-adventista-brindan-atencion-medica\/#breadcrumb","itemListElement":[{"@type":"ListItem","position":1,"name":"Home","item":"https:\/\/interamerica.org\/es\/"},{"@type":"ListItem","position":2,"name":"Honduras: Personal y voluntarios de hospital adventista brindan atenci\u00f3n m\u00e9dica"}]},{"@type":"WebSite","@id":"https:\/\/interamerica.org\/es\/#website","url":"https:\/\/interamerica.org\/es\/","name":"Iglesia Adventista del S\u00e9ptimo D\u00eda - Divisi\u00f3n Interamericana","description":"","potentialAction":[{"@type":"SearchAction","target":{"@type":"EntryPoint","urlTemplate":"https:\/\/interamerica.org\/es\/?s={search_term_string}"},"query-input":{"@type":"PropertyValueSpecification","valueRequired":true,"valueName":"search_term_string"}}],"inLanguage":"es"},{"@type":"Person","@id":"https:\/\/interamerica.org\/es\/#\/schema\/person\/68ede8bdc292885bb76c1e3810e73c39","name":"Lorenzo Verduzco","image":{"@type":"ImageObject","inLanguage":"es","@id":"https:\/\/secure.gravatar.com\/avatar\/fb81a55b6218459490a9c1dc841a34909185b81904c5337b4b27f7a6fd60c49e?s=96&d=mm&r=g","url":"https:\/\/secure.gravatar.com\/avatar\/fb81a55b6218459490a9c1dc841a34909185b81904c5337b4b27f7a6fd60c49e?s=96&d=mm&r=g","contentUrl":"https:\/\/secure.gravatar.com\/avatar\/fb81a55b6218459490a9c1dc841a34909185b81904c5337b4b27f7a6fd60c49e?s=96&d=mm&r=g","caption":"Lorenzo Verduzco"}}]}},"_links":{"self":[{"href":"https:\/\/interamerica.org\/es\/wp-json\/wp\/v2\/posts\/30169","targetHints":{"allow":["GET"]}}],"collection":[{"href":"https:\/\/interamerica.org\/es\/wp-json\/wp\/v2\/posts"}],"about":[{"href":"https:\/\/interamerica.org\/es\/wp-json\/wp\/v2\/types\/post"}],"author":[{"embeddable":true,"href":"https:\/\/interamerica.org\/es\/wp-json\/wp\/v2\/users\/1"}],"replies":[{"embeddable":true,"href":"https:\/\/interamerica.org\/es\/wp-json\/wp\/v2\/comments?post=30169"}],"version-history":[{"count":0,"href":"https:\/\/interamerica.org\/es\/wp-json\/wp\/v2\/posts\/30169\/revisions"}],"wp:featuredmedia":[{"embeddable":true,"href":"https:\/\/interamerica.org\/es\/wp-json\/wp\/v2\/media\/20981"}],"wp:attachment":[{"href":"https:\/\/interamerica.org\/es\/wp-json\/wp\/v2\/media?parent=30169"}],"wp:term":[{"taxonomy":"category","embeddable":true,"href":"https:\/\/interamerica.org\/es\/wp-json\/wp\/v2\/categories?post=30169"},{"taxonomy":"post_tag","embeddable":true,"href":"https:\/\/interamerica.org\/es\/wp-json\/wp\/v2\/tags?post=30169"}],"curies":[{"name":"wp","href":"https:\/\/api.w.org\/{rel}","templated":true}]}}