{"id":30170,"date":"2013-03-05T00:00:00","date_gmt":"2013-03-05T04:00:00","guid":{"rendered":"http:\/\/192.81.217.108\/interamerica\/2013\/03\/la-universidad-de-la-sierra-recibe-premio-presidencial-al-servicio\/"},"modified":"2013-03-05T00:00:00","modified_gmt":"2013-03-05T04:00:00","slug":"la-universidad-de-la-sierra-recibe-premio-presidencial-al-servicio","status":"publish","type":"post","link":"https:\/\/interamerica.org\/es\/2013\/03\/la-universidad-de-la-sierra-recibe-premio-presidencial-al-servicio\/","title":{"rendered":"La Universidad de La Sierra recibe premio presidencial al servicio"},"content":{"rendered":"<p>5 de marzo de 2013 Silver Spring, Maryland, Estados Unidos ANN<\/p>\n<p>La Universidad de La Sierra fue una de las cinco instituciones educativas que recibi\u00f3 el Premio Presidencial de la Lista de Honor al Servicio Comunitario en Educaci\u00f3n Superior del Presidente 2013, el m\u00e1s alto honor que puede recibir un colegio superior o universidad de los Estados Unidos por su compromiso con el trabajo voluntario, el aprendizaje del servicio y la participaci\u00f3n c\u00edvica.<\/p>\n<p>La Sierra, una universidad adventista de Riverside (California, Estados Unidos), recibi\u00f3 este reconocimiento por sus esfuerzos por mejorar los resultados educacionales y de desarrollo de los ni\u00f1os de regiones problem\u00e1ticas.<\/p>\n<div id=\"attachment_7034\" style=\"width: 310px\" class=\"wp-caption alignleft\"><a href=\"\/interamerica\/wp-content\/uploads\/2017\/06\/la-sierra-1-web-315x237.jpg\" rel=\"fancybox\" title=\"La Universidad de La Sierra recibe premio presidencial al servicio\"><img fetchpriority=\"high\" decoding=\"async\" aria-describedby=\"caption-attachment-7034\" class=\"size-medium wp-image-7034\" src=\"\/interamerica\/wp-content\/uploads\/2017\/06\/la-sierra-1-web-315x237-300x224.jpg\" alt=\"\" width=\"300\" height=\"224\" \/><\/a><p id=\"caption-attachment-7034\" class=\"wp-caption-text\">Randal Wisbey, rector de la Universidad de La Sierra (centro), recibi\u00f3 ayer el Premio Presidencial 2013 de parte de Wendy Spencer, gerente general de la Corporaci\u00f3n para el Servicio Nacional y Comunitario, y de Jonathan Greenblatt, asistente especial de Barack Obama, presidente de los Estados Unidos. Imagen por cortes\u00eda de La Sierra<\/p><\/div>\n<p>En una ceremonia llevada a cabo en Washington D.C. en el d\u00eda de ayer, Randal Wisbey, rector de La Sierra, recibi\u00f3 el Premio Presidencial 2013 de manos de la Corporaci\u00f3n para el Servicio Nacional y Comunitario (CNCS), durante el encuentro anual del Concilio Estadounidense de Educaci\u00f3n.<\/p>\n<p>\u201cEl servicio a los dem\u00e1s es un elemento clave de la misi\u00f3n de La Sierra, y constituye un indicador del ambiente cristiano que motiva nuestra tarea como comunidad de aprendizaje\u201d, dijo Wisbey. \u201cMe siento humilde al ver la manera en que los estudiantes, el personal docente y no docente viven cada d\u00eda en la pr\u00e1ctica este valor por medio de sus esfuerzos comunitarios formales e informales que buscan ayudar a las personas en forma local y mundial\u201d.<\/p>\n<p>El premio fue entregado por Jonathan Greenblatt, asistente especial del presidente Barack Obama, y por Wendy Spencer, gerente general de la CNCS.<\/p>\n<p>Los proyectos en los Vecindarios Prometedores de la La Sierra incluyeron actividades como tutores y mentores de estudiantes de escuelas primarias, recolecci\u00f3n de fondos para programas extracurriculares del distrito local de escuelas p\u00fablicas, y experiencias interactivas de aprendizaje creadas por los estudiantes de biolog\u00eda y comunicaciones en el museo de historia natural de la universidad.<\/p>\n<p>El total de horas de servicio, que incluye todo el servicio en el campus y las misiones en el extranjero, culmin\u00f3 con un total de 1 900 alumnos que sumaron un total de casi 85 mil horas. Solo en las clases de Aprendizaje en el Servicio, unos novecientos estudiantes de La Sierra brindaron m\u00e1s de 14 mil horas de servicio.<\/p>\n<p>Los otros cuatro ganadores del Premio Presidencial 2013 fueron el Colegio Superior Perimeter, de Georgia; el Colegio Superior Gettysburg, de Pennsylvania; la Universidad de Connecticut; y el Colegio Superior Nazareth, de Nueva York. Un total de 690 instituciones de educaci\u00f3n superior fueron nombradas este a\u00f1o en la lista de honor de la organizaci\u00f3n.<\/p>\n<p>La CNCS es una agencia federal independiente que ha administrado el premio desde 2006 y lo hace en colaboraci\u00f3n con el Ministerio de Educaci\u00f3n de los Estados Unidos, el Ministerio de Vivienda y Desarrollo Urbano, y el Concilio Estadounidense sobre Educaci\u00f3n e Instituciones Educativas.<\/p>\n<p><em>Traducci\u00f3n de Marcos Paseggi<\/em><\/p>\n","protected":false},"excerpt":{"rendered":"<p>La Universidad de La Sierra fue una de las cinco instituciones educativas que recibi\u00f3 el Premio Presidencial de la Lista de Honor al Servicio Comunitario en Educaci\u00f3n Superior del Presidente 2013, el m\u00e1s alto honor que puede recibir un colegio superior o universidad&#8230;<\/p>\n","protected":false},"author":1,"featured_media":20991,"comment_status":"closed","ping_status":"closed","sticky":false,"template":"","format":"standard","meta":{"_acf_changed":false,"footnotes":""},"categories":[14],"tags":[],"class_list":["post-30170","post","type-post","status-publish","format-standard","has-post-thumbnail","hentry","category-de-la-iglesia-mundial"],"acf":[],"yoast_head":"<!-- This site is optimized with the Yoast SEO plugin v27.3 - https:\/\/yoast.com\/product\/yoast-seo-wordpress\/ -->\n<title>La Universidad de La Sierra recibe premio presidencial al servicio - Iglesia Adventista del S\u00e9ptimo D\u00eda - Divisi\u00f3n Interamericana<\/title>\n<meta name=\"robots\" content=\"index, follow, max-snippet:-1, max-image-preview:large, max-video-preview:-1\" \/>\n<link rel=\"canonical\" href=\"https:\/\/interamerica.org\/es\/2013\/03\/la-universidad-de-la-sierra-recibe-premio-presidencial-al-servicio\/\" \/>\n<meta property=\"og:locale\" content=\"es_ES\" \/>\n<meta property=\"og:type\" content=\"article\" \/>\n<meta property=\"og:title\" content=\"La Universidad de La Sierra recibe premio presidencial al servicio - Iglesia Adventista del S\u00e9ptimo D\u00eda - Divisi\u00f3n Interamericana\" \/>\n<meta property=\"og:description\" content=\"La Universidad de La Sierra fue una de las cinco instituciones educativas que recibi\u00f3 el Premio Presidencial de la Lista de Honor al Servicio Comunitario en Educaci\u00f3n Superior del Presidente 2013, el m\u00e1s alto honor que puede recibir un colegio superior o universidad...\" \/>\n<meta property=\"og:url\" content=\"https:\/\/interamerica.org\/es\/2013\/03\/la-universidad-de-la-sierra-recibe-premio-presidencial-al-servicio\/\" \/>\n<meta property=\"og:site_name\" content=\"Iglesia Adventista del S\u00e9ptimo D\u00eda - Divisi\u00f3n Interamericana\" \/>\n<meta property=\"article:published_time\" content=\"2013-03-05T04:00:00+00:00\" \/>\n<meta property=\"og:image\" content=\"https:\/\/interamerica.org\/wp-content\/uploads\/2017\/06\/la-sierra-1-web-315x237.jpg\" \/>\n\t<meta property=\"og:image:width\" content=\"315\" \/>\n\t<meta property=\"og:image:height\" content=\"236\" \/>\n\t<meta property=\"og:image:type\" content=\"image\/jpeg\" \/>\n<meta name=\"author\" content=\"Lorenzo Verduzco\" \/>\n<meta name=\"twitter:card\" content=\"summary_large_image\" \/>\n<meta name=\"twitter:label1\" content=\"Escrito por\" \/>\n\t<meta name=\"twitter:data1\" content=\"Lorenzo Verduzco\" \/>\n\t<meta name=\"twitter:label2\" content=\"Tiempo de lectura\" \/>\n\t<meta name=\"twitter:data2\" content=\"3 minutos\" \/>\n<script type=\"application\/ld+json\" class=\"yoast-schema-graph\">{\"@context\":\"https:\\\/\\\/schema.org\",\"@graph\":[{\"@type\":\"Article\",\"@id\":\"https:\\\/\\\/interamerica.org\\\/es\\\/2013\\\/03\\\/la-universidad-de-la-sierra-recibe-premio-presidencial-al-servicio\\\/#article\",\"isPartOf\":{\"@id\":\"https:\\\/\\\/interamerica.org\\\/es\\\/2013\\\/03\\\/la-universidad-de-la-sierra-recibe-premio-presidencial-al-servicio\\\/\"},\"author\":{\"name\":\"Lorenzo Verduzco\",\"@id\":\"https:\\\/\\\/interamerica.org\\\/es\\\/#\\\/schema\\\/person\\\/68ede8bdc292885bb76c1e3810e73c39\"},\"headline\":\"La Universidad de La Sierra recibe premio presidencial al servicio\",\"datePublished\":\"2013-03-05T04:00:00+00:00\",\"mainEntityOfPage\":{\"@id\":\"https:\\\/\\\/interamerica.org\\\/es\\\/2013\\\/03\\\/la-universidad-de-la-sierra-recibe-premio-presidencial-al-servicio\\\/\"},\"wordCount\":548,\"image\":{\"@id\":\"https:\\\/\\\/interamerica.org\\\/es\\\/2013\\\/03\\\/la-universidad-de-la-sierra-recibe-premio-presidencial-al-servicio\\\/#primaryimage\"},\"thumbnailUrl\":\"https:\\\/\\\/interamerica.org\\\/wp-content\\\/uploads\\\/2017\\\/06\\\/la-sierra-1-web-315x237.jpg\",\"articleSection\":[\"Desde la iglesia mundial\"],\"inLanguage\":\"es\"},{\"@type\":\"WebPage\",\"@id\":\"https:\\\/\\\/interamerica.org\\\/es\\\/2013\\\/03\\\/la-universidad-de-la-sierra-recibe-premio-presidencial-al-servicio\\\/\",\"url\":\"https:\\\/\\\/interamerica.org\\\/es\\\/2013\\\/03\\\/la-universidad-de-la-sierra-recibe-premio-presidencial-al-servicio\\\/\",\"name\":\"La Universidad de La Sierra recibe premio presidencial al servicio - Iglesia Adventista del S\u00e9ptimo D\u00eda - Divisi\u00f3n Interamericana\",\"isPartOf\":{\"@id\":\"https:\\\/\\\/interamerica.org\\\/es\\\/#website\"},\"primaryImageOfPage\":{\"@id\":\"https:\\\/\\\/interamerica.org\\\/es\\\/2013\\\/03\\\/la-universidad-de-la-sierra-recibe-premio-presidencial-al-servicio\\\/#primaryimage\"},\"image\":{\"@id\":\"https:\\\/\\\/interamerica.org\\\/es\\\/2013\\\/03\\\/la-universidad-de-la-sierra-recibe-premio-presidencial-al-servicio\\\/#primaryimage\"},\"thumbnailUrl\":\"https:\\\/\\\/interamerica.org\\\/wp-content\\\/uploads\\\/2017\\\/06\\\/la-sierra-1-web-315x237.jpg\",\"datePublished\":\"2013-03-05T04:00:00+00:00\",\"author\":{\"@id\":\"https:\\\/\\\/interamerica.org\\\/es\\\/#\\\/schema\\\/person\\\/68ede8bdc292885bb76c1e3810e73c39\"},\"breadcrumb\":{\"@id\":\"https:\\\/\\\/interamerica.org\\\/es\\\/2013\\\/03\\\/la-universidad-de-la-sierra-recibe-premio-presidencial-al-servicio\\\/#breadcrumb\"},\"inLanguage\":\"es\",\"potentialAction\":[{\"@type\":\"ReadAction\",\"target\":[\"https:\\\/\\\/interamerica.org\\\/es\\\/2013\\\/03\\\/la-universidad-de-la-sierra-recibe-premio-presidencial-al-servicio\\\/\"]}]},{\"@type\":\"ImageObject\",\"inLanguage\":\"es\",\"@id\":\"https:\\\/\\\/interamerica.org\\\/es\\\/2013\\\/03\\\/la-universidad-de-la-sierra-recibe-premio-presidencial-al-servicio\\\/#primaryimage\",\"url\":\"https:\\\/\\\/interamerica.org\\\/wp-content\\\/uploads\\\/2017\\\/06\\\/la-sierra-1-web-315x237.jpg\",\"contentUrl\":\"https:\\\/\\\/interamerica.org\\\/wp-content\\\/uploads\\\/2017\\\/06\\\/la-sierra-1-web-315x237.jpg\",\"width\":315,\"height\":236},{\"@type\":\"BreadcrumbList\",\"@id\":\"https:\\\/\\\/interamerica.org\\\/es\\\/2013\\\/03\\\/la-universidad-de-la-sierra-recibe-premio-presidencial-al-servicio\\\/#breadcrumb\",\"itemListElement\":[{\"@type\":\"ListItem\",\"position\":1,\"name\":\"Home\",\"item\":\"https:\\\/\\\/interamerica.org\\\/es\\\/\"},{\"@type\":\"ListItem\",\"position\":2,\"name\":\"La Universidad de La Sierra recibe premio presidencial al servicio\"}]},{\"@type\":\"WebSite\",\"@id\":\"https:\\\/\\\/interamerica.org\\\/es\\\/#website\",\"url\":\"https:\\\/\\\/interamerica.org\\\/es\\\/\",\"name\":\"Iglesia Adventista del S\u00e9ptimo D\u00eda - Divisi\u00f3n Interamericana\",\"description\":\"\",\"potentialAction\":[{\"@type\":\"SearchAction\",\"target\":{\"@type\":\"EntryPoint\",\"urlTemplate\":\"https:\\\/\\\/interamerica.org\\\/es\\\/?s={search_term_string}\"},\"query-input\":{\"@type\":\"PropertyValueSpecification\",\"valueRequired\":true,\"valueName\":\"search_term_string\"}}],\"inLanguage\":\"es\"},{\"@type\":\"Person\",\"@id\":\"https:\\\/\\\/interamerica.org\\\/es\\\/#\\\/schema\\\/person\\\/68ede8bdc292885bb76c1e3810e73c39\",\"name\":\"Lorenzo Verduzco\",\"image\":{\"@type\":\"ImageObject\",\"inLanguage\":\"es\",\"@id\":\"https:\\\/\\\/secure.gravatar.com\\\/avatar\\\/fb81a55b6218459490a9c1dc841a34909185b81904c5337b4b27f7a6fd60c49e?s=96&d=mm&r=g\",\"url\":\"https:\\\/\\\/secure.gravatar.com\\\/avatar\\\/fb81a55b6218459490a9c1dc841a34909185b81904c5337b4b27f7a6fd60c49e?s=96&d=mm&r=g\",\"contentUrl\":\"https:\\\/\\\/secure.gravatar.com\\\/avatar\\\/fb81a55b6218459490a9c1dc841a34909185b81904c5337b4b27f7a6fd60c49e?s=96&d=mm&r=g\",\"caption\":\"Lorenzo Verduzco\"}}]}<\/script>\n<!-- \/ Yoast SEO plugin. -->","yoast_head_json":{"title":"La Universidad de La Sierra recibe premio presidencial al servicio - Iglesia Adventista del S\u00e9ptimo D\u00eda - Divisi\u00f3n Interamericana","robots":{"index":"index","follow":"follow","max-snippet":"max-snippet:-1","max-image-preview":"max-image-preview:large","max-video-preview":"max-video-preview:-1"},"canonical":"https:\/\/interamerica.org\/es\/2013\/03\/la-universidad-de-la-sierra-recibe-premio-presidencial-al-servicio\/","og_locale":"es_ES","og_type":"article","og_title":"La Universidad de La Sierra recibe premio presidencial al servicio - Iglesia Adventista del S\u00e9ptimo D\u00eda - Divisi\u00f3n Interamericana","og_description":"La Universidad de La Sierra fue una de las cinco instituciones educativas que recibi\u00f3 el Premio Presidencial de la Lista de Honor al Servicio Comunitario en Educaci\u00f3n Superior del Presidente 2013, el m\u00e1s alto honor que puede recibir un colegio superior o universidad...","og_url":"https:\/\/interamerica.org\/es\/2013\/03\/la-universidad-de-la-sierra-recibe-premio-presidencial-al-servicio\/","og_site_name":"Iglesia Adventista del S\u00e9ptimo D\u00eda - Divisi\u00f3n Interamericana","article_published_time":"2013-03-05T04:00:00+00:00","og_image":[{"width":315,"height":236,"url":"https:\/\/interamerica.org\/wp-content\/uploads\/2017\/06\/la-sierra-1-web-315x237.jpg","type":"image\/jpeg"}],"author":"Lorenzo Verduzco","twitter_card":"summary_large_image","twitter_misc":{"Escrito por":"Lorenzo Verduzco","Tiempo de lectura":"3 minutos"},"schema":{"@context":"https:\/\/schema.org","@graph":[{"@type":"Article","@id":"https:\/\/interamerica.org\/es\/2013\/03\/la-universidad-de-la-sierra-recibe-premio-presidencial-al-servicio\/#article","isPartOf":{"@id":"https:\/\/interamerica.org\/es\/2013\/03\/la-universidad-de-la-sierra-recibe-premio-presidencial-al-servicio\/"},"author":{"name":"Lorenzo Verduzco","@id":"https:\/\/interamerica.org\/es\/#\/schema\/person\/68ede8bdc292885bb76c1e3810e73c39"},"headline":"La Universidad de La Sierra recibe premio presidencial al servicio","datePublished":"2013-03-05T04:00:00+00:00","mainEntityOfPage":{"@id":"https:\/\/interamerica.org\/es\/2013\/03\/la-universidad-de-la-sierra-recibe-premio-presidencial-al-servicio\/"},"wordCount":548,"image":{"@id":"https:\/\/interamerica.org\/es\/2013\/03\/la-universidad-de-la-sierra-recibe-premio-presidencial-al-servicio\/#primaryimage"},"thumbnailUrl":"https:\/\/interamerica.org\/wp-content\/uploads\/2017\/06\/la-sierra-1-web-315x237.jpg","articleSection":["Desde la iglesia mundial"],"inLanguage":"es"},{"@type":"WebPage","@id":"https:\/\/interamerica.org\/es\/2013\/03\/la-universidad-de-la-sierra-recibe-premio-presidencial-al-servicio\/","url":"https:\/\/interamerica.org\/es\/2013\/03\/la-universidad-de-la-sierra-recibe-premio-presidencial-al-servicio\/","name":"La Universidad de La Sierra recibe premio presidencial al servicio - Iglesia Adventista del S\u00e9ptimo D\u00eda - Divisi\u00f3n Interamericana","isPartOf":{"@id":"https:\/\/interamerica.org\/es\/#website"},"primaryImageOfPage":{"@id":"https:\/\/interamerica.org\/es\/2013\/03\/la-universidad-de-la-sierra-recibe-premio-presidencial-al-servicio\/#primaryimage"},"image":{"@id":"https:\/\/interamerica.org\/es\/2013\/03\/la-universidad-de-la-sierra-recibe-premio-presidencial-al-servicio\/#primaryimage"},"thumbnailUrl":"https:\/\/interamerica.org\/wp-content\/uploads\/2017\/06\/la-sierra-1-web-315x237.jpg","datePublished":"2013-03-05T04:00:00+00:00","author":{"@id":"https:\/\/interamerica.org\/es\/#\/schema\/person\/68ede8bdc292885bb76c1e3810e73c39"},"breadcrumb":{"@id":"https:\/\/interamerica.org\/es\/2013\/03\/la-universidad-de-la-sierra-recibe-premio-presidencial-al-servicio\/#breadcrumb"},"inLanguage":"es","potentialAction":[{"@type":"ReadAction","target":["https:\/\/interamerica.org\/es\/2013\/03\/la-universidad-de-la-sierra-recibe-premio-presidencial-al-servicio\/"]}]},{"@type":"ImageObject","inLanguage":"es","@id":"https:\/\/interamerica.org\/es\/2013\/03\/la-universidad-de-la-sierra-recibe-premio-presidencial-al-servicio\/#primaryimage","url":"https:\/\/interamerica.org\/wp-content\/uploads\/2017\/06\/la-sierra-1-web-315x237.jpg","contentUrl":"https:\/\/interamerica.org\/wp-content\/uploads\/2017\/06\/la-sierra-1-web-315x237.jpg","width":315,"height":236},{"@type":"BreadcrumbList","@id":"https:\/\/interamerica.org\/es\/2013\/03\/la-universidad-de-la-sierra-recibe-premio-presidencial-al-servicio\/#breadcrumb","itemListElement":[{"@type":"ListItem","position":1,"name":"Home","item":"https:\/\/interamerica.org\/es\/"},{"@type":"ListItem","position":2,"name":"La Universidad de La Sierra recibe premio presidencial al servicio"}]},{"@type":"WebSite","@id":"https:\/\/interamerica.org\/es\/#website","url":"https:\/\/interamerica.org\/es\/","name":"Iglesia Adventista del S\u00e9ptimo D\u00eda - Divisi\u00f3n Interamericana","description":"","potentialAction":[{"@type":"SearchAction","target":{"@type":"EntryPoint","urlTemplate":"https:\/\/interamerica.org\/es\/?s={search_term_string}"},"query-input":{"@type":"PropertyValueSpecification","valueRequired":true,"valueName":"search_term_string"}}],"inLanguage":"es"},{"@type":"Person","@id":"https:\/\/interamerica.org\/es\/#\/schema\/person\/68ede8bdc292885bb76c1e3810e73c39","name":"Lorenzo Verduzco","image":{"@type":"ImageObject","inLanguage":"es","@id":"https:\/\/secure.gravatar.com\/avatar\/fb81a55b6218459490a9c1dc841a34909185b81904c5337b4b27f7a6fd60c49e?s=96&d=mm&r=g","url":"https:\/\/secure.gravatar.com\/avatar\/fb81a55b6218459490a9c1dc841a34909185b81904c5337b4b27f7a6fd60c49e?s=96&d=mm&r=g","contentUrl":"https:\/\/secure.gravatar.com\/avatar\/fb81a55b6218459490a9c1dc841a34909185b81904c5337b4b27f7a6fd60c49e?s=96&d=mm&r=g","caption":"Lorenzo Verduzco"}}]}},"_links":{"self":[{"href":"https:\/\/interamerica.org\/es\/wp-json\/wp\/v2\/posts\/30170","targetHints":{"allow":["GET"]}}],"collection":[{"href":"https:\/\/interamerica.org\/es\/wp-json\/wp\/v2\/posts"}],"about":[{"href":"https:\/\/interamerica.org\/es\/wp-json\/wp\/v2\/types\/post"}],"author":[{"embeddable":true,"href":"https:\/\/interamerica.org\/es\/wp-json\/wp\/v2\/users\/1"}],"replies":[{"embeddable":true,"href":"https:\/\/interamerica.org\/es\/wp-json\/wp\/v2\/comments?post=30170"}],"version-history":[{"count":0,"href":"https:\/\/interamerica.org\/es\/wp-json\/wp\/v2\/posts\/30170\/revisions"}],"wp:featuredmedia":[{"embeddable":true,"href":"https:\/\/interamerica.org\/es\/wp-json\/wp\/v2\/media\/20991"}],"wp:attachment":[{"href":"https:\/\/interamerica.org\/es\/wp-json\/wp\/v2\/media?parent=30170"}],"wp:term":[{"taxonomy":"category","embeddable":true,"href":"https:\/\/interamerica.org\/es\/wp-json\/wp\/v2\/categories?post=30170"},{"taxonomy":"post_tag","embeddable":true,"href":"https:\/\/interamerica.org\/es\/wp-json\/wp\/v2\/tags?post=30170"}],"curies":[{"name":"wp","href":"https:\/\/api.w.org\/{rel}","templated":true}]}}