{"id":30176,"date":"2013-03-08T00:00:00","date_gmt":"2013-03-08T04:00:00","guid":{"rendered":"http:\/\/192.81.217.108\/interamerica\/2013\/03\/moskala-designado-decano-del-seminario-teologico-adventista-de-andrews\/"},"modified":"2013-03-08T00:00:00","modified_gmt":"2013-03-08T04:00:00","slug":"moskala-designado-decano-del-seminario-teologico-adventista-de-andrews","status":"publish","type":"post","link":"https:\/\/interamerica.org\/es\/2013\/03\/moskala-designado-decano-del-seminario-teologico-adventista-de-andrews\/","title":{"rendered":"Moskala designado decano del Seminario Teol\u00f3gico Adventista de Andrews"},"content":{"rendered":"<p>6 de marzo de 2013 Berrien Springs, M\u00edchigan, Estados Unidos&#8230;Keri Suarez<\/p>\n<p>El estudioso del Antiguo Testamento Ji\u0159\u00ed Moskala fue elegido en el d\u00eda de ayer como nuevo decano del Seminario Teol\u00f3gico Adventista en la Universidad Andrews, ubicada en M\u00edchigan (Estados Unidos).<\/p>\n<p>Moskala, que trabaja en el seminario desde 1996, remplazar\u00e1 al doctor Denis Fortin, que en octubre pasado anunci\u00f3 su intenci\u00f3n de regresar tiempo completo a la ense\u00f1anza en el seminario para este pr\u00f3ximo oto\u00f1o.<\/p>\n<div id=\"attachment_7107\" style=\"width: 260px\" class=\"wp-caption alignleft\"><a href=\"\/interamerica\/wp-content\/uploads\/2017\/06\/sem-dean-inside-315x379.jpg\" rel=\"fancybox\" title=\"Moskala designado decano del Seminario Teol\u00f3gico Adventista de Andrews\"><img fetchpriority=\"high\" decoding=\"async\" aria-describedby=\"caption-attachment-7107\" class=\"size-medium wp-image-7107\" src=\"\/interamerica\/wp-content\/uploads\/2017\/06\/sem-dean-inside-315x379-250x300.jpg\" alt=\"\" width=\"250\" height=\"300\" \/><\/a><p id=\"caption-attachment-7107\" class=\"wp-caption-text\">Ji\u0159\u00ed Moskala, oriundo de Rep\u00fablica Checa y estudioso del Antiguo Testamento, dirigir\u00e1 el Seminario Teol\u00f3gico Adventista de la Universidad Andrews en M\u00edchigan. Moskala fue designado el d\u00eda de ayer por la junta directiva de la universidad. Imagen de\u00a0Darren Heslop<\/p><\/div>\n<p>Moskala trabaja actualmente como profesor de ex\u00e9gesis y teolog\u00eda del Antiguo Testamento y director del departamento de Antiguo Testamento. Su nueva designaci\u00f3n se hace efectiva el pr\u00f3ximo 1 de julio.<\/p>\n<p>\u201cEl doctor Moskala es un excelente erudito acad\u00e9mico y una persona muy leal a la iglesia. No conozco a nadie que pueda cuestionar su compromiso con la misi\u00f3n y los valores que defendemos\u201d, dijo Ben Schoun, presidente de la Junta Directiva de la Universidad Andrews y uno de los vicepresidentes generales de la Iglesia Adventista mundial.<\/p>\n<p>Respecto de su designaci\u00f3n, Moskala dijo: \u201cMi visi\u00f3n para el Seminario Teol\u00f3gico es que sea la luz del mundo y la fuente de recursos teol\u00f3gicos de la iglesia. Estamos aqu\u00ed para servir a la iglesia mundial con diversos talentos, para preparar a los futuros l\u00edderes de la iglesia, de manera que trabajen y enfrenten los diversos desaf\u00edos para proclamar el evangelio eterno con convicci\u00f3n, urgencia y pasi\u00f3n, hacer una diferencia para bien, y preparar a un pueblo para el pronto regreso de Cristo\u201d.<\/p>\n<p>El decano del seminario es miembro de la Junta Internacional de Educaci\u00f3n Teol\u00f3gica y Ministerial de la Iglesia Adventista mundial, la Junta Directiva de la Divisi\u00f3n Norteamericana, y de la Junta de Educaci\u00f3n Teol\u00f3gica y Ministerial de la Divisi\u00f3n Norteamericana. Asimismo, el decano trabaja en estrecha colaboraci\u00f3n con los l\u00edderes de la Iglesia Adventista tanto en la Divisi\u00f3n Norteamericana como en la sede central de la iglesia.<\/p>\n<p>Schoun dijo que el seminario tambi\u00e9n act\u00faa como centro de ideas y expertos de la Iglesia Adventista. \u201cPara los que formamos parte del liderazgo de la iglesia y estamos siempre animando la obra de seguir adelante, es bueno tener el concilio de pensadores que est\u00e1n aqu\u00ed en el seminario\u201d.<\/p>\n<p>Ted N. C. Wilson, presidente de de la Iglesia Adventista mundial, dijo que Moskala proviene de un \u201cs\u00f3lido trasfondo b\u00edblico y orientado a la misi\u00f3n\u201d.<\/p>\n<p>\u201c\u00c9l y su familia est\u00e1n muy dedicados a la tremenda tarea que el Se\u00f1or le ha dado a la Iglesia Adventista, y de ello se desprende su pasi\u00f3n por el proceso educativo y la misi\u00f3n de la iglesia\u201d, dijo Wilson. \u201cEs una bendici\u00f3n tener a alguien como \u00e9l al frente del seminario, presentando a los muchos estudiantes teol\u00f3gicos no solo los aspectos acad\u00e9micos, que son muy importantes, sino tambi\u00e9n la misi\u00f3n pr\u00e1ctica a medida que nos acercamos al momento de la segunda venida de Cristo\u201d.<\/p>\n<p>Moskala, oriundo de la Rep\u00fablica Checha, recibi\u00f3 una Maestr\u00eda en Teolog\u00eda en 1979 y un Doctorado en Teolog\u00eda en 1990, ambos de la Facultad Comenius de Teolog\u00eda Protestante (ahora Facultad Teol\u00f3gica Protestante de la Universidad Charles). En 1998, complet\u00f3 su Doctorado de Filosof\u00eda de la Universidad Andrews.<\/p>\n<p>Moskala comenz\u00f3 su ministerio como pastor en la Uni\u00f3n Checo-Eslovaca, y lo hizo hasta 1989. Cuando cay\u00f3 el r\u00e9gimen comunista despu\u00e9s de la Revoluci\u00f3n Terciopelo, estableci\u00f3 y trabaj\u00f3 como el primer rector del Seminario Teol\u00f3gico Adventista de Praga. Moskala tambi\u00e9n ha sido director de la Sociedad Vida y Salud, del Departamento de Educaci\u00f3n y del Departamento de Salud de la Uni\u00f3n Checo-Eslovaca.<\/p>\n<p>Moskala tambi\u00e9n ha sido orador de muchas conferencias b\u00edblicas y simposios teol\u00f3gicos en las trece divisiones de la Iglesia Adventista, y ha hecho presentaciones en colegios superiores y universidades adventistas de diversas partes del mundo.<\/p>\n<p>Es miembro de varias sociedades teol\u00f3gicas, entre ellas, de la Sociedad Adventista de Estudios Religiosos, la Sociedad Teol\u00f3gica Adventista, la Sociedad de Investigaciones B\u00edblicas de Chicago, la Sociedad de Literatura B\u00edblica, y la Sociedad de \u00c9tica Cristiana. Moskala ha sido autor o editor de diversos art\u00edculos y libros, tanto en checo como en ingl\u00e9s. Asimismo, ha participado en varias expediciones arqueol\u00f3gicas en Tall Jalul (Jordania).<\/p>\n<p>La misi\u00f3n del seminario es preparar ministros y docentes para la Iglesia Adventista del S\u00e9ptimo D\u00eda. Ofrece varias maestr\u00edas y cinco programas doctorales: Doctor de Ministerio; Doctor de Filosof\u00eda en Arqueolog\u00eda B\u00edblica y del ACO, Religi\u00f3n, y Educaci\u00f3n Religiosa; y Doctor de Teolog\u00eda.<\/p>\n<p>El seminario est\u00e1 afiliado directamente con la sede central de la Iglesia Adventista y la Divisi\u00f3n Norteamericana. Hay otros dos seminarios que tambi\u00e9n est\u00e1n afiliados directamente con la sede central de la iglesia: el Instituto Internacional Adventista de Estudios Avanzados, ubicado en las Filipinas, y la Universidad Adventista del \u00c1frica, con sede en Kenia.<\/p>\n<p><em>Traducci\u00f3n de Marcos Paseggi<\/em><\/p>\n","protected":false},"excerpt":{"rendered":"<p>El estudioso del Antiguo Testamento Ji\u0159\u00ed Moskala fue elegido como nuevo decano del Seminario Teol\u00f3gico Adventista en la Universidad Andrews, ubicada en M\u00edchigan (Estados Unidos).<\/p>\n","protected":false},"author":1,"featured_media":21016,"comment_status":"closed","ping_status":"closed","sticky":false,"template":"","format":"standard","meta":{"_acf_changed":false,"footnotes":""},"categories":[14],"tags":[],"class_list":["post-30176","post","type-post","status-publish","format-standard","has-post-thumbnail","hentry","category-de-la-iglesia-mundial"],"acf":[],"yoast_head":"<!-- This site is optimized with the Yoast SEO plugin v27.3 - https:\/\/yoast.com\/product\/yoast-seo-wordpress\/ -->\n<title>Moskala designado decano del Seminario Teol\u00f3gico Adventista de Andrews - Iglesia Adventista del S\u00e9ptimo D\u00eda - Divisi\u00f3n Interamericana<\/title>\n<meta name=\"robots\" content=\"index, follow, max-snippet:-1, max-image-preview:large, max-video-preview:-1\" \/>\n<link rel=\"canonical\" href=\"https:\/\/interamerica.org\/es\/2013\/03\/moskala-designado-decano-del-seminario-teologico-adventista-de-andrews\/\" \/>\n<meta property=\"og:locale\" content=\"es_ES\" \/>\n<meta property=\"og:type\" content=\"article\" \/>\n<meta property=\"og:title\" content=\"Moskala designado decano del Seminario Teol\u00f3gico Adventista de Andrews - Iglesia Adventista del S\u00e9ptimo D\u00eda - Divisi\u00f3n Interamericana\" \/>\n<meta property=\"og:description\" content=\"El estudioso del Antiguo Testamento Ji\u0159\u00ed Moskala fue elegido como nuevo decano del Seminario Teol\u00f3gico Adventista en la Universidad Andrews, ubicada en M\u00edchigan (Estados Unidos).\" \/>\n<meta property=\"og:url\" content=\"https:\/\/interamerica.org\/es\/2013\/03\/moskala-designado-decano-del-seminario-teologico-adventista-de-andrews\/\" \/>\n<meta property=\"og:site_name\" content=\"Iglesia Adventista del S\u00e9ptimo D\u00eda - Divisi\u00f3n Interamericana\" \/>\n<meta property=\"article:published_time\" content=\"2013-03-08T04:00:00+00:00\" \/>\n<meta property=\"og:image\" content=\"https:\/\/interamerica.org\/wp-content\/uploads\/2017\/06\/sem-dean-inside-sm.jpg\" \/>\n\t<meta property=\"og:image:width\" content=\"315\" \/>\n\t<meta property=\"og:image:height\" content=\"253\" \/>\n\t<meta property=\"og:image:type\" content=\"image\/jpeg\" \/>\n<meta name=\"author\" content=\"Lorenzo Verduzco\" \/>\n<meta name=\"twitter:card\" content=\"summary_large_image\" \/>\n<meta name=\"twitter:label1\" content=\"Escrito por\" \/>\n\t<meta name=\"twitter:data1\" content=\"Lorenzo Verduzco\" \/>\n\t<meta name=\"twitter:label2\" content=\"Tiempo de lectura\" \/>\n\t<meta name=\"twitter:data2\" content=\"5 minutos\" \/>\n<script type=\"application\/ld+json\" class=\"yoast-schema-graph\">{\"@context\":\"https:\\\/\\\/schema.org\",\"@graph\":[{\"@type\":\"Article\",\"@id\":\"https:\\\/\\\/interamerica.org\\\/es\\\/2013\\\/03\\\/moskala-designado-decano-del-seminario-teologico-adventista-de-andrews\\\/#article\",\"isPartOf\":{\"@id\":\"https:\\\/\\\/interamerica.org\\\/es\\\/2013\\\/03\\\/moskala-designado-decano-del-seminario-teologico-adventista-de-andrews\\\/\"},\"author\":{\"name\":\"Lorenzo Verduzco\",\"@id\":\"https:\\\/\\\/interamerica.org\\\/es\\\/#\\\/schema\\\/person\\\/68ede8bdc292885bb76c1e3810e73c39\"},\"headline\":\"Moskala designado decano del Seminario Teol\u00f3gico Adventista de Andrews\",\"datePublished\":\"2013-03-08T04:00:00+00:00\",\"mainEntityOfPage\":{\"@id\":\"https:\\\/\\\/interamerica.org\\\/es\\\/2013\\\/03\\\/moskala-designado-decano-del-seminario-teologico-adventista-de-andrews\\\/\"},\"wordCount\":920,\"image\":{\"@id\":\"https:\\\/\\\/interamerica.org\\\/es\\\/2013\\\/03\\\/moskala-designado-decano-del-seminario-teologico-adventista-de-andrews\\\/#primaryimage\"},\"thumbnailUrl\":\"https:\\\/\\\/interamerica.org\\\/wp-content\\\/uploads\\\/2017\\\/06\\\/sem-dean-inside-sm.jpg\",\"articleSection\":[\"Desde la iglesia mundial\"],\"inLanguage\":\"es\"},{\"@type\":\"WebPage\",\"@id\":\"https:\\\/\\\/interamerica.org\\\/es\\\/2013\\\/03\\\/moskala-designado-decano-del-seminario-teologico-adventista-de-andrews\\\/\",\"url\":\"https:\\\/\\\/interamerica.org\\\/es\\\/2013\\\/03\\\/moskala-designado-decano-del-seminario-teologico-adventista-de-andrews\\\/\",\"name\":\"Moskala designado decano del Seminario Teol\u00f3gico Adventista de Andrews - Iglesia Adventista del S\u00e9ptimo D\u00eda - Divisi\u00f3n Interamericana\",\"isPartOf\":{\"@id\":\"https:\\\/\\\/interamerica.org\\\/es\\\/#website\"},\"primaryImageOfPage\":{\"@id\":\"https:\\\/\\\/interamerica.org\\\/es\\\/2013\\\/03\\\/moskala-designado-decano-del-seminario-teologico-adventista-de-andrews\\\/#primaryimage\"},\"image\":{\"@id\":\"https:\\\/\\\/interamerica.org\\\/es\\\/2013\\\/03\\\/moskala-designado-decano-del-seminario-teologico-adventista-de-andrews\\\/#primaryimage\"},\"thumbnailUrl\":\"https:\\\/\\\/interamerica.org\\\/wp-content\\\/uploads\\\/2017\\\/06\\\/sem-dean-inside-sm.jpg\",\"datePublished\":\"2013-03-08T04:00:00+00:00\",\"author\":{\"@id\":\"https:\\\/\\\/interamerica.org\\\/es\\\/#\\\/schema\\\/person\\\/68ede8bdc292885bb76c1e3810e73c39\"},\"breadcrumb\":{\"@id\":\"https:\\\/\\\/interamerica.org\\\/es\\\/2013\\\/03\\\/moskala-designado-decano-del-seminario-teologico-adventista-de-andrews\\\/#breadcrumb\"},\"inLanguage\":\"es\",\"potentialAction\":[{\"@type\":\"ReadAction\",\"target\":[\"https:\\\/\\\/interamerica.org\\\/es\\\/2013\\\/03\\\/moskala-designado-decano-del-seminario-teologico-adventista-de-andrews\\\/\"]}]},{\"@type\":\"ImageObject\",\"inLanguage\":\"es\",\"@id\":\"https:\\\/\\\/interamerica.org\\\/es\\\/2013\\\/03\\\/moskala-designado-decano-del-seminario-teologico-adventista-de-andrews\\\/#primaryimage\",\"url\":\"https:\\\/\\\/interamerica.org\\\/wp-content\\\/uploads\\\/2017\\\/06\\\/sem-dean-inside-sm.jpg\",\"contentUrl\":\"https:\\\/\\\/interamerica.org\\\/wp-content\\\/uploads\\\/2017\\\/06\\\/sem-dean-inside-sm.jpg\",\"width\":315,\"height\":253},{\"@type\":\"BreadcrumbList\",\"@id\":\"https:\\\/\\\/interamerica.org\\\/es\\\/2013\\\/03\\\/moskala-designado-decano-del-seminario-teologico-adventista-de-andrews\\\/#breadcrumb\",\"itemListElement\":[{\"@type\":\"ListItem\",\"position\":1,\"name\":\"Home\",\"item\":\"https:\\\/\\\/interamerica.org\\\/es\\\/\"},{\"@type\":\"ListItem\",\"position\":2,\"name\":\"Moskala designado decano del Seminario Teol\u00f3gico Adventista de Andrews\"}]},{\"@type\":\"WebSite\",\"@id\":\"https:\\\/\\\/interamerica.org\\\/es\\\/#website\",\"url\":\"https:\\\/\\\/interamerica.org\\\/es\\\/\",\"name\":\"Iglesia Adventista del S\u00e9ptimo D\u00eda - Divisi\u00f3n Interamericana\",\"description\":\"\",\"potentialAction\":[{\"@type\":\"SearchAction\",\"target\":{\"@type\":\"EntryPoint\",\"urlTemplate\":\"https:\\\/\\\/interamerica.org\\\/es\\\/?s={search_term_string}\"},\"query-input\":{\"@type\":\"PropertyValueSpecification\",\"valueRequired\":true,\"valueName\":\"search_term_string\"}}],\"inLanguage\":\"es\"},{\"@type\":\"Person\",\"@id\":\"https:\\\/\\\/interamerica.org\\\/es\\\/#\\\/schema\\\/person\\\/68ede8bdc292885bb76c1e3810e73c39\",\"name\":\"Lorenzo Verduzco\",\"image\":{\"@type\":\"ImageObject\",\"inLanguage\":\"es\",\"@id\":\"https:\\\/\\\/secure.gravatar.com\\\/avatar\\\/fb81a55b6218459490a9c1dc841a34909185b81904c5337b4b27f7a6fd60c49e?s=96&d=mm&r=g\",\"url\":\"https:\\\/\\\/secure.gravatar.com\\\/avatar\\\/fb81a55b6218459490a9c1dc841a34909185b81904c5337b4b27f7a6fd60c49e?s=96&d=mm&r=g\",\"contentUrl\":\"https:\\\/\\\/secure.gravatar.com\\\/avatar\\\/fb81a55b6218459490a9c1dc841a34909185b81904c5337b4b27f7a6fd60c49e?s=96&d=mm&r=g\",\"caption\":\"Lorenzo Verduzco\"}}]}<\/script>\n<!-- \/ Yoast SEO plugin. -->","yoast_head_json":{"title":"Moskala designado decano del Seminario Teol\u00f3gico Adventista de Andrews - Iglesia Adventista del S\u00e9ptimo D\u00eda - Divisi\u00f3n Interamericana","robots":{"index":"index","follow":"follow","max-snippet":"max-snippet:-1","max-image-preview":"max-image-preview:large","max-video-preview":"max-video-preview:-1"},"canonical":"https:\/\/interamerica.org\/es\/2013\/03\/moskala-designado-decano-del-seminario-teologico-adventista-de-andrews\/","og_locale":"es_ES","og_type":"article","og_title":"Moskala designado decano del Seminario Teol\u00f3gico Adventista de Andrews - Iglesia Adventista del S\u00e9ptimo D\u00eda - Divisi\u00f3n Interamericana","og_description":"El estudioso del Antiguo Testamento Ji\u0159\u00ed Moskala fue elegido como nuevo decano del Seminario Teol\u00f3gico Adventista en la Universidad Andrews, ubicada en M\u00edchigan (Estados Unidos).","og_url":"https:\/\/interamerica.org\/es\/2013\/03\/moskala-designado-decano-del-seminario-teologico-adventista-de-andrews\/","og_site_name":"Iglesia Adventista del S\u00e9ptimo D\u00eda - Divisi\u00f3n Interamericana","article_published_time":"2013-03-08T04:00:00+00:00","og_image":[{"width":315,"height":253,"url":"https:\/\/interamerica.org\/wp-content\/uploads\/2017\/06\/sem-dean-inside-sm.jpg","type":"image\/jpeg"}],"author":"Lorenzo Verduzco","twitter_card":"summary_large_image","twitter_misc":{"Escrito por":"Lorenzo Verduzco","Tiempo de lectura":"5 minutos"},"schema":{"@context":"https:\/\/schema.org","@graph":[{"@type":"Article","@id":"https:\/\/interamerica.org\/es\/2013\/03\/moskala-designado-decano-del-seminario-teologico-adventista-de-andrews\/#article","isPartOf":{"@id":"https:\/\/interamerica.org\/es\/2013\/03\/moskala-designado-decano-del-seminario-teologico-adventista-de-andrews\/"},"author":{"name":"Lorenzo Verduzco","@id":"https:\/\/interamerica.org\/es\/#\/schema\/person\/68ede8bdc292885bb76c1e3810e73c39"},"headline":"Moskala designado decano del Seminario Teol\u00f3gico Adventista de Andrews","datePublished":"2013-03-08T04:00:00+00:00","mainEntityOfPage":{"@id":"https:\/\/interamerica.org\/es\/2013\/03\/moskala-designado-decano-del-seminario-teologico-adventista-de-andrews\/"},"wordCount":920,"image":{"@id":"https:\/\/interamerica.org\/es\/2013\/03\/moskala-designado-decano-del-seminario-teologico-adventista-de-andrews\/#primaryimage"},"thumbnailUrl":"https:\/\/interamerica.org\/wp-content\/uploads\/2017\/06\/sem-dean-inside-sm.jpg","articleSection":["Desde la iglesia mundial"],"inLanguage":"es"},{"@type":"WebPage","@id":"https:\/\/interamerica.org\/es\/2013\/03\/moskala-designado-decano-del-seminario-teologico-adventista-de-andrews\/","url":"https:\/\/interamerica.org\/es\/2013\/03\/moskala-designado-decano-del-seminario-teologico-adventista-de-andrews\/","name":"Moskala designado decano del Seminario Teol\u00f3gico Adventista de Andrews - Iglesia Adventista del S\u00e9ptimo D\u00eda - Divisi\u00f3n Interamericana","isPartOf":{"@id":"https:\/\/interamerica.org\/es\/#website"},"primaryImageOfPage":{"@id":"https:\/\/interamerica.org\/es\/2013\/03\/moskala-designado-decano-del-seminario-teologico-adventista-de-andrews\/#primaryimage"},"image":{"@id":"https:\/\/interamerica.org\/es\/2013\/03\/moskala-designado-decano-del-seminario-teologico-adventista-de-andrews\/#primaryimage"},"thumbnailUrl":"https:\/\/interamerica.org\/wp-content\/uploads\/2017\/06\/sem-dean-inside-sm.jpg","datePublished":"2013-03-08T04:00:00+00:00","author":{"@id":"https:\/\/interamerica.org\/es\/#\/schema\/person\/68ede8bdc292885bb76c1e3810e73c39"},"breadcrumb":{"@id":"https:\/\/interamerica.org\/es\/2013\/03\/moskala-designado-decano-del-seminario-teologico-adventista-de-andrews\/#breadcrumb"},"inLanguage":"es","potentialAction":[{"@type":"ReadAction","target":["https:\/\/interamerica.org\/es\/2013\/03\/moskala-designado-decano-del-seminario-teologico-adventista-de-andrews\/"]}]},{"@type":"ImageObject","inLanguage":"es","@id":"https:\/\/interamerica.org\/es\/2013\/03\/moskala-designado-decano-del-seminario-teologico-adventista-de-andrews\/#primaryimage","url":"https:\/\/interamerica.org\/wp-content\/uploads\/2017\/06\/sem-dean-inside-sm.jpg","contentUrl":"https:\/\/interamerica.org\/wp-content\/uploads\/2017\/06\/sem-dean-inside-sm.jpg","width":315,"height":253},{"@type":"BreadcrumbList","@id":"https:\/\/interamerica.org\/es\/2013\/03\/moskala-designado-decano-del-seminario-teologico-adventista-de-andrews\/#breadcrumb","itemListElement":[{"@type":"ListItem","position":1,"name":"Home","item":"https:\/\/interamerica.org\/es\/"},{"@type":"ListItem","position":2,"name":"Moskala designado decano del Seminario Teol\u00f3gico Adventista de Andrews"}]},{"@type":"WebSite","@id":"https:\/\/interamerica.org\/es\/#website","url":"https:\/\/interamerica.org\/es\/","name":"Iglesia Adventista del S\u00e9ptimo D\u00eda - Divisi\u00f3n Interamericana","description":"","potentialAction":[{"@type":"SearchAction","target":{"@type":"EntryPoint","urlTemplate":"https:\/\/interamerica.org\/es\/?s={search_term_string}"},"query-input":{"@type":"PropertyValueSpecification","valueRequired":true,"valueName":"search_term_string"}}],"inLanguage":"es"},{"@type":"Person","@id":"https:\/\/interamerica.org\/es\/#\/schema\/person\/68ede8bdc292885bb76c1e3810e73c39","name":"Lorenzo Verduzco","image":{"@type":"ImageObject","inLanguage":"es","@id":"https:\/\/secure.gravatar.com\/avatar\/fb81a55b6218459490a9c1dc841a34909185b81904c5337b4b27f7a6fd60c49e?s=96&d=mm&r=g","url":"https:\/\/secure.gravatar.com\/avatar\/fb81a55b6218459490a9c1dc841a34909185b81904c5337b4b27f7a6fd60c49e?s=96&d=mm&r=g","contentUrl":"https:\/\/secure.gravatar.com\/avatar\/fb81a55b6218459490a9c1dc841a34909185b81904c5337b4b27f7a6fd60c49e?s=96&d=mm&r=g","caption":"Lorenzo Verduzco"}}]}},"_links":{"self":[{"href":"https:\/\/interamerica.org\/es\/wp-json\/wp\/v2\/posts\/30176","targetHints":{"allow":["GET"]}}],"collection":[{"href":"https:\/\/interamerica.org\/es\/wp-json\/wp\/v2\/posts"}],"about":[{"href":"https:\/\/interamerica.org\/es\/wp-json\/wp\/v2\/types\/post"}],"author":[{"embeddable":true,"href":"https:\/\/interamerica.org\/es\/wp-json\/wp\/v2\/users\/1"}],"replies":[{"embeddable":true,"href":"https:\/\/interamerica.org\/es\/wp-json\/wp\/v2\/comments?post=30176"}],"version-history":[{"count":0,"href":"https:\/\/interamerica.org\/es\/wp-json\/wp\/v2\/posts\/30176\/revisions"}],"wp:featuredmedia":[{"embeddable":true,"href":"https:\/\/interamerica.org\/es\/wp-json\/wp\/v2\/media\/21016"}],"wp:attachment":[{"href":"https:\/\/interamerica.org\/es\/wp-json\/wp\/v2\/media?parent=30176"}],"wp:term":[{"taxonomy":"category","embeddable":true,"href":"https:\/\/interamerica.org\/es\/wp-json\/wp\/v2\/categories?post=30176"},{"taxonomy":"post_tag","embeddable":true,"href":"https:\/\/interamerica.org\/es\/wp-json\/wp\/v2\/tags?post=30176"}],"curies":[{"name":"wp","href":"https:\/\/api.w.org\/{rel}","templated":true}]}}