{"id":30179,"date":"2013-03-11T00:00:00","date_gmt":"2013-03-11T04:00:00","guid":{"rendered":"http:\/\/192.81.217.108\/interamerica\/2013\/03\/concentracion-en-angola-fomenta-la-obra-de-los-grupos-pequenos\/"},"modified":"2013-03-11T00:00:00","modified_gmt":"2013-03-11T04:00:00","slug":"concentracion-en-angola-fomenta-la-obra-de-los-grupos-pequenos","status":"publish","type":"post","link":"https:\/\/interamerica.org\/es\/2013\/03\/concentracion-en-angola-fomenta-la-obra-de-los-grupos-pequenos\/","title":{"rendered":"Concentraci\u00f3n en Angola fomenta la obra de los grupos peque\u00f1os"},"content":{"rendered":"<p>11 de marzo de 2013 Luanda, Angola&#8230;Paul Charles y Ansel Oliver<\/p>\n<p>Los l\u00edderes de la iglesia en \u00c1frica del Sur est\u00e1n coordinando la tarea de los ministerios de grupos peque\u00f1os a escala masiva en la ciudad de Luanda, en respuesta al llamado de la Iglesia Adventista mundial, que busca alcanzar a los grandes centros urbanos del planeta.<\/p>\n<p>Esta iniciativa se produce en un momento en el que, afirman los l\u00edderes de la iglesia, se ha abierto una ventana de oportunidades para la obra de evangelizaci\u00f3n en la capital de Angola, una d\u00e9cada despu\u00e9s de la finalizaci\u00f3n de la guerra civil que asol\u00f3 a esa naci\u00f3n del sudoeste de \u00c1frica.<\/p>\n<div id=\"attachment_7138\" style=\"width: 325px\" class=\"wp-caption alignleft\"><a href=\"\/interamerica\/wp-content\/uploads\/2017\/06\/paul-ratsara-web-315x237.jpg\" rel=\"fancybox\" title=\"Concentraci\u00f3n en Angola fomenta la obra de los grupos peque\u00f1os\"><img fetchpriority=\"high\" decoding=\"async\" aria-describedby=\"caption-attachment-7138\" class=\"size-full wp-image-7138\" src=\"\/interamerica\/wp-content\/uploads\/2017\/06\/paul-ratsara-web-315x237.jpg\" alt=\"\" width=\"315\" height=\"236\" \/><\/a><p id=\"caption-attachment-7138\" class=\"wp-caption-text\">Paul Ratsara, presidente de la Divisi\u00f3n de \u00c1frica del Sur-Oc\u00e9ano \u00cdndico, se dirige a unos cuarenta mil presentes en una concentraci\u00f3n en apoyo a la misi\u00f3n, llevada a cabo el mes pasado en el Estadio Centro Desportivo Da Cidadela. Los directivos de la iglesia designaron a Luanda como la ciudad a ser alcanzada en la divisi\u00f3n. Los l\u00edderes de la regi\u00f3n han decidido usar un ministerio continuo de grupos peque\u00f1os para esta iniciativa. Fotograf\u00eda: Paul Charles<\/p><\/div>\n<p>En el presente, hay aproximadamente 52 mil grupos de unas cinco personas que se est\u00e1n reuniendo en los hogares. Despu\u00e9s de unos meses, cada grupo ser\u00e1 unido con otros cuatro para formar lo que los l\u00edderes denominan \u201creuniones de casas\u201d. El plan es que dentro de unos meses existan unos diez mil de estos grupos m\u00e1s grande que se re\u00fanan peri\u00f3dicamente a estudiar el evangelio.<\/p>\n<p>El esfuerzo se produce despu\u00e9s de un a\u00f1o de planificaci\u00f3n para implementar la iniciativa en toda la ciudad, lo que sigue a las actividades misioneras de la Iglesia Adventista en la regi\u00f3n que se basaban en la premisa de que el evangelismo no tiene que ser un inmenso evento \u00fanico sino un proceso sostenido.<\/p>\n<p>\u201cEste m\u00e9todo posee matices inmensos para la retenci\u00f3n efectiva de los miembros\u201d, dijo Mike Ryan, uno de los vicepresidentes de la Iglesia Adventista mundial, despu\u00e9s de dirigir la palabra a unos 40 mil presentes en una concentraci\u00f3n que se llev\u00f3 a cabo el mes pasado.<\/p>\n<p>A\u00fan existe un gran desaf\u00edo, dijo Ryan. La mayor\u00eda de los adventistas no tienen muchos amigos fuera de los que ya son miembros de iglesia. Y lo mismo sucede all\u00ed, por lo que se est\u00e1 animando a los miembros para que tengan m\u00e1s amigos en la comunidad.<\/p>\n<p>El \u00e1rea metropolitana de Luanda alberga a por lo menos siete millones de personas. En respuesta a la iniciativa \u201cMisi\u00f3n a las ciudades\u201d de la denominaci\u00f3n, los l\u00edderes de la iglesia en la regi\u00f3n designaron en 2011 a Luanda para la obra misionera. Es la primera vez que un esfuerzo sustantivo puede llevarse a cabo, despu\u00e9s del tumultuoso pasado reciente en el pa\u00eds.<\/p>\n<p>Durante d\u00e9cadas, a la Iglesia Adventista mundial se le ha hecho extremadamente dif\u00edcil ofrecer apoyo a la Iglesia Adventista de Angola. El pa\u00eds sufri\u00f3 una guerra civil durante casi treinta a\u00f1os, que se cobr\u00f3 la vida de un mill\u00f3n y medio de personas. Durante ese per\u00edodo, la denominaci\u00f3n no pudo enviar la ofrenda del decimotercer s\u00e1bado para proyectos en el pa\u00eds.<\/p>\n<p>\u201cA\u00fan tenemos que hacer mucho para ponernos al d\u00eda\u201d, dijo Paul Ratsara, presidente de la Iglesia Adventista de \u00c1frica del Sur-Oc\u00e9ano \u00cdndico, con sede en Sud\u00e1frica.<\/p>\n<p>La Iglesia Adventista de Angola posee escasa infraestructura. El Seminario Adventista Bongo, en Haumbo cuenta con 115 estudiantes, y el complejo tambi\u00e9n posee una escuela, una cl\u00ednica y una casa publicadora.<\/p>\n<p>Angola es un pa\u00eds rico en recursos naturales, entre ellos, diamantes y petr\u00f3leo. La mayor\u00eda de los productos son importados, lo que hace que Luanda sea una de las ciudades m\u00e1s costosas del mundo para los emigrantes. Pero aunque el pa\u00eds est\u00e1 atrayendo las inversiones extranjeras, m\u00e1s del cuarenta por ciento de la poblaci\u00f3n vive en la pobreza.<\/p>\n<p>Los l\u00edderes de la iglesia esperan que este renovado \u00e9nfasis evang\u00e9lico, adem\u00e1s de ayudar a esparcir el evangelio, contribuir\u00e1 para que m\u00e1s personas lleguen a comprender mejor los principios de la vida saludable y el compromiso con la educaci\u00f3n.<\/p>\n<p>\u201cLos grupos peque\u00f1os han mostrado ser un instrumento efectivo en las manos de Dios para dar mayor crecimiento: crecimiento espiritual, crecimiento en las relaciones humanas, crecimiento en la preparaci\u00f3n de disc\u00edpulos, y crecimiento en el establecimiento de nuevas iglesias\u201d, expres\u00f3 Gilberto Araujo, presidente de la Comisi\u00f3n de Evangelismo Urbano de la divisi\u00f3n.<\/p>\n<p><em>Traducci\u00f3n de Marcos Paseggi<\/em><\/p>\n","protected":false},"excerpt":{"rendered":"<p>Los l\u00edderes de la iglesia en \u00c1frica del Sur est\u00e1n coordinando la tarea de los ministerios de grupos peque\u00f1os a escala masiva en la ciudad de Luanda, en respuesta al llamado de la Iglesia Adventista mundial, que busca alcanzar a los grandes centros urbanos del planeta.<\/p>\n","protected":false},"author":1,"featured_media":21045,"comment_status":"closed","ping_status":"closed","sticky":false,"template":"","format":"standard","meta":{"_acf_changed":false,"footnotes":""},"categories":[14],"tags":[],"class_list":["post-30179","post","type-post","status-publish","format-standard","has-post-thumbnail","hentry","category-de-la-iglesia-mundial"],"acf":[],"yoast_head":"<!-- This site is optimized with the Yoast SEO plugin v27.3 - https:\/\/yoast.com\/product\/yoast-seo-wordpress\/ -->\n<title>Concentraci\u00f3n en Angola fomenta la obra de los grupos peque\u00f1os - Iglesia Adventista del S\u00e9ptimo D\u00eda - Divisi\u00f3n Interamericana<\/title>\n<meta name=\"robots\" content=\"index, follow, max-snippet:-1, max-image-preview:large, max-video-preview:-1\" \/>\n<link rel=\"canonical\" href=\"https:\/\/interamerica.org\/es\/2013\/03\/concentracion-en-angola-fomenta-la-obra-de-los-grupos-pequenos\/\" \/>\n<meta property=\"og:locale\" content=\"es_ES\" \/>\n<meta property=\"og:type\" content=\"article\" \/>\n<meta property=\"og:title\" content=\"Concentraci\u00f3n en Angola fomenta la obra de los grupos peque\u00f1os - Iglesia Adventista del S\u00e9ptimo D\u00eda - Divisi\u00f3n Interamericana\" \/>\n<meta property=\"og:description\" content=\"Los l\u00edderes de la iglesia en \u00c1frica del Sur est\u00e1n coordinando la tarea de los ministerios de grupos peque\u00f1os a escala masiva en la ciudad de Luanda, en respuesta al llamado de la Iglesia Adventista mundial, que busca alcanzar a los grandes centros urbanos del planeta.\" \/>\n<meta property=\"og:url\" content=\"https:\/\/interamerica.org\/es\/2013\/03\/concentracion-en-angola-fomenta-la-obra-de-los-grupos-pequenos\/\" \/>\n<meta property=\"og:site_name\" content=\"Iglesia Adventista del S\u00e9ptimo D\u00eda - Divisi\u00f3n Interamericana\" \/>\n<meta property=\"article:published_time\" content=\"2013-03-11T04:00:00+00:00\" \/>\n<meta property=\"og:image\" content=\"https:\/\/interamerica.org\/wp-content\/uploads\/2017\/06\/paul-ratsara-web-315x237.jpg\" \/>\n\t<meta property=\"og:image:width\" content=\"315\" \/>\n\t<meta property=\"og:image:height\" content=\"236\" \/>\n\t<meta property=\"og:image:type\" content=\"image\/jpeg\" \/>\n<meta name=\"author\" content=\"Lorenzo Verduzco\" \/>\n<meta name=\"twitter:card\" content=\"summary_large_image\" \/>\n<meta name=\"twitter:label1\" content=\"Escrito por\" \/>\n\t<meta name=\"twitter:data1\" content=\"Lorenzo Verduzco\" \/>\n\t<meta name=\"twitter:label2\" content=\"Tiempo de lectura\" \/>\n\t<meta name=\"twitter:data2\" content=\"4 minutos\" \/>\n<script type=\"application\/ld+json\" class=\"yoast-schema-graph\">{\"@context\":\"https:\\\/\\\/schema.org\",\"@graph\":[{\"@type\":\"Article\",\"@id\":\"https:\\\/\\\/interamerica.org\\\/es\\\/2013\\\/03\\\/concentracion-en-angola-fomenta-la-obra-de-los-grupos-pequenos\\\/#article\",\"isPartOf\":{\"@id\":\"https:\\\/\\\/interamerica.org\\\/es\\\/2013\\\/03\\\/concentracion-en-angola-fomenta-la-obra-de-los-grupos-pequenos\\\/\"},\"author\":{\"name\":\"Lorenzo Verduzco\",\"@id\":\"https:\\\/\\\/interamerica.org\\\/es\\\/#\\\/schema\\\/person\\\/68ede8bdc292885bb76c1e3810e73c39\"},\"headline\":\"Concentraci\u00f3n en Angola fomenta la obra de los grupos peque\u00f1os\",\"datePublished\":\"2013-03-11T04:00:00+00:00\",\"mainEntityOfPage\":{\"@id\":\"https:\\\/\\\/interamerica.org\\\/es\\\/2013\\\/03\\\/concentracion-en-angola-fomenta-la-obra-de-los-grupos-pequenos\\\/\"},\"wordCount\":819,\"image\":{\"@id\":\"https:\\\/\\\/interamerica.org\\\/es\\\/2013\\\/03\\\/concentracion-en-angola-fomenta-la-obra-de-los-grupos-pequenos\\\/#primaryimage\"},\"thumbnailUrl\":\"https:\\\/\\\/interamerica.org\\\/wp-content\\\/uploads\\\/2017\\\/06\\\/paul-ratsara-web-315x237.jpg\",\"articleSection\":[\"Desde la iglesia mundial\"],\"inLanguage\":\"es\"},{\"@type\":\"WebPage\",\"@id\":\"https:\\\/\\\/interamerica.org\\\/es\\\/2013\\\/03\\\/concentracion-en-angola-fomenta-la-obra-de-los-grupos-pequenos\\\/\",\"url\":\"https:\\\/\\\/interamerica.org\\\/es\\\/2013\\\/03\\\/concentracion-en-angola-fomenta-la-obra-de-los-grupos-pequenos\\\/\",\"name\":\"Concentraci\u00f3n en Angola fomenta la obra de los grupos peque\u00f1os - Iglesia Adventista del S\u00e9ptimo D\u00eda - Divisi\u00f3n Interamericana\",\"isPartOf\":{\"@id\":\"https:\\\/\\\/interamerica.org\\\/es\\\/#website\"},\"primaryImageOfPage\":{\"@id\":\"https:\\\/\\\/interamerica.org\\\/es\\\/2013\\\/03\\\/concentracion-en-angola-fomenta-la-obra-de-los-grupos-pequenos\\\/#primaryimage\"},\"image\":{\"@id\":\"https:\\\/\\\/interamerica.org\\\/es\\\/2013\\\/03\\\/concentracion-en-angola-fomenta-la-obra-de-los-grupos-pequenos\\\/#primaryimage\"},\"thumbnailUrl\":\"https:\\\/\\\/interamerica.org\\\/wp-content\\\/uploads\\\/2017\\\/06\\\/paul-ratsara-web-315x237.jpg\",\"datePublished\":\"2013-03-11T04:00:00+00:00\",\"author\":{\"@id\":\"https:\\\/\\\/interamerica.org\\\/es\\\/#\\\/schema\\\/person\\\/68ede8bdc292885bb76c1e3810e73c39\"},\"breadcrumb\":{\"@id\":\"https:\\\/\\\/interamerica.org\\\/es\\\/2013\\\/03\\\/concentracion-en-angola-fomenta-la-obra-de-los-grupos-pequenos\\\/#breadcrumb\"},\"inLanguage\":\"es\",\"potentialAction\":[{\"@type\":\"ReadAction\",\"target\":[\"https:\\\/\\\/interamerica.org\\\/es\\\/2013\\\/03\\\/concentracion-en-angola-fomenta-la-obra-de-los-grupos-pequenos\\\/\"]}]},{\"@type\":\"ImageObject\",\"inLanguage\":\"es\",\"@id\":\"https:\\\/\\\/interamerica.org\\\/es\\\/2013\\\/03\\\/concentracion-en-angola-fomenta-la-obra-de-los-grupos-pequenos\\\/#primaryimage\",\"url\":\"https:\\\/\\\/interamerica.org\\\/wp-content\\\/uploads\\\/2017\\\/06\\\/paul-ratsara-web-315x237.jpg\",\"contentUrl\":\"https:\\\/\\\/interamerica.org\\\/wp-content\\\/uploads\\\/2017\\\/06\\\/paul-ratsara-web-315x237.jpg\",\"width\":315,\"height\":236},{\"@type\":\"BreadcrumbList\",\"@id\":\"https:\\\/\\\/interamerica.org\\\/es\\\/2013\\\/03\\\/concentracion-en-angola-fomenta-la-obra-de-los-grupos-pequenos\\\/#breadcrumb\",\"itemListElement\":[{\"@type\":\"ListItem\",\"position\":1,\"name\":\"Home\",\"item\":\"https:\\\/\\\/interamerica.org\\\/es\\\/\"},{\"@type\":\"ListItem\",\"position\":2,\"name\":\"Concentraci\u00f3n en Angola fomenta la obra de los grupos peque\u00f1os\"}]},{\"@type\":\"WebSite\",\"@id\":\"https:\\\/\\\/interamerica.org\\\/es\\\/#website\",\"url\":\"https:\\\/\\\/interamerica.org\\\/es\\\/\",\"name\":\"Iglesia Adventista del S\u00e9ptimo D\u00eda - Divisi\u00f3n Interamericana\",\"description\":\"\",\"potentialAction\":[{\"@type\":\"SearchAction\",\"target\":{\"@type\":\"EntryPoint\",\"urlTemplate\":\"https:\\\/\\\/interamerica.org\\\/es\\\/?s={search_term_string}\"},\"query-input\":{\"@type\":\"PropertyValueSpecification\",\"valueRequired\":true,\"valueName\":\"search_term_string\"}}],\"inLanguage\":\"es\"},{\"@type\":\"Person\",\"@id\":\"https:\\\/\\\/interamerica.org\\\/es\\\/#\\\/schema\\\/person\\\/68ede8bdc292885bb76c1e3810e73c39\",\"name\":\"Lorenzo Verduzco\",\"image\":{\"@type\":\"ImageObject\",\"inLanguage\":\"es\",\"@id\":\"https:\\\/\\\/secure.gravatar.com\\\/avatar\\\/fb81a55b6218459490a9c1dc841a34909185b81904c5337b4b27f7a6fd60c49e?s=96&d=mm&r=g\",\"url\":\"https:\\\/\\\/secure.gravatar.com\\\/avatar\\\/fb81a55b6218459490a9c1dc841a34909185b81904c5337b4b27f7a6fd60c49e?s=96&d=mm&r=g\",\"contentUrl\":\"https:\\\/\\\/secure.gravatar.com\\\/avatar\\\/fb81a55b6218459490a9c1dc841a34909185b81904c5337b4b27f7a6fd60c49e?s=96&d=mm&r=g\",\"caption\":\"Lorenzo Verduzco\"}}]}<\/script>\n<!-- \/ Yoast SEO plugin. -->","yoast_head_json":{"title":"Concentraci\u00f3n en Angola fomenta la obra de los grupos peque\u00f1os - Iglesia Adventista del S\u00e9ptimo D\u00eda - Divisi\u00f3n Interamericana","robots":{"index":"index","follow":"follow","max-snippet":"max-snippet:-1","max-image-preview":"max-image-preview:large","max-video-preview":"max-video-preview:-1"},"canonical":"https:\/\/interamerica.org\/es\/2013\/03\/concentracion-en-angola-fomenta-la-obra-de-los-grupos-pequenos\/","og_locale":"es_ES","og_type":"article","og_title":"Concentraci\u00f3n en Angola fomenta la obra de los grupos peque\u00f1os - Iglesia Adventista del S\u00e9ptimo D\u00eda - Divisi\u00f3n Interamericana","og_description":"Los l\u00edderes de la iglesia en \u00c1frica del Sur est\u00e1n coordinando la tarea de los ministerios de grupos peque\u00f1os a escala masiva en la ciudad de Luanda, en respuesta al llamado de la Iglesia Adventista mundial, que busca alcanzar a los grandes centros urbanos del planeta.","og_url":"https:\/\/interamerica.org\/es\/2013\/03\/concentracion-en-angola-fomenta-la-obra-de-los-grupos-pequenos\/","og_site_name":"Iglesia Adventista del S\u00e9ptimo D\u00eda - Divisi\u00f3n Interamericana","article_published_time":"2013-03-11T04:00:00+00:00","og_image":[{"width":315,"height":236,"url":"https:\/\/interamerica.org\/wp-content\/uploads\/2017\/06\/paul-ratsara-web-315x237.jpg","type":"image\/jpeg"}],"author":"Lorenzo Verduzco","twitter_card":"summary_large_image","twitter_misc":{"Escrito por":"Lorenzo Verduzco","Tiempo de lectura":"4 minutos"},"schema":{"@context":"https:\/\/schema.org","@graph":[{"@type":"Article","@id":"https:\/\/interamerica.org\/es\/2013\/03\/concentracion-en-angola-fomenta-la-obra-de-los-grupos-pequenos\/#article","isPartOf":{"@id":"https:\/\/interamerica.org\/es\/2013\/03\/concentracion-en-angola-fomenta-la-obra-de-los-grupos-pequenos\/"},"author":{"name":"Lorenzo Verduzco","@id":"https:\/\/interamerica.org\/es\/#\/schema\/person\/68ede8bdc292885bb76c1e3810e73c39"},"headline":"Concentraci\u00f3n en Angola fomenta la obra de los grupos peque\u00f1os","datePublished":"2013-03-11T04:00:00+00:00","mainEntityOfPage":{"@id":"https:\/\/interamerica.org\/es\/2013\/03\/concentracion-en-angola-fomenta-la-obra-de-los-grupos-pequenos\/"},"wordCount":819,"image":{"@id":"https:\/\/interamerica.org\/es\/2013\/03\/concentracion-en-angola-fomenta-la-obra-de-los-grupos-pequenos\/#primaryimage"},"thumbnailUrl":"https:\/\/interamerica.org\/wp-content\/uploads\/2017\/06\/paul-ratsara-web-315x237.jpg","articleSection":["Desde la iglesia mundial"],"inLanguage":"es"},{"@type":"WebPage","@id":"https:\/\/interamerica.org\/es\/2013\/03\/concentracion-en-angola-fomenta-la-obra-de-los-grupos-pequenos\/","url":"https:\/\/interamerica.org\/es\/2013\/03\/concentracion-en-angola-fomenta-la-obra-de-los-grupos-pequenos\/","name":"Concentraci\u00f3n en Angola fomenta la obra de los grupos peque\u00f1os - Iglesia Adventista del S\u00e9ptimo D\u00eda - Divisi\u00f3n Interamericana","isPartOf":{"@id":"https:\/\/interamerica.org\/es\/#website"},"primaryImageOfPage":{"@id":"https:\/\/interamerica.org\/es\/2013\/03\/concentracion-en-angola-fomenta-la-obra-de-los-grupos-pequenos\/#primaryimage"},"image":{"@id":"https:\/\/interamerica.org\/es\/2013\/03\/concentracion-en-angola-fomenta-la-obra-de-los-grupos-pequenos\/#primaryimage"},"thumbnailUrl":"https:\/\/interamerica.org\/wp-content\/uploads\/2017\/06\/paul-ratsara-web-315x237.jpg","datePublished":"2013-03-11T04:00:00+00:00","author":{"@id":"https:\/\/interamerica.org\/es\/#\/schema\/person\/68ede8bdc292885bb76c1e3810e73c39"},"breadcrumb":{"@id":"https:\/\/interamerica.org\/es\/2013\/03\/concentracion-en-angola-fomenta-la-obra-de-los-grupos-pequenos\/#breadcrumb"},"inLanguage":"es","potentialAction":[{"@type":"ReadAction","target":["https:\/\/interamerica.org\/es\/2013\/03\/concentracion-en-angola-fomenta-la-obra-de-los-grupos-pequenos\/"]}]},{"@type":"ImageObject","inLanguage":"es","@id":"https:\/\/interamerica.org\/es\/2013\/03\/concentracion-en-angola-fomenta-la-obra-de-los-grupos-pequenos\/#primaryimage","url":"https:\/\/interamerica.org\/wp-content\/uploads\/2017\/06\/paul-ratsara-web-315x237.jpg","contentUrl":"https:\/\/interamerica.org\/wp-content\/uploads\/2017\/06\/paul-ratsara-web-315x237.jpg","width":315,"height":236},{"@type":"BreadcrumbList","@id":"https:\/\/interamerica.org\/es\/2013\/03\/concentracion-en-angola-fomenta-la-obra-de-los-grupos-pequenos\/#breadcrumb","itemListElement":[{"@type":"ListItem","position":1,"name":"Home","item":"https:\/\/interamerica.org\/es\/"},{"@type":"ListItem","position":2,"name":"Concentraci\u00f3n en Angola fomenta la obra de los grupos peque\u00f1os"}]},{"@type":"WebSite","@id":"https:\/\/interamerica.org\/es\/#website","url":"https:\/\/interamerica.org\/es\/","name":"Iglesia Adventista del S\u00e9ptimo D\u00eda - Divisi\u00f3n Interamericana","description":"","potentialAction":[{"@type":"SearchAction","target":{"@type":"EntryPoint","urlTemplate":"https:\/\/interamerica.org\/es\/?s={search_term_string}"},"query-input":{"@type":"PropertyValueSpecification","valueRequired":true,"valueName":"search_term_string"}}],"inLanguage":"es"},{"@type":"Person","@id":"https:\/\/interamerica.org\/es\/#\/schema\/person\/68ede8bdc292885bb76c1e3810e73c39","name":"Lorenzo Verduzco","image":{"@type":"ImageObject","inLanguage":"es","@id":"https:\/\/secure.gravatar.com\/avatar\/fb81a55b6218459490a9c1dc841a34909185b81904c5337b4b27f7a6fd60c49e?s=96&d=mm&r=g","url":"https:\/\/secure.gravatar.com\/avatar\/fb81a55b6218459490a9c1dc841a34909185b81904c5337b4b27f7a6fd60c49e?s=96&d=mm&r=g","contentUrl":"https:\/\/secure.gravatar.com\/avatar\/fb81a55b6218459490a9c1dc841a34909185b81904c5337b4b27f7a6fd60c49e?s=96&d=mm&r=g","caption":"Lorenzo Verduzco"}}]}},"_links":{"self":[{"href":"https:\/\/interamerica.org\/es\/wp-json\/wp\/v2\/posts\/30179","targetHints":{"allow":["GET"]}}],"collection":[{"href":"https:\/\/interamerica.org\/es\/wp-json\/wp\/v2\/posts"}],"about":[{"href":"https:\/\/interamerica.org\/es\/wp-json\/wp\/v2\/types\/post"}],"author":[{"embeddable":true,"href":"https:\/\/interamerica.org\/es\/wp-json\/wp\/v2\/users\/1"}],"replies":[{"embeddable":true,"href":"https:\/\/interamerica.org\/es\/wp-json\/wp\/v2\/comments?post=30179"}],"version-history":[{"count":0,"href":"https:\/\/interamerica.org\/es\/wp-json\/wp\/v2\/posts\/30179\/revisions"}],"wp:featuredmedia":[{"embeddable":true,"href":"https:\/\/interamerica.org\/es\/wp-json\/wp\/v2\/media\/21045"}],"wp:attachment":[{"href":"https:\/\/interamerica.org\/es\/wp-json\/wp\/v2\/media?parent=30179"}],"wp:term":[{"taxonomy":"category","embeddable":true,"href":"https:\/\/interamerica.org\/es\/wp-json\/wp\/v2\/categories?post=30179"},{"taxonomy":"post_tag","embeddable":true,"href":"https:\/\/interamerica.org\/es\/wp-json\/wp\/v2\/tags?post=30179"}],"curies":[{"name":"wp","href":"https:\/\/api.w.org\/{rel}","templated":true}]}}