{"id":30197,"date":"2013-03-26T00:00:00","date_gmt":"2013-03-26T04:00:00","guid":{"rendered":"http:\/\/192.81.217.108\/interamerica\/2013\/03\/en-el-oriente-medio-el-pastor-wilson-ratifica-servicio-de-comunion-de-miembros-de-la-iglesia\/"},"modified":"2013-03-26T00:00:00","modified_gmt":"2013-03-26T04:00:00","slug":"en-el-oriente-medio-el-pastor-wilson-ratifica-servicio-de-comunion-de-miembros-de-la-iglesia","status":"publish","type":"post","link":"https:\/\/interamerica.org\/es\/2013\/03\/en-el-oriente-medio-el-pastor-wilson-ratifica-servicio-de-comunion-de-miembros-de-la-iglesia\/","title":{"rendered":"En el Oriente Medio, el Pastor  Wilson ratifica servicio de comuni\u00f3n de miembros de la iglesia"},"content":{"rendered":"<p>25 de marzo de 2013, Silver Spring, Maryland, Estados Unidos&#8230;personal ANN<\/p>\n<p>Para el presidente de la Iglesia Adventista del S\u00e9ptimo D\u00eda mundial, Ted N. C. Wilson, su visita pastoral al Medio Oriente la semana pasada, fue una oportunidad para reafirmar a los miembros y ver las crecientes oportunidades que tienen para servir y apoyar sus comunidades.<\/p>\n<div id=\"attachment_7449\" style=\"width: 310px\" class=\"wp-caption alignright\"><a href=\"\/interamerica\/wp-content\/uploads\/2017\/06\/mena-visit-web.jpg\" rel=\"fancybox\" title=\"En el Oriente Medio, el Pastor  Wilson ratifica servicio de comuni\u00f3n de miembros de la iglesia\"><img fetchpriority=\"high\" decoding=\"async\" aria-describedby=\"caption-attachment-7449\" class=\"size-medium wp-image-7449\" title=\"mena-visit-web\" src=\"\/interamerica\/wp-content\/uploads\/2017\/06\/mena-visit-web-300x225.jpg\" alt=\"\" width=\"300\" height=\"225\" \/><\/a><p id=\"caption-attachment-7449\" class=\"wp-caption-text\">El presidente de la Iglesia Adventista, Ted N. C. Wilson, ora con ni\u00f1os de la iglesia adventista situada en la Uni\u00f3n del Medio Oriente y Noreste de \u00c1frica de la denominaci\u00f3n, la semana pasada. El Pastor hizo visitas pastorales a varias Iglesias y escuelas en esa regi\u00f3n. Fotograf\u00eda cortes\u00eda del personal MENA.<\/p><\/div>\n<p>El presidente de la Iglesia Adventista, Ted N. C. Wilson, ora con ni\u00f1os de la iglesia adventista situada en la Uni\u00f3n del Medio Oriente y Noreste de \u00c1frica de la denominaci\u00f3n, la semana pasada. El Pastor hizo visitas pastorales a varias Iglesias y escuelas en esa regi\u00f3n. Fotograf\u00eda cortes\u00eda del personal MENA.[\/caption]<\/p>\n<p>El l\u00edder de la iglesia mundial se reuni\u00f3 con miembros adventistas en hogares e iglesias, en pa\u00edses que son parte de la Uni\u00f3n del Medio Oriente y Noreste de \u00c1frica de la denominaci\u00f3n.<\/p>\n<p>El Pastor Wilson inform\u00f3 sobre un aumento de las actividades que los adventistas del s\u00e9ptimo d\u00eda est\u00e1n llevando a cabo para ejercer un impacto en la regi\u00f3n.<\/p>\n<p>\u201cLa Iglesia Adventista del S\u00e9ptimo D\u00eda est\u00e1 comprometida a enriquecer y marcar una diferencia en la calidad de vida de las comunidades locales, de la misma manera como lo hace en todas las regiones del mundo en donde opera\u201d, dijo el Pastor Wilson. \u201cFue inspirador ver el n\u00famero creciente de adventistas que est\u00e1n prestando sus servicios en favor de sus vecindarios y ciudades en esa zona\u201d.<\/p>\n<p>En el territorio de esta uni\u00f3n viven aproximadamente 500 millones de personas. Incluye unas 220 ciudades con m\u00e1s de un mill\u00f3n de habitantes.<\/p>\n<p>El presidente Wilson dijo tambi\u00e9n que los dirigentes y miembros contin\u00faan encontrando formas de dar a conocer el mensaje de la Biblia y de ayudar a la gente a aprender m\u00e1s acerca de Dios. \u201cNuestros hermanos y hermanas de este lugar est\u00e1n haciendo lo que pueden para hacer saber a las personas que Dios las ama y por qu\u00e9 es tan importante fortalecer su relaci\u00f3n con \u00e9l\u201d.<\/p>\n<p>Su visita a esta regi\u00f3n incluy\u00f3 tambi\u00e9n una reuni\u00f3n con estudiantes y personal de la Universidad del Oriente Medio de la iglesia, en Beirut, L\u00edbano. El mes pasado, la universidad inaugur\u00f3 un centro comunitario para prestar servicios a sus vecinos.<\/p>\n<p>El presidente Wilson solicit\u00f3 a la iglesia mundial que orarse por el Medio Oriente, \u201cuna regi\u00f3n con importantes desaf\u00edos, pero que es el hogar de personas que realmente desean la paz\u201d, dijo.<\/p>\n<p>Traducci\u00f3n por Gloria A. Castrej\u00f3n<\/p>\n","protected":false},"excerpt":{"rendered":"<p>Para el presidente de la Iglesia Adventista del S\u00e9ptimo D\u00eda mundial, Ted N. C. Wilson, su visita pastoral al Medio Oriente la semana pasada, fue una oportunidad para reafirmar a los miembros y ver las crecientes oportunidades que tienen para servir y apoyar sus comunidades.<\/p>\n","protected":false},"author":1,"featured_media":21166,"comment_status":"closed","ping_status":"closed","sticky":false,"template":"","format":"standard","meta":{"_acf_changed":false,"footnotes":""},"categories":[14],"tags":[],"class_list":["post-30197","post","type-post","status-publish","format-standard","has-post-thumbnail","hentry","category-de-la-iglesia-mundial"],"acf":[],"yoast_head":"<!-- This site is optimized with the Yoast SEO plugin v27.3 - https:\/\/yoast.com\/product\/yoast-seo-wordpress\/ -->\n<title>En el Oriente Medio, el Pastor Wilson ratifica servicio de comuni\u00f3n de miembros de la iglesia - Iglesia Adventista del S\u00e9ptimo D\u00eda - Divisi\u00f3n Interamericana<\/title>\n<meta name=\"robots\" content=\"index, follow, max-snippet:-1, max-image-preview:large, max-video-preview:-1\" \/>\n<link rel=\"canonical\" href=\"https:\/\/interamerica.org\/es\/2013\/03\/en-el-oriente-medio-el-pastor-wilson-ratifica-servicio-de-comunion-de-miembros-de-la-iglesia\/\" \/>\n<meta property=\"og:locale\" content=\"es_ES\" \/>\n<meta property=\"og:type\" content=\"article\" \/>\n<meta property=\"og:title\" content=\"En el Oriente Medio, el Pastor Wilson ratifica servicio de comuni\u00f3n de miembros de la iglesia - Iglesia Adventista del S\u00e9ptimo D\u00eda - Divisi\u00f3n Interamericana\" \/>\n<meta property=\"og:description\" content=\"Para el presidente de la Iglesia Adventista del S\u00e9ptimo D\u00eda mundial, Ted N. C. Wilson, su visita pastoral al Medio Oriente la semana pasada, fue una oportunidad para reafirmar a los miembros y ver las crecientes oportunidades que tienen para servir y apoyar sus comunidades.\" \/>\n<meta property=\"og:url\" content=\"https:\/\/interamerica.org\/es\/2013\/03\/en-el-oriente-medio-el-pastor-wilson-ratifica-servicio-de-comunion-de-miembros-de-la-iglesia\/\" \/>\n<meta property=\"og:site_name\" content=\"Iglesia Adventista del S\u00e9ptimo D\u00eda - Divisi\u00f3n Interamericana\" \/>\n<meta property=\"article:published_time\" content=\"2013-03-26T04:00:00+00:00\" \/>\n<meta property=\"og:image\" content=\"https:\/\/interamerica.org\/wp-content\/uploads\/2017\/06\/mena-visit-web.jpg\" \/>\n\t<meta property=\"og:image:width\" content=\"1200\" \/>\n\t<meta property=\"og:image:height\" content=\"900\" \/>\n\t<meta property=\"og:image:type\" content=\"image\/jpeg\" \/>\n<meta name=\"author\" content=\"Lorenzo Verduzco\" \/>\n<meta name=\"twitter:card\" content=\"summary_large_image\" \/>\n<meta name=\"twitter:label1\" content=\"Escrito por\" \/>\n\t<meta name=\"twitter:data1\" content=\"Lorenzo Verduzco\" \/>\n\t<meta name=\"twitter:label2\" content=\"Tiempo de lectura\" \/>\n\t<meta name=\"twitter:data2\" content=\"3 minutos\" \/>\n<script type=\"application\/ld+json\" class=\"yoast-schema-graph\">{\"@context\":\"https:\\\/\\\/schema.org\",\"@graph\":[{\"@type\":\"Article\",\"@id\":\"https:\\\/\\\/interamerica.org\\\/es\\\/2013\\\/03\\\/en-el-oriente-medio-el-pastor-wilson-ratifica-servicio-de-comunion-de-miembros-de-la-iglesia\\\/#article\",\"isPartOf\":{\"@id\":\"https:\\\/\\\/interamerica.org\\\/es\\\/2013\\\/03\\\/en-el-oriente-medio-el-pastor-wilson-ratifica-servicio-de-comunion-de-miembros-de-la-iglesia\\\/\"},\"author\":{\"name\":\"Lorenzo Verduzco\",\"@id\":\"https:\\\/\\\/interamerica.org\\\/es\\\/#\\\/schema\\\/person\\\/68ede8bdc292885bb76c1e3810e73c39\"},\"headline\":\"En el Oriente Medio, el Pastor Wilson ratifica servicio de comuni\u00f3n de miembros de la iglesia\",\"datePublished\":\"2013-03-26T04:00:00+00:00\",\"mainEntityOfPage\":{\"@id\":\"https:\\\/\\\/interamerica.org\\\/es\\\/2013\\\/03\\\/en-el-oriente-medio-el-pastor-wilson-ratifica-servicio-de-comunion-de-miembros-de-la-iglesia\\\/\"},\"wordCount\":517,\"image\":{\"@id\":\"https:\\\/\\\/interamerica.org\\\/es\\\/2013\\\/03\\\/en-el-oriente-medio-el-pastor-wilson-ratifica-servicio-de-comunion-de-miembros-de-la-iglesia\\\/#primaryimage\"},\"thumbnailUrl\":\"https:\\\/\\\/interamerica.org\\\/wp-content\\\/uploads\\\/2017\\\/06\\\/mena-visit-web.jpg\",\"articleSection\":[\"Desde la iglesia mundial\"],\"inLanguage\":\"es\"},{\"@type\":\"WebPage\",\"@id\":\"https:\\\/\\\/interamerica.org\\\/es\\\/2013\\\/03\\\/en-el-oriente-medio-el-pastor-wilson-ratifica-servicio-de-comunion-de-miembros-de-la-iglesia\\\/\",\"url\":\"https:\\\/\\\/interamerica.org\\\/es\\\/2013\\\/03\\\/en-el-oriente-medio-el-pastor-wilson-ratifica-servicio-de-comunion-de-miembros-de-la-iglesia\\\/\",\"name\":\"En el Oriente Medio, el Pastor Wilson ratifica servicio de comuni\u00f3n de miembros de la iglesia - Iglesia Adventista del S\u00e9ptimo D\u00eda - Divisi\u00f3n Interamericana\",\"isPartOf\":{\"@id\":\"https:\\\/\\\/interamerica.org\\\/es\\\/#website\"},\"primaryImageOfPage\":{\"@id\":\"https:\\\/\\\/interamerica.org\\\/es\\\/2013\\\/03\\\/en-el-oriente-medio-el-pastor-wilson-ratifica-servicio-de-comunion-de-miembros-de-la-iglesia\\\/#primaryimage\"},\"image\":{\"@id\":\"https:\\\/\\\/interamerica.org\\\/es\\\/2013\\\/03\\\/en-el-oriente-medio-el-pastor-wilson-ratifica-servicio-de-comunion-de-miembros-de-la-iglesia\\\/#primaryimage\"},\"thumbnailUrl\":\"https:\\\/\\\/interamerica.org\\\/wp-content\\\/uploads\\\/2017\\\/06\\\/mena-visit-web.jpg\",\"datePublished\":\"2013-03-26T04:00:00+00:00\",\"author\":{\"@id\":\"https:\\\/\\\/interamerica.org\\\/es\\\/#\\\/schema\\\/person\\\/68ede8bdc292885bb76c1e3810e73c39\"},\"breadcrumb\":{\"@id\":\"https:\\\/\\\/interamerica.org\\\/es\\\/2013\\\/03\\\/en-el-oriente-medio-el-pastor-wilson-ratifica-servicio-de-comunion-de-miembros-de-la-iglesia\\\/#breadcrumb\"},\"inLanguage\":\"es\",\"potentialAction\":[{\"@type\":\"ReadAction\",\"target\":[\"https:\\\/\\\/interamerica.org\\\/es\\\/2013\\\/03\\\/en-el-oriente-medio-el-pastor-wilson-ratifica-servicio-de-comunion-de-miembros-de-la-iglesia\\\/\"]}]},{\"@type\":\"ImageObject\",\"inLanguage\":\"es\",\"@id\":\"https:\\\/\\\/interamerica.org\\\/es\\\/2013\\\/03\\\/en-el-oriente-medio-el-pastor-wilson-ratifica-servicio-de-comunion-de-miembros-de-la-iglesia\\\/#primaryimage\",\"url\":\"https:\\\/\\\/interamerica.org\\\/wp-content\\\/uploads\\\/2017\\\/06\\\/mena-visit-web.jpg\",\"contentUrl\":\"https:\\\/\\\/interamerica.org\\\/wp-content\\\/uploads\\\/2017\\\/06\\\/mena-visit-web.jpg\",\"width\":1200,\"height\":900},{\"@type\":\"BreadcrumbList\",\"@id\":\"https:\\\/\\\/interamerica.org\\\/es\\\/2013\\\/03\\\/en-el-oriente-medio-el-pastor-wilson-ratifica-servicio-de-comunion-de-miembros-de-la-iglesia\\\/#breadcrumb\",\"itemListElement\":[{\"@type\":\"ListItem\",\"position\":1,\"name\":\"Home\",\"item\":\"https:\\\/\\\/interamerica.org\\\/es\\\/\"},{\"@type\":\"ListItem\",\"position\":2,\"name\":\"En el Oriente Medio, el Pastor Wilson ratifica servicio de comuni\u00f3n de miembros de la iglesia\"}]},{\"@type\":\"WebSite\",\"@id\":\"https:\\\/\\\/interamerica.org\\\/es\\\/#website\",\"url\":\"https:\\\/\\\/interamerica.org\\\/es\\\/\",\"name\":\"Iglesia Adventista del S\u00e9ptimo D\u00eda - Divisi\u00f3n Interamericana\",\"description\":\"\",\"potentialAction\":[{\"@type\":\"SearchAction\",\"target\":{\"@type\":\"EntryPoint\",\"urlTemplate\":\"https:\\\/\\\/interamerica.org\\\/es\\\/?s={search_term_string}\"},\"query-input\":{\"@type\":\"PropertyValueSpecification\",\"valueRequired\":true,\"valueName\":\"search_term_string\"}}],\"inLanguage\":\"es\"},{\"@type\":\"Person\",\"@id\":\"https:\\\/\\\/interamerica.org\\\/es\\\/#\\\/schema\\\/person\\\/68ede8bdc292885bb76c1e3810e73c39\",\"name\":\"Lorenzo Verduzco\",\"image\":{\"@type\":\"ImageObject\",\"inLanguage\":\"es\",\"@id\":\"https:\\\/\\\/secure.gravatar.com\\\/avatar\\\/fb81a55b6218459490a9c1dc841a34909185b81904c5337b4b27f7a6fd60c49e?s=96&d=mm&r=g\",\"url\":\"https:\\\/\\\/secure.gravatar.com\\\/avatar\\\/fb81a55b6218459490a9c1dc841a34909185b81904c5337b4b27f7a6fd60c49e?s=96&d=mm&r=g\",\"contentUrl\":\"https:\\\/\\\/secure.gravatar.com\\\/avatar\\\/fb81a55b6218459490a9c1dc841a34909185b81904c5337b4b27f7a6fd60c49e?s=96&d=mm&r=g\",\"caption\":\"Lorenzo Verduzco\"}}]}<\/script>\n<!-- \/ Yoast SEO plugin. -->","yoast_head_json":{"title":"En el Oriente Medio, el Pastor Wilson ratifica servicio de comuni\u00f3n de miembros de la iglesia - Iglesia Adventista del S\u00e9ptimo D\u00eda - Divisi\u00f3n Interamericana","robots":{"index":"index","follow":"follow","max-snippet":"max-snippet:-1","max-image-preview":"max-image-preview:large","max-video-preview":"max-video-preview:-1"},"canonical":"https:\/\/interamerica.org\/es\/2013\/03\/en-el-oriente-medio-el-pastor-wilson-ratifica-servicio-de-comunion-de-miembros-de-la-iglesia\/","og_locale":"es_ES","og_type":"article","og_title":"En el Oriente Medio, el Pastor Wilson ratifica servicio de comuni\u00f3n de miembros de la iglesia - Iglesia Adventista del S\u00e9ptimo D\u00eda - Divisi\u00f3n Interamericana","og_description":"Para el presidente de la Iglesia Adventista del S\u00e9ptimo D\u00eda mundial, Ted N. C. Wilson, su visita pastoral al Medio Oriente la semana pasada, fue una oportunidad para reafirmar a los miembros y ver las crecientes oportunidades que tienen para servir y apoyar sus comunidades.","og_url":"https:\/\/interamerica.org\/es\/2013\/03\/en-el-oriente-medio-el-pastor-wilson-ratifica-servicio-de-comunion-de-miembros-de-la-iglesia\/","og_site_name":"Iglesia Adventista del S\u00e9ptimo D\u00eda - Divisi\u00f3n Interamericana","article_published_time":"2013-03-26T04:00:00+00:00","og_image":[{"width":1200,"height":900,"url":"https:\/\/interamerica.org\/wp-content\/uploads\/2017\/06\/mena-visit-web.jpg","type":"image\/jpeg"}],"author":"Lorenzo Verduzco","twitter_card":"summary_large_image","twitter_misc":{"Escrito por":"Lorenzo Verduzco","Tiempo de lectura":"3 minutos"},"schema":{"@context":"https:\/\/schema.org","@graph":[{"@type":"Article","@id":"https:\/\/interamerica.org\/es\/2013\/03\/en-el-oriente-medio-el-pastor-wilson-ratifica-servicio-de-comunion-de-miembros-de-la-iglesia\/#article","isPartOf":{"@id":"https:\/\/interamerica.org\/es\/2013\/03\/en-el-oriente-medio-el-pastor-wilson-ratifica-servicio-de-comunion-de-miembros-de-la-iglesia\/"},"author":{"name":"Lorenzo Verduzco","@id":"https:\/\/interamerica.org\/es\/#\/schema\/person\/68ede8bdc292885bb76c1e3810e73c39"},"headline":"En el Oriente Medio, el Pastor Wilson ratifica servicio de comuni\u00f3n de miembros de la iglesia","datePublished":"2013-03-26T04:00:00+00:00","mainEntityOfPage":{"@id":"https:\/\/interamerica.org\/es\/2013\/03\/en-el-oriente-medio-el-pastor-wilson-ratifica-servicio-de-comunion-de-miembros-de-la-iglesia\/"},"wordCount":517,"image":{"@id":"https:\/\/interamerica.org\/es\/2013\/03\/en-el-oriente-medio-el-pastor-wilson-ratifica-servicio-de-comunion-de-miembros-de-la-iglesia\/#primaryimage"},"thumbnailUrl":"https:\/\/interamerica.org\/wp-content\/uploads\/2017\/06\/mena-visit-web.jpg","articleSection":["Desde la iglesia mundial"],"inLanguage":"es"},{"@type":"WebPage","@id":"https:\/\/interamerica.org\/es\/2013\/03\/en-el-oriente-medio-el-pastor-wilson-ratifica-servicio-de-comunion-de-miembros-de-la-iglesia\/","url":"https:\/\/interamerica.org\/es\/2013\/03\/en-el-oriente-medio-el-pastor-wilson-ratifica-servicio-de-comunion-de-miembros-de-la-iglesia\/","name":"En el Oriente Medio, el Pastor Wilson ratifica servicio de comuni\u00f3n de miembros de la iglesia - Iglesia Adventista del S\u00e9ptimo D\u00eda - Divisi\u00f3n Interamericana","isPartOf":{"@id":"https:\/\/interamerica.org\/es\/#website"},"primaryImageOfPage":{"@id":"https:\/\/interamerica.org\/es\/2013\/03\/en-el-oriente-medio-el-pastor-wilson-ratifica-servicio-de-comunion-de-miembros-de-la-iglesia\/#primaryimage"},"image":{"@id":"https:\/\/interamerica.org\/es\/2013\/03\/en-el-oriente-medio-el-pastor-wilson-ratifica-servicio-de-comunion-de-miembros-de-la-iglesia\/#primaryimage"},"thumbnailUrl":"https:\/\/interamerica.org\/wp-content\/uploads\/2017\/06\/mena-visit-web.jpg","datePublished":"2013-03-26T04:00:00+00:00","author":{"@id":"https:\/\/interamerica.org\/es\/#\/schema\/person\/68ede8bdc292885bb76c1e3810e73c39"},"breadcrumb":{"@id":"https:\/\/interamerica.org\/es\/2013\/03\/en-el-oriente-medio-el-pastor-wilson-ratifica-servicio-de-comunion-de-miembros-de-la-iglesia\/#breadcrumb"},"inLanguage":"es","potentialAction":[{"@type":"ReadAction","target":["https:\/\/interamerica.org\/es\/2013\/03\/en-el-oriente-medio-el-pastor-wilson-ratifica-servicio-de-comunion-de-miembros-de-la-iglesia\/"]}]},{"@type":"ImageObject","inLanguage":"es","@id":"https:\/\/interamerica.org\/es\/2013\/03\/en-el-oriente-medio-el-pastor-wilson-ratifica-servicio-de-comunion-de-miembros-de-la-iglesia\/#primaryimage","url":"https:\/\/interamerica.org\/wp-content\/uploads\/2017\/06\/mena-visit-web.jpg","contentUrl":"https:\/\/interamerica.org\/wp-content\/uploads\/2017\/06\/mena-visit-web.jpg","width":1200,"height":900},{"@type":"BreadcrumbList","@id":"https:\/\/interamerica.org\/es\/2013\/03\/en-el-oriente-medio-el-pastor-wilson-ratifica-servicio-de-comunion-de-miembros-de-la-iglesia\/#breadcrumb","itemListElement":[{"@type":"ListItem","position":1,"name":"Home","item":"https:\/\/interamerica.org\/es\/"},{"@type":"ListItem","position":2,"name":"En el Oriente Medio, el Pastor Wilson ratifica servicio de comuni\u00f3n de miembros de la iglesia"}]},{"@type":"WebSite","@id":"https:\/\/interamerica.org\/es\/#website","url":"https:\/\/interamerica.org\/es\/","name":"Iglesia Adventista del S\u00e9ptimo D\u00eda - Divisi\u00f3n Interamericana","description":"","potentialAction":[{"@type":"SearchAction","target":{"@type":"EntryPoint","urlTemplate":"https:\/\/interamerica.org\/es\/?s={search_term_string}"},"query-input":{"@type":"PropertyValueSpecification","valueRequired":true,"valueName":"search_term_string"}}],"inLanguage":"es"},{"@type":"Person","@id":"https:\/\/interamerica.org\/es\/#\/schema\/person\/68ede8bdc292885bb76c1e3810e73c39","name":"Lorenzo Verduzco","image":{"@type":"ImageObject","inLanguage":"es","@id":"https:\/\/secure.gravatar.com\/avatar\/fb81a55b6218459490a9c1dc841a34909185b81904c5337b4b27f7a6fd60c49e?s=96&d=mm&r=g","url":"https:\/\/secure.gravatar.com\/avatar\/fb81a55b6218459490a9c1dc841a34909185b81904c5337b4b27f7a6fd60c49e?s=96&d=mm&r=g","contentUrl":"https:\/\/secure.gravatar.com\/avatar\/fb81a55b6218459490a9c1dc841a34909185b81904c5337b4b27f7a6fd60c49e?s=96&d=mm&r=g","caption":"Lorenzo Verduzco"}}]}},"_links":{"self":[{"href":"https:\/\/interamerica.org\/es\/wp-json\/wp\/v2\/posts\/30197","targetHints":{"allow":["GET"]}}],"collection":[{"href":"https:\/\/interamerica.org\/es\/wp-json\/wp\/v2\/posts"}],"about":[{"href":"https:\/\/interamerica.org\/es\/wp-json\/wp\/v2\/types\/post"}],"author":[{"embeddable":true,"href":"https:\/\/interamerica.org\/es\/wp-json\/wp\/v2\/users\/1"}],"replies":[{"embeddable":true,"href":"https:\/\/interamerica.org\/es\/wp-json\/wp\/v2\/comments?post=30197"}],"version-history":[{"count":0,"href":"https:\/\/interamerica.org\/es\/wp-json\/wp\/v2\/posts\/30197\/revisions"}],"wp:featuredmedia":[{"embeddable":true,"href":"https:\/\/interamerica.org\/es\/wp-json\/wp\/v2\/media\/21166"}],"wp:attachment":[{"href":"https:\/\/interamerica.org\/es\/wp-json\/wp\/v2\/media?parent=30197"}],"wp:term":[{"taxonomy":"category","embeddable":true,"href":"https:\/\/interamerica.org\/es\/wp-json\/wp\/v2\/categories?post=30197"},{"taxonomy":"post_tag","embeddable":true,"href":"https:\/\/interamerica.org\/es\/wp-json\/wp\/v2\/tags?post=30197"}],"curies":[{"name":"wp","href":"https:\/\/api.w.org\/{rel}","templated":true}]}}