{"id":30198,"date":"2013-03-27T00:00:00","date_gmt":"2013-03-27T04:00:00","guid":{"rendered":"http:\/\/192.81.217.108\/interamerica\/2013\/03\/republica-centroafricana-los-miembros-no-han-sido-tan-afectados-por-el-golpe-de-estado\/"},"modified":"2013-03-27T00:00:00","modified_gmt":"2013-03-27T04:00:00","slug":"republica-centroafricana-los-miembros-no-han-sido-tan-afectados-por-el-golpe-de-estado","status":"publish","type":"post","link":"https:\/\/interamerica.org\/es\/2013\/03\/republica-centroafricana-los-miembros-no-han-sido-tan-afectados-por-el-golpe-de-estado\/","title":{"rendered":"Rep\u00fablica Centroafricana: Los miembros no han sido tan afectados por el golpe de estado"},"content":{"rendered":"<p>26 de marzo de 2013 Yaund\u00e9, Camer\u00fan&#8230;Abraham Bakari CAUM\/Red de Noticias Adventistas<\/p>\n<p>Los saqueos masivos del pasado domingo en la capital de la Rep\u00fablica Centroafricana no han afectado las operaciones de la Iglesia Adventista, pero varios incidentes en los meses recientes han cobrado su precio en unos pocos empleados de la iglesia en medio de la continua guerra civil.<\/p>\n<div id=\"attachment_7461\" style=\"width: 310px\" class=\"wp-caption alignleft\"><a href=\"\/interamerica\/wp-content\/uploads\/2017\/06\/CAR-map-inside-315x290.jpg\" rel=\"fancybox\" title=\"Rep\u00fablica Centroafricana: Los miembros no han sido tan afectados por el golpe de estado\"><img fetchpriority=\"high\" decoding=\"async\" aria-describedby=\"caption-attachment-7461\" class=\"size-medium wp-image-7461\" src=\"\/interamerica\/wp-content\/uploads\/2017\/06\/CAR-map-inside-315x290-300x276.jpg\" alt=\"\" width=\"300\" height=\"276\" \/><\/a><p id=\"caption-attachment-7461\" class=\"wp-caption-text\">Gr\u00e1fico de Tanya Holland\/ANN<\/p><\/div>\n<p>La Iglesia Adventista de esta naci\u00f3n mediterr\u00e1nea africana organiz\u00f3 una procesi\u00f3n de la paz hace algunas semanas, pero en enero, un obrero de la misi\u00f3n recibi\u00f3 una paliza y un pastor fue arrestado por soldados rebeldes en un caso de identidad equivocada.<\/p>\n<p>Los informes de los medios indican que Fran\u00e7ois Bozize, presidente de la Rep\u00fablica Centroafricana, huy\u00f3 del pa\u00eds el pasado fin de semana, lo que hizo que Michel Djotidia, l\u00edder rebelde del grupo denominado Seleka, se proclame presidente.<\/p>\n<p>M\u00e1s de de una decena de soldados sudafricanos que apoyaban al presidente perdieron la vida durante la toma de la ciudad por parte de los rebeldes, inform\u00f3 Reuters. Este es el \u00faltimo golpe de estado en un pa\u00eds conocido por transiciones de este tipo desde que el pa\u00eds se independiz\u00f3 de Francia en 1960.<\/p>\n<p>James Kouedi, tesorero de la Misi\u00f3n de la Rep\u00fablica Centroafricana de la Iglesia Adventista, dijo que se aconsej\u00f3 a los miembros que se dirijan directamente a sus hogares despu\u00e9s del culto del pasado s\u00e1bado, al momento en que los rebeldes ingresaban en la ciudad.<\/p>\n<p>Gueret Jean Jacques, presidente de la misi\u00f3n, inform\u00f3 que el orden parece estar retornando lentamente a la ciudad capital de Bangui, donde viven unas seiscientas mil personas. En una entrevista telef\u00f3nica en el d\u00eda de ayer, dijo que a\u00fan existe agitaci\u00f3n y algunos problemas de seguridad, y que desde el s\u00e1bado no hay ni servicio de agua ni electricidad.<\/p>\n<p>En el pa\u00eds hay m\u00e1s de 10.300 miembros de la Iglesia Adventista, y trabajan all\u00ed seis pastores y diez pioneros de Misi\u00f3n Global.<\/p>\n<p>Los eventos de los \u00faltimos d\u00edas han ido juntando presi\u00f3n desde el a\u00f1o pasado. La rebeli\u00f3n Seleka (t\u00e9rmino que significa \u201cAlianza\u201d o \u201cSolidaridad\u201d en la lengua sango, que se habla en el pa\u00eds) fue generalizada, hasta que en enero pasado se firm\u00f3 un acuerdo con el gobierno. Este, sin embargo, fue descartado poco tiempo despu\u00e9s, lo que motiv\u00f3 el inicio de los episodios actuales de lucha.<\/p>\n<p>Jacques invit\u00f3 a los miembros de la iglesia y de la comunidad a que participen de una procesi\u00f3n de paz hace algunas semanas. Unas quinientas personas participaron de la marcha.<\/p>\n<p>Ning\u00fan miembro ha perdido la vida en el conflicto, aunque unos pocos han sido heridos. En diciembre, en la ciudad de Bambari, el hogar del pastor Mavoulet Marious y su familia fue alcanzado por un cohete y por disparos. Todos salieron ilesos.<\/p>\n<p>En enero, Marious fue arrestado despu\u00e9s de que los soldados rebeldes confundieron su traje de los Conquistadores Adventistas con un uniforme militar del gobierno, pero pronto fue liberado.<\/p>\n<p>En la ciudad de Sibut, el misionero pionero Ngate Benjamin recibi\u00f3 una paliza de parte de los soldados rebeldes y, entre otras heridas, perdi\u00f3 un diente. En su casa se albergaba un miembro de iglesia que cumpl\u00eda funciones en las Fuerzas Armadas del gobierno. El hombre se enter\u00f3 de las noticias y se rindi\u00f3 al ej\u00e9rcito rebelde para garantizar la liberaci\u00f3n de Benjamin. Los l\u00edderes de la iglesia dicen que estos incidentes aislados no han interrumpido sin embargo las actividades de la iglesia.<\/p>\n<p>La Iglesia Adventista lleg\u00f3 al pa\u00eds en 1960 por medio de la obra del misionero Jean Kempf y su esposa.<\/p>\n<p>Aunque el pa\u00eds es muy rico en dep\u00f3sitos minerales, petr\u00f3leo y piedras preciosas, la pobreza generalizada representa un gran desaf\u00edo para el evangelismo. La misi\u00f3n no ha alcanzado el sost\u00e9n propio y depende de subvenciones. Hay menos pastores que misioneros pioneros.<\/p>\n<p>En los \u00faltimos a\u00f1os, varios estudiantes fueron enviados a la Universidad Adventista Cosendai en Nanga Eboko (Camer\u00fan), para estudiar teolog\u00eda y educaci\u00f3n. Algunos de los l\u00edderes de la misi\u00f3n est\u00e1n siguiendo programas de estudio en la Universidad Adventista del \u00c1frica.<\/p>\n<p>Entre las instituciones de la iglesia que se destacan en el pa\u00eds est\u00e1 el Colegio Adventista de Bangui, muy reconocida en la ciudad, que ofrece educaci\u00f3n primaria y secundaria. Actualmente cuenta con unos quinientos estudiantes.<\/p>\n<p>Asimismo, el gobierno le otorg\u00f3 hace poco a la Iglesia Adventista treinta hect\u00e1reas para crear una Universidad Adventista en las afueras de la ciudad capital, y otras tres hect\u00e1reas para la construcci\u00f3n de la nueva sede de la iglesia en el pa\u00eds.<\/p>\n<p>Se espera que Bangui sea la sede de una nueva uni\u00f3n de la Iglesia Adventista que se espera crear m\u00e1s cerca de fin de a\u00f1o. La uni\u00f3n conservar\u00eda el nombre \u201cUni\u00f3n Misi\u00f3n de \u00c1frica Central\u201d, y tambi\u00e9n abarcar\u00eda a Chad, Congo, Gab\u00f3n y Guinea Ecuatorial. Camer\u00fan, que actualmente se encuentra en esa uni\u00f3n, llegar\u00eda a formar una uni\u00f3n propia.<\/p>\n<p><em>Traducci\u00f3n de Marcos Paseggi<\/em><\/p>\n","protected":false},"excerpt":{"rendered":"<p>Los saqueos masivos del pasado domingo en la capital de la Rep\u00fablica Centroafricana no han afectado las operaciones de la Iglesia Adventista, pero varios incidentes en los meses recientes han cobrado su precio en unos pocos empleados de la iglesia en medio de la continua guerra civil.<\/p>\n","protected":false},"author":1,"featured_media":21170,"comment_status":"closed","ping_status":"closed","sticky":false,"template":"","format":"standard","meta":{"_acf_changed":false,"footnotes":""},"categories":[14],"tags":[],"class_list":["post-30198","post","type-post","status-publish","format-standard","has-post-thumbnail","hentry","category-de-la-iglesia-mundial"],"acf":[],"yoast_head":"<!-- This site is optimized with the Yoast SEO plugin v27.3 - https:\/\/yoast.com\/product\/yoast-seo-wordpress\/ -->\n<title>Rep\u00fablica Centroafricana: Los miembros no han sido tan afectados por el golpe de estado - Iglesia Adventista del S\u00e9ptimo D\u00eda - Divisi\u00f3n Interamericana<\/title>\n<meta name=\"robots\" content=\"index, follow, max-snippet:-1, max-image-preview:large, max-video-preview:-1\" \/>\n<link rel=\"canonical\" href=\"https:\/\/interamerica.org\/es\/2013\/03\/republica-centroafricana-los-miembros-no-han-sido-tan-afectados-por-el-golpe-de-estado\/\" \/>\n<meta property=\"og:locale\" content=\"es_ES\" \/>\n<meta property=\"og:type\" content=\"article\" \/>\n<meta property=\"og:title\" content=\"Rep\u00fablica Centroafricana: Los miembros no han sido tan afectados por el golpe de estado - Iglesia Adventista del S\u00e9ptimo D\u00eda - Divisi\u00f3n Interamericana\" \/>\n<meta property=\"og:description\" content=\"Los saqueos masivos del pasado domingo en la capital de la Rep\u00fablica Centroafricana no han afectado las operaciones de la Iglesia Adventista, pero varios incidentes en los meses recientes han cobrado su precio en unos pocos empleados de la iglesia en medio de la continua guerra civil.\" \/>\n<meta property=\"og:url\" content=\"https:\/\/interamerica.org\/es\/2013\/03\/republica-centroafricana-los-miembros-no-han-sido-tan-afectados-por-el-golpe-de-estado\/\" \/>\n<meta property=\"og:site_name\" content=\"Iglesia Adventista del S\u00e9ptimo D\u00eda - Divisi\u00f3n Interamericana\" \/>\n<meta property=\"article:published_time\" content=\"2013-03-27T04:00:00+00:00\" \/>\n<meta property=\"og:image\" content=\"https:\/\/interamerica.org\/wp-content\/uploads\/2017\/06\/CAR-map-inside-315x290.jpg\" \/>\n\t<meta property=\"og:image:width\" content=\"315\" \/>\n\t<meta property=\"og:image:height\" content=\"290\" \/>\n\t<meta property=\"og:image:type\" content=\"image\/jpeg\" \/>\n<meta name=\"author\" content=\"Lorenzo Verduzco\" \/>\n<meta name=\"twitter:card\" content=\"summary_large_image\" \/>\n<meta name=\"twitter:label1\" content=\"Escrito por\" \/>\n\t<meta name=\"twitter:data1\" content=\"Lorenzo Verduzco\" \/>\n\t<meta name=\"twitter:label2\" content=\"Tiempo de lectura\" \/>\n\t<meta name=\"twitter:data2\" content=\"4 minutos\" \/>\n<script type=\"application\/ld+json\" class=\"yoast-schema-graph\">{\"@context\":\"https:\\\/\\\/schema.org\",\"@graph\":[{\"@type\":\"Article\",\"@id\":\"https:\\\/\\\/interamerica.org\\\/es\\\/2013\\\/03\\\/republica-centroafricana-los-miembros-no-han-sido-tan-afectados-por-el-golpe-de-estado\\\/#article\",\"isPartOf\":{\"@id\":\"https:\\\/\\\/interamerica.org\\\/es\\\/2013\\\/03\\\/republica-centroafricana-los-miembros-no-han-sido-tan-afectados-por-el-golpe-de-estado\\\/\"},\"author\":{\"name\":\"Lorenzo Verduzco\",\"@id\":\"https:\\\/\\\/interamerica.org\\\/es\\\/#\\\/schema\\\/person\\\/68ede8bdc292885bb76c1e3810e73c39\"},\"headline\":\"Rep\u00fablica Centroafricana: Los miembros no han sido tan afectados por el golpe de estado\",\"datePublished\":\"2013-03-27T04:00:00+00:00\",\"mainEntityOfPage\":{\"@id\":\"https:\\\/\\\/interamerica.org\\\/es\\\/2013\\\/03\\\/republica-centroafricana-los-miembros-no-han-sido-tan-afectados-por-el-golpe-de-estado\\\/\"},\"wordCount\":908,\"image\":{\"@id\":\"https:\\\/\\\/interamerica.org\\\/es\\\/2013\\\/03\\\/republica-centroafricana-los-miembros-no-han-sido-tan-afectados-por-el-golpe-de-estado\\\/#primaryimage\"},\"thumbnailUrl\":\"https:\\\/\\\/interamerica.org\\\/wp-content\\\/uploads\\\/2017\\\/06\\\/CAR-map-inside-315x290.jpg\",\"articleSection\":[\"Desde la iglesia mundial\"],\"inLanguage\":\"es\"},{\"@type\":\"WebPage\",\"@id\":\"https:\\\/\\\/interamerica.org\\\/es\\\/2013\\\/03\\\/republica-centroafricana-los-miembros-no-han-sido-tan-afectados-por-el-golpe-de-estado\\\/\",\"url\":\"https:\\\/\\\/interamerica.org\\\/es\\\/2013\\\/03\\\/republica-centroafricana-los-miembros-no-han-sido-tan-afectados-por-el-golpe-de-estado\\\/\",\"name\":\"Rep\u00fablica Centroafricana: Los miembros no han sido tan afectados por el golpe de estado - Iglesia Adventista del S\u00e9ptimo D\u00eda - Divisi\u00f3n Interamericana\",\"isPartOf\":{\"@id\":\"https:\\\/\\\/interamerica.org\\\/es\\\/#website\"},\"primaryImageOfPage\":{\"@id\":\"https:\\\/\\\/interamerica.org\\\/es\\\/2013\\\/03\\\/republica-centroafricana-los-miembros-no-han-sido-tan-afectados-por-el-golpe-de-estado\\\/#primaryimage\"},\"image\":{\"@id\":\"https:\\\/\\\/interamerica.org\\\/es\\\/2013\\\/03\\\/republica-centroafricana-los-miembros-no-han-sido-tan-afectados-por-el-golpe-de-estado\\\/#primaryimage\"},\"thumbnailUrl\":\"https:\\\/\\\/interamerica.org\\\/wp-content\\\/uploads\\\/2017\\\/06\\\/CAR-map-inside-315x290.jpg\",\"datePublished\":\"2013-03-27T04:00:00+00:00\",\"author\":{\"@id\":\"https:\\\/\\\/interamerica.org\\\/es\\\/#\\\/schema\\\/person\\\/68ede8bdc292885bb76c1e3810e73c39\"},\"breadcrumb\":{\"@id\":\"https:\\\/\\\/interamerica.org\\\/es\\\/2013\\\/03\\\/republica-centroafricana-los-miembros-no-han-sido-tan-afectados-por-el-golpe-de-estado\\\/#breadcrumb\"},\"inLanguage\":\"es\",\"potentialAction\":[{\"@type\":\"ReadAction\",\"target\":[\"https:\\\/\\\/interamerica.org\\\/es\\\/2013\\\/03\\\/republica-centroafricana-los-miembros-no-han-sido-tan-afectados-por-el-golpe-de-estado\\\/\"]}]},{\"@type\":\"ImageObject\",\"inLanguage\":\"es\",\"@id\":\"https:\\\/\\\/interamerica.org\\\/es\\\/2013\\\/03\\\/republica-centroafricana-los-miembros-no-han-sido-tan-afectados-por-el-golpe-de-estado\\\/#primaryimage\",\"url\":\"https:\\\/\\\/interamerica.org\\\/wp-content\\\/uploads\\\/2017\\\/06\\\/CAR-map-inside-315x290.jpg\",\"contentUrl\":\"https:\\\/\\\/interamerica.org\\\/wp-content\\\/uploads\\\/2017\\\/06\\\/CAR-map-inside-315x290.jpg\",\"width\":315,\"height\":290},{\"@type\":\"BreadcrumbList\",\"@id\":\"https:\\\/\\\/interamerica.org\\\/es\\\/2013\\\/03\\\/republica-centroafricana-los-miembros-no-han-sido-tan-afectados-por-el-golpe-de-estado\\\/#breadcrumb\",\"itemListElement\":[{\"@type\":\"ListItem\",\"position\":1,\"name\":\"Home\",\"item\":\"https:\\\/\\\/interamerica.org\\\/es\\\/\"},{\"@type\":\"ListItem\",\"position\":2,\"name\":\"Rep\u00fablica Centroafricana: Los miembros no han sido tan afectados por el golpe de estado\"}]},{\"@type\":\"WebSite\",\"@id\":\"https:\\\/\\\/interamerica.org\\\/es\\\/#website\",\"url\":\"https:\\\/\\\/interamerica.org\\\/es\\\/\",\"name\":\"Iglesia Adventista del S\u00e9ptimo D\u00eda - Divisi\u00f3n Interamericana\",\"description\":\"\",\"potentialAction\":[{\"@type\":\"SearchAction\",\"target\":{\"@type\":\"EntryPoint\",\"urlTemplate\":\"https:\\\/\\\/interamerica.org\\\/es\\\/?s={search_term_string}\"},\"query-input\":{\"@type\":\"PropertyValueSpecification\",\"valueRequired\":true,\"valueName\":\"search_term_string\"}}],\"inLanguage\":\"es\"},{\"@type\":\"Person\",\"@id\":\"https:\\\/\\\/interamerica.org\\\/es\\\/#\\\/schema\\\/person\\\/68ede8bdc292885bb76c1e3810e73c39\",\"name\":\"Lorenzo Verduzco\",\"image\":{\"@type\":\"ImageObject\",\"inLanguage\":\"es\",\"@id\":\"https:\\\/\\\/secure.gravatar.com\\\/avatar\\\/fb81a55b6218459490a9c1dc841a34909185b81904c5337b4b27f7a6fd60c49e?s=96&d=mm&r=g\",\"url\":\"https:\\\/\\\/secure.gravatar.com\\\/avatar\\\/fb81a55b6218459490a9c1dc841a34909185b81904c5337b4b27f7a6fd60c49e?s=96&d=mm&r=g\",\"contentUrl\":\"https:\\\/\\\/secure.gravatar.com\\\/avatar\\\/fb81a55b6218459490a9c1dc841a34909185b81904c5337b4b27f7a6fd60c49e?s=96&d=mm&r=g\",\"caption\":\"Lorenzo Verduzco\"}}]}<\/script>\n<!-- \/ Yoast SEO plugin. -->","yoast_head_json":{"title":"Rep\u00fablica Centroafricana: Los miembros no han sido tan afectados por el golpe de estado - Iglesia Adventista del S\u00e9ptimo D\u00eda - Divisi\u00f3n Interamericana","robots":{"index":"index","follow":"follow","max-snippet":"max-snippet:-1","max-image-preview":"max-image-preview:large","max-video-preview":"max-video-preview:-1"},"canonical":"https:\/\/interamerica.org\/es\/2013\/03\/republica-centroafricana-los-miembros-no-han-sido-tan-afectados-por-el-golpe-de-estado\/","og_locale":"es_ES","og_type":"article","og_title":"Rep\u00fablica Centroafricana: Los miembros no han sido tan afectados por el golpe de estado - Iglesia Adventista del S\u00e9ptimo D\u00eda - Divisi\u00f3n Interamericana","og_description":"Los saqueos masivos del pasado domingo en la capital de la Rep\u00fablica Centroafricana no han afectado las operaciones de la Iglesia Adventista, pero varios incidentes en los meses recientes han cobrado su precio en unos pocos empleados de la iglesia en medio de la continua guerra civil.","og_url":"https:\/\/interamerica.org\/es\/2013\/03\/republica-centroafricana-los-miembros-no-han-sido-tan-afectados-por-el-golpe-de-estado\/","og_site_name":"Iglesia Adventista del S\u00e9ptimo D\u00eda - Divisi\u00f3n Interamericana","article_published_time":"2013-03-27T04:00:00+00:00","og_image":[{"width":315,"height":290,"url":"https:\/\/interamerica.org\/wp-content\/uploads\/2017\/06\/CAR-map-inside-315x290.jpg","type":"image\/jpeg"}],"author":"Lorenzo Verduzco","twitter_card":"summary_large_image","twitter_misc":{"Escrito por":"Lorenzo Verduzco","Tiempo de lectura":"4 minutos"},"schema":{"@context":"https:\/\/schema.org","@graph":[{"@type":"Article","@id":"https:\/\/interamerica.org\/es\/2013\/03\/republica-centroafricana-los-miembros-no-han-sido-tan-afectados-por-el-golpe-de-estado\/#article","isPartOf":{"@id":"https:\/\/interamerica.org\/es\/2013\/03\/republica-centroafricana-los-miembros-no-han-sido-tan-afectados-por-el-golpe-de-estado\/"},"author":{"name":"Lorenzo Verduzco","@id":"https:\/\/interamerica.org\/es\/#\/schema\/person\/68ede8bdc292885bb76c1e3810e73c39"},"headline":"Rep\u00fablica Centroafricana: Los miembros no han sido tan afectados por el golpe de estado","datePublished":"2013-03-27T04:00:00+00:00","mainEntityOfPage":{"@id":"https:\/\/interamerica.org\/es\/2013\/03\/republica-centroafricana-los-miembros-no-han-sido-tan-afectados-por-el-golpe-de-estado\/"},"wordCount":908,"image":{"@id":"https:\/\/interamerica.org\/es\/2013\/03\/republica-centroafricana-los-miembros-no-han-sido-tan-afectados-por-el-golpe-de-estado\/#primaryimage"},"thumbnailUrl":"https:\/\/interamerica.org\/wp-content\/uploads\/2017\/06\/CAR-map-inside-315x290.jpg","articleSection":["Desde la iglesia mundial"],"inLanguage":"es"},{"@type":"WebPage","@id":"https:\/\/interamerica.org\/es\/2013\/03\/republica-centroafricana-los-miembros-no-han-sido-tan-afectados-por-el-golpe-de-estado\/","url":"https:\/\/interamerica.org\/es\/2013\/03\/republica-centroafricana-los-miembros-no-han-sido-tan-afectados-por-el-golpe-de-estado\/","name":"Rep\u00fablica Centroafricana: Los miembros no han sido tan afectados por el golpe de estado - Iglesia Adventista del S\u00e9ptimo D\u00eda - Divisi\u00f3n Interamericana","isPartOf":{"@id":"https:\/\/interamerica.org\/es\/#website"},"primaryImageOfPage":{"@id":"https:\/\/interamerica.org\/es\/2013\/03\/republica-centroafricana-los-miembros-no-han-sido-tan-afectados-por-el-golpe-de-estado\/#primaryimage"},"image":{"@id":"https:\/\/interamerica.org\/es\/2013\/03\/republica-centroafricana-los-miembros-no-han-sido-tan-afectados-por-el-golpe-de-estado\/#primaryimage"},"thumbnailUrl":"https:\/\/interamerica.org\/wp-content\/uploads\/2017\/06\/CAR-map-inside-315x290.jpg","datePublished":"2013-03-27T04:00:00+00:00","author":{"@id":"https:\/\/interamerica.org\/es\/#\/schema\/person\/68ede8bdc292885bb76c1e3810e73c39"},"breadcrumb":{"@id":"https:\/\/interamerica.org\/es\/2013\/03\/republica-centroafricana-los-miembros-no-han-sido-tan-afectados-por-el-golpe-de-estado\/#breadcrumb"},"inLanguage":"es","potentialAction":[{"@type":"ReadAction","target":["https:\/\/interamerica.org\/es\/2013\/03\/republica-centroafricana-los-miembros-no-han-sido-tan-afectados-por-el-golpe-de-estado\/"]}]},{"@type":"ImageObject","inLanguage":"es","@id":"https:\/\/interamerica.org\/es\/2013\/03\/republica-centroafricana-los-miembros-no-han-sido-tan-afectados-por-el-golpe-de-estado\/#primaryimage","url":"https:\/\/interamerica.org\/wp-content\/uploads\/2017\/06\/CAR-map-inside-315x290.jpg","contentUrl":"https:\/\/interamerica.org\/wp-content\/uploads\/2017\/06\/CAR-map-inside-315x290.jpg","width":315,"height":290},{"@type":"BreadcrumbList","@id":"https:\/\/interamerica.org\/es\/2013\/03\/republica-centroafricana-los-miembros-no-han-sido-tan-afectados-por-el-golpe-de-estado\/#breadcrumb","itemListElement":[{"@type":"ListItem","position":1,"name":"Home","item":"https:\/\/interamerica.org\/es\/"},{"@type":"ListItem","position":2,"name":"Rep\u00fablica Centroafricana: Los miembros no han sido tan afectados por el golpe de estado"}]},{"@type":"WebSite","@id":"https:\/\/interamerica.org\/es\/#website","url":"https:\/\/interamerica.org\/es\/","name":"Iglesia Adventista del S\u00e9ptimo D\u00eda - Divisi\u00f3n Interamericana","description":"","potentialAction":[{"@type":"SearchAction","target":{"@type":"EntryPoint","urlTemplate":"https:\/\/interamerica.org\/es\/?s={search_term_string}"},"query-input":{"@type":"PropertyValueSpecification","valueRequired":true,"valueName":"search_term_string"}}],"inLanguage":"es"},{"@type":"Person","@id":"https:\/\/interamerica.org\/es\/#\/schema\/person\/68ede8bdc292885bb76c1e3810e73c39","name":"Lorenzo Verduzco","image":{"@type":"ImageObject","inLanguage":"es","@id":"https:\/\/secure.gravatar.com\/avatar\/fb81a55b6218459490a9c1dc841a34909185b81904c5337b4b27f7a6fd60c49e?s=96&d=mm&r=g","url":"https:\/\/secure.gravatar.com\/avatar\/fb81a55b6218459490a9c1dc841a34909185b81904c5337b4b27f7a6fd60c49e?s=96&d=mm&r=g","contentUrl":"https:\/\/secure.gravatar.com\/avatar\/fb81a55b6218459490a9c1dc841a34909185b81904c5337b4b27f7a6fd60c49e?s=96&d=mm&r=g","caption":"Lorenzo Verduzco"}}]}},"_links":{"self":[{"href":"https:\/\/interamerica.org\/es\/wp-json\/wp\/v2\/posts\/30198","targetHints":{"allow":["GET"]}}],"collection":[{"href":"https:\/\/interamerica.org\/es\/wp-json\/wp\/v2\/posts"}],"about":[{"href":"https:\/\/interamerica.org\/es\/wp-json\/wp\/v2\/types\/post"}],"author":[{"embeddable":true,"href":"https:\/\/interamerica.org\/es\/wp-json\/wp\/v2\/users\/1"}],"replies":[{"embeddable":true,"href":"https:\/\/interamerica.org\/es\/wp-json\/wp\/v2\/comments?post=30198"}],"version-history":[{"count":0,"href":"https:\/\/interamerica.org\/es\/wp-json\/wp\/v2\/posts\/30198\/revisions"}],"wp:featuredmedia":[{"embeddable":true,"href":"https:\/\/interamerica.org\/es\/wp-json\/wp\/v2\/media\/21170"}],"wp:attachment":[{"href":"https:\/\/interamerica.org\/es\/wp-json\/wp\/v2\/media?parent=30198"}],"wp:term":[{"taxonomy":"category","embeddable":true,"href":"https:\/\/interamerica.org\/es\/wp-json\/wp\/v2\/categories?post=30198"},{"taxonomy":"post_tag","embeddable":true,"href":"https:\/\/interamerica.org\/es\/wp-json\/wp\/v2\/tags?post=30198"}],"curies":[{"name":"wp","href":"https:\/\/api.w.org\/{rel}","templated":true}]}}