{"id":30207,"date":"2013-04-04T00:00:00","date_gmt":"2013-04-04T04:00:00","guid":{"rendered":"http:\/\/192.81.217.108\/interamerica\/2013\/04\/costa-rica-la-iglesia-une-sus-esfuerzos-para-lanzar-canal-de-television-adventista\/"},"modified":"2013-04-04T00:00:00","modified_gmt":"2013-04-04T04:00:00","slug":"costa-rica-la-iglesia-une-sus-esfuerzos-para-lanzar-canal-de-television-adventista","status":"publish","type":"post","link":"https:\/\/interamerica.org\/es\/2013\/04\/costa-rica-la-iglesia-une-sus-esfuerzos-para-lanzar-canal-de-television-adventista\/","title":{"rendered":"Costa Rica: La iglesia une sus esfuerzos para lanzar canal de televisi\u00f3n adventista"},"content":{"rendered":"<p>3 de abril de 2013 \u2013 Hatillo, San Jos\u00e9, Costa Rica&#8230;Personal DIA<\/p>\n<div id=\"attachment_7601\" style=\"width: 310px\" class=\"wp-caption alignleft\"><a href=\"\/interamerica\/wp-content\/uploads\/2017\/06\/CR-ETV-auditorium.jpg\" rel=\"fancybox\" title=\"Costa Rica: La iglesia une sus esfuerzos para lanzar canal de televisi\u00f3n adventista\"><img fetchpriority=\"high\" decoding=\"async\" aria-describedby=\"caption-attachment-7601\" class=\"size-medium wp-image-7601\" src=\"\/interamerica\/wp-content\/uploads\/2017\/06\/CR-ETV-auditorium-300x224.jpg\" alt=\"\" width=\"300\" height=\"224\" \/><\/a><p id=\"caption-attachment-7601\" class=\"wp-caption-text\">Los adventistas del s\u00e9ptimo d\u00eda lanzaron el canal de televisi\u00f3n adventista Esperanza TV Costa Rica, el 2 de marzo de 2013, en el Auditorio del Centro de Educaci\u00f3n Adventista, en Hatillo, San Jos\u00e9, Costa Rica. Este canal adventista viene a ser el primer canal que funciona las 24 horas de los siete d\u00edas de la semana, abierto en el territorio de la Divisi\u00f3n Interamericana. Imagen por Abel M\u00e1rquez\/DIA<\/p><\/div>\n<p>La Iglesia Adventista del S\u00e9ptimo D\u00eda en Costa Rica lanz\u00f3 recientemente su Canal Esperanza TV, durante una transmisi\u00f3n de tres horas en el Auditorio del Centro de Educaci\u00f3n Adventista en Hatillo, Costa Rica, el s\u00e1bado 2 de marzo. Esta transmisi\u00f3n marca el inicio del primer canal adventista en el territorio de la Divisi\u00f3n Interamericana que estar\u00e1 en funci\u00f3n las 24 horas de los 7 d\u00edas de la semana.<\/p>\n<p>M\u00e1s de 500 personas se reunieron como testigos presenciales del evento, mientras miles m\u00e1s en las iglesias de todo Costa Rica lo vieron por televisi\u00f3n. La presentaci\u00f3n especial incluy\u00f3 la de varios evangelizadores de la iglesia adventista mundial y del ministerio It is Written (As\u00ed est\u00e1 Escrito).<\/p>\n<p>\u201cDeseamos dar a conocer las buenas nuevas de salvaci\u00f3n y representar el car\u00e1cter de Dios trayendo esperanza y amor a cada rinc\u00f3n del pa\u00eds\u201d, dijo el Pastor Jos\u00e9 Vallejos, presidente de la iglesia en la regi\u00f3n sur central, durante la transmisi\u00f3n en vivo.<\/p>\n<div id=\"attachment_7602\" style=\"width: 310px\" class=\"wp-caption alignright\"><a href=\"\/interamerica\/wp-content\/uploads\/2017\/06\/CR-ETV-prayer.jpg\" rel=\"fancybox\" title=\"Costa Rica: La iglesia une sus esfuerzos para lanzar canal de televisi\u00f3n adventista\"><img decoding=\"async\" aria-describedby=\"caption-attachment-7602\" class=\"size-medium wp-image-7602\" src=\"\/interamerica\/wp-content\/uploads\/2017\/06\/CR-ETV-prayer-300x166.jpg\" alt=\"\" width=\"300\" height=\"166\" \/><\/a><p id=\"caption-attachment-7602\" class=\"wp-caption-text\">Los dirigentes de la iglesia oran durante el lanzamiento piloto de Esperanza TV Costa Rica el mes pasado. Imagen cortes\u00eda Esperanza TV Costa Rica\/DIA<\/p><\/div>\n<p>Las tres regiones de la iglesia en Costa Rica unieron los esfuerzos de docenas de miembros laicos de la iglesia que donaron voluntariamente su tiempo para abrir el canal con programaci\u00f3n de Esperanza TV y Nuevo Tiempo, trabajando en la producci\u00f3n de una docena de nuevos programas sobre salud, m\u00fasica, administraci\u00f3n de finanzas y temas similares.<\/p>\n<p>El canal procurar\u00e1 tambi\u00e9n promover valores culturales y sociales a trav\u00e9s de su programaci\u00f3n.<\/p>\n<p>El Pastor Earnal Scott, secretario ejecutivo de la iglesia en la Uni\u00f3n Centroamericana Sur Central, expres\u00f3 su compromiso de apoyo total administrativo para este nuevo canal.<\/p>\n<p>\u201cEsta luz que ha comenzado a brillar, no debe apagarse jam\u00e1s\u201d, dijo el Pastor Scott.<\/p>\n<p>Los administradores de la iglesia esperan mantener corriendo al Canal Esperanza TV en las 30 compa\u00f1\u00edas de televisi\u00f3n por cable en Costa Rica, a fin de alcanzar a los m\u00e1s de 4.7 millones de personas en el pa\u00eds. Hasta el presente, el canal est\u00e1 operando en 15 compa\u00f1\u00edas de televisi\u00f3n por cable.<\/p>\n<div id=\"attachment_7603\" style=\"width: 310px\" class=\"wp-caption alignright\"><a href=\"\/interamerica\/wp-content\/uploads\/2017\/06\/Production-Truck.jpg\" rel=\"fancybox\" title=\"Costa Rica: La iglesia une sus esfuerzos para lanzar canal de televisi\u00f3n adventista\"><img decoding=\"async\" aria-describedby=\"caption-attachment-7603\" class=\"size-medium wp-image-7603\" src=\"\/interamerica\/wp-content\/uploads\/2017\/06\/Production-Truck-300x225.jpg\" alt=\"\" width=\"300\" height=\"225\" \/><\/a><p id=\"caption-attachment-7603\" class=\"wp-caption-text\">El personal de Esperanza TV Costa Rica trabajando desde el veh\u00edculo de producci\u00f3n durante la transmisi\u00f3n en vivo. Imagen por Abel M\u00e1rquez\/DIA<\/p><\/div>\n<p>Abel M\u00e1rquez, director asociado de Comunicaci\u00f3n de la iglesia en Interam\u00e9rica, alab\u00f3 la labor de la iglesia y sus dedicados profesionales voluntarios en el lanzamiento de este nuevo canal.<br \/>\n\u201cEs bueno ver c\u00f3mo nuestros dirigentes y miembros han captado la visi\u00f3n de dar a conocer el evangelio a trav\u00e9s de este importante medio de comunicaci\u00f3n\u201d, dijo Abel M\u00e1rquez. Explic\u00f3 tambi\u00e9n que con un transmisor m\u00e1s grande, el canal podr\u00e1 ser capaz de llegar a todo Centroam\u00e9rica y al territorio sur de M\u00e9xico.<\/p>\n<p>Los dirigentes de la iglesia contin\u00faan sus esfuerzos de recolecci\u00f3n de fondos monetarios en favor del canal Esperanza TV Costa Rica y tienen planes de un lanzamiento final en agosto de 2013, con administradores de Hope Channel (Canal Esperanza) operado por adventistas, y con dirigentes de Interam\u00e9rica.<\/p>\n<p>Para m\u00e1s informaci\u00f3n sobre Esperanza TV Costa Rica, entra a <a href=\"https:\/\/www.facebook.com\/esperanzatvcr.org?ref=ts&amp;fref=ts\">pulsa aqu\u00ed<\/a><\/p>\n<p>Marilyn Cernas contribuy\u00f3 para este informe<\/p>\n<p>Traducci\u00f3n por Gloria A. Castrej\u00f3n<\/p>\n","protected":false},"excerpt":{"rendered":"<p>La Iglesia Adventista del S\u00e9ptimo D\u00eda en Costa Rica lanz\u00f3 recientemente su Canal Esperanza TV, durante una transmisi\u00f3n de tres horas en el Auditorio del Centro de Educaci\u00f3n Adventista en Hatillo, Costa Rica.<\/p>\n","protected":false},"author":1,"featured_media":21212,"comment_status":"closed","ping_status":"closed","sticky":false,"template":"","format":"standard","meta":{"_acf_changed":false,"footnotes":""},"categories":[17],"tags":[],"class_list":["post-30207","post","type-post","status-publish","format-standard","has-post-thumbnail","hentry","category-desde-el-campo"],"acf":[],"yoast_head":"<!-- This site is optimized with the Yoast SEO plugin v27.3 - https:\/\/yoast.com\/product\/yoast-seo-wordpress\/ -->\n<title>Costa Rica: La iglesia une sus esfuerzos para lanzar canal de televisi\u00f3n adventista - Iglesia Adventista del S\u00e9ptimo D\u00eda - Divisi\u00f3n Interamericana<\/title>\n<meta name=\"robots\" content=\"index, follow, max-snippet:-1, max-image-preview:large, max-video-preview:-1\" \/>\n<link rel=\"canonical\" href=\"https:\/\/interamerica.org\/es\/2013\/04\/costa-rica-la-iglesia-une-sus-esfuerzos-para-lanzar-canal-de-television-adventista\/\" \/>\n<meta property=\"og:locale\" content=\"es_ES\" \/>\n<meta property=\"og:type\" content=\"article\" \/>\n<meta property=\"og:title\" content=\"Costa Rica: La iglesia une sus esfuerzos para lanzar canal de televisi\u00f3n adventista - Iglesia Adventista del S\u00e9ptimo D\u00eda - Divisi\u00f3n Interamericana\" \/>\n<meta property=\"og:description\" content=\"La Iglesia Adventista del S\u00e9ptimo D\u00eda en Costa Rica lanz\u00f3 recientemente su Canal Esperanza TV, durante una transmisi\u00f3n de tres horas en el Auditorio del Centro de Educaci\u00f3n Adventista en Hatillo, Costa Rica.\" \/>\n<meta property=\"og:url\" content=\"https:\/\/interamerica.org\/es\/2013\/04\/costa-rica-la-iglesia-une-sus-esfuerzos-para-lanzar-canal-de-television-adventista\/\" \/>\n<meta property=\"og:site_name\" content=\"Iglesia Adventista del S\u00e9ptimo D\u00eda - Divisi\u00f3n Interamericana\" \/>\n<meta property=\"article:published_time\" content=\"2013-04-04T04:00:00+00:00\" \/>\n<meta property=\"og:image\" content=\"https:\/\/interamerica.org\/wp-content\/uploads\/2017\/06\/CR-ETV-auditorium.jpg\" \/>\n\t<meta property=\"og:image:width\" content=\"315\" \/>\n\t<meta property=\"og:image:height\" content=\"236\" \/>\n\t<meta property=\"og:image:type\" content=\"image\/jpeg\" \/>\n<meta name=\"author\" content=\"Lorenzo Verduzco\" \/>\n<meta name=\"twitter:card\" content=\"summary_large_image\" \/>\n<meta name=\"twitter:label1\" content=\"Escrito por\" \/>\n\t<meta name=\"twitter:data1\" content=\"Lorenzo Verduzco\" \/>\n\t<meta name=\"twitter:label2\" content=\"Tiempo de lectura\" \/>\n\t<meta name=\"twitter:data2\" content=\"3 minutos\" \/>\n<script type=\"application\/ld+json\" class=\"yoast-schema-graph\">{\"@context\":\"https:\\\/\\\/schema.org\",\"@graph\":[{\"@type\":\"Article\",\"@id\":\"https:\\\/\\\/interamerica.org\\\/es\\\/2013\\\/04\\\/costa-rica-la-iglesia-une-sus-esfuerzos-para-lanzar-canal-de-television-adventista\\\/#article\",\"isPartOf\":{\"@id\":\"https:\\\/\\\/interamerica.org\\\/es\\\/2013\\\/04\\\/costa-rica-la-iglesia-une-sus-esfuerzos-para-lanzar-canal-de-television-adventista\\\/\"},\"author\":{\"name\":\"Lorenzo Verduzco\",\"@id\":\"https:\\\/\\\/interamerica.org\\\/es\\\/#\\\/schema\\\/person\\\/68ede8bdc292885bb76c1e3810e73c39\"},\"headline\":\"Costa Rica: La iglesia une sus esfuerzos para lanzar canal de televisi\u00f3n adventista\",\"datePublished\":\"2013-04-04T04:00:00+00:00\",\"mainEntityOfPage\":{\"@id\":\"https:\\\/\\\/interamerica.org\\\/es\\\/2013\\\/04\\\/costa-rica-la-iglesia-une-sus-esfuerzos-para-lanzar-canal-de-television-adventista\\\/\"},\"wordCount\":689,\"image\":{\"@id\":\"https:\\\/\\\/interamerica.org\\\/es\\\/2013\\\/04\\\/costa-rica-la-iglesia-une-sus-esfuerzos-para-lanzar-canal-de-television-adventista\\\/#primaryimage\"},\"thumbnailUrl\":\"https:\\\/\\\/interamerica.org\\\/wp-content\\\/uploads\\\/2017\\\/06\\\/CR-ETV-auditorium.jpg\",\"articleSection\":[\"Desde el campo\"],\"inLanguage\":\"es\"},{\"@type\":\"WebPage\",\"@id\":\"https:\\\/\\\/interamerica.org\\\/es\\\/2013\\\/04\\\/costa-rica-la-iglesia-une-sus-esfuerzos-para-lanzar-canal-de-television-adventista\\\/\",\"url\":\"https:\\\/\\\/interamerica.org\\\/es\\\/2013\\\/04\\\/costa-rica-la-iglesia-une-sus-esfuerzos-para-lanzar-canal-de-television-adventista\\\/\",\"name\":\"Costa Rica: La iglesia une sus esfuerzos para lanzar canal de televisi\u00f3n adventista - Iglesia Adventista del S\u00e9ptimo D\u00eda - Divisi\u00f3n Interamericana\",\"isPartOf\":{\"@id\":\"https:\\\/\\\/interamerica.org\\\/es\\\/#website\"},\"primaryImageOfPage\":{\"@id\":\"https:\\\/\\\/interamerica.org\\\/es\\\/2013\\\/04\\\/costa-rica-la-iglesia-une-sus-esfuerzos-para-lanzar-canal-de-television-adventista\\\/#primaryimage\"},\"image\":{\"@id\":\"https:\\\/\\\/interamerica.org\\\/es\\\/2013\\\/04\\\/costa-rica-la-iglesia-une-sus-esfuerzos-para-lanzar-canal-de-television-adventista\\\/#primaryimage\"},\"thumbnailUrl\":\"https:\\\/\\\/interamerica.org\\\/wp-content\\\/uploads\\\/2017\\\/06\\\/CR-ETV-auditorium.jpg\",\"datePublished\":\"2013-04-04T04:00:00+00:00\",\"author\":{\"@id\":\"https:\\\/\\\/interamerica.org\\\/es\\\/#\\\/schema\\\/person\\\/68ede8bdc292885bb76c1e3810e73c39\"},\"breadcrumb\":{\"@id\":\"https:\\\/\\\/interamerica.org\\\/es\\\/2013\\\/04\\\/costa-rica-la-iglesia-une-sus-esfuerzos-para-lanzar-canal-de-television-adventista\\\/#breadcrumb\"},\"inLanguage\":\"es\",\"potentialAction\":[{\"@type\":\"ReadAction\",\"target\":[\"https:\\\/\\\/interamerica.org\\\/es\\\/2013\\\/04\\\/costa-rica-la-iglesia-une-sus-esfuerzos-para-lanzar-canal-de-television-adventista\\\/\"]}]},{\"@type\":\"ImageObject\",\"inLanguage\":\"es\",\"@id\":\"https:\\\/\\\/interamerica.org\\\/es\\\/2013\\\/04\\\/costa-rica-la-iglesia-une-sus-esfuerzos-para-lanzar-canal-de-television-adventista\\\/#primaryimage\",\"url\":\"https:\\\/\\\/interamerica.org\\\/wp-content\\\/uploads\\\/2017\\\/06\\\/CR-ETV-auditorium.jpg\",\"contentUrl\":\"https:\\\/\\\/interamerica.org\\\/wp-content\\\/uploads\\\/2017\\\/06\\\/CR-ETV-auditorium.jpg\",\"width\":315,\"height\":236},{\"@type\":\"BreadcrumbList\",\"@id\":\"https:\\\/\\\/interamerica.org\\\/es\\\/2013\\\/04\\\/costa-rica-la-iglesia-une-sus-esfuerzos-para-lanzar-canal-de-television-adventista\\\/#breadcrumb\",\"itemListElement\":[{\"@type\":\"ListItem\",\"position\":1,\"name\":\"Home\",\"item\":\"https:\\\/\\\/interamerica.org\\\/es\\\/\"},{\"@type\":\"ListItem\",\"position\":2,\"name\":\"Costa Rica: La iglesia une sus esfuerzos para lanzar canal de televisi\u00f3n adventista\"}]},{\"@type\":\"WebSite\",\"@id\":\"https:\\\/\\\/interamerica.org\\\/es\\\/#website\",\"url\":\"https:\\\/\\\/interamerica.org\\\/es\\\/\",\"name\":\"Iglesia Adventista del S\u00e9ptimo D\u00eda - Divisi\u00f3n Interamericana\",\"description\":\"\",\"potentialAction\":[{\"@type\":\"SearchAction\",\"target\":{\"@type\":\"EntryPoint\",\"urlTemplate\":\"https:\\\/\\\/interamerica.org\\\/es\\\/?s={search_term_string}\"},\"query-input\":{\"@type\":\"PropertyValueSpecification\",\"valueRequired\":true,\"valueName\":\"search_term_string\"}}],\"inLanguage\":\"es\"},{\"@type\":\"Person\",\"@id\":\"https:\\\/\\\/interamerica.org\\\/es\\\/#\\\/schema\\\/person\\\/68ede8bdc292885bb76c1e3810e73c39\",\"name\":\"Lorenzo Verduzco\",\"image\":{\"@type\":\"ImageObject\",\"inLanguage\":\"es\",\"@id\":\"https:\\\/\\\/secure.gravatar.com\\\/avatar\\\/fb81a55b6218459490a9c1dc841a34909185b81904c5337b4b27f7a6fd60c49e?s=96&d=mm&r=g\",\"url\":\"https:\\\/\\\/secure.gravatar.com\\\/avatar\\\/fb81a55b6218459490a9c1dc841a34909185b81904c5337b4b27f7a6fd60c49e?s=96&d=mm&r=g\",\"contentUrl\":\"https:\\\/\\\/secure.gravatar.com\\\/avatar\\\/fb81a55b6218459490a9c1dc841a34909185b81904c5337b4b27f7a6fd60c49e?s=96&d=mm&r=g\",\"caption\":\"Lorenzo Verduzco\"}}]}<\/script>\n<!-- \/ Yoast SEO plugin. -->","yoast_head_json":{"title":"Costa Rica: La iglesia une sus esfuerzos para lanzar canal de televisi\u00f3n adventista - Iglesia Adventista del S\u00e9ptimo D\u00eda - Divisi\u00f3n Interamericana","robots":{"index":"index","follow":"follow","max-snippet":"max-snippet:-1","max-image-preview":"max-image-preview:large","max-video-preview":"max-video-preview:-1"},"canonical":"https:\/\/interamerica.org\/es\/2013\/04\/costa-rica-la-iglesia-une-sus-esfuerzos-para-lanzar-canal-de-television-adventista\/","og_locale":"es_ES","og_type":"article","og_title":"Costa Rica: La iglesia une sus esfuerzos para lanzar canal de televisi\u00f3n adventista - Iglesia Adventista del S\u00e9ptimo D\u00eda - Divisi\u00f3n Interamericana","og_description":"La Iglesia Adventista del S\u00e9ptimo D\u00eda en Costa Rica lanz\u00f3 recientemente su Canal Esperanza TV, durante una transmisi\u00f3n de tres horas en el Auditorio del Centro de Educaci\u00f3n Adventista en Hatillo, Costa Rica.","og_url":"https:\/\/interamerica.org\/es\/2013\/04\/costa-rica-la-iglesia-une-sus-esfuerzos-para-lanzar-canal-de-television-adventista\/","og_site_name":"Iglesia Adventista del S\u00e9ptimo D\u00eda - Divisi\u00f3n Interamericana","article_published_time":"2013-04-04T04:00:00+00:00","og_image":[{"width":315,"height":236,"url":"https:\/\/interamerica.org\/wp-content\/uploads\/2017\/06\/CR-ETV-auditorium.jpg","type":"image\/jpeg"}],"author":"Lorenzo Verduzco","twitter_card":"summary_large_image","twitter_misc":{"Escrito por":"Lorenzo Verduzco","Tiempo de lectura":"3 minutos"},"schema":{"@context":"https:\/\/schema.org","@graph":[{"@type":"Article","@id":"https:\/\/interamerica.org\/es\/2013\/04\/costa-rica-la-iglesia-une-sus-esfuerzos-para-lanzar-canal-de-television-adventista\/#article","isPartOf":{"@id":"https:\/\/interamerica.org\/es\/2013\/04\/costa-rica-la-iglesia-une-sus-esfuerzos-para-lanzar-canal-de-television-adventista\/"},"author":{"name":"Lorenzo Verduzco","@id":"https:\/\/interamerica.org\/es\/#\/schema\/person\/68ede8bdc292885bb76c1e3810e73c39"},"headline":"Costa Rica: La iglesia une sus esfuerzos para lanzar canal de televisi\u00f3n adventista","datePublished":"2013-04-04T04:00:00+00:00","mainEntityOfPage":{"@id":"https:\/\/interamerica.org\/es\/2013\/04\/costa-rica-la-iglesia-une-sus-esfuerzos-para-lanzar-canal-de-television-adventista\/"},"wordCount":689,"image":{"@id":"https:\/\/interamerica.org\/es\/2013\/04\/costa-rica-la-iglesia-une-sus-esfuerzos-para-lanzar-canal-de-television-adventista\/#primaryimage"},"thumbnailUrl":"https:\/\/interamerica.org\/wp-content\/uploads\/2017\/06\/CR-ETV-auditorium.jpg","articleSection":["Desde el campo"],"inLanguage":"es"},{"@type":"WebPage","@id":"https:\/\/interamerica.org\/es\/2013\/04\/costa-rica-la-iglesia-une-sus-esfuerzos-para-lanzar-canal-de-television-adventista\/","url":"https:\/\/interamerica.org\/es\/2013\/04\/costa-rica-la-iglesia-une-sus-esfuerzos-para-lanzar-canal-de-television-adventista\/","name":"Costa Rica: La iglesia une sus esfuerzos para lanzar canal de televisi\u00f3n adventista - Iglesia Adventista del S\u00e9ptimo D\u00eda - Divisi\u00f3n Interamericana","isPartOf":{"@id":"https:\/\/interamerica.org\/es\/#website"},"primaryImageOfPage":{"@id":"https:\/\/interamerica.org\/es\/2013\/04\/costa-rica-la-iglesia-une-sus-esfuerzos-para-lanzar-canal-de-television-adventista\/#primaryimage"},"image":{"@id":"https:\/\/interamerica.org\/es\/2013\/04\/costa-rica-la-iglesia-une-sus-esfuerzos-para-lanzar-canal-de-television-adventista\/#primaryimage"},"thumbnailUrl":"https:\/\/interamerica.org\/wp-content\/uploads\/2017\/06\/CR-ETV-auditorium.jpg","datePublished":"2013-04-04T04:00:00+00:00","author":{"@id":"https:\/\/interamerica.org\/es\/#\/schema\/person\/68ede8bdc292885bb76c1e3810e73c39"},"breadcrumb":{"@id":"https:\/\/interamerica.org\/es\/2013\/04\/costa-rica-la-iglesia-une-sus-esfuerzos-para-lanzar-canal-de-television-adventista\/#breadcrumb"},"inLanguage":"es","potentialAction":[{"@type":"ReadAction","target":["https:\/\/interamerica.org\/es\/2013\/04\/costa-rica-la-iglesia-une-sus-esfuerzos-para-lanzar-canal-de-television-adventista\/"]}]},{"@type":"ImageObject","inLanguage":"es","@id":"https:\/\/interamerica.org\/es\/2013\/04\/costa-rica-la-iglesia-une-sus-esfuerzos-para-lanzar-canal-de-television-adventista\/#primaryimage","url":"https:\/\/interamerica.org\/wp-content\/uploads\/2017\/06\/CR-ETV-auditorium.jpg","contentUrl":"https:\/\/interamerica.org\/wp-content\/uploads\/2017\/06\/CR-ETV-auditorium.jpg","width":315,"height":236},{"@type":"BreadcrumbList","@id":"https:\/\/interamerica.org\/es\/2013\/04\/costa-rica-la-iglesia-une-sus-esfuerzos-para-lanzar-canal-de-television-adventista\/#breadcrumb","itemListElement":[{"@type":"ListItem","position":1,"name":"Home","item":"https:\/\/interamerica.org\/es\/"},{"@type":"ListItem","position":2,"name":"Costa Rica: La iglesia une sus esfuerzos para lanzar canal de televisi\u00f3n adventista"}]},{"@type":"WebSite","@id":"https:\/\/interamerica.org\/es\/#website","url":"https:\/\/interamerica.org\/es\/","name":"Iglesia Adventista del S\u00e9ptimo D\u00eda - Divisi\u00f3n Interamericana","description":"","potentialAction":[{"@type":"SearchAction","target":{"@type":"EntryPoint","urlTemplate":"https:\/\/interamerica.org\/es\/?s={search_term_string}"},"query-input":{"@type":"PropertyValueSpecification","valueRequired":true,"valueName":"search_term_string"}}],"inLanguage":"es"},{"@type":"Person","@id":"https:\/\/interamerica.org\/es\/#\/schema\/person\/68ede8bdc292885bb76c1e3810e73c39","name":"Lorenzo Verduzco","image":{"@type":"ImageObject","inLanguage":"es","@id":"https:\/\/secure.gravatar.com\/avatar\/fb81a55b6218459490a9c1dc841a34909185b81904c5337b4b27f7a6fd60c49e?s=96&d=mm&r=g","url":"https:\/\/secure.gravatar.com\/avatar\/fb81a55b6218459490a9c1dc841a34909185b81904c5337b4b27f7a6fd60c49e?s=96&d=mm&r=g","contentUrl":"https:\/\/secure.gravatar.com\/avatar\/fb81a55b6218459490a9c1dc841a34909185b81904c5337b4b27f7a6fd60c49e?s=96&d=mm&r=g","caption":"Lorenzo Verduzco"}}]}},"_links":{"self":[{"href":"https:\/\/interamerica.org\/es\/wp-json\/wp\/v2\/posts\/30207","targetHints":{"allow":["GET"]}}],"collection":[{"href":"https:\/\/interamerica.org\/es\/wp-json\/wp\/v2\/posts"}],"about":[{"href":"https:\/\/interamerica.org\/es\/wp-json\/wp\/v2\/types\/post"}],"author":[{"embeddable":true,"href":"https:\/\/interamerica.org\/es\/wp-json\/wp\/v2\/users\/1"}],"replies":[{"embeddable":true,"href":"https:\/\/interamerica.org\/es\/wp-json\/wp\/v2\/comments?post=30207"}],"version-history":[{"count":0,"href":"https:\/\/interamerica.org\/es\/wp-json\/wp\/v2\/posts\/30207\/revisions"}],"wp:featuredmedia":[{"embeddable":true,"href":"https:\/\/interamerica.org\/es\/wp-json\/wp\/v2\/media\/21212"}],"wp:attachment":[{"href":"https:\/\/interamerica.org\/es\/wp-json\/wp\/v2\/media?parent=30207"}],"wp:term":[{"taxonomy":"category","embeddable":true,"href":"https:\/\/interamerica.org\/es\/wp-json\/wp\/v2\/categories?post=30207"},{"taxonomy":"post_tag","embeddable":true,"href":"https:\/\/interamerica.org\/es\/wp-json\/wp\/v2\/tags?post=30207"}],"curies":[{"name":"wp","href":"https:\/\/api.w.org\/{rel}","templated":true}]}}