{"id":30222,"date":"2013-04-17T00:00:00","date_gmt":"2013-04-17T04:00:00","guid":{"rendered":"http:\/\/192.81.217.108\/interamerica\/2013\/04\/estados-unidos-el-tesorero-informo-que-el-diezmo-en-la-division-norteamericana-aumento-en-un-1-y-en-un-4-4-en-otras-regiones\/"},"modified":"2013-04-17T00:00:00","modified_gmt":"2013-04-17T04:00:00","slug":"estados-unidos-el-tesorero-informo-que-el-diezmo-en-la-division-norteamericana-aumento-en-un-1-y-en-un-4-4-en-otras-regiones","status":"publish","type":"post","link":"https:\/\/interamerica.org\/es\/2013\/04\/estados-unidos-el-tesorero-informo-que-el-diezmo-en-la-division-norteamericana-aumento-en-un-1-y-en-un-4-4-en-otras-regiones\/","title":{"rendered":"Estados Unidos: El tesorero inform\u00f3 que el diezmo en la Divisi\u00f3n Norteamericana aument\u00f3 en un 1%, y en un 4.4% en otras regiones"},"content":{"rendered":"<p class=\"MsoNormal\">16 de abril de 2013, <span>\u00a0<\/span>Battle Creek, M\u00edchigan, Estados Unidos&#8230;Elizabeth Lechleitner\/ANN<\/p>\n<p>En 1899, la naciente Iglesia Adventista del S\u00e9ptimo D\u00eda ten\u00eda solamente $55.33 en una cuenta bancaria aqu\u00ed en Battle Creek. Dos a\u00f1os m\u00e1s tarde, el panorama financiero hab\u00eda empeorado. La iglesia deb\u00eda unos $40,000 d\u00f3lares. La crisis fiscal iba a impulsar a los primeros adventistas a reordenar las prioridades de la iglesia de finales y principios de nuevo siglo.<\/p>\n<a href=\"\/interamerica\/wp-content\/uploads\/2017\/06\/lemon-sm-ins-315x396.jpg\" rel=\"fancybox\" title=\"Estados Unidos: El tesorero inform\u00f3 que el diezmo en la Divisi\u00f3n Norteamericana aument\u00f3 en un 1%, y en un 4.4% en otras regiones\"><img fetchpriority=\"high\" decoding=\"async\" class=\"size-full wp-image-7772 \" title=\"lemon-sm-ins-315x396\" src=\"\/interamerica\/wp-content\/uploads\/2017\/06\/lemon-sm-ins-315x396.jpg\" alt=\"\" width=\"315\" height=\"396\" \/><\/a>\n<p class=\"MsoNormal\">El d\u00eda de ayer, los delegados a la Junta de Primavera escucharon un informe considerablemente m\u00e1s optimista acerca de la situaci\u00f3n financiera de la iglesia; un testimonio de la fidelidad de los miembros en todo el mundo <span>\u00a0<\/span>y del prudente manejo de los fondos financieros en los diversos niveles de la iglesia, dijeron los administradores financieros.<\/p>\n<p class=\"MsoNormal\">El diezmo devuelto en la Divisi\u00f3n Norteamericana en el 2012 fue un 1 por ciento m\u00e1s que el del <span>\u00a0<\/span>2011, con un total de US$933 millones. El diezmo de las divisiones fuera de la Divisi\u00f3n Norteamericana aument\u00f3 en un 4.4 por ciento, con un cierre total de US$1.4 miles de millones.<\/p>\n<p class=\"MsoNormal\">Aumentaron tambi\u00e9n las ofrendas misioneras de fuera de la Divisi\u00f3n Norteamericana, alcanzando unos 60 millones de d\u00f3lares, lo cual representa un incremento de 6 por ciento en relaci\u00f3n con el a\u00f1o previo. Por el contrario, las ofrendas misioneras decrecieron en la Divisi\u00f3n Norteamericana en un 2.6 por ciento, para un total de aproximadamente 23 millones.<\/p>\n<p class=\"MsoNormal\">\u201cHemos visto un gran aumento en las ofrendas misioneras en las divisiones fuera de la Divisi\u00f3n Norteamericana\u201d, dijo a ANN el tesorero de la iglesia mundial, Robert E. Lemon. \u201cPero quiero se\u00f1alar que en esta divisi\u00f3n, las iglesias locales con frecuencia dan directamente para muchos proyectos, o sus miembros salen en viajes misioneros. Este modo de ofrendar misionero no se contabiliza\u201d. <span>\u00a0<\/span>El d\u00eda de ayer, los delegados a la Junta de Primavera escucharon tambi\u00e9n las recomendaciones iniciales para distribuir el presupuesto de apropiaciones de aproximadamente 14 millones de d\u00f3lares.<\/p>\n<p class=\"MsoNormal\">\u201cLa bendici\u00f3n del Se\u00f1or ha sido evidente en la dadivosidad y en la administraci\u00f3n de nuestra iglesia\u201d, dijo Juan Prestol, subtesorero de la iglesia adventista mundial. Alabamos a Dios por ello\u201d.<\/p>\n<p class=\"MsoNormal\">Los delegados votaron hoy aprobar una de las apropiaciones\u2014US$300,000 para el Sur de Sud\u00e1n. Desde que se dividi\u00f3 Sud\u00e1n en el 2011, la mayor parte de la poblaci\u00f3n adventista se traslad\u00f3 a Sud\u00e1n del Sur donde hay una mayor\u00eda cristiana. La apropiaci\u00f3n otorgada por las oficinas de la iglesia adventista mundial financiar\u00e1 una muy necesitada infraestructura para la iglesia en ese lugar y terminar\u00e1 de pagar algunas instalaciones existentes en las ciudades de Juba y Malakal.<\/p>\n<p class=\"MsoNormal\">Los delegados aprobaron tambi\u00e9n 7 millones del presupuesto de apropiaciones para el Servicio de Auditor\u00eda de la Asociaci\u00f3n General (GCAS) al pasar por la etapa de una nueva estructura de financiaci\u00f3n. A partir del mes de enero, una parte de las auditor\u00edas estar\u00e1 financiada por las organizaciones auditadas. Despu\u00e9s de cuatro a\u00f1os, las instituciones pagar\u00e1n el 80 por ciento y las asociaciones, uniones y divisiones cubrir\u00e1n el 20 por ciento de los gastos de las auditor\u00edas de la Asociaci\u00f3n General (GCAS), se\u00f1al\u00f3 el tesorero Lemon. <span>\u00a0<\/span><span>\u00a0<\/span><\/p>\n<p class=\"MsoNormal\">Los delegados escucharon tambi\u00e9n acerca de un punto de agenda concerniente a Hope Channel \u2013 la red de televisi\u00f3n oficial de la Iglesia Adventista. J. Prestol hizo notar que Hope Channel requerir\u00e1 <span>\u00a0<\/span>aproximadamente US$8 millones m\u00e1s de lo que est\u00e1 actualmente presupuestado para que esta cadena televisiva contin\u00fae proveyendo la actual cobertura satelital hasta el 2020. A\u00f1adi\u00f3 que se espera que este asunto se siga estudiando m\u00e1s tarde durante este a\u00f1o, antes de pedir a los delegados que act\u00faen al respecto. Si se aprueba, su financiamiento proceder\u00e1 del as\u00ed llamado \u201cdiezmo extraordinario\u201d, que represent\u00f3 en el 2007 un pago de US$102 millones en diezmos a la Iglesia Adventista. <span>\u00a0<\/span><\/p>\n<p class=\"MsoNormal\">Despu\u00e9s del informe de los tesoreros de la iglesia, el auditor externo Jim Nyquist, un socio de la firma Maner Costerisan &amp; Ellis, felicit\u00f3 a la Iglesia Adventista por la calidad de sus informes contables. Hizo notar que las declaraciones financieras auditadas, presentadas en la <span>\u00a0<\/span>Junta de Primavera, cubren las operaciones y apropiaciones manejadas desde las oficinas mundiales de la iglesia.<\/p>\n<p class=\"MsoNormal\">La Junta Ejecutiva estuvo de acuerdo en que es impr\u00e1ctico tratar de consolidar la informaci\u00f3n financiera de todas las divisiones mundiales e instituciones directamente afiliadas a las oficinas mundiales de la iglesia. Un delegado, que aunque reconoci\u00f3 que no ser\u00eda pr\u00e1ctico presentar una declaraci\u00f3n consolidada auditada, se preguntaba por qu\u00e9 no estaba disponible informaci\u00f3n financiera por separado, sobre las declaraciones financieras auditadas de las 13 divisiones de la iglesia mundial.\n<\/p>\n<p class=\"MsoNormal\">R.E. Lemon estuvo de acuerdo en que ser\u00eda de utilidad una perspectiva m\u00e1s abarcadora. Indic\u00f3 que ciertamente, la tesorer\u00eda est\u00e1 haciendo planes para presentar un informe exhaustivo de 10 a\u00f1os, de las 13 divisiones mundiales y sus instituciones, en el Concilio Anual en el mes de octubre.<\/p>\n<p class=\"MsoNormal\">Traducci\u00f3n por Gloria Castrej\u00f3n<\/p>\n","protected":false},"excerpt":{"rendered":"<p>En 1899, la naciente Iglesia Adventista del S\u00e9ptimo D\u00eda ten\u00eda solamente $55.33 en una cuenta bancaria aqu\u00ed en Battle Creek. Dos a\u00f1os m\u00e1s tarde, el panorama financiero hab\u00eda empeorado.<\/p>\n","protected":false},"author":1,"featured_media":21294,"comment_status":"closed","ping_status":"closed","sticky":false,"template":"","format":"standard","meta":{"_acf_changed":false,"footnotes":""},"categories":[14],"tags":[],"class_list":["post-30222","post","type-post","status-publish","format-standard","has-post-thumbnail","hentry","category-de-la-iglesia-mundial"],"acf":[],"yoast_head":"<!-- This site is optimized with the Yoast SEO plugin v27.3 - https:\/\/yoast.com\/product\/yoast-seo-wordpress\/ -->\n<title>Estados Unidos: El tesorero inform\u00f3 que el diezmo en la Divisi\u00f3n Norteamericana aument\u00f3 en un 1%, y en un 4.4% en otras regiones - Iglesia Adventista del S\u00e9ptimo D\u00eda - Divisi\u00f3n Interamericana<\/title>\n<meta name=\"robots\" content=\"index, follow, max-snippet:-1, max-image-preview:large, max-video-preview:-1\" \/>\n<link rel=\"canonical\" href=\"https:\/\/interamerica.org\/es\/2013\/04\/estados-unidos-el-tesorero-informo-que-el-diezmo-en-la-division-norteamericana-aumento-en-un-1-y-en-un-4-4-en-otras-regiones\/\" \/>\n<meta property=\"og:locale\" content=\"es_ES\" \/>\n<meta property=\"og:type\" content=\"article\" \/>\n<meta property=\"og:title\" content=\"Estados Unidos: El tesorero inform\u00f3 que el diezmo en la Divisi\u00f3n Norteamericana aument\u00f3 en un 1%, y en un 4.4% en otras regiones - Iglesia Adventista del S\u00e9ptimo D\u00eda - Divisi\u00f3n Interamericana\" \/>\n<meta property=\"og:description\" content=\"En 1899, la naciente Iglesia Adventista del S\u00e9ptimo D\u00eda ten\u00eda solamente $55.33 en una cuenta bancaria aqu\u00ed en Battle Creek. Dos a\u00f1os m\u00e1s tarde, el panorama financiero hab\u00eda empeorado.\" \/>\n<meta property=\"og:url\" content=\"https:\/\/interamerica.org\/es\/2013\/04\/estados-unidos-el-tesorero-informo-que-el-diezmo-en-la-division-norteamericana-aumento-en-un-1-y-en-un-4-4-en-otras-regiones\/\" \/>\n<meta property=\"og:site_name\" content=\"Iglesia Adventista del S\u00e9ptimo D\u00eda - Divisi\u00f3n Interamericana\" \/>\n<meta property=\"article:published_time\" content=\"2013-04-17T04:00:00+00:00\" \/>\n<meta property=\"og:image\" content=\"https:\/\/interamerica.org\/wp-content\/uploads\/2017\/06\/lemon-sm-out-420x315.jpg\" \/>\n\t<meta property=\"og:image:width\" content=\"420\" \/>\n\t<meta property=\"og:image:height\" content=\"315\" \/>\n\t<meta property=\"og:image:type\" content=\"image\/jpeg\" \/>\n<meta name=\"author\" content=\"Lorenzo Verduzco\" \/>\n<meta name=\"twitter:card\" content=\"summary_large_image\" \/>\n<meta name=\"twitter:label1\" content=\"Escrito por\" \/>\n\t<meta name=\"twitter:data1\" content=\"Lorenzo Verduzco\" \/>\n\t<meta name=\"twitter:label2\" content=\"Tiempo de lectura\" \/>\n\t<meta name=\"twitter:data2\" content=\"4 minutos\" \/>\n<script type=\"application\/ld+json\" class=\"yoast-schema-graph\">{\"@context\":\"https:\\\/\\\/schema.org\",\"@graph\":[{\"@type\":\"Article\",\"@id\":\"https:\\\/\\\/interamerica.org\\\/es\\\/2013\\\/04\\\/estados-unidos-el-tesorero-informo-que-el-diezmo-en-la-division-norteamericana-aumento-en-un-1-y-en-un-4-4-en-otras-regiones\\\/#article\",\"isPartOf\":{\"@id\":\"https:\\\/\\\/interamerica.org\\\/es\\\/2013\\\/04\\\/estados-unidos-el-tesorero-informo-que-el-diezmo-en-la-division-norteamericana-aumento-en-un-1-y-en-un-4-4-en-otras-regiones\\\/\"},\"author\":{\"name\":\"Lorenzo Verduzco\",\"@id\":\"https:\\\/\\\/interamerica.org\\\/es\\\/#\\\/schema\\\/person\\\/68ede8bdc292885bb76c1e3810e73c39\"},\"headline\":\"Estados Unidos: El tesorero inform\u00f3 que el diezmo en la Divisi\u00f3n Norteamericana aument\u00f3 en un 1%, y en un 4.4% en otras regiones\",\"datePublished\":\"2013-04-17T04:00:00+00:00\",\"mainEntityOfPage\":{\"@id\":\"https:\\\/\\\/interamerica.org\\\/es\\\/2013\\\/04\\\/estados-unidos-el-tesorero-informo-que-el-diezmo-en-la-division-norteamericana-aumento-en-un-1-y-en-un-4-4-en-otras-regiones\\\/\"},\"wordCount\":874,\"image\":{\"@id\":\"https:\\\/\\\/interamerica.org\\\/es\\\/2013\\\/04\\\/estados-unidos-el-tesorero-informo-que-el-diezmo-en-la-division-norteamericana-aumento-en-un-1-y-en-un-4-4-en-otras-regiones\\\/#primaryimage\"},\"thumbnailUrl\":\"https:\\\/\\\/interamerica.org\\\/wp-content\\\/uploads\\\/2017\\\/06\\\/lemon-sm-out-420x315.jpg\",\"articleSection\":[\"Desde la iglesia mundial\"],\"inLanguage\":\"es\"},{\"@type\":\"WebPage\",\"@id\":\"https:\\\/\\\/interamerica.org\\\/es\\\/2013\\\/04\\\/estados-unidos-el-tesorero-informo-que-el-diezmo-en-la-division-norteamericana-aumento-en-un-1-y-en-un-4-4-en-otras-regiones\\\/\",\"url\":\"https:\\\/\\\/interamerica.org\\\/es\\\/2013\\\/04\\\/estados-unidos-el-tesorero-informo-que-el-diezmo-en-la-division-norteamericana-aumento-en-un-1-y-en-un-4-4-en-otras-regiones\\\/\",\"name\":\"Estados Unidos: El tesorero inform\u00f3 que el diezmo en la Divisi\u00f3n Norteamericana aument\u00f3 en un 1%, y en un 4.4% en otras regiones - Iglesia Adventista del S\u00e9ptimo D\u00eda - Divisi\u00f3n Interamericana\",\"isPartOf\":{\"@id\":\"https:\\\/\\\/interamerica.org\\\/es\\\/#website\"},\"primaryImageOfPage\":{\"@id\":\"https:\\\/\\\/interamerica.org\\\/es\\\/2013\\\/04\\\/estados-unidos-el-tesorero-informo-que-el-diezmo-en-la-division-norteamericana-aumento-en-un-1-y-en-un-4-4-en-otras-regiones\\\/#primaryimage\"},\"image\":{\"@id\":\"https:\\\/\\\/interamerica.org\\\/es\\\/2013\\\/04\\\/estados-unidos-el-tesorero-informo-que-el-diezmo-en-la-division-norteamericana-aumento-en-un-1-y-en-un-4-4-en-otras-regiones\\\/#primaryimage\"},\"thumbnailUrl\":\"https:\\\/\\\/interamerica.org\\\/wp-content\\\/uploads\\\/2017\\\/06\\\/lemon-sm-out-420x315.jpg\",\"datePublished\":\"2013-04-17T04:00:00+00:00\",\"author\":{\"@id\":\"https:\\\/\\\/interamerica.org\\\/es\\\/#\\\/schema\\\/person\\\/68ede8bdc292885bb76c1e3810e73c39\"},\"breadcrumb\":{\"@id\":\"https:\\\/\\\/interamerica.org\\\/es\\\/2013\\\/04\\\/estados-unidos-el-tesorero-informo-que-el-diezmo-en-la-division-norteamericana-aumento-en-un-1-y-en-un-4-4-en-otras-regiones\\\/#breadcrumb\"},\"inLanguage\":\"es\",\"potentialAction\":[{\"@type\":\"ReadAction\",\"target\":[\"https:\\\/\\\/interamerica.org\\\/es\\\/2013\\\/04\\\/estados-unidos-el-tesorero-informo-que-el-diezmo-en-la-division-norteamericana-aumento-en-un-1-y-en-un-4-4-en-otras-regiones\\\/\"]}]},{\"@type\":\"ImageObject\",\"inLanguage\":\"es\",\"@id\":\"https:\\\/\\\/interamerica.org\\\/es\\\/2013\\\/04\\\/estados-unidos-el-tesorero-informo-que-el-diezmo-en-la-division-norteamericana-aumento-en-un-1-y-en-un-4-4-en-otras-regiones\\\/#primaryimage\",\"url\":\"https:\\\/\\\/interamerica.org\\\/wp-content\\\/uploads\\\/2017\\\/06\\\/lemon-sm-out-420x315.jpg\",\"contentUrl\":\"https:\\\/\\\/interamerica.org\\\/wp-content\\\/uploads\\\/2017\\\/06\\\/lemon-sm-out-420x315.jpg\",\"width\":420,\"height\":315},{\"@type\":\"BreadcrumbList\",\"@id\":\"https:\\\/\\\/interamerica.org\\\/es\\\/2013\\\/04\\\/estados-unidos-el-tesorero-informo-que-el-diezmo-en-la-division-norteamericana-aumento-en-un-1-y-en-un-4-4-en-otras-regiones\\\/#breadcrumb\",\"itemListElement\":[{\"@type\":\"ListItem\",\"position\":1,\"name\":\"Home\",\"item\":\"https:\\\/\\\/interamerica.org\\\/es\\\/\"},{\"@type\":\"ListItem\",\"position\":2,\"name\":\"Estados Unidos: El tesorero inform\u00f3 que el diezmo en la Divisi\u00f3n Norteamericana aument\u00f3 en un 1%, y en un 4.4% en otras regiones\"}]},{\"@type\":\"WebSite\",\"@id\":\"https:\\\/\\\/interamerica.org\\\/es\\\/#website\",\"url\":\"https:\\\/\\\/interamerica.org\\\/es\\\/\",\"name\":\"Iglesia Adventista del S\u00e9ptimo D\u00eda - Divisi\u00f3n Interamericana\",\"description\":\"\",\"potentialAction\":[{\"@type\":\"SearchAction\",\"target\":{\"@type\":\"EntryPoint\",\"urlTemplate\":\"https:\\\/\\\/interamerica.org\\\/es\\\/?s={search_term_string}\"},\"query-input\":{\"@type\":\"PropertyValueSpecification\",\"valueRequired\":true,\"valueName\":\"search_term_string\"}}],\"inLanguage\":\"es\"},{\"@type\":\"Person\",\"@id\":\"https:\\\/\\\/interamerica.org\\\/es\\\/#\\\/schema\\\/person\\\/68ede8bdc292885bb76c1e3810e73c39\",\"name\":\"Lorenzo Verduzco\",\"image\":{\"@type\":\"ImageObject\",\"inLanguage\":\"es\",\"@id\":\"https:\\\/\\\/secure.gravatar.com\\\/avatar\\\/fb81a55b6218459490a9c1dc841a34909185b81904c5337b4b27f7a6fd60c49e?s=96&d=mm&r=g\",\"url\":\"https:\\\/\\\/secure.gravatar.com\\\/avatar\\\/fb81a55b6218459490a9c1dc841a34909185b81904c5337b4b27f7a6fd60c49e?s=96&d=mm&r=g\",\"contentUrl\":\"https:\\\/\\\/secure.gravatar.com\\\/avatar\\\/fb81a55b6218459490a9c1dc841a34909185b81904c5337b4b27f7a6fd60c49e?s=96&d=mm&r=g\",\"caption\":\"Lorenzo Verduzco\"}}]}<\/script>\n<!-- \/ Yoast SEO plugin. -->","yoast_head_json":{"title":"Estados Unidos: El tesorero inform\u00f3 que el diezmo en la Divisi\u00f3n Norteamericana aument\u00f3 en un 1%, y en un 4.4% en otras regiones - Iglesia Adventista del S\u00e9ptimo D\u00eda - Divisi\u00f3n Interamericana","robots":{"index":"index","follow":"follow","max-snippet":"max-snippet:-1","max-image-preview":"max-image-preview:large","max-video-preview":"max-video-preview:-1"},"canonical":"https:\/\/interamerica.org\/es\/2013\/04\/estados-unidos-el-tesorero-informo-que-el-diezmo-en-la-division-norteamericana-aumento-en-un-1-y-en-un-4-4-en-otras-regiones\/","og_locale":"es_ES","og_type":"article","og_title":"Estados Unidos: El tesorero inform\u00f3 que el diezmo en la Divisi\u00f3n Norteamericana aument\u00f3 en un 1%, y en un 4.4% en otras regiones - Iglesia Adventista del S\u00e9ptimo D\u00eda - Divisi\u00f3n Interamericana","og_description":"En 1899, la naciente Iglesia Adventista del S\u00e9ptimo D\u00eda ten\u00eda solamente $55.33 en una cuenta bancaria aqu\u00ed en Battle Creek. Dos a\u00f1os m\u00e1s tarde, el panorama financiero hab\u00eda empeorado.","og_url":"https:\/\/interamerica.org\/es\/2013\/04\/estados-unidos-el-tesorero-informo-que-el-diezmo-en-la-division-norteamericana-aumento-en-un-1-y-en-un-4-4-en-otras-regiones\/","og_site_name":"Iglesia Adventista del S\u00e9ptimo D\u00eda - Divisi\u00f3n Interamericana","article_published_time":"2013-04-17T04:00:00+00:00","og_image":[{"width":420,"height":315,"url":"https:\/\/interamerica.org\/wp-content\/uploads\/2017\/06\/lemon-sm-out-420x315.jpg","type":"image\/jpeg"}],"author":"Lorenzo Verduzco","twitter_card":"summary_large_image","twitter_misc":{"Escrito por":"Lorenzo Verduzco","Tiempo de lectura":"4 minutos"},"schema":{"@context":"https:\/\/schema.org","@graph":[{"@type":"Article","@id":"https:\/\/interamerica.org\/es\/2013\/04\/estados-unidos-el-tesorero-informo-que-el-diezmo-en-la-division-norteamericana-aumento-en-un-1-y-en-un-4-4-en-otras-regiones\/#article","isPartOf":{"@id":"https:\/\/interamerica.org\/es\/2013\/04\/estados-unidos-el-tesorero-informo-que-el-diezmo-en-la-division-norteamericana-aumento-en-un-1-y-en-un-4-4-en-otras-regiones\/"},"author":{"name":"Lorenzo Verduzco","@id":"https:\/\/interamerica.org\/es\/#\/schema\/person\/68ede8bdc292885bb76c1e3810e73c39"},"headline":"Estados Unidos: El tesorero inform\u00f3 que el diezmo en la Divisi\u00f3n Norteamericana aument\u00f3 en un 1%, y en un 4.4% en otras regiones","datePublished":"2013-04-17T04:00:00+00:00","mainEntityOfPage":{"@id":"https:\/\/interamerica.org\/es\/2013\/04\/estados-unidos-el-tesorero-informo-que-el-diezmo-en-la-division-norteamericana-aumento-en-un-1-y-en-un-4-4-en-otras-regiones\/"},"wordCount":874,"image":{"@id":"https:\/\/interamerica.org\/es\/2013\/04\/estados-unidos-el-tesorero-informo-que-el-diezmo-en-la-division-norteamericana-aumento-en-un-1-y-en-un-4-4-en-otras-regiones\/#primaryimage"},"thumbnailUrl":"https:\/\/interamerica.org\/wp-content\/uploads\/2017\/06\/lemon-sm-out-420x315.jpg","articleSection":["Desde la iglesia mundial"],"inLanguage":"es"},{"@type":"WebPage","@id":"https:\/\/interamerica.org\/es\/2013\/04\/estados-unidos-el-tesorero-informo-que-el-diezmo-en-la-division-norteamericana-aumento-en-un-1-y-en-un-4-4-en-otras-regiones\/","url":"https:\/\/interamerica.org\/es\/2013\/04\/estados-unidos-el-tesorero-informo-que-el-diezmo-en-la-division-norteamericana-aumento-en-un-1-y-en-un-4-4-en-otras-regiones\/","name":"Estados Unidos: El tesorero inform\u00f3 que el diezmo en la Divisi\u00f3n Norteamericana aument\u00f3 en un 1%, y en un 4.4% en otras regiones - Iglesia Adventista del S\u00e9ptimo D\u00eda - Divisi\u00f3n Interamericana","isPartOf":{"@id":"https:\/\/interamerica.org\/es\/#website"},"primaryImageOfPage":{"@id":"https:\/\/interamerica.org\/es\/2013\/04\/estados-unidos-el-tesorero-informo-que-el-diezmo-en-la-division-norteamericana-aumento-en-un-1-y-en-un-4-4-en-otras-regiones\/#primaryimage"},"image":{"@id":"https:\/\/interamerica.org\/es\/2013\/04\/estados-unidos-el-tesorero-informo-que-el-diezmo-en-la-division-norteamericana-aumento-en-un-1-y-en-un-4-4-en-otras-regiones\/#primaryimage"},"thumbnailUrl":"https:\/\/interamerica.org\/wp-content\/uploads\/2017\/06\/lemon-sm-out-420x315.jpg","datePublished":"2013-04-17T04:00:00+00:00","author":{"@id":"https:\/\/interamerica.org\/es\/#\/schema\/person\/68ede8bdc292885bb76c1e3810e73c39"},"breadcrumb":{"@id":"https:\/\/interamerica.org\/es\/2013\/04\/estados-unidos-el-tesorero-informo-que-el-diezmo-en-la-division-norteamericana-aumento-en-un-1-y-en-un-4-4-en-otras-regiones\/#breadcrumb"},"inLanguage":"es","potentialAction":[{"@type":"ReadAction","target":["https:\/\/interamerica.org\/es\/2013\/04\/estados-unidos-el-tesorero-informo-que-el-diezmo-en-la-division-norteamericana-aumento-en-un-1-y-en-un-4-4-en-otras-regiones\/"]}]},{"@type":"ImageObject","inLanguage":"es","@id":"https:\/\/interamerica.org\/es\/2013\/04\/estados-unidos-el-tesorero-informo-que-el-diezmo-en-la-division-norteamericana-aumento-en-un-1-y-en-un-4-4-en-otras-regiones\/#primaryimage","url":"https:\/\/interamerica.org\/wp-content\/uploads\/2017\/06\/lemon-sm-out-420x315.jpg","contentUrl":"https:\/\/interamerica.org\/wp-content\/uploads\/2017\/06\/lemon-sm-out-420x315.jpg","width":420,"height":315},{"@type":"BreadcrumbList","@id":"https:\/\/interamerica.org\/es\/2013\/04\/estados-unidos-el-tesorero-informo-que-el-diezmo-en-la-division-norteamericana-aumento-en-un-1-y-en-un-4-4-en-otras-regiones\/#breadcrumb","itemListElement":[{"@type":"ListItem","position":1,"name":"Home","item":"https:\/\/interamerica.org\/es\/"},{"@type":"ListItem","position":2,"name":"Estados Unidos: El tesorero inform\u00f3 que el diezmo en la Divisi\u00f3n Norteamericana aument\u00f3 en un 1%, y en un 4.4% en otras regiones"}]},{"@type":"WebSite","@id":"https:\/\/interamerica.org\/es\/#website","url":"https:\/\/interamerica.org\/es\/","name":"Iglesia Adventista del S\u00e9ptimo D\u00eda - Divisi\u00f3n Interamericana","description":"","potentialAction":[{"@type":"SearchAction","target":{"@type":"EntryPoint","urlTemplate":"https:\/\/interamerica.org\/es\/?s={search_term_string}"},"query-input":{"@type":"PropertyValueSpecification","valueRequired":true,"valueName":"search_term_string"}}],"inLanguage":"es"},{"@type":"Person","@id":"https:\/\/interamerica.org\/es\/#\/schema\/person\/68ede8bdc292885bb76c1e3810e73c39","name":"Lorenzo Verduzco","image":{"@type":"ImageObject","inLanguage":"es","@id":"https:\/\/secure.gravatar.com\/avatar\/fb81a55b6218459490a9c1dc841a34909185b81904c5337b4b27f7a6fd60c49e?s=96&d=mm&r=g","url":"https:\/\/secure.gravatar.com\/avatar\/fb81a55b6218459490a9c1dc841a34909185b81904c5337b4b27f7a6fd60c49e?s=96&d=mm&r=g","contentUrl":"https:\/\/secure.gravatar.com\/avatar\/fb81a55b6218459490a9c1dc841a34909185b81904c5337b4b27f7a6fd60c49e?s=96&d=mm&r=g","caption":"Lorenzo Verduzco"}}]}},"_links":{"self":[{"href":"https:\/\/interamerica.org\/es\/wp-json\/wp\/v2\/posts\/30222","targetHints":{"allow":["GET"]}}],"collection":[{"href":"https:\/\/interamerica.org\/es\/wp-json\/wp\/v2\/posts"}],"about":[{"href":"https:\/\/interamerica.org\/es\/wp-json\/wp\/v2\/types\/post"}],"author":[{"embeddable":true,"href":"https:\/\/interamerica.org\/es\/wp-json\/wp\/v2\/users\/1"}],"replies":[{"embeddable":true,"href":"https:\/\/interamerica.org\/es\/wp-json\/wp\/v2\/comments?post=30222"}],"version-history":[{"count":0,"href":"https:\/\/interamerica.org\/es\/wp-json\/wp\/v2\/posts\/30222\/revisions"}],"wp:featuredmedia":[{"embeddable":true,"href":"https:\/\/interamerica.org\/es\/wp-json\/wp\/v2\/media\/21294"}],"wp:attachment":[{"href":"https:\/\/interamerica.org\/es\/wp-json\/wp\/v2\/media?parent=30222"}],"wp:term":[{"taxonomy":"category","embeddable":true,"href":"https:\/\/interamerica.org\/es\/wp-json\/wp\/v2\/categories?post=30222"},{"taxonomy":"post_tag","embeddable":true,"href":"https:\/\/interamerica.org\/es\/wp-json\/wp\/v2\/tags?post=30222"}],"curies":[{"name":"wp","href":"https:\/\/api.w.org\/{rel}","templated":true}]}}