{"id":30247,"date":"2013-05-16T00:00:00","date_gmt":"2013-05-16T04:00:00","guid":{"rendered":"http:\/\/192.81.217.108\/interamerica\/2013\/05\/four-new-unions-created-in-west-central-africa-division\/"},"modified":"2013-05-16T00:00:00","modified_gmt":"2013-05-16T04:00:00","slug":"four-new-unions-created-in-west-central-africa-division","status":"publish","type":"post","link":"https:\/\/interamerica.org\/es\/2013\/05\/four-new-unions-created-in-west-central-africa-division\/","title":{"rendered":"Four new unions created in West-Central Africa Division"},"content":{"rendered":"<p>Mayo 15, 2013 Silver Spring, Maryland, United States&#8230;Ansel Oliver\/Red Adventistas de Noticias<\/p>\n<p>Este a\u00f1o, la Divisi\u00f3n de \u00c1frica Centro-Occidental de la Iglesia Adventista crear\u00e1 cuatro nuevas uniones, una acci\u00f3n que enfatiza el crecimiento de la feligres\u00eda en la regi\u00f3n y la necesidad de m\u00e1s planificaci\u00f3n estrat\u00e9gica en los campos locales.<\/p>\n<p>La medida, que entrar\u00e1 en vigencia el pr\u00f3ximo 31 de diciembre, incluye nuevas nuevas uniones en Ghana, Camer\u00fan, Nigeria, y dividir\u00e1 la Uni\u00f3n Misi\u00f3n de Sahel en dos territorios, lo que, afirman los l\u00edderes, ayudar\u00e1 a ahorrar en los altos costos de traslado en la regi\u00f3n.<\/p>\n<div id=\"attachment_8134\" style=\"width: 310px\" class=\"wp-caption alignleft\"><a href=\"\/interamerica\/wp-content\/uploads\/2017\/06\/New-ANNmap.jpg\" rel=\"fancybox\" title=\"Four new unions created in West-Central Africa Division\"><img fetchpriority=\"high\" decoding=\"async\" aria-describedby=\"caption-attachment-8134\" class=\"size-medium wp-image-8134 \" title=\"New-ANNmap\" src=\"\/interamerica\/wp-content\/uploads\/2017\/06\/New-ANNmap-300x223.jpg\" alt=\"\" width=\"300\" height=\"223\" \/><\/a><p id=\"caption-attachment-8134\" class=\"wp-caption-text\">Nuevas unidades administrativas de la Divisi\u00f3n de \u00c1frica Centro-Occidental de la Iglesia Adventista. Los l\u00edderes dicen que los cambios reconocen la creciente membres\u00eda en Ghana, Camer\u00fan, Nigeria y el Sahel Misi\u00f3n de la Uni\u00f3n de la iglesia. Haga clic para agrandar. Mapa de Tanya Holland\/ANN<\/p><\/div>\n<p>La actual estructura en las cuatro uniones ha colocado exigencias imposibles de manejar en el personal, lo que ha limitado su presencia y efectividad en las regiones donde trabajan\u201d, dijo Rosa Banks, una de las secretarias asociadas de la Iglesia Adventista mundial y enlace con las administraciones de la iglesia en \u00c1frica. \u201cLa divisi\u00f3n de estos territorios brindar\u00e1 una ventaja estrat\u00e9gica para el cumplimiento de la misi\u00f3n de la iglesia\u201d, agreg\u00f3.<\/p>\n<p>David Trim, director de la Secretar\u00eda de Archivos, Estad\u00edsticas e Investigaci\u00f3n de la Iglesia Adventista mundial, dijo que se ha demostrado que a\u00f1adir m\u00e1s estructuras locales contribuye al crecimiento de la feligres\u00eda y de los diezmos, as\u00ed como al incremento de la tasa de crecimiento. \u201cCon m\u00e1s unidades administrativas, se puede determinar estrategias y usar recursos de manera m\u00e1s efectiva\u201d, dijo.<\/p>\n<p>La Uni\u00f3n Asociaci\u00f3n de Ghana informa una feligres\u00eda de casi 397 mil miembros, lo que supera al total combinado de las dos divisiones europeas de la denominaci\u00f3n.<\/p>\n<p>\u201cLa creaci\u00f3n de una segunda uni\u00f3n en Ghana es algo que ya tendr\u00eda que haberse hecho, sobre la base de los diezmos, la feligres\u00eda o cualquier otra forma de medici\u00f3n\u201d, dijo Trim.<\/p>\n<p>La actual Uni\u00f3n de Ghana es una \u201cuni\u00f3n asociaci\u00f3n\u201d, lo que significa que tiene sost\u00e9n propio, tanto en sus finanzas como liderazgo. Otras uniones son clasificadas como \u201cuniones misiones\u201d, porque dependen de asignaciones. Ghana tiene actualmente la \u00fanica uni\u00f3n asociaci\u00f3n de la divisi\u00f3n.<\/p>\n<p>Como parte de la reorganizaci\u00f3n de la divisi\u00f3n, la estructura de la Iglesia Adventista en Ghana ser\u00e1 dividida en la Uni\u00f3n Asociaci\u00f3n Sur de Ghana, con sede en Accra, y la Uni\u00f3n Misi\u00f3n Norte de Ghana, con sede en Kumasi.<\/p>\n<p>En Nigeria, el pa\u00eds m\u00e1s populoso de \u00c1frica, las dos uniones misiones de la Iglesia Adventista se convertir\u00e1n en tres uniones, una de ellas, una uni\u00f3n asociaci\u00f3n.<\/p>\n<p>La actual Uni\u00f3n Misi\u00f3n del Noroeste de Nigeria, con sede en Ikeja (estado de Lagos), se dividir\u00e1 para pasar a ser una uni\u00f3n misi\u00f3n en el norte y una uni\u00f3n asociaci\u00f3n en el sur. En la regi\u00f3n norte de este territorio, la iglesia crear\u00e1 la Uni\u00f3n Misi\u00f3n del Norte de Nigeria, con sede en Abuya, en la capital federal del pa\u00eds. En la regi\u00f3n sudoeste del pa\u00eds, la iglesia creara la Uni\u00f3n Misi\u00f3n de Nigeria Occidental, con sede en Maryland (Lagos).<\/p>\n<p>\u201cEste paso particular busca facilitar la misi\u00f3n en el norte del pa\u00eds, donde la iglesia a\u00fan tiene que ingresar de manera efectiva\u201d, dijo Trim.<\/p>\n<p>La Uni\u00f3n Misi\u00f3n de \u00c1frica Central, ahora con sede en Yaound\u00e9 (Camer\u00fan), ser\u00e1 reubicada en Bangui (Rep\u00fablica Centroafricana), lo que permitir\u00e1 que la recientemente creada Uni\u00f3n Misi\u00f3n de Camer\u00fan tenga su sede en Yaound\u00e9.<\/p>\n<p>Y la Uni\u00f3n Misi\u00f3n del Sahel, que ahora tiene su sede en Lom\u00e9 (Togo), se transformar\u00e1 en dos uniones misiones: la Uni\u00f3n Misi\u00f3n de Sahel Oriental (con sede en Lom\u00e9), y la Uni\u00f3n Misi\u00f3n de Sahel Occidental (con sede en Dakar, Senegal).<\/p>\n<p>\u201cLa divisi\u00f3n del territorio en dos uniones permitir\u00e1 una mejor supervisi\u00f3n administrativa en estos campos de tantos desaf\u00edos y ahorra dinero del elevado costo del transporte en esa parte del mundo\u201d, dijo G. T. Ng, secretario ejecutivo de la Iglesia Adventista mundial.<\/p>\n<p>Ng enfatiz\u00f3 que la reorganizaci\u00f3n de la estructura es un paso en la direcci\u00f3n correcta pero no una cura autom\u00e1tica para el crecimiento lento o estancado de la feligres\u00eda. M\u00e1s bien, dijo, lo que m\u00e1s contribuye al crecimiento es la reorganizaci\u00f3n junto con el fortalecimiento de cada congregaci\u00f3n.<\/p>\n<p>\u201cSe ha mostrado que el evangelismo basado en las iglesias locales es el modelo m\u00e1s efectivo de evangelismo\u201d, dijo Ng. \u201cLos miembros son los activos m\u00e1s importantes de la iglesia. Los pastores tienen que ser tambi\u00e9n capacitadores m\u00e1s all\u00e1 de la funci\u00f3n tradicional de bautizar, y desarrollar un programa de discipulado para los nuevos miembros\u201d.<\/p>\n<p>La Divisi\u00f3n de \u00c1frica Centro-Occidental, con sede en Abiy\u00e1n (Costa de Marfil) tiene una feligres\u00eda de aproximadamente 866 mil miembros. En la actualidad tiene seis uniones, pero la reorganizaci\u00f3n de este a\u00f1o llevar\u00e1 esa cifra a diez.<\/p>\n","protected":false},"excerpt":{"rendered":"<p>The Seventh-day Adventist Church\u2019s West-Central Africa Division this year will create four new union administrative units, an action that underscores membership growth in the region and a need for more strategic planning in local fields.<\/p>\n","protected":false},"author":1,"featured_media":21484,"comment_status":"closed","ping_status":"closed","sticky":false,"template":"","format":"standard","meta":{"_acf_changed":false,"footnotes":""},"categories":[14],"tags":[],"class_list":["post-30247","post","type-post","status-publish","format-standard","has-post-thumbnail","hentry","category-de-la-iglesia-mundial"],"acf":[],"yoast_head":"<!-- This site is optimized with the Yoast SEO plugin v27.3 - https:\/\/yoast.com\/product\/yoast-seo-wordpress\/ -->\n<title>Four new unions created in West-Central Africa Division - Iglesia Adventista del S\u00e9ptimo D\u00eda - Divisi\u00f3n Interamericana<\/title>\n<meta name=\"robots\" content=\"index, follow, max-snippet:-1, max-image-preview:large, max-video-preview:-1\" \/>\n<link rel=\"canonical\" href=\"https:\/\/interamerica.org\/es\/2013\/05\/four-new-unions-created-in-west-central-africa-division\/\" \/>\n<meta property=\"og:locale\" content=\"es_ES\" \/>\n<meta property=\"og:type\" content=\"article\" \/>\n<meta property=\"og:title\" content=\"Four new unions created in West-Central Africa Division - Iglesia Adventista del S\u00e9ptimo D\u00eda - Divisi\u00f3n Interamericana\" \/>\n<meta property=\"og:description\" content=\"The Seventh-day Adventist Church\u2019s West-Central Africa Division this year will create four new union administrative units, an action that underscores membership growth in the region and a need for more strategic planning in local fields.\" \/>\n<meta property=\"og:url\" content=\"https:\/\/interamerica.org\/es\/2013\/05\/four-new-unions-created-in-west-central-africa-division\/\" \/>\n<meta property=\"og:site_name\" content=\"Iglesia Adventista del S\u00e9ptimo D\u00eda - Divisi\u00f3n Interamericana\" \/>\n<meta property=\"article:published_time\" content=\"2013-05-16T04:00:00+00:00\" \/>\n<meta property=\"og:image\" content=\"https:\/\/interamerica.org\/wp-content\/uploads\/2017\/06\/New-ANNmap.jpg\" \/>\n\t<meta property=\"og:image:width\" content=\"1154\" \/>\n\t<meta property=\"og:image:height\" content=\"859\" \/>\n\t<meta property=\"og:image:type\" content=\"image\/jpeg\" \/>\n<meta name=\"author\" content=\"Lorenzo Verduzco\" \/>\n<meta name=\"twitter:card\" content=\"summary_large_image\" \/>\n<meta name=\"twitter:label1\" content=\"Escrito por\" \/>\n\t<meta name=\"twitter:data1\" content=\"Lorenzo Verduzco\" \/>\n\t<meta name=\"twitter:label2\" content=\"Tiempo de lectura\" \/>\n\t<meta name=\"twitter:data2\" content=\"5 minutos\" \/>\n<script type=\"application\/ld+json\" class=\"yoast-schema-graph\">{\"@context\":\"https:\\\/\\\/schema.org\",\"@graph\":[{\"@type\":\"Article\",\"@id\":\"https:\\\/\\\/interamerica.org\\\/es\\\/2013\\\/05\\\/four-new-unions-created-in-west-central-africa-division\\\/#article\",\"isPartOf\":{\"@id\":\"https:\\\/\\\/interamerica.org\\\/es\\\/2013\\\/05\\\/four-new-unions-created-in-west-central-africa-division\\\/\"},\"author\":{\"name\":\"Lorenzo Verduzco\",\"@id\":\"https:\\\/\\\/interamerica.org\\\/es\\\/#\\\/schema\\\/person\\\/68ede8bdc292885bb76c1e3810e73c39\"},\"headline\":\"Four new unions created in West-Central Africa Division\",\"datePublished\":\"2013-05-16T04:00:00+00:00\",\"mainEntityOfPage\":{\"@id\":\"https:\\\/\\\/interamerica.org\\\/es\\\/2013\\\/05\\\/four-new-unions-created-in-west-central-africa-division\\\/\"},\"wordCount\":927,\"image\":{\"@id\":\"https:\\\/\\\/interamerica.org\\\/es\\\/2013\\\/05\\\/four-new-unions-created-in-west-central-africa-division\\\/#primaryimage\"},\"thumbnailUrl\":\"https:\\\/\\\/interamerica.org\\\/wp-content\\\/uploads\\\/2017\\\/06\\\/New-ANNmap.jpg\",\"articleSection\":[\"Desde la iglesia mundial\"],\"inLanguage\":\"es\"},{\"@type\":\"WebPage\",\"@id\":\"https:\\\/\\\/interamerica.org\\\/es\\\/2013\\\/05\\\/four-new-unions-created-in-west-central-africa-division\\\/\",\"url\":\"https:\\\/\\\/interamerica.org\\\/es\\\/2013\\\/05\\\/four-new-unions-created-in-west-central-africa-division\\\/\",\"name\":\"Four new unions created in West-Central Africa Division - Iglesia Adventista del S\u00e9ptimo D\u00eda - Divisi\u00f3n Interamericana\",\"isPartOf\":{\"@id\":\"https:\\\/\\\/interamerica.org\\\/es\\\/#website\"},\"primaryImageOfPage\":{\"@id\":\"https:\\\/\\\/interamerica.org\\\/es\\\/2013\\\/05\\\/four-new-unions-created-in-west-central-africa-division\\\/#primaryimage\"},\"image\":{\"@id\":\"https:\\\/\\\/interamerica.org\\\/es\\\/2013\\\/05\\\/four-new-unions-created-in-west-central-africa-division\\\/#primaryimage\"},\"thumbnailUrl\":\"https:\\\/\\\/interamerica.org\\\/wp-content\\\/uploads\\\/2017\\\/06\\\/New-ANNmap.jpg\",\"datePublished\":\"2013-05-16T04:00:00+00:00\",\"author\":{\"@id\":\"https:\\\/\\\/interamerica.org\\\/es\\\/#\\\/schema\\\/person\\\/68ede8bdc292885bb76c1e3810e73c39\"},\"breadcrumb\":{\"@id\":\"https:\\\/\\\/interamerica.org\\\/es\\\/2013\\\/05\\\/four-new-unions-created-in-west-central-africa-division\\\/#breadcrumb\"},\"inLanguage\":\"es\",\"potentialAction\":[{\"@type\":\"ReadAction\",\"target\":[\"https:\\\/\\\/interamerica.org\\\/es\\\/2013\\\/05\\\/four-new-unions-created-in-west-central-africa-division\\\/\"]}]},{\"@type\":\"ImageObject\",\"inLanguage\":\"es\",\"@id\":\"https:\\\/\\\/interamerica.org\\\/es\\\/2013\\\/05\\\/four-new-unions-created-in-west-central-africa-division\\\/#primaryimage\",\"url\":\"https:\\\/\\\/interamerica.org\\\/wp-content\\\/uploads\\\/2017\\\/06\\\/New-ANNmap.jpg\",\"contentUrl\":\"https:\\\/\\\/interamerica.org\\\/wp-content\\\/uploads\\\/2017\\\/06\\\/New-ANNmap.jpg\",\"width\":1154,\"height\":859},{\"@type\":\"BreadcrumbList\",\"@id\":\"https:\\\/\\\/interamerica.org\\\/es\\\/2013\\\/05\\\/four-new-unions-created-in-west-central-africa-division\\\/#breadcrumb\",\"itemListElement\":[{\"@type\":\"ListItem\",\"position\":1,\"name\":\"Home\",\"item\":\"https:\\\/\\\/interamerica.org\\\/es\\\/\"},{\"@type\":\"ListItem\",\"position\":2,\"name\":\"Four new unions created in West-Central Africa Division\"}]},{\"@type\":\"WebSite\",\"@id\":\"https:\\\/\\\/interamerica.org\\\/es\\\/#website\",\"url\":\"https:\\\/\\\/interamerica.org\\\/es\\\/\",\"name\":\"Iglesia Adventista del S\u00e9ptimo D\u00eda - Divisi\u00f3n Interamericana\",\"description\":\"\",\"potentialAction\":[{\"@type\":\"SearchAction\",\"target\":{\"@type\":\"EntryPoint\",\"urlTemplate\":\"https:\\\/\\\/interamerica.org\\\/es\\\/?s={search_term_string}\"},\"query-input\":{\"@type\":\"PropertyValueSpecification\",\"valueRequired\":true,\"valueName\":\"search_term_string\"}}],\"inLanguage\":\"es\"},{\"@type\":\"Person\",\"@id\":\"https:\\\/\\\/interamerica.org\\\/es\\\/#\\\/schema\\\/person\\\/68ede8bdc292885bb76c1e3810e73c39\",\"name\":\"Lorenzo Verduzco\",\"image\":{\"@type\":\"ImageObject\",\"inLanguage\":\"es\",\"@id\":\"https:\\\/\\\/secure.gravatar.com\\\/avatar\\\/fb81a55b6218459490a9c1dc841a34909185b81904c5337b4b27f7a6fd60c49e?s=96&d=mm&r=g\",\"url\":\"https:\\\/\\\/secure.gravatar.com\\\/avatar\\\/fb81a55b6218459490a9c1dc841a34909185b81904c5337b4b27f7a6fd60c49e?s=96&d=mm&r=g\",\"contentUrl\":\"https:\\\/\\\/secure.gravatar.com\\\/avatar\\\/fb81a55b6218459490a9c1dc841a34909185b81904c5337b4b27f7a6fd60c49e?s=96&d=mm&r=g\",\"caption\":\"Lorenzo Verduzco\"}}]}<\/script>\n<!-- \/ Yoast SEO plugin. -->","yoast_head_json":{"title":"Four new unions created in West-Central Africa Division - Iglesia Adventista del S\u00e9ptimo D\u00eda - Divisi\u00f3n Interamericana","robots":{"index":"index","follow":"follow","max-snippet":"max-snippet:-1","max-image-preview":"max-image-preview:large","max-video-preview":"max-video-preview:-1"},"canonical":"https:\/\/interamerica.org\/es\/2013\/05\/four-new-unions-created-in-west-central-africa-division\/","og_locale":"es_ES","og_type":"article","og_title":"Four new unions created in West-Central Africa Division - Iglesia Adventista del S\u00e9ptimo D\u00eda - Divisi\u00f3n Interamericana","og_description":"The Seventh-day Adventist Church\u2019s West-Central Africa Division this year will create four new union administrative units, an action that underscores membership growth in the region and a need for more strategic planning in local fields.","og_url":"https:\/\/interamerica.org\/es\/2013\/05\/four-new-unions-created-in-west-central-africa-division\/","og_site_name":"Iglesia Adventista del S\u00e9ptimo D\u00eda - Divisi\u00f3n Interamericana","article_published_time":"2013-05-16T04:00:00+00:00","og_image":[{"width":1154,"height":859,"url":"https:\/\/interamerica.org\/wp-content\/uploads\/2017\/06\/New-ANNmap.jpg","type":"image\/jpeg"}],"author":"Lorenzo Verduzco","twitter_card":"summary_large_image","twitter_misc":{"Escrito por":"Lorenzo Verduzco","Tiempo de lectura":"5 minutos"},"schema":{"@context":"https:\/\/schema.org","@graph":[{"@type":"Article","@id":"https:\/\/interamerica.org\/es\/2013\/05\/four-new-unions-created-in-west-central-africa-division\/#article","isPartOf":{"@id":"https:\/\/interamerica.org\/es\/2013\/05\/four-new-unions-created-in-west-central-africa-division\/"},"author":{"name":"Lorenzo Verduzco","@id":"https:\/\/interamerica.org\/es\/#\/schema\/person\/68ede8bdc292885bb76c1e3810e73c39"},"headline":"Four new unions created in West-Central Africa Division","datePublished":"2013-05-16T04:00:00+00:00","mainEntityOfPage":{"@id":"https:\/\/interamerica.org\/es\/2013\/05\/four-new-unions-created-in-west-central-africa-division\/"},"wordCount":927,"image":{"@id":"https:\/\/interamerica.org\/es\/2013\/05\/four-new-unions-created-in-west-central-africa-division\/#primaryimage"},"thumbnailUrl":"https:\/\/interamerica.org\/wp-content\/uploads\/2017\/06\/New-ANNmap.jpg","articleSection":["Desde la iglesia mundial"],"inLanguage":"es"},{"@type":"WebPage","@id":"https:\/\/interamerica.org\/es\/2013\/05\/four-new-unions-created-in-west-central-africa-division\/","url":"https:\/\/interamerica.org\/es\/2013\/05\/four-new-unions-created-in-west-central-africa-division\/","name":"Four new unions created in West-Central Africa Division - Iglesia Adventista del S\u00e9ptimo D\u00eda - Divisi\u00f3n Interamericana","isPartOf":{"@id":"https:\/\/interamerica.org\/es\/#website"},"primaryImageOfPage":{"@id":"https:\/\/interamerica.org\/es\/2013\/05\/four-new-unions-created-in-west-central-africa-division\/#primaryimage"},"image":{"@id":"https:\/\/interamerica.org\/es\/2013\/05\/four-new-unions-created-in-west-central-africa-division\/#primaryimage"},"thumbnailUrl":"https:\/\/interamerica.org\/wp-content\/uploads\/2017\/06\/New-ANNmap.jpg","datePublished":"2013-05-16T04:00:00+00:00","author":{"@id":"https:\/\/interamerica.org\/es\/#\/schema\/person\/68ede8bdc292885bb76c1e3810e73c39"},"breadcrumb":{"@id":"https:\/\/interamerica.org\/es\/2013\/05\/four-new-unions-created-in-west-central-africa-division\/#breadcrumb"},"inLanguage":"es","potentialAction":[{"@type":"ReadAction","target":["https:\/\/interamerica.org\/es\/2013\/05\/four-new-unions-created-in-west-central-africa-division\/"]}]},{"@type":"ImageObject","inLanguage":"es","@id":"https:\/\/interamerica.org\/es\/2013\/05\/four-new-unions-created-in-west-central-africa-division\/#primaryimage","url":"https:\/\/interamerica.org\/wp-content\/uploads\/2017\/06\/New-ANNmap.jpg","contentUrl":"https:\/\/interamerica.org\/wp-content\/uploads\/2017\/06\/New-ANNmap.jpg","width":1154,"height":859},{"@type":"BreadcrumbList","@id":"https:\/\/interamerica.org\/es\/2013\/05\/four-new-unions-created-in-west-central-africa-division\/#breadcrumb","itemListElement":[{"@type":"ListItem","position":1,"name":"Home","item":"https:\/\/interamerica.org\/es\/"},{"@type":"ListItem","position":2,"name":"Four new unions created in West-Central Africa Division"}]},{"@type":"WebSite","@id":"https:\/\/interamerica.org\/es\/#website","url":"https:\/\/interamerica.org\/es\/","name":"Iglesia Adventista del S\u00e9ptimo D\u00eda - Divisi\u00f3n Interamericana","description":"","potentialAction":[{"@type":"SearchAction","target":{"@type":"EntryPoint","urlTemplate":"https:\/\/interamerica.org\/es\/?s={search_term_string}"},"query-input":{"@type":"PropertyValueSpecification","valueRequired":true,"valueName":"search_term_string"}}],"inLanguage":"es"},{"@type":"Person","@id":"https:\/\/interamerica.org\/es\/#\/schema\/person\/68ede8bdc292885bb76c1e3810e73c39","name":"Lorenzo Verduzco","image":{"@type":"ImageObject","inLanguage":"es","@id":"https:\/\/secure.gravatar.com\/avatar\/fb81a55b6218459490a9c1dc841a34909185b81904c5337b4b27f7a6fd60c49e?s=96&d=mm&r=g","url":"https:\/\/secure.gravatar.com\/avatar\/fb81a55b6218459490a9c1dc841a34909185b81904c5337b4b27f7a6fd60c49e?s=96&d=mm&r=g","contentUrl":"https:\/\/secure.gravatar.com\/avatar\/fb81a55b6218459490a9c1dc841a34909185b81904c5337b4b27f7a6fd60c49e?s=96&d=mm&r=g","caption":"Lorenzo Verduzco"}}]}},"_links":{"self":[{"href":"https:\/\/interamerica.org\/es\/wp-json\/wp\/v2\/posts\/30247","targetHints":{"allow":["GET"]}}],"collection":[{"href":"https:\/\/interamerica.org\/es\/wp-json\/wp\/v2\/posts"}],"about":[{"href":"https:\/\/interamerica.org\/es\/wp-json\/wp\/v2\/types\/post"}],"author":[{"embeddable":true,"href":"https:\/\/interamerica.org\/es\/wp-json\/wp\/v2\/users\/1"}],"replies":[{"embeddable":true,"href":"https:\/\/interamerica.org\/es\/wp-json\/wp\/v2\/comments?post=30247"}],"version-history":[{"count":0,"href":"https:\/\/interamerica.org\/es\/wp-json\/wp\/v2\/posts\/30247\/revisions"}],"wp:featuredmedia":[{"embeddable":true,"href":"https:\/\/interamerica.org\/es\/wp-json\/wp\/v2\/media\/21484"}],"wp:attachment":[{"href":"https:\/\/interamerica.org\/es\/wp-json\/wp\/v2\/media?parent=30247"}],"wp:term":[{"taxonomy":"category","embeddable":true,"href":"https:\/\/interamerica.org\/es\/wp-json\/wp\/v2\/categories?post=30247"},{"taxonomy":"post_tag","embeddable":true,"href":"https:\/\/interamerica.org\/es\/wp-json\/wp\/v2\/tags?post=30247"}],"curies":[{"name":"wp","href":"https:\/\/api.w.org\/{rel}","templated":true}]}}