{"id":30253,"date":"2013-05-26T00:00:00","date_gmt":"2013-05-26T04:00:00","guid":{"rendered":"http:\/\/192.81.217.108\/interamerica\/2013\/05\/nuevo-documental-repasa-el-impacto-mundial-de-la-obra-medica-misionera-adventista\/"},"modified":"2013-05-26T00:00:00","modified_gmt":"2013-05-26T04:00:00","slug":"nuevo-documental-repasa-el-impacto-mundial-de-la-obra-medica-misionera-adventista","status":"publish","type":"post","link":"https:\/\/interamerica.org\/es\/2013\/05\/nuevo-documental-repasa-el-impacto-mundial-de-la-obra-medica-misionera-adventista\/","title":{"rendered":"Nuevo documental repasa el impacto mundial de la obra m\u00e9dica misionera adventista"},"content":{"rendered":"<p>mayo 21, 2013 Silver Spring, Maryland, United States&#8230;Elizabeth Lechleitner\/ANN<\/p>\n<p>Un documental que explora la filosof\u00eda y el legado de la obra misionera internacional humanitaria y de salud adventista ser\u00e1 transmitido en diversas estaciones de la Public Broadcasting Stations de los Estados Unidos a partir de septiembre.<\/p>\n<p>\u201cThe Adventists 2\u201d, que ahora est\u00e1 disponible en DVD, es una secuela del documental que el cineasta independiente Martin Doblmeier realiz\u00f3 en 2010 titulado \u201cThe Adventists\u201d, que repas\u00f3 las ra\u00edces del mensaje de salud y ministerio de la Iglesia Adventista en Norteam\u00e9rica.<\/p>\n<div id=\"attachment_8223\" style=\"width: 310px\" class=\"wp-caption alignleft\"><a href=\"\/interamerica\/wp-content\/uploads\/2017\/06\/filming-amazon-inside.jpg\" rel=\"fancybox\" title=\"Nuevo documental repasa el impacto mundial de la obra m\u00e9dica misionera adventista\"><img fetchpriority=\"high\" decoding=\"async\" aria-describedby=\"caption-attachment-8223\" class=\"size-medium wp-image-8223\" title=\"filming-amazon-inside\" src=\"\/interamerica\/wp-content\/uploads\/2017\/06\/filming-amazon-inside-300x204.jpg\" alt=\"\" width=\"300\" height=\"204\" \/><\/a><p id=\"caption-attachment-8223\" class=\"wp-caption-text\">Martin Doblmeier (izquierda), fundador y presidente de Journey Films, con Nathan DeWild, director de fotograf\u00eda de Journey Films y graduado de la Universidad Adventista Southern, en el lugar de filmaci\u00f3n en Brasil. El equipo de producci\u00f3n film\u00f3 en el R\u00edo Amazonas, donde durante ochenta a\u00f1os, la lancha misionera \u201cLuzeiro\u201d ha brindado atenci\u00f3n de la salud a comunidades aisladas. Fotograf\u00eda por cortes\u00eda de Journey Films\/ANN<\/p><\/div>\n<p>El \u00faltimo filme de Doblmeier defiende la postura de que la integraci\u00f3n temprana de la atenci\u00f3n de salud y la teolog\u00eda es \u00fanica a la denominaci\u00f3n. La Iglesia Adventista fue establecida oficialmente en mayo de 1863, solo dos semanas antes de que Elena G. White, cofundadora de la iglesia, recibiera una visi\u00f3n sobre la reforma de salud que puso el bienestar f\u00edsico y espiritual en el centro mismo del adventismo.<\/p>\n<p>\u201cEsto no significa por cierto decir que los jud\u00edos o los cat\u00f3licos o los presbiterianos no tienen grandes hospitales o no consideran que el cuerpo es un templo, pero creo que la noci\u00f3n del lugar que ocupa la atenci\u00f3n de la salud dentro de toda la filosof\u00eda de quienes son los adventistas es distintiva desde el mismo comienzo\u201d, dice Doblmeier.<\/p>\n<p>El filme tambi\u00e9n se enfoca en el compromiso de la Iglesia Adventista con la atenci\u00f3n de salud a largo plazo y sustentable por medio de su \u00e9nfasis en la medicina preventiva y en el establecimiento de escuelas de medicina en los pa\u00edses en desarrollo.<\/p>\n<p>Al filmar en Malaui, Doblmeier destaca el \u00e9nfasis de la iglesia en la educaci\u00f3n sobre HIV\/SIDA, donde los adventistas est\u00e1n buscando integrar la conciencia de la salud a la cultura por medio de representaciones. En Per\u00fa, el r\u00e1pido crecimiento de la poblaci\u00f3n pone presi\u00f3n a la atenci\u00f3n de la salud, pero el reciente lanzamiento de la Escuela de Medicina Humana en la Universidad Peruana Uni\u00f3n, una instituci\u00f3n adventista de Lima, est\u00e1 preparando una nueva generaci\u00f3n de m\u00e9dicos que podr\u00e1n enfrentar ese desaf\u00edo.<\/p>\n<p>\u201cEsto no es solo un remedio temporario\u201d, dice Doblmeier \u201c[Los adventistas est\u00e1n] creando estas escuelas de medicina en el mundo en desarrollo para que los mejores cerebros permanezcan en esos pa\u00edses, se preparen dentro del sistema educativo adventista, y entonces sigan trabajando all\u00ed. Creo que esto va a tener efectos a largo plazo\u201d.<\/p>\n<p>El filme tambi\u00e9n rememora la historia de un legendario hospital en China, sigue un equipo de m\u00e9dicos estadounidenses que practican cirug\u00edas a pacientes sin atenci\u00f3n suficiente en la Rep\u00fablica Dominicana, y habla de la obra m\u00e9dica misionera adventista despu\u00e9s de un catastr\u00f3fico terremoto en Hait\u00ed.<\/p>\n<p>Ese pa\u00eds, acaso m\u00e1s que ning\u00fan otro, deja al descubierto la \u201cimpactante\u201d necesidad de atenci\u00f3n sustentable de la salud, dice Doblmeier. Pero, a\u00f1ade, tambi\u00e9n ilustra la resoluci\u00f3n de los humanitarios adventistas.<\/p>\n<p>\u201cEs una tarea incre\u00edble, pero la esperanza ha estado siempre en el centro de la Iglesia Adventista desde el mismo comienzo, y sigue siendo una de las principales razones por las que est\u00e1 presente en el mundo hoy\u201d, dice. \u201cEs por ello que en estos pa\u00edses del mundo, en los que las disparidades de atenci\u00f3n de la salud son tan enormes, creo que la presencia [de la iglesia] crea un sentimiento de esperanza, y eso es algo sumamente importante\u201d.<\/p>\n<p>Doblmeier tambi\u00e9n dedica considerable tiempo al legado del servicio m\u00e9dico y misionero que dejaron los primeros adventistas. Para ilustrar su impacto, \u00e9l y su equipo de producci\u00f3n se dirigen a Brasil, donde durante d\u00e9cadas, Leo y Jessie Halliwell ofrecieron atenci\u00f3n de la salud viajando en lancha a las comunidades aisladas que viven a lo largo del R\u00edo Amazonas. La lancha misionera \u201cLuzeiro\u201d (\u201cLucero\u201d) sigue funcionando a\u00fan hoy.<\/p>\n<p>\u201cUna y otra vez la gente nos cont\u00f3 que escuch\u00f3 la historia de los Halliwell y se sinti\u00f3 emocionada por ella. Esto muestra que la vida y obra de ellos tuvo prop\u00f3sito y sentido\u201d, dijo Doblmeier.<\/p>\n<p>\u201cEse es el poder de una historia. Y si hemos hecho algo para ayudar a que estas historias sigan vivan, no puedo menos que sentirme muy bien por ello\u201d, dice. Una parte de los ingresos por las ventas de DVD ser\u00e1 destinada a apoyar la obra de algunas de las organizaciones que aparecen en el filme.<\/p>\n<p>\u201cThe Adventists 2\u201d es el \u00faltimo de los m\u00e1s de 25 filmes premiados de Doblmeier sobre religi\u00f3n, fe y espiritualidad, entre ellos, \u201cBonhoeffer\u201d, un documental sobre el resistente a los nazis Dietrich Bonhoeffer, y \u201cAlbert Schweitzer: Llamado al \u00c1frica\u201d, un filme que relata la vida del humanista ganador del Premio Nobel.<\/p>\n<p>Doblmeier es presidente y fundador de Journey Films, en Alexandria (Virginia, Estados Unidos). En el presente se encuentra en la parte final de producci\u00f3n de un filme que explora el compromiso de la Iglesia Adventista con la educaci\u00f3n integral.<\/p>\n<p>\u201cAl final de esta entrevista, tengo que regresar precisamente a la sala de edici\u00f3n\u201d, dice.<\/p>\n","protected":false},"excerpt":{"rendered":"<p>Un documental que explora la filosof\u00eda y el legado de la obra misionera internacional humanitaria y de salud adventista ser\u00e1 transmitido en diversas estaciones de la Public Broadcasting Stations de los Estados Unidos a partir de septiembre.<\/p>\n","protected":false},"author":1,"featured_media":21517,"comment_status":"closed","ping_status":"closed","sticky":false,"template":"","format":"standard","meta":{"_acf_changed":false,"footnotes":""},"categories":[14],"tags":[],"class_list":["post-30253","post","type-post","status-publish","format-standard","has-post-thumbnail","hentry","category-de-la-iglesia-mundial"],"acf":[],"yoast_head":"<!-- This site is optimized with the Yoast SEO plugin v27.3 - https:\/\/yoast.com\/product\/yoast-seo-wordpress\/ -->\n<title>Nuevo documental repasa el impacto mundial de la obra m\u00e9dica misionera adventista - Iglesia Adventista del S\u00e9ptimo D\u00eda - Divisi\u00f3n Interamericana<\/title>\n<meta name=\"robots\" content=\"index, follow, max-snippet:-1, max-image-preview:large, max-video-preview:-1\" \/>\n<link rel=\"canonical\" href=\"https:\/\/interamerica.org\/es\/2013\/05\/nuevo-documental-repasa-el-impacto-mundial-de-la-obra-medica-misionera-adventista\/\" \/>\n<meta property=\"og:locale\" content=\"es_ES\" \/>\n<meta property=\"og:type\" content=\"article\" \/>\n<meta property=\"og:title\" content=\"Nuevo documental repasa el impacto mundial de la obra m\u00e9dica misionera adventista - Iglesia Adventista del S\u00e9ptimo D\u00eda - Divisi\u00f3n Interamericana\" \/>\n<meta property=\"og:description\" content=\"Un documental que explora la filosof\u00eda y el legado de la obra misionera internacional humanitaria y de salud adventista ser\u00e1 transmitido en diversas estaciones de la Public Broadcasting Stations de los Estados Unidos a partir de septiembre.\" \/>\n<meta property=\"og:url\" content=\"https:\/\/interamerica.org\/es\/2013\/05\/nuevo-documental-repasa-el-impacto-mundial-de-la-obra-medica-misionera-adventista\/\" \/>\n<meta property=\"og:site_name\" content=\"Iglesia Adventista del S\u00e9ptimo D\u00eda - Divisi\u00f3n Interamericana\" \/>\n<meta property=\"article:published_time\" content=\"2013-05-26T04:00:00+00:00\" \/>\n<meta property=\"og:image\" content=\"https:\/\/interamerica.org\/wp-content\/uploads\/2017\/06\/filming-amazon-inside.jpg\" \/>\n\t<meta property=\"og:image:width\" content=\"1200\" \/>\n\t<meta property=\"og:image:height\" content=\"818\" \/>\n\t<meta property=\"og:image:type\" content=\"image\/jpeg\" \/>\n<meta name=\"author\" content=\"Lorenzo Verduzco\" \/>\n<meta name=\"twitter:card\" content=\"summary_large_image\" \/>\n<meta name=\"twitter:label1\" content=\"Escrito por\" \/>\n\t<meta name=\"twitter:data1\" content=\"Lorenzo Verduzco\" \/>\n\t<meta name=\"twitter:label2\" content=\"Tiempo de lectura\" \/>\n\t<meta name=\"twitter:data2\" content=\"5 minutos\" \/>\n<script type=\"application\/ld+json\" class=\"yoast-schema-graph\">{\"@context\":\"https:\\\/\\\/schema.org\",\"@graph\":[{\"@type\":\"Article\",\"@id\":\"https:\\\/\\\/interamerica.org\\\/es\\\/2013\\\/05\\\/nuevo-documental-repasa-el-impacto-mundial-de-la-obra-medica-misionera-adventista\\\/#article\",\"isPartOf\":{\"@id\":\"https:\\\/\\\/interamerica.org\\\/es\\\/2013\\\/05\\\/nuevo-documental-repasa-el-impacto-mundial-de-la-obra-medica-misionera-adventista\\\/\"},\"author\":{\"name\":\"Lorenzo Verduzco\",\"@id\":\"https:\\\/\\\/interamerica.org\\\/es\\\/#\\\/schema\\\/person\\\/68ede8bdc292885bb76c1e3810e73c39\"},\"headline\":\"Nuevo documental repasa el impacto mundial de la obra m\u00e9dica misionera adventista\",\"datePublished\":\"2013-05-26T04:00:00+00:00\",\"mainEntityOfPage\":{\"@id\":\"https:\\\/\\\/interamerica.org\\\/es\\\/2013\\\/05\\\/nuevo-documental-repasa-el-impacto-mundial-de-la-obra-medica-misionera-adventista\\\/\"},\"wordCount\":967,\"image\":{\"@id\":\"https:\\\/\\\/interamerica.org\\\/es\\\/2013\\\/05\\\/nuevo-documental-repasa-el-impacto-mundial-de-la-obra-medica-misionera-adventista\\\/#primaryimage\"},\"thumbnailUrl\":\"https:\\\/\\\/interamerica.org\\\/wp-content\\\/uploads\\\/2017\\\/06\\\/filming-amazon-inside.jpg\",\"articleSection\":[\"Desde la iglesia mundial\"],\"inLanguage\":\"es\"},{\"@type\":\"WebPage\",\"@id\":\"https:\\\/\\\/interamerica.org\\\/es\\\/2013\\\/05\\\/nuevo-documental-repasa-el-impacto-mundial-de-la-obra-medica-misionera-adventista\\\/\",\"url\":\"https:\\\/\\\/interamerica.org\\\/es\\\/2013\\\/05\\\/nuevo-documental-repasa-el-impacto-mundial-de-la-obra-medica-misionera-adventista\\\/\",\"name\":\"Nuevo documental repasa el impacto mundial de la obra m\u00e9dica misionera adventista - Iglesia Adventista del S\u00e9ptimo D\u00eda - Divisi\u00f3n Interamericana\",\"isPartOf\":{\"@id\":\"https:\\\/\\\/interamerica.org\\\/es\\\/#website\"},\"primaryImageOfPage\":{\"@id\":\"https:\\\/\\\/interamerica.org\\\/es\\\/2013\\\/05\\\/nuevo-documental-repasa-el-impacto-mundial-de-la-obra-medica-misionera-adventista\\\/#primaryimage\"},\"image\":{\"@id\":\"https:\\\/\\\/interamerica.org\\\/es\\\/2013\\\/05\\\/nuevo-documental-repasa-el-impacto-mundial-de-la-obra-medica-misionera-adventista\\\/#primaryimage\"},\"thumbnailUrl\":\"https:\\\/\\\/interamerica.org\\\/wp-content\\\/uploads\\\/2017\\\/06\\\/filming-amazon-inside.jpg\",\"datePublished\":\"2013-05-26T04:00:00+00:00\",\"author\":{\"@id\":\"https:\\\/\\\/interamerica.org\\\/es\\\/#\\\/schema\\\/person\\\/68ede8bdc292885bb76c1e3810e73c39\"},\"breadcrumb\":{\"@id\":\"https:\\\/\\\/interamerica.org\\\/es\\\/2013\\\/05\\\/nuevo-documental-repasa-el-impacto-mundial-de-la-obra-medica-misionera-adventista\\\/#breadcrumb\"},\"inLanguage\":\"es\",\"potentialAction\":[{\"@type\":\"ReadAction\",\"target\":[\"https:\\\/\\\/interamerica.org\\\/es\\\/2013\\\/05\\\/nuevo-documental-repasa-el-impacto-mundial-de-la-obra-medica-misionera-adventista\\\/\"]}]},{\"@type\":\"ImageObject\",\"inLanguage\":\"es\",\"@id\":\"https:\\\/\\\/interamerica.org\\\/es\\\/2013\\\/05\\\/nuevo-documental-repasa-el-impacto-mundial-de-la-obra-medica-misionera-adventista\\\/#primaryimage\",\"url\":\"https:\\\/\\\/interamerica.org\\\/wp-content\\\/uploads\\\/2017\\\/06\\\/filming-amazon-inside.jpg\",\"contentUrl\":\"https:\\\/\\\/interamerica.org\\\/wp-content\\\/uploads\\\/2017\\\/06\\\/filming-amazon-inside.jpg\",\"width\":1200,\"height\":818},{\"@type\":\"BreadcrumbList\",\"@id\":\"https:\\\/\\\/interamerica.org\\\/es\\\/2013\\\/05\\\/nuevo-documental-repasa-el-impacto-mundial-de-la-obra-medica-misionera-adventista\\\/#breadcrumb\",\"itemListElement\":[{\"@type\":\"ListItem\",\"position\":1,\"name\":\"Home\",\"item\":\"https:\\\/\\\/interamerica.org\\\/es\\\/\"},{\"@type\":\"ListItem\",\"position\":2,\"name\":\"Nuevo documental repasa el impacto mundial de la obra m\u00e9dica misionera adventista\"}]},{\"@type\":\"WebSite\",\"@id\":\"https:\\\/\\\/interamerica.org\\\/es\\\/#website\",\"url\":\"https:\\\/\\\/interamerica.org\\\/es\\\/\",\"name\":\"Iglesia Adventista del S\u00e9ptimo D\u00eda - Divisi\u00f3n Interamericana\",\"description\":\"\",\"potentialAction\":[{\"@type\":\"SearchAction\",\"target\":{\"@type\":\"EntryPoint\",\"urlTemplate\":\"https:\\\/\\\/interamerica.org\\\/es\\\/?s={search_term_string}\"},\"query-input\":{\"@type\":\"PropertyValueSpecification\",\"valueRequired\":true,\"valueName\":\"search_term_string\"}}],\"inLanguage\":\"es\"},{\"@type\":\"Person\",\"@id\":\"https:\\\/\\\/interamerica.org\\\/es\\\/#\\\/schema\\\/person\\\/68ede8bdc292885bb76c1e3810e73c39\",\"name\":\"Lorenzo Verduzco\",\"image\":{\"@type\":\"ImageObject\",\"inLanguage\":\"es\",\"@id\":\"https:\\\/\\\/secure.gravatar.com\\\/avatar\\\/fb81a55b6218459490a9c1dc841a34909185b81904c5337b4b27f7a6fd60c49e?s=96&d=mm&r=g\",\"url\":\"https:\\\/\\\/secure.gravatar.com\\\/avatar\\\/fb81a55b6218459490a9c1dc841a34909185b81904c5337b4b27f7a6fd60c49e?s=96&d=mm&r=g\",\"contentUrl\":\"https:\\\/\\\/secure.gravatar.com\\\/avatar\\\/fb81a55b6218459490a9c1dc841a34909185b81904c5337b4b27f7a6fd60c49e?s=96&d=mm&r=g\",\"caption\":\"Lorenzo Verduzco\"}}]}<\/script>\n<!-- \/ Yoast SEO plugin. -->","yoast_head_json":{"title":"Nuevo documental repasa el impacto mundial de la obra m\u00e9dica misionera adventista - Iglesia Adventista del S\u00e9ptimo D\u00eda - Divisi\u00f3n Interamericana","robots":{"index":"index","follow":"follow","max-snippet":"max-snippet:-1","max-image-preview":"max-image-preview:large","max-video-preview":"max-video-preview:-1"},"canonical":"https:\/\/interamerica.org\/es\/2013\/05\/nuevo-documental-repasa-el-impacto-mundial-de-la-obra-medica-misionera-adventista\/","og_locale":"es_ES","og_type":"article","og_title":"Nuevo documental repasa el impacto mundial de la obra m\u00e9dica misionera adventista - Iglesia Adventista del S\u00e9ptimo D\u00eda - Divisi\u00f3n Interamericana","og_description":"Un documental que explora la filosof\u00eda y el legado de la obra misionera internacional humanitaria y de salud adventista ser\u00e1 transmitido en diversas estaciones de la Public Broadcasting Stations de los Estados Unidos a partir de septiembre.","og_url":"https:\/\/interamerica.org\/es\/2013\/05\/nuevo-documental-repasa-el-impacto-mundial-de-la-obra-medica-misionera-adventista\/","og_site_name":"Iglesia Adventista del S\u00e9ptimo D\u00eda - Divisi\u00f3n Interamericana","article_published_time":"2013-05-26T04:00:00+00:00","og_image":[{"width":1200,"height":818,"url":"https:\/\/interamerica.org\/wp-content\/uploads\/2017\/06\/filming-amazon-inside.jpg","type":"image\/jpeg"}],"author":"Lorenzo Verduzco","twitter_card":"summary_large_image","twitter_misc":{"Escrito por":"Lorenzo Verduzco","Tiempo de lectura":"5 minutos"},"schema":{"@context":"https:\/\/schema.org","@graph":[{"@type":"Article","@id":"https:\/\/interamerica.org\/es\/2013\/05\/nuevo-documental-repasa-el-impacto-mundial-de-la-obra-medica-misionera-adventista\/#article","isPartOf":{"@id":"https:\/\/interamerica.org\/es\/2013\/05\/nuevo-documental-repasa-el-impacto-mundial-de-la-obra-medica-misionera-adventista\/"},"author":{"name":"Lorenzo Verduzco","@id":"https:\/\/interamerica.org\/es\/#\/schema\/person\/68ede8bdc292885bb76c1e3810e73c39"},"headline":"Nuevo documental repasa el impacto mundial de la obra m\u00e9dica misionera adventista","datePublished":"2013-05-26T04:00:00+00:00","mainEntityOfPage":{"@id":"https:\/\/interamerica.org\/es\/2013\/05\/nuevo-documental-repasa-el-impacto-mundial-de-la-obra-medica-misionera-adventista\/"},"wordCount":967,"image":{"@id":"https:\/\/interamerica.org\/es\/2013\/05\/nuevo-documental-repasa-el-impacto-mundial-de-la-obra-medica-misionera-adventista\/#primaryimage"},"thumbnailUrl":"https:\/\/interamerica.org\/wp-content\/uploads\/2017\/06\/filming-amazon-inside.jpg","articleSection":["Desde la iglesia mundial"],"inLanguage":"es"},{"@type":"WebPage","@id":"https:\/\/interamerica.org\/es\/2013\/05\/nuevo-documental-repasa-el-impacto-mundial-de-la-obra-medica-misionera-adventista\/","url":"https:\/\/interamerica.org\/es\/2013\/05\/nuevo-documental-repasa-el-impacto-mundial-de-la-obra-medica-misionera-adventista\/","name":"Nuevo documental repasa el impacto mundial de la obra m\u00e9dica misionera adventista - Iglesia Adventista del S\u00e9ptimo D\u00eda - Divisi\u00f3n Interamericana","isPartOf":{"@id":"https:\/\/interamerica.org\/es\/#website"},"primaryImageOfPage":{"@id":"https:\/\/interamerica.org\/es\/2013\/05\/nuevo-documental-repasa-el-impacto-mundial-de-la-obra-medica-misionera-adventista\/#primaryimage"},"image":{"@id":"https:\/\/interamerica.org\/es\/2013\/05\/nuevo-documental-repasa-el-impacto-mundial-de-la-obra-medica-misionera-adventista\/#primaryimage"},"thumbnailUrl":"https:\/\/interamerica.org\/wp-content\/uploads\/2017\/06\/filming-amazon-inside.jpg","datePublished":"2013-05-26T04:00:00+00:00","author":{"@id":"https:\/\/interamerica.org\/es\/#\/schema\/person\/68ede8bdc292885bb76c1e3810e73c39"},"breadcrumb":{"@id":"https:\/\/interamerica.org\/es\/2013\/05\/nuevo-documental-repasa-el-impacto-mundial-de-la-obra-medica-misionera-adventista\/#breadcrumb"},"inLanguage":"es","potentialAction":[{"@type":"ReadAction","target":["https:\/\/interamerica.org\/es\/2013\/05\/nuevo-documental-repasa-el-impacto-mundial-de-la-obra-medica-misionera-adventista\/"]}]},{"@type":"ImageObject","inLanguage":"es","@id":"https:\/\/interamerica.org\/es\/2013\/05\/nuevo-documental-repasa-el-impacto-mundial-de-la-obra-medica-misionera-adventista\/#primaryimage","url":"https:\/\/interamerica.org\/wp-content\/uploads\/2017\/06\/filming-amazon-inside.jpg","contentUrl":"https:\/\/interamerica.org\/wp-content\/uploads\/2017\/06\/filming-amazon-inside.jpg","width":1200,"height":818},{"@type":"BreadcrumbList","@id":"https:\/\/interamerica.org\/es\/2013\/05\/nuevo-documental-repasa-el-impacto-mundial-de-la-obra-medica-misionera-adventista\/#breadcrumb","itemListElement":[{"@type":"ListItem","position":1,"name":"Home","item":"https:\/\/interamerica.org\/es\/"},{"@type":"ListItem","position":2,"name":"Nuevo documental repasa el impacto mundial de la obra m\u00e9dica misionera adventista"}]},{"@type":"WebSite","@id":"https:\/\/interamerica.org\/es\/#website","url":"https:\/\/interamerica.org\/es\/","name":"Iglesia Adventista del S\u00e9ptimo D\u00eda - Divisi\u00f3n Interamericana","description":"","potentialAction":[{"@type":"SearchAction","target":{"@type":"EntryPoint","urlTemplate":"https:\/\/interamerica.org\/es\/?s={search_term_string}"},"query-input":{"@type":"PropertyValueSpecification","valueRequired":true,"valueName":"search_term_string"}}],"inLanguage":"es"},{"@type":"Person","@id":"https:\/\/interamerica.org\/es\/#\/schema\/person\/68ede8bdc292885bb76c1e3810e73c39","name":"Lorenzo Verduzco","image":{"@type":"ImageObject","inLanguage":"es","@id":"https:\/\/secure.gravatar.com\/avatar\/fb81a55b6218459490a9c1dc841a34909185b81904c5337b4b27f7a6fd60c49e?s=96&d=mm&r=g","url":"https:\/\/secure.gravatar.com\/avatar\/fb81a55b6218459490a9c1dc841a34909185b81904c5337b4b27f7a6fd60c49e?s=96&d=mm&r=g","contentUrl":"https:\/\/secure.gravatar.com\/avatar\/fb81a55b6218459490a9c1dc841a34909185b81904c5337b4b27f7a6fd60c49e?s=96&d=mm&r=g","caption":"Lorenzo Verduzco"}}]}},"_links":{"self":[{"href":"https:\/\/interamerica.org\/es\/wp-json\/wp\/v2\/posts\/30253","targetHints":{"allow":["GET"]}}],"collection":[{"href":"https:\/\/interamerica.org\/es\/wp-json\/wp\/v2\/posts"}],"about":[{"href":"https:\/\/interamerica.org\/es\/wp-json\/wp\/v2\/types\/post"}],"author":[{"embeddable":true,"href":"https:\/\/interamerica.org\/es\/wp-json\/wp\/v2\/users\/1"}],"replies":[{"embeddable":true,"href":"https:\/\/interamerica.org\/es\/wp-json\/wp\/v2\/comments?post=30253"}],"version-history":[{"count":0,"href":"https:\/\/interamerica.org\/es\/wp-json\/wp\/v2\/posts\/30253\/revisions"}],"wp:featuredmedia":[{"embeddable":true,"href":"https:\/\/interamerica.org\/es\/wp-json\/wp\/v2\/media\/21517"}],"wp:attachment":[{"href":"https:\/\/interamerica.org\/es\/wp-json\/wp\/v2\/media?parent=30253"}],"wp:term":[{"taxonomy":"category","embeddable":true,"href":"https:\/\/interamerica.org\/es\/wp-json\/wp\/v2\/categories?post=30253"},{"taxonomy":"post_tag","embeddable":true,"href":"https:\/\/interamerica.org\/es\/wp-json\/wp\/v2\/tags?post=30253"}],"curies":[{"name":"wp","href":"https:\/\/api.w.org\/{rel}","templated":true}]}}