{"id":30259,"date":"2013-06-08T00:00:00","date_gmt":"2013-06-08T04:00:00","guid":{"rendered":"http:\/\/192.81.217.108\/interamerica\/2013\/06\/lideres-votan-ofrecer-educacion-no-formal-en-toda-la-division-durante-2014\/"},"modified":"2013-06-08T00:00:00","modified_gmt":"2013-06-08T04:00:00","slug":"lideres-votan-ofrecer-educacion-no-formal-en-toda-la-division-durante-2014","status":"publish","type":"post","link":"https:\/\/interamerica.org\/es\/2013\/06\/lideres-votan-ofrecer-educacion-no-formal-en-toda-la-division-durante-2014\/","title":{"rendered":"L\u00edderes votan ofrecer educaci\u00f3n no formal en toda la divisi\u00f3n durante 2014"},"content":{"rendered":"<div id=\"attachment_8298\" style=\"width: 600px\" class=\"wp-caption aligncenter\"><a href=\"\/interamerica\/wp-content\/uploads\/2017\/06\/Non-formal-Educ.png\" rel=\"fancybox\" title=\"L\u00edderes votan ofrecer educaci\u00f3n no formal en toda la divisi\u00f3n durante 2014\"><img fetchpriority=\"high\" decoding=\"async\" aria-describedby=\"caption-attachment-8298\" class=\"size-full wp-image-8298\" src=\"\/interamerica\/wp-content\/uploads\/2017\/06\/Non-formal-Educ.png\" alt=\"\" width=\"590\" height=\"319\" \/><\/a><p id=\"caption-attachment-8298\" class=\"wp-caption-text\">El pastor Israel Leito, presidente de la Divisi\u00f3n Interamericana, habla a la junta directiva durante las sesiones de ese organismo, afirmando que 2014 ser\u00e1 el \u201cA\u00f1o de la Educaci\u00f3n No Formal\u201d en todo el territorio de la Divisi\u00f3n Interamericana. Esta ceremonia especial se llev\u00f3 a cabo en el tercer d\u00eda de reuniones en mayo de 2013, en Miami (Florida, Estados Unidos). Los administradores y directores de los departamentos votaron elevar el nivel de capacitaci\u00f3n de los l\u00edderes laicos en toda la regi\u00f3n. Im\u00e1genes de Libna Stevens\/DIA<\/p><\/div>\n<p>2 de junio de 2013 \u2013 Miami, Florida, Estados Unidos&#8230;Libna Stevens\/DIA<\/p>\n<p>Los principales l\u00edderes adventistas votaron por unanimidad elevar a partir del a\u00f1o pr\u00f3ximo el nivel de capacitaci\u00f3n de los miembros activos de la denominaci\u00f3n a lo largo y a lo ancho de m\u00e1s de once mil iglesias y congregaciones de la Divisi\u00f3n Interamericana. La declaraci\u00f3n se produjo despu\u00e9s de que los miembros de la junta directiva votaron hacer de 2014 un a\u00f1o enfocado en la educaci\u00f3n no formal de los l\u00edderes laicos, durante el tercer d\u00eda del concilio del territorio llevado a cabo en la sede central de la DIA en Miami (Florida, Estados Unidos) el pasado 29 de mayo de 2013.<\/p>\n<div id=\"attachment_8299\" style=\"width: 325px\" class=\"wp-caption alignleft\"><a href=\"\/interamerica\/wp-content\/uploads\/2017\/06\/Florez-G-nonformal.png\" rel=\"fancybox\" title=\"L\u00edderes votan ofrecer educaci\u00f3n no formal en toda la divisi\u00f3n durante 2014\"><img decoding=\"async\" aria-describedby=\"caption-attachment-8299\" class=\"size-full wp-image-8299\" src=\"\/interamerica\/wp-content\/uploads\/2017\/06\/Florez-G-nonformal.png\" alt=\"\" width=\"315\" height=\"209\" \/><\/a><p id=\"caption-attachment-8299\" class=\"wp-caption-text\">El doctor Gamaliel Florez, director de educaci\u00f3n de la Iglesia Adventista en Interam\u00e9rica, dice que el plan busca equipar a los miembros de iglesia activos para que est\u00e9n mejor capacitados en su ministerio.<\/p><\/div>\n<p>\u201cEn Interam\u00e9rica sentimos el peso de la responsabilidad sobre lo que se requiere para liderar una iglesia educativa y es por eso que hemos planificado que el a\u00f1o pr\u00f3ximo cada uno de los l\u00edderes de iglesia pueden ser capacitados en forma adecuada en su ministerio\u201d, dijo el doctor Gamaliel Florez, director de asociaci\u00f3n de la iglesia en Interam\u00e9rica.<\/p>\n<p>El plan abarca el programa especial de estudios de cada departamento, lo que brindar\u00e1 las habilidades necesarias que permitir\u00e1n equipar a cada l\u00edder laico para ponerse al frente de ministerios especializados, explic\u00f3 el doctor Florez.<\/p>\n<p>Seg\u00fan Florez, el \u00e9nfasis estar\u00e1 dado en una estrategia m\u00e1s definida de certificaci\u00f3n unificada que lo que los departamentos han ofrecido a sus l\u00edderes y ministros en el pasado.<\/p>\n<p>Cada l\u00edder capacitado recibir\u00e1 un certificado durante una celebraci\u00f3n de graduaci\u00f3n masiva que se llevar\u00e1 a cabo en octubre de 2014, dijeron los l\u00edderes.<\/p>\n<p>El pastor Israel Leito, presidente de la Iglesia Adventista en Interam\u00e9rica, desafi\u00f3 a los miembros de la junta directiva para que unan sus fuerzas en sus territorios para apoyar esta iniciativa.<\/p>\n<p>\u201cTenemos que ayudar a que nuestros miembros vean c\u00f3mo participar, que vean qu\u00e9 pueden hacer para terminar la obra de compartir el evangelio, para que la iglesia de Interam\u00e9rica pueda ser una iglesia m\u00e1s s\u00f3lida y estar mejor equipada para la segunda venida de Cristo\u201d, dijo el pastor Leito.<\/p>\n<div id=\"attachment_8300\" style=\"width: 325px\" class=\"wp-caption alignleft\"><a href=\"\/interamerica\/wp-content\/uploads\/2017\/06\/IADAdministrators.png\" rel=\"fancybox\" title=\"L\u00edderes votan ofrecer educaci\u00f3n no formal en toda la divisi\u00f3n durante 2014\"><img decoding=\"async\" aria-describedby=\"caption-attachment-8300\" class=\"size-full wp-image-8300\" src=\"\/interamerica\/wp-content\/uploads\/2017\/06\/IADAdministrators.png\" alt=\"\" width=\"315\" height=\"205\" \/><\/a><p id=\"caption-attachment-8300\" class=\"wp-caption-text\">El pastor Israel Leito, presidente de la DIA (centro), acompa\u00f1ado por el doctor Elie Henry, secretario ejecutivo (izquierda) y Filiberto Verduzco, tesorero del territorio, al coordinar las sesiones de mitad de a\u00f1o de la Junta Directiva de la regi\u00f3n en Miami (Florida, Estados Unidos), entre el pasado 27 al 29 de mayo de 2013.<\/p><\/div>\n<p>El doctor Elie Henry, secretario ejecutivo de la DIA, inform\u00f3 que m\u00e1s de 3,7 millones de miembros son miembros de iglesia registrados en Interam\u00e9rica, y se han comenzado esfuerzos de auditar a la feligres\u00eda por medio del sistema de administraci\u00f3n de miembros de la Iglesia Adventista mundial. Asimismo, los l\u00edderes est\u00e1n trabajando para actualizar a los m\u00e1s de 22.000 empleados que tiene la iglesia en sus oficinas regionales, hospitales, universidades, escuelas y todas las organizaciones operadas respecto de un programa inform\u00e1tico especialmente dise\u00f1ado a tal efecto.<\/p>\n<p>Filiberto Verduzco, tesorero de la Iglesia Adventista en Interam\u00e9rica, inform\u00f3 sobre los 23 a\u00f1os de estabilidad financiera que goza la Divisi\u00f3n Interamericana, aun a pesar de la debilitaci\u00f3n de algunas monedas dentro del territorio.<\/p>\n<p>\u201cLa conducta financiera de la DIA marcha con la seguridad de que Dios est\u00e1 con nosotros\u201d, dijo Verduzco al informar que en comparaci\u00f3n con 2012, se hace evidente un diez por ciento de incremento en los diezmos.<\/p>\n<p>\u201cLo que sabemos con seguidad es que los miembros de iglesia del territorio son generosos y muestran su compromiso con la misi\u00f3n de la iglesia, porque tienen una relaci\u00f3n profunda con Dios, y agradecemos al Se\u00f1or por ello\u201d, a\u00f1adi\u00f3 Verduzco.<\/p>\n<p>Verduzco tambi\u00e9n inform\u00f3 a la comisi\u00f3n que hay 589 entidades en todo el territorio que esperan ser auditadas y que est\u00e1 en vigencia una estrecha coordinaci\u00f3n con los Servicios de Auditor\u00eda de la Asociaci\u00f3n General para iniciar el proceso durante los pr\u00f3ximos tres a\u00f1os.<\/p>\n<p>Durante el segundo d\u00eda de reuniones, dos de los 22 <a href=\"\/?p=8372#axzz2VYCF4Ktz\">evangelistas laicos campeones de Interam\u00e9rica<\/a> dirigieron la sesi\u00f3n de la junta durante noventa minutos. Fue un momento hist\u00f3rico que enfatiz\u00f3 el valor que se da al liderazgo de los laicos en toda Interam\u00e9rica, dijo el pastor Leito.<\/p>\n<div id=\"attachment_8301\" style=\"width: 325px\" class=\"wp-caption alignleft\"><a href=\"\/interamerica\/wp-content\/uploads\/2017\/06\/tamay-midyear.png\" rel=\"fancybox\" title=\"L\u00edderes votan ofrecer educaci\u00f3n no formal en toda la divisi\u00f3n durante 2014\"><img loading=\"lazy\" decoding=\"async\" aria-describedby=\"caption-attachment-8301\" class=\"size-full wp-image-8301\" src=\"\/interamerica\/wp-content\/uploads\/2017\/06\/tamay-midyear.png\" alt=\"\" width=\"315\" height=\"202\" \/><\/a><p id=\"caption-attachment-8301\" class=\"wp-caption-text\">Alejandro Tamay (izquierda), evangelista laico campe\u00f3n de la regi\u00f3n Sudeste Mexicana presidi\u00f3 el pasado 28 de mayo de 2013 la sesi\u00f3n de la Junta Directiva de la DIA durante noventa minutos, junto con el designado secretario Jos\u00e9 Luis Rosales, evangelista laico campe\u00f3n de Honduras. La ocasi\u00f3n marc\u00f3 la primera vez en la historia de la DIA que dos l\u00edderes laicos estuvieron al frente de una parte de la sesi\u00f3n de ese organismo.<\/p><\/div>\n<p>Alejandro Tamay, de la Uni\u00f3n Mexicana del Sudeste, presidi\u00f3 la junta y Jos\u00e9 Luis Rosales, de la Uni\u00f3n Honduras, hizo las veces de secretario. Fue una experiencia inolvidable para Tamay presidir la sesi\u00f3n de la junta.<\/p>\n<p>\u201cQu\u00e9 experiencia magn\u00edfica estar aqu\u00ed y haber recibido esta oportunidad, y ver c\u00f3mo se administra la iglesia a este nivel\u201d, dijo Tamay. Este l\u00edder laico durante 17 a\u00f1os, Tamay, de 61 a\u00f1os, cumple sus funciones en la iglesia adventista Adolfo L\u00f3pez Mateo, una congregaci\u00f3n de 180 miembros en Quintanaroo (M\u00e9xico). All\u00ed es anciano ordenado, director de ministerios personales, y l\u00edder de grupos peque\u00f1os. Tamay aprecia el trabajo asociado que existe entre los pastores y laicos y lo ve como a un equipo inseparable.<\/p>\n<p>\u201cEl laico es un \u00edcono en la iglesia para alcanzar los objetivos establecidos por Dios y sus l\u00edderes\u201d, dijo.<\/p>\n<p>Ambos presidieron en cuestiones relacionadas con la reorganizaci\u00f3n de los ministerios de publicaciones, y el libro del a\u00f1o para 2014.<\/p>\n<p>Los l\u00edderes votaron diversas iniciativas, entre ellas:<\/p>\n<div id=\"attachment_8304\" style=\"width: 225px\" class=\"wp-caption alignright\"><a href=\"\/interamerica\/wp-content\/uploads\/2017\/06\/GonzalezErwin.png\" rel=\"fancybox\" title=\"L\u00edderes votan ofrecer educaci\u00f3n no formal en toda la divisi\u00f3n durante 2014\"><img loading=\"lazy\" decoding=\"async\" aria-describedby=\"caption-attachment-8304\" class=\"size-full wp-image-8304\" src=\"\/interamerica\/wp-content\/uploads\/2017\/06\/GonzalezErwin.png\" alt=\"\" width=\"215\" height=\"297\" \/><\/a><p id=\"caption-attachment-8304\" class=\"wp-caption-text\">El doctor Erwin Gonz\u00e1lez, director del ministerio de las publicaciones de la iglesia en Interam\u00e9rica, habla a los l\u00edderes ejecutivos de la iglesia sobre el nuevo modelo del ministerio de las publicaciones para conseguir, capacitar y conservar a los colportores como miembros integrales en la tarea de compartir el evangelio a lo largo y a lo ancho del territorio.<\/p><\/div>\n<p><strong>Nuevo modelo del ministerio de publicaciones<\/strong><br \/>\nSe vot\u00f3 un documento sobre un nuevo modelo del ministerio de las publicaciones que dar\u00e1 continuidad a los dos a\u00f1os de estudio en los que los administradores y l\u00edderes regionales han estado analizando c\u00f3mo incrementar la participaci\u00f3n de colportores activos en el territorio de la divisi\u00f3n. El nuevo modelo cuenta con un equipo de trabajo en cuatro partes, e incluye al departamento de publicaciones, la casa publicadora, el colportor y el pastor. Los l\u00edderes preparar\u00e1n una estrategia durante la pr\u00f3xima Cumbre del Ministerio de las Publicaciones, que se llevar\u00e1 a cabo del 19 al 21 de agosto, para finalizar los detalles sobre la funci\u00f3n del departamento de ministerio de la publicaciones y las casas publicadores en la tarea de conseguir, preparar y conservar colportores como miembros integrales de la tarea de compartir el evangelio. La cumbre presentar\u00e1 entonces sus recomendaciones a la junta directiva para su implementaci\u00f3n final en octubre pr\u00f3ximo.<\/p>\n<p><strong>Libro del a\u00f1o<\/strong><br \/>\nLos l\u00edderes votaron que el libro \u201cLa educaci\u00f3n\u201d de Elena G. White, una de las fundadoras de la Iglesia Adventista, sea el libro del a\u00f1o para 2014. El plan es que este libro est\u00e9 disponible para cada miembro de iglesia en forma gratuita o a muy bajo costo, tanto en ingl\u00e9s y espa\u00f1ol como en franc\u00e9s.<\/p>\n<p><strong>Centros abarcadores de ministerios abarcadores<\/strong><br \/>\nLos miembros de la Junta Directiva votaron adoptar la propuesta de la Secretar\u00eda de la Secretar\u00eda Ministerial de la Iglesia Adventista mundial titulada \u201cCentros de ministerios abarcadores\u201d donde cada campo local es establecer ese centro cada ciudad y pueblo de importancia.<\/p>\n<p>El centro brindar\u00e1 \u201ciniciativas compasivas combinadas para contribuir con el estado del bienestar social, f\u00edsico, mental y espiritual de los individuos dentro de la comunidad\u201d, dice la declaraci\u00f3n. Los miembros de la junta aprobaron adoptar la recomendaci\u00f3n de la operaci\u00f3n del centro, la capacitaci\u00f3n de expertos y voluntarios para administrar el centro y las implicaciones financieras, entre otras.<\/p>\n<div id=\"attachment_8302\" style=\"width: 325px\" class=\"wp-caption alignleft\"><a href=\"\/interamerica\/wp-content\/uploads\/2017\/06\/midyear-attendees.png\" rel=\"fancybox\" title=\"L\u00edderes votan ofrecer educaci\u00f3n no formal en toda la divisi\u00f3n durante 2014\"><img loading=\"lazy\" decoding=\"async\" aria-describedby=\"caption-attachment-8302\" class=\"size-full wp-image-8302\" src=\"\/interamerica\/wp-content\/uploads\/2017\/06\/midyear-attendees.png\" alt=\"\" width=\"315\" height=\"211\" \/><\/a><p id=\"caption-attachment-8302\" class=\"wp-caption-text\">Los principales administradores de la iglesia en El Salvador sonr\u00eden durante las sesiones de la Junta Directiva del territorio, llevadas a cabo en Miami (Florida, Estados Unidos), entre el 27 y el 29 de mayo de 2013.<\/p><\/div>\n<p>Los l\u00edderes ejecutivos de la iglesia votaron usar el t\u00edtulo \u201cGrande eres t\u00fa\u201d como el lema que usar\u00e1 la DIA durante el pr\u00f3ximo Congreso de la Asociaci\u00f3n General 2015.<\/p>\n<p>Se realizaron enmiendas a diversos reglamentos, se aceptaron recomendaciones a la planificaci\u00f3n estrat\u00e9gica, as\u00ed como cambios de estatus de misiones que pasaron a ser asociaciones.<\/p>\n<p>Los directores de los departamentos tambi\u00e9n informaron sobre iniciativas y actividades implementadas el a\u00f1o pasado y sobre las pr\u00f3ximas para 2014.<\/p>\n<p>Se votaron asimismo un n\u00famero de concilios virtuales en educaci\u00f3n, j\u00f3venes y ministerios de mayordom\u00eda, entre otros, que se llevar\u00e1n a cabo el a\u00f1o pr\u00f3ximo.<\/p>\n<p>Entre los principales eventos para los pr\u00f3ximos meses se encuentra la Cumbre del Ministerio de las Publicaciones, del 29-22 de agosto en Miami (Florida), el programa de certificaci\u00f3n de Ministerios de Capellan\u00eda, del 13-18 de octubre en la Rep\u00fablica Dominicana, y el Boom B\u00edblico de la DIA, del 5-8 de diciembre de 2013, en Cuba.<\/p>\n<p>Si desea ver una lista de los pr\u00f3ximos eventos de la DIA, presione en el Calendario de Eventos\u00a0<a href=\"https:\/\/recursing-golick.147-182-135-0.plesk.page\/\">aqu\u00ed\u00a0<\/a>.<\/p>\n<p><em>Traducci\u00f3n de Marcos Paseggi<\/em><\/p>\n","protected":false},"excerpt":{"rendered":"<p>Los principales l\u00edderes adventistas votaron por unanimidad elevar a partir del a\u00f1o pr\u00f3ximo el nivel de capacitaci\u00f3n de los miembros activos de la denominaci\u00f3n a lo largo y a lo ancho de m\u00e1s de once mil iglesias y congregaciones de la Divisi\u00f3n Interamericana.<\/p>\n","protected":false},"author":1,"featured_media":21564,"comment_status":"closed","ping_status":"closed","sticky":false,"template":"","format":"standard","meta":{"_acf_changed":false,"footnotes":""},"categories":[16],"tags":[],"class_list":["post-30259","post","type-post","status-publish","format-standard","has-post-thumbnail","hentry","category-desde-la-sede"],"acf":[],"yoast_head":"<!-- This site is optimized with the Yoast SEO plugin v27.3 - https:\/\/yoast.com\/product\/yoast-seo-wordpress\/ -->\n<title>L\u00edderes votan ofrecer educaci\u00f3n no formal en toda la divisi\u00f3n durante 2014 - Iglesia Adventista del S\u00e9ptimo D\u00eda - Divisi\u00f3n Interamericana<\/title>\n<meta name=\"robots\" content=\"index, follow, max-snippet:-1, max-image-preview:large, max-video-preview:-1\" \/>\n<link rel=\"canonical\" href=\"https:\/\/interamerica.org\/es\/2013\/06\/lideres-votan-ofrecer-educacion-no-formal-en-toda-la-division-durante-2014\/\" \/>\n<meta property=\"og:locale\" content=\"es_ES\" \/>\n<meta property=\"og:type\" content=\"article\" \/>\n<meta property=\"og:title\" content=\"L\u00edderes votan ofrecer educaci\u00f3n no formal en toda la divisi\u00f3n durante 2014 - Iglesia Adventista del S\u00e9ptimo D\u00eda - Divisi\u00f3n Interamericana\" \/>\n<meta property=\"og:description\" content=\"Los principales l\u00edderes adventistas votaron por unanimidad elevar a partir del a\u00f1o pr\u00f3ximo el nivel de capacitaci\u00f3n de los miembros activos de la denominaci\u00f3n a lo largo y a lo ancho de m\u00e1s de once mil iglesias y congregaciones de la Divisi\u00f3n Interamericana.\" \/>\n<meta property=\"og:url\" content=\"https:\/\/interamerica.org\/es\/2013\/06\/lideres-votan-ofrecer-educacion-no-formal-en-toda-la-division-durante-2014\/\" \/>\n<meta property=\"og:site_name\" content=\"Iglesia Adventista del S\u00e9ptimo D\u00eda - Divisi\u00f3n Interamericana\" \/>\n<meta property=\"article:published_time\" content=\"2013-06-08T04:00:00+00:00\" \/>\n<meta property=\"og:image\" content=\"https:\/\/interamerica.org\/wp-content\/uploads\/2017\/06\/Non-formal-Educ.png\" \/>\n\t<meta property=\"og:image:width\" content=\"590\" \/>\n\t<meta property=\"og:image:height\" content=\"319\" \/>\n\t<meta property=\"og:image:type\" content=\"image\/png\" \/>\n<meta name=\"author\" content=\"Lorenzo Verduzco\" \/>\n<meta name=\"twitter:card\" content=\"summary_large_image\" \/>\n<meta name=\"twitter:label1\" content=\"Escrito por\" \/>\n\t<meta name=\"twitter:data1\" content=\"Lorenzo Verduzco\" \/>\n\t<meta name=\"twitter:label2\" content=\"Tiempo de lectura\" \/>\n\t<meta name=\"twitter:data2\" content=\"9 minutos\" \/>\n<script type=\"application\/ld+json\" class=\"yoast-schema-graph\">{\"@context\":\"https:\\\/\\\/schema.org\",\"@graph\":[{\"@type\":\"Article\",\"@id\":\"https:\\\/\\\/interamerica.org\\\/es\\\/2013\\\/06\\\/lideres-votan-ofrecer-educacion-no-formal-en-toda-la-division-durante-2014\\\/#article\",\"isPartOf\":{\"@id\":\"https:\\\/\\\/interamerica.org\\\/es\\\/2013\\\/06\\\/lideres-votan-ofrecer-educacion-no-formal-en-toda-la-division-durante-2014\\\/\"},\"author\":{\"name\":\"Lorenzo Verduzco\",\"@id\":\"https:\\\/\\\/interamerica.org\\\/es\\\/#\\\/schema\\\/person\\\/68ede8bdc292885bb76c1e3810e73c39\"},\"headline\":\"L\u00edderes votan ofrecer educaci\u00f3n no formal en toda la divisi\u00f3n durante 2014\",\"datePublished\":\"2013-06-08T04:00:00+00:00\",\"mainEntityOfPage\":{\"@id\":\"https:\\\/\\\/interamerica.org\\\/es\\\/2013\\\/06\\\/lideres-votan-ofrecer-educacion-no-formal-en-toda-la-division-durante-2014\\\/\"},\"wordCount\":1812,\"image\":{\"@id\":\"https:\\\/\\\/interamerica.org\\\/es\\\/2013\\\/06\\\/lideres-votan-ofrecer-educacion-no-formal-en-toda-la-division-durante-2014\\\/#primaryimage\"},\"thumbnailUrl\":\"https:\\\/\\\/interamerica.org\\\/wp-content\\\/uploads\\\/2017\\\/06\\\/Non-formal-Educ.png\",\"articleSection\":[\"Desde la sede\"],\"inLanguage\":\"es\"},{\"@type\":\"WebPage\",\"@id\":\"https:\\\/\\\/interamerica.org\\\/es\\\/2013\\\/06\\\/lideres-votan-ofrecer-educacion-no-formal-en-toda-la-division-durante-2014\\\/\",\"url\":\"https:\\\/\\\/interamerica.org\\\/es\\\/2013\\\/06\\\/lideres-votan-ofrecer-educacion-no-formal-en-toda-la-division-durante-2014\\\/\",\"name\":\"L\u00edderes votan ofrecer educaci\u00f3n no formal en toda la divisi\u00f3n durante 2014 - Iglesia Adventista del S\u00e9ptimo D\u00eda - Divisi\u00f3n Interamericana\",\"isPartOf\":{\"@id\":\"https:\\\/\\\/interamerica.org\\\/es\\\/#website\"},\"primaryImageOfPage\":{\"@id\":\"https:\\\/\\\/interamerica.org\\\/es\\\/2013\\\/06\\\/lideres-votan-ofrecer-educacion-no-formal-en-toda-la-division-durante-2014\\\/#primaryimage\"},\"image\":{\"@id\":\"https:\\\/\\\/interamerica.org\\\/es\\\/2013\\\/06\\\/lideres-votan-ofrecer-educacion-no-formal-en-toda-la-division-durante-2014\\\/#primaryimage\"},\"thumbnailUrl\":\"https:\\\/\\\/interamerica.org\\\/wp-content\\\/uploads\\\/2017\\\/06\\\/Non-formal-Educ.png\",\"datePublished\":\"2013-06-08T04:00:00+00:00\",\"author\":{\"@id\":\"https:\\\/\\\/interamerica.org\\\/es\\\/#\\\/schema\\\/person\\\/68ede8bdc292885bb76c1e3810e73c39\"},\"breadcrumb\":{\"@id\":\"https:\\\/\\\/interamerica.org\\\/es\\\/2013\\\/06\\\/lideres-votan-ofrecer-educacion-no-formal-en-toda-la-division-durante-2014\\\/#breadcrumb\"},\"inLanguage\":\"es\",\"potentialAction\":[{\"@type\":\"ReadAction\",\"target\":[\"https:\\\/\\\/interamerica.org\\\/es\\\/2013\\\/06\\\/lideres-votan-ofrecer-educacion-no-formal-en-toda-la-division-durante-2014\\\/\"]}]},{\"@type\":\"ImageObject\",\"inLanguage\":\"es\",\"@id\":\"https:\\\/\\\/interamerica.org\\\/es\\\/2013\\\/06\\\/lideres-votan-ofrecer-educacion-no-formal-en-toda-la-division-durante-2014\\\/#primaryimage\",\"url\":\"https:\\\/\\\/interamerica.org\\\/wp-content\\\/uploads\\\/2017\\\/06\\\/Non-formal-Educ.png\",\"contentUrl\":\"https:\\\/\\\/interamerica.org\\\/wp-content\\\/uploads\\\/2017\\\/06\\\/Non-formal-Educ.png\",\"width\":590,\"height\":319},{\"@type\":\"BreadcrumbList\",\"@id\":\"https:\\\/\\\/interamerica.org\\\/es\\\/2013\\\/06\\\/lideres-votan-ofrecer-educacion-no-formal-en-toda-la-division-durante-2014\\\/#breadcrumb\",\"itemListElement\":[{\"@type\":\"ListItem\",\"position\":1,\"name\":\"Home\",\"item\":\"https:\\\/\\\/interamerica.org\\\/es\\\/\"},{\"@type\":\"ListItem\",\"position\":2,\"name\":\"L\u00edderes votan ofrecer educaci\u00f3n no formal en toda la divisi\u00f3n durante 2014\"}]},{\"@type\":\"WebSite\",\"@id\":\"https:\\\/\\\/interamerica.org\\\/es\\\/#website\",\"url\":\"https:\\\/\\\/interamerica.org\\\/es\\\/\",\"name\":\"Iglesia Adventista del S\u00e9ptimo D\u00eda - Divisi\u00f3n Interamericana\",\"description\":\"\",\"potentialAction\":[{\"@type\":\"SearchAction\",\"target\":{\"@type\":\"EntryPoint\",\"urlTemplate\":\"https:\\\/\\\/interamerica.org\\\/es\\\/?s={search_term_string}\"},\"query-input\":{\"@type\":\"PropertyValueSpecification\",\"valueRequired\":true,\"valueName\":\"search_term_string\"}}],\"inLanguage\":\"es\"},{\"@type\":\"Person\",\"@id\":\"https:\\\/\\\/interamerica.org\\\/es\\\/#\\\/schema\\\/person\\\/68ede8bdc292885bb76c1e3810e73c39\",\"name\":\"Lorenzo Verduzco\",\"image\":{\"@type\":\"ImageObject\",\"inLanguage\":\"es\",\"@id\":\"https:\\\/\\\/secure.gravatar.com\\\/avatar\\\/fb81a55b6218459490a9c1dc841a34909185b81904c5337b4b27f7a6fd60c49e?s=96&d=mm&r=g\",\"url\":\"https:\\\/\\\/secure.gravatar.com\\\/avatar\\\/fb81a55b6218459490a9c1dc841a34909185b81904c5337b4b27f7a6fd60c49e?s=96&d=mm&r=g\",\"contentUrl\":\"https:\\\/\\\/secure.gravatar.com\\\/avatar\\\/fb81a55b6218459490a9c1dc841a34909185b81904c5337b4b27f7a6fd60c49e?s=96&d=mm&r=g\",\"caption\":\"Lorenzo Verduzco\"}}]}<\/script>\n<!-- \/ Yoast SEO plugin. -->","yoast_head_json":{"title":"L\u00edderes votan ofrecer educaci\u00f3n no formal en toda la divisi\u00f3n durante 2014 - Iglesia Adventista del S\u00e9ptimo D\u00eda - Divisi\u00f3n Interamericana","robots":{"index":"index","follow":"follow","max-snippet":"max-snippet:-1","max-image-preview":"max-image-preview:large","max-video-preview":"max-video-preview:-1"},"canonical":"https:\/\/interamerica.org\/es\/2013\/06\/lideres-votan-ofrecer-educacion-no-formal-en-toda-la-division-durante-2014\/","og_locale":"es_ES","og_type":"article","og_title":"L\u00edderes votan ofrecer educaci\u00f3n no formal en toda la divisi\u00f3n durante 2014 - Iglesia Adventista del S\u00e9ptimo D\u00eda - Divisi\u00f3n Interamericana","og_description":"Los principales l\u00edderes adventistas votaron por unanimidad elevar a partir del a\u00f1o pr\u00f3ximo el nivel de capacitaci\u00f3n de los miembros activos de la denominaci\u00f3n a lo largo y a lo ancho de m\u00e1s de once mil iglesias y congregaciones de la Divisi\u00f3n Interamericana.","og_url":"https:\/\/interamerica.org\/es\/2013\/06\/lideres-votan-ofrecer-educacion-no-formal-en-toda-la-division-durante-2014\/","og_site_name":"Iglesia Adventista del S\u00e9ptimo D\u00eda - Divisi\u00f3n Interamericana","article_published_time":"2013-06-08T04:00:00+00:00","og_image":[{"width":590,"height":319,"url":"https:\/\/interamerica.org\/wp-content\/uploads\/2017\/06\/Non-formal-Educ.png","type":"image\/png"}],"author":"Lorenzo Verduzco","twitter_card":"summary_large_image","twitter_misc":{"Escrito por":"Lorenzo Verduzco","Tiempo de lectura":"9 minutos"},"schema":{"@context":"https:\/\/schema.org","@graph":[{"@type":"Article","@id":"https:\/\/interamerica.org\/es\/2013\/06\/lideres-votan-ofrecer-educacion-no-formal-en-toda-la-division-durante-2014\/#article","isPartOf":{"@id":"https:\/\/interamerica.org\/es\/2013\/06\/lideres-votan-ofrecer-educacion-no-formal-en-toda-la-division-durante-2014\/"},"author":{"name":"Lorenzo Verduzco","@id":"https:\/\/interamerica.org\/es\/#\/schema\/person\/68ede8bdc292885bb76c1e3810e73c39"},"headline":"L\u00edderes votan ofrecer educaci\u00f3n no formal en toda la divisi\u00f3n durante 2014","datePublished":"2013-06-08T04:00:00+00:00","mainEntityOfPage":{"@id":"https:\/\/interamerica.org\/es\/2013\/06\/lideres-votan-ofrecer-educacion-no-formal-en-toda-la-division-durante-2014\/"},"wordCount":1812,"image":{"@id":"https:\/\/interamerica.org\/es\/2013\/06\/lideres-votan-ofrecer-educacion-no-formal-en-toda-la-division-durante-2014\/#primaryimage"},"thumbnailUrl":"https:\/\/interamerica.org\/wp-content\/uploads\/2017\/06\/Non-formal-Educ.png","articleSection":["Desde la sede"],"inLanguage":"es"},{"@type":"WebPage","@id":"https:\/\/interamerica.org\/es\/2013\/06\/lideres-votan-ofrecer-educacion-no-formal-en-toda-la-division-durante-2014\/","url":"https:\/\/interamerica.org\/es\/2013\/06\/lideres-votan-ofrecer-educacion-no-formal-en-toda-la-division-durante-2014\/","name":"L\u00edderes votan ofrecer educaci\u00f3n no formal en toda la divisi\u00f3n durante 2014 - Iglesia Adventista del S\u00e9ptimo D\u00eda - Divisi\u00f3n Interamericana","isPartOf":{"@id":"https:\/\/interamerica.org\/es\/#website"},"primaryImageOfPage":{"@id":"https:\/\/interamerica.org\/es\/2013\/06\/lideres-votan-ofrecer-educacion-no-formal-en-toda-la-division-durante-2014\/#primaryimage"},"image":{"@id":"https:\/\/interamerica.org\/es\/2013\/06\/lideres-votan-ofrecer-educacion-no-formal-en-toda-la-division-durante-2014\/#primaryimage"},"thumbnailUrl":"https:\/\/interamerica.org\/wp-content\/uploads\/2017\/06\/Non-formal-Educ.png","datePublished":"2013-06-08T04:00:00+00:00","author":{"@id":"https:\/\/interamerica.org\/es\/#\/schema\/person\/68ede8bdc292885bb76c1e3810e73c39"},"breadcrumb":{"@id":"https:\/\/interamerica.org\/es\/2013\/06\/lideres-votan-ofrecer-educacion-no-formal-en-toda-la-division-durante-2014\/#breadcrumb"},"inLanguage":"es","potentialAction":[{"@type":"ReadAction","target":["https:\/\/interamerica.org\/es\/2013\/06\/lideres-votan-ofrecer-educacion-no-formal-en-toda-la-division-durante-2014\/"]}]},{"@type":"ImageObject","inLanguage":"es","@id":"https:\/\/interamerica.org\/es\/2013\/06\/lideres-votan-ofrecer-educacion-no-formal-en-toda-la-division-durante-2014\/#primaryimage","url":"https:\/\/interamerica.org\/wp-content\/uploads\/2017\/06\/Non-formal-Educ.png","contentUrl":"https:\/\/interamerica.org\/wp-content\/uploads\/2017\/06\/Non-formal-Educ.png","width":590,"height":319},{"@type":"BreadcrumbList","@id":"https:\/\/interamerica.org\/es\/2013\/06\/lideres-votan-ofrecer-educacion-no-formal-en-toda-la-division-durante-2014\/#breadcrumb","itemListElement":[{"@type":"ListItem","position":1,"name":"Home","item":"https:\/\/interamerica.org\/es\/"},{"@type":"ListItem","position":2,"name":"L\u00edderes votan ofrecer educaci\u00f3n no formal en toda la divisi\u00f3n durante 2014"}]},{"@type":"WebSite","@id":"https:\/\/interamerica.org\/es\/#website","url":"https:\/\/interamerica.org\/es\/","name":"Iglesia Adventista del S\u00e9ptimo D\u00eda - Divisi\u00f3n Interamericana","description":"","potentialAction":[{"@type":"SearchAction","target":{"@type":"EntryPoint","urlTemplate":"https:\/\/interamerica.org\/es\/?s={search_term_string}"},"query-input":{"@type":"PropertyValueSpecification","valueRequired":true,"valueName":"search_term_string"}}],"inLanguage":"es"},{"@type":"Person","@id":"https:\/\/interamerica.org\/es\/#\/schema\/person\/68ede8bdc292885bb76c1e3810e73c39","name":"Lorenzo Verduzco","image":{"@type":"ImageObject","inLanguage":"es","@id":"https:\/\/secure.gravatar.com\/avatar\/fb81a55b6218459490a9c1dc841a34909185b81904c5337b4b27f7a6fd60c49e?s=96&d=mm&r=g","url":"https:\/\/secure.gravatar.com\/avatar\/fb81a55b6218459490a9c1dc841a34909185b81904c5337b4b27f7a6fd60c49e?s=96&d=mm&r=g","contentUrl":"https:\/\/secure.gravatar.com\/avatar\/fb81a55b6218459490a9c1dc841a34909185b81904c5337b4b27f7a6fd60c49e?s=96&d=mm&r=g","caption":"Lorenzo Verduzco"}}]}},"_links":{"self":[{"href":"https:\/\/interamerica.org\/es\/wp-json\/wp\/v2\/posts\/30259","targetHints":{"allow":["GET"]}}],"collection":[{"href":"https:\/\/interamerica.org\/es\/wp-json\/wp\/v2\/posts"}],"about":[{"href":"https:\/\/interamerica.org\/es\/wp-json\/wp\/v2\/types\/post"}],"author":[{"embeddable":true,"href":"https:\/\/interamerica.org\/es\/wp-json\/wp\/v2\/users\/1"}],"replies":[{"embeddable":true,"href":"https:\/\/interamerica.org\/es\/wp-json\/wp\/v2\/comments?post=30259"}],"version-history":[{"count":0,"href":"https:\/\/interamerica.org\/es\/wp-json\/wp\/v2\/posts\/30259\/revisions"}],"wp:featuredmedia":[{"embeddable":true,"href":"https:\/\/interamerica.org\/es\/wp-json\/wp\/v2\/media\/21564"}],"wp:attachment":[{"href":"https:\/\/interamerica.org\/es\/wp-json\/wp\/v2\/media?parent=30259"}],"wp:term":[{"taxonomy":"category","embeddable":true,"href":"https:\/\/interamerica.org\/es\/wp-json\/wp\/v2\/categories?post=30259"},{"taxonomy":"post_tag","embeddable":true,"href":"https:\/\/interamerica.org\/es\/wp-json\/wp\/v2\/tags?post=30259"}],"curies":[{"name":"wp","href":"https:\/\/api.w.org\/{rel}","templated":true}]}}