{"id":30264,"date":"2013-06-13T00:00:00","date_gmt":"2013-06-13T04:00:00","guid":{"rendered":"http:\/\/192.81.217.108\/interamerica\/2013\/06\/interamerica-lideres-de-la-iglesia-dedican-tiempo-al-enfasis-espiritual\/"},"modified":"2013-06-13T00:00:00","modified_gmt":"2013-06-13T04:00:00","slug":"interamerica-lideres-de-la-iglesia-dedican-tiempo-al-enfasis-espiritual","status":"publish","type":"post","link":"https:\/\/interamerica.org\/es\/2013\/06\/interamerica-lideres-de-la-iglesia-dedican-tiempo-al-enfasis-espiritual\/","title":{"rendered":"Interam\u00e9rica: L\u00edderes de la iglesia dedican tiempo al \u00e9nfasis espiritual"},"content":{"rendered":"<p>10 de junio de 2013 \u2013 Miami, Florida, Estados Unidos&#8230;Libna Stevens\/DIA<\/p>\n<div id=\"attachment_8401\" style=\"width: 325px\" class=\"wp-caption alignleft\"><a href=\"\/interamerica\/wp-content\/uploads\/2017\/06\/IADmensinging.png\" rel=\"fancybox\" title=\"Interam\u00e9rica: L\u00edderes de la iglesia dedican tiempo al \u00e9nfasis espiritual\"><img fetchpriority=\"high\" decoding=\"async\" aria-describedby=\"caption-attachment-8401\" class=\"size-full wp-image-8401\" src=\"\/interamerica\/wp-content\/uploads\/2017\/06\/IADmensinging.png\" alt=\"\" width=\"315\" height=\"261\" \/><\/a><p id=\"caption-attachment-8401\" class=\"wp-caption-text\">Los l\u00edderes de la Divisi\u00f3n Interamericana cantan una parte musical especial durante el comienzo de la semana de \u00e9nfasis espiritual el pasado 8 de junio de 2013 en la sede central de la iglesia en la regi\u00f3n, en Miami (Florida, Estados Unidos). Im\u00e1genes de Libna Stevens\/DIA]<\/p><\/div>\n<p>L\u00edderes, miembros del personal y sus familias de la sede central de la Divisi\u00f3n Interamericana comenzaron la semana reflexionando sobre el libro de Hageo y enfoc\u00e1ndose en dar prioridad a la obra de Dios. La semana especial reuni\u00f3 a m\u00e1s de ochenta empleados de la denominaci\u00f3n y sus familias para alabar y adorar juntos a Dios, durante el evento anual llevado a cabo en Miami (Florida, Estados Unidos), este a\u00f1o, del 7 al 15 de junio.<\/p>\n<p>\u00abEs importante dejar de lado todas las cuestiones y concentrarnos en nuestra vida espiritual como equipo\u00bb, dijo el pastor Israel Leito, presidente de la iglesia en Interam\u00e9rica.<\/p>\n<p>El doctor Lex Van Kijk, pastor en Holanda y quien posee m\u00e1s de veinte a\u00f1os de experiencia como psic\u00f3logo, fue el orador destacado. El doctor Van Kijk desafi\u00f3 a los l\u00edderes de la iglesia para que mientras sirven a Dios reflexionen en la dependencia y obediencia a \u00e9l.<\/p>\n<p>\u00abNo importa lo que nos suceda, tenemos la seguridad de que Dios nos est\u00e1 ayudando\u00bb, dijo el doctor Van Dijk.<\/p>\n<div id=\"attachment_8402\" style=\"width: 225px\" class=\"wp-caption alignleft\"><a href=\"\/interamerica\/wp-content\/uploads\/2017\/06\/VanDijk.png\" rel=\"fancybox\" title=\"Interam\u00e9rica: L\u00edderes de la iglesia dedican tiempo al \u00e9nfasis espiritual\"><img decoding=\"async\" aria-describedby=\"caption-attachment-8402\" class=\"size-full wp-image-8402\" src=\"\/interamerica\/wp-content\/uploads\/2017\/06\/VanDijk.png\" alt=\"\" width=\"215\" height=\"292\" \/><\/a><p id=\"caption-attachment-8402\" class=\"wp-caption-text\">El doctor Lex Van Dijk, pastor en Holanda con m\u00e1s de veinte a\u00f1os de experiencia tambi\u00e9n como psic\u00f3logo, fue el orador destacado en la semana de \u00e9nfasis espiritual 2013 de la Divisi\u00f3n Interamericana.<\/p><\/div>\n<p>\u201cDios sale a buscarnos. Nos toma de la mano, nos ayuda, de manera que cualquier cosa que nos est\u00e9 estorbando ya no lo haga\u00bb, dijo el doctor Van Dijk al reflexionar en la ocasi\u00f3n en que Jes\u00fas san\u00f3 a la suegra de Pedro, historia registrada en Mateo 8.<\/p>\n<p>\u00abEl Se\u00f1or tiene poder sobre todo lo que nos resulta un estorbo\u00bb, asegur\u00f3 el doctor Van Dijk ante los principales l\u00edderes de la Iglesia Adventista en Interam\u00e9rica, que supervisan una feligres\u00eda de 3,7 millones de miembros.<\/p>\n<p>La semana de \u00e9nfasis espiritual comenz\u00f3 con la celebraci\u00f3n de la Cena del Se\u00f1or el pasado 7 de junio, y seguir\u00e1 hasta este fin de semana.<\/p>\n<p><em>Traducci\u00f3n de Marcos Paseggi<\/em><\/p>\n","protected":false},"excerpt":{"rendered":"<p>L\u00edderes, miembros del personal y sus familias de la sede central de la Divisi\u00f3n Interamericana comenzaron la semana reflexionando sobre el libro de Hageo y enfoc\u00e1ndose en dar prioridad a la obra de Dios.<\/p>\n","protected":false},"author":1,"featured_media":21597,"comment_status":"closed","ping_status":"closed","sticky":false,"template":"","format":"standard","meta":{"_acf_changed":false,"footnotes":""},"categories":[16],"tags":[],"class_list":["post-30264","post","type-post","status-publish","format-standard","has-post-thumbnail","hentry","category-desde-la-sede"],"acf":[],"yoast_head":"<!-- This site is optimized with the Yoast SEO plugin v27.3 - https:\/\/yoast.com\/product\/yoast-seo-wordpress\/ -->\n<title>Interam\u00e9rica: L\u00edderes de la iglesia dedican tiempo al \u00e9nfasis espiritual - Iglesia Adventista del S\u00e9ptimo D\u00eda - Divisi\u00f3n Interamericana<\/title>\n<meta name=\"robots\" content=\"index, follow, max-snippet:-1, max-image-preview:large, max-video-preview:-1\" \/>\n<link rel=\"canonical\" href=\"https:\/\/interamerica.org\/es\/2013\/06\/interamerica-lideres-de-la-iglesia-dedican-tiempo-al-enfasis-espiritual\/\" \/>\n<meta property=\"og:locale\" content=\"es_ES\" \/>\n<meta property=\"og:type\" content=\"article\" \/>\n<meta property=\"og:title\" content=\"Interam\u00e9rica: L\u00edderes de la iglesia dedican tiempo al \u00e9nfasis espiritual - Iglesia Adventista del S\u00e9ptimo D\u00eda - Divisi\u00f3n Interamericana\" \/>\n<meta property=\"og:description\" content=\"L\u00edderes, miembros del personal y sus familias de la sede central de la Divisi\u00f3n Interamericana comenzaron la semana reflexionando sobre el libro de Hageo y enfoc\u00e1ndose en dar prioridad a la obra de Dios.\" \/>\n<meta property=\"og:url\" content=\"https:\/\/interamerica.org\/es\/2013\/06\/interamerica-lideres-de-la-iglesia-dedican-tiempo-al-enfasis-espiritual\/\" \/>\n<meta property=\"og:site_name\" content=\"Iglesia Adventista del S\u00e9ptimo D\u00eda - Divisi\u00f3n Interamericana\" \/>\n<meta property=\"article:published_time\" content=\"2013-06-13T04:00:00+00:00\" \/>\n<meta property=\"og:image\" content=\"https:\/\/interamerica.org\/wp-content\/uploads\/2017\/06\/IADmensinging.png\" \/>\n\t<meta property=\"og:image:width\" content=\"315\" \/>\n\t<meta property=\"og:image:height\" content=\"261\" \/>\n\t<meta property=\"og:image:type\" content=\"image\/png\" \/>\n<meta name=\"author\" content=\"Lorenzo Verduzco\" \/>\n<meta name=\"twitter:card\" content=\"summary_large_image\" \/>\n<meta name=\"twitter:label1\" content=\"Escrito por\" \/>\n\t<meta name=\"twitter:data1\" content=\"Lorenzo Verduzco\" \/>\n\t<meta name=\"twitter:label2\" content=\"Tiempo de lectura\" \/>\n\t<meta name=\"twitter:data2\" content=\"2 minutos\" \/>\n<script type=\"application\/ld+json\" class=\"yoast-schema-graph\">{\"@context\":\"https:\\\/\\\/schema.org\",\"@graph\":[{\"@type\":\"Article\",\"@id\":\"https:\\\/\\\/interamerica.org\\\/es\\\/2013\\\/06\\\/interamerica-lideres-de-la-iglesia-dedican-tiempo-al-enfasis-espiritual\\\/#article\",\"isPartOf\":{\"@id\":\"https:\\\/\\\/interamerica.org\\\/es\\\/2013\\\/06\\\/interamerica-lideres-de-la-iglesia-dedican-tiempo-al-enfasis-espiritual\\\/\"},\"author\":{\"name\":\"Lorenzo Verduzco\",\"@id\":\"https:\\\/\\\/interamerica.org\\\/es\\\/#\\\/schema\\\/person\\\/68ede8bdc292885bb76c1e3810e73c39\"},\"headline\":\"Interam\u00e9rica: L\u00edderes de la iglesia dedican tiempo al \u00e9nfasis espiritual\",\"datePublished\":\"2013-06-13T04:00:00+00:00\",\"mainEntityOfPage\":{\"@id\":\"https:\\\/\\\/interamerica.org\\\/es\\\/2013\\\/06\\\/interamerica-lideres-de-la-iglesia-dedican-tiempo-al-enfasis-espiritual\\\/\"},\"wordCount\":422,\"image\":{\"@id\":\"https:\\\/\\\/interamerica.org\\\/es\\\/2013\\\/06\\\/interamerica-lideres-de-la-iglesia-dedican-tiempo-al-enfasis-espiritual\\\/#primaryimage\"},\"thumbnailUrl\":\"https:\\\/\\\/interamerica.org\\\/wp-content\\\/uploads\\\/2017\\\/06\\\/IADmensinging.png\",\"articleSection\":[\"Desde la sede\"],\"inLanguage\":\"es\"},{\"@type\":\"WebPage\",\"@id\":\"https:\\\/\\\/interamerica.org\\\/es\\\/2013\\\/06\\\/interamerica-lideres-de-la-iglesia-dedican-tiempo-al-enfasis-espiritual\\\/\",\"url\":\"https:\\\/\\\/interamerica.org\\\/es\\\/2013\\\/06\\\/interamerica-lideres-de-la-iglesia-dedican-tiempo-al-enfasis-espiritual\\\/\",\"name\":\"Interam\u00e9rica: L\u00edderes de la iglesia dedican tiempo al \u00e9nfasis espiritual - Iglesia Adventista del S\u00e9ptimo D\u00eda - Divisi\u00f3n Interamericana\",\"isPartOf\":{\"@id\":\"https:\\\/\\\/interamerica.org\\\/es\\\/#website\"},\"primaryImageOfPage\":{\"@id\":\"https:\\\/\\\/interamerica.org\\\/es\\\/2013\\\/06\\\/interamerica-lideres-de-la-iglesia-dedican-tiempo-al-enfasis-espiritual\\\/#primaryimage\"},\"image\":{\"@id\":\"https:\\\/\\\/interamerica.org\\\/es\\\/2013\\\/06\\\/interamerica-lideres-de-la-iglesia-dedican-tiempo-al-enfasis-espiritual\\\/#primaryimage\"},\"thumbnailUrl\":\"https:\\\/\\\/interamerica.org\\\/wp-content\\\/uploads\\\/2017\\\/06\\\/IADmensinging.png\",\"datePublished\":\"2013-06-13T04:00:00+00:00\",\"author\":{\"@id\":\"https:\\\/\\\/interamerica.org\\\/es\\\/#\\\/schema\\\/person\\\/68ede8bdc292885bb76c1e3810e73c39\"},\"breadcrumb\":{\"@id\":\"https:\\\/\\\/interamerica.org\\\/es\\\/2013\\\/06\\\/interamerica-lideres-de-la-iglesia-dedican-tiempo-al-enfasis-espiritual\\\/#breadcrumb\"},\"inLanguage\":\"es\",\"potentialAction\":[{\"@type\":\"ReadAction\",\"target\":[\"https:\\\/\\\/interamerica.org\\\/es\\\/2013\\\/06\\\/interamerica-lideres-de-la-iglesia-dedican-tiempo-al-enfasis-espiritual\\\/\"]}]},{\"@type\":\"ImageObject\",\"inLanguage\":\"es\",\"@id\":\"https:\\\/\\\/interamerica.org\\\/es\\\/2013\\\/06\\\/interamerica-lideres-de-la-iglesia-dedican-tiempo-al-enfasis-espiritual\\\/#primaryimage\",\"url\":\"https:\\\/\\\/interamerica.org\\\/wp-content\\\/uploads\\\/2017\\\/06\\\/IADmensinging.png\",\"contentUrl\":\"https:\\\/\\\/interamerica.org\\\/wp-content\\\/uploads\\\/2017\\\/06\\\/IADmensinging.png\",\"width\":315,\"height\":261},{\"@type\":\"BreadcrumbList\",\"@id\":\"https:\\\/\\\/interamerica.org\\\/es\\\/2013\\\/06\\\/interamerica-lideres-de-la-iglesia-dedican-tiempo-al-enfasis-espiritual\\\/#breadcrumb\",\"itemListElement\":[{\"@type\":\"ListItem\",\"position\":1,\"name\":\"Home\",\"item\":\"https:\\\/\\\/interamerica.org\\\/es\\\/\"},{\"@type\":\"ListItem\",\"position\":2,\"name\":\"Interam\u00e9rica: L\u00edderes de la iglesia dedican tiempo al \u00e9nfasis espiritual\"}]},{\"@type\":\"WebSite\",\"@id\":\"https:\\\/\\\/interamerica.org\\\/es\\\/#website\",\"url\":\"https:\\\/\\\/interamerica.org\\\/es\\\/\",\"name\":\"Iglesia Adventista del S\u00e9ptimo D\u00eda - Divisi\u00f3n Interamericana\",\"description\":\"\",\"potentialAction\":[{\"@type\":\"SearchAction\",\"target\":{\"@type\":\"EntryPoint\",\"urlTemplate\":\"https:\\\/\\\/interamerica.org\\\/es\\\/?s={search_term_string}\"},\"query-input\":{\"@type\":\"PropertyValueSpecification\",\"valueRequired\":true,\"valueName\":\"search_term_string\"}}],\"inLanguage\":\"es\"},{\"@type\":\"Person\",\"@id\":\"https:\\\/\\\/interamerica.org\\\/es\\\/#\\\/schema\\\/person\\\/68ede8bdc292885bb76c1e3810e73c39\",\"name\":\"Lorenzo Verduzco\",\"image\":{\"@type\":\"ImageObject\",\"inLanguage\":\"es\",\"@id\":\"https:\\\/\\\/secure.gravatar.com\\\/avatar\\\/fb81a55b6218459490a9c1dc841a34909185b81904c5337b4b27f7a6fd60c49e?s=96&d=mm&r=g\",\"url\":\"https:\\\/\\\/secure.gravatar.com\\\/avatar\\\/fb81a55b6218459490a9c1dc841a34909185b81904c5337b4b27f7a6fd60c49e?s=96&d=mm&r=g\",\"contentUrl\":\"https:\\\/\\\/secure.gravatar.com\\\/avatar\\\/fb81a55b6218459490a9c1dc841a34909185b81904c5337b4b27f7a6fd60c49e?s=96&d=mm&r=g\",\"caption\":\"Lorenzo Verduzco\"}}]}<\/script>\n<!-- \/ Yoast SEO plugin. -->","yoast_head_json":{"title":"Interam\u00e9rica: L\u00edderes de la iglesia dedican tiempo al \u00e9nfasis espiritual - Iglesia Adventista del S\u00e9ptimo D\u00eda - Divisi\u00f3n Interamericana","robots":{"index":"index","follow":"follow","max-snippet":"max-snippet:-1","max-image-preview":"max-image-preview:large","max-video-preview":"max-video-preview:-1"},"canonical":"https:\/\/interamerica.org\/es\/2013\/06\/interamerica-lideres-de-la-iglesia-dedican-tiempo-al-enfasis-espiritual\/","og_locale":"es_ES","og_type":"article","og_title":"Interam\u00e9rica: L\u00edderes de la iglesia dedican tiempo al \u00e9nfasis espiritual - Iglesia Adventista del S\u00e9ptimo D\u00eda - Divisi\u00f3n Interamericana","og_description":"L\u00edderes, miembros del personal y sus familias de la sede central de la Divisi\u00f3n Interamericana comenzaron la semana reflexionando sobre el libro de Hageo y enfoc\u00e1ndose en dar prioridad a la obra de Dios.","og_url":"https:\/\/interamerica.org\/es\/2013\/06\/interamerica-lideres-de-la-iglesia-dedican-tiempo-al-enfasis-espiritual\/","og_site_name":"Iglesia Adventista del S\u00e9ptimo D\u00eda - Divisi\u00f3n Interamericana","article_published_time":"2013-06-13T04:00:00+00:00","og_image":[{"width":315,"height":261,"url":"https:\/\/interamerica.org\/wp-content\/uploads\/2017\/06\/IADmensinging.png","type":"image\/png"}],"author":"Lorenzo Verduzco","twitter_card":"summary_large_image","twitter_misc":{"Escrito por":"Lorenzo Verduzco","Tiempo de lectura":"2 minutos"},"schema":{"@context":"https:\/\/schema.org","@graph":[{"@type":"Article","@id":"https:\/\/interamerica.org\/es\/2013\/06\/interamerica-lideres-de-la-iglesia-dedican-tiempo-al-enfasis-espiritual\/#article","isPartOf":{"@id":"https:\/\/interamerica.org\/es\/2013\/06\/interamerica-lideres-de-la-iglesia-dedican-tiempo-al-enfasis-espiritual\/"},"author":{"name":"Lorenzo Verduzco","@id":"https:\/\/interamerica.org\/es\/#\/schema\/person\/68ede8bdc292885bb76c1e3810e73c39"},"headline":"Interam\u00e9rica: L\u00edderes de la iglesia dedican tiempo al \u00e9nfasis espiritual","datePublished":"2013-06-13T04:00:00+00:00","mainEntityOfPage":{"@id":"https:\/\/interamerica.org\/es\/2013\/06\/interamerica-lideres-de-la-iglesia-dedican-tiempo-al-enfasis-espiritual\/"},"wordCount":422,"image":{"@id":"https:\/\/interamerica.org\/es\/2013\/06\/interamerica-lideres-de-la-iglesia-dedican-tiempo-al-enfasis-espiritual\/#primaryimage"},"thumbnailUrl":"https:\/\/interamerica.org\/wp-content\/uploads\/2017\/06\/IADmensinging.png","articleSection":["Desde la sede"],"inLanguage":"es"},{"@type":"WebPage","@id":"https:\/\/interamerica.org\/es\/2013\/06\/interamerica-lideres-de-la-iglesia-dedican-tiempo-al-enfasis-espiritual\/","url":"https:\/\/interamerica.org\/es\/2013\/06\/interamerica-lideres-de-la-iglesia-dedican-tiempo-al-enfasis-espiritual\/","name":"Interam\u00e9rica: L\u00edderes de la iglesia dedican tiempo al \u00e9nfasis espiritual - Iglesia Adventista del S\u00e9ptimo D\u00eda - Divisi\u00f3n Interamericana","isPartOf":{"@id":"https:\/\/interamerica.org\/es\/#website"},"primaryImageOfPage":{"@id":"https:\/\/interamerica.org\/es\/2013\/06\/interamerica-lideres-de-la-iglesia-dedican-tiempo-al-enfasis-espiritual\/#primaryimage"},"image":{"@id":"https:\/\/interamerica.org\/es\/2013\/06\/interamerica-lideres-de-la-iglesia-dedican-tiempo-al-enfasis-espiritual\/#primaryimage"},"thumbnailUrl":"https:\/\/interamerica.org\/wp-content\/uploads\/2017\/06\/IADmensinging.png","datePublished":"2013-06-13T04:00:00+00:00","author":{"@id":"https:\/\/interamerica.org\/es\/#\/schema\/person\/68ede8bdc292885bb76c1e3810e73c39"},"breadcrumb":{"@id":"https:\/\/interamerica.org\/es\/2013\/06\/interamerica-lideres-de-la-iglesia-dedican-tiempo-al-enfasis-espiritual\/#breadcrumb"},"inLanguage":"es","potentialAction":[{"@type":"ReadAction","target":["https:\/\/interamerica.org\/es\/2013\/06\/interamerica-lideres-de-la-iglesia-dedican-tiempo-al-enfasis-espiritual\/"]}]},{"@type":"ImageObject","inLanguage":"es","@id":"https:\/\/interamerica.org\/es\/2013\/06\/interamerica-lideres-de-la-iglesia-dedican-tiempo-al-enfasis-espiritual\/#primaryimage","url":"https:\/\/interamerica.org\/wp-content\/uploads\/2017\/06\/IADmensinging.png","contentUrl":"https:\/\/interamerica.org\/wp-content\/uploads\/2017\/06\/IADmensinging.png","width":315,"height":261},{"@type":"BreadcrumbList","@id":"https:\/\/interamerica.org\/es\/2013\/06\/interamerica-lideres-de-la-iglesia-dedican-tiempo-al-enfasis-espiritual\/#breadcrumb","itemListElement":[{"@type":"ListItem","position":1,"name":"Home","item":"https:\/\/interamerica.org\/es\/"},{"@type":"ListItem","position":2,"name":"Interam\u00e9rica: L\u00edderes de la iglesia dedican tiempo al \u00e9nfasis espiritual"}]},{"@type":"WebSite","@id":"https:\/\/interamerica.org\/es\/#website","url":"https:\/\/interamerica.org\/es\/","name":"Iglesia Adventista del S\u00e9ptimo D\u00eda - Divisi\u00f3n Interamericana","description":"","potentialAction":[{"@type":"SearchAction","target":{"@type":"EntryPoint","urlTemplate":"https:\/\/interamerica.org\/es\/?s={search_term_string}"},"query-input":{"@type":"PropertyValueSpecification","valueRequired":true,"valueName":"search_term_string"}}],"inLanguage":"es"},{"@type":"Person","@id":"https:\/\/interamerica.org\/es\/#\/schema\/person\/68ede8bdc292885bb76c1e3810e73c39","name":"Lorenzo Verduzco","image":{"@type":"ImageObject","inLanguage":"es","@id":"https:\/\/secure.gravatar.com\/avatar\/fb81a55b6218459490a9c1dc841a34909185b81904c5337b4b27f7a6fd60c49e?s=96&d=mm&r=g","url":"https:\/\/secure.gravatar.com\/avatar\/fb81a55b6218459490a9c1dc841a34909185b81904c5337b4b27f7a6fd60c49e?s=96&d=mm&r=g","contentUrl":"https:\/\/secure.gravatar.com\/avatar\/fb81a55b6218459490a9c1dc841a34909185b81904c5337b4b27f7a6fd60c49e?s=96&d=mm&r=g","caption":"Lorenzo Verduzco"}}]}},"_links":{"self":[{"href":"https:\/\/interamerica.org\/es\/wp-json\/wp\/v2\/posts\/30264","targetHints":{"allow":["GET"]}}],"collection":[{"href":"https:\/\/interamerica.org\/es\/wp-json\/wp\/v2\/posts"}],"about":[{"href":"https:\/\/interamerica.org\/es\/wp-json\/wp\/v2\/types\/post"}],"author":[{"embeddable":true,"href":"https:\/\/interamerica.org\/es\/wp-json\/wp\/v2\/users\/1"}],"replies":[{"embeddable":true,"href":"https:\/\/interamerica.org\/es\/wp-json\/wp\/v2\/comments?post=30264"}],"version-history":[{"count":0,"href":"https:\/\/interamerica.org\/es\/wp-json\/wp\/v2\/posts\/30264\/revisions"}],"wp:featuredmedia":[{"embeddable":true,"href":"https:\/\/interamerica.org\/es\/wp-json\/wp\/v2\/media\/21597"}],"wp:attachment":[{"href":"https:\/\/interamerica.org\/es\/wp-json\/wp\/v2\/media?parent=30264"}],"wp:term":[{"taxonomy":"category","embeddable":true,"href":"https:\/\/interamerica.org\/es\/wp-json\/wp\/v2\/categories?post=30264"},{"taxonomy":"post_tag","embeddable":true,"href":"https:\/\/interamerica.org\/es\/wp-json\/wp\/v2\/tags?post=30264"}],"curies":[{"name":"wp","href":"https:\/\/api.w.org\/{rel}","templated":true}]}}