{"id":30270,"date":"2013-06-25T00:00:00","date_gmt":"2013-06-25T04:00:00","guid":{"rendered":"http:\/\/192.81.217.108\/interamerica\/2013\/06\/las-universidades-adventistas-en-mexico-consideran-el-presente-y-futuro-de-la-educacion\/"},"modified":"2013-06-25T00:00:00","modified_gmt":"2013-06-25T04:00:00","slug":"las-universidades-adventistas-en-mexico-consideran-el-presente-y-futuro-de-la-educacion","status":"publish","type":"post","link":"https:\/\/interamerica.org\/es\/2013\/06\/las-universidades-adventistas-en-mexico-consideran-el-presente-y-futuro-de-la-educacion\/","title":{"rendered":"Las universidades adventistas en M\u00e9xico consideran el presente y futuro de la educaci\u00f3n"},"content":{"rendered":"<div id=\"attachment_8497\" style=\"width: 600px\" class=\"wp-caption aligncenter\"><a href=\"\/interamerica\/wp-content\/uploads\/2017\/06\/MexicoUnivslarge.png\" rel=\"fancybox\" title=\"Las universidades adventistas en M\u00e9xico consideran el presente y futuro de la educaci\u00f3n\"><img fetchpriority=\"high\" decoding=\"async\" aria-describedby=\"caption-attachment-8497\" class=\"size-full wp-image-8497\" src=\"\/interamerica\/wp-content\/uploads\/2017\/06\/MexicoUnivslarge.png\" alt=\"\" width=\"590\" height=\"389\" \/><\/a><p id=\"caption-attachment-8497\" class=\"wp-caption-text\">Administradores y educadores discuten la forma de proveer m\u00e1s educaci\u00f3n a la velozmente creciente membres\u00eda en M\u00e9xico, durante una reuni\u00f3n en las oficinas de la Divisi\u00f3n Interamericana en Miami, Florida, el 27 de mayo de 2013. Imagen por Libna Stevens<\/p><\/div>\n<p>20 de junio de 2013 \u2013 Miami, Florida, Estados Unidos&#8230;Ra\u00fal Lozano\/Personal DIA<\/p>\n<p>Preocupados por la educaci\u00f3n presente y futura de sus tres universidades adventistas, los administradores m\u00e1ximos de la iglesia en la Divisi\u00f3n y los dirigentes regionales de la iglesia en M\u00e9xico, se reunieron recientemente en Miami, Florida, para estudiar formas de responder a las necesidades educacionales siempre en aumento de su creciente membres\u00eda.<\/p>\n<p>Los asuntos discutidos incluyeron los desaf\u00edos de las crecientes extensiones universitarias de la Universidad de Linda Vista en la ciudad de M\u00e9rida, Yucat\u00e1n y en Tuxtla Guti\u00e9rrez, y de la Universidad de Montemorelos, en Villahermosa, Tabasco. El grupo analiz\u00f3 adem\u00e1s la posibilidad de un sistema universitario nacional entre las tres universidades en M\u00e9xico: Universidad de Montemorelos, Universidad de Linda Vista y Universidad de Navojoa.<\/p>\n<div id=\"attachment_8299\" style=\"width: 325px\" class=\"wp-caption alignleft\"><a href=\"\/interamerica\/wp-content\/uploads\/2017\/06\/Florez-G-nonformal.png\" rel=\"fancybox\" title=\"Las universidades adventistas en M\u00e9xico consideran el presente y futuro de la educaci\u00f3n\"><img decoding=\"async\" aria-describedby=\"caption-attachment-8299\" class=\"size-full wp-image-8299\" src=\"\/interamerica\/wp-content\/uploads\/2017\/06\/Florez-G-nonformal.png\" alt=\"\" width=\"315\" height=\"209\" \/><\/a><p id=\"caption-attachment-8299\" class=\"wp-caption-text\">El Dr. Gamaliel Fl\u00f3rez, director de educaci\u00f3n de la iglesia en Interam\u00e9rica, dice que la iglesia no ha establecido antes universidades sin dormitorios, pero que es algo que merece m\u00e1s discusi\u00f3n para suplir las necesidades educacionales de la creciente membres\u00eda en M\u00e9xico. Foto de archivo DIA<\/p><\/div>\n<p>De acuerdo con el Dr. Gamaliel Fl\u00f3rez, director de educaci\u00f3n de la iglesia en Interam\u00e9rica, la reuni\u00f3n fue muy importante a ra\u00edz de la reciente reorganizaci\u00f3n de la iglesia en cinco grandes territorios en el pa\u00eds y el inter\u00e9s en establecer universidades en varias ciudades sin seguir el modelo de instituci\u00f3n educativa con dormitorios.<\/p>\n<p>\u201cHasta ahora, la iglesia no ha establecido un modelo que gu\u00ede este tipo de administraci\u00f3n de universidad [diurna]\u201d, explic\u00f3 el Dr. Fl\u00f3rez.<\/p>\n<p>Con una creciente membres\u00eda en M\u00e9xico, de m\u00e1s de 720,000, la presencia de adicionales instituciones de educaci\u00f3n superior prometen mejorar la calidad de vida y fe de los creyentes, dijeron los dirigentes de la iglesia. Sin embargo, sin un plan global definido entre las instituciones en M\u00e9xico, los dirigentes est\u00e1n de acuerdo en que hay el riesgo de debilitarse mutuamente en relaci\u00f3n con el desarrollo acad\u00e9mico y f\u00edsico, y la eficiencia en el cumplimiento de la misi\u00f3n de la educaci\u00f3n.<\/p>\n<p>El Pastor Israel Leito, presidente de la iglesia en Interam\u00e9rica, presidi\u00f3 la reuni\u00f3n y brind\u00f3 su apoyo a los dirigentes de la iglesia en M\u00e9xico y sus preocupaciones.<\/p>\n<div id=\"attachment_8496\" style=\"width: 325px\" class=\"wp-caption alignleft\"><a href=\"\/interamerica\/wp-content\/uploads\/2017\/06\/IL-mex-meeting.png\" rel=\"fancybox\" title=\"Las universidades adventistas en M\u00e9xico consideran el presente y futuro de la educaci\u00f3n\"><img decoding=\"async\" aria-describedby=\"caption-attachment-8496\" class=\"size-full wp-image-8496 \" src=\"\/interamerica\/wp-content\/uploads\/2017\/06\/IL-mex-meeting.png\" alt=\"\" width=\"315\" height=\"198\" \/><\/a><p id=\"caption-attachment-8496\" class=\"wp-caption-text\">El Pastor Israel Leito (izquierda), presidente de la iglesia en Interam\u00e9rica, preside el mes pasado la sesi\u00f3n de discusi\u00f3n con administradores y educadores de la iglesia en M\u00e9xico.<\/p><\/div>\n<p>\u201cLas universidades no deben sufrir las consecuencias de la organizaci\u00f3n territorial\u201d, dijo el Pastor Leito. \u201cLes hemos pedido a las nuevas uniones que contin\u00faen apoyando a cualquier universidad que anteriormente pertenec\u00eda a su territorio; y alentado a no iniciar nuevas instituciones. Seguimos pensando de esa manera\u201d, dijo el Pastor Leito. \u201cSin embargo, hemos llegado al punto en que no podemos seguir resistiendo la inclinaci\u00f3n natural, porque nuestras universidades existentes no pueden dar abasto a las necesidades educativas de la membres\u00eda actual. Deseamos que la obra en M\u00e9xico siga progresando y no entorpecerla de ninguna manera\u201d.<br \/>\nEn las reuniones se lleg\u00f3 a un consenso entre los dirigentes educativos con respecto a un sistema de enlace entre las instituciones de educaci\u00f3n superior en M\u00e9xico \u2013un enlace que todav\u00eda debe definirse. Las tres universidades son suficientes para preparar alumnos, especialmente en las carreras teol\u00f3gicas. Hubo adem\u00e1s un consenso en cuanto a que existe la necesidad de estudiar seriamente la posibilidad de abrir instituciones sin internado (dormitorios) que posiblemente podr\u00edan ser extensiones o universidades aut\u00f3nomas.<br \/>\nEl Dr. Ismael Castillo, rector de la Universidad de Montemorelos estuvo de acuerdo en que esta no ser\u00e1 una tarea f\u00e1cil.<\/p>\n<p>\u201cTenemos que definir el n\u00famero de estudiantes de entre 18 y 24 a\u00f1os y qu\u00e9 ofrecimientos educacionales se les dar\u00edan, lo cual podr\u00eda reducirse a unos cuantos individuos\u201d, dijo Ismael Castillo. \u201cEsos dos factores nos guiar\u00edan a pensar que el invertir en tales universidades diurnas podr\u00eda ser algo prohibitivo, a menos que se tomara como un proyecto de evangelizaci\u00f3n\u201d.<br \/>\nSe form\u00f3 una comisi\u00f3n especial para estudiar los asuntos y preocupaciones discutidas, as\u00ed como para explorar algunas extensiones o nuevas instituciones en cinco ciudades clave en M\u00e9xico. Se presentar\u00e1n los resultados a los miembros de la junta directiva m\u00e1s tarde en este mismo a\u00f1o.<\/p>\n<p>La Iglesia Adventista del S\u00e9ptimo D\u00eda en M\u00e9xico tiene m\u00e1s de 720,000 miembros que adoran en 4,943 iglesias y grupos en los cinco territorios regionales de la misma. La iglesia opera tambi\u00e9n tres universidades, docenas de escuelas primarias y secundarias, dos hospitales, varias cl\u00ednicas y compa\u00f1\u00edas de alimentos saludables.<\/p>\n<p>Traducci\u00f3n por Gloria Castrej\u00f3n<\/p>\n","protected":false},"excerpt":{"rendered":"<p>Preocupados por la educaci\u00f3n presente y futura de sus tres universidades adventistas, los administradores m\u00e1ximos de la iglesia en la Divisi\u00f3n y los dirigentes regionales de la iglesia en M\u00e9xico, se reunieron recientemente en Miami, Florida, para estudiar formas de responder a las necesidades educacionales siempre en aumento de su creciente membres\u00eda.<\/p>\n","protected":false},"author":1,"featured_media":21651,"comment_status":"closed","ping_status":"closed","sticky":false,"template":"","format":"standard","meta":{"_acf_changed":false,"footnotes":""},"categories":[16],"tags":[],"class_list":["post-30270","post","type-post","status-publish","format-standard","has-post-thumbnail","hentry","category-desde-la-sede"],"acf":[],"yoast_head":"<!-- This site is optimized with the Yoast SEO plugin v27.3 - https:\/\/yoast.com\/product\/yoast-seo-wordpress\/ -->\n<title>Las universidades adventistas en M\u00e9xico consideran el presente y futuro de la educaci\u00f3n - Iglesia Adventista del S\u00e9ptimo D\u00eda - Divisi\u00f3n Interamericana<\/title>\n<meta name=\"robots\" content=\"index, follow, max-snippet:-1, max-image-preview:large, max-video-preview:-1\" \/>\n<link rel=\"canonical\" href=\"https:\/\/interamerica.org\/es\/2013\/06\/las-universidades-adventistas-en-mexico-consideran-el-presente-y-futuro-de-la-educacion\/\" \/>\n<meta property=\"og:locale\" content=\"es_ES\" \/>\n<meta property=\"og:type\" content=\"article\" \/>\n<meta property=\"og:title\" content=\"Las universidades adventistas en M\u00e9xico consideran el presente y futuro de la educaci\u00f3n - Iglesia Adventista del S\u00e9ptimo D\u00eda - Divisi\u00f3n Interamericana\" \/>\n<meta property=\"og:description\" content=\"Preocupados por la educaci\u00f3n presente y futura de sus tres universidades adventistas, los administradores m\u00e1ximos de la iglesia en la Divisi\u00f3n y los dirigentes regionales de la iglesia en M\u00e9xico, se reunieron recientemente en Miami, Florida, para estudiar formas de responder a las necesidades educacionales siempre en aumento de su creciente membres\u00eda.\" \/>\n<meta property=\"og:url\" content=\"https:\/\/interamerica.org\/es\/2013\/06\/las-universidades-adventistas-en-mexico-consideran-el-presente-y-futuro-de-la-educacion\/\" \/>\n<meta property=\"og:site_name\" content=\"Iglesia Adventista del S\u00e9ptimo D\u00eda - Divisi\u00f3n Interamericana\" \/>\n<meta property=\"article:published_time\" content=\"2013-06-25T04:00:00+00:00\" \/>\n<meta property=\"og:image\" content=\"https:\/\/interamerica.org\/wp-content\/uploads\/2017\/06\/MexicoUnivslarge.png\" \/>\n\t<meta property=\"og:image:width\" content=\"590\" \/>\n\t<meta property=\"og:image:height\" content=\"389\" \/>\n\t<meta property=\"og:image:type\" content=\"image\/png\" \/>\n<meta name=\"author\" content=\"Lorenzo Verduzco\" \/>\n<meta name=\"twitter:card\" content=\"summary_large_image\" \/>\n<meta name=\"twitter:label1\" content=\"Escrito por\" \/>\n\t<meta name=\"twitter:data1\" content=\"Lorenzo Verduzco\" \/>\n\t<meta name=\"twitter:label2\" content=\"Tiempo de lectura\" \/>\n\t<meta name=\"twitter:data2\" content=\"4 minutos\" \/>\n<script type=\"application\/ld+json\" class=\"yoast-schema-graph\">{\"@context\":\"https:\\\/\\\/schema.org\",\"@graph\":[{\"@type\":\"Article\",\"@id\":\"https:\\\/\\\/interamerica.org\\\/es\\\/2013\\\/06\\\/las-universidades-adventistas-en-mexico-consideran-el-presente-y-futuro-de-la-educacion\\\/#article\",\"isPartOf\":{\"@id\":\"https:\\\/\\\/interamerica.org\\\/es\\\/2013\\\/06\\\/las-universidades-adventistas-en-mexico-consideran-el-presente-y-futuro-de-la-educacion\\\/\"},\"author\":{\"name\":\"Lorenzo Verduzco\",\"@id\":\"https:\\\/\\\/interamerica.org\\\/es\\\/#\\\/schema\\\/person\\\/68ede8bdc292885bb76c1e3810e73c39\"},\"headline\":\"Las universidades adventistas en M\u00e9xico consideran el presente y futuro de la educaci\u00f3n\",\"datePublished\":\"2013-06-25T04:00:00+00:00\",\"mainEntityOfPage\":{\"@id\":\"https:\\\/\\\/interamerica.org\\\/es\\\/2013\\\/06\\\/las-universidades-adventistas-en-mexico-consideran-el-presente-y-futuro-de-la-educacion\\\/\"},\"wordCount\":892,\"image\":{\"@id\":\"https:\\\/\\\/interamerica.org\\\/es\\\/2013\\\/06\\\/las-universidades-adventistas-en-mexico-consideran-el-presente-y-futuro-de-la-educacion\\\/#primaryimage\"},\"thumbnailUrl\":\"https:\\\/\\\/interamerica.org\\\/wp-content\\\/uploads\\\/2017\\\/06\\\/MexicoUnivslarge.png\",\"articleSection\":[\"Desde la sede\"],\"inLanguage\":\"es\"},{\"@type\":\"WebPage\",\"@id\":\"https:\\\/\\\/interamerica.org\\\/es\\\/2013\\\/06\\\/las-universidades-adventistas-en-mexico-consideran-el-presente-y-futuro-de-la-educacion\\\/\",\"url\":\"https:\\\/\\\/interamerica.org\\\/es\\\/2013\\\/06\\\/las-universidades-adventistas-en-mexico-consideran-el-presente-y-futuro-de-la-educacion\\\/\",\"name\":\"Las universidades adventistas en M\u00e9xico consideran el presente y futuro de la educaci\u00f3n - Iglesia Adventista del S\u00e9ptimo D\u00eda - Divisi\u00f3n Interamericana\",\"isPartOf\":{\"@id\":\"https:\\\/\\\/interamerica.org\\\/es\\\/#website\"},\"primaryImageOfPage\":{\"@id\":\"https:\\\/\\\/interamerica.org\\\/es\\\/2013\\\/06\\\/las-universidades-adventistas-en-mexico-consideran-el-presente-y-futuro-de-la-educacion\\\/#primaryimage\"},\"image\":{\"@id\":\"https:\\\/\\\/interamerica.org\\\/es\\\/2013\\\/06\\\/las-universidades-adventistas-en-mexico-consideran-el-presente-y-futuro-de-la-educacion\\\/#primaryimage\"},\"thumbnailUrl\":\"https:\\\/\\\/interamerica.org\\\/wp-content\\\/uploads\\\/2017\\\/06\\\/MexicoUnivslarge.png\",\"datePublished\":\"2013-06-25T04:00:00+00:00\",\"author\":{\"@id\":\"https:\\\/\\\/interamerica.org\\\/es\\\/#\\\/schema\\\/person\\\/68ede8bdc292885bb76c1e3810e73c39\"},\"breadcrumb\":{\"@id\":\"https:\\\/\\\/interamerica.org\\\/es\\\/2013\\\/06\\\/las-universidades-adventistas-en-mexico-consideran-el-presente-y-futuro-de-la-educacion\\\/#breadcrumb\"},\"inLanguage\":\"es\",\"potentialAction\":[{\"@type\":\"ReadAction\",\"target\":[\"https:\\\/\\\/interamerica.org\\\/es\\\/2013\\\/06\\\/las-universidades-adventistas-en-mexico-consideran-el-presente-y-futuro-de-la-educacion\\\/\"]}]},{\"@type\":\"ImageObject\",\"inLanguage\":\"es\",\"@id\":\"https:\\\/\\\/interamerica.org\\\/es\\\/2013\\\/06\\\/las-universidades-adventistas-en-mexico-consideran-el-presente-y-futuro-de-la-educacion\\\/#primaryimage\",\"url\":\"https:\\\/\\\/interamerica.org\\\/wp-content\\\/uploads\\\/2017\\\/06\\\/MexicoUnivslarge.png\",\"contentUrl\":\"https:\\\/\\\/interamerica.org\\\/wp-content\\\/uploads\\\/2017\\\/06\\\/MexicoUnivslarge.png\",\"width\":590,\"height\":389},{\"@type\":\"BreadcrumbList\",\"@id\":\"https:\\\/\\\/interamerica.org\\\/es\\\/2013\\\/06\\\/las-universidades-adventistas-en-mexico-consideran-el-presente-y-futuro-de-la-educacion\\\/#breadcrumb\",\"itemListElement\":[{\"@type\":\"ListItem\",\"position\":1,\"name\":\"Home\",\"item\":\"https:\\\/\\\/interamerica.org\\\/es\\\/\"},{\"@type\":\"ListItem\",\"position\":2,\"name\":\"Las universidades adventistas en M\u00e9xico consideran el presente y futuro de la educaci\u00f3n\"}]},{\"@type\":\"WebSite\",\"@id\":\"https:\\\/\\\/interamerica.org\\\/es\\\/#website\",\"url\":\"https:\\\/\\\/interamerica.org\\\/es\\\/\",\"name\":\"Iglesia Adventista del S\u00e9ptimo D\u00eda - Divisi\u00f3n Interamericana\",\"description\":\"\",\"potentialAction\":[{\"@type\":\"SearchAction\",\"target\":{\"@type\":\"EntryPoint\",\"urlTemplate\":\"https:\\\/\\\/interamerica.org\\\/es\\\/?s={search_term_string}\"},\"query-input\":{\"@type\":\"PropertyValueSpecification\",\"valueRequired\":true,\"valueName\":\"search_term_string\"}}],\"inLanguage\":\"es\"},{\"@type\":\"Person\",\"@id\":\"https:\\\/\\\/interamerica.org\\\/es\\\/#\\\/schema\\\/person\\\/68ede8bdc292885bb76c1e3810e73c39\",\"name\":\"Lorenzo Verduzco\",\"image\":{\"@type\":\"ImageObject\",\"inLanguage\":\"es\",\"@id\":\"https:\\\/\\\/secure.gravatar.com\\\/avatar\\\/fb81a55b6218459490a9c1dc841a34909185b81904c5337b4b27f7a6fd60c49e?s=96&d=mm&r=g\",\"url\":\"https:\\\/\\\/secure.gravatar.com\\\/avatar\\\/fb81a55b6218459490a9c1dc841a34909185b81904c5337b4b27f7a6fd60c49e?s=96&d=mm&r=g\",\"contentUrl\":\"https:\\\/\\\/secure.gravatar.com\\\/avatar\\\/fb81a55b6218459490a9c1dc841a34909185b81904c5337b4b27f7a6fd60c49e?s=96&d=mm&r=g\",\"caption\":\"Lorenzo Verduzco\"}}]}<\/script>\n<!-- \/ Yoast SEO plugin. -->","yoast_head_json":{"title":"Las universidades adventistas en M\u00e9xico consideran el presente y futuro de la educaci\u00f3n - Iglesia Adventista del S\u00e9ptimo D\u00eda - Divisi\u00f3n Interamericana","robots":{"index":"index","follow":"follow","max-snippet":"max-snippet:-1","max-image-preview":"max-image-preview:large","max-video-preview":"max-video-preview:-1"},"canonical":"https:\/\/interamerica.org\/es\/2013\/06\/las-universidades-adventistas-en-mexico-consideran-el-presente-y-futuro-de-la-educacion\/","og_locale":"es_ES","og_type":"article","og_title":"Las universidades adventistas en M\u00e9xico consideran el presente y futuro de la educaci\u00f3n - Iglesia Adventista del S\u00e9ptimo D\u00eda - Divisi\u00f3n Interamericana","og_description":"Preocupados por la educaci\u00f3n presente y futura de sus tres universidades adventistas, los administradores m\u00e1ximos de la iglesia en la Divisi\u00f3n y los dirigentes regionales de la iglesia en M\u00e9xico, se reunieron recientemente en Miami, Florida, para estudiar formas de responder a las necesidades educacionales siempre en aumento de su creciente membres\u00eda.","og_url":"https:\/\/interamerica.org\/es\/2013\/06\/las-universidades-adventistas-en-mexico-consideran-el-presente-y-futuro-de-la-educacion\/","og_site_name":"Iglesia Adventista del S\u00e9ptimo D\u00eda - Divisi\u00f3n Interamericana","article_published_time":"2013-06-25T04:00:00+00:00","og_image":[{"width":590,"height":389,"url":"https:\/\/interamerica.org\/wp-content\/uploads\/2017\/06\/MexicoUnivslarge.png","type":"image\/png"}],"author":"Lorenzo Verduzco","twitter_card":"summary_large_image","twitter_misc":{"Escrito por":"Lorenzo Verduzco","Tiempo de lectura":"4 minutos"},"schema":{"@context":"https:\/\/schema.org","@graph":[{"@type":"Article","@id":"https:\/\/interamerica.org\/es\/2013\/06\/las-universidades-adventistas-en-mexico-consideran-el-presente-y-futuro-de-la-educacion\/#article","isPartOf":{"@id":"https:\/\/interamerica.org\/es\/2013\/06\/las-universidades-adventistas-en-mexico-consideran-el-presente-y-futuro-de-la-educacion\/"},"author":{"name":"Lorenzo Verduzco","@id":"https:\/\/interamerica.org\/es\/#\/schema\/person\/68ede8bdc292885bb76c1e3810e73c39"},"headline":"Las universidades adventistas en M\u00e9xico consideran el presente y futuro de la educaci\u00f3n","datePublished":"2013-06-25T04:00:00+00:00","mainEntityOfPage":{"@id":"https:\/\/interamerica.org\/es\/2013\/06\/las-universidades-adventistas-en-mexico-consideran-el-presente-y-futuro-de-la-educacion\/"},"wordCount":892,"image":{"@id":"https:\/\/interamerica.org\/es\/2013\/06\/las-universidades-adventistas-en-mexico-consideran-el-presente-y-futuro-de-la-educacion\/#primaryimage"},"thumbnailUrl":"https:\/\/interamerica.org\/wp-content\/uploads\/2017\/06\/MexicoUnivslarge.png","articleSection":["Desde la sede"],"inLanguage":"es"},{"@type":"WebPage","@id":"https:\/\/interamerica.org\/es\/2013\/06\/las-universidades-adventistas-en-mexico-consideran-el-presente-y-futuro-de-la-educacion\/","url":"https:\/\/interamerica.org\/es\/2013\/06\/las-universidades-adventistas-en-mexico-consideran-el-presente-y-futuro-de-la-educacion\/","name":"Las universidades adventistas en M\u00e9xico consideran el presente y futuro de la educaci\u00f3n - Iglesia Adventista del S\u00e9ptimo D\u00eda - Divisi\u00f3n Interamericana","isPartOf":{"@id":"https:\/\/interamerica.org\/es\/#website"},"primaryImageOfPage":{"@id":"https:\/\/interamerica.org\/es\/2013\/06\/las-universidades-adventistas-en-mexico-consideran-el-presente-y-futuro-de-la-educacion\/#primaryimage"},"image":{"@id":"https:\/\/interamerica.org\/es\/2013\/06\/las-universidades-adventistas-en-mexico-consideran-el-presente-y-futuro-de-la-educacion\/#primaryimage"},"thumbnailUrl":"https:\/\/interamerica.org\/wp-content\/uploads\/2017\/06\/MexicoUnivslarge.png","datePublished":"2013-06-25T04:00:00+00:00","author":{"@id":"https:\/\/interamerica.org\/es\/#\/schema\/person\/68ede8bdc292885bb76c1e3810e73c39"},"breadcrumb":{"@id":"https:\/\/interamerica.org\/es\/2013\/06\/las-universidades-adventistas-en-mexico-consideran-el-presente-y-futuro-de-la-educacion\/#breadcrumb"},"inLanguage":"es","potentialAction":[{"@type":"ReadAction","target":["https:\/\/interamerica.org\/es\/2013\/06\/las-universidades-adventistas-en-mexico-consideran-el-presente-y-futuro-de-la-educacion\/"]}]},{"@type":"ImageObject","inLanguage":"es","@id":"https:\/\/interamerica.org\/es\/2013\/06\/las-universidades-adventistas-en-mexico-consideran-el-presente-y-futuro-de-la-educacion\/#primaryimage","url":"https:\/\/interamerica.org\/wp-content\/uploads\/2017\/06\/MexicoUnivslarge.png","contentUrl":"https:\/\/interamerica.org\/wp-content\/uploads\/2017\/06\/MexicoUnivslarge.png","width":590,"height":389},{"@type":"BreadcrumbList","@id":"https:\/\/interamerica.org\/es\/2013\/06\/las-universidades-adventistas-en-mexico-consideran-el-presente-y-futuro-de-la-educacion\/#breadcrumb","itemListElement":[{"@type":"ListItem","position":1,"name":"Home","item":"https:\/\/interamerica.org\/es\/"},{"@type":"ListItem","position":2,"name":"Las universidades adventistas en M\u00e9xico consideran el presente y futuro de la educaci\u00f3n"}]},{"@type":"WebSite","@id":"https:\/\/interamerica.org\/es\/#website","url":"https:\/\/interamerica.org\/es\/","name":"Iglesia Adventista del S\u00e9ptimo D\u00eda - Divisi\u00f3n Interamericana","description":"","potentialAction":[{"@type":"SearchAction","target":{"@type":"EntryPoint","urlTemplate":"https:\/\/interamerica.org\/es\/?s={search_term_string}"},"query-input":{"@type":"PropertyValueSpecification","valueRequired":true,"valueName":"search_term_string"}}],"inLanguage":"es"},{"@type":"Person","@id":"https:\/\/interamerica.org\/es\/#\/schema\/person\/68ede8bdc292885bb76c1e3810e73c39","name":"Lorenzo Verduzco","image":{"@type":"ImageObject","inLanguage":"es","@id":"https:\/\/secure.gravatar.com\/avatar\/fb81a55b6218459490a9c1dc841a34909185b81904c5337b4b27f7a6fd60c49e?s=96&d=mm&r=g","url":"https:\/\/secure.gravatar.com\/avatar\/fb81a55b6218459490a9c1dc841a34909185b81904c5337b4b27f7a6fd60c49e?s=96&d=mm&r=g","contentUrl":"https:\/\/secure.gravatar.com\/avatar\/fb81a55b6218459490a9c1dc841a34909185b81904c5337b4b27f7a6fd60c49e?s=96&d=mm&r=g","caption":"Lorenzo Verduzco"}}]}},"_links":{"self":[{"href":"https:\/\/interamerica.org\/es\/wp-json\/wp\/v2\/posts\/30270","targetHints":{"allow":["GET"]}}],"collection":[{"href":"https:\/\/interamerica.org\/es\/wp-json\/wp\/v2\/posts"}],"about":[{"href":"https:\/\/interamerica.org\/es\/wp-json\/wp\/v2\/types\/post"}],"author":[{"embeddable":true,"href":"https:\/\/interamerica.org\/es\/wp-json\/wp\/v2\/users\/1"}],"replies":[{"embeddable":true,"href":"https:\/\/interamerica.org\/es\/wp-json\/wp\/v2\/comments?post=30270"}],"version-history":[{"count":0,"href":"https:\/\/interamerica.org\/es\/wp-json\/wp\/v2\/posts\/30270\/revisions"}],"wp:featuredmedia":[{"embeddable":true,"href":"https:\/\/interamerica.org\/es\/wp-json\/wp\/v2\/media\/21651"}],"wp:attachment":[{"href":"https:\/\/interamerica.org\/es\/wp-json\/wp\/v2\/media?parent=30270"}],"wp:term":[{"taxonomy":"category","embeddable":true,"href":"https:\/\/interamerica.org\/es\/wp-json\/wp\/v2\/categories?post=30270"},{"taxonomy":"post_tag","embeddable":true,"href":"https:\/\/interamerica.org\/es\/wp-json\/wp\/v2\/tags?post=30270"}],"curies":[{"name":"wp","href":"https:\/\/api.w.org\/{rel}","templated":true}]}}