{"id":30280,"date":"2013-07-10T00:00:00","date_gmt":"2013-07-10T04:00:00","guid":{"rendered":"http:\/\/192.81.217.108\/interamerica\/2013\/07\/jamaica-iglesia-celebra-nueva-prohibicion-antitabaco-y-se-pronuncia-contra-las-emisiones-vehiculares\/"},"modified":"2013-07-10T00:00:00","modified_gmt":"2013-07-10T04:00:00","slug":"jamaica-iglesia-celebra-nueva-prohibicion-antitabaco-y-se-pronuncia-contra-las-emisiones-vehiculares","status":"publish","type":"post","link":"https:\/\/interamerica.org\/es\/2013\/07\/jamaica-iglesia-celebra-nueva-prohibicion-antitabaco-y-se-pronuncia-contra-las-emisiones-vehiculares\/","title":{"rendered":"Jamaica: Iglesia celebra nueva prohibici\u00f3n antitabaco y se pronuncia contra las emisiones vehiculares"},"content":{"rendered":"<p>8 de julio de 2013\u2026Mandeville, Jamaica\u2026.Nigel Coke\/DIA<\/p>\n<p>La Iglesia Adventista del S\u00e9ptimo D\u00eda de Jamaica se ha unido a numerosos individuos y organizaciones gubernamentales y no gubernamentales para celebrar el anuncio de parte del doctor Fenton Ferguson, ministro de salud, en relaci\u00f3n con la prohibici\u00f3n del cigarrillo desde el 15 de julio de 2013.<\/p>\n<div id=\"attachment_8612\" style=\"width: 225px\" class=\"wp-caption alignright\"><a href=\"\/interamerica\/wp-content\/uploads\/2017\/06\/MiltonGregory.png\" rel=\"fancybox\" title=\"Jamaica: Iglesia celebra nueva prohibici\u00f3n antitabaco y se pronuncia contra las emisiones vehiculares\"><img fetchpriority=\"high\" decoding=\"async\" aria-describedby=\"caption-attachment-8612\" class=\"size-full wp-image-8612\" src=\"\/interamerica\/wp-content\/uploads\/2017\/06\/MiltonGregory.png\" alt=\"\" width=\"215\" height=\"324\" \/><\/a><p id=\"caption-attachment-8612\" class=\"wp-caption-text\">El doctor Milton Gregory, director de ministerios de salud de la Iglesia Adventista de Jamaica, est\u00e1 creando conciencia sobre las emisiones de los veh\u00edculos que contaminan el aire en todo el pa\u00eds. Im\u00e1genes Nigel Coke\/DIA<\/p><\/div>\n<p>La nueva prohibici\u00f3n alcanza a todos los lugares cerrados, el transporte p\u00fablico, los lugares de trabajo, los edificios de gobierno, las instituciones de salud, de deporte, atletismo y recreaci\u00f3n, las instituciones educativas, las zonas designadas para el uso por parte de los ni\u00f1os, y los lugares de uso colectivo tales como las paradas de autob\u00fas.<\/p>\n<p>Aunque los adventistas est\u00e1n satisfechos con la legislaci\u00f3n que proh\u00edbe fumar en lugares p\u00fablicos, est\u00e1n preocupados por el nivel de emisi\u00f3n de humo que producen algunos veh\u00edculos, lo que es tan da\u00f1ino y perjudicial para los seres humanos y el medio ambiente debido a los diversos qu\u00edmicos t\u00f3xicos que contiene.<\/p>\n<p>\u00abFelicitamos al gobierno por esta medida tan esperada\u00bb, dijo el doctor Milton Gregory, director de ministerios de salud de la iglesia en Jamaica. \u00abLa prohibici\u00f3n del cigarrillo representa un gran paso en la direcci\u00f3n correcta que implica tener como prioridad de la edificaci\u00f3n de la naci\u00f3n la salud y el bienestar de la sociedad, pero [el gobierno] necesita ir a\u00fan m\u00e1s all\u00e1. Ahora es momento de implementar la Ley de Tr\u00e1fico Carretero de 1938, Secci\u00f3n 43 (2), que determina que es delito que un individuo tenga control de un veh\u00edculo que emita cualquier cantidad irrazonable de gases. Asimismo, se especifica un arancel punitorio que tienen que abonar los individuos hallados culpables de la mencionada ofensa\u00bb, a\u00f1adi\u00f3 Gregory.<\/p>\n<div id=\"attachment_8613\" style=\"width: 325px\" class=\"wp-caption alignleft\"><a href=\"\/interamerica\/wp-content\/uploads\/2017\/06\/JAMU-no-smoking-day.png\" rel=\"fancybox\" title=\"Jamaica: Iglesia celebra nueva prohibici\u00f3n antitabaco y se pronuncia contra las emisiones vehiculares\"><img decoding=\"async\" aria-describedby=\"caption-attachment-8613\" class=\"size-full wp-image-8613 \" src=\"\/interamerica\/wp-content\/uploads\/2017\/06\/JAMU-no-smoking-day.png\" alt=\"\" width=\"315\" height=\"209\" \/><\/a><p id=\"caption-attachment-8613\" class=\"wp-caption-text\">Estudiantes de una destacada escuela secundaria de Mandeville (Jamaica), muestran sus avisos en contra del tabaco despu\u00e9s de marchar para el \u00abD\u00eda Libre de Humo\u00bb, el pasado 31 de mayo de 2012.<\/p><\/div>\n<p>Cada d\u00eda, miles de jamaiquinos respiran aire sumamente contaminado, que est\u00e1 lleno de emisiones vehiculares venenosas, compuestas por contaminantes tales como el mon\u00f3xido de carbono, el di\u00f3xido de nitr\u00f3geno, los sulfatos suspendidos, el di\u00f3xido de sulfuro, los nitratos, el plomo y el holl\u00edn.<\/p>\n<p>El doctor Gregory a\u00f1adi\u00f3 que una soluci\u00f3n ser\u00eda que se realicen m\u00e1s pruebas. \u00abDiez lugares en la zona corporativa no alcanzan para satisfacer la cantidad de automotores que llenan cada d\u00eda nuestras atestadas calles\u00bb, agreg\u00f3.<\/p>\n<p>Seg\u00fan Gregory, se deber\u00edan considerar combustibles alternativos al analizar las mejores pr\u00e1cticas en t\u00e9rminos de mejor gesti\u00f3n de la calidad del aire, en un esfuerzo por conservar con salud a los individuos y al medio ambiente,<\/p>\n<p>La iglesia de todo Jamaica ha estado coordinando marchas y llevando a cabo seminarios en las iglesias, escuelas y entidades c\u00edvicas para explicar los efectos mortales del humo del tabaco y de las emisiones vehiculares, dijo el doctor Gregory. El mes que viene, los l\u00edderes de la iglesia y los expertos ofrecer\u00e1n en Jamaica capacitaci\u00f3n a coordinadores de cursos para dejar de fumar.<\/p>\n<p>Si desa m\u00e1s informaci\u00f3n sobre la Iglesia Adventista en Jamaica, <a href=\"http:\/\/www.jmunion.org\/\">presione aqu\u00ed<\/a><\/p>\n<p><em>Traducci\u00f3n de Marcos Paseggi<\/em><\/p>\n","protected":false},"excerpt":{"rendered":"<p>La Iglesia Adventista del S\u00e9ptimo D\u00eda de Jamaica se ha unido a numerosos individuos y organizaciones gubernamentales y no gubernamentales para celebrar el anuncio de parte del doctor Fenton Ferguson, ministro de salud, en relaci\u00f3n con la prohibici\u00f3n del cigarrillo desde el 15 de julio de 2013.<\/p>\n","protected":false},"author":1,"featured_media":21739,"comment_status":"closed","ping_status":"closed","sticky":false,"template":"","format":"standard","meta":{"_acf_changed":false,"footnotes":""},"categories":[17],"tags":[],"class_list":["post-30280","post","type-post","status-publish","format-standard","has-post-thumbnail","hentry","category-desde-el-campo"],"acf":[],"yoast_head":"<!-- This site is optimized with the Yoast SEO plugin v27.3 - https:\/\/yoast.com\/product\/yoast-seo-wordpress\/ -->\n<title>Jamaica: Iglesia celebra nueva prohibici\u00f3n antitabaco y se pronuncia contra las emisiones vehiculares - Iglesia Adventista del S\u00e9ptimo D\u00eda - Divisi\u00f3n Interamericana<\/title>\n<meta name=\"robots\" content=\"index, follow, max-snippet:-1, max-image-preview:large, max-video-preview:-1\" \/>\n<link rel=\"canonical\" href=\"https:\/\/interamerica.org\/es\/2013\/07\/jamaica-iglesia-celebra-nueva-prohibicion-antitabaco-y-se-pronuncia-contra-las-emisiones-vehiculares\/\" \/>\n<meta property=\"og:locale\" content=\"es_ES\" \/>\n<meta property=\"og:type\" content=\"article\" \/>\n<meta property=\"og:title\" content=\"Jamaica: Iglesia celebra nueva prohibici\u00f3n antitabaco y se pronuncia contra las emisiones vehiculares - Iglesia Adventista del S\u00e9ptimo D\u00eda - Divisi\u00f3n Interamericana\" \/>\n<meta property=\"og:description\" content=\"La Iglesia Adventista del S\u00e9ptimo D\u00eda de Jamaica se ha unido a numerosos individuos y organizaciones gubernamentales y no gubernamentales para celebrar el anuncio de parte del doctor Fenton Ferguson, ministro de salud, en relaci\u00f3n con la prohibici\u00f3n del cigarrillo desde el 15 de julio de 2013.\" \/>\n<meta property=\"og:url\" content=\"https:\/\/interamerica.org\/es\/2013\/07\/jamaica-iglesia-celebra-nueva-prohibicion-antitabaco-y-se-pronuncia-contra-las-emisiones-vehiculares\/\" \/>\n<meta property=\"og:site_name\" content=\"Iglesia Adventista del S\u00e9ptimo D\u00eda - Divisi\u00f3n Interamericana\" \/>\n<meta property=\"article:published_time\" content=\"2013-07-10T04:00:00+00:00\" \/>\n<meta property=\"og:image\" content=\"https:\/\/interamerica.org\/wp-content\/uploads\/2017\/06\/JAMU-no-smoking-day.png\" \/>\n\t<meta property=\"og:image:width\" content=\"315\" \/>\n\t<meta property=\"og:image:height\" content=\"209\" \/>\n\t<meta property=\"og:image:type\" content=\"image\/png\" \/>\n<meta name=\"author\" content=\"Lorenzo Verduzco\" \/>\n<meta name=\"twitter:card\" content=\"summary_large_image\" \/>\n<meta name=\"twitter:label1\" content=\"Escrito por\" \/>\n\t<meta name=\"twitter:data1\" content=\"Lorenzo Verduzco\" \/>\n\t<meta name=\"twitter:label2\" content=\"Tiempo de lectura\" \/>\n\t<meta name=\"twitter:data2\" content=\"3 minutos\" \/>\n<script type=\"application\/ld+json\" class=\"yoast-schema-graph\">{\"@context\":\"https:\\\/\\\/schema.org\",\"@graph\":[{\"@type\":\"Article\",\"@id\":\"https:\\\/\\\/interamerica.org\\\/es\\\/2013\\\/07\\\/jamaica-iglesia-celebra-nueva-prohibicion-antitabaco-y-se-pronuncia-contra-las-emisiones-vehiculares\\\/#article\",\"isPartOf\":{\"@id\":\"https:\\\/\\\/interamerica.org\\\/es\\\/2013\\\/07\\\/jamaica-iglesia-celebra-nueva-prohibicion-antitabaco-y-se-pronuncia-contra-las-emisiones-vehiculares\\\/\"},\"author\":{\"name\":\"Lorenzo Verduzco\",\"@id\":\"https:\\\/\\\/interamerica.org\\\/es\\\/#\\\/schema\\\/person\\\/68ede8bdc292885bb76c1e3810e73c39\"},\"headline\":\"Jamaica: Iglesia celebra nueva prohibici\u00f3n antitabaco y se pronuncia contra las emisiones vehiculares\",\"datePublished\":\"2013-07-10T04:00:00+00:00\",\"mainEntityOfPage\":{\"@id\":\"https:\\\/\\\/interamerica.org\\\/es\\\/2013\\\/07\\\/jamaica-iglesia-celebra-nueva-prohibicion-antitabaco-y-se-pronuncia-contra-las-emisiones-vehiculares\\\/\"},\"wordCount\":616,\"image\":{\"@id\":\"https:\\\/\\\/interamerica.org\\\/es\\\/2013\\\/07\\\/jamaica-iglesia-celebra-nueva-prohibicion-antitabaco-y-se-pronuncia-contra-las-emisiones-vehiculares\\\/#primaryimage\"},\"thumbnailUrl\":\"https:\\\/\\\/interamerica.org\\\/wp-content\\\/uploads\\\/2017\\\/06\\\/JAMU-no-smoking-day.png\",\"articleSection\":[\"Desde el campo\"],\"inLanguage\":\"es\"},{\"@type\":\"WebPage\",\"@id\":\"https:\\\/\\\/interamerica.org\\\/es\\\/2013\\\/07\\\/jamaica-iglesia-celebra-nueva-prohibicion-antitabaco-y-se-pronuncia-contra-las-emisiones-vehiculares\\\/\",\"url\":\"https:\\\/\\\/interamerica.org\\\/es\\\/2013\\\/07\\\/jamaica-iglesia-celebra-nueva-prohibicion-antitabaco-y-se-pronuncia-contra-las-emisiones-vehiculares\\\/\",\"name\":\"Jamaica: Iglesia celebra nueva prohibici\u00f3n antitabaco y se pronuncia contra las emisiones vehiculares - Iglesia Adventista del S\u00e9ptimo D\u00eda - Divisi\u00f3n Interamericana\",\"isPartOf\":{\"@id\":\"https:\\\/\\\/interamerica.org\\\/es\\\/#website\"},\"primaryImageOfPage\":{\"@id\":\"https:\\\/\\\/interamerica.org\\\/es\\\/2013\\\/07\\\/jamaica-iglesia-celebra-nueva-prohibicion-antitabaco-y-se-pronuncia-contra-las-emisiones-vehiculares\\\/#primaryimage\"},\"image\":{\"@id\":\"https:\\\/\\\/interamerica.org\\\/es\\\/2013\\\/07\\\/jamaica-iglesia-celebra-nueva-prohibicion-antitabaco-y-se-pronuncia-contra-las-emisiones-vehiculares\\\/#primaryimage\"},\"thumbnailUrl\":\"https:\\\/\\\/interamerica.org\\\/wp-content\\\/uploads\\\/2017\\\/06\\\/JAMU-no-smoking-day.png\",\"datePublished\":\"2013-07-10T04:00:00+00:00\",\"author\":{\"@id\":\"https:\\\/\\\/interamerica.org\\\/es\\\/#\\\/schema\\\/person\\\/68ede8bdc292885bb76c1e3810e73c39\"},\"breadcrumb\":{\"@id\":\"https:\\\/\\\/interamerica.org\\\/es\\\/2013\\\/07\\\/jamaica-iglesia-celebra-nueva-prohibicion-antitabaco-y-se-pronuncia-contra-las-emisiones-vehiculares\\\/#breadcrumb\"},\"inLanguage\":\"es\",\"potentialAction\":[{\"@type\":\"ReadAction\",\"target\":[\"https:\\\/\\\/interamerica.org\\\/es\\\/2013\\\/07\\\/jamaica-iglesia-celebra-nueva-prohibicion-antitabaco-y-se-pronuncia-contra-las-emisiones-vehiculares\\\/\"]}]},{\"@type\":\"ImageObject\",\"inLanguage\":\"es\",\"@id\":\"https:\\\/\\\/interamerica.org\\\/es\\\/2013\\\/07\\\/jamaica-iglesia-celebra-nueva-prohibicion-antitabaco-y-se-pronuncia-contra-las-emisiones-vehiculares\\\/#primaryimage\",\"url\":\"https:\\\/\\\/interamerica.org\\\/wp-content\\\/uploads\\\/2017\\\/06\\\/JAMU-no-smoking-day.png\",\"contentUrl\":\"https:\\\/\\\/interamerica.org\\\/wp-content\\\/uploads\\\/2017\\\/06\\\/JAMU-no-smoking-day.png\",\"width\":315,\"height\":209},{\"@type\":\"BreadcrumbList\",\"@id\":\"https:\\\/\\\/interamerica.org\\\/es\\\/2013\\\/07\\\/jamaica-iglesia-celebra-nueva-prohibicion-antitabaco-y-se-pronuncia-contra-las-emisiones-vehiculares\\\/#breadcrumb\",\"itemListElement\":[{\"@type\":\"ListItem\",\"position\":1,\"name\":\"Home\",\"item\":\"https:\\\/\\\/interamerica.org\\\/es\\\/\"},{\"@type\":\"ListItem\",\"position\":2,\"name\":\"Jamaica: Iglesia celebra nueva prohibici\u00f3n antitabaco y se pronuncia contra las emisiones vehiculares\"}]},{\"@type\":\"WebSite\",\"@id\":\"https:\\\/\\\/interamerica.org\\\/es\\\/#website\",\"url\":\"https:\\\/\\\/interamerica.org\\\/es\\\/\",\"name\":\"Iglesia Adventista del S\u00e9ptimo D\u00eda - Divisi\u00f3n Interamericana\",\"description\":\"\",\"potentialAction\":[{\"@type\":\"SearchAction\",\"target\":{\"@type\":\"EntryPoint\",\"urlTemplate\":\"https:\\\/\\\/interamerica.org\\\/es\\\/?s={search_term_string}\"},\"query-input\":{\"@type\":\"PropertyValueSpecification\",\"valueRequired\":true,\"valueName\":\"search_term_string\"}}],\"inLanguage\":\"es\"},{\"@type\":\"Person\",\"@id\":\"https:\\\/\\\/interamerica.org\\\/es\\\/#\\\/schema\\\/person\\\/68ede8bdc292885bb76c1e3810e73c39\",\"name\":\"Lorenzo Verduzco\",\"image\":{\"@type\":\"ImageObject\",\"inLanguage\":\"es\",\"@id\":\"https:\\\/\\\/secure.gravatar.com\\\/avatar\\\/fb81a55b6218459490a9c1dc841a34909185b81904c5337b4b27f7a6fd60c49e?s=96&d=mm&r=g\",\"url\":\"https:\\\/\\\/secure.gravatar.com\\\/avatar\\\/fb81a55b6218459490a9c1dc841a34909185b81904c5337b4b27f7a6fd60c49e?s=96&d=mm&r=g\",\"contentUrl\":\"https:\\\/\\\/secure.gravatar.com\\\/avatar\\\/fb81a55b6218459490a9c1dc841a34909185b81904c5337b4b27f7a6fd60c49e?s=96&d=mm&r=g\",\"caption\":\"Lorenzo Verduzco\"}}]}<\/script>\n<!-- \/ Yoast SEO plugin. -->","yoast_head_json":{"title":"Jamaica: Iglesia celebra nueva prohibici\u00f3n antitabaco y se pronuncia contra las emisiones vehiculares - Iglesia Adventista del S\u00e9ptimo D\u00eda - Divisi\u00f3n Interamericana","robots":{"index":"index","follow":"follow","max-snippet":"max-snippet:-1","max-image-preview":"max-image-preview:large","max-video-preview":"max-video-preview:-1"},"canonical":"https:\/\/interamerica.org\/es\/2013\/07\/jamaica-iglesia-celebra-nueva-prohibicion-antitabaco-y-se-pronuncia-contra-las-emisiones-vehiculares\/","og_locale":"es_ES","og_type":"article","og_title":"Jamaica: Iglesia celebra nueva prohibici\u00f3n antitabaco y se pronuncia contra las emisiones vehiculares - Iglesia Adventista del S\u00e9ptimo D\u00eda - Divisi\u00f3n Interamericana","og_description":"La Iglesia Adventista del S\u00e9ptimo D\u00eda de Jamaica se ha unido a numerosos individuos y organizaciones gubernamentales y no gubernamentales para celebrar el anuncio de parte del doctor Fenton Ferguson, ministro de salud, en relaci\u00f3n con la prohibici\u00f3n del cigarrillo desde el 15 de julio de 2013.","og_url":"https:\/\/interamerica.org\/es\/2013\/07\/jamaica-iglesia-celebra-nueva-prohibicion-antitabaco-y-se-pronuncia-contra-las-emisiones-vehiculares\/","og_site_name":"Iglesia Adventista del S\u00e9ptimo D\u00eda - Divisi\u00f3n Interamericana","article_published_time":"2013-07-10T04:00:00+00:00","og_image":[{"width":315,"height":209,"url":"https:\/\/interamerica.org\/wp-content\/uploads\/2017\/06\/JAMU-no-smoking-day.png","type":"image\/png"}],"author":"Lorenzo Verduzco","twitter_card":"summary_large_image","twitter_misc":{"Escrito por":"Lorenzo Verduzco","Tiempo de lectura":"3 minutos"},"schema":{"@context":"https:\/\/schema.org","@graph":[{"@type":"Article","@id":"https:\/\/interamerica.org\/es\/2013\/07\/jamaica-iglesia-celebra-nueva-prohibicion-antitabaco-y-se-pronuncia-contra-las-emisiones-vehiculares\/#article","isPartOf":{"@id":"https:\/\/interamerica.org\/es\/2013\/07\/jamaica-iglesia-celebra-nueva-prohibicion-antitabaco-y-se-pronuncia-contra-las-emisiones-vehiculares\/"},"author":{"name":"Lorenzo Verduzco","@id":"https:\/\/interamerica.org\/es\/#\/schema\/person\/68ede8bdc292885bb76c1e3810e73c39"},"headline":"Jamaica: Iglesia celebra nueva prohibici\u00f3n antitabaco y se pronuncia contra las emisiones vehiculares","datePublished":"2013-07-10T04:00:00+00:00","mainEntityOfPage":{"@id":"https:\/\/interamerica.org\/es\/2013\/07\/jamaica-iglesia-celebra-nueva-prohibicion-antitabaco-y-se-pronuncia-contra-las-emisiones-vehiculares\/"},"wordCount":616,"image":{"@id":"https:\/\/interamerica.org\/es\/2013\/07\/jamaica-iglesia-celebra-nueva-prohibicion-antitabaco-y-se-pronuncia-contra-las-emisiones-vehiculares\/#primaryimage"},"thumbnailUrl":"https:\/\/interamerica.org\/wp-content\/uploads\/2017\/06\/JAMU-no-smoking-day.png","articleSection":["Desde el campo"],"inLanguage":"es"},{"@type":"WebPage","@id":"https:\/\/interamerica.org\/es\/2013\/07\/jamaica-iglesia-celebra-nueva-prohibicion-antitabaco-y-se-pronuncia-contra-las-emisiones-vehiculares\/","url":"https:\/\/interamerica.org\/es\/2013\/07\/jamaica-iglesia-celebra-nueva-prohibicion-antitabaco-y-se-pronuncia-contra-las-emisiones-vehiculares\/","name":"Jamaica: Iglesia celebra nueva prohibici\u00f3n antitabaco y se pronuncia contra las emisiones vehiculares - Iglesia Adventista del S\u00e9ptimo D\u00eda - Divisi\u00f3n Interamericana","isPartOf":{"@id":"https:\/\/interamerica.org\/es\/#website"},"primaryImageOfPage":{"@id":"https:\/\/interamerica.org\/es\/2013\/07\/jamaica-iglesia-celebra-nueva-prohibicion-antitabaco-y-se-pronuncia-contra-las-emisiones-vehiculares\/#primaryimage"},"image":{"@id":"https:\/\/interamerica.org\/es\/2013\/07\/jamaica-iglesia-celebra-nueva-prohibicion-antitabaco-y-se-pronuncia-contra-las-emisiones-vehiculares\/#primaryimage"},"thumbnailUrl":"https:\/\/interamerica.org\/wp-content\/uploads\/2017\/06\/JAMU-no-smoking-day.png","datePublished":"2013-07-10T04:00:00+00:00","author":{"@id":"https:\/\/interamerica.org\/es\/#\/schema\/person\/68ede8bdc292885bb76c1e3810e73c39"},"breadcrumb":{"@id":"https:\/\/interamerica.org\/es\/2013\/07\/jamaica-iglesia-celebra-nueva-prohibicion-antitabaco-y-se-pronuncia-contra-las-emisiones-vehiculares\/#breadcrumb"},"inLanguage":"es","potentialAction":[{"@type":"ReadAction","target":["https:\/\/interamerica.org\/es\/2013\/07\/jamaica-iglesia-celebra-nueva-prohibicion-antitabaco-y-se-pronuncia-contra-las-emisiones-vehiculares\/"]}]},{"@type":"ImageObject","inLanguage":"es","@id":"https:\/\/interamerica.org\/es\/2013\/07\/jamaica-iglesia-celebra-nueva-prohibicion-antitabaco-y-se-pronuncia-contra-las-emisiones-vehiculares\/#primaryimage","url":"https:\/\/interamerica.org\/wp-content\/uploads\/2017\/06\/JAMU-no-smoking-day.png","contentUrl":"https:\/\/interamerica.org\/wp-content\/uploads\/2017\/06\/JAMU-no-smoking-day.png","width":315,"height":209},{"@type":"BreadcrumbList","@id":"https:\/\/interamerica.org\/es\/2013\/07\/jamaica-iglesia-celebra-nueva-prohibicion-antitabaco-y-se-pronuncia-contra-las-emisiones-vehiculares\/#breadcrumb","itemListElement":[{"@type":"ListItem","position":1,"name":"Home","item":"https:\/\/interamerica.org\/es\/"},{"@type":"ListItem","position":2,"name":"Jamaica: Iglesia celebra nueva prohibici\u00f3n antitabaco y se pronuncia contra las emisiones vehiculares"}]},{"@type":"WebSite","@id":"https:\/\/interamerica.org\/es\/#website","url":"https:\/\/interamerica.org\/es\/","name":"Iglesia Adventista del S\u00e9ptimo D\u00eda - Divisi\u00f3n Interamericana","description":"","potentialAction":[{"@type":"SearchAction","target":{"@type":"EntryPoint","urlTemplate":"https:\/\/interamerica.org\/es\/?s={search_term_string}"},"query-input":{"@type":"PropertyValueSpecification","valueRequired":true,"valueName":"search_term_string"}}],"inLanguage":"es"},{"@type":"Person","@id":"https:\/\/interamerica.org\/es\/#\/schema\/person\/68ede8bdc292885bb76c1e3810e73c39","name":"Lorenzo Verduzco","image":{"@type":"ImageObject","inLanguage":"es","@id":"https:\/\/secure.gravatar.com\/avatar\/fb81a55b6218459490a9c1dc841a34909185b81904c5337b4b27f7a6fd60c49e?s=96&d=mm&r=g","url":"https:\/\/secure.gravatar.com\/avatar\/fb81a55b6218459490a9c1dc841a34909185b81904c5337b4b27f7a6fd60c49e?s=96&d=mm&r=g","contentUrl":"https:\/\/secure.gravatar.com\/avatar\/fb81a55b6218459490a9c1dc841a34909185b81904c5337b4b27f7a6fd60c49e?s=96&d=mm&r=g","caption":"Lorenzo Verduzco"}}]}},"_links":{"self":[{"href":"https:\/\/interamerica.org\/es\/wp-json\/wp\/v2\/posts\/30280","targetHints":{"allow":["GET"]}}],"collection":[{"href":"https:\/\/interamerica.org\/es\/wp-json\/wp\/v2\/posts"}],"about":[{"href":"https:\/\/interamerica.org\/es\/wp-json\/wp\/v2\/types\/post"}],"author":[{"embeddable":true,"href":"https:\/\/interamerica.org\/es\/wp-json\/wp\/v2\/users\/1"}],"replies":[{"embeddable":true,"href":"https:\/\/interamerica.org\/es\/wp-json\/wp\/v2\/comments?post=30280"}],"version-history":[{"count":0,"href":"https:\/\/interamerica.org\/es\/wp-json\/wp\/v2\/posts\/30280\/revisions"}],"wp:featuredmedia":[{"embeddable":true,"href":"https:\/\/interamerica.org\/es\/wp-json\/wp\/v2\/media\/21739"}],"wp:attachment":[{"href":"https:\/\/interamerica.org\/es\/wp-json\/wp\/v2\/media?parent=30280"}],"wp:term":[{"taxonomy":"category","embeddable":true,"href":"https:\/\/interamerica.org\/es\/wp-json\/wp\/v2\/categories?post=30280"},{"taxonomy":"post_tag","embeddable":true,"href":"https:\/\/interamerica.org\/es\/wp-json\/wp\/v2\/tags?post=30280"}],"curies":[{"name":"wp","href":"https:\/\/api.w.org\/{rel}","templated":true}]}}