{"id":30340,"date":"2013-10-08T00:00:00","date_gmt":"2013-10-08T04:00:00","guid":{"rendered":"http:\/\/192.81.217.108\/interamerica\/2013\/10\/adra-ayuda-a-los-afectados-por-las-inundaciones-en-mexico-y-camboya\/"},"modified":"2013-10-08T00:00:00","modified_gmt":"2013-10-08T04:00:00","slug":"adra-ayuda-a-los-afectados-por-las-inundaciones-en-mexico-y-camboya","status":"publish","type":"post","link":"https:\/\/interamerica.org\/es\/2013\/10\/adra-ayuda-a-los-afectados-por-las-inundaciones-en-mexico-y-camboya\/","title":{"rendered":"ADRA ayuda a los afectados por las inundaciones en M\u00e9xico y Camboya"},"content":{"rendered":"<p>October 08, 2013 &#8211; Silver Spring, Maryland, United States&#8230;ANN staff<\/p>\n<div id=\"attachment_9457\" style=\"width: 410px\" class=\"wp-caption alignright\"><a href=\"\/interamerica\/wp-content\/uploads\/2017\/06\/csm_adra-mex-4x3_4d142885c8.gif\" rel=\"fancybox\" title=\"ADRA ayuda a los afectados por las inundaciones en M\u00e9xico y Camboya\"><img fetchpriority=\"high\" decoding=\"async\" aria-describedby=\"caption-attachment-9457\" class=\"size-full wp-image-9457\" title=\"csm_adra-mex-4x3_4d142885c8\" src=\"\/interamerica\/wp-content\/uploads\/2017\/06\/csm_adra-mex-4x3_4d142885c8.gif\" alt=\"\" width=\"400\" height=\"301\" \/><\/a><p id=\"caption-attachment-9457\" class=\"wp-caption-text\">La Agencia Adventista de Desarrollo y Recursos Asistenciales est\u00e1 distribuyendo art\u00edculos de primera necesidad entre los afectados por las inundaciones en M\u00e9xico. Imagen por cortes\u00eda de ADRA Internaciona\/ANN<\/p><\/div>\n<p>La Agencia Adventista de Desarrollo y Recursos Asistenciales est\u00e1 ayudando a los afectados por las inundaciones en Am\u00e9rica latina y el sudeste asi\u00e1tico, brind\u00e1ndoles alimentos y abrigo en coordinaci\u00f3n con agencias de los gobiernos locales y otras ONGs.<\/p>\n<p>En M\u00e9xico, dos tormentas tropicales provocaron inundaciones que afectaron a m\u00e1s de cuatrocientos mil personas y dejaron 139 muertes, seg\u00fan un funcionario de ese pa\u00eds. En Camboya, las inundaciones han afectado la vida de ochenta mil familias y provocado treinta muertos, afirm\u00f3 un funcionario de gesti\u00f3n de cat\u00e1strofes.<\/p>\n<p>ADRA M\u00e9xico ha ayudado a casi ocho mil personas. Los trabajadores de la agencia est\u00e1n colaborando con la Cruz Roja de M\u00e9xico y con agencias municipales para ofrecer alimentos, art\u00edculos de higiene y abrigo a los evacuados. ADRA trabaja en los estados de Guerrero, Veracruz, Tamaulipas y San Luis de Potos\u00ed.<\/p>\n<p>C\u00e9sar Hern\u00e1ndez Mercado, director de ADRA M\u00e9xico, dijo que la agencia se ha enfocado en las necesidades de los m\u00e1s vulnerables, pero que muchas comunidades a\u00fan esperan ayuda.<\/p>\n<p>\u201cApreciamos mucho la respuesta inmediata que hemos recibidos; sin embargo, hay personas que sufren en todos lados, y seguimos necesitando apoyo adicional\u201d, dijo Hern\u00e1ndez.<\/p>\n<p>ADRA Internacional y ADRA Divisi\u00f3n Interamericana han ofrecido apoyo financiero.<\/p>\n<p>En Camboya, ADRA ha creado sitios de distribuci\u00f3n para los inundados, donde puedan obtener los art\u00edculos de emergencia. Los afectados est\u00e1n recibiendo cajas con arroz, pescado y aceite. Se est\u00e1n distribuyendo toldos que sirven de refugios improvisados para las familias desplazadas. ADRA est\u00e1 trabajando en colaboraci\u00f3n con la Cruz Roja de Camboya, el Foro de Respuesta Humanitaria y las Comisiones Provinciales sobre Gesti\u00f3n de Desastres.<\/p>\n<p>El personal de ADRA llev\u00f3 suministros desde el centro de distribuci\u00f3n a los hogares de algunos ancianos que no pod\u00edan viajar al lugar. Chea Soeun, de la aldea de Krokor, en la provincial de Kratie, dijo que no esperaba recibir ninguna ayuda. \u201cEstoy sorprendida y tan agradecida por estos alimentos\u201d, dijo.<\/p>\n<p>Emanuel da Costa, director de Gesti\u00f3n de Emergencias de ADRA Internacional, dijo que la agencia seguir\u00e1 ayudando a las v\u00edctimas locales aun cuando las aguas se retiren.<\/p>\n<p>\u201cPedimos a ADRA y a la comunidad de la iglesia que sigan orando y apoy\u00e1ndonos en la tarea de asistir a M\u00e9xico y a Camboya, y de colaborar con la reconstrucci\u00f3n en las pr\u00f3ximas semanas y meses\u201d, dijo da Costa.<\/p>\n","protected":false},"excerpt":{"rendered":"<p>La Agencia Adventista de Desarrollo y Recursos Asistenciales est\u00e1 ayudando a los afectados por las inundaciones en Am\u00e9rica latina y el sudeste asi\u00e1tico, brind\u00e1ndoles alimentos y abrigo en coordinaci\u00f3n con agencias de los gobiernos locales y otras ONGs.<\/p>\n","protected":false},"author":1,"featured_media":22134,"comment_status":"closed","ping_status":"closed","sticky":false,"template":"","format":"standard","meta":{"_acf_changed":false,"footnotes":""},"categories":[14],"tags":[],"class_list":["post-30340","post","type-post","status-publish","format-standard","has-post-thumbnail","hentry","category-de-la-iglesia-mundial"],"acf":[],"yoast_head":"<!-- This site is optimized with the Yoast SEO plugin v27.3 - https:\/\/yoast.com\/product\/yoast-seo-wordpress\/ -->\n<title>ADRA ayuda a los afectados por las inundaciones en M\u00e9xico y Camboya - Iglesia Adventista del S\u00e9ptimo D\u00eda - Divisi\u00f3n Interamericana<\/title>\n<meta name=\"robots\" content=\"index, follow, max-snippet:-1, max-image-preview:large, max-video-preview:-1\" \/>\n<link rel=\"canonical\" href=\"https:\/\/interamerica.org\/es\/2013\/10\/adra-ayuda-a-los-afectados-por-las-inundaciones-en-mexico-y-camboya\/\" \/>\n<meta property=\"og:locale\" content=\"es_ES\" \/>\n<meta property=\"og:type\" content=\"article\" \/>\n<meta property=\"og:title\" content=\"ADRA ayuda a los afectados por las inundaciones en M\u00e9xico y Camboya - Iglesia Adventista del S\u00e9ptimo D\u00eda - Divisi\u00f3n Interamericana\" \/>\n<meta property=\"og:description\" content=\"La Agencia Adventista de Desarrollo y Recursos Asistenciales est\u00e1 ayudando a los afectados por las inundaciones en Am\u00e9rica latina y el sudeste asi\u00e1tico, brind\u00e1ndoles alimentos y abrigo en coordinaci\u00f3n con agencias de los gobiernos locales y otras ONGs.\" \/>\n<meta property=\"og:url\" content=\"https:\/\/interamerica.org\/es\/2013\/10\/adra-ayuda-a-los-afectados-por-las-inundaciones-en-mexico-y-camboya\/\" \/>\n<meta property=\"og:site_name\" content=\"Iglesia Adventista del S\u00e9ptimo D\u00eda - Divisi\u00f3n Interamericana\" \/>\n<meta property=\"article:published_time\" content=\"2013-10-08T04:00:00+00:00\" \/>\n<meta property=\"og:image\" content=\"https:\/\/interamerica.org\/wp-content\/uploads\/2017\/06\/csm_adra-mex-4x3_4d142885c8.gif\" \/>\n\t<meta property=\"og:image:width\" content=\"400\" \/>\n\t<meta property=\"og:image:height\" content=\"301\" \/>\n\t<meta property=\"og:image:type\" content=\"image\/gif\" \/>\n<meta name=\"author\" content=\"Lorenzo Verduzco\" \/>\n<meta name=\"twitter:card\" content=\"summary_large_image\" \/>\n<meta name=\"twitter:label1\" content=\"Escrito por\" \/>\n\t<meta name=\"twitter:data1\" content=\"Lorenzo Verduzco\" \/>\n\t<meta name=\"twitter:label2\" content=\"Tiempo de lectura\" \/>\n\t<meta name=\"twitter:data2\" content=\"2 minutos\" \/>\n<script type=\"application\/ld+json\" class=\"yoast-schema-graph\">{\"@context\":\"https:\\\/\\\/schema.org\",\"@graph\":[{\"@type\":\"Article\",\"@id\":\"https:\\\/\\\/interamerica.org\\\/es\\\/2013\\\/10\\\/adra-ayuda-a-los-afectados-por-las-inundaciones-en-mexico-y-camboya\\\/#article\",\"isPartOf\":{\"@id\":\"https:\\\/\\\/interamerica.org\\\/es\\\/2013\\\/10\\\/adra-ayuda-a-los-afectados-por-las-inundaciones-en-mexico-y-camboya\\\/\"},\"author\":{\"name\":\"Lorenzo Verduzco\",\"@id\":\"https:\\\/\\\/interamerica.org\\\/es\\\/#\\\/schema\\\/person\\\/68ede8bdc292885bb76c1e3810e73c39\"},\"headline\":\"ADRA ayuda a los afectados por las inundaciones en M\u00e9xico y Camboya\",\"datePublished\":\"2013-10-08T04:00:00+00:00\",\"mainEntityOfPage\":{\"@id\":\"https:\\\/\\\/interamerica.org\\\/es\\\/2013\\\/10\\\/adra-ayuda-a-los-afectados-por-las-inundaciones-en-mexico-y-camboya\\\/\"},\"wordCount\":477,\"image\":{\"@id\":\"https:\\\/\\\/interamerica.org\\\/es\\\/2013\\\/10\\\/adra-ayuda-a-los-afectados-por-las-inundaciones-en-mexico-y-camboya\\\/#primaryimage\"},\"thumbnailUrl\":\"https:\\\/\\\/interamerica.org\\\/wp-content\\\/uploads\\\/2017\\\/06\\\/csm_adra-mex-4x3_4d142885c8.gif\",\"articleSection\":[\"Desde la iglesia mundial\"],\"inLanguage\":\"es\"},{\"@type\":\"WebPage\",\"@id\":\"https:\\\/\\\/interamerica.org\\\/es\\\/2013\\\/10\\\/adra-ayuda-a-los-afectados-por-las-inundaciones-en-mexico-y-camboya\\\/\",\"url\":\"https:\\\/\\\/interamerica.org\\\/es\\\/2013\\\/10\\\/adra-ayuda-a-los-afectados-por-las-inundaciones-en-mexico-y-camboya\\\/\",\"name\":\"ADRA ayuda a los afectados por las inundaciones en M\u00e9xico y Camboya - Iglesia Adventista del S\u00e9ptimo D\u00eda - Divisi\u00f3n Interamericana\",\"isPartOf\":{\"@id\":\"https:\\\/\\\/interamerica.org\\\/es\\\/#website\"},\"primaryImageOfPage\":{\"@id\":\"https:\\\/\\\/interamerica.org\\\/es\\\/2013\\\/10\\\/adra-ayuda-a-los-afectados-por-las-inundaciones-en-mexico-y-camboya\\\/#primaryimage\"},\"image\":{\"@id\":\"https:\\\/\\\/interamerica.org\\\/es\\\/2013\\\/10\\\/adra-ayuda-a-los-afectados-por-las-inundaciones-en-mexico-y-camboya\\\/#primaryimage\"},\"thumbnailUrl\":\"https:\\\/\\\/interamerica.org\\\/wp-content\\\/uploads\\\/2017\\\/06\\\/csm_adra-mex-4x3_4d142885c8.gif\",\"datePublished\":\"2013-10-08T04:00:00+00:00\",\"author\":{\"@id\":\"https:\\\/\\\/interamerica.org\\\/es\\\/#\\\/schema\\\/person\\\/68ede8bdc292885bb76c1e3810e73c39\"},\"breadcrumb\":{\"@id\":\"https:\\\/\\\/interamerica.org\\\/es\\\/2013\\\/10\\\/adra-ayuda-a-los-afectados-por-las-inundaciones-en-mexico-y-camboya\\\/#breadcrumb\"},\"inLanguage\":\"es\",\"potentialAction\":[{\"@type\":\"ReadAction\",\"target\":[\"https:\\\/\\\/interamerica.org\\\/es\\\/2013\\\/10\\\/adra-ayuda-a-los-afectados-por-las-inundaciones-en-mexico-y-camboya\\\/\"]}]},{\"@type\":\"ImageObject\",\"inLanguage\":\"es\",\"@id\":\"https:\\\/\\\/interamerica.org\\\/es\\\/2013\\\/10\\\/adra-ayuda-a-los-afectados-por-las-inundaciones-en-mexico-y-camboya\\\/#primaryimage\",\"url\":\"https:\\\/\\\/interamerica.org\\\/wp-content\\\/uploads\\\/2017\\\/06\\\/csm_adra-mex-4x3_4d142885c8.gif\",\"contentUrl\":\"https:\\\/\\\/interamerica.org\\\/wp-content\\\/uploads\\\/2017\\\/06\\\/csm_adra-mex-4x3_4d142885c8.gif\",\"width\":400,\"height\":301},{\"@type\":\"BreadcrumbList\",\"@id\":\"https:\\\/\\\/interamerica.org\\\/es\\\/2013\\\/10\\\/adra-ayuda-a-los-afectados-por-las-inundaciones-en-mexico-y-camboya\\\/#breadcrumb\",\"itemListElement\":[{\"@type\":\"ListItem\",\"position\":1,\"name\":\"Home\",\"item\":\"https:\\\/\\\/interamerica.org\\\/es\\\/\"},{\"@type\":\"ListItem\",\"position\":2,\"name\":\"ADRA ayuda a los afectados por las inundaciones en M\u00e9xico y Camboya\"}]},{\"@type\":\"WebSite\",\"@id\":\"https:\\\/\\\/interamerica.org\\\/es\\\/#website\",\"url\":\"https:\\\/\\\/interamerica.org\\\/es\\\/\",\"name\":\"Iglesia Adventista del S\u00e9ptimo D\u00eda - Divisi\u00f3n Interamericana\",\"description\":\"\",\"potentialAction\":[{\"@type\":\"SearchAction\",\"target\":{\"@type\":\"EntryPoint\",\"urlTemplate\":\"https:\\\/\\\/interamerica.org\\\/es\\\/?s={search_term_string}\"},\"query-input\":{\"@type\":\"PropertyValueSpecification\",\"valueRequired\":true,\"valueName\":\"search_term_string\"}}],\"inLanguage\":\"es\"},{\"@type\":\"Person\",\"@id\":\"https:\\\/\\\/interamerica.org\\\/es\\\/#\\\/schema\\\/person\\\/68ede8bdc292885bb76c1e3810e73c39\",\"name\":\"Lorenzo Verduzco\",\"image\":{\"@type\":\"ImageObject\",\"inLanguage\":\"es\",\"@id\":\"https:\\\/\\\/secure.gravatar.com\\\/avatar\\\/fb81a55b6218459490a9c1dc841a34909185b81904c5337b4b27f7a6fd60c49e?s=96&d=mm&r=g\",\"url\":\"https:\\\/\\\/secure.gravatar.com\\\/avatar\\\/fb81a55b6218459490a9c1dc841a34909185b81904c5337b4b27f7a6fd60c49e?s=96&d=mm&r=g\",\"contentUrl\":\"https:\\\/\\\/secure.gravatar.com\\\/avatar\\\/fb81a55b6218459490a9c1dc841a34909185b81904c5337b4b27f7a6fd60c49e?s=96&d=mm&r=g\",\"caption\":\"Lorenzo Verduzco\"}}]}<\/script>\n<!-- \/ Yoast SEO plugin. -->","yoast_head_json":{"title":"ADRA ayuda a los afectados por las inundaciones en M\u00e9xico y Camboya - Iglesia Adventista del S\u00e9ptimo D\u00eda - Divisi\u00f3n Interamericana","robots":{"index":"index","follow":"follow","max-snippet":"max-snippet:-1","max-image-preview":"max-image-preview:large","max-video-preview":"max-video-preview:-1"},"canonical":"https:\/\/interamerica.org\/es\/2013\/10\/adra-ayuda-a-los-afectados-por-las-inundaciones-en-mexico-y-camboya\/","og_locale":"es_ES","og_type":"article","og_title":"ADRA ayuda a los afectados por las inundaciones en M\u00e9xico y Camboya - Iglesia Adventista del S\u00e9ptimo D\u00eda - Divisi\u00f3n Interamericana","og_description":"La Agencia Adventista de Desarrollo y Recursos Asistenciales est\u00e1 ayudando a los afectados por las inundaciones en Am\u00e9rica latina y el sudeste asi\u00e1tico, brind\u00e1ndoles alimentos y abrigo en coordinaci\u00f3n con agencias de los gobiernos locales y otras ONGs.","og_url":"https:\/\/interamerica.org\/es\/2013\/10\/adra-ayuda-a-los-afectados-por-las-inundaciones-en-mexico-y-camboya\/","og_site_name":"Iglesia Adventista del S\u00e9ptimo D\u00eda - Divisi\u00f3n Interamericana","article_published_time":"2013-10-08T04:00:00+00:00","og_image":[{"width":400,"height":301,"url":"https:\/\/interamerica.org\/wp-content\/uploads\/2017\/06\/csm_adra-mex-4x3_4d142885c8.gif","type":"image\/gif"}],"author":"Lorenzo Verduzco","twitter_card":"summary_large_image","twitter_misc":{"Escrito por":"Lorenzo Verduzco","Tiempo de lectura":"2 minutos"},"schema":{"@context":"https:\/\/schema.org","@graph":[{"@type":"Article","@id":"https:\/\/interamerica.org\/es\/2013\/10\/adra-ayuda-a-los-afectados-por-las-inundaciones-en-mexico-y-camboya\/#article","isPartOf":{"@id":"https:\/\/interamerica.org\/es\/2013\/10\/adra-ayuda-a-los-afectados-por-las-inundaciones-en-mexico-y-camboya\/"},"author":{"name":"Lorenzo Verduzco","@id":"https:\/\/interamerica.org\/es\/#\/schema\/person\/68ede8bdc292885bb76c1e3810e73c39"},"headline":"ADRA ayuda a los afectados por las inundaciones en M\u00e9xico y Camboya","datePublished":"2013-10-08T04:00:00+00:00","mainEntityOfPage":{"@id":"https:\/\/interamerica.org\/es\/2013\/10\/adra-ayuda-a-los-afectados-por-las-inundaciones-en-mexico-y-camboya\/"},"wordCount":477,"image":{"@id":"https:\/\/interamerica.org\/es\/2013\/10\/adra-ayuda-a-los-afectados-por-las-inundaciones-en-mexico-y-camboya\/#primaryimage"},"thumbnailUrl":"https:\/\/interamerica.org\/wp-content\/uploads\/2017\/06\/csm_adra-mex-4x3_4d142885c8.gif","articleSection":["Desde la iglesia mundial"],"inLanguage":"es"},{"@type":"WebPage","@id":"https:\/\/interamerica.org\/es\/2013\/10\/adra-ayuda-a-los-afectados-por-las-inundaciones-en-mexico-y-camboya\/","url":"https:\/\/interamerica.org\/es\/2013\/10\/adra-ayuda-a-los-afectados-por-las-inundaciones-en-mexico-y-camboya\/","name":"ADRA ayuda a los afectados por las inundaciones en M\u00e9xico y Camboya - Iglesia Adventista del S\u00e9ptimo D\u00eda - Divisi\u00f3n Interamericana","isPartOf":{"@id":"https:\/\/interamerica.org\/es\/#website"},"primaryImageOfPage":{"@id":"https:\/\/interamerica.org\/es\/2013\/10\/adra-ayuda-a-los-afectados-por-las-inundaciones-en-mexico-y-camboya\/#primaryimage"},"image":{"@id":"https:\/\/interamerica.org\/es\/2013\/10\/adra-ayuda-a-los-afectados-por-las-inundaciones-en-mexico-y-camboya\/#primaryimage"},"thumbnailUrl":"https:\/\/interamerica.org\/wp-content\/uploads\/2017\/06\/csm_adra-mex-4x3_4d142885c8.gif","datePublished":"2013-10-08T04:00:00+00:00","author":{"@id":"https:\/\/interamerica.org\/es\/#\/schema\/person\/68ede8bdc292885bb76c1e3810e73c39"},"breadcrumb":{"@id":"https:\/\/interamerica.org\/es\/2013\/10\/adra-ayuda-a-los-afectados-por-las-inundaciones-en-mexico-y-camboya\/#breadcrumb"},"inLanguage":"es","potentialAction":[{"@type":"ReadAction","target":["https:\/\/interamerica.org\/es\/2013\/10\/adra-ayuda-a-los-afectados-por-las-inundaciones-en-mexico-y-camboya\/"]}]},{"@type":"ImageObject","inLanguage":"es","@id":"https:\/\/interamerica.org\/es\/2013\/10\/adra-ayuda-a-los-afectados-por-las-inundaciones-en-mexico-y-camboya\/#primaryimage","url":"https:\/\/interamerica.org\/wp-content\/uploads\/2017\/06\/csm_adra-mex-4x3_4d142885c8.gif","contentUrl":"https:\/\/interamerica.org\/wp-content\/uploads\/2017\/06\/csm_adra-mex-4x3_4d142885c8.gif","width":400,"height":301},{"@type":"BreadcrumbList","@id":"https:\/\/interamerica.org\/es\/2013\/10\/adra-ayuda-a-los-afectados-por-las-inundaciones-en-mexico-y-camboya\/#breadcrumb","itemListElement":[{"@type":"ListItem","position":1,"name":"Home","item":"https:\/\/interamerica.org\/es\/"},{"@type":"ListItem","position":2,"name":"ADRA ayuda a los afectados por las inundaciones en M\u00e9xico y Camboya"}]},{"@type":"WebSite","@id":"https:\/\/interamerica.org\/es\/#website","url":"https:\/\/interamerica.org\/es\/","name":"Iglesia Adventista del S\u00e9ptimo D\u00eda - Divisi\u00f3n Interamericana","description":"","potentialAction":[{"@type":"SearchAction","target":{"@type":"EntryPoint","urlTemplate":"https:\/\/interamerica.org\/es\/?s={search_term_string}"},"query-input":{"@type":"PropertyValueSpecification","valueRequired":true,"valueName":"search_term_string"}}],"inLanguage":"es"},{"@type":"Person","@id":"https:\/\/interamerica.org\/es\/#\/schema\/person\/68ede8bdc292885bb76c1e3810e73c39","name":"Lorenzo Verduzco","image":{"@type":"ImageObject","inLanguage":"es","@id":"https:\/\/secure.gravatar.com\/avatar\/fb81a55b6218459490a9c1dc841a34909185b81904c5337b4b27f7a6fd60c49e?s=96&d=mm&r=g","url":"https:\/\/secure.gravatar.com\/avatar\/fb81a55b6218459490a9c1dc841a34909185b81904c5337b4b27f7a6fd60c49e?s=96&d=mm&r=g","contentUrl":"https:\/\/secure.gravatar.com\/avatar\/fb81a55b6218459490a9c1dc841a34909185b81904c5337b4b27f7a6fd60c49e?s=96&d=mm&r=g","caption":"Lorenzo Verduzco"}}]}},"_links":{"self":[{"href":"https:\/\/interamerica.org\/es\/wp-json\/wp\/v2\/posts\/30340","targetHints":{"allow":["GET"]}}],"collection":[{"href":"https:\/\/interamerica.org\/es\/wp-json\/wp\/v2\/posts"}],"about":[{"href":"https:\/\/interamerica.org\/es\/wp-json\/wp\/v2\/types\/post"}],"author":[{"embeddable":true,"href":"https:\/\/interamerica.org\/es\/wp-json\/wp\/v2\/users\/1"}],"replies":[{"embeddable":true,"href":"https:\/\/interamerica.org\/es\/wp-json\/wp\/v2\/comments?post=30340"}],"version-history":[{"count":0,"href":"https:\/\/interamerica.org\/es\/wp-json\/wp\/v2\/posts\/30340\/revisions"}],"wp:featuredmedia":[{"embeddable":true,"href":"https:\/\/interamerica.org\/es\/wp-json\/wp\/v2\/media\/22134"}],"wp:attachment":[{"href":"https:\/\/interamerica.org\/es\/wp-json\/wp\/v2\/media?parent=30340"}],"wp:term":[{"taxonomy":"category","embeddable":true,"href":"https:\/\/interamerica.org\/es\/wp-json\/wp\/v2\/categories?post=30340"},{"taxonomy":"post_tag","embeddable":true,"href":"https:\/\/interamerica.org\/es\/wp-json\/wp\/v2\/tags?post=30340"}],"curies":[{"name":"wp","href":"https:\/\/api.w.org\/{rel}","templated":true}]}}