{"id":30396,"date":"2014-01-05T00:00:00","date_gmt":"2014-01-05T04:00:00","guid":{"rendered":"http:\/\/192.81.217.108\/interamerica\/2014\/01\/delincuentes-informaticos-sustraen-fondos-de-la-iglesia-adventista\/"},"modified":"2014-01-05T00:00:00","modified_gmt":"2014-01-05T04:00:00","slug":"delincuentes-informaticos-sustraen-fondos-de-la-iglesia-adventista","status":"publish","type":"post","link":"https:\/\/interamerica.org\/es\/2014\/01\/delincuentes-informaticos-sustraen-fondos-de-la-iglesia-adventista\/","title":{"rendered":"Delincuentes inform\u00e1ticos sustraen fondos de la Iglesia Adventista"},"content":{"rendered":"<p>2 de enero de 2014 &#8211; Silver Spring, Maryland, Estados Unidos | Autor: ANN<\/p>\n<div id=\"attachment_10222\" style=\"width: 310px\" class=\"wp-caption alignright\"><a href=\"\/interamerica\/wp-content\/uploads\/2017\/06\/csm_gc-building-feat_b39c9db5f8.jpg\" rel=\"fancybox\" title=\"Delincuentes inform\u00e1ticos sustraen fondos de la Iglesia Adventista\"><img fetchpriority=\"high\" decoding=\"async\" aria-describedby=\"caption-attachment-10222\" class=\"size-medium wp-image-10222\" src=\"\/interamerica\/wp-content\/uploads\/2017\/06\/csm_gc-building-feat_b39c9db5f8-300x225.jpg\" alt=\"\" width=\"300\" height=\"225\" \/><\/a><p id=\"caption-attachment-10222\" class=\"wp-caption-text\">Imagen de la Red de Noticias Adventistas<\/p><\/div>\n<p>La sede central de la Iglesia Adventista del S\u00e9ptimo D\u00eda ha sido v\u00edctima de un robo inform\u00e1tico que estaf\u00f3 a la iglesia sustray\u00e9ndole aproximadamente medio mill\u00f3n de d\u00f3lares. El robo afect\u00f3 a fondos que estaban siendo transferidos a una entidad de la denominaci\u00f3n.<\/p>\n<p>Los directivos de la iglesia est\u00e1n cooperando con las autoridades en la investigaci\u00f3n en curso. Al mismo tiempo, est\u00e1n trabajando con los bancos y las compa\u00f1\u00edas aseguradoras para determinar qu\u00e9 cantidad de ese monto se podr\u00eda recuperar. Aunque por el momento no puede ser descartada, no existen indicaciones de que haya existido alguna participaci\u00f3n de alguno de los empleados de la sede central.<\/p>\n<p>\u201cEn este delito, no se ha visto afectada ni se ha tenido acceso a la informaci\u00f3n personal de las personas, tales como los datos personales, los registros personales de donantes o las cuentas internas\u201d, asegur\u00f3 Bob Lemon, tesorero de la denominaci\u00f3n. \u201cEstamos modificando los procedimientos para asegurarnos de hacer lo mejor para que esto no vuelva a suceder\u201d.<\/p>\n<p>La feligres\u00eda de la Iglesia Adventista del S\u00e9ptimo D\u00eda alcanz\u00f3 oficialmente los 18 millones de miembros el mes pasado. La denominaci\u00f3n se encuentra presente en m\u00e1s de doscientos pa\u00edses.<\/p>\n<p><em>Traducci\u00f3n de Marcos Paseggi<\/em><\/p>\n","protected":false},"excerpt":{"rendered":"<p>La sede central de la Iglesia Adventista del S\u00e9ptimo D\u00eda ha sido v\u00edctima de un robo inform\u00e1tico que estaf\u00f3 a la iglesia sustray\u00e9ndole aproximadamente medio mill\u00f3n de d\u00f3lares. El robo afect\u00f3 a fondos que estaban siendo transferidos a una entidad de la denominaci\u00f3n.<\/p>\n","protected":false},"author":1,"featured_media":22433,"comment_status":"closed","ping_status":"closed","sticky":false,"template":"","format":"standard","meta":{"_acf_changed":false,"footnotes":""},"categories":[14],"tags":[],"class_list":["post-30396","post","type-post","status-publish","format-standard","has-post-thumbnail","hentry","category-de-la-iglesia-mundial"],"acf":[],"yoast_head":"<!-- This site is optimized with the Yoast SEO plugin v27.3 - https:\/\/yoast.com\/product\/yoast-seo-wordpress\/ -->\n<title>Delincuentes inform\u00e1ticos sustraen fondos de la Iglesia Adventista - Iglesia Adventista del S\u00e9ptimo D\u00eda - Divisi\u00f3n Interamericana<\/title>\n<meta name=\"robots\" content=\"index, follow, max-snippet:-1, max-image-preview:large, max-video-preview:-1\" \/>\n<link rel=\"canonical\" href=\"https:\/\/interamerica.org\/es\/2014\/01\/delincuentes-informaticos-sustraen-fondos-de-la-iglesia-adventista\/\" \/>\n<meta property=\"og:locale\" content=\"es_ES\" \/>\n<meta property=\"og:type\" content=\"article\" \/>\n<meta property=\"og:title\" content=\"Delincuentes inform\u00e1ticos sustraen fondos de la Iglesia Adventista - Iglesia Adventista del S\u00e9ptimo D\u00eda - Divisi\u00f3n Interamericana\" \/>\n<meta property=\"og:description\" content=\"La sede central de la Iglesia Adventista del S\u00e9ptimo D\u00eda ha sido v\u00edctima de un robo inform\u00e1tico que estaf\u00f3 a la iglesia sustray\u00e9ndole aproximadamente medio mill\u00f3n de d\u00f3lares. El robo afect\u00f3 a fondos que estaban siendo transferidos a una entidad de la denominaci\u00f3n.\" \/>\n<meta property=\"og:url\" content=\"https:\/\/interamerica.org\/es\/2014\/01\/delincuentes-informaticos-sustraen-fondos-de-la-iglesia-adventista\/\" \/>\n<meta property=\"og:site_name\" content=\"Iglesia Adventista del S\u00e9ptimo D\u00eda - Divisi\u00f3n Interamericana\" \/>\n<meta property=\"article:published_time\" content=\"2014-01-05T04:00:00+00:00\" \/>\n<meta property=\"og:image\" content=\"https:\/\/interamerica.org\/wp-content\/uploads\/2017\/06\/csm_gc-building-feat_b39c9db5f8.jpg\" \/>\n\t<meta property=\"og:image:width\" content=\"400\" \/>\n\t<meta property=\"og:image:height\" content=\"300\" \/>\n\t<meta property=\"og:image:type\" content=\"image\/jpeg\" \/>\n<meta name=\"author\" content=\"Lorenzo Verduzco\" \/>\n<meta name=\"twitter:card\" content=\"summary_large_image\" \/>\n<meta name=\"twitter:label1\" content=\"Escrito por\" \/>\n\t<meta name=\"twitter:data1\" content=\"Lorenzo Verduzco\" \/>\n\t<meta name=\"twitter:label2\" content=\"Tiempo de lectura\" \/>\n\t<meta name=\"twitter:data2\" content=\"1 minuto\" \/>\n<script type=\"application\/ld+json\" class=\"yoast-schema-graph\">{\"@context\":\"https:\\\/\\\/schema.org\",\"@graph\":[{\"@type\":\"Article\",\"@id\":\"https:\\\/\\\/interamerica.org\\\/es\\\/2014\\\/01\\\/delincuentes-informaticos-sustraen-fondos-de-la-iglesia-adventista\\\/#article\",\"isPartOf\":{\"@id\":\"https:\\\/\\\/interamerica.org\\\/es\\\/2014\\\/01\\\/delincuentes-informaticos-sustraen-fondos-de-la-iglesia-adventista\\\/\"},\"author\":{\"name\":\"Lorenzo Verduzco\",\"@id\":\"https:\\\/\\\/interamerica.org\\\/es\\\/#\\\/schema\\\/person\\\/68ede8bdc292885bb76c1e3810e73c39\"},\"headline\":\"Delincuentes inform\u00e1ticos sustraen fondos de la Iglesia Adventista\",\"datePublished\":\"2014-01-05T04:00:00+00:00\",\"mainEntityOfPage\":{\"@id\":\"https:\\\/\\\/interamerica.org\\\/es\\\/2014\\\/01\\\/delincuentes-informaticos-sustraen-fondos-de-la-iglesia-adventista\\\/\"},\"wordCount\":253,\"image\":{\"@id\":\"https:\\\/\\\/interamerica.org\\\/es\\\/2014\\\/01\\\/delincuentes-informaticos-sustraen-fondos-de-la-iglesia-adventista\\\/#primaryimage\"},\"thumbnailUrl\":\"https:\\\/\\\/interamerica.org\\\/wp-content\\\/uploads\\\/2017\\\/06\\\/csm_gc-building-feat_b39c9db5f8.jpg\",\"articleSection\":[\"Desde la iglesia mundial\"],\"inLanguage\":\"es\"},{\"@type\":\"WebPage\",\"@id\":\"https:\\\/\\\/interamerica.org\\\/es\\\/2014\\\/01\\\/delincuentes-informaticos-sustraen-fondos-de-la-iglesia-adventista\\\/\",\"url\":\"https:\\\/\\\/interamerica.org\\\/es\\\/2014\\\/01\\\/delincuentes-informaticos-sustraen-fondos-de-la-iglesia-adventista\\\/\",\"name\":\"Delincuentes inform\u00e1ticos sustraen fondos de la Iglesia Adventista - Iglesia Adventista del S\u00e9ptimo D\u00eda - Divisi\u00f3n Interamericana\",\"isPartOf\":{\"@id\":\"https:\\\/\\\/interamerica.org\\\/es\\\/#website\"},\"primaryImageOfPage\":{\"@id\":\"https:\\\/\\\/interamerica.org\\\/es\\\/2014\\\/01\\\/delincuentes-informaticos-sustraen-fondos-de-la-iglesia-adventista\\\/#primaryimage\"},\"image\":{\"@id\":\"https:\\\/\\\/interamerica.org\\\/es\\\/2014\\\/01\\\/delincuentes-informaticos-sustraen-fondos-de-la-iglesia-adventista\\\/#primaryimage\"},\"thumbnailUrl\":\"https:\\\/\\\/interamerica.org\\\/wp-content\\\/uploads\\\/2017\\\/06\\\/csm_gc-building-feat_b39c9db5f8.jpg\",\"datePublished\":\"2014-01-05T04:00:00+00:00\",\"author\":{\"@id\":\"https:\\\/\\\/interamerica.org\\\/es\\\/#\\\/schema\\\/person\\\/68ede8bdc292885bb76c1e3810e73c39\"},\"breadcrumb\":{\"@id\":\"https:\\\/\\\/interamerica.org\\\/es\\\/2014\\\/01\\\/delincuentes-informaticos-sustraen-fondos-de-la-iglesia-adventista\\\/#breadcrumb\"},\"inLanguage\":\"es\",\"potentialAction\":[{\"@type\":\"ReadAction\",\"target\":[\"https:\\\/\\\/interamerica.org\\\/es\\\/2014\\\/01\\\/delincuentes-informaticos-sustraen-fondos-de-la-iglesia-adventista\\\/\"]}]},{\"@type\":\"ImageObject\",\"inLanguage\":\"es\",\"@id\":\"https:\\\/\\\/interamerica.org\\\/es\\\/2014\\\/01\\\/delincuentes-informaticos-sustraen-fondos-de-la-iglesia-adventista\\\/#primaryimage\",\"url\":\"https:\\\/\\\/interamerica.org\\\/wp-content\\\/uploads\\\/2017\\\/06\\\/csm_gc-building-feat_b39c9db5f8.jpg\",\"contentUrl\":\"https:\\\/\\\/interamerica.org\\\/wp-content\\\/uploads\\\/2017\\\/06\\\/csm_gc-building-feat_b39c9db5f8.jpg\",\"width\":400,\"height\":300},{\"@type\":\"BreadcrumbList\",\"@id\":\"https:\\\/\\\/interamerica.org\\\/es\\\/2014\\\/01\\\/delincuentes-informaticos-sustraen-fondos-de-la-iglesia-adventista\\\/#breadcrumb\",\"itemListElement\":[{\"@type\":\"ListItem\",\"position\":1,\"name\":\"Home\",\"item\":\"https:\\\/\\\/interamerica.org\\\/es\\\/\"},{\"@type\":\"ListItem\",\"position\":2,\"name\":\"Delincuentes inform\u00e1ticos sustraen fondos de la Iglesia Adventista\"}]},{\"@type\":\"WebSite\",\"@id\":\"https:\\\/\\\/interamerica.org\\\/es\\\/#website\",\"url\":\"https:\\\/\\\/interamerica.org\\\/es\\\/\",\"name\":\"Iglesia Adventista del S\u00e9ptimo D\u00eda - Divisi\u00f3n Interamericana\",\"description\":\"\",\"potentialAction\":[{\"@type\":\"SearchAction\",\"target\":{\"@type\":\"EntryPoint\",\"urlTemplate\":\"https:\\\/\\\/interamerica.org\\\/es\\\/?s={search_term_string}\"},\"query-input\":{\"@type\":\"PropertyValueSpecification\",\"valueRequired\":true,\"valueName\":\"search_term_string\"}}],\"inLanguage\":\"es\"},{\"@type\":\"Person\",\"@id\":\"https:\\\/\\\/interamerica.org\\\/es\\\/#\\\/schema\\\/person\\\/68ede8bdc292885bb76c1e3810e73c39\",\"name\":\"Lorenzo Verduzco\",\"image\":{\"@type\":\"ImageObject\",\"inLanguage\":\"es\",\"@id\":\"https:\\\/\\\/secure.gravatar.com\\\/avatar\\\/fb81a55b6218459490a9c1dc841a34909185b81904c5337b4b27f7a6fd60c49e?s=96&d=mm&r=g\",\"url\":\"https:\\\/\\\/secure.gravatar.com\\\/avatar\\\/fb81a55b6218459490a9c1dc841a34909185b81904c5337b4b27f7a6fd60c49e?s=96&d=mm&r=g\",\"contentUrl\":\"https:\\\/\\\/secure.gravatar.com\\\/avatar\\\/fb81a55b6218459490a9c1dc841a34909185b81904c5337b4b27f7a6fd60c49e?s=96&d=mm&r=g\",\"caption\":\"Lorenzo Verduzco\"}}]}<\/script>\n<!-- \/ Yoast SEO plugin. -->","yoast_head_json":{"title":"Delincuentes inform\u00e1ticos sustraen fondos de la Iglesia Adventista - Iglesia Adventista del S\u00e9ptimo D\u00eda - Divisi\u00f3n Interamericana","robots":{"index":"index","follow":"follow","max-snippet":"max-snippet:-1","max-image-preview":"max-image-preview:large","max-video-preview":"max-video-preview:-1"},"canonical":"https:\/\/interamerica.org\/es\/2014\/01\/delincuentes-informaticos-sustraen-fondos-de-la-iglesia-adventista\/","og_locale":"es_ES","og_type":"article","og_title":"Delincuentes inform\u00e1ticos sustraen fondos de la Iglesia Adventista - Iglesia Adventista del S\u00e9ptimo D\u00eda - Divisi\u00f3n Interamericana","og_description":"La sede central de la Iglesia Adventista del S\u00e9ptimo D\u00eda ha sido v\u00edctima de un robo inform\u00e1tico que estaf\u00f3 a la iglesia sustray\u00e9ndole aproximadamente medio mill\u00f3n de d\u00f3lares. El robo afect\u00f3 a fondos que estaban siendo transferidos a una entidad de la denominaci\u00f3n.","og_url":"https:\/\/interamerica.org\/es\/2014\/01\/delincuentes-informaticos-sustraen-fondos-de-la-iglesia-adventista\/","og_site_name":"Iglesia Adventista del S\u00e9ptimo D\u00eda - Divisi\u00f3n Interamericana","article_published_time":"2014-01-05T04:00:00+00:00","og_image":[{"width":400,"height":300,"url":"https:\/\/interamerica.org\/wp-content\/uploads\/2017\/06\/csm_gc-building-feat_b39c9db5f8.jpg","type":"image\/jpeg"}],"author":"Lorenzo Verduzco","twitter_card":"summary_large_image","twitter_misc":{"Escrito por":"Lorenzo Verduzco","Tiempo de lectura":"1 minuto"},"schema":{"@context":"https:\/\/schema.org","@graph":[{"@type":"Article","@id":"https:\/\/interamerica.org\/es\/2014\/01\/delincuentes-informaticos-sustraen-fondos-de-la-iglesia-adventista\/#article","isPartOf":{"@id":"https:\/\/interamerica.org\/es\/2014\/01\/delincuentes-informaticos-sustraen-fondos-de-la-iglesia-adventista\/"},"author":{"name":"Lorenzo Verduzco","@id":"https:\/\/interamerica.org\/es\/#\/schema\/person\/68ede8bdc292885bb76c1e3810e73c39"},"headline":"Delincuentes inform\u00e1ticos sustraen fondos de la Iglesia Adventista","datePublished":"2014-01-05T04:00:00+00:00","mainEntityOfPage":{"@id":"https:\/\/interamerica.org\/es\/2014\/01\/delincuentes-informaticos-sustraen-fondos-de-la-iglesia-adventista\/"},"wordCount":253,"image":{"@id":"https:\/\/interamerica.org\/es\/2014\/01\/delincuentes-informaticos-sustraen-fondos-de-la-iglesia-adventista\/#primaryimage"},"thumbnailUrl":"https:\/\/interamerica.org\/wp-content\/uploads\/2017\/06\/csm_gc-building-feat_b39c9db5f8.jpg","articleSection":["Desde la iglesia mundial"],"inLanguage":"es"},{"@type":"WebPage","@id":"https:\/\/interamerica.org\/es\/2014\/01\/delincuentes-informaticos-sustraen-fondos-de-la-iglesia-adventista\/","url":"https:\/\/interamerica.org\/es\/2014\/01\/delincuentes-informaticos-sustraen-fondos-de-la-iglesia-adventista\/","name":"Delincuentes inform\u00e1ticos sustraen fondos de la Iglesia Adventista - Iglesia Adventista del S\u00e9ptimo D\u00eda - Divisi\u00f3n Interamericana","isPartOf":{"@id":"https:\/\/interamerica.org\/es\/#website"},"primaryImageOfPage":{"@id":"https:\/\/interamerica.org\/es\/2014\/01\/delincuentes-informaticos-sustraen-fondos-de-la-iglesia-adventista\/#primaryimage"},"image":{"@id":"https:\/\/interamerica.org\/es\/2014\/01\/delincuentes-informaticos-sustraen-fondos-de-la-iglesia-adventista\/#primaryimage"},"thumbnailUrl":"https:\/\/interamerica.org\/wp-content\/uploads\/2017\/06\/csm_gc-building-feat_b39c9db5f8.jpg","datePublished":"2014-01-05T04:00:00+00:00","author":{"@id":"https:\/\/interamerica.org\/es\/#\/schema\/person\/68ede8bdc292885bb76c1e3810e73c39"},"breadcrumb":{"@id":"https:\/\/interamerica.org\/es\/2014\/01\/delincuentes-informaticos-sustraen-fondos-de-la-iglesia-adventista\/#breadcrumb"},"inLanguage":"es","potentialAction":[{"@type":"ReadAction","target":["https:\/\/interamerica.org\/es\/2014\/01\/delincuentes-informaticos-sustraen-fondos-de-la-iglesia-adventista\/"]}]},{"@type":"ImageObject","inLanguage":"es","@id":"https:\/\/interamerica.org\/es\/2014\/01\/delincuentes-informaticos-sustraen-fondos-de-la-iglesia-adventista\/#primaryimage","url":"https:\/\/interamerica.org\/wp-content\/uploads\/2017\/06\/csm_gc-building-feat_b39c9db5f8.jpg","contentUrl":"https:\/\/interamerica.org\/wp-content\/uploads\/2017\/06\/csm_gc-building-feat_b39c9db5f8.jpg","width":400,"height":300},{"@type":"BreadcrumbList","@id":"https:\/\/interamerica.org\/es\/2014\/01\/delincuentes-informaticos-sustraen-fondos-de-la-iglesia-adventista\/#breadcrumb","itemListElement":[{"@type":"ListItem","position":1,"name":"Home","item":"https:\/\/interamerica.org\/es\/"},{"@type":"ListItem","position":2,"name":"Delincuentes inform\u00e1ticos sustraen fondos de la Iglesia Adventista"}]},{"@type":"WebSite","@id":"https:\/\/interamerica.org\/es\/#website","url":"https:\/\/interamerica.org\/es\/","name":"Iglesia Adventista del S\u00e9ptimo D\u00eda - Divisi\u00f3n Interamericana","description":"","potentialAction":[{"@type":"SearchAction","target":{"@type":"EntryPoint","urlTemplate":"https:\/\/interamerica.org\/es\/?s={search_term_string}"},"query-input":{"@type":"PropertyValueSpecification","valueRequired":true,"valueName":"search_term_string"}}],"inLanguage":"es"},{"@type":"Person","@id":"https:\/\/interamerica.org\/es\/#\/schema\/person\/68ede8bdc292885bb76c1e3810e73c39","name":"Lorenzo Verduzco","image":{"@type":"ImageObject","inLanguage":"es","@id":"https:\/\/secure.gravatar.com\/avatar\/fb81a55b6218459490a9c1dc841a34909185b81904c5337b4b27f7a6fd60c49e?s=96&d=mm&r=g","url":"https:\/\/secure.gravatar.com\/avatar\/fb81a55b6218459490a9c1dc841a34909185b81904c5337b4b27f7a6fd60c49e?s=96&d=mm&r=g","contentUrl":"https:\/\/secure.gravatar.com\/avatar\/fb81a55b6218459490a9c1dc841a34909185b81904c5337b4b27f7a6fd60c49e?s=96&d=mm&r=g","caption":"Lorenzo Verduzco"}}]}},"_links":{"self":[{"href":"https:\/\/interamerica.org\/es\/wp-json\/wp\/v2\/posts\/30396","targetHints":{"allow":["GET"]}}],"collection":[{"href":"https:\/\/interamerica.org\/es\/wp-json\/wp\/v2\/posts"}],"about":[{"href":"https:\/\/interamerica.org\/es\/wp-json\/wp\/v2\/types\/post"}],"author":[{"embeddable":true,"href":"https:\/\/interamerica.org\/es\/wp-json\/wp\/v2\/users\/1"}],"replies":[{"embeddable":true,"href":"https:\/\/interamerica.org\/es\/wp-json\/wp\/v2\/comments?post=30396"}],"version-history":[{"count":0,"href":"https:\/\/interamerica.org\/es\/wp-json\/wp\/v2\/posts\/30396\/revisions"}],"wp:featuredmedia":[{"embeddable":true,"href":"https:\/\/interamerica.org\/es\/wp-json\/wp\/v2\/media\/22433"}],"wp:attachment":[{"href":"https:\/\/interamerica.org\/es\/wp-json\/wp\/v2\/media?parent=30396"}],"wp:term":[{"taxonomy":"category","embeddable":true,"href":"https:\/\/interamerica.org\/es\/wp-json\/wp\/v2\/categories?post=30396"},{"taxonomy":"post_tag","embeddable":true,"href":"https:\/\/interamerica.org\/es\/wp-json\/wp\/v2\/tags?post=30396"}],"curies":[{"name":"wp","href":"https:\/\/api.w.org\/{rel}","templated":true}]}}