{"id":30399,"date":"2014-01-07T00:00:00","date_gmt":"2014-01-07T04:00:00","guid":{"rendered":"http:\/\/192.81.217.108\/interamerica\/2014\/01\/confirmada-la-defuncion-de-misionero-adventista-canadiense-dicen-los-informes-mediaticos\/"},"modified":"2014-01-07T00:00:00","modified_gmt":"2014-01-07T04:00:00","slug":"confirmada-la-defuncion-de-misionero-adventista-canadiense-dicen-los-informes-mediaticos","status":"publish","type":"post","link":"https:\/\/interamerica.org\/es\/2014\/01\/confirmada-la-defuncion-de-misionero-adventista-canadiense-dicen-los-informes-mediaticos\/","title":{"rendered":"Confirmada la defunci\u00f3n de misionero adventista canadiense, dicen los informes medi\u00e1ticos."},"content":{"rendered":"<p>6 de enero de 2014 &#8211; Silver Spring, Maryland, Estados Unidos&#8230;Personal de la Revista Adventista<\/p>\n<p>Los reportes medi\u00e1ticos confirmaron el 2 de enero la defunci\u00f3n de un misionero adventista canadiense desaparecido en Belice desde hac\u00eda una semana. Brian Townsend, un misionero en la zona de Valle de Paz, en Belice, desapareci\u00f3 el 24 de diciembre de 2013. Un cuerpo encontrado en el vecino pa\u00eds de Guatemala ha sido identificado como el de Brian Townsend, quien ten\u00eda 64 a\u00f1os, de acuerdo con un informe de CBC Edmonton.<\/p>\n<div id=\"attachment_10245\" style=\"width: 310px\" class=\"wp-caption alignright\"><a href=\"\/interamerica\/wp-content\/uploads\/2017\/06\/csm_townsend-web_cf77e17e5c.jpg\" rel=\"fancybox\" title=\"Confirmada la defunci\u00f3n de misionero adventista canadiense, dicen los informes medi\u00e1ticos.\"><img fetchpriority=\"high\" decoding=\"async\" aria-describedby=\"caption-attachment-10245\" class=\"size-medium wp-image-10245\" src=\"\/interamerica\/wp-content\/uploads\/2017\/06\/csm_townsend-web_cf77e17e5c-300x207.jpg\" alt=\"\" width=\"300\" height=\"207\" \/><\/a><p id=\"caption-attachment-10245\" class=\"wp-caption-text\">Brian Townsend, un misionero adventista de origen canadiense que viv\u00eda en la zona central de Belice y que desapareci\u00f3 el 24 de diciembre pasado, cuyo deceso fue confirmado por los reportes medi\u00e1ticos. Imagen por ANN<\/p><\/div>\n<p>\u00abSe ha hecho una identificaci\u00f3n formal\u00bb, dijo a CBC el oficial belice\u00f1o a cargo, Dinsdale Thompson, en una historia puesta en su sitio web. \u00abSabemos por cierto que se trata de un homicidio y estamos viendo en esa direacci\u00f3n, as\u00ed como el motivo del asesinato y la raz\u00f3n del mismo\u00bb. El reportaje canadiense dice que la polic\u00eda en Belice ha identificado a dos sospechosos y est\u00e1 trabajando en su b\u00fasqueda, en conjunto con las autoridades guatemaltecas.<\/p>\n<p>En un mensaje a trav\u00e9s de Facebook, la ma\u00f1ana del 3 de enero, Mark Johnson, presidente de la Iglesia Adventista del S\u00e9ptimo D\u00eda, en Canad\u00e1, dijo: \u00abTenemos presente en nuestros pensamientos y oraciones a la familia de Brian y a todos aquellos cuya vida fue tocada por \u00e9l, tanto en Belice como aqu\u00ed en Canad\u00e1. Dedic\u00f3 toda su energ\u00eda al proyecto en Belice. Se le va a extra\u00f1ar en extremo\u00bb.<\/p>\n<p>La noche de Navidad, la cocinera y vecina de Brian Townsend vio pasar el veh\u00edculo de \u00e9ste con un colch\u00f3n y una alfombra enrollada, en direcci\u00f3n a la salida del pueblo. La ma\u00f1ana siguiente, cuando lleg\u00f3 a su casa a trabajar, de dio cuenta que no estaba el veh\u00edculo. Al entrar a la casa de una sola habitaci\u00f3n, descubri\u00f3 que el lugar hab\u00eda sido totalmente desvalijado. Afuera, aproximadamente a unos cinco metros de la casa, \u00abhab\u00eda sangre y hab\u00eda dos machetes en el lugar donde hab\u00edan forcejeado\u00bb, dijo Juan Arias, vicepresidente de Valle de Paz, quien se present\u00f3 en la escena poco despu\u00e9s de que se dio por desaparecido a Brian. Dijo adem\u00e1s que aparentemente lo conminaron a abrir la puerta y \u00e9l lo hizo, porque no aparece como si se hubiera forzado la entrada.<\/p>\n<p>La polic\u00eda ha trabajado tambi\u00e9n en conjunto con el consulado de Canad\u00e1, y con Kory Townsend, el hijo mayor de Brian, quien viaj\u00f3 desde su hogar en el oeste de Canad\u00e1 para ayudar en la b\u00fasqueda de su padre desaparecido.<\/p>\n<p>Brian Townsend se mud\u00f3 de Canad\u00e1 a Belice para construir en Belice la escuela secundaria adventista Valle de Paz y permaneci\u00f3 en ese lugar despu\u00e9s de terminada la construcci\u00f3n. \u00abEstaba haciendo muchas cosas, ten\u00eda un par de proyectos. Construy\u00f3 una escuela y en los \u00faltimos a\u00f1os estaba formando una escuela vocacional, con cosas como jardiner\u00eda y una carpinter\u00eda\u00bb, dijo Kory Townsend, quien a\u00f1adi\u00f3: \u00abHay muy pocas personas que pueden hacer su sue\u00f1o realidad o lograr un blanco propuesto y hacerlo suyo con la pasi\u00f3n con que \u00e9l lo hizo. Su hijo Kory reconoci\u00f3 tambi\u00e9n la dedicaci\u00f3n de su padre a la fe y comunidad adventista del s\u00e9ptimo d\u00eda. \u00abLo que vivi\u00f3 aqu\u00ed era para \u00e9l un estilo de vida y no solamente un proyecto o una misi\u00f3n\u00bb.<\/p>\n<p>De acuerdo con Dennis Slusher, presidente de la Iglesia Adventista del S\u00e9ptimo D\u00eda en Belice, \u201cBrian Townsend vino a trabajar en la comunidad Valle de Paz, ayudando a construir una escuela y una iglesia que cuenta ahora con unos 50 miembros. Se qued\u00f3 aqu\u00ed despu\u00e9s de terminada la construcci\u00f3n y continu\u00f3 trabajando en favor del mejoramiento de la comunidad local\u00bb.<\/p>\n<p>El 30 de diciembre, Kory Townsend, accompa\u00f1ado por Patricia St. Jean y el Equipo de Rescate y Respuesta a Desastres, de Belice, visit\u00f3 la casa de su padre en Belice y se uni\u00f3 a los esfuerzos en su b\u00fasqueda. Mientras estuvo en la casa, llegaron vecinos y miembros de la iglesia adventista local para decirle lo que Brian Townsend signific\u00f3 para ellos.<\/p>\n<p>\u00abBrian era un verdadero modelo para m\u00ed; me ense\u00f1\u00f3 mucho acerca del trabajo misionero\u00bb, dijo Miguel Ico, un anciano de iglesia local. \u00abA trav\u00e9s de sus esfuerzos, se construy\u00f3 la escuela secundaria adventista de Valle de Paz\u00bb.<\/p>\n<p>Enrique Depaz fue tambi\u00e9n beneficiario de la bondad de Brian Townsend. Viv\u00eda en la casa de Brian de una sola habitaci\u00f3n, pero no estaba en la ciudad cuando desapareci\u00f3 Brian. Enrique lo describe como \u00abun hombre muy positivo, muy inteligente, que siempre le estaba diciendo a la gente como practicar el estilo de vida cristiano\u00bb. Lo recuerda como un hombre fuerte que confiaba plenamente en su fe. \u00abNunca demostr\u00f3 tener miedo a algo, porque siempre confiaba en Dios\u00bb. Otras personas contaron historias similares. Kory Townsend cuenta acerca de un vecino que le dijo que acababan de ponerle nombre a su hijo reci\u00e9n nacido en honor de Brian Townsend.<\/p>\n<p>La noche del 2 de enero del presente, Ian Townsend, yerno de Brian, quien organiz\u00f3 los esfuerzos de la familia a trav\u00e9s de Facebook, escribi\u00f3: \u00abCon gran dolor de nuestro coraz\u00f3n les informamos que el cuerpo encontrado en Guatemala es el de Brian Townsend. Deseamos hacerles saber cu\u00e1nto ha significado para nosotros su apoyo y oraciones recibidos de parte de todos ustedes\u00bb.<\/p>\n<p>\u2014con informaci\u00f3n adicional de Tim Wolfer<\/p>\n<p>Traducido por Gloria A. Castrej\u00f3n<\/p>\n","protected":false},"excerpt":{"rendered":"<p>Los reportes medi\u00e1ticos confirmaron el 2 de enero la defunci\u00f3n de un misionero adventista canadiense desaparecido en Belice desde hac\u00eda una semana. Brian Townsend, un misionero en la zona de Valle de Paz, en Belice, desapareci\u00f3 el 24 de diciembre de 2013.<\/p>\n","protected":false},"author":1,"featured_media":22454,"comment_status":"closed","ping_status":"closed","sticky":false,"template":"","format":"standard","meta":{"_acf_changed":false,"footnotes":""},"categories":[14],"tags":[],"class_list":["post-30399","post","type-post","status-publish","format-standard","has-post-thumbnail","hentry","category-de-la-iglesia-mundial"],"acf":[],"yoast_head":"<!-- This site is optimized with the Yoast SEO plugin v27.3 - https:\/\/yoast.com\/product\/yoast-seo-wordpress\/ -->\n<title>Confirmada la defunci\u00f3n de misionero adventista canadiense, dicen los informes medi\u00e1ticos. - Iglesia Adventista del S\u00e9ptimo D\u00eda - Divisi\u00f3n Interamericana<\/title>\n<meta name=\"robots\" content=\"index, follow, max-snippet:-1, max-image-preview:large, max-video-preview:-1\" \/>\n<link rel=\"canonical\" href=\"https:\/\/interamerica.org\/es\/2014\/01\/confirmada-la-defuncion-de-misionero-adventista-canadiense-dicen-los-informes-mediaticos\/\" \/>\n<meta property=\"og:locale\" content=\"es_ES\" \/>\n<meta property=\"og:type\" content=\"article\" \/>\n<meta property=\"og:title\" content=\"Confirmada la defunci\u00f3n de misionero adventista canadiense, dicen los informes medi\u00e1ticos. - Iglesia Adventista del S\u00e9ptimo D\u00eda - Divisi\u00f3n Interamericana\" \/>\n<meta property=\"og:description\" content=\"Los reportes medi\u00e1ticos confirmaron el 2 de enero la defunci\u00f3n de un misionero adventista canadiense desaparecido en Belice desde hac\u00eda una semana. Brian Townsend, un misionero en la zona de Valle de Paz, en Belice, desapareci\u00f3 el 24 de diciembre de 2013.\" \/>\n<meta property=\"og:url\" content=\"https:\/\/interamerica.org\/es\/2014\/01\/confirmada-la-defuncion-de-misionero-adventista-canadiense-dicen-los-informes-mediaticos\/\" \/>\n<meta property=\"og:site_name\" content=\"Iglesia Adventista del S\u00e9ptimo D\u00eda - Divisi\u00f3n Interamericana\" \/>\n<meta property=\"article:published_time\" content=\"2014-01-07T04:00:00+00:00\" \/>\n<meta property=\"og:image\" content=\"https:\/\/interamerica.org\/wp-content\/uploads\/2017\/06\/csm_townsend-web_cf77e17e5c.jpg\" \/>\n\t<meta property=\"og:image:width\" content=\"400\" \/>\n\t<meta property=\"og:image:height\" content=\"277\" \/>\n\t<meta property=\"og:image:type\" content=\"image\/jpeg\" \/>\n<meta name=\"author\" content=\"Lorenzo Verduzco\" \/>\n<meta name=\"twitter:card\" content=\"summary_large_image\" \/>\n<meta name=\"twitter:label1\" content=\"Escrito por\" \/>\n\t<meta name=\"twitter:data1\" content=\"Lorenzo Verduzco\" \/>\n\t<meta name=\"twitter:label2\" content=\"Tiempo de lectura\" \/>\n\t<meta name=\"twitter:data2\" content=\"5 minutos\" \/>\n<script type=\"application\/ld+json\" class=\"yoast-schema-graph\">{\"@context\":\"https:\\\/\\\/schema.org\",\"@graph\":[{\"@type\":\"Article\",\"@id\":\"https:\\\/\\\/interamerica.org\\\/es\\\/2014\\\/01\\\/confirmada-la-defuncion-de-misionero-adventista-canadiense-dicen-los-informes-mediaticos\\\/#article\",\"isPartOf\":{\"@id\":\"https:\\\/\\\/interamerica.org\\\/es\\\/2014\\\/01\\\/confirmada-la-defuncion-de-misionero-adventista-canadiense-dicen-los-informes-mediaticos\\\/\"},\"author\":{\"name\":\"Lorenzo Verduzco\",\"@id\":\"https:\\\/\\\/interamerica.org\\\/es\\\/#\\\/schema\\\/person\\\/68ede8bdc292885bb76c1e3810e73c39\"},\"headline\":\"Confirmada la defunci\u00f3n de misionero adventista canadiense, dicen los informes medi\u00e1ticos.\",\"datePublished\":\"2014-01-07T04:00:00+00:00\",\"mainEntityOfPage\":{\"@id\":\"https:\\\/\\\/interamerica.org\\\/es\\\/2014\\\/01\\\/confirmada-la-defuncion-de-misionero-adventista-canadiense-dicen-los-informes-mediaticos\\\/\"},\"wordCount\":984,\"image\":{\"@id\":\"https:\\\/\\\/interamerica.org\\\/es\\\/2014\\\/01\\\/confirmada-la-defuncion-de-misionero-adventista-canadiense-dicen-los-informes-mediaticos\\\/#primaryimage\"},\"thumbnailUrl\":\"https:\\\/\\\/interamerica.org\\\/wp-content\\\/uploads\\\/2017\\\/06\\\/csm_townsend-web_cf77e17e5c.jpg\",\"articleSection\":[\"Desde la iglesia mundial\"],\"inLanguage\":\"es\"},{\"@type\":\"WebPage\",\"@id\":\"https:\\\/\\\/interamerica.org\\\/es\\\/2014\\\/01\\\/confirmada-la-defuncion-de-misionero-adventista-canadiense-dicen-los-informes-mediaticos\\\/\",\"url\":\"https:\\\/\\\/interamerica.org\\\/es\\\/2014\\\/01\\\/confirmada-la-defuncion-de-misionero-adventista-canadiense-dicen-los-informes-mediaticos\\\/\",\"name\":\"Confirmada la defunci\u00f3n de misionero adventista canadiense, dicen los informes medi\u00e1ticos. - Iglesia Adventista del S\u00e9ptimo D\u00eda - Divisi\u00f3n Interamericana\",\"isPartOf\":{\"@id\":\"https:\\\/\\\/interamerica.org\\\/es\\\/#website\"},\"primaryImageOfPage\":{\"@id\":\"https:\\\/\\\/interamerica.org\\\/es\\\/2014\\\/01\\\/confirmada-la-defuncion-de-misionero-adventista-canadiense-dicen-los-informes-mediaticos\\\/#primaryimage\"},\"image\":{\"@id\":\"https:\\\/\\\/interamerica.org\\\/es\\\/2014\\\/01\\\/confirmada-la-defuncion-de-misionero-adventista-canadiense-dicen-los-informes-mediaticos\\\/#primaryimage\"},\"thumbnailUrl\":\"https:\\\/\\\/interamerica.org\\\/wp-content\\\/uploads\\\/2017\\\/06\\\/csm_townsend-web_cf77e17e5c.jpg\",\"datePublished\":\"2014-01-07T04:00:00+00:00\",\"author\":{\"@id\":\"https:\\\/\\\/interamerica.org\\\/es\\\/#\\\/schema\\\/person\\\/68ede8bdc292885bb76c1e3810e73c39\"},\"breadcrumb\":{\"@id\":\"https:\\\/\\\/interamerica.org\\\/es\\\/2014\\\/01\\\/confirmada-la-defuncion-de-misionero-adventista-canadiense-dicen-los-informes-mediaticos\\\/#breadcrumb\"},\"inLanguage\":\"es\",\"potentialAction\":[{\"@type\":\"ReadAction\",\"target\":[\"https:\\\/\\\/interamerica.org\\\/es\\\/2014\\\/01\\\/confirmada-la-defuncion-de-misionero-adventista-canadiense-dicen-los-informes-mediaticos\\\/\"]}]},{\"@type\":\"ImageObject\",\"inLanguage\":\"es\",\"@id\":\"https:\\\/\\\/interamerica.org\\\/es\\\/2014\\\/01\\\/confirmada-la-defuncion-de-misionero-adventista-canadiense-dicen-los-informes-mediaticos\\\/#primaryimage\",\"url\":\"https:\\\/\\\/interamerica.org\\\/wp-content\\\/uploads\\\/2017\\\/06\\\/csm_townsend-web_cf77e17e5c.jpg\",\"contentUrl\":\"https:\\\/\\\/interamerica.org\\\/wp-content\\\/uploads\\\/2017\\\/06\\\/csm_townsend-web_cf77e17e5c.jpg\",\"width\":400,\"height\":277},{\"@type\":\"BreadcrumbList\",\"@id\":\"https:\\\/\\\/interamerica.org\\\/es\\\/2014\\\/01\\\/confirmada-la-defuncion-de-misionero-adventista-canadiense-dicen-los-informes-mediaticos\\\/#breadcrumb\",\"itemListElement\":[{\"@type\":\"ListItem\",\"position\":1,\"name\":\"Home\",\"item\":\"https:\\\/\\\/interamerica.org\\\/es\\\/\"},{\"@type\":\"ListItem\",\"position\":2,\"name\":\"Confirmada la defunci\u00f3n de misionero adventista canadiense, dicen los informes medi\u00e1ticos.\"}]},{\"@type\":\"WebSite\",\"@id\":\"https:\\\/\\\/interamerica.org\\\/es\\\/#website\",\"url\":\"https:\\\/\\\/interamerica.org\\\/es\\\/\",\"name\":\"Iglesia Adventista del S\u00e9ptimo D\u00eda - Divisi\u00f3n Interamericana\",\"description\":\"\",\"potentialAction\":[{\"@type\":\"SearchAction\",\"target\":{\"@type\":\"EntryPoint\",\"urlTemplate\":\"https:\\\/\\\/interamerica.org\\\/es\\\/?s={search_term_string}\"},\"query-input\":{\"@type\":\"PropertyValueSpecification\",\"valueRequired\":true,\"valueName\":\"search_term_string\"}}],\"inLanguage\":\"es\"},{\"@type\":\"Person\",\"@id\":\"https:\\\/\\\/interamerica.org\\\/es\\\/#\\\/schema\\\/person\\\/68ede8bdc292885bb76c1e3810e73c39\",\"name\":\"Lorenzo Verduzco\",\"image\":{\"@type\":\"ImageObject\",\"inLanguage\":\"es\",\"@id\":\"https:\\\/\\\/secure.gravatar.com\\\/avatar\\\/fb81a55b6218459490a9c1dc841a34909185b81904c5337b4b27f7a6fd60c49e?s=96&d=mm&r=g\",\"url\":\"https:\\\/\\\/secure.gravatar.com\\\/avatar\\\/fb81a55b6218459490a9c1dc841a34909185b81904c5337b4b27f7a6fd60c49e?s=96&d=mm&r=g\",\"contentUrl\":\"https:\\\/\\\/secure.gravatar.com\\\/avatar\\\/fb81a55b6218459490a9c1dc841a34909185b81904c5337b4b27f7a6fd60c49e?s=96&d=mm&r=g\",\"caption\":\"Lorenzo Verduzco\"}}]}<\/script>\n<!-- \/ Yoast SEO plugin. -->","yoast_head_json":{"title":"Confirmada la defunci\u00f3n de misionero adventista canadiense, dicen los informes medi\u00e1ticos. - Iglesia Adventista del S\u00e9ptimo D\u00eda - Divisi\u00f3n Interamericana","robots":{"index":"index","follow":"follow","max-snippet":"max-snippet:-1","max-image-preview":"max-image-preview:large","max-video-preview":"max-video-preview:-1"},"canonical":"https:\/\/interamerica.org\/es\/2014\/01\/confirmada-la-defuncion-de-misionero-adventista-canadiense-dicen-los-informes-mediaticos\/","og_locale":"es_ES","og_type":"article","og_title":"Confirmada la defunci\u00f3n de misionero adventista canadiense, dicen los informes medi\u00e1ticos. - Iglesia Adventista del S\u00e9ptimo D\u00eda - Divisi\u00f3n Interamericana","og_description":"Los reportes medi\u00e1ticos confirmaron el 2 de enero la defunci\u00f3n de un misionero adventista canadiense desaparecido en Belice desde hac\u00eda una semana. Brian Townsend, un misionero en la zona de Valle de Paz, en Belice, desapareci\u00f3 el 24 de diciembre de 2013.","og_url":"https:\/\/interamerica.org\/es\/2014\/01\/confirmada-la-defuncion-de-misionero-adventista-canadiense-dicen-los-informes-mediaticos\/","og_site_name":"Iglesia Adventista del S\u00e9ptimo D\u00eda - Divisi\u00f3n Interamericana","article_published_time":"2014-01-07T04:00:00+00:00","og_image":[{"width":400,"height":277,"url":"https:\/\/interamerica.org\/wp-content\/uploads\/2017\/06\/csm_townsend-web_cf77e17e5c.jpg","type":"image\/jpeg"}],"author":"Lorenzo Verduzco","twitter_card":"summary_large_image","twitter_misc":{"Escrito por":"Lorenzo Verduzco","Tiempo de lectura":"5 minutos"},"schema":{"@context":"https:\/\/schema.org","@graph":[{"@type":"Article","@id":"https:\/\/interamerica.org\/es\/2014\/01\/confirmada-la-defuncion-de-misionero-adventista-canadiense-dicen-los-informes-mediaticos\/#article","isPartOf":{"@id":"https:\/\/interamerica.org\/es\/2014\/01\/confirmada-la-defuncion-de-misionero-adventista-canadiense-dicen-los-informes-mediaticos\/"},"author":{"name":"Lorenzo Verduzco","@id":"https:\/\/interamerica.org\/es\/#\/schema\/person\/68ede8bdc292885bb76c1e3810e73c39"},"headline":"Confirmada la defunci\u00f3n de misionero adventista canadiense, dicen los informes medi\u00e1ticos.","datePublished":"2014-01-07T04:00:00+00:00","mainEntityOfPage":{"@id":"https:\/\/interamerica.org\/es\/2014\/01\/confirmada-la-defuncion-de-misionero-adventista-canadiense-dicen-los-informes-mediaticos\/"},"wordCount":984,"image":{"@id":"https:\/\/interamerica.org\/es\/2014\/01\/confirmada-la-defuncion-de-misionero-adventista-canadiense-dicen-los-informes-mediaticos\/#primaryimage"},"thumbnailUrl":"https:\/\/interamerica.org\/wp-content\/uploads\/2017\/06\/csm_townsend-web_cf77e17e5c.jpg","articleSection":["Desde la iglesia mundial"],"inLanguage":"es"},{"@type":"WebPage","@id":"https:\/\/interamerica.org\/es\/2014\/01\/confirmada-la-defuncion-de-misionero-adventista-canadiense-dicen-los-informes-mediaticos\/","url":"https:\/\/interamerica.org\/es\/2014\/01\/confirmada-la-defuncion-de-misionero-adventista-canadiense-dicen-los-informes-mediaticos\/","name":"Confirmada la defunci\u00f3n de misionero adventista canadiense, dicen los informes medi\u00e1ticos. - Iglesia Adventista del S\u00e9ptimo D\u00eda - Divisi\u00f3n Interamericana","isPartOf":{"@id":"https:\/\/interamerica.org\/es\/#website"},"primaryImageOfPage":{"@id":"https:\/\/interamerica.org\/es\/2014\/01\/confirmada-la-defuncion-de-misionero-adventista-canadiense-dicen-los-informes-mediaticos\/#primaryimage"},"image":{"@id":"https:\/\/interamerica.org\/es\/2014\/01\/confirmada-la-defuncion-de-misionero-adventista-canadiense-dicen-los-informes-mediaticos\/#primaryimage"},"thumbnailUrl":"https:\/\/interamerica.org\/wp-content\/uploads\/2017\/06\/csm_townsend-web_cf77e17e5c.jpg","datePublished":"2014-01-07T04:00:00+00:00","author":{"@id":"https:\/\/interamerica.org\/es\/#\/schema\/person\/68ede8bdc292885bb76c1e3810e73c39"},"breadcrumb":{"@id":"https:\/\/interamerica.org\/es\/2014\/01\/confirmada-la-defuncion-de-misionero-adventista-canadiense-dicen-los-informes-mediaticos\/#breadcrumb"},"inLanguage":"es","potentialAction":[{"@type":"ReadAction","target":["https:\/\/interamerica.org\/es\/2014\/01\/confirmada-la-defuncion-de-misionero-adventista-canadiense-dicen-los-informes-mediaticos\/"]}]},{"@type":"ImageObject","inLanguage":"es","@id":"https:\/\/interamerica.org\/es\/2014\/01\/confirmada-la-defuncion-de-misionero-adventista-canadiense-dicen-los-informes-mediaticos\/#primaryimage","url":"https:\/\/interamerica.org\/wp-content\/uploads\/2017\/06\/csm_townsend-web_cf77e17e5c.jpg","contentUrl":"https:\/\/interamerica.org\/wp-content\/uploads\/2017\/06\/csm_townsend-web_cf77e17e5c.jpg","width":400,"height":277},{"@type":"BreadcrumbList","@id":"https:\/\/interamerica.org\/es\/2014\/01\/confirmada-la-defuncion-de-misionero-adventista-canadiense-dicen-los-informes-mediaticos\/#breadcrumb","itemListElement":[{"@type":"ListItem","position":1,"name":"Home","item":"https:\/\/interamerica.org\/es\/"},{"@type":"ListItem","position":2,"name":"Confirmada la defunci\u00f3n de misionero adventista canadiense, dicen los informes medi\u00e1ticos."}]},{"@type":"WebSite","@id":"https:\/\/interamerica.org\/es\/#website","url":"https:\/\/interamerica.org\/es\/","name":"Iglesia Adventista del S\u00e9ptimo D\u00eda - Divisi\u00f3n Interamericana","description":"","potentialAction":[{"@type":"SearchAction","target":{"@type":"EntryPoint","urlTemplate":"https:\/\/interamerica.org\/es\/?s={search_term_string}"},"query-input":{"@type":"PropertyValueSpecification","valueRequired":true,"valueName":"search_term_string"}}],"inLanguage":"es"},{"@type":"Person","@id":"https:\/\/interamerica.org\/es\/#\/schema\/person\/68ede8bdc292885bb76c1e3810e73c39","name":"Lorenzo Verduzco","image":{"@type":"ImageObject","inLanguage":"es","@id":"https:\/\/secure.gravatar.com\/avatar\/fb81a55b6218459490a9c1dc841a34909185b81904c5337b4b27f7a6fd60c49e?s=96&d=mm&r=g","url":"https:\/\/secure.gravatar.com\/avatar\/fb81a55b6218459490a9c1dc841a34909185b81904c5337b4b27f7a6fd60c49e?s=96&d=mm&r=g","contentUrl":"https:\/\/secure.gravatar.com\/avatar\/fb81a55b6218459490a9c1dc841a34909185b81904c5337b4b27f7a6fd60c49e?s=96&d=mm&r=g","caption":"Lorenzo Verduzco"}}]}},"_links":{"self":[{"href":"https:\/\/interamerica.org\/es\/wp-json\/wp\/v2\/posts\/30399","targetHints":{"allow":["GET"]}}],"collection":[{"href":"https:\/\/interamerica.org\/es\/wp-json\/wp\/v2\/posts"}],"about":[{"href":"https:\/\/interamerica.org\/es\/wp-json\/wp\/v2\/types\/post"}],"author":[{"embeddable":true,"href":"https:\/\/interamerica.org\/es\/wp-json\/wp\/v2\/users\/1"}],"replies":[{"embeddable":true,"href":"https:\/\/interamerica.org\/es\/wp-json\/wp\/v2\/comments?post=30399"}],"version-history":[{"count":0,"href":"https:\/\/interamerica.org\/es\/wp-json\/wp\/v2\/posts\/30399\/revisions"}],"wp:featuredmedia":[{"embeddable":true,"href":"https:\/\/interamerica.org\/es\/wp-json\/wp\/v2\/media\/22454"}],"wp:attachment":[{"href":"https:\/\/interamerica.org\/es\/wp-json\/wp\/v2\/media?parent=30399"}],"wp:term":[{"taxonomy":"category","embeddable":true,"href":"https:\/\/interamerica.org\/es\/wp-json\/wp\/v2\/categories?post=30399"},{"taxonomy":"post_tag","embeddable":true,"href":"https:\/\/interamerica.org\/es\/wp-json\/wp\/v2\/tags?post=30399"}],"curies":[{"name":"wp","href":"https:\/\/api.w.org\/{rel}","templated":true}]}}