{"id":30400,"date":"2014-01-09T00:00:00","date_gmt":"2014-01-09T04:00:00","guid":{"rendered":"http:\/\/192.81.217.108\/interamerica\/2014\/01\/en-malawi-un-rayo-mato-a-ocho-miembros-de-iglesia-el-ultimo-sabado-del-2013\/"},"modified":"2014-01-09T00:00:00","modified_gmt":"2014-01-09T04:00:00","slug":"en-malawi-un-rayo-mato-a-ocho-miembros-de-iglesia-el-ultimo-sabado-del-2013","status":"publish","type":"post","link":"https:\/\/interamerica.org\/es\/2014\/01\/en-malawi-un-rayo-mato-a-ocho-miembros-de-iglesia-el-ultimo-sabado-del-2013\/","title":{"rendered":"En Malawi, un rayo mat\u00f3 a ocho miembros de iglesia el \u00faltimo s\u00e1bado del 2013"},"content":{"rendered":"<p>8 de enero de 2014 &#8211; Lilongwe, Malawi&#8230;Autor: Eaton Kanyandula\/personal ANN<\/p>\n<div id=\"attachment_10278\" style=\"width: 310px\" class=\"wp-caption alignleft\"><a href=\"\/interamerica\/wp-content\/uploads\/2017\/06\/csm_mal-inside_50307bb137.jpg\" rel=\"fancybox\" title=\"En Malawi, un rayo mat\u00f3 a ocho miembros de iglesia el \u00faltimo s\u00e1bado del 2013\"><img fetchpriority=\"high\" decoding=\"async\" aria-describedby=\"caption-attachment-10278\" class=\"size-medium wp-image-10278\" src=\"\/interamerica\/wp-content\/uploads\/2017\/06\/csm_mal-inside_50307bb137-300x217.jpg\" alt=\"\" width=\"300\" height=\"217\" \/><\/a><p id=\"caption-attachment-10278\" class=\"wp-caption-text\">Frackson Kuyama, presidente de la Uni\u00f3n Misi\u00f3n Malawi, de la Iglesia Adventista, habla el 30 de diciembre en el funeral de ocho miembros de iglesia que murieron v\u00edctimas de un rayo dos d\u00edas antes. Cientos de miembros de la comunidad y oficiales de gobierno asistieron al funeral. Sentado a la izquierda e una silla roja, se observa al vicepresidente de Malawi, Khumbo Kachali. Imagen cortes\u00eda de la Uni\u00f3n de Malawi.<\/p><\/div>\n<p>El \u00faltimo s\u00e1bado del 2013, fue un d\u00eda tr\u00e1gico para la Iglesia Adventista del S\u00e9ptimo D\u00eda en la naci\u00f3n sudafricana de Malawi, cuando un rayo cay\u00f3 sobre una congregaci\u00f3n, matando a ocho feligreses e hiriendo a veintenas m\u00e1s.<\/p>\n<p>La descarga el\u00e9ctrica cay\u00f3 sobre la Iglesia Adventista del S\u00e9ptimo D\u00eda de Chisiyo en la ciudad capital de Lilongwe, poco despu\u00e9s de una tormenta, la tarde del 28 de diciembre, dejando inconscientes a la mayor\u00eda de los 200 feligreses. Aquellos que quedaron lastimados fueron llevados a un hospital a unos 26 kil\u00f3metros de distancia.<\/p>\n<p>Se confirm\u00f3 el fallecimiento de ocho feligreses, incluyendo cuatro miembros de la Sociedad Dorcas y cuatro j\u00f3venes JA. Uno de ellos era un miembro de un grupo de cantantes que estaban visitando la iglesia y hab\u00edan venido para conducir un programa musical.<\/p>\n<p>El servicio del s\u00e1bado se ampli\u00f3 para incluir el rito de Comuni\u00f3n y una ceremonia de transferencia de liderazgo.<\/p>\n<p>Miembros adventistas de otras partes de la ciudad se apresuraron a acudir a la escena para ofrecer ayuda, incluyendo dinero y apoyo emocional.<\/p>\n<p>El gobierno de Malawi respondi\u00f3 tambi\u00e9n proveyendo alimentos, transporte y otras cosas necesarias para el funeral.<\/p>\n<p>Cientos de miembros de la comunidad y funcionarios de gobierno asistieron a la ceremonia f\u00fanebre el 30 de diciembre.<\/p>\n<p>\u201cContinuemos orando por las familias enlutadas y por los miembros de la iglesia adventista de Chisiyo\u201d, dijo M.S.J. Kadyakapita, profesor de la Universidad Adventista de Malawi. \u201cOremos porque las reuniones en la iglesia no provoquen asociaciones y recuerdos dolorosos y pavorosos entre nuestros miembros\u00bb.<\/p>\n<p>Hay aproximadamente unos 393,000 miembros de la Iglesia Adventista en Malawi.<\/p>\n<p>Traducci\u00f3n por Gloria A. Castrej\u00f3n<\/p>\n","protected":false},"excerpt":{"rendered":"<p>El \u00faltimo s\u00e1bado del 2013, fue un d\u00eda tr\u00e1gico para la Iglesia Adventista del S\u00e9ptimo D\u00eda en la naci\u00f3n sudafricana de Malawi, cuando un rayo cay\u00f3 sobre una congregaci\u00f3n, matando a ocho feligreses e hiriendo a veintenas m\u00e1s.<\/p>\n","protected":false},"author":1,"featured_media":22458,"comment_status":"closed","ping_status":"closed","sticky":false,"template":"","format":"standard","meta":{"_acf_changed":false,"footnotes":""},"categories":[14],"tags":[],"class_list":["post-30400","post","type-post","status-publish","format-standard","has-post-thumbnail","hentry","category-de-la-iglesia-mundial"],"acf":[],"yoast_head":"<!-- This site is optimized with the Yoast SEO plugin v27.3 - https:\/\/yoast.com\/product\/yoast-seo-wordpress\/ -->\n<title>En Malawi, un rayo mat\u00f3 a ocho miembros de iglesia el \u00faltimo s\u00e1bado del 2013 - Iglesia Adventista del S\u00e9ptimo D\u00eda - Divisi\u00f3n Interamericana<\/title>\n<meta name=\"robots\" content=\"index, follow, max-snippet:-1, max-image-preview:large, max-video-preview:-1\" \/>\n<link rel=\"canonical\" href=\"https:\/\/interamerica.org\/es\/2014\/01\/en-malawi-un-rayo-mato-a-ocho-miembros-de-iglesia-el-ultimo-sabado-del-2013\/\" \/>\n<meta property=\"og:locale\" content=\"es_ES\" \/>\n<meta property=\"og:type\" content=\"article\" \/>\n<meta property=\"og:title\" content=\"En Malawi, un rayo mat\u00f3 a ocho miembros de iglesia el \u00faltimo s\u00e1bado del 2013 - Iglesia Adventista del S\u00e9ptimo D\u00eda - Divisi\u00f3n Interamericana\" \/>\n<meta property=\"og:description\" content=\"El \u00faltimo s\u00e1bado del 2013, fue un d\u00eda tr\u00e1gico para la Iglesia Adventista del S\u00e9ptimo D\u00eda en la naci\u00f3n sudafricana de Malawi, cuando un rayo cay\u00f3 sobre una congregaci\u00f3n, matando a ocho feligreses e hiriendo a veintenas m\u00e1s.\" \/>\n<meta property=\"og:url\" content=\"https:\/\/interamerica.org\/es\/2014\/01\/en-malawi-un-rayo-mato-a-ocho-miembros-de-iglesia-el-ultimo-sabado-del-2013\/\" \/>\n<meta property=\"og:site_name\" content=\"Iglesia Adventista del S\u00e9ptimo D\u00eda - Divisi\u00f3n Interamericana\" \/>\n<meta property=\"article:published_time\" content=\"2014-01-09T04:00:00+00:00\" \/>\n<meta property=\"og:image\" content=\"https:\/\/interamerica.org\/wp-content\/uploads\/2017\/06\/csm_mal-inside_50307bb137.jpg\" \/>\n\t<meta property=\"og:image:width\" content=\"400\" \/>\n\t<meta property=\"og:image:height\" content=\"290\" \/>\n\t<meta property=\"og:image:type\" content=\"image\/jpeg\" \/>\n<meta name=\"author\" content=\"Lorenzo Verduzco\" \/>\n<meta name=\"twitter:card\" content=\"summary_large_image\" \/>\n<meta name=\"twitter:label1\" content=\"Escrito por\" \/>\n\t<meta name=\"twitter:data1\" content=\"Lorenzo Verduzco\" \/>\n\t<meta name=\"twitter:label2\" content=\"Tiempo de lectura\" \/>\n\t<meta name=\"twitter:data2\" content=\"2 minutos\" \/>\n<script type=\"application\/ld+json\" class=\"yoast-schema-graph\">{\"@context\":\"https:\\\/\\\/schema.org\",\"@graph\":[{\"@type\":\"Article\",\"@id\":\"https:\\\/\\\/interamerica.org\\\/es\\\/2014\\\/01\\\/en-malawi-un-rayo-mato-a-ocho-miembros-de-iglesia-el-ultimo-sabado-del-2013\\\/#article\",\"isPartOf\":{\"@id\":\"https:\\\/\\\/interamerica.org\\\/es\\\/2014\\\/01\\\/en-malawi-un-rayo-mato-a-ocho-miembros-de-iglesia-el-ultimo-sabado-del-2013\\\/\"},\"author\":{\"name\":\"Lorenzo Verduzco\",\"@id\":\"https:\\\/\\\/interamerica.org\\\/es\\\/#\\\/schema\\\/person\\\/68ede8bdc292885bb76c1e3810e73c39\"},\"headline\":\"En Malawi, un rayo mat\u00f3 a ocho miembros de iglesia el \u00faltimo s\u00e1bado del 2013\",\"datePublished\":\"2014-01-09T04:00:00+00:00\",\"mainEntityOfPage\":{\"@id\":\"https:\\\/\\\/interamerica.org\\\/es\\\/2014\\\/01\\\/en-malawi-un-rayo-mato-a-ocho-miembros-de-iglesia-el-ultimo-sabado-del-2013\\\/\"},\"wordCount\":397,\"image\":{\"@id\":\"https:\\\/\\\/interamerica.org\\\/es\\\/2014\\\/01\\\/en-malawi-un-rayo-mato-a-ocho-miembros-de-iglesia-el-ultimo-sabado-del-2013\\\/#primaryimage\"},\"thumbnailUrl\":\"https:\\\/\\\/interamerica.org\\\/wp-content\\\/uploads\\\/2017\\\/06\\\/csm_mal-inside_50307bb137.jpg\",\"articleSection\":[\"Desde la iglesia mundial\"],\"inLanguage\":\"es\"},{\"@type\":\"WebPage\",\"@id\":\"https:\\\/\\\/interamerica.org\\\/es\\\/2014\\\/01\\\/en-malawi-un-rayo-mato-a-ocho-miembros-de-iglesia-el-ultimo-sabado-del-2013\\\/\",\"url\":\"https:\\\/\\\/interamerica.org\\\/es\\\/2014\\\/01\\\/en-malawi-un-rayo-mato-a-ocho-miembros-de-iglesia-el-ultimo-sabado-del-2013\\\/\",\"name\":\"En Malawi, un rayo mat\u00f3 a ocho miembros de iglesia el \u00faltimo s\u00e1bado del 2013 - Iglesia Adventista del S\u00e9ptimo D\u00eda - Divisi\u00f3n Interamericana\",\"isPartOf\":{\"@id\":\"https:\\\/\\\/interamerica.org\\\/es\\\/#website\"},\"primaryImageOfPage\":{\"@id\":\"https:\\\/\\\/interamerica.org\\\/es\\\/2014\\\/01\\\/en-malawi-un-rayo-mato-a-ocho-miembros-de-iglesia-el-ultimo-sabado-del-2013\\\/#primaryimage\"},\"image\":{\"@id\":\"https:\\\/\\\/interamerica.org\\\/es\\\/2014\\\/01\\\/en-malawi-un-rayo-mato-a-ocho-miembros-de-iglesia-el-ultimo-sabado-del-2013\\\/#primaryimage\"},\"thumbnailUrl\":\"https:\\\/\\\/interamerica.org\\\/wp-content\\\/uploads\\\/2017\\\/06\\\/csm_mal-inside_50307bb137.jpg\",\"datePublished\":\"2014-01-09T04:00:00+00:00\",\"author\":{\"@id\":\"https:\\\/\\\/interamerica.org\\\/es\\\/#\\\/schema\\\/person\\\/68ede8bdc292885bb76c1e3810e73c39\"},\"breadcrumb\":{\"@id\":\"https:\\\/\\\/interamerica.org\\\/es\\\/2014\\\/01\\\/en-malawi-un-rayo-mato-a-ocho-miembros-de-iglesia-el-ultimo-sabado-del-2013\\\/#breadcrumb\"},\"inLanguage\":\"es\",\"potentialAction\":[{\"@type\":\"ReadAction\",\"target\":[\"https:\\\/\\\/interamerica.org\\\/es\\\/2014\\\/01\\\/en-malawi-un-rayo-mato-a-ocho-miembros-de-iglesia-el-ultimo-sabado-del-2013\\\/\"]}]},{\"@type\":\"ImageObject\",\"inLanguage\":\"es\",\"@id\":\"https:\\\/\\\/interamerica.org\\\/es\\\/2014\\\/01\\\/en-malawi-un-rayo-mato-a-ocho-miembros-de-iglesia-el-ultimo-sabado-del-2013\\\/#primaryimage\",\"url\":\"https:\\\/\\\/interamerica.org\\\/wp-content\\\/uploads\\\/2017\\\/06\\\/csm_mal-inside_50307bb137.jpg\",\"contentUrl\":\"https:\\\/\\\/interamerica.org\\\/wp-content\\\/uploads\\\/2017\\\/06\\\/csm_mal-inside_50307bb137.jpg\",\"width\":400,\"height\":290},{\"@type\":\"BreadcrumbList\",\"@id\":\"https:\\\/\\\/interamerica.org\\\/es\\\/2014\\\/01\\\/en-malawi-un-rayo-mato-a-ocho-miembros-de-iglesia-el-ultimo-sabado-del-2013\\\/#breadcrumb\",\"itemListElement\":[{\"@type\":\"ListItem\",\"position\":1,\"name\":\"Home\",\"item\":\"https:\\\/\\\/interamerica.org\\\/es\\\/\"},{\"@type\":\"ListItem\",\"position\":2,\"name\":\"En Malawi, un rayo mat\u00f3 a ocho miembros de iglesia el \u00faltimo s\u00e1bado del 2013\"}]},{\"@type\":\"WebSite\",\"@id\":\"https:\\\/\\\/interamerica.org\\\/es\\\/#website\",\"url\":\"https:\\\/\\\/interamerica.org\\\/es\\\/\",\"name\":\"Iglesia Adventista del S\u00e9ptimo D\u00eda - Divisi\u00f3n Interamericana\",\"description\":\"\",\"potentialAction\":[{\"@type\":\"SearchAction\",\"target\":{\"@type\":\"EntryPoint\",\"urlTemplate\":\"https:\\\/\\\/interamerica.org\\\/es\\\/?s={search_term_string}\"},\"query-input\":{\"@type\":\"PropertyValueSpecification\",\"valueRequired\":true,\"valueName\":\"search_term_string\"}}],\"inLanguage\":\"es\"},{\"@type\":\"Person\",\"@id\":\"https:\\\/\\\/interamerica.org\\\/es\\\/#\\\/schema\\\/person\\\/68ede8bdc292885bb76c1e3810e73c39\",\"name\":\"Lorenzo Verduzco\",\"image\":{\"@type\":\"ImageObject\",\"inLanguage\":\"es\",\"@id\":\"https:\\\/\\\/secure.gravatar.com\\\/avatar\\\/fb81a55b6218459490a9c1dc841a34909185b81904c5337b4b27f7a6fd60c49e?s=96&d=mm&r=g\",\"url\":\"https:\\\/\\\/secure.gravatar.com\\\/avatar\\\/fb81a55b6218459490a9c1dc841a34909185b81904c5337b4b27f7a6fd60c49e?s=96&d=mm&r=g\",\"contentUrl\":\"https:\\\/\\\/secure.gravatar.com\\\/avatar\\\/fb81a55b6218459490a9c1dc841a34909185b81904c5337b4b27f7a6fd60c49e?s=96&d=mm&r=g\",\"caption\":\"Lorenzo Verduzco\"}}]}<\/script>\n<!-- \/ Yoast SEO plugin. -->","yoast_head_json":{"title":"En Malawi, un rayo mat\u00f3 a ocho miembros de iglesia el \u00faltimo s\u00e1bado del 2013 - Iglesia Adventista del S\u00e9ptimo D\u00eda - Divisi\u00f3n Interamericana","robots":{"index":"index","follow":"follow","max-snippet":"max-snippet:-1","max-image-preview":"max-image-preview:large","max-video-preview":"max-video-preview:-1"},"canonical":"https:\/\/interamerica.org\/es\/2014\/01\/en-malawi-un-rayo-mato-a-ocho-miembros-de-iglesia-el-ultimo-sabado-del-2013\/","og_locale":"es_ES","og_type":"article","og_title":"En Malawi, un rayo mat\u00f3 a ocho miembros de iglesia el \u00faltimo s\u00e1bado del 2013 - Iglesia Adventista del S\u00e9ptimo D\u00eda - Divisi\u00f3n Interamericana","og_description":"El \u00faltimo s\u00e1bado del 2013, fue un d\u00eda tr\u00e1gico para la Iglesia Adventista del S\u00e9ptimo D\u00eda en la naci\u00f3n sudafricana de Malawi, cuando un rayo cay\u00f3 sobre una congregaci\u00f3n, matando a ocho feligreses e hiriendo a veintenas m\u00e1s.","og_url":"https:\/\/interamerica.org\/es\/2014\/01\/en-malawi-un-rayo-mato-a-ocho-miembros-de-iglesia-el-ultimo-sabado-del-2013\/","og_site_name":"Iglesia Adventista del S\u00e9ptimo D\u00eda - Divisi\u00f3n Interamericana","article_published_time":"2014-01-09T04:00:00+00:00","og_image":[{"width":400,"height":290,"url":"https:\/\/interamerica.org\/wp-content\/uploads\/2017\/06\/csm_mal-inside_50307bb137.jpg","type":"image\/jpeg"}],"author":"Lorenzo Verduzco","twitter_card":"summary_large_image","twitter_misc":{"Escrito por":"Lorenzo Verduzco","Tiempo de lectura":"2 minutos"},"schema":{"@context":"https:\/\/schema.org","@graph":[{"@type":"Article","@id":"https:\/\/interamerica.org\/es\/2014\/01\/en-malawi-un-rayo-mato-a-ocho-miembros-de-iglesia-el-ultimo-sabado-del-2013\/#article","isPartOf":{"@id":"https:\/\/interamerica.org\/es\/2014\/01\/en-malawi-un-rayo-mato-a-ocho-miembros-de-iglesia-el-ultimo-sabado-del-2013\/"},"author":{"name":"Lorenzo Verduzco","@id":"https:\/\/interamerica.org\/es\/#\/schema\/person\/68ede8bdc292885bb76c1e3810e73c39"},"headline":"En Malawi, un rayo mat\u00f3 a ocho miembros de iglesia el \u00faltimo s\u00e1bado del 2013","datePublished":"2014-01-09T04:00:00+00:00","mainEntityOfPage":{"@id":"https:\/\/interamerica.org\/es\/2014\/01\/en-malawi-un-rayo-mato-a-ocho-miembros-de-iglesia-el-ultimo-sabado-del-2013\/"},"wordCount":397,"image":{"@id":"https:\/\/interamerica.org\/es\/2014\/01\/en-malawi-un-rayo-mato-a-ocho-miembros-de-iglesia-el-ultimo-sabado-del-2013\/#primaryimage"},"thumbnailUrl":"https:\/\/interamerica.org\/wp-content\/uploads\/2017\/06\/csm_mal-inside_50307bb137.jpg","articleSection":["Desde la iglesia mundial"],"inLanguage":"es"},{"@type":"WebPage","@id":"https:\/\/interamerica.org\/es\/2014\/01\/en-malawi-un-rayo-mato-a-ocho-miembros-de-iglesia-el-ultimo-sabado-del-2013\/","url":"https:\/\/interamerica.org\/es\/2014\/01\/en-malawi-un-rayo-mato-a-ocho-miembros-de-iglesia-el-ultimo-sabado-del-2013\/","name":"En Malawi, un rayo mat\u00f3 a ocho miembros de iglesia el \u00faltimo s\u00e1bado del 2013 - Iglesia Adventista del S\u00e9ptimo D\u00eda - Divisi\u00f3n Interamericana","isPartOf":{"@id":"https:\/\/interamerica.org\/es\/#website"},"primaryImageOfPage":{"@id":"https:\/\/interamerica.org\/es\/2014\/01\/en-malawi-un-rayo-mato-a-ocho-miembros-de-iglesia-el-ultimo-sabado-del-2013\/#primaryimage"},"image":{"@id":"https:\/\/interamerica.org\/es\/2014\/01\/en-malawi-un-rayo-mato-a-ocho-miembros-de-iglesia-el-ultimo-sabado-del-2013\/#primaryimage"},"thumbnailUrl":"https:\/\/interamerica.org\/wp-content\/uploads\/2017\/06\/csm_mal-inside_50307bb137.jpg","datePublished":"2014-01-09T04:00:00+00:00","author":{"@id":"https:\/\/interamerica.org\/es\/#\/schema\/person\/68ede8bdc292885bb76c1e3810e73c39"},"breadcrumb":{"@id":"https:\/\/interamerica.org\/es\/2014\/01\/en-malawi-un-rayo-mato-a-ocho-miembros-de-iglesia-el-ultimo-sabado-del-2013\/#breadcrumb"},"inLanguage":"es","potentialAction":[{"@type":"ReadAction","target":["https:\/\/interamerica.org\/es\/2014\/01\/en-malawi-un-rayo-mato-a-ocho-miembros-de-iglesia-el-ultimo-sabado-del-2013\/"]}]},{"@type":"ImageObject","inLanguage":"es","@id":"https:\/\/interamerica.org\/es\/2014\/01\/en-malawi-un-rayo-mato-a-ocho-miembros-de-iglesia-el-ultimo-sabado-del-2013\/#primaryimage","url":"https:\/\/interamerica.org\/wp-content\/uploads\/2017\/06\/csm_mal-inside_50307bb137.jpg","contentUrl":"https:\/\/interamerica.org\/wp-content\/uploads\/2017\/06\/csm_mal-inside_50307bb137.jpg","width":400,"height":290},{"@type":"BreadcrumbList","@id":"https:\/\/interamerica.org\/es\/2014\/01\/en-malawi-un-rayo-mato-a-ocho-miembros-de-iglesia-el-ultimo-sabado-del-2013\/#breadcrumb","itemListElement":[{"@type":"ListItem","position":1,"name":"Home","item":"https:\/\/interamerica.org\/es\/"},{"@type":"ListItem","position":2,"name":"En Malawi, un rayo mat\u00f3 a ocho miembros de iglesia el \u00faltimo s\u00e1bado del 2013"}]},{"@type":"WebSite","@id":"https:\/\/interamerica.org\/es\/#website","url":"https:\/\/interamerica.org\/es\/","name":"Iglesia Adventista del S\u00e9ptimo D\u00eda - Divisi\u00f3n Interamericana","description":"","potentialAction":[{"@type":"SearchAction","target":{"@type":"EntryPoint","urlTemplate":"https:\/\/interamerica.org\/es\/?s={search_term_string}"},"query-input":{"@type":"PropertyValueSpecification","valueRequired":true,"valueName":"search_term_string"}}],"inLanguage":"es"},{"@type":"Person","@id":"https:\/\/interamerica.org\/es\/#\/schema\/person\/68ede8bdc292885bb76c1e3810e73c39","name":"Lorenzo Verduzco","image":{"@type":"ImageObject","inLanguage":"es","@id":"https:\/\/secure.gravatar.com\/avatar\/fb81a55b6218459490a9c1dc841a34909185b81904c5337b4b27f7a6fd60c49e?s=96&d=mm&r=g","url":"https:\/\/secure.gravatar.com\/avatar\/fb81a55b6218459490a9c1dc841a34909185b81904c5337b4b27f7a6fd60c49e?s=96&d=mm&r=g","contentUrl":"https:\/\/secure.gravatar.com\/avatar\/fb81a55b6218459490a9c1dc841a34909185b81904c5337b4b27f7a6fd60c49e?s=96&d=mm&r=g","caption":"Lorenzo Verduzco"}}]}},"_links":{"self":[{"href":"https:\/\/interamerica.org\/es\/wp-json\/wp\/v2\/posts\/30400","targetHints":{"allow":["GET"]}}],"collection":[{"href":"https:\/\/interamerica.org\/es\/wp-json\/wp\/v2\/posts"}],"about":[{"href":"https:\/\/interamerica.org\/es\/wp-json\/wp\/v2\/types\/post"}],"author":[{"embeddable":true,"href":"https:\/\/interamerica.org\/es\/wp-json\/wp\/v2\/users\/1"}],"replies":[{"embeddable":true,"href":"https:\/\/interamerica.org\/es\/wp-json\/wp\/v2\/comments?post=30400"}],"version-history":[{"count":0,"href":"https:\/\/interamerica.org\/es\/wp-json\/wp\/v2\/posts\/30400\/revisions"}],"wp:featuredmedia":[{"embeddable":true,"href":"https:\/\/interamerica.org\/es\/wp-json\/wp\/v2\/media\/22458"}],"wp:attachment":[{"href":"https:\/\/interamerica.org\/es\/wp-json\/wp\/v2\/media?parent=30400"}],"wp:term":[{"taxonomy":"category","embeddable":true,"href":"https:\/\/interamerica.org\/es\/wp-json\/wp\/v2\/categories?post=30400"},{"taxonomy":"post_tag","embeddable":true,"href":"https:\/\/interamerica.org\/es\/wp-json\/wp\/v2\/tags?post=30400"}],"curies":[{"name":"wp","href":"https:\/\/api.w.org\/{rel}","templated":true}]}}