{"id":30403,"date":"2014-01-12T00:00:00","date_gmt":"2014-01-12T04:00:00","guid":{"rendered":"http:\/\/192.81.217.108\/interamerica\/2014\/01\/ultimo-momento-fallo-dividido-en-el-juicio-al-pastor-adventista-detenido-en-togo\/"},"modified":"2014-01-12T00:00:00","modified_gmt":"2014-01-12T04:00:00","slug":"ultimo-momento-fallo-dividido-en-el-juicio-al-pastor-adventista-detenido-en-togo","status":"publish","type":"post","link":"https:\/\/interamerica.org\/es\/2014\/01\/ultimo-momento-fallo-dividido-en-el-juicio-al-pastor-adventista-detenido-en-togo\/","title":{"rendered":"\u00daLTIMO MOMENTO: Fallo dividido en el juicio al pastor adventista detenido en Togo"},"content":{"rendered":"<div id=\"attachment_10316\" style=\"width: 310px\" class=\"wp-caption alignright\"><a href=\"\/interamerica\/wp-content\/uploads\/2017\/06\/csm_togo-court-web-4x3_c82a1ecc911.jpg\" rel=\"fancybox\" title=\"\u00daLTIMO MOMENTO: Fallo dividido en el juicio al pastor adventista detenido en Togo\"><img fetchpriority=\"high\" decoding=\"async\" aria-describedby=\"caption-attachment-10316\" class=\"size-medium wp-image-10316\" src=\"\/interamerica\/wp-content\/uploads\/2017\/06\/csm_togo-court-web-4x3_c82a1ecc911-300x225.jpg\" alt=\"\" width=\"300\" height=\"225\" \/><\/a><p id=\"caption-attachment-10316\" class=\"wp-caption-text\">El Juzgado de Apelaciones de Lom\u00e9 dio a conocer esta ma\u00f1ana un fallo sobre cinco hombres que estuvieron detenidos durante casi 22 meses por cargos de conspiraci\u00f3n para cometer homicidio. Los hombres estuvieron presos sobre la \u00fanica base de la acusaci\u00f3n de un hombre que es un \u00abmentiroso patol\u00f3gico\u00bb, seg\u00fan el examen psiqui\u00e1trico ordenado por la corte.<\/p><\/div>\n<p>12 de enero de 2014\u00a0 &#8211; Silver Spring, Maryland, Estados Unidos&#8230;ANN<\/p>\n<p>En un fallo dividido, hoy se dio a conocer el veredicto de un juzgao de Lom\u00e9, Togo, que absuelve al pastor adventista Antonio Monteiro y sentencia a Bruno Amah, miembro de la Iglesia Adventista, a prisi\u00f3n perpetua, dijo uno de los abogados de la Iglesia Adventista. El fallo del Juzgado de Apelaciones de Lom\u00e9 se produce casi 22 meses despu\u00e9s de que los dos hombres y otras personas fueran detenidas en marzo de 2012 por cargos de conspiraci\u00f3n para cometer homicidio.<\/p>\n<p>En un caso que ha captado la atenci\u00f3n de la denominaci\u00f3n global, esos dos hombres, junto con otros tres, fueron detenidos hace casi dos a\u00f1os sin juicio previo y solo sobre la base de la acusaci\u00f3n de un solo hombre que fue descrito como \u00abmentiroso patol\u00f3gico\u00bb en un examen psiqui\u00e1trico ordenado por la corte. Ese hombre, Kpatcha Simliya, que tambi\u00e9n fue detenido, tambi\u00e9n fue condenado en el fallo de esta ma\u00f1ana y condenado a prisi\u00f3n perpetua.<\/p>\n<p>Todd McFarland, asesor legal asociado de la sede central de la Iglesia Adventista mundial, que fue parte del equipo de la defensa en el juicio de esta semana, dijo que el fallo tambi\u00e9n incluy\u00f3 a otros dos hombres, Beteynam Raphael Kpiki Sama, que fue condenado y sentenciado a 25 a\u00f1os en prisi\u00f3n adem\u00e1s de ser multado con 10 millones de francos CFA (20.800 d\u00f3lares) y Idrissou Moumouni, que fue absuelto.<\/p>\n<p>La saga de casi dos a\u00f1os ha sido seguido por millones de adventistas, que han llevado a cabo vigilias internacionales de oraci\u00f3n, lanz\u00f3 campa\u00f1as de medios sociales, patrocinado inciativas de escritura de cartas a los funcionarios de gobierno y diplom\u00e1ticos, organizado conferencias de prensa y dirigido la recolecci\u00f3n de firmas donde se peticion\u00f3 la liberaci\u00f3n de los hombres.<\/p>\n<p>\u00abTenemos sentimientos encontrados sobre la decisi\u00f3n de la corte\u00bb, dijo John Graz, director de Relaciones P\u00fablicas y Libertad Religiosa de la Iglesia Adventista mundial. \u00abLa absoluci\u00f3n del pastor Monteiro es una buena noticia, y nos sentimos felices por \u00e9l y su familia. Nos sentimos muy sorprendidos y tristes por la condena de Amah\u00bb.<\/p>\n<p>Monteiro, que es originario de la naci\u00f3n insular de Cabo Verde, ha estado sirviendo como misionero en Togo desde 2009 como director de Ministerios de Familia de la Uni\u00f3n Misi\u00f3n de Sahel, con sede en Lom\u00e9.<\/p>\n<p>Los arrestos y las detenciones se produjeron despu\u00e9s de una serie de homicidios en septiembre de 2011.<\/p>\n<p>Seg\u00fan la fuente period\u00edstica o policial, m\u00e1s de una decena de cuerpos de mujeres de entre 12 a 36 a\u00f1os fueron encontrados en el suburbio norte de Lom\u00e9 conocido como Agou\u00e9. Los cuerpos ten\u00edan heridas de arma blanca, y algunos de sus \u00f3rganos sexuales hab\u00edan sido removidos. En las ceremonias de vud\u00fa se suelen usar sangre y partes de animales, y el vud\u00fa es ampliamente practicado en el pa\u00eds.<\/p>\n<p>Cuando no se produjeron arrestos, la gente exigi\u00f3 justicia por los asesinatos, explicaron los l\u00edderes de la iglesia.<\/p>\n<p>Simliya apareci\u00f3 m\u00e1s tarde en la televisi\u00f3n, rodeado por polic\u00edas, y all\u00ed cont\u00f3 que la serie de homicidios hab\u00eda sido organizada por \u00e9l. Entonces comenz\u00f3 a nombrar c\u00f3mplices que recogieron la sangre y los \u00f3rganos. Pero gran parte de su versi\u00f3n result\u00f3 improbable, incluido el n\u00famero de v\u00edctimas y los m\u00e9todos usados, seg\u00fan el examinador m\u00e9dico de Simliya.<\/p>\n<p>\u00abCualquier persona informada y razonable tendr\u00eda dudas respecto de esta incre\u00edble efusi\u00f3n or la factibilidad de sus delitos o supuestos cr\u00edmenes\u00bb, expres\u00f3 el informe siqui\u00e1trico ordenado por la corte el pasado 9 de septiembre de 2012, que fue visto por ANN.<\/p>\n<p>Simliya se retract\u00f3 m\u00e1s tarde de su acusaci\u00f3n, afirmando que hab\u00eda sido golpeado por la polic\u00eda y forzado a dar nombres de gente que supuestamente \u00e9l sab\u00eda que eran tambi\u00e9n conspiradores en una red de tr\u00e1fico de sangre, seg\u00fan el examen siqui\u00e1trico.<\/p>\n<p>Aun as\u00ed, su testimonio (la \u00fanica evidencia del caso) fue suficiente para las condenas en el fallo del d\u00eda de la fecha. El jurado que elabor\u00f3 el fallo estuvo compuesto por tres jueces y otras seis personas, dijo McFarland.<\/p>\n<p>La decisi\u00f3n de esta ma\u00f1ana fue dada a conocer a las 5.00, dijo McFarland. El juicio comenz\u00f3 el viernes 10 de enero a las 8.45 de la ma\u00f1ana, y se extendi\u00f3 hasta las 3.30 del s\u00e1bado. La corte volvi\u00f3 a reunirse a las 11.45 del s\u00e1bado, y los argumentos finales se produjeron a las 23.30 de esa noche.<\/p>\n<p>McFarland dijo que Monteiro y Moumouni, los dos detenidos absueltos, ser\u00edan liberados a partir del lunes.<\/p>\n<p><em>Traducci\u00f3n de Marcos Paseggi<\/em><\/p>\n","protected":false},"excerpt":{"rendered":"<p>En un fallo dividido, hoy se dio a conocer el veredicto de un juzgao de Lom\u00e9, Togo, que absuelve al pastor adventista Antonio Monteiro y sentencia a Bruno Amah, miembro de la Iglesia Adventista, a prisi\u00f3n perpetua, dijo uno de los abogados de la Iglesia Adventista.<\/p>\n","protected":false},"author":1,"featured_media":22477,"comment_status":"closed","ping_status":"closed","sticky":false,"template":"","format":"standard","meta":{"_acf_changed":false,"footnotes":""},"categories":[14],"tags":[],"class_list":["post-30403","post","type-post","status-publish","format-standard","has-post-thumbnail","hentry","category-de-la-iglesia-mundial"],"acf":[],"yoast_head":"<!-- This site is optimized with the Yoast SEO plugin v27.3 - https:\/\/yoast.com\/product\/yoast-seo-wordpress\/ -->\n<title>\u00daLTIMO MOMENTO: Fallo dividido en el juicio al pastor adventista detenido en Togo - Iglesia Adventista del S\u00e9ptimo D\u00eda - Divisi\u00f3n Interamericana<\/title>\n<meta name=\"robots\" content=\"index, follow, max-snippet:-1, max-image-preview:large, max-video-preview:-1\" \/>\n<link rel=\"canonical\" href=\"https:\/\/interamerica.org\/es\/2014\/01\/ultimo-momento-fallo-dividido-en-el-juicio-al-pastor-adventista-detenido-en-togo\/\" \/>\n<meta property=\"og:locale\" content=\"es_ES\" \/>\n<meta property=\"og:type\" content=\"article\" \/>\n<meta property=\"og:title\" content=\"\u00daLTIMO MOMENTO: Fallo dividido en el juicio al pastor adventista detenido en Togo - Iglesia Adventista del S\u00e9ptimo D\u00eda - Divisi\u00f3n Interamericana\" \/>\n<meta property=\"og:description\" content=\"En un fallo dividido, hoy se dio a conocer el veredicto de un juzgao de Lom\u00e9, Togo, que absuelve al pastor adventista Antonio Monteiro y sentencia a Bruno Amah, miembro de la Iglesia Adventista, a prisi\u00f3n perpetua, dijo uno de los abogados de la Iglesia Adventista.\" \/>\n<meta property=\"og:url\" content=\"https:\/\/interamerica.org\/es\/2014\/01\/ultimo-momento-fallo-dividido-en-el-juicio-al-pastor-adventista-detenido-en-togo\/\" \/>\n<meta property=\"og:site_name\" content=\"Iglesia Adventista del S\u00e9ptimo D\u00eda - Divisi\u00f3n Interamericana\" \/>\n<meta property=\"article:published_time\" content=\"2014-01-12T04:00:00+00:00\" \/>\n<meta property=\"og:image\" content=\"https:\/\/interamerica.org\/wp-content\/uploads\/2017\/06\/csm_togo-court-web-4x3_c82a1ecc911.jpg\" \/>\n\t<meta property=\"og:image:width\" content=\"400\" \/>\n\t<meta property=\"og:image:height\" content=\"300\" \/>\n\t<meta property=\"og:image:type\" content=\"image\/jpeg\" \/>\n<meta name=\"author\" content=\"Lorenzo Verduzco\" \/>\n<meta name=\"twitter:card\" content=\"summary_large_image\" \/>\n<meta name=\"twitter:label1\" content=\"Escrito por\" \/>\n\t<meta name=\"twitter:data1\" content=\"Lorenzo Verduzco\" \/>\n\t<meta name=\"twitter:label2\" content=\"Tiempo de lectura\" \/>\n\t<meta name=\"twitter:data2\" content=\"4 minutos\" \/>\n<script type=\"application\/ld+json\" class=\"yoast-schema-graph\">{\"@context\":\"https:\\\/\\\/schema.org\",\"@graph\":[{\"@type\":\"Article\",\"@id\":\"https:\\\/\\\/interamerica.org\\\/es\\\/2014\\\/01\\\/ultimo-momento-fallo-dividido-en-el-juicio-al-pastor-adventista-detenido-en-togo\\\/#article\",\"isPartOf\":{\"@id\":\"https:\\\/\\\/interamerica.org\\\/es\\\/2014\\\/01\\\/ultimo-momento-fallo-dividido-en-el-juicio-al-pastor-adventista-detenido-en-togo\\\/\"},\"author\":{\"name\":\"Lorenzo Verduzco\",\"@id\":\"https:\\\/\\\/interamerica.org\\\/es\\\/#\\\/schema\\\/person\\\/68ede8bdc292885bb76c1e3810e73c39\"},\"headline\":\"\u00daLTIMO MOMENTO: Fallo dividido en el juicio al pastor adventista detenido en Togo\",\"datePublished\":\"2014-01-12T04:00:00+00:00\",\"mainEntityOfPage\":{\"@id\":\"https:\\\/\\\/interamerica.org\\\/es\\\/2014\\\/01\\\/ultimo-momento-fallo-dividido-en-el-juicio-al-pastor-adventista-detenido-en-togo\\\/\"},\"wordCount\":883,\"image\":{\"@id\":\"https:\\\/\\\/interamerica.org\\\/es\\\/2014\\\/01\\\/ultimo-momento-fallo-dividido-en-el-juicio-al-pastor-adventista-detenido-en-togo\\\/#primaryimage\"},\"thumbnailUrl\":\"https:\\\/\\\/interamerica.org\\\/wp-content\\\/uploads\\\/2017\\\/06\\\/csm_togo-court-web-4x3_c82a1ecc911.jpg\",\"articleSection\":[\"Desde la iglesia mundial\"],\"inLanguage\":\"es\"},{\"@type\":\"WebPage\",\"@id\":\"https:\\\/\\\/interamerica.org\\\/es\\\/2014\\\/01\\\/ultimo-momento-fallo-dividido-en-el-juicio-al-pastor-adventista-detenido-en-togo\\\/\",\"url\":\"https:\\\/\\\/interamerica.org\\\/es\\\/2014\\\/01\\\/ultimo-momento-fallo-dividido-en-el-juicio-al-pastor-adventista-detenido-en-togo\\\/\",\"name\":\"\u00daLTIMO MOMENTO: Fallo dividido en el juicio al pastor adventista detenido en Togo - Iglesia Adventista del S\u00e9ptimo D\u00eda - Divisi\u00f3n Interamericana\",\"isPartOf\":{\"@id\":\"https:\\\/\\\/interamerica.org\\\/es\\\/#website\"},\"primaryImageOfPage\":{\"@id\":\"https:\\\/\\\/interamerica.org\\\/es\\\/2014\\\/01\\\/ultimo-momento-fallo-dividido-en-el-juicio-al-pastor-adventista-detenido-en-togo\\\/#primaryimage\"},\"image\":{\"@id\":\"https:\\\/\\\/interamerica.org\\\/es\\\/2014\\\/01\\\/ultimo-momento-fallo-dividido-en-el-juicio-al-pastor-adventista-detenido-en-togo\\\/#primaryimage\"},\"thumbnailUrl\":\"https:\\\/\\\/interamerica.org\\\/wp-content\\\/uploads\\\/2017\\\/06\\\/csm_togo-court-web-4x3_c82a1ecc911.jpg\",\"datePublished\":\"2014-01-12T04:00:00+00:00\",\"author\":{\"@id\":\"https:\\\/\\\/interamerica.org\\\/es\\\/#\\\/schema\\\/person\\\/68ede8bdc292885bb76c1e3810e73c39\"},\"breadcrumb\":{\"@id\":\"https:\\\/\\\/interamerica.org\\\/es\\\/2014\\\/01\\\/ultimo-momento-fallo-dividido-en-el-juicio-al-pastor-adventista-detenido-en-togo\\\/#breadcrumb\"},\"inLanguage\":\"es\",\"potentialAction\":[{\"@type\":\"ReadAction\",\"target\":[\"https:\\\/\\\/interamerica.org\\\/es\\\/2014\\\/01\\\/ultimo-momento-fallo-dividido-en-el-juicio-al-pastor-adventista-detenido-en-togo\\\/\"]}]},{\"@type\":\"ImageObject\",\"inLanguage\":\"es\",\"@id\":\"https:\\\/\\\/interamerica.org\\\/es\\\/2014\\\/01\\\/ultimo-momento-fallo-dividido-en-el-juicio-al-pastor-adventista-detenido-en-togo\\\/#primaryimage\",\"url\":\"https:\\\/\\\/interamerica.org\\\/wp-content\\\/uploads\\\/2017\\\/06\\\/csm_togo-court-web-4x3_c82a1ecc911.jpg\",\"contentUrl\":\"https:\\\/\\\/interamerica.org\\\/wp-content\\\/uploads\\\/2017\\\/06\\\/csm_togo-court-web-4x3_c82a1ecc911.jpg\",\"width\":400,\"height\":300},{\"@type\":\"BreadcrumbList\",\"@id\":\"https:\\\/\\\/interamerica.org\\\/es\\\/2014\\\/01\\\/ultimo-momento-fallo-dividido-en-el-juicio-al-pastor-adventista-detenido-en-togo\\\/#breadcrumb\",\"itemListElement\":[{\"@type\":\"ListItem\",\"position\":1,\"name\":\"Home\",\"item\":\"https:\\\/\\\/interamerica.org\\\/es\\\/\"},{\"@type\":\"ListItem\",\"position\":2,\"name\":\"\u00daLTIMO MOMENTO: Fallo dividido en el juicio al pastor adventista detenido en Togo\"}]},{\"@type\":\"WebSite\",\"@id\":\"https:\\\/\\\/interamerica.org\\\/es\\\/#website\",\"url\":\"https:\\\/\\\/interamerica.org\\\/es\\\/\",\"name\":\"Iglesia Adventista del S\u00e9ptimo D\u00eda - Divisi\u00f3n Interamericana\",\"description\":\"\",\"potentialAction\":[{\"@type\":\"SearchAction\",\"target\":{\"@type\":\"EntryPoint\",\"urlTemplate\":\"https:\\\/\\\/interamerica.org\\\/es\\\/?s={search_term_string}\"},\"query-input\":{\"@type\":\"PropertyValueSpecification\",\"valueRequired\":true,\"valueName\":\"search_term_string\"}}],\"inLanguage\":\"es\"},{\"@type\":\"Person\",\"@id\":\"https:\\\/\\\/interamerica.org\\\/es\\\/#\\\/schema\\\/person\\\/68ede8bdc292885bb76c1e3810e73c39\",\"name\":\"Lorenzo Verduzco\",\"image\":{\"@type\":\"ImageObject\",\"inLanguage\":\"es\",\"@id\":\"https:\\\/\\\/secure.gravatar.com\\\/avatar\\\/fb81a55b6218459490a9c1dc841a34909185b81904c5337b4b27f7a6fd60c49e?s=96&d=mm&r=g\",\"url\":\"https:\\\/\\\/secure.gravatar.com\\\/avatar\\\/fb81a55b6218459490a9c1dc841a34909185b81904c5337b4b27f7a6fd60c49e?s=96&d=mm&r=g\",\"contentUrl\":\"https:\\\/\\\/secure.gravatar.com\\\/avatar\\\/fb81a55b6218459490a9c1dc841a34909185b81904c5337b4b27f7a6fd60c49e?s=96&d=mm&r=g\",\"caption\":\"Lorenzo Verduzco\"}}]}<\/script>\n<!-- \/ Yoast SEO plugin. -->","yoast_head_json":{"title":"\u00daLTIMO MOMENTO: Fallo dividido en el juicio al pastor adventista detenido en Togo - Iglesia Adventista del S\u00e9ptimo D\u00eda - Divisi\u00f3n Interamericana","robots":{"index":"index","follow":"follow","max-snippet":"max-snippet:-1","max-image-preview":"max-image-preview:large","max-video-preview":"max-video-preview:-1"},"canonical":"https:\/\/interamerica.org\/es\/2014\/01\/ultimo-momento-fallo-dividido-en-el-juicio-al-pastor-adventista-detenido-en-togo\/","og_locale":"es_ES","og_type":"article","og_title":"\u00daLTIMO MOMENTO: Fallo dividido en el juicio al pastor adventista detenido en Togo - Iglesia Adventista del S\u00e9ptimo D\u00eda - Divisi\u00f3n Interamericana","og_description":"En un fallo dividido, hoy se dio a conocer el veredicto de un juzgao de Lom\u00e9, Togo, que absuelve al pastor adventista Antonio Monteiro y sentencia a Bruno Amah, miembro de la Iglesia Adventista, a prisi\u00f3n perpetua, dijo uno de los abogados de la Iglesia Adventista.","og_url":"https:\/\/interamerica.org\/es\/2014\/01\/ultimo-momento-fallo-dividido-en-el-juicio-al-pastor-adventista-detenido-en-togo\/","og_site_name":"Iglesia Adventista del S\u00e9ptimo D\u00eda - Divisi\u00f3n Interamericana","article_published_time":"2014-01-12T04:00:00+00:00","og_image":[{"width":400,"height":300,"url":"https:\/\/interamerica.org\/wp-content\/uploads\/2017\/06\/csm_togo-court-web-4x3_c82a1ecc911.jpg","type":"image\/jpeg"}],"author":"Lorenzo Verduzco","twitter_card":"summary_large_image","twitter_misc":{"Escrito por":"Lorenzo Verduzco","Tiempo de lectura":"4 minutos"},"schema":{"@context":"https:\/\/schema.org","@graph":[{"@type":"Article","@id":"https:\/\/interamerica.org\/es\/2014\/01\/ultimo-momento-fallo-dividido-en-el-juicio-al-pastor-adventista-detenido-en-togo\/#article","isPartOf":{"@id":"https:\/\/interamerica.org\/es\/2014\/01\/ultimo-momento-fallo-dividido-en-el-juicio-al-pastor-adventista-detenido-en-togo\/"},"author":{"name":"Lorenzo Verduzco","@id":"https:\/\/interamerica.org\/es\/#\/schema\/person\/68ede8bdc292885bb76c1e3810e73c39"},"headline":"\u00daLTIMO MOMENTO: Fallo dividido en el juicio al pastor adventista detenido en Togo","datePublished":"2014-01-12T04:00:00+00:00","mainEntityOfPage":{"@id":"https:\/\/interamerica.org\/es\/2014\/01\/ultimo-momento-fallo-dividido-en-el-juicio-al-pastor-adventista-detenido-en-togo\/"},"wordCount":883,"image":{"@id":"https:\/\/interamerica.org\/es\/2014\/01\/ultimo-momento-fallo-dividido-en-el-juicio-al-pastor-adventista-detenido-en-togo\/#primaryimage"},"thumbnailUrl":"https:\/\/interamerica.org\/wp-content\/uploads\/2017\/06\/csm_togo-court-web-4x3_c82a1ecc911.jpg","articleSection":["Desde la iglesia mundial"],"inLanguage":"es"},{"@type":"WebPage","@id":"https:\/\/interamerica.org\/es\/2014\/01\/ultimo-momento-fallo-dividido-en-el-juicio-al-pastor-adventista-detenido-en-togo\/","url":"https:\/\/interamerica.org\/es\/2014\/01\/ultimo-momento-fallo-dividido-en-el-juicio-al-pastor-adventista-detenido-en-togo\/","name":"\u00daLTIMO MOMENTO: Fallo dividido en el juicio al pastor adventista detenido en Togo - Iglesia Adventista del S\u00e9ptimo D\u00eda - Divisi\u00f3n Interamericana","isPartOf":{"@id":"https:\/\/interamerica.org\/es\/#website"},"primaryImageOfPage":{"@id":"https:\/\/interamerica.org\/es\/2014\/01\/ultimo-momento-fallo-dividido-en-el-juicio-al-pastor-adventista-detenido-en-togo\/#primaryimage"},"image":{"@id":"https:\/\/interamerica.org\/es\/2014\/01\/ultimo-momento-fallo-dividido-en-el-juicio-al-pastor-adventista-detenido-en-togo\/#primaryimage"},"thumbnailUrl":"https:\/\/interamerica.org\/wp-content\/uploads\/2017\/06\/csm_togo-court-web-4x3_c82a1ecc911.jpg","datePublished":"2014-01-12T04:00:00+00:00","author":{"@id":"https:\/\/interamerica.org\/es\/#\/schema\/person\/68ede8bdc292885bb76c1e3810e73c39"},"breadcrumb":{"@id":"https:\/\/interamerica.org\/es\/2014\/01\/ultimo-momento-fallo-dividido-en-el-juicio-al-pastor-adventista-detenido-en-togo\/#breadcrumb"},"inLanguage":"es","potentialAction":[{"@type":"ReadAction","target":["https:\/\/interamerica.org\/es\/2014\/01\/ultimo-momento-fallo-dividido-en-el-juicio-al-pastor-adventista-detenido-en-togo\/"]}]},{"@type":"ImageObject","inLanguage":"es","@id":"https:\/\/interamerica.org\/es\/2014\/01\/ultimo-momento-fallo-dividido-en-el-juicio-al-pastor-adventista-detenido-en-togo\/#primaryimage","url":"https:\/\/interamerica.org\/wp-content\/uploads\/2017\/06\/csm_togo-court-web-4x3_c82a1ecc911.jpg","contentUrl":"https:\/\/interamerica.org\/wp-content\/uploads\/2017\/06\/csm_togo-court-web-4x3_c82a1ecc911.jpg","width":400,"height":300},{"@type":"BreadcrumbList","@id":"https:\/\/interamerica.org\/es\/2014\/01\/ultimo-momento-fallo-dividido-en-el-juicio-al-pastor-adventista-detenido-en-togo\/#breadcrumb","itemListElement":[{"@type":"ListItem","position":1,"name":"Home","item":"https:\/\/interamerica.org\/es\/"},{"@type":"ListItem","position":2,"name":"\u00daLTIMO MOMENTO: Fallo dividido en el juicio al pastor adventista detenido en Togo"}]},{"@type":"WebSite","@id":"https:\/\/interamerica.org\/es\/#website","url":"https:\/\/interamerica.org\/es\/","name":"Iglesia Adventista del S\u00e9ptimo D\u00eda - Divisi\u00f3n Interamericana","description":"","potentialAction":[{"@type":"SearchAction","target":{"@type":"EntryPoint","urlTemplate":"https:\/\/interamerica.org\/es\/?s={search_term_string}"},"query-input":{"@type":"PropertyValueSpecification","valueRequired":true,"valueName":"search_term_string"}}],"inLanguage":"es"},{"@type":"Person","@id":"https:\/\/interamerica.org\/es\/#\/schema\/person\/68ede8bdc292885bb76c1e3810e73c39","name":"Lorenzo Verduzco","image":{"@type":"ImageObject","inLanguage":"es","@id":"https:\/\/secure.gravatar.com\/avatar\/fb81a55b6218459490a9c1dc841a34909185b81904c5337b4b27f7a6fd60c49e?s=96&d=mm&r=g","url":"https:\/\/secure.gravatar.com\/avatar\/fb81a55b6218459490a9c1dc841a34909185b81904c5337b4b27f7a6fd60c49e?s=96&d=mm&r=g","contentUrl":"https:\/\/secure.gravatar.com\/avatar\/fb81a55b6218459490a9c1dc841a34909185b81904c5337b4b27f7a6fd60c49e?s=96&d=mm&r=g","caption":"Lorenzo Verduzco"}}]}},"_links":{"self":[{"href":"https:\/\/interamerica.org\/es\/wp-json\/wp\/v2\/posts\/30403","targetHints":{"allow":["GET"]}}],"collection":[{"href":"https:\/\/interamerica.org\/es\/wp-json\/wp\/v2\/posts"}],"about":[{"href":"https:\/\/interamerica.org\/es\/wp-json\/wp\/v2\/types\/post"}],"author":[{"embeddable":true,"href":"https:\/\/interamerica.org\/es\/wp-json\/wp\/v2\/users\/1"}],"replies":[{"embeddable":true,"href":"https:\/\/interamerica.org\/es\/wp-json\/wp\/v2\/comments?post=30403"}],"version-history":[{"count":0,"href":"https:\/\/interamerica.org\/es\/wp-json\/wp\/v2\/posts\/30403\/revisions"}],"wp:featuredmedia":[{"embeddable":true,"href":"https:\/\/interamerica.org\/es\/wp-json\/wp\/v2\/media\/22477"}],"wp:attachment":[{"href":"https:\/\/interamerica.org\/es\/wp-json\/wp\/v2\/media?parent=30403"}],"wp:term":[{"taxonomy":"category","embeddable":true,"href":"https:\/\/interamerica.org\/es\/wp-json\/wp\/v2\/categories?post=30403"},{"taxonomy":"post_tag","embeddable":true,"href":"https:\/\/interamerica.org\/es\/wp-json\/wp\/v2\/tags?post=30403"}],"curies":[{"name":"wp","href":"https:\/\/api.w.org\/{rel}","templated":true}]}}