{"id":30404,"date":"2014-01-11T00:00:00","date_gmt":"2014-01-11T04:00:00","guid":{"rendered":"http:\/\/192.81.217.108\/interamerica\/2014\/01\/interamerica-el-liderazgo-de-la-iglesia-en-busca-de-nuevas-oportunidades-de-crecimiento-de-feligresia-en-el-2014\/"},"modified":"2014-01-11T00:00:00","modified_gmt":"2014-01-11T04:00:00","slug":"interamerica-el-liderazgo-de-la-iglesia-en-busca-de-nuevas-oportunidades-de-crecimiento-de-feligresia-en-el-2014","status":"publish","type":"post","link":"https:\/\/interamerica.org\/es\/2014\/01\/interamerica-el-liderazgo-de-la-iglesia-en-busca-de-nuevas-oportunidades-de-crecimiento-de-feligresia-en-el-2014\/","title":{"rendered":"Interam\u00e9rica: El liderazgo de la iglesia en busca de nuevas oportunidades de crecimiento de feligres\u00eda en el 2014"},"content":{"rendered":"<div id=\"attachment_10303\" style=\"width: 600px\" class=\"wp-caption aligncenter\"><a href=\"\/interamerica\/wp-content\/uploads\/2017\/06\/2014Worship.png\" rel=\"fancybox\" title=\"Interam\u00e9rica: El liderazgo de la iglesia en busca de nuevas oportunidades de crecimiento de feligres\u00eda en el 2014\"><img fetchpriority=\"high\" decoding=\"async\" aria-describedby=\"caption-attachment-10303\" class=\"size-full wp-image-10303\" src=\"\/interamerica\/wp-content\/uploads\/2017\/06\/2014Worship.png\" alt=\"\" width=\"590\" height=\"458\" \/><\/a><p id=\"caption-attachment-10303\" class=\"wp-caption-text\">El Pastor Israel Leito, presidente de la iglesia en Interam\u00e9rica, da la bienvenida a los dirigentes y personal de oficina de la DIA al iniciar oficialmente el nuevo a\u00f1o de labor, el 6 de enero de 2014, en Miami, Florida. Im\u00e1genes por Libna Stevens-DIA<\/p><\/div>\n<p>9 de enero de 2014 \u2013 Miami, Florida, Estados Unidos&#8230;.Libna Stevens-DIA<\/p>\n<p>Pocos d\u00edas despu\u00e9s del comienzo del a\u00f1o, los dirigentes de la Iglesia Adventista del S\u00e9ptimo D\u00eda y los miembros del personal de la Divisi\u00f3n Interamericana (DIA), se reunieron para celebrar un servicio especial de adoraci\u00f3n y alabar a Dios por el progreso de su obra en el 2013 en todo su vasto territorio.<\/p>\n<p>M\u00e1s de 80 ministros y miembros del personal de oficina analizaron el crecimiento eclesi\u00e1stico y financiero, en las oficinas de la DIA en Miami, Florida, el 6 de enero de 2014, goz\u00e1ndose en el \u00e9xito del <a href=\"http:\/\/2013.interamerica.org\/\">A\u00f1o del Laico<\/a> \u2014un a\u00f1o designado para celebrar la labor de los miembros laicos\u2014 y para fijar los planes, iniciativas y actividades a llevarse a cabo en los meses siguientes.<\/p>\n<div id=\"attachment_10304\" style=\"width: 325px\" class=\"wp-caption alignleft\"><a href=\"\/interamerica\/wp-content\/uploads\/2017\/06\/Ileito-2014.png\" rel=\"fancybox\" title=\"Interam\u00e9rica: El liderazgo de la iglesia en busca de nuevas oportunidades de crecimiento de feligres\u00eda en el 2014\"><img decoding=\"async\" aria-describedby=\"caption-attachment-10304\" class=\"size-full wp-image-10304\" src=\"\/interamerica\/wp-content\/uploads\/2017\/06\/Ileito-2014.png\" alt=\"\" width=\"315\" height=\"214\" \/><\/a><p id=\"caption-attachment-10304\" class=\"wp-caption-text\">El presidente de la DIA, Pastor Israel Leito, alent\u00f3 a los directores y dem\u00e1s personal a escudri\u00f1ar atentamente la Palabra de Dios en busca de nuevas oportunidades para mejorar su servicio a la iglesia.<\/p><\/div>\n<p>Al meditar en Isa\u00edas 54, el Pastor Israel Leito, presidente de la iglesia en Interam\u00e9rica, anim\u00f3 al liderazgo de la iglesia a considerar los \u00e9xitos y fracasos del pasado y a buscar nuevas oportunidades para mejorar e enriquecer la misi\u00f3n de la iglesia en Interam\u00e9rica.<\/p>\n<p>\u201cNo piensen en los fracasos, porque tienen ustedes la bendici\u00f3n de la esperanza; piensen mejor en el futuro, en c\u00f3mo se pueden mejorar las cosas\u00bb, dijo el Pastor Leito.<\/p>\n<p>Ese futuro, en este a\u00f1o, significa supervisar el entrenamieno de miles de dirigentes laicos y miembros activos, durante lo que Interam\u00e9rica ha llamado el A\u00f1o de la Educaci\u00f3n No Formal.<\/p>\n<p>El A\u00f1o de la Educaci\u00f3n No Formal le permitir\u00e1 a los dirigentes laicos aumentar sus habilidades de liderzgo a fin de que puedan a su vez equipar a otros, como plataforma de lanzamiento al continuar un entrenamiento estructurado para certificaci\u00f3n en cada departmento y ministerio de la iglesia, dijo el Pastor Leito.<\/p>\n<p>En este informe a los dirigentes de la DIA y personal de oficina, dado esta semana, el Dr. Elie Henry, secretario ejecutivo de la iglesia en Interam\u00e9rica, hizo saber que hasta junio de 2013, se a\u00f1adieron a la iglesia unos 150,810 nuevos miembros, para un total de membres\u00eda de 3,685,644 con 11,968 iglesias y 8,104 grupos organizados.<\/p>\n<p>Aunque el conteo final de miembros en el 2013 no est\u00e1 todav\u00eda disponible, las cifras han mostrado una leve disminuci\u00f3n en bautismos por a\u00f1o, desde el 2010. De acuerdo con el Dr. Henry, los \u00faltimos dos a\u00f1os, en varios territorios de la iglesia se han llevado a cabo amplias auditor\u00edas en los libros de feligres\u00eda de las iglesias y se han hecho ajustes que reflejan solamente un leve aumento en la feligres\u00eda total.<\/p>\n<p>Contin\u00faan haci\u00e9ndose esfuerzos de entrenamiento de pastores y secretarios de iglesia local en cuanto a revisi\u00f3n de libros de iglesia para que reflejen en forma correcta la totalidad de la feligres\u00eda activa en cada iglesia, dijo el Dr. Henry.<\/p>\n<p>\u201cLa DIA est\u00e1 creciendo y alabamos al Se\u00f1or por ello\u201d, dijo el Dr. Henry. El a\u00f1o pasado se bati\u00f3 el r\u00e9cord de 26 misiones que fueron elevadas a estatus de asociaci\u00f3n y, este a\u00f1o, 21 misiones est\u00e1n programadas para recibir tal estatus, a\u00f1adi\u00f3 el Dr. Henry.<\/p>\n<div id=\"attachment_10309\" style=\"width: 325px\" class=\"wp-caption alignleft\"><a href=\"\/interamerica\/wp-content\/uploads\/2017\/06\/TableMembership.png\" rel=\"fancybox\" title=\"Interam\u00e9rica: El liderazgo de la iglesia en busca de nuevas oportunidades de crecimiento de feligres\u00eda en el 2014\"><img decoding=\"async\" aria-describedby=\"caption-attachment-10309\" class=\"size-full wp-image-10309\" src=\"\/interamerica\/wp-content\/uploads\/2017\/06\/TableMembership.png\" alt=\"\" width=\"315\" height=\"243\" \/><\/a><p id=\"caption-attachment-10309\" class=\"wp-caption-text\">Hasta septimbre de 2013, las estad\u00edsticas revelan un total de 3,685,644 miembros de iglesia en todo el territorio de la DIA.<\/p><\/div>\n<p>Actualmente, la Divisi\u00f3n Interamericana cuenta con 22 uniones, un campo adjunto, 73 asociaciones y 49 misiones.<\/p>\n<p>Siendo que Hait\u00ed tiene el territorio m\u00e1s extenso de la DIA, con m\u00e1s de 406,000 miembros, los dirigentes est\u00e1n estudiando la posibilidad de dividirlo en dos uniones. Adem\u00e1s, se est\u00e1 considerando que la Uni\u00f3n Centroamericana del Sur, formada por Costa Rica, Panam\u00e1 y Nicaragua, se divida en tres uniones que presten sus servicios a cada uno de los pa\u00edses respectivos.<\/p>\n<p>Filiberto Verduzco, tesorero de la iglesia en Interam\u00e9rica, inform\u00f3 sobre las estrategias financieras seguidas durante los pasados tres a\u00f1os, utilizando poderosos instruementos para fortalecer el sistema financiero de la iglesia. Los planes han incluido la expansi\u00f3n del equipo de SunPlus que supervisa el sistema de contadur\u00eda en el vasto territorio interamericano, con dos nuevas adiciones, Neftal\u00ed Cruz, en M\u00e9rida, M\u00e9xico y Edy D\u00edaz, en Guatemala.<\/p>\n<p>El Pastor Verduzco se\u00f1al\u00f3 el visible compromiso financiero de los miembros en las iglesias de Interam\u00e9ica y la enorme responsabilidad de los administradores de la misma al administrar los fondos monetarios recibidos.<\/p>\n<div id=\"attachment_10305\" style=\"width: 325px\" class=\"wp-caption alignright\"><a href=\"\/interamerica\/wp-content\/uploads\/2017\/06\/BabyJaelSmith.png\" rel=\"fancybox\" title=\"Interam\u00e9rica: El liderazgo de la iglesia en busca de nuevas oportunidades de crecimiento de feligres\u00eda en el 2014\"><img loading=\"lazy\" decoding=\"async\" aria-describedby=\"caption-attachment-10305\" class=\"size-full wp-image-10305\" src=\"\/interamerica\/wp-content\/uploads\/2017\/06\/BabyJaelSmith.png\" alt=\"\" width=\"315\" height=\"216\" \/><\/a><p id=\"caption-attachment-10305\" class=\"wp-caption-text\">La beb\u00e9 Jael Amara Smith en brazos de su padre, Daniel Smith, junto a su madre, Janelle Scantlebury, antes de ser dedicada a Dios durante una ceremonia especial de dedicaci\u00f3n de ni\u00f1os, llevada a cabo por los l\u00edderes de la DIA.<\/p><\/div>\n<p>\u201cTenemos que continuar siendo fuertes mientras operamos dentro de un ambiente monetario d\u00e9bil\u00bb, dijo el tesorero.<\/p>\n<p>Inform\u00f3 adem\u00e1s sobre los planes de expansi\u00f3n para construir seis oficinas adicionales y un espacio grande de almacenamiento en las oficinas de la DIA. Este proyecto de expansi\u00f3n est\u00e1 programado para comenzarse en el mes de marzo.<\/p>\n<p>La DIA le dio la bienvenida a la nueva a adici\u00f3n a la familia de su personal, con la primera decicaci\u00f3n de ni\u00f1os celebrada en sus oficinas de divisi\u00f3n, de la hija de la empleada Janelle Scantlebury y su esposo Daniel Smith. El Pastor Leito y los l\u00edderes de la iglesia oraron por Jael Amara Sof\u00eda Smith durante el programa.<\/p>\n<p>Los l\u00edderes de la iglesia continuar\u00e1n refinando las iniciativas, actividades y proyectos durante los inmediatos d\u00edas siguientes.<\/p>\n<p>La DIA supervisa la obra de la Iglesia Adventista del S\u00e9ptimo D\u00eda en M\u00e9xico, Centroam\u00e9rica, el Caribe, las Antillas Francesas, as\u00ed como en Colombia y Venezuela, con m\u00e1s de 3.6 millones de miembros en su totalidad, adem\u00e1s de cientos de escuelas, universidades y hospitales.<\/p>\n<p>Para m\u00e1s informaci\u00f3n sobre la Divisi\u00f3n Interamericana y sus iniciativas, vis\u00edtanos en <a href=\"https:\/\/recursing-golick.147-182-135-0.plesk.page\">interamerica.org<\/a><\/p>\n<p>Para ver la galer\u00eda fotogr\u00e1fica, pulsa <a href=\"http:\/\/www.flickr.com\/photos\/interamerica\/11819725715\/\">HERE<\/a><\/p>\n<p>Traducci\u00f3n por Gloria A. Castrej\u00f3n<\/p>\n","protected":false},"excerpt":{"rendered":"<p>Pocos d\u00edas despu\u00e9s del comienzo del a\u00f1o, los dirigentes de la Iglesia Adventista del S\u00e9ptimo D\u00eda y los miembros del personal de la Divisi\u00f3n Interamericana  (DIA), se reunieron para celebrar un servicio especial de adoraci\u00f3n y alabar a Dios por el progreso de su obra en el 2013 en todo su vasto territorio.<\/p>\n","protected":false},"author":1,"featured_media":22464,"comment_status":"closed","ping_status":"closed","sticky":false,"template":"","format":"standard","meta":{"_acf_changed":false,"footnotes":""},"categories":[16],"tags":[],"class_list":["post-30404","post","type-post","status-publish","format-standard","has-post-thumbnail","hentry","category-desde-la-sede"],"acf":[],"yoast_head":"<!-- This site is optimized with the Yoast SEO plugin v27.3 - https:\/\/yoast.com\/product\/yoast-seo-wordpress\/ -->\n<title>Interam\u00e9rica: El liderazgo de la iglesia en busca de nuevas oportunidades de crecimiento de feligres\u00eda en el 2014 - Iglesia Adventista del S\u00e9ptimo D\u00eda - Divisi\u00f3n Interamericana<\/title>\n<meta name=\"robots\" content=\"index, follow, max-snippet:-1, max-image-preview:large, max-video-preview:-1\" \/>\n<link rel=\"canonical\" href=\"https:\/\/interamerica.org\/es\/2014\/01\/interamerica-el-liderazgo-de-la-iglesia-en-busca-de-nuevas-oportunidades-de-crecimiento-de-feligresia-en-el-2014\/\" \/>\n<meta property=\"og:locale\" content=\"es_ES\" \/>\n<meta property=\"og:type\" content=\"article\" \/>\n<meta property=\"og:title\" content=\"Interam\u00e9rica: El liderazgo de la iglesia en busca de nuevas oportunidades de crecimiento de feligres\u00eda en el 2014 - Iglesia Adventista del S\u00e9ptimo D\u00eda - Divisi\u00f3n Interamericana\" \/>\n<meta property=\"og:description\" content=\"Pocos d\u00edas despu\u00e9s del comienzo del a\u00f1o, los dirigentes de la Iglesia Adventista del S\u00e9ptimo D\u00eda y los miembros del personal de la Divisi\u00f3n Interamericana (DIA), se reunieron para celebrar un servicio especial de adoraci\u00f3n y alabar a Dios por el progreso de su obra en el 2013 en todo su vasto territorio.\" \/>\n<meta property=\"og:url\" content=\"https:\/\/interamerica.org\/es\/2014\/01\/interamerica-el-liderazgo-de-la-iglesia-en-busca-de-nuevas-oportunidades-de-crecimiento-de-feligresia-en-el-2014\/\" \/>\n<meta property=\"og:site_name\" content=\"Iglesia Adventista del S\u00e9ptimo D\u00eda - Divisi\u00f3n Interamericana\" \/>\n<meta property=\"article:published_time\" content=\"2014-01-11T04:00:00+00:00\" \/>\n<meta property=\"og:image\" content=\"https:\/\/interamerica.org\/wp-content\/uploads\/2017\/06\/2014Worship.png\" \/>\n\t<meta property=\"og:image:width\" content=\"590\" \/>\n\t<meta property=\"og:image:height\" content=\"458\" \/>\n\t<meta property=\"og:image:type\" content=\"image\/png\" \/>\n<meta name=\"author\" content=\"Lorenzo Verduzco\" \/>\n<meta name=\"twitter:card\" content=\"summary_large_image\" \/>\n<meta name=\"twitter:label1\" content=\"Escrito por\" \/>\n\t<meta name=\"twitter:data1\" content=\"Lorenzo Verduzco\" \/>\n\t<meta name=\"twitter:label2\" content=\"Tiempo de lectura\" \/>\n\t<meta name=\"twitter:data2\" content=\"6 minutos\" \/>\n<script type=\"application\/ld+json\" class=\"yoast-schema-graph\">{\"@context\":\"https:\\\/\\\/schema.org\",\"@graph\":[{\"@type\":\"Article\",\"@id\":\"https:\\\/\\\/interamerica.org\\\/es\\\/2014\\\/01\\\/interamerica-el-liderazgo-de-la-iglesia-en-busca-de-nuevas-oportunidades-de-crecimiento-de-feligresia-en-el-2014\\\/#article\",\"isPartOf\":{\"@id\":\"https:\\\/\\\/interamerica.org\\\/es\\\/2014\\\/01\\\/interamerica-el-liderazgo-de-la-iglesia-en-busca-de-nuevas-oportunidades-de-crecimiento-de-feligresia-en-el-2014\\\/\"},\"author\":{\"name\":\"Lorenzo Verduzco\",\"@id\":\"https:\\\/\\\/interamerica.org\\\/es\\\/#\\\/schema\\\/person\\\/68ede8bdc292885bb76c1e3810e73c39\"},\"headline\":\"Interam\u00e9rica: El liderazgo de la iglesia en busca de nuevas oportunidades de crecimiento de feligres\u00eda en el 2014\",\"datePublished\":\"2014-01-11T04:00:00+00:00\",\"mainEntityOfPage\":{\"@id\":\"https:\\\/\\\/interamerica.org\\\/es\\\/2014\\\/01\\\/interamerica-el-liderazgo-de-la-iglesia-en-busca-de-nuevas-oportunidades-de-crecimiento-de-feligresia-en-el-2014\\\/\"},\"wordCount\":1134,\"image\":{\"@id\":\"https:\\\/\\\/interamerica.org\\\/es\\\/2014\\\/01\\\/interamerica-el-liderazgo-de-la-iglesia-en-busca-de-nuevas-oportunidades-de-crecimiento-de-feligresia-en-el-2014\\\/#primaryimage\"},\"thumbnailUrl\":\"https:\\\/\\\/interamerica.org\\\/wp-content\\\/uploads\\\/2017\\\/06\\\/2014Worship.png\",\"articleSection\":[\"Desde la sede\"],\"inLanguage\":\"es\"},{\"@type\":\"WebPage\",\"@id\":\"https:\\\/\\\/interamerica.org\\\/es\\\/2014\\\/01\\\/interamerica-el-liderazgo-de-la-iglesia-en-busca-de-nuevas-oportunidades-de-crecimiento-de-feligresia-en-el-2014\\\/\",\"url\":\"https:\\\/\\\/interamerica.org\\\/es\\\/2014\\\/01\\\/interamerica-el-liderazgo-de-la-iglesia-en-busca-de-nuevas-oportunidades-de-crecimiento-de-feligresia-en-el-2014\\\/\",\"name\":\"Interam\u00e9rica: El liderazgo de la iglesia en busca de nuevas oportunidades de crecimiento de feligres\u00eda en el 2014 - Iglesia Adventista del S\u00e9ptimo D\u00eda - Divisi\u00f3n Interamericana\",\"isPartOf\":{\"@id\":\"https:\\\/\\\/interamerica.org\\\/es\\\/#website\"},\"primaryImageOfPage\":{\"@id\":\"https:\\\/\\\/interamerica.org\\\/es\\\/2014\\\/01\\\/interamerica-el-liderazgo-de-la-iglesia-en-busca-de-nuevas-oportunidades-de-crecimiento-de-feligresia-en-el-2014\\\/#primaryimage\"},\"image\":{\"@id\":\"https:\\\/\\\/interamerica.org\\\/es\\\/2014\\\/01\\\/interamerica-el-liderazgo-de-la-iglesia-en-busca-de-nuevas-oportunidades-de-crecimiento-de-feligresia-en-el-2014\\\/#primaryimage\"},\"thumbnailUrl\":\"https:\\\/\\\/interamerica.org\\\/wp-content\\\/uploads\\\/2017\\\/06\\\/2014Worship.png\",\"datePublished\":\"2014-01-11T04:00:00+00:00\",\"author\":{\"@id\":\"https:\\\/\\\/interamerica.org\\\/es\\\/#\\\/schema\\\/person\\\/68ede8bdc292885bb76c1e3810e73c39\"},\"breadcrumb\":{\"@id\":\"https:\\\/\\\/interamerica.org\\\/es\\\/2014\\\/01\\\/interamerica-el-liderazgo-de-la-iglesia-en-busca-de-nuevas-oportunidades-de-crecimiento-de-feligresia-en-el-2014\\\/#breadcrumb\"},\"inLanguage\":\"es\",\"potentialAction\":[{\"@type\":\"ReadAction\",\"target\":[\"https:\\\/\\\/interamerica.org\\\/es\\\/2014\\\/01\\\/interamerica-el-liderazgo-de-la-iglesia-en-busca-de-nuevas-oportunidades-de-crecimiento-de-feligresia-en-el-2014\\\/\"]}]},{\"@type\":\"ImageObject\",\"inLanguage\":\"es\",\"@id\":\"https:\\\/\\\/interamerica.org\\\/es\\\/2014\\\/01\\\/interamerica-el-liderazgo-de-la-iglesia-en-busca-de-nuevas-oportunidades-de-crecimiento-de-feligresia-en-el-2014\\\/#primaryimage\",\"url\":\"https:\\\/\\\/interamerica.org\\\/wp-content\\\/uploads\\\/2017\\\/06\\\/2014Worship.png\",\"contentUrl\":\"https:\\\/\\\/interamerica.org\\\/wp-content\\\/uploads\\\/2017\\\/06\\\/2014Worship.png\",\"width\":590,\"height\":458},{\"@type\":\"BreadcrumbList\",\"@id\":\"https:\\\/\\\/interamerica.org\\\/es\\\/2014\\\/01\\\/interamerica-el-liderazgo-de-la-iglesia-en-busca-de-nuevas-oportunidades-de-crecimiento-de-feligresia-en-el-2014\\\/#breadcrumb\",\"itemListElement\":[{\"@type\":\"ListItem\",\"position\":1,\"name\":\"Home\",\"item\":\"https:\\\/\\\/interamerica.org\\\/es\\\/\"},{\"@type\":\"ListItem\",\"position\":2,\"name\":\"Interam\u00e9rica: El liderazgo de la iglesia en busca de nuevas oportunidades de crecimiento de feligres\u00eda en el 2014\"}]},{\"@type\":\"WebSite\",\"@id\":\"https:\\\/\\\/interamerica.org\\\/es\\\/#website\",\"url\":\"https:\\\/\\\/interamerica.org\\\/es\\\/\",\"name\":\"Iglesia Adventista del S\u00e9ptimo D\u00eda - Divisi\u00f3n Interamericana\",\"description\":\"\",\"potentialAction\":[{\"@type\":\"SearchAction\",\"target\":{\"@type\":\"EntryPoint\",\"urlTemplate\":\"https:\\\/\\\/interamerica.org\\\/es\\\/?s={search_term_string}\"},\"query-input\":{\"@type\":\"PropertyValueSpecification\",\"valueRequired\":true,\"valueName\":\"search_term_string\"}}],\"inLanguage\":\"es\"},{\"@type\":\"Person\",\"@id\":\"https:\\\/\\\/interamerica.org\\\/es\\\/#\\\/schema\\\/person\\\/68ede8bdc292885bb76c1e3810e73c39\",\"name\":\"Lorenzo Verduzco\",\"image\":{\"@type\":\"ImageObject\",\"inLanguage\":\"es\",\"@id\":\"https:\\\/\\\/secure.gravatar.com\\\/avatar\\\/fb81a55b6218459490a9c1dc841a34909185b81904c5337b4b27f7a6fd60c49e?s=96&d=mm&r=g\",\"url\":\"https:\\\/\\\/secure.gravatar.com\\\/avatar\\\/fb81a55b6218459490a9c1dc841a34909185b81904c5337b4b27f7a6fd60c49e?s=96&d=mm&r=g\",\"contentUrl\":\"https:\\\/\\\/secure.gravatar.com\\\/avatar\\\/fb81a55b6218459490a9c1dc841a34909185b81904c5337b4b27f7a6fd60c49e?s=96&d=mm&r=g\",\"caption\":\"Lorenzo Verduzco\"}}]}<\/script>\n<!-- \/ Yoast SEO plugin. -->","yoast_head_json":{"title":"Interam\u00e9rica: El liderazgo de la iglesia en busca de nuevas oportunidades de crecimiento de feligres\u00eda en el 2014 - Iglesia Adventista del S\u00e9ptimo D\u00eda - Divisi\u00f3n Interamericana","robots":{"index":"index","follow":"follow","max-snippet":"max-snippet:-1","max-image-preview":"max-image-preview:large","max-video-preview":"max-video-preview:-1"},"canonical":"https:\/\/interamerica.org\/es\/2014\/01\/interamerica-el-liderazgo-de-la-iglesia-en-busca-de-nuevas-oportunidades-de-crecimiento-de-feligresia-en-el-2014\/","og_locale":"es_ES","og_type":"article","og_title":"Interam\u00e9rica: El liderazgo de la iglesia en busca de nuevas oportunidades de crecimiento de feligres\u00eda en el 2014 - Iglesia Adventista del S\u00e9ptimo D\u00eda - Divisi\u00f3n Interamericana","og_description":"Pocos d\u00edas despu\u00e9s del comienzo del a\u00f1o, los dirigentes de la Iglesia Adventista del S\u00e9ptimo D\u00eda y los miembros del personal de la Divisi\u00f3n Interamericana (DIA), se reunieron para celebrar un servicio especial de adoraci\u00f3n y alabar a Dios por el progreso de su obra en el 2013 en todo su vasto territorio.","og_url":"https:\/\/interamerica.org\/es\/2014\/01\/interamerica-el-liderazgo-de-la-iglesia-en-busca-de-nuevas-oportunidades-de-crecimiento-de-feligresia-en-el-2014\/","og_site_name":"Iglesia Adventista del S\u00e9ptimo D\u00eda - Divisi\u00f3n Interamericana","article_published_time":"2014-01-11T04:00:00+00:00","og_image":[{"width":590,"height":458,"url":"https:\/\/interamerica.org\/wp-content\/uploads\/2017\/06\/2014Worship.png","type":"image\/png"}],"author":"Lorenzo Verduzco","twitter_card":"summary_large_image","twitter_misc":{"Escrito por":"Lorenzo Verduzco","Tiempo de lectura":"6 minutos"},"schema":{"@context":"https:\/\/schema.org","@graph":[{"@type":"Article","@id":"https:\/\/interamerica.org\/es\/2014\/01\/interamerica-el-liderazgo-de-la-iglesia-en-busca-de-nuevas-oportunidades-de-crecimiento-de-feligresia-en-el-2014\/#article","isPartOf":{"@id":"https:\/\/interamerica.org\/es\/2014\/01\/interamerica-el-liderazgo-de-la-iglesia-en-busca-de-nuevas-oportunidades-de-crecimiento-de-feligresia-en-el-2014\/"},"author":{"name":"Lorenzo Verduzco","@id":"https:\/\/interamerica.org\/es\/#\/schema\/person\/68ede8bdc292885bb76c1e3810e73c39"},"headline":"Interam\u00e9rica: El liderazgo de la iglesia en busca de nuevas oportunidades de crecimiento de feligres\u00eda en el 2014","datePublished":"2014-01-11T04:00:00+00:00","mainEntityOfPage":{"@id":"https:\/\/interamerica.org\/es\/2014\/01\/interamerica-el-liderazgo-de-la-iglesia-en-busca-de-nuevas-oportunidades-de-crecimiento-de-feligresia-en-el-2014\/"},"wordCount":1134,"image":{"@id":"https:\/\/interamerica.org\/es\/2014\/01\/interamerica-el-liderazgo-de-la-iglesia-en-busca-de-nuevas-oportunidades-de-crecimiento-de-feligresia-en-el-2014\/#primaryimage"},"thumbnailUrl":"https:\/\/interamerica.org\/wp-content\/uploads\/2017\/06\/2014Worship.png","articleSection":["Desde la sede"],"inLanguage":"es"},{"@type":"WebPage","@id":"https:\/\/interamerica.org\/es\/2014\/01\/interamerica-el-liderazgo-de-la-iglesia-en-busca-de-nuevas-oportunidades-de-crecimiento-de-feligresia-en-el-2014\/","url":"https:\/\/interamerica.org\/es\/2014\/01\/interamerica-el-liderazgo-de-la-iglesia-en-busca-de-nuevas-oportunidades-de-crecimiento-de-feligresia-en-el-2014\/","name":"Interam\u00e9rica: El liderazgo de la iglesia en busca de nuevas oportunidades de crecimiento de feligres\u00eda en el 2014 - Iglesia Adventista del S\u00e9ptimo D\u00eda - Divisi\u00f3n Interamericana","isPartOf":{"@id":"https:\/\/interamerica.org\/es\/#website"},"primaryImageOfPage":{"@id":"https:\/\/interamerica.org\/es\/2014\/01\/interamerica-el-liderazgo-de-la-iglesia-en-busca-de-nuevas-oportunidades-de-crecimiento-de-feligresia-en-el-2014\/#primaryimage"},"image":{"@id":"https:\/\/interamerica.org\/es\/2014\/01\/interamerica-el-liderazgo-de-la-iglesia-en-busca-de-nuevas-oportunidades-de-crecimiento-de-feligresia-en-el-2014\/#primaryimage"},"thumbnailUrl":"https:\/\/interamerica.org\/wp-content\/uploads\/2017\/06\/2014Worship.png","datePublished":"2014-01-11T04:00:00+00:00","author":{"@id":"https:\/\/interamerica.org\/es\/#\/schema\/person\/68ede8bdc292885bb76c1e3810e73c39"},"breadcrumb":{"@id":"https:\/\/interamerica.org\/es\/2014\/01\/interamerica-el-liderazgo-de-la-iglesia-en-busca-de-nuevas-oportunidades-de-crecimiento-de-feligresia-en-el-2014\/#breadcrumb"},"inLanguage":"es","potentialAction":[{"@type":"ReadAction","target":["https:\/\/interamerica.org\/es\/2014\/01\/interamerica-el-liderazgo-de-la-iglesia-en-busca-de-nuevas-oportunidades-de-crecimiento-de-feligresia-en-el-2014\/"]}]},{"@type":"ImageObject","inLanguage":"es","@id":"https:\/\/interamerica.org\/es\/2014\/01\/interamerica-el-liderazgo-de-la-iglesia-en-busca-de-nuevas-oportunidades-de-crecimiento-de-feligresia-en-el-2014\/#primaryimage","url":"https:\/\/interamerica.org\/wp-content\/uploads\/2017\/06\/2014Worship.png","contentUrl":"https:\/\/interamerica.org\/wp-content\/uploads\/2017\/06\/2014Worship.png","width":590,"height":458},{"@type":"BreadcrumbList","@id":"https:\/\/interamerica.org\/es\/2014\/01\/interamerica-el-liderazgo-de-la-iglesia-en-busca-de-nuevas-oportunidades-de-crecimiento-de-feligresia-en-el-2014\/#breadcrumb","itemListElement":[{"@type":"ListItem","position":1,"name":"Home","item":"https:\/\/interamerica.org\/es\/"},{"@type":"ListItem","position":2,"name":"Interam\u00e9rica: El liderazgo de la iglesia en busca de nuevas oportunidades de crecimiento de feligres\u00eda en el 2014"}]},{"@type":"WebSite","@id":"https:\/\/interamerica.org\/es\/#website","url":"https:\/\/interamerica.org\/es\/","name":"Iglesia Adventista del S\u00e9ptimo D\u00eda - Divisi\u00f3n Interamericana","description":"","potentialAction":[{"@type":"SearchAction","target":{"@type":"EntryPoint","urlTemplate":"https:\/\/interamerica.org\/es\/?s={search_term_string}"},"query-input":{"@type":"PropertyValueSpecification","valueRequired":true,"valueName":"search_term_string"}}],"inLanguage":"es"},{"@type":"Person","@id":"https:\/\/interamerica.org\/es\/#\/schema\/person\/68ede8bdc292885bb76c1e3810e73c39","name":"Lorenzo Verduzco","image":{"@type":"ImageObject","inLanguage":"es","@id":"https:\/\/secure.gravatar.com\/avatar\/fb81a55b6218459490a9c1dc841a34909185b81904c5337b4b27f7a6fd60c49e?s=96&d=mm&r=g","url":"https:\/\/secure.gravatar.com\/avatar\/fb81a55b6218459490a9c1dc841a34909185b81904c5337b4b27f7a6fd60c49e?s=96&d=mm&r=g","contentUrl":"https:\/\/secure.gravatar.com\/avatar\/fb81a55b6218459490a9c1dc841a34909185b81904c5337b4b27f7a6fd60c49e?s=96&d=mm&r=g","caption":"Lorenzo Verduzco"}}]}},"_links":{"self":[{"href":"https:\/\/interamerica.org\/es\/wp-json\/wp\/v2\/posts\/30404","targetHints":{"allow":["GET"]}}],"collection":[{"href":"https:\/\/interamerica.org\/es\/wp-json\/wp\/v2\/posts"}],"about":[{"href":"https:\/\/interamerica.org\/es\/wp-json\/wp\/v2\/types\/post"}],"author":[{"embeddable":true,"href":"https:\/\/interamerica.org\/es\/wp-json\/wp\/v2\/users\/1"}],"replies":[{"embeddable":true,"href":"https:\/\/interamerica.org\/es\/wp-json\/wp\/v2\/comments?post=30404"}],"version-history":[{"count":0,"href":"https:\/\/interamerica.org\/es\/wp-json\/wp\/v2\/posts\/30404\/revisions"}],"wp:featuredmedia":[{"embeddable":true,"href":"https:\/\/interamerica.org\/es\/wp-json\/wp\/v2\/media\/22464"}],"wp:attachment":[{"href":"https:\/\/interamerica.org\/es\/wp-json\/wp\/v2\/media?parent=30404"}],"wp:term":[{"taxonomy":"category","embeddable":true,"href":"https:\/\/interamerica.org\/es\/wp-json\/wp\/v2\/categories?post=30404"},{"taxonomy":"post_tag","embeddable":true,"href":"https:\/\/interamerica.org\/es\/wp-json\/wp\/v2\/tags?post=30404"}],"curies":[{"name":"wp","href":"https:\/\/api.w.org\/{rel}","templated":true}]}}