{"id":30405,"date":"2014-01-14T00:00:00","date_gmt":"2014-01-14T04:00:00","guid":{"rendered":"http:\/\/192.81.217.108\/interamerica\/2014\/01\/monteiro-queda-libre-y-sale-de-prision-en-togo\/"},"modified":"2014-01-14T00:00:00","modified_gmt":"2014-01-14T04:00:00","slug":"monteiro-queda-libre-y-sale-de-prision-en-togo","status":"publish","type":"post","link":"https:\/\/interamerica.org\/es\/2014\/01\/monteiro-queda-libre-y-sale-de-prision-en-togo\/","title":{"rendered":"Monteiro queda libre y sale de prisi\u00f3n en Togo"},"content":{"rendered":"<p>13 de enero de 2014 &#8211; Silver Spring, Maryland, Estados Unidos&#8230;ANN<\/p>\n<div id=\"attachment_10332\" style=\"width: 310px\" class=\"wp-caption alignright\"><a href=\"\/interamerica\/wp-content\/uploads\/2017\/06\/csm_mont_out_2_c457394d57.jpg\" rel=\"fancybox\" title=\"Monteiro queda libre y sale de prisi\u00f3n en Togo\"><img fetchpriority=\"high\" decoding=\"async\" aria-describedby=\"caption-attachment-10332\" class=\"size-medium wp-image-10332\" src=\"\/interamerica\/wp-content\/uploads\/2017\/06\/csm_mont_out_2_c457394d57-300x225.jpg\" alt=\"\" width=\"300\" height=\"225\" \/><\/a><p id=\"caption-attachment-10332\" class=\"wp-caption-text\">El pastor adventista Antonio Monteiro ha regresado hoy a su hogar para estar con su familia al ser liberado de la c\u00e1rcel, despu\u00e9s de casi 22 meses de detenci\u00f3n. El caso ha sido seguido ampliamente por la Iglesia Adventista mundial. Fotograf\u00eda de ANN<\/p><\/div>\n<p>El pastor adventista Antonio Monteiro fue liberado esta tarde de la c\u00e1rcel en Lom\u00e9, Togo, poniendo de esta manera fin a la dura experiencia de casi dos a\u00f1os que lo mantuvo detenido a \u00e9l y a otras cuatro personas acusados de cargos de conspiraci\u00f3n para cometer homicidio, en un caso que acapar\u00f3 la atenci\u00f3n de la Iglesia Adventista mundial.<\/p>\n<p>Monteiro fue liberado de la Prisi\u00f3n Civil de Lom\u00e9 a las 16.30 despu\u00e9s de haber sido exonerado en un veredicto dado en el d\u00eda de ayer por la corte. En prisi\u00f3n a\u00fan se encuentra Bruno Amah, que tambi\u00e9n es miembro de la Iglesia Adventista y fue condenado por un jurado y sentenciado a prisi\u00f3n perpetua. Amah est\u00e1 analizando cu\u00e1les son sus opciones legales, que incluyen la apelaci\u00f3n de la decisi\u00f3n.<\/p>\n<p>Monteiro fue recibido hoy fuera de la prisi\u00f3n por su equipo legal y por directivos de la Uni\u00f3n Misi\u00f3n de Sahel de la Iglesia Adventista, donde Monteiro hab\u00eda trabajado desde 2009 como director de Ministerios de Familia. Monteiro es oriundo de la naci\u00f3n insular de Cabo Verde, y se espera que regrese a ese pa\u00eds pr\u00f3ximamente.<\/p>\n<p>Ted N. C. Wilson, el presidente de la Iglesia Adventista mundial, se comunic\u00f3 con Monteiro por tel\u00e9fono. Wilson dijo que Monteiro agradeci\u00f3 a la iglesia mundial por su apoyo. Millones de adventistas en todo el mundo\u00a0han llevado a cabo vigilias internacionales de oraci\u00f3n, lanzado campa\u00f1as de medios sociales, patrocinado iniciativas de escritura de cartas a los funcionarios de gobierno y diplom\u00e1ticos, organizado conferencias de prensa y dirigido la recolecci\u00f3n de firmas donde se peticion\u00f3 la liberaci\u00f3n de Monteiro y de los dem\u00e1s involucrados en el caso.<br \/>\nLos directivos de la iglesia dijeron tener \u00absentimientos encontrados\u00bb por el veredicto judicial del d\u00eda de ayer, que exoner\u00f3 a algunos y conden\u00f3 a otros.<\/p>\n<p>\u00abLa absoluci\u00f3n del pastor Monteiro es una buena noticia, y nos sentimos felices por \u00e9l y su familia. Nos sentimos muy sorprendidos y tristes por la condena de Amah\u00bb, dijo en el d\u00eda de ayer John Graz, director de Relaciones P\u00fablicas y Libertad Religiosa de la Iglesia Adventista mundial.<\/p>\n<p>Los arrestos y las detenciones se produjeron despu\u00e9s de una serie de homicidios en septiembre de 2011. Cinco hombres, incluidos Monteiro y Amah, fueron detenidos en marzo de 2012 y mantenidos en la c\u00e1rcel sin juicio previo sobre la base de la acusaci\u00f3n de un hombre que fue descrito como un \u00abmentiroso patol\u00f3gico\u00bb en un examen psiqui\u00e1trico ordenado por la corte. Ese hombre, Kpatcha\u00a0que tambi\u00e9n fue detenido, tambi\u00e9n fue condenado en el fallo de esta ma\u00f1ana y condenado a prisi\u00f3n perpetua.<\/p>\n<p>Seg\u00fan la fuente period\u00edstica o policial, m\u00e1s de una decena de cuerpos de mujeres de entre 12 a 36 a\u00f1os fueron encontrados en el suburbio norte de Lom\u00e9 conocido como Agou\u00e9. Los cuerpos ten\u00edan heridas de arma blanca, y algunos de sus \u00f3rganos sexuales hab\u00edan sido removidos. En las ceremonias de vud\u00fa se suelen usar sangre y partes de animales, y el vud\u00fa es ampliamente practicado en el pa\u00eds.<\/p>\n<p>Cuando no se produjeron arrestos, la gente exigi\u00f3 justicia por los asesinatos, explicaron los l\u00edderes de la iglesia.<\/p>\n<p>Simliya apareci\u00f3 m\u00e1s tarde en la televisi\u00f3n, rodeado por polic\u00edas, y all\u00ed cont\u00f3 que la serie de homicidios hab\u00eda sido organizada por \u00e9l. Entonces comenz\u00f3 a nombrar c\u00f3mplices que recogieron la sangre y los \u00f3rganos. Pero gran parte de su versi\u00f3n result\u00f3 improbable, incluido el n\u00famero de v\u00edctimas y los m\u00e9todos usados, seg\u00fan el examinador m\u00e9dico de Simliya.<\/p>\n<p>\u00abCualquier persona informada y razonable tendr\u00eda dudas respecto de esta incre\u00edble efusi\u00f3n or la factibilidad de sus delitos o supuestos cr\u00edmenes\u00bb, expres\u00f3 el informe siqui\u00e1trico ordenado por la corte el pasado 9 de septiembre de 2012, que fue visto por ANN.<\/p>\n<p>Simliya se retract\u00f3 m\u00e1s tarde de su acusaci\u00f3n, afirmando que hab\u00eda sido golpeado por la polic\u00eda y forzado a dar nombres de gente que supuestamente \u00e9l sab\u00eda que eran tambi\u00e9n conspiradores en una red de tr\u00e1fico de sangre, seg\u00fan el examen siqui\u00e1trico.<\/p>\n<p>Aun as\u00ed, su testimonio (la \u00fanica evidencia del caso) fue suficiente para las condenas en el fallo de ayer.<\/p>\n<p>Los directivos de la Divisi\u00f3n de \u00c1frica Centro Occidental de la Iglesia Adventista, con sede en Abiy\u00e1n, Costa de Marfil, dijeron que Monteiro recibir\u00e1 la atenci\u00f3n adecuada una vez que regrese a su hogar en Cabo Verde.<\/p>\n<p><em>Traducci\u00f3n de Marcos Paseggi<\/em><\/p>\n","protected":false},"excerpt":{"rendered":"<p>El pastor adventista Antonio Monteiro fue liberado esta tarde de la c\u00e1rcel en Lom\u00e9, Togo, poniendo de esta manera fin a la dura experiencia de casi dos a\u00f1os que lo mantuvo detenido a \u00e9l y a otras cuatro personas acusados de cargos de conspiraci\u00f3n para cometer homicidio, en un caso que acapar\u00f3 la atenci\u00f3n de la Iglesia Adventista mundial.<\/p>\n","protected":false},"author":1,"featured_media":22484,"comment_status":"closed","ping_status":"closed","sticky":false,"template":"","format":"standard","meta":{"_acf_changed":false,"footnotes":""},"categories":[14],"tags":[],"class_list":["post-30405","post","type-post","status-publish","format-standard","has-post-thumbnail","hentry","category-de-la-iglesia-mundial"],"acf":[],"yoast_head":"<!-- This site is optimized with the Yoast SEO plugin v27.3 - https:\/\/yoast.com\/product\/yoast-seo-wordpress\/ -->\n<title>Monteiro queda libre y sale de prisi\u00f3n en Togo - Iglesia Adventista del S\u00e9ptimo D\u00eda - Divisi\u00f3n Interamericana<\/title>\n<meta name=\"robots\" content=\"index, follow, max-snippet:-1, max-image-preview:large, max-video-preview:-1\" \/>\n<link rel=\"canonical\" href=\"https:\/\/interamerica.org\/es\/2014\/01\/monteiro-queda-libre-y-sale-de-prision-en-togo\/\" \/>\n<meta property=\"og:locale\" content=\"es_ES\" \/>\n<meta property=\"og:type\" content=\"article\" \/>\n<meta property=\"og:title\" content=\"Monteiro queda libre y sale de prisi\u00f3n en Togo - Iglesia Adventista del S\u00e9ptimo D\u00eda - Divisi\u00f3n Interamericana\" \/>\n<meta property=\"og:description\" content=\"El pastor adventista Antonio Monteiro fue liberado esta tarde de la c\u00e1rcel en Lom\u00e9, Togo, poniendo de esta manera fin a la dura experiencia de casi dos a\u00f1os que lo mantuvo detenido a \u00e9l y a otras cuatro personas acusados de cargos de conspiraci\u00f3n para cometer homicidio, en un caso que acapar\u00f3 la atenci\u00f3n de la Iglesia Adventista mundial.\" \/>\n<meta property=\"og:url\" content=\"https:\/\/interamerica.org\/es\/2014\/01\/monteiro-queda-libre-y-sale-de-prision-en-togo\/\" \/>\n<meta property=\"og:site_name\" content=\"Iglesia Adventista del S\u00e9ptimo D\u00eda - Divisi\u00f3n Interamericana\" \/>\n<meta property=\"article:published_time\" content=\"2014-01-14T04:00:00+00:00\" \/>\n<meta property=\"og:image\" content=\"https:\/\/interamerica.org\/wp-content\/uploads\/2017\/06\/csm_mont_out_2_c457394d57.jpg\" \/>\n\t<meta property=\"og:image:width\" content=\"400\" \/>\n\t<meta property=\"og:image:height\" content=\"300\" \/>\n\t<meta property=\"og:image:type\" content=\"image\/jpeg\" \/>\n<meta name=\"author\" content=\"Lorenzo Verduzco\" \/>\n<meta name=\"twitter:card\" content=\"summary_large_image\" \/>\n<meta name=\"twitter:label1\" content=\"Escrito por\" \/>\n\t<meta name=\"twitter:data1\" content=\"Lorenzo Verduzco\" \/>\n\t<meta name=\"twitter:label2\" content=\"Tiempo de lectura\" \/>\n\t<meta name=\"twitter:data2\" content=\"4 minutos\" \/>\n<script type=\"application\/ld+json\" class=\"yoast-schema-graph\">{\"@context\":\"https:\\\/\\\/schema.org\",\"@graph\":[{\"@type\":\"Article\",\"@id\":\"https:\\\/\\\/interamerica.org\\\/es\\\/2014\\\/01\\\/monteiro-queda-libre-y-sale-de-prision-en-togo\\\/#article\",\"isPartOf\":{\"@id\":\"https:\\\/\\\/interamerica.org\\\/es\\\/2014\\\/01\\\/monteiro-queda-libre-y-sale-de-prision-en-togo\\\/\"},\"author\":{\"name\":\"Lorenzo Verduzco\",\"@id\":\"https:\\\/\\\/interamerica.org\\\/es\\\/#\\\/schema\\\/person\\\/68ede8bdc292885bb76c1e3810e73c39\"},\"headline\":\"Monteiro queda libre y sale de prisi\u00f3n en Togo\",\"datePublished\":\"2014-01-14T04:00:00+00:00\",\"mainEntityOfPage\":{\"@id\":\"https:\\\/\\\/interamerica.org\\\/es\\\/2014\\\/01\\\/monteiro-queda-libre-y-sale-de-prision-en-togo\\\/\"},\"wordCount\":859,\"image\":{\"@id\":\"https:\\\/\\\/interamerica.org\\\/es\\\/2014\\\/01\\\/monteiro-queda-libre-y-sale-de-prision-en-togo\\\/#primaryimage\"},\"thumbnailUrl\":\"https:\\\/\\\/interamerica.org\\\/wp-content\\\/uploads\\\/2017\\\/06\\\/csm_mont_out_2_c457394d57.jpg\",\"articleSection\":[\"Desde la iglesia mundial\"],\"inLanguage\":\"es\"},{\"@type\":\"WebPage\",\"@id\":\"https:\\\/\\\/interamerica.org\\\/es\\\/2014\\\/01\\\/monteiro-queda-libre-y-sale-de-prision-en-togo\\\/\",\"url\":\"https:\\\/\\\/interamerica.org\\\/es\\\/2014\\\/01\\\/monteiro-queda-libre-y-sale-de-prision-en-togo\\\/\",\"name\":\"Monteiro queda libre y sale de prisi\u00f3n en Togo - Iglesia Adventista del S\u00e9ptimo D\u00eda - Divisi\u00f3n Interamericana\",\"isPartOf\":{\"@id\":\"https:\\\/\\\/interamerica.org\\\/es\\\/#website\"},\"primaryImageOfPage\":{\"@id\":\"https:\\\/\\\/interamerica.org\\\/es\\\/2014\\\/01\\\/monteiro-queda-libre-y-sale-de-prision-en-togo\\\/#primaryimage\"},\"image\":{\"@id\":\"https:\\\/\\\/interamerica.org\\\/es\\\/2014\\\/01\\\/monteiro-queda-libre-y-sale-de-prision-en-togo\\\/#primaryimage\"},\"thumbnailUrl\":\"https:\\\/\\\/interamerica.org\\\/wp-content\\\/uploads\\\/2017\\\/06\\\/csm_mont_out_2_c457394d57.jpg\",\"datePublished\":\"2014-01-14T04:00:00+00:00\",\"author\":{\"@id\":\"https:\\\/\\\/interamerica.org\\\/es\\\/#\\\/schema\\\/person\\\/68ede8bdc292885bb76c1e3810e73c39\"},\"breadcrumb\":{\"@id\":\"https:\\\/\\\/interamerica.org\\\/es\\\/2014\\\/01\\\/monteiro-queda-libre-y-sale-de-prision-en-togo\\\/#breadcrumb\"},\"inLanguage\":\"es\",\"potentialAction\":[{\"@type\":\"ReadAction\",\"target\":[\"https:\\\/\\\/interamerica.org\\\/es\\\/2014\\\/01\\\/monteiro-queda-libre-y-sale-de-prision-en-togo\\\/\"]}]},{\"@type\":\"ImageObject\",\"inLanguage\":\"es\",\"@id\":\"https:\\\/\\\/interamerica.org\\\/es\\\/2014\\\/01\\\/monteiro-queda-libre-y-sale-de-prision-en-togo\\\/#primaryimage\",\"url\":\"https:\\\/\\\/interamerica.org\\\/wp-content\\\/uploads\\\/2017\\\/06\\\/csm_mont_out_2_c457394d57.jpg\",\"contentUrl\":\"https:\\\/\\\/interamerica.org\\\/wp-content\\\/uploads\\\/2017\\\/06\\\/csm_mont_out_2_c457394d57.jpg\",\"width\":400,\"height\":300},{\"@type\":\"BreadcrumbList\",\"@id\":\"https:\\\/\\\/interamerica.org\\\/es\\\/2014\\\/01\\\/monteiro-queda-libre-y-sale-de-prision-en-togo\\\/#breadcrumb\",\"itemListElement\":[{\"@type\":\"ListItem\",\"position\":1,\"name\":\"Home\",\"item\":\"https:\\\/\\\/interamerica.org\\\/es\\\/\"},{\"@type\":\"ListItem\",\"position\":2,\"name\":\"Monteiro queda libre y sale de prisi\u00f3n en Togo\"}]},{\"@type\":\"WebSite\",\"@id\":\"https:\\\/\\\/interamerica.org\\\/es\\\/#website\",\"url\":\"https:\\\/\\\/interamerica.org\\\/es\\\/\",\"name\":\"Iglesia Adventista del S\u00e9ptimo D\u00eda - Divisi\u00f3n Interamericana\",\"description\":\"\",\"potentialAction\":[{\"@type\":\"SearchAction\",\"target\":{\"@type\":\"EntryPoint\",\"urlTemplate\":\"https:\\\/\\\/interamerica.org\\\/es\\\/?s={search_term_string}\"},\"query-input\":{\"@type\":\"PropertyValueSpecification\",\"valueRequired\":true,\"valueName\":\"search_term_string\"}}],\"inLanguage\":\"es\"},{\"@type\":\"Person\",\"@id\":\"https:\\\/\\\/interamerica.org\\\/es\\\/#\\\/schema\\\/person\\\/68ede8bdc292885bb76c1e3810e73c39\",\"name\":\"Lorenzo Verduzco\",\"image\":{\"@type\":\"ImageObject\",\"inLanguage\":\"es\",\"@id\":\"https:\\\/\\\/secure.gravatar.com\\\/avatar\\\/fb81a55b6218459490a9c1dc841a34909185b81904c5337b4b27f7a6fd60c49e?s=96&d=mm&r=g\",\"url\":\"https:\\\/\\\/secure.gravatar.com\\\/avatar\\\/fb81a55b6218459490a9c1dc841a34909185b81904c5337b4b27f7a6fd60c49e?s=96&d=mm&r=g\",\"contentUrl\":\"https:\\\/\\\/secure.gravatar.com\\\/avatar\\\/fb81a55b6218459490a9c1dc841a34909185b81904c5337b4b27f7a6fd60c49e?s=96&d=mm&r=g\",\"caption\":\"Lorenzo Verduzco\"}}]}<\/script>\n<!-- \/ Yoast SEO plugin. -->","yoast_head_json":{"title":"Monteiro queda libre y sale de prisi\u00f3n en Togo - Iglesia Adventista del S\u00e9ptimo D\u00eda - Divisi\u00f3n Interamericana","robots":{"index":"index","follow":"follow","max-snippet":"max-snippet:-1","max-image-preview":"max-image-preview:large","max-video-preview":"max-video-preview:-1"},"canonical":"https:\/\/interamerica.org\/es\/2014\/01\/monteiro-queda-libre-y-sale-de-prision-en-togo\/","og_locale":"es_ES","og_type":"article","og_title":"Monteiro queda libre y sale de prisi\u00f3n en Togo - Iglesia Adventista del S\u00e9ptimo D\u00eda - Divisi\u00f3n Interamericana","og_description":"El pastor adventista Antonio Monteiro fue liberado esta tarde de la c\u00e1rcel en Lom\u00e9, Togo, poniendo de esta manera fin a la dura experiencia de casi dos a\u00f1os que lo mantuvo detenido a \u00e9l y a otras cuatro personas acusados de cargos de conspiraci\u00f3n para cometer homicidio, en un caso que acapar\u00f3 la atenci\u00f3n de la Iglesia Adventista mundial.","og_url":"https:\/\/interamerica.org\/es\/2014\/01\/monteiro-queda-libre-y-sale-de-prision-en-togo\/","og_site_name":"Iglesia Adventista del S\u00e9ptimo D\u00eda - Divisi\u00f3n Interamericana","article_published_time":"2014-01-14T04:00:00+00:00","og_image":[{"width":400,"height":300,"url":"https:\/\/interamerica.org\/wp-content\/uploads\/2017\/06\/csm_mont_out_2_c457394d57.jpg","type":"image\/jpeg"}],"author":"Lorenzo Verduzco","twitter_card":"summary_large_image","twitter_misc":{"Escrito por":"Lorenzo Verduzco","Tiempo de lectura":"4 minutos"},"schema":{"@context":"https:\/\/schema.org","@graph":[{"@type":"Article","@id":"https:\/\/interamerica.org\/es\/2014\/01\/monteiro-queda-libre-y-sale-de-prision-en-togo\/#article","isPartOf":{"@id":"https:\/\/interamerica.org\/es\/2014\/01\/monteiro-queda-libre-y-sale-de-prision-en-togo\/"},"author":{"name":"Lorenzo Verduzco","@id":"https:\/\/interamerica.org\/es\/#\/schema\/person\/68ede8bdc292885bb76c1e3810e73c39"},"headline":"Monteiro queda libre y sale de prisi\u00f3n en Togo","datePublished":"2014-01-14T04:00:00+00:00","mainEntityOfPage":{"@id":"https:\/\/interamerica.org\/es\/2014\/01\/monteiro-queda-libre-y-sale-de-prision-en-togo\/"},"wordCount":859,"image":{"@id":"https:\/\/interamerica.org\/es\/2014\/01\/monteiro-queda-libre-y-sale-de-prision-en-togo\/#primaryimage"},"thumbnailUrl":"https:\/\/interamerica.org\/wp-content\/uploads\/2017\/06\/csm_mont_out_2_c457394d57.jpg","articleSection":["Desde la iglesia mundial"],"inLanguage":"es"},{"@type":"WebPage","@id":"https:\/\/interamerica.org\/es\/2014\/01\/monteiro-queda-libre-y-sale-de-prision-en-togo\/","url":"https:\/\/interamerica.org\/es\/2014\/01\/monteiro-queda-libre-y-sale-de-prision-en-togo\/","name":"Monteiro queda libre y sale de prisi\u00f3n en Togo - Iglesia Adventista del S\u00e9ptimo D\u00eda - Divisi\u00f3n Interamericana","isPartOf":{"@id":"https:\/\/interamerica.org\/es\/#website"},"primaryImageOfPage":{"@id":"https:\/\/interamerica.org\/es\/2014\/01\/monteiro-queda-libre-y-sale-de-prision-en-togo\/#primaryimage"},"image":{"@id":"https:\/\/interamerica.org\/es\/2014\/01\/monteiro-queda-libre-y-sale-de-prision-en-togo\/#primaryimage"},"thumbnailUrl":"https:\/\/interamerica.org\/wp-content\/uploads\/2017\/06\/csm_mont_out_2_c457394d57.jpg","datePublished":"2014-01-14T04:00:00+00:00","author":{"@id":"https:\/\/interamerica.org\/es\/#\/schema\/person\/68ede8bdc292885bb76c1e3810e73c39"},"breadcrumb":{"@id":"https:\/\/interamerica.org\/es\/2014\/01\/monteiro-queda-libre-y-sale-de-prision-en-togo\/#breadcrumb"},"inLanguage":"es","potentialAction":[{"@type":"ReadAction","target":["https:\/\/interamerica.org\/es\/2014\/01\/monteiro-queda-libre-y-sale-de-prision-en-togo\/"]}]},{"@type":"ImageObject","inLanguage":"es","@id":"https:\/\/interamerica.org\/es\/2014\/01\/monteiro-queda-libre-y-sale-de-prision-en-togo\/#primaryimage","url":"https:\/\/interamerica.org\/wp-content\/uploads\/2017\/06\/csm_mont_out_2_c457394d57.jpg","contentUrl":"https:\/\/interamerica.org\/wp-content\/uploads\/2017\/06\/csm_mont_out_2_c457394d57.jpg","width":400,"height":300},{"@type":"BreadcrumbList","@id":"https:\/\/interamerica.org\/es\/2014\/01\/monteiro-queda-libre-y-sale-de-prision-en-togo\/#breadcrumb","itemListElement":[{"@type":"ListItem","position":1,"name":"Home","item":"https:\/\/interamerica.org\/es\/"},{"@type":"ListItem","position":2,"name":"Monteiro queda libre y sale de prisi\u00f3n en Togo"}]},{"@type":"WebSite","@id":"https:\/\/interamerica.org\/es\/#website","url":"https:\/\/interamerica.org\/es\/","name":"Iglesia Adventista del S\u00e9ptimo D\u00eda - Divisi\u00f3n Interamericana","description":"","potentialAction":[{"@type":"SearchAction","target":{"@type":"EntryPoint","urlTemplate":"https:\/\/interamerica.org\/es\/?s={search_term_string}"},"query-input":{"@type":"PropertyValueSpecification","valueRequired":true,"valueName":"search_term_string"}}],"inLanguage":"es"},{"@type":"Person","@id":"https:\/\/interamerica.org\/es\/#\/schema\/person\/68ede8bdc292885bb76c1e3810e73c39","name":"Lorenzo Verduzco","image":{"@type":"ImageObject","inLanguage":"es","@id":"https:\/\/secure.gravatar.com\/avatar\/fb81a55b6218459490a9c1dc841a34909185b81904c5337b4b27f7a6fd60c49e?s=96&d=mm&r=g","url":"https:\/\/secure.gravatar.com\/avatar\/fb81a55b6218459490a9c1dc841a34909185b81904c5337b4b27f7a6fd60c49e?s=96&d=mm&r=g","contentUrl":"https:\/\/secure.gravatar.com\/avatar\/fb81a55b6218459490a9c1dc841a34909185b81904c5337b4b27f7a6fd60c49e?s=96&d=mm&r=g","caption":"Lorenzo Verduzco"}}]}},"_links":{"self":[{"href":"https:\/\/interamerica.org\/es\/wp-json\/wp\/v2\/posts\/30405","targetHints":{"allow":["GET"]}}],"collection":[{"href":"https:\/\/interamerica.org\/es\/wp-json\/wp\/v2\/posts"}],"about":[{"href":"https:\/\/interamerica.org\/es\/wp-json\/wp\/v2\/types\/post"}],"author":[{"embeddable":true,"href":"https:\/\/interamerica.org\/es\/wp-json\/wp\/v2\/users\/1"}],"replies":[{"embeddable":true,"href":"https:\/\/interamerica.org\/es\/wp-json\/wp\/v2\/comments?post=30405"}],"version-history":[{"count":0,"href":"https:\/\/interamerica.org\/es\/wp-json\/wp\/v2\/posts\/30405\/revisions"}],"wp:featuredmedia":[{"embeddable":true,"href":"https:\/\/interamerica.org\/es\/wp-json\/wp\/v2\/media\/22484"}],"wp:attachment":[{"href":"https:\/\/interamerica.org\/es\/wp-json\/wp\/v2\/media?parent=30405"}],"wp:term":[{"taxonomy":"category","embeddable":true,"href":"https:\/\/interamerica.org\/es\/wp-json\/wp\/v2\/categories?post=30405"},{"taxonomy":"post_tag","embeddable":true,"href":"https:\/\/interamerica.org\/es\/wp-json\/wp\/v2\/tags?post=30405"}],"curies":[{"name":"wp","href":"https:\/\/api.w.org\/{rel}","templated":true}]}}