{"id":30406,"date":"2014-01-14T00:00:00","date_gmt":"2014-01-14T04:00:00","guid":{"rendered":"http:\/\/192.81.217.108\/interamerica\/2014\/01\/nuevo-contrato-satelital-expande-alcance-de-canal-de-television-adventista\/"},"modified":"2014-01-14T00:00:00","modified_gmt":"2014-01-14T04:00:00","slug":"nuevo-contrato-satelital-expande-alcance-de-canal-de-television-adventista","status":"publish","type":"post","link":"https:\/\/interamerica.org\/es\/2014\/01\/nuevo-contrato-satelital-expande-alcance-de-canal-de-television-adventista\/","title":{"rendered":"Nuevo contrato satelital expande alcance de canal de televisi\u00f3n adventista"},"content":{"rendered":"<p>14 de enero de 2014 &#8211; Silver Spring, Maryland, Estados Unidos -personal ANN<\/p>\n<div id=\"attachment_10339\" style=\"width: 310px\" class=\"wp-caption alignright\"><a href=\"\/interamerica\/wp-content\/uploads\/2017\/06\/csm_footprint-web_7de3c0c571.jpg\" rel=\"fancybox\" title=\"Nuevo contrato satelital expande alcance de canal de televisi\u00f3n adventista\"><img fetchpriority=\"high\" decoding=\"async\" aria-describedby=\"caption-attachment-10339\" class=\"size-medium wp-image-10339\" src=\"\/interamerica\/wp-content\/uploads\/2017\/06\/csm_footprint-web_7de3c0c571-300x210.jpg\" alt=\"\" width=\"300\" height=\"210\" \/><\/a><p id=\"caption-attachment-10339\" class=\"wp-caption-text\">Image by ANN<\/p><\/div>\n<p>Un nuevo contrato con un proveedor satelital para el canal adventista de televisi\u00f3n en Beirut, ampl\u00eda significativamente la cobertura de los medios de comunicaci\u00f3n empleados por la iglesia en el norte de \u00c1frica y el Oriente Medio. Hope Channel (Canal Esperanza) Al Waad entr\u00f3 este mes en un contrato de cinco a\u00f1os con el sat\u00e9lite Eutelsat 7 West A, un paso que de acuerdo con los oficiales de la red, introduce el mensaje de esperanza a una mayor audiencia en los idiomas ar\u00e1bigo, turco y farsi en esa regi\u00f3n.<\/p>\n<p>\u201cEste nuevo contrato es una fant\u00e1stica oportunidad para el avance de la obra de Dios, y un gran paso en favor del alcance misionero urbano\u00bb, dijo el presidente de Hope Channel, Brad Thorp. \u201cPodemos ahora proveer la programaci\u00f3n de Al Waad a cualquiera de las ciudades en esta regi\u00f3n, abriendo millones y millones de hogares a las buenas nuevas de Dios para una vida mejor hoy y por la eternidad.<\/p>\n<p>El sat\u00e9lite franc\u00e9s proveedor Eutelsat, opera Eutelsat 7 West A, cooperando muy de cerca con el proveedor satelital egipcio Nilesat, el proveedor satelital m\u00e1s grande en el Oriente Medio. El lanzamiento de Eutelsat 7 West A en el 2011 constituy\u00f3 parte de los esfuerzos del proveedor para incrementar las transmisiones en el Oriente Medio, los pa\u00edses del Golfo, el Norte de \u00c1frica y del noroeste de \u00c1frica.<\/p>\n<p>Los televidentes que usan el sat\u00e9lite Nilesat pueden ahora reajustar su lista de canales para recibir la se\u00f1al de televisi\u00f3n adventista en sus hogares. La v\u00eda satelital es el m\u00e9todo m\u00e1s com\u00fan de distribuci\u00f3n de transmisiones en el Oriente Medio.<\/p>\n<p>\u201cHemos estado orando por muchos a\u00f1os en favor de este desarrollo, dijo el director de Al Waad, Amir Ghali, y a\u00f1adi\u00f3 que \u00abla programaci\u00f3n pac\u00edfica y sin partidarismos\u00bb de ese canal ha sido bien recibida en la regi\u00f3n desde su lanzamiento en el 2010.<\/p>\n<p>Los programas transmitidos por Al Waad tratan sobre temas tales como salud, educaci\u00f3n y familia. El canal deriva su nombre del vocablo \u00e1rabe equivalente a \u00abpromesa\u00bb, ofreciendo lo que Ghali llam\u00f3 \u201cla promesa de esperanza\u00bb para esa regi\u00f3n.<\/p>\n<p>Traducido por Gloria A Castrej\u00f3n<\/p>\n","protected":false},"excerpt":{"rendered":"<p>Un nuevo contrato con un proveedor satelital para el canal adventista de televisi\u00f3n en Beirut, ampl\u00eda significativamente la cobertura de los medios de comunicaci\u00f3n empleados por la iglesia en el norte de \u00c1frica y el Oriente Medio.<\/p>\n","protected":false},"author":1,"featured_media":22491,"comment_status":"closed","ping_status":"closed","sticky":false,"template":"","format":"standard","meta":{"_acf_changed":false,"footnotes":""},"categories":[14],"tags":[],"class_list":["post-30406","post","type-post","status-publish","format-standard","has-post-thumbnail","hentry","category-de-la-iglesia-mundial"],"acf":[],"yoast_head":"<!-- This site is optimized with the Yoast SEO plugin v27.3 - https:\/\/yoast.com\/product\/yoast-seo-wordpress\/ -->\n<title>Nuevo contrato satelital expande alcance de canal de televisi\u00f3n adventista - Iglesia Adventista del S\u00e9ptimo D\u00eda - Divisi\u00f3n Interamericana<\/title>\n<meta name=\"robots\" content=\"index, follow, max-snippet:-1, max-image-preview:large, max-video-preview:-1\" \/>\n<link rel=\"canonical\" href=\"https:\/\/interamerica.org\/es\/2014\/01\/nuevo-contrato-satelital-expande-alcance-de-canal-de-television-adventista\/\" \/>\n<meta property=\"og:locale\" content=\"es_ES\" \/>\n<meta property=\"og:type\" content=\"article\" \/>\n<meta property=\"og:title\" content=\"Nuevo contrato satelital expande alcance de canal de televisi\u00f3n adventista - Iglesia Adventista del S\u00e9ptimo D\u00eda - Divisi\u00f3n Interamericana\" \/>\n<meta property=\"og:description\" content=\"Un nuevo contrato con un proveedor satelital para el canal adventista de televisi\u00f3n en Beirut, ampl\u00eda significativamente la cobertura de los medios de comunicaci\u00f3n empleados por la iglesia en el norte de \u00c1frica y el Oriente Medio.\" \/>\n<meta property=\"og:url\" content=\"https:\/\/interamerica.org\/es\/2014\/01\/nuevo-contrato-satelital-expande-alcance-de-canal-de-television-adventista\/\" \/>\n<meta property=\"og:site_name\" content=\"Iglesia Adventista del S\u00e9ptimo D\u00eda - Divisi\u00f3n Interamericana\" \/>\n<meta property=\"article:published_time\" content=\"2014-01-14T04:00:00+00:00\" \/>\n<meta property=\"og:image\" content=\"https:\/\/interamerica.org\/wp-content\/uploads\/2017\/06\/csm_footprint-web_7de3c0c571.jpg\" \/>\n\t<meta property=\"og:image:width\" content=\"400\" \/>\n\t<meta property=\"og:image:height\" content=\"280\" \/>\n\t<meta property=\"og:image:type\" content=\"image\/jpeg\" \/>\n<meta name=\"author\" content=\"Lorenzo Verduzco\" \/>\n<meta name=\"twitter:card\" content=\"summary_large_image\" \/>\n<meta name=\"twitter:label1\" content=\"Escrito por\" \/>\n\t<meta name=\"twitter:data1\" content=\"Lorenzo Verduzco\" \/>\n\t<meta name=\"twitter:label2\" content=\"Tiempo de lectura\" \/>\n\t<meta name=\"twitter:data2\" content=\"2 minutos\" \/>\n<script type=\"application\/ld+json\" class=\"yoast-schema-graph\">{\"@context\":\"https:\\\/\\\/schema.org\",\"@graph\":[{\"@type\":\"Article\",\"@id\":\"https:\\\/\\\/interamerica.org\\\/es\\\/2014\\\/01\\\/nuevo-contrato-satelital-expande-alcance-de-canal-de-television-adventista\\\/#article\",\"isPartOf\":{\"@id\":\"https:\\\/\\\/interamerica.org\\\/es\\\/2014\\\/01\\\/nuevo-contrato-satelital-expande-alcance-de-canal-de-television-adventista\\\/\"},\"author\":{\"name\":\"Lorenzo Verduzco\",\"@id\":\"https:\\\/\\\/interamerica.org\\\/es\\\/#\\\/schema\\\/person\\\/68ede8bdc292885bb76c1e3810e73c39\"},\"headline\":\"Nuevo contrato satelital expande alcance de canal de televisi\u00f3n adventista\",\"datePublished\":\"2014-01-14T04:00:00+00:00\",\"mainEntityOfPage\":{\"@id\":\"https:\\\/\\\/interamerica.org\\\/es\\\/2014\\\/01\\\/nuevo-contrato-satelital-expande-alcance-de-canal-de-television-adventista\\\/\"},\"wordCount\":410,\"image\":{\"@id\":\"https:\\\/\\\/interamerica.org\\\/es\\\/2014\\\/01\\\/nuevo-contrato-satelital-expande-alcance-de-canal-de-television-adventista\\\/#primaryimage\"},\"thumbnailUrl\":\"https:\\\/\\\/interamerica.org\\\/wp-content\\\/uploads\\\/2017\\\/06\\\/csm_footprint-web_7de3c0c571.jpg\",\"articleSection\":[\"Desde la iglesia mundial\"],\"inLanguage\":\"es\"},{\"@type\":\"WebPage\",\"@id\":\"https:\\\/\\\/interamerica.org\\\/es\\\/2014\\\/01\\\/nuevo-contrato-satelital-expande-alcance-de-canal-de-television-adventista\\\/\",\"url\":\"https:\\\/\\\/interamerica.org\\\/es\\\/2014\\\/01\\\/nuevo-contrato-satelital-expande-alcance-de-canal-de-television-adventista\\\/\",\"name\":\"Nuevo contrato satelital expande alcance de canal de televisi\u00f3n adventista - Iglesia Adventista del S\u00e9ptimo D\u00eda - Divisi\u00f3n Interamericana\",\"isPartOf\":{\"@id\":\"https:\\\/\\\/interamerica.org\\\/es\\\/#website\"},\"primaryImageOfPage\":{\"@id\":\"https:\\\/\\\/interamerica.org\\\/es\\\/2014\\\/01\\\/nuevo-contrato-satelital-expande-alcance-de-canal-de-television-adventista\\\/#primaryimage\"},\"image\":{\"@id\":\"https:\\\/\\\/interamerica.org\\\/es\\\/2014\\\/01\\\/nuevo-contrato-satelital-expande-alcance-de-canal-de-television-adventista\\\/#primaryimage\"},\"thumbnailUrl\":\"https:\\\/\\\/interamerica.org\\\/wp-content\\\/uploads\\\/2017\\\/06\\\/csm_footprint-web_7de3c0c571.jpg\",\"datePublished\":\"2014-01-14T04:00:00+00:00\",\"author\":{\"@id\":\"https:\\\/\\\/interamerica.org\\\/es\\\/#\\\/schema\\\/person\\\/68ede8bdc292885bb76c1e3810e73c39\"},\"breadcrumb\":{\"@id\":\"https:\\\/\\\/interamerica.org\\\/es\\\/2014\\\/01\\\/nuevo-contrato-satelital-expande-alcance-de-canal-de-television-adventista\\\/#breadcrumb\"},\"inLanguage\":\"es\",\"potentialAction\":[{\"@type\":\"ReadAction\",\"target\":[\"https:\\\/\\\/interamerica.org\\\/es\\\/2014\\\/01\\\/nuevo-contrato-satelital-expande-alcance-de-canal-de-television-adventista\\\/\"]}]},{\"@type\":\"ImageObject\",\"inLanguage\":\"es\",\"@id\":\"https:\\\/\\\/interamerica.org\\\/es\\\/2014\\\/01\\\/nuevo-contrato-satelital-expande-alcance-de-canal-de-television-adventista\\\/#primaryimage\",\"url\":\"https:\\\/\\\/interamerica.org\\\/wp-content\\\/uploads\\\/2017\\\/06\\\/csm_footprint-web_7de3c0c571.jpg\",\"contentUrl\":\"https:\\\/\\\/interamerica.org\\\/wp-content\\\/uploads\\\/2017\\\/06\\\/csm_footprint-web_7de3c0c571.jpg\",\"width\":400,\"height\":280},{\"@type\":\"BreadcrumbList\",\"@id\":\"https:\\\/\\\/interamerica.org\\\/es\\\/2014\\\/01\\\/nuevo-contrato-satelital-expande-alcance-de-canal-de-television-adventista\\\/#breadcrumb\",\"itemListElement\":[{\"@type\":\"ListItem\",\"position\":1,\"name\":\"Home\",\"item\":\"https:\\\/\\\/interamerica.org\\\/es\\\/\"},{\"@type\":\"ListItem\",\"position\":2,\"name\":\"Nuevo contrato satelital expande alcance de canal de televisi\u00f3n adventista\"}]},{\"@type\":\"WebSite\",\"@id\":\"https:\\\/\\\/interamerica.org\\\/es\\\/#website\",\"url\":\"https:\\\/\\\/interamerica.org\\\/es\\\/\",\"name\":\"Iglesia Adventista del S\u00e9ptimo D\u00eda - Divisi\u00f3n Interamericana\",\"description\":\"\",\"potentialAction\":[{\"@type\":\"SearchAction\",\"target\":{\"@type\":\"EntryPoint\",\"urlTemplate\":\"https:\\\/\\\/interamerica.org\\\/es\\\/?s={search_term_string}\"},\"query-input\":{\"@type\":\"PropertyValueSpecification\",\"valueRequired\":true,\"valueName\":\"search_term_string\"}}],\"inLanguage\":\"es\"},{\"@type\":\"Person\",\"@id\":\"https:\\\/\\\/interamerica.org\\\/es\\\/#\\\/schema\\\/person\\\/68ede8bdc292885bb76c1e3810e73c39\",\"name\":\"Lorenzo Verduzco\",\"image\":{\"@type\":\"ImageObject\",\"inLanguage\":\"es\",\"@id\":\"https:\\\/\\\/secure.gravatar.com\\\/avatar\\\/fb81a55b6218459490a9c1dc841a34909185b81904c5337b4b27f7a6fd60c49e?s=96&d=mm&r=g\",\"url\":\"https:\\\/\\\/secure.gravatar.com\\\/avatar\\\/fb81a55b6218459490a9c1dc841a34909185b81904c5337b4b27f7a6fd60c49e?s=96&d=mm&r=g\",\"contentUrl\":\"https:\\\/\\\/secure.gravatar.com\\\/avatar\\\/fb81a55b6218459490a9c1dc841a34909185b81904c5337b4b27f7a6fd60c49e?s=96&d=mm&r=g\",\"caption\":\"Lorenzo Verduzco\"}}]}<\/script>\n<!-- \/ Yoast SEO plugin. -->","yoast_head_json":{"title":"Nuevo contrato satelital expande alcance de canal de televisi\u00f3n adventista - Iglesia Adventista del S\u00e9ptimo D\u00eda - Divisi\u00f3n Interamericana","robots":{"index":"index","follow":"follow","max-snippet":"max-snippet:-1","max-image-preview":"max-image-preview:large","max-video-preview":"max-video-preview:-1"},"canonical":"https:\/\/interamerica.org\/es\/2014\/01\/nuevo-contrato-satelital-expande-alcance-de-canal-de-television-adventista\/","og_locale":"es_ES","og_type":"article","og_title":"Nuevo contrato satelital expande alcance de canal de televisi\u00f3n adventista - Iglesia Adventista del S\u00e9ptimo D\u00eda - Divisi\u00f3n Interamericana","og_description":"Un nuevo contrato con un proveedor satelital para el canal adventista de televisi\u00f3n en Beirut, ampl\u00eda significativamente la cobertura de los medios de comunicaci\u00f3n empleados por la iglesia en el norte de \u00c1frica y el Oriente Medio.","og_url":"https:\/\/interamerica.org\/es\/2014\/01\/nuevo-contrato-satelital-expande-alcance-de-canal-de-television-adventista\/","og_site_name":"Iglesia Adventista del S\u00e9ptimo D\u00eda - Divisi\u00f3n Interamericana","article_published_time":"2014-01-14T04:00:00+00:00","og_image":[{"width":400,"height":280,"url":"https:\/\/interamerica.org\/wp-content\/uploads\/2017\/06\/csm_footprint-web_7de3c0c571.jpg","type":"image\/jpeg"}],"author":"Lorenzo Verduzco","twitter_card":"summary_large_image","twitter_misc":{"Escrito por":"Lorenzo Verduzco","Tiempo de lectura":"2 minutos"},"schema":{"@context":"https:\/\/schema.org","@graph":[{"@type":"Article","@id":"https:\/\/interamerica.org\/es\/2014\/01\/nuevo-contrato-satelital-expande-alcance-de-canal-de-television-adventista\/#article","isPartOf":{"@id":"https:\/\/interamerica.org\/es\/2014\/01\/nuevo-contrato-satelital-expande-alcance-de-canal-de-television-adventista\/"},"author":{"name":"Lorenzo Verduzco","@id":"https:\/\/interamerica.org\/es\/#\/schema\/person\/68ede8bdc292885bb76c1e3810e73c39"},"headline":"Nuevo contrato satelital expande alcance de canal de televisi\u00f3n adventista","datePublished":"2014-01-14T04:00:00+00:00","mainEntityOfPage":{"@id":"https:\/\/interamerica.org\/es\/2014\/01\/nuevo-contrato-satelital-expande-alcance-de-canal-de-television-adventista\/"},"wordCount":410,"image":{"@id":"https:\/\/interamerica.org\/es\/2014\/01\/nuevo-contrato-satelital-expande-alcance-de-canal-de-television-adventista\/#primaryimage"},"thumbnailUrl":"https:\/\/interamerica.org\/wp-content\/uploads\/2017\/06\/csm_footprint-web_7de3c0c571.jpg","articleSection":["Desde la iglesia mundial"],"inLanguage":"es"},{"@type":"WebPage","@id":"https:\/\/interamerica.org\/es\/2014\/01\/nuevo-contrato-satelital-expande-alcance-de-canal-de-television-adventista\/","url":"https:\/\/interamerica.org\/es\/2014\/01\/nuevo-contrato-satelital-expande-alcance-de-canal-de-television-adventista\/","name":"Nuevo contrato satelital expande alcance de canal de televisi\u00f3n adventista - Iglesia Adventista del S\u00e9ptimo D\u00eda - Divisi\u00f3n Interamericana","isPartOf":{"@id":"https:\/\/interamerica.org\/es\/#website"},"primaryImageOfPage":{"@id":"https:\/\/interamerica.org\/es\/2014\/01\/nuevo-contrato-satelital-expande-alcance-de-canal-de-television-adventista\/#primaryimage"},"image":{"@id":"https:\/\/interamerica.org\/es\/2014\/01\/nuevo-contrato-satelital-expande-alcance-de-canal-de-television-adventista\/#primaryimage"},"thumbnailUrl":"https:\/\/interamerica.org\/wp-content\/uploads\/2017\/06\/csm_footprint-web_7de3c0c571.jpg","datePublished":"2014-01-14T04:00:00+00:00","author":{"@id":"https:\/\/interamerica.org\/es\/#\/schema\/person\/68ede8bdc292885bb76c1e3810e73c39"},"breadcrumb":{"@id":"https:\/\/interamerica.org\/es\/2014\/01\/nuevo-contrato-satelital-expande-alcance-de-canal-de-television-adventista\/#breadcrumb"},"inLanguage":"es","potentialAction":[{"@type":"ReadAction","target":["https:\/\/interamerica.org\/es\/2014\/01\/nuevo-contrato-satelital-expande-alcance-de-canal-de-television-adventista\/"]}]},{"@type":"ImageObject","inLanguage":"es","@id":"https:\/\/interamerica.org\/es\/2014\/01\/nuevo-contrato-satelital-expande-alcance-de-canal-de-television-adventista\/#primaryimage","url":"https:\/\/interamerica.org\/wp-content\/uploads\/2017\/06\/csm_footprint-web_7de3c0c571.jpg","contentUrl":"https:\/\/interamerica.org\/wp-content\/uploads\/2017\/06\/csm_footprint-web_7de3c0c571.jpg","width":400,"height":280},{"@type":"BreadcrumbList","@id":"https:\/\/interamerica.org\/es\/2014\/01\/nuevo-contrato-satelital-expande-alcance-de-canal-de-television-adventista\/#breadcrumb","itemListElement":[{"@type":"ListItem","position":1,"name":"Home","item":"https:\/\/interamerica.org\/es\/"},{"@type":"ListItem","position":2,"name":"Nuevo contrato satelital expande alcance de canal de televisi\u00f3n adventista"}]},{"@type":"WebSite","@id":"https:\/\/interamerica.org\/es\/#website","url":"https:\/\/interamerica.org\/es\/","name":"Iglesia Adventista del S\u00e9ptimo D\u00eda - Divisi\u00f3n Interamericana","description":"","potentialAction":[{"@type":"SearchAction","target":{"@type":"EntryPoint","urlTemplate":"https:\/\/interamerica.org\/es\/?s={search_term_string}"},"query-input":{"@type":"PropertyValueSpecification","valueRequired":true,"valueName":"search_term_string"}}],"inLanguage":"es"},{"@type":"Person","@id":"https:\/\/interamerica.org\/es\/#\/schema\/person\/68ede8bdc292885bb76c1e3810e73c39","name":"Lorenzo Verduzco","image":{"@type":"ImageObject","inLanguage":"es","@id":"https:\/\/secure.gravatar.com\/avatar\/fb81a55b6218459490a9c1dc841a34909185b81904c5337b4b27f7a6fd60c49e?s=96&d=mm&r=g","url":"https:\/\/secure.gravatar.com\/avatar\/fb81a55b6218459490a9c1dc841a34909185b81904c5337b4b27f7a6fd60c49e?s=96&d=mm&r=g","contentUrl":"https:\/\/secure.gravatar.com\/avatar\/fb81a55b6218459490a9c1dc841a34909185b81904c5337b4b27f7a6fd60c49e?s=96&d=mm&r=g","caption":"Lorenzo Verduzco"}}]}},"_links":{"self":[{"href":"https:\/\/interamerica.org\/es\/wp-json\/wp\/v2\/posts\/30406","targetHints":{"allow":["GET"]}}],"collection":[{"href":"https:\/\/interamerica.org\/es\/wp-json\/wp\/v2\/posts"}],"about":[{"href":"https:\/\/interamerica.org\/es\/wp-json\/wp\/v2\/types\/post"}],"author":[{"embeddable":true,"href":"https:\/\/interamerica.org\/es\/wp-json\/wp\/v2\/users\/1"}],"replies":[{"embeddable":true,"href":"https:\/\/interamerica.org\/es\/wp-json\/wp\/v2\/comments?post=30406"}],"version-history":[{"count":0,"href":"https:\/\/interamerica.org\/es\/wp-json\/wp\/v2\/posts\/30406\/revisions"}],"wp:featuredmedia":[{"embeddable":true,"href":"https:\/\/interamerica.org\/es\/wp-json\/wp\/v2\/media\/22491"}],"wp:attachment":[{"href":"https:\/\/interamerica.org\/es\/wp-json\/wp\/v2\/media?parent=30406"}],"wp:term":[{"taxonomy":"category","embeddable":true,"href":"https:\/\/interamerica.org\/es\/wp-json\/wp\/v2\/categories?post=30406"},{"taxonomy":"post_tag","embeddable":true,"href":"https:\/\/interamerica.org\/es\/wp-json\/wp\/v2\/tags?post=30406"}],"curies":[{"name":"wp","href":"https:\/\/api.w.org\/{rel}","templated":true}]}}