{"id":30409,"date":"2014-01-20T00:00:00","date_gmt":"2014-01-20T04:00:00","guid":{"rendered":"http:\/\/192.81.217.108\/interamerica\/2014\/01\/treinta-y-cinco-mil-jovenes-asisten-a-campori-adventista-en-brasil\/"},"modified":"2014-01-20T00:00:00","modified_gmt":"2014-01-20T04:00:00","slug":"treinta-y-cinco-mil-jovenes-asisten-a-campori-adventista-en-brasil","status":"publish","type":"post","link":"https:\/\/interamerica.org\/es\/2014\/01\/treinta-y-cinco-mil-jovenes-asisten-a-campori-adventista-en-brasil\/","title":{"rendered":"Treinta y cinco mil j\u00f3venes asisten a campor\u00ed adventista en Brasil"},"content":{"rendered":"<p>17 de enero de 2014 &#8211; Barretos, San Pablo, Brasil&#8230;Mark A. Kellner, Adventist World, con Felipe Lemos\u00a0y Deborah Calixto, ASN<\/p>\n<p>Un r\u00e9cord de 35 mil j\u00f3venes, en su mayor\u00eda adventistas provenientes de doce pa\u00edses se reunieron en Barretos, en el estado brasile\u00f1o de San Pablo desde el 7 al 12 de enero con motivo del IV Campor\u00ed Sudamericano de Conquistadores, en un encuentro de j\u00f3venes que promovi\u00f3 la vida cristiana y el servicio comunitario.<\/p>\n<div id=\"attachment_10387\" style=\"width: 310px\" class=\"wp-caption alignright\"><a href=\"\/interamerica\/wp-content\/uploads\/2017\/06\/csm_path-feat-web_7b95a87ab7.jpg\" rel=\"fancybox\" title=\"Treinta y cinco mil j\u00f3venes asisten a campor\u00ed adventista en Brasil\"><img fetchpriority=\"high\" decoding=\"async\" aria-describedby=\"caption-attachment-10387\" class=\"size-medium wp-image-10387\" title=\"csm_path-feat-web_7b95a87ab7\" src=\"\/interamerica\/wp-content\/uploads\/2017\/06\/csm_path-feat-web_7b95a87ab7-300x225.jpg\" alt=\"\" width=\"300\" height=\"225\" \/><\/a><p id=\"caption-attachment-10387\" class=\"wp-caption-text\">J\u00f3venes adventistas se reunieron en Brasil la semana pasada con motivo del IV Campor\u00ed Sudamericano de Conquistadores, uno de los eventos m\u00e1s grandes de j\u00f3venes cristianos en el mundo. Imagen por cortes\u00eda de ASN\/ANN<\/p><\/div>\n<p>[\/caption]<\/p>\n<p>El gobernador del estado de San Pablo, Geraldo Alckmin, dio la bienvenida formal a los participantes, que llegaron hasta all\u00ed procedentes de los pa\u00edses de Sudam\u00e9rica, Norteam\u00e9rica, Europa, \u00c1frica\u00a0y Asia.<\/p>\n<p>El Campor\u00ed del Club de Conquistadores es uno de los proyectos mundiales m\u00e1s grandes para el apoyo espiritual, social y educacional de los ni\u00f1os y j\u00f3venes. A lo largo del a\u00f1o, unos 150 mil ni\u00f1os y adolescents de entre 10 y 15 a\u00f1os se re\u00fanen los s\u00e1bados y domingos para adquirir diversas habilidades, que van desde c\u00f3mo dar primeros auxilios a un herido o c\u00f3mo sobrevivir en el desierto o la selva y cuidar del medio ambiente.<\/p>\n<p>La ciudad recibi\u00f3 850 autobuses que trasladaron a los participantes predominantemente de las Am\u00e9ricas, aunque algunos llegaron de Asia\u00a0y Europa. Se estima que hubo unas ochocientas zonas destinadas para alimentar a los asistentes.<\/p>\n<p>El Campor\u00ed tambi\u00e9n cont\u00f3 con un museo donde se mostr\u00f3 la historia de los Conquistadores, un centro de\u00a0compras, un supermercado, una panader\u00eda, una cafeteria, puestos de polic\u00eda y bomberos y al menos quinientas personas a cargo de la seguridad y el tr\u00e1nsito interno.<\/p>\n<p>\u00abEs una estructura masiva para garantizar la seguridad de todos los participantes\u00bb, dijo Udolcy Zukowski, coordinador general del evento. \u00abHacemos este tipo de evento una vez cada diez a\u00f1os, debido a la log\u00edstica que se necesita. El Club de Conquistadores es un evento continuo: cada s\u00e1bado y domingo, los clubes se re\u00fanen para a que los ni\u00f1os y los adolescents\u00a0no se involucren en actividades negativas tales como las drogas o el delito. Les ense\u00f1amos valores que esperamos que sigan siendo parte de su vida\u00bb. Y\u00a0aunque la \u00abciudad\u00bb de los Conquistadores en el \u00abParque Cowboy\u00bb de Barretos fue un centro de actividades\u00a0y diversion para los j\u00f3venes, no\u00a0todo se\u00a0centro en la mera diversi\u00f3n.\u00a0Una parte importante del evento tambi\u00e9n estuvo dedicada al servicio comunitario y la obra misionera.<\/p>\n<p>En un solo d\u00eda, los Conquistadores visitaron cuarenta mil hogares de Barretos, compartiendo informaci\u00f3n sobre c\u00f3mo proteger a los ni\u00f1os del abuso, adem\u00e1s de repartir un folleto sobre la prevenci\u00f3n de la fiebre del dengue. Al d\u00eda siguiente, se distribuyeron en forma gratuita cuarenta mil ejemplares de \u00abLa \u00fanica esperanza\u00bb, un libro del pastor adventista Alejandro Bull\u00f3n.<\/p>\n<p>El viernes 10 de enero, los ciudadanos recibieron un DVD con imagines de Israel, Turqu\u00eda, Grecia y Roma, y un mensaje especial de la Biblia sobre lo que tuvo lugar en esos lugares hist\u00f3ricos.<\/p>\n<p>Durante las tardes del 8 al 10 de enero, se llev\u00f3 a cabo una Feria de Salud en tres lugares de Barretos, en la que profesionales de salud y oradores ofrecieron consejos sobre ocho remedios naturales y su uso para tener salud. En estos lugares tambi\u00e9n se ofrecieron temas especiales dedicados a la salud femenina.<\/p>\n<p>Una caracter\u00edstica \u00fanica del Cuarto Campor\u00ed Sudamericano fue su esfuerzo por incluir a personas con discapacidades. Natalia Paola Blanco tiene 22 a\u00f1os, y\u00a0pertenece al Club de\u00a0Conquistadores Ebenezer,\u00a0ubicado en el\u00a0noroeste de Argentina. Natalia\u00a0sufre de s\u00edndrome de Down. \u00abLa apertura fue\u00a0hermosa\u00bb, dijo la jovencita.<\/p>\n<p>Su madre, Elva Blanco, enfatiz\u00f3 que el contacto con el club ha hecho una gran contribuci\u00f3n a la participaci\u00f3n social, la comunicaci\u00f3n y el aprendizaje de su hija. Tambi\u00e9n representa una oportunidad para que los j\u00f3venes advetnistas aprendan una lecci\u00f3n sobre la igualdad y la participaci\u00f3n social.<\/p>\n<p>El\u00edas Santos, de 19 a\u00f1os, es instructor en el Club de Conquistadores Cinco Oc\u00e9anos, en la ciudad brasile\u00f1a de Bah\u00eda, y es discapacitado. Para \u00e9l, asistir al evento es un sue\u00f1o hecho realidad. \u00abYo participo en todas las actividades del club, y los muchachos jam\u00e1s se burlan de m\u00ed\u00bb, dijo.<\/p>\n<p>Diego Barreto, un amigo de la infancia de El\u00edas, dijo que la Amistad que hall\u00f3 en el club sin duda ha influido para que El\u00edas venza los problemas que sufre en su pierna izquierda. Diego dijo que El\u00edas \u00abse uni\u00f3 al club y entonces sufri\u00f3 el accidente. Pero los Conquistadores lo han aceptado, porque para nosotros \u00e9l no es discapacitado. Adem\u00e1s \u00e9l todav\u00eda juega a la pelota con nosotros, \u00a1y lo hace mejor que yo!\u00bb<\/p>\n<p>Al igual que El\u00edas, Leonardo Font\u00e1n, que se incorpor\u00f3 hace tres a\u00f1os al Club de Conquistadores Herederos, de Villa Luzuriaga, en Argentina, tambi\u00e9n sufre de una discapacidad f\u00edsica y asisti\u00f3 al Campor\u00ed. \u00abMe gusta acampar, participar en eventos y ayudar a la gente\u00bb, explic\u00f3. El 14 de diciembre de 2013, tres semanas antes del Campor\u00ed, Fontan decidi\u00f3 expresar p\u00fablicamente su decision de seguir a Cristo por medio del bautismo, como resultado de su participaci\u00f3n en el Club de Conquistadores.<\/p>\n<p>Adem\u00e1s de los acampantes que estuvieron en el lugar, otro grupo significativo tambi\u00e9n particip\u00f3 del evento, pero con una diferencia: un Campor\u00ed Virtual, con transmisiones en vivo de los programas e interacci\u00f3n por medio de las redes sociales.<\/p>\n<p>La versi\u00f3n virtual no estaba entre los planes del equipo de comunicaciones que coordinaron las actividades. Rog\u00e9rio Ferraz, gerente de estrategias digitales de la Iglesia Adventista en Sudam\u00e9rica, dijo que la idea surgi\u00f3 espont\u00e1neamente gracias a Conquistadores que estaban participando de la transmission web. \u00abEl objetivo inicial era contar a los Conquistadores que no pudieron venir lo que estaba sucediendo aqu\u00ed, para que tuvieran una idea de lo que estaba sucediente y compartieran algunos de los eventos\u00bb, dijo.<\/p>\n<p>Los acampantes virtuales crearon dos grupos de Facebook denominados\u00a0#CampanhaTrunfoParaOsInternautas\u201d\u00a0y \u201cNo fui pero estoy en el\u00a0#CamporiDSA\u201d. Los grupos operaron\u00a0al mismo tiempo que las transmisiones oficiales del sitio web del Campor\u00ed.<\/p>\n<p>Estaba observando el chat CamporiTV, y vio que mucha gente en l\u00ednea estaba triste por no haber podido asistir al evento. Como no me gusta ver a nadie triste, tuve la idea de crear el grupo, de hacer que todos se sientan motivados y felices\u00bb, dijo el Conquistador Henry Santos, de Puerto Seguro, que cre\u00f3 el grupo de Facebook con la etiqueta #CampanhaTrunfoParaOsInternautas.<\/p>\n<p>Dado que est\u00e1n tan conectados con lo que est\u00e1 sucediendo, los participantes en l\u00ednea comenzaron a sentir que ellos tambi\u00e9n eran parte del Campor\u00ed, y quisieron obtener un\u00a0reconocimiento por su participaci\u00f3n.<\/p>\n<p>\u00abAs\u00ed fue que creamos la idea de un Campor\u00ed Virtual y comenzamos a incorporar algunos requisitos para que pudiran competir y obtener el reconocimiento, para que tuvieran algo que mostrara que en realidad estaban participando en la programaci\u00f3n diaria, observando e interactuando. Al cumplir estos requisitos, podr\u00e1n obtener el reconocimiento\u00bb, dijo Ferraz.<\/p>\n<p>Y no fueron \u00fanicamente los conquistadores presentes en Barretos los \u00fanicos que escucharon los mensajes del pastor Odailson Fonseca, orador del evento. Televidentes a miles de kil\u00f3metros de distancia tambi\u00e9n se sintieron parte de la invitaci\u00f3n para un \u00abEncuentro para la eternidad\u00bb. \u00abNo estuve para el IV Campor\u00ed, pero estoy conectado con CamporiTV&#8230; Tambi\u00e9n tengo una cita con JES\u00daS&#8230;#C\u202aamporiDSA #campanhaTrunfoParaOsInternaltas \u202c\u201d escribi\u00f3 en Facebook\u00a0Ana Leticia, de Mara\u00f1ao.<\/p>\n<p>El ministerio por Internet tuvo sus consecuencias, dijo Ferraz. Una jovencita, que hab\u00eda planeado asistir al Campor\u00ed pero que cambi\u00f3 de idea a \u00faltimo momento, sigui\u00f3 el programa por internet y envi\u00f3 un mensaje diciendo que pensaba regresar a la iglesia. Otra se\u00f1al del \u00e9xito: se recibieron\u00a0680 solicitudes en l\u00ednea de los participantes por esa v\u00eda para recibir sus reconocimientos.<\/p>\n<p>En total, los contenidos del Campor\u00ed fueron vistos 337 mil veces por 80 mil personas de 97 pa\u00edses, informaron los directivos.<\/p>\n<p><em>Traduccci\u00f3n de Marcos Paseggi<\/em><\/p>\n","protected":false},"excerpt":{"rendered":"<p>Un r\u00e9cord de 35 mil j\u00f3venes, en su mayor\u00eda adventistas provenientes de doce pa\u00edses se reunieron en Barretos, en el estado brasile\u00f1o de San Pablo desde el 7 al 12 de enero con motivo del IV Campor\u00ed Sudamericano de Conquistadores, en un encuentro de j\u00f3venes que promovi\u00f3 la vida cristiana y el servicio comunitario.<\/p>\n","protected":false},"author":1,"featured_media":22497,"comment_status":"closed","ping_status":"closed","sticky":false,"template":"","format":"standard","meta":{"_acf_changed":false,"footnotes":""},"categories":[14],"tags":[],"class_list":["post-30409","post","type-post","status-publish","format-standard","has-post-thumbnail","hentry","category-de-la-iglesia-mundial"],"acf":[],"yoast_head":"<!-- This site is optimized with the Yoast SEO plugin v27.3 - https:\/\/yoast.com\/product\/yoast-seo-wordpress\/ -->\n<title>Treinta y cinco mil j\u00f3venes asisten a campor\u00ed adventista en Brasil - Iglesia Adventista del S\u00e9ptimo D\u00eda - Divisi\u00f3n Interamericana<\/title>\n<meta name=\"robots\" content=\"index, follow, max-snippet:-1, max-image-preview:large, max-video-preview:-1\" \/>\n<link rel=\"canonical\" href=\"https:\/\/interamerica.org\/es\/2014\/01\/treinta-y-cinco-mil-jovenes-asisten-a-campori-adventista-en-brasil\/\" \/>\n<meta property=\"og:locale\" content=\"es_ES\" \/>\n<meta property=\"og:type\" content=\"article\" \/>\n<meta property=\"og:title\" content=\"Treinta y cinco mil j\u00f3venes asisten a campor\u00ed adventista en Brasil - Iglesia Adventista del S\u00e9ptimo D\u00eda - Divisi\u00f3n Interamericana\" \/>\n<meta property=\"og:description\" content=\"Un r\u00e9cord de 35 mil j\u00f3venes, en su mayor\u00eda adventistas provenientes de doce pa\u00edses se reunieron en Barretos, en el estado brasile\u00f1o de San Pablo desde el 7 al 12 de enero con motivo del IV Campor\u00ed Sudamericano de Conquistadores, en un encuentro de j\u00f3venes que promovi\u00f3 la vida cristiana y el servicio comunitario.\" \/>\n<meta property=\"og:url\" content=\"https:\/\/interamerica.org\/es\/2014\/01\/treinta-y-cinco-mil-jovenes-asisten-a-campori-adventista-en-brasil\/\" \/>\n<meta property=\"og:site_name\" content=\"Iglesia Adventista del S\u00e9ptimo D\u00eda - Divisi\u00f3n Interamericana\" \/>\n<meta property=\"article:published_time\" content=\"2014-01-20T04:00:00+00:00\" \/>\n<meta property=\"og:image\" content=\"https:\/\/interamerica.org\/wp-content\/uploads\/2017\/06\/csm_path-feat-web_7b95a87ab7.jpg\" \/>\n\t<meta property=\"og:image:width\" content=\"400\" \/>\n\t<meta property=\"og:image:height\" content=\"300\" \/>\n\t<meta property=\"og:image:type\" content=\"image\/jpeg\" \/>\n<meta name=\"author\" content=\"Lorenzo Verduzco\" \/>\n<meta name=\"twitter:card\" content=\"summary_large_image\" \/>\n<meta name=\"twitter:label1\" content=\"Escrito por\" \/>\n\t<meta name=\"twitter:data1\" content=\"Lorenzo Verduzco\" \/>\n\t<meta name=\"twitter:label2\" content=\"Tiempo de lectura\" \/>\n\t<meta name=\"twitter:data2\" content=\"7 minutos\" \/>\n<script type=\"application\/ld+json\" class=\"yoast-schema-graph\">{\"@context\":\"https:\\\/\\\/schema.org\",\"@graph\":[{\"@type\":\"Article\",\"@id\":\"https:\\\/\\\/interamerica.org\\\/es\\\/2014\\\/01\\\/treinta-y-cinco-mil-jovenes-asisten-a-campori-adventista-en-brasil\\\/#article\",\"isPartOf\":{\"@id\":\"https:\\\/\\\/interamerica.org\\\/es\\\/2014\\\/01\\\/treinta-y-cinco-mil-jovenes-asisten-a-campori-adventista-en-brasil\\\/\"},\"author\":{\"name\":\"Lorenzo Verduzco\",\"@id\":\"https:\\\/\\\/interamerica.org\\\/es\\\/#\\\/schema\\\/person\\\/68ede8bdc292885bb76c1e3810e73c39\"},\"headline\":\"Treinta y cinco mil j\u00f3venes asisten a campor\u00ed adventista en Brasil\",\"datePublished\":\"2014-01-20T04:00:00+00:00\",\"mainEntityOfPage\":{\"@id\":\"https:\\\/\\\/interamerica.org\\\/es\\\/2014\\\/01\\\/treinta-y-cinco-mil-jovenes-asisten-a-campori-adventista-en-brasil\\\/\"},\"wordCount\":1427,\"image\":{\"@id\":\"https:\\\/\\\/interamerica.org\\\/es\\\/2014\\\/01\\\/treinta-y-cinco-mil-jovenes-asisten-a-campori-adventista-en-brasil\\\/#primaryimage\"},\"thumbnailUrl\":\"https:\\\/\\\/interamerica.org\\\/wp-content\\\/uploads\\\/2017\\\/06\\\/csm_path-feat-web_7b95a87ab7.jpg\",\"articleSection\":[\"Desde la iglesia mundial\"],\"inLanguage\":\"es\"},{\"@type\":\"WebPage\",\"@id\":\"https:\\\/\\\/interamerica.org\\\/es\\\/2014\\\/01\\\/treinta-y-cinco-mil-jovenes-asisten-a-campori-adventista-en-brasil\\\/\",\"url\":\"https:\\\/\\\/interamerica.org\\\/es\\\/2014\\\/01\\\/treinta-y-cinco-mil-jovenes-asisten-a-campori-adventista-en-brasil\\\/\",\"name\":\"Treinta y cinco mil j\u00f3venes asisten a campor\u00ed adventista en Brasil - Iglesia Adventista del S\u00e9ptimo D\u00eda - Divisi\u00f3n Interamericana\",\"isPartOf\":{\"@id\":\"https:\\\/\\\/interamerica.org\\\/es\\\/#website\"},\"primaryImageOfPage\":{\"@id\":\"https:\\\/\\\/interamerica.org\\\/es\\\/2014\\\/01\\\/treinta-y-cinco-mil-jovenes-asisten-a-campori-adventista-en-brasil\\\/#primaryimage\"},\"image\":{\"@id\":\"https:\\\/\\\/interamerica.org\\\/es\\\/2014\\\/01\\\/treinta-y-cinco-mil-jovenes-asisten-a-campori-adventista-en-brasil\\\/#primaryimage\"},\"thumbnailUrl\":\"https:\\\/\\\/interamerica.org\\\/wp-content\\\/uploads\\\/2017\\\/06\\\/csm_path-feat-web_7b95a87ab7.jpg\",\"datePublished\":\"2014-01-20T04:00:00+00:00\",\"author\":{\"@id\":\"https:\\\/\\\/interamerica.org\\\/es\\\/#\\\/schema\\\/person\\\/68ede8bdc292885bb76c1e3810e73c39\"},\"breadcrumb\":{\"@id\":\"https:\\\/\\\/interamerica.org\\\/es\\\/2014\\\/01\\\/treinta-y-cinco-mil-jovenes-asisten-a-campori-adventista-en-brasil\\\/#breadcrumb\"},\"inLanguage\":\"es\",\"potentialAction\":[{\"@type\":\"ReadAction\",\"target\":[\"https:\\\/\\\/interamerica.org\\\/es\\\/2014\\\/01\\\/treinta-y-cinco-mil-jovenes-asisten-a-campori-adventista-en-brasil\\\/\"]}]},{\"@type\":\"ImageObject\",\"inLanguage\":\"es\",\"@id\":\"https:\\\/\\\/interamerica.org\\\/es\\\/2014\\\/01\\\/treinta-y-cinco-mil-jovenes-asisten-a-campori-adventista-en-brasil\\\/#primaryimage\",\"url\":\"https:\\\/\\\/interamerica.org\\\/wp-content\\\/uploads\\\/2017\\\/06\\\/csm_path-feat-web_7b95a87ab7.jpg\",\"contentUrl\":\"https:\\\/\\\/interamerica.org\\\/wp-content\\\/uploads\\\/2017\\\/06\\\/csm_path-feat-web_7b95a87ab7.jpg\",\"width\":400,\"height\":300},{\"@type\":\"BreadcrumbList\",\"@id\":\"https:\\\/\\\/interamerica.org\\\/es\\\/2014\\\/01\\\/treinta-y-cinco-mil-jovenes-asisten-a-campori-adventista-en-brasil\\\/#breadcrumb\",\"itemListElement\":[{\"@type\":\"ListItem\",\"position\":1,\"name\":\"Home\",\"item\":\"https:\\\/\\\/interamerica.org\\\/es\\\/\"},{\"@type\":\"ListItem\",\"position\":2,\"name\":\"Treinta y cinco mil j\u00f3venes asisten a campor\u00ed adventista en Brasil\"}]},{\"@type\":\"WebSite\",\"@id\":\"https:\\\/\\\/interamerica.org\\\/es\\\/#website\",\"url\":\"https:\\\/\\\/interamerica.org\\\/es\\\/\",\"name\":\"Iglesia Adventista del S\u00e9ptimo D\u00eda - Divisi\u00f3n Interamericana\",\"description\":\"\",\"potentialAction\":[{\"@type\":\"SearchAction\",\"target\":{\"@type\":\"EntryPoint\",\"urlTemplate\":\"https:\\\/\\\/interamerica.org\\\/es\\\/?s={search_term_string}\"},\"query-input\":{\"@type\":\"PropertyValueSpecification\",\"valueRequired\":true,\"valueName\":\"search_term_string\"}}],\"inLanguage\":\"es\"},{\"@type\":\"Person\",\"@id\":\"https:\\\/\\\/interamerica.org\\\/es\\\/#\\\/schema\\\/person\\\/68ede8bdc292885bb76c1e3810e73c39\",\"name\":\"Lorenzo Verduzco\",\"image\":{\"@type\":\"ImageObject\",\"inLanguage\":\"es\",\"@id\":\"https:\\\/\\\/secure.gravatar.com\\\/avatar\\\/fb81a55b6218459490a9c1dc841a34909185b81904c5337b4b27f7a6fd60c49e?s=96&d=mm&r=g\",\"url\":\"https:\\\/\\\/secure.gravatar.com\\\/avatar\\\/fb81a55b6218459490a9c1dc841a34909185b81904c5337b4b27f7a6fd60c49e?s=96&d=mm&r=g\",\"contentUrl\":\"https:\\\/\\\/secure.gravatar.com\\\/avatar\\\/fb81a55b6218459490a9c1dc841a34909185b81904c5337b4b27f7a6fd60c49e?s=96&d=mm&r=g\",\"caption\":\"Lorenzo Verduzco\"}}]}<\/script>\n<!-- \/ Yoast SEO plugin. -->","yoast_head_json":{"title":"Treinta y cinco mil j\u00f3venes asisten a campor\u00ed adventista en Brasil - Iglesia Adventista del S\u00e9ptimo D\u00eda - Divisi\u00f3n Interamericana","robots":{"index":"index","follow":"follow","max-snippet":"max-snippet:-1","max-image-preview":"max-image-preview:large","max-video-preview":"max-video-preview:-1"},"canonical":"https:\/\/interamerica.org\/es\/2014\/01\/treinta-y-cinco-mil-jovenes-asisten-a-campori-adventista-en-brasil\/","og_locale":"es_ES","og_type":"article","og_title":"Treinta y cinco mil j\u00f3venes asisten a campor\u00ed adventista en Brasil - Iglesia Adventista del S\u00e9ptimo D\u00eda - Divisi\u00f3n Interamericana","og_description":"Un r\u00e9cord de 35 mil j\u00f3venes, en su mayor\u00eda adventistas provenientes de doce pa\u00edses se reunieron en Barretos, en el estado brasile\u00f1o de San Pablo desde el 7 al 12 de enero con motivo del IV Campor\u00ed Sudamericano de Conquistadores, en un encuentro de j\u00f3venes que promovi\u00f3 la vida cristiana y el servicio comunitario.","og_url":"https:\/\/interamerica.org\/es\/2014\/01\/treinta-y-cinco-mil-jovenes-asisten-a-campori-adventista-en-brasil\/","og_site_name":"Iglesia Adventista del S\u00e9ptimo D\u00eda - Divisi\u00f3n Interamericana","article_published_time":"2014-01-20T04:00:00+00:00","og_image":[{"width":400,"height":300,"url":"https:\/\/interamerica.org\/wp-content\/uploads\/2017\/06\/csm_path-feat-web_7b95a87ab7.jpg","type":"image\/jpeg"}],"author":"Lorenzo Verduzco","twitter_card":"summary_large_image","twitter_misc":{"Escrito por":"Lorenzo Verduzco","Tiempo de lectura":"7 minutos"},"schema":{"@context":"https:\/\/schema.org","@graph":[{"@type":"Article","@id":"https:\/\/interamerica.org\/es\/2014\/01\/treinta-y-cinco-mil-jovenes-asisten-a-campori-adventista-en-brasil\/#article","isPartOf":{"@id":"https:\/\/interamerica.org\/es\/2014\/01\/treinta-y-cinco-mil-jovenes-asisten-a-campori-adventista-en-brasil\/"},"author":{"name":"Lorenzo Verduzco","@id":"https:\/\/interamerica.org\/es\/#\/schema\/person\/68ede8bdc292885bb76c1e3810e73c39"},"headline":"Treinta y cinco mil j\u00f3venes asisten a campor\u00ed adventista en Brasil","datePublished":"2014-01-20T04:00:00+00:00","mainEntityOfPage":{"@id":"https:\/\/interamerica.org\/es\/2014\/01\/treinta-y-cinco-mil-jovenes-asisten-a-campori-adventista-en-brasil\/"},"wordCount":1427,"image":{"@id":"https:\/\/interamerica.org\/es\/2014\/01\/treinta-y-cinco-mil-jovenes-asisten-a-campori-adventista-en-brasil\/#primaryimage"},"thumbnailUrl":"https:\/\/interamerica.org\/wp-content\/uploads\/2017\/06\/csm_path-feat-web_7b95a87ab7.jpg","articleSection":["Desde la iglesia mundial"],"inLanguage":"es"},{"@type":"WebPage","@id":"https:\/\/interamerica.org\/es\/2014\/01\/treinta-y-cinco-mil-jovenes-asisten-a-campori-adventista-en-brasil\/","url":"https:\/\/interamerica.org\/es\/2014\/01\/treinta-y-cinco-mil-jovenes-asisten-a-campori-adventista-en-brasil\/","name":"Treinta y cinco mil j\u00f3venes asisten a campor\u00ed adventista en Brasil - Iglesia Adventista del S\u00e9ptimo D\u00eda - Divisi\u00f3n Interamericana","isPartOf":{"@id":"https:\/\/interamerica.org\/es\/#website"},"primaryImageOfPage":{"@id":"https:\/\/interamerica.org\/es\/2014\/01\/treinta-y-cinco-mil-jovenes-asisten-a-campori-adventista-en-brasil\/#primaryimage"},"image":{"@id":"https:\/\/interamerica.org\/es\/2014\/01\/treinta-y-cinco-mil-jovenes-asisten-a-campori-adventista-en-brasil\/#primaryimage"},"thumbnailUrl":"https:\/\/interamerica.org\/wp-content\/uploads\/2017\/06\/csm_path-feat-web_7b95a87ab7.jpg","datePublished":"2014-01-20T04:00:00+00:00","author":{"@id":"https:\/\/interamerica.org\/es\/#\/schema\/person\/68ede8bdc292885bb76c1e3810e73c39"},"breadcrumb":{"@id":"https:\/\/interamerica.org\/es\/2014\/01\/treinta-y-cinco-mil-jovenes-asisten-a-campori-adventista-en-brasil\/#breadcrumb"},"inLanguage":"es","potentialAction":[{"@type":"ReadAction","target":["https:\/\/interamerica.org\/es\/2014\/01\/treinta-y-cinco-mil-jovenes-asisten-a-campori-adventista-en-brasil\/"]}]},{"@type":"ImageObject","inLanguage":"es","@id":"https:\/\/interamerica.org\/es\/2014\/01\/treinta-y-cinco-mil-jovenes-asisten-a-campori-adventista-en-brasil\/#primaryimage","url":"https:\/\/interamerica.org\/wp-content\/uploads\/2017\/06\/csm_path-feat-web_7b95a87ab7.jpg","contentUrl":"https:\/\/interamerica.org\/wp-content\/uploads\/2017\/06\/csm_path-feat-web_7b95a87ab7.jpg","width":400,"height":300},{"@type":"BreadcrumbList","@id":"https:\/\/interamerica.org\/es\/2014\/01\/treinta-y-cinco-mil-jovenes-asisten-a-campori-adventista-en-brasil\/#breadcrumb","itemListElement":[{"@type":"ListItem","position":1,"name":"Home","item":"https:\/\/interamerica.org\/es\/"},{"@type":"ListItem","position":2,"name":"Treinta y cinco mil j\u00f3venes asisten a campor\u00ed adventista en Brasil"}]},{"@type":"WebSite","@id":"https:\/\/interamerica.org\/es\/#website","url":"https:\/\/interamerica.org\/es\/","name":"Iglesia Adventista del S\u00e9ptimo D\u00eda - Divisi\u00f3n Interamericana","description":"","potentialAction":[{"@type":"SearchAction","target":{"@type":"EntryPoint","urlTemplate":"https:\/\/interamerica.org\/es\/?s={search_term_string}"},"query-input":{"@type":"PropertyValueSpecification","valueRequired":true,"valueName":"search_term_string"}}],"inLanguage":"es"},{"@type":"Person","@id":"https:\/\/interamerica.org\/es\/#\/schema\/person\/68ede8bdc292885bb76c1e3810e73c39","name":"Lorenzo Verduzco","image":{"@type":"ImageObject","inLanguage":"es","@id":"https:\/\/secure.gravatar.com\/avatar\/fb81a55b6218459490a9c1dc841a34909185b81904c5337b4b27f7a6fd60c49e?s=96&d=mm&r=g","url":"https:\/\/secure.gravatar.com\/avatar\/fb81a55b6218459490a9c1dc841a34909185b81904c5337b4b27f7a6fd60c49e?s=96&d=mm&r=g","contentUrl":"https:\/\/secure.gravatar.com\/avatar\/fb81a55b6218459490a9c1dc841a34909185b81904c5337b4b27f7a6fd60c49e?s=96&d=mm&r=g","caption":"Lorenzo Verduzco"}}]}},"_links":{"self":[{"href":"https:\/\/interamerica.org\/es\/wp-json\/wp\/v2\/posts\/30409","targetHints":{"allow":["GET"]}}],"collection":[{"href":"https:\/\/interamerica.org\/es\/wp-json\/wp\/v2\/posts"}],"about":[{"href":"https:\/\/interamerica.org\/es\/wp-json\/wp\/v2\/types\/post"}],"author":[{"embeddable":true,"href":"https:\/\/interamerica.org\/es\/wp-json\/wp\/v2\/users\/1"}],"replies":[{"embeddable":true,"href":"https:\/\/interamerica.org\/es\/wp-json\/wp\/v2\/comments?post=30409"}],"version-history":[{"count":0,"href":"https:\/\/interamerica.org\/es\/wp-json\/wp\/v2\/posts\/30409\/revisions"}],"wp:featuredmedia":[{"embeddable":true,"href":"https:\/\/interamerica.org\/es\/wp-json\/wp\/v2\/media\/22497"}],"wp:attachment":[{"href":"https:\/\/interamerica.org\/es\/wp-json\/wp\/v2\/media?parent=30409"}],"wp:term":[{"taxonomy":"category","embeddable":true,"href":"https:\/\/interamerica.org\/es\/wp-json\/wp\/v2\/categories?post=30409"},{"taxonomy":"post_tag","embeddable":true,"href":"https:\/\/interamerica.org\/es\/wp-json\/wp\/v2\/tags?post=30409"}],"curies":[{"name":"wp","href":"https:\/\/api.w.org\/{rel}","templated":true}]}}