{"id":30410,"date":"2014-01-22T00:00:00","date_gmt":"2014-01-22T04:00:00","guid":{"rendered":"http:\/\/192.81.217.108\/interamerica\/2014\/01\/varios-adventistas-muertos-durante-los-disturbios-politicos-en-la-republica-centroafricana\/"},"modified":"2014-01-22T00:00:00","modified_gmt":"2014-01-22T04:00:00","slug":"varios-adventistas-muertos-durante-los-disturbios-politicos-en-la-republica-centroafricana","status":"publish","type":"post","link":"https:\/\/interamerica.org\/es\/2014\/01\/varios-adventistas-muertos-durante-los-disturbios-politicos-en-la-republica-centroafricana\/","title":{"rendered":"Varios adventistas muertos durante los disturbios pol\u00edticos en la Rep\u00fablica Centroafricana"},"content":{"rendered":"<p>21 de enero de 2014 &#8211; Yaound\u00e9, Camer\u00fan&#8230;Abraham Bakari\/personal ANN<\/p>\n<p>El mes pasado, un miembro adventista muri\u00f3 a consecuencia de disparo de arma de fuego en la Rep\u00fablica Centroafricana, constituy\u00e9ndose en la \u00faltima v\u00edctima de la violencia sectaria vivida en la naci\u00f3n.<\/p>\n<div id=\"attachment_10397\" style=\"width: 310px\" class=\"wp-caption alignright\"><a href=\"\/interamerica\/wp-content\/uploads\/2017\/06\/csm_Emeryc-Patrick-ed-web_0ec03f0a48.jpg\" rel=\"fancybox\" title=\"Varios adventistas muertos durante los disturbios pol\u00edticos en la Rep\u00fablica Centroafricana\"><img fetchpriority=\"high\" decoding=\"async\" aria-describedby=\"caption-attachment-10397\" class=\"size-medium wp-image-10397\" src=\"\/interamerica\/wp-content\/uploads\/2017\/06\/csm_Emeryc-Patrick-ed-web_0ec03f0a48-300x225.jpg\" alt=\"\" width=\"300\" height=\"225\" \/><\/a><p id=\"caption-attachment-10397\" class=\"wp-caption-text\">Emeryc Patrick Dalikouba muri\u00f3 el mes pasado a consecuencia de disparo de arma de fuego en la Rep\u00fablica Centroafricana, siendo una de las m\u00e1s de mil v\u00edctimas de los disturbios civiles en esa naci\u00f3n en los \u00faltimos seis meses. Imagen cortes\u00eda de CAUM<\/p><\/div>\n<p>Emeryc Patrick Dalikouba, de 21 a\u00f1os, e hijo de un pastor adventista pastor, fue balaceado el 21 de diciembre afuera del hogar de su padre.<\/p>\n<p>Jean Jacques Gueret, presidente de la Iglesia Adventista en ese pa\u00eds, dijo que Dalikouba era \u00abun joven din\u00e1mico, involucrado en el movimiento de J\u00f3venes Adventistas\u201d.<\/p>\n<p>El presidente Gueret dijo que otros tres j\u00f3venes adventistas fueron asesinados el pasado abril.<\/p>\n<p>Dijo adem\u00e1s que los adventistas no han participado en los disturbios civiles entre grupos cristianos y musulmanes.<\/p>\n<p>La violencia comenz\u00f3 en la ex colonia francesa en marzo pasado, despu\u00e9s que una coalici\u00f3n mayormente musulmana instal\u00f3 a su l\u00edder, Michel Djotodia, como gobernante del pa\u00eds.<\/p>\n<p>Al principio de este mes, Michel Djotodia abandon\u00f3 el poder y un parlamento de transici\u00f3n eligi\u00f3 a la alcaldesa de la ciudad de Bangui, Catherine Samba-Panza como presidenta interina y primera mujer jefe de estado en la naci\u00f3n.<\/p>\n<p>M\u00e1s de 886,000 personas han sido desplazadas por la violencia y aproximadamente unas 86,000 han buscado refugio en pa\u00edses vecinos, seg\u00fan informes de The Wall Street Journal. Las Naciones Unidas han declarado a la Rep\u00fablica Centroafricana como una de las tres principales emergencias humanitarias actuales, las cuales incluyen tambi\u00e9n a Siria y las Filipinas.<\/p>\n<p>\u201cEstamos orando por el liderazgo reci\u00e9n electo en este pa\u00eds\u00bb, dijo J. Gueret, presidente de la Iglesia Adventista en esta naci\u00f3n. \u00abTodos deseamos que termine la violencia\u00bb.<\/p>\n<p>Hay unos 10,600 miembros de la Iglesia Adventista en esta naci\u00f3n de aproximadamente 4.6 millones de habitantes.<\/p>\n<p>Traducci\u00f3n por Gloria A Castrej\u00f3n<\/p>\n","protected":false},"excerpt":{"rendered":"<p>El mes pasado, un miembro adventista muri\u00f3 a consecuencia de disparo de arma de fuego en la Rep\u00fablica Centroafricana, constituy\u00e9ndose en la \u00faltima v\u00edctima de la violencia sectaria vivida en la naci\u00f3n.<\/p>\n","protected":false},"author":1,"featured_media":22501,"comment_status":"closed","ping_status":"closed","sticky":false,"template":"","format":"standard","meta":{"_acf_changed":false,"footnotes":""},"categories":[14],"tags":[],"class_list":["post-30410","post","type-post","status-publish","format-standard","has-post-thumbnail","hentry","category-de-la-iglesia-mundial"],"acf":[],"yoast_head":"<!-- This site is optimized with the Yoast SEO plugin v27.3 - https:\/\/yoast.com\/product\/yoast-seo-wordpress\/ -->\n<title>Varios adventistas muertos durante los disturbios pol\u00edticos en la Rep\u00fablica Centroafricana - Iglesia Adventista del S\u00e9ptimo D\u00eda - Divisi\u00f3n Interamericana<\/title>\n<meta name=\"robots\" content=\"index, follow, max-snippet:-1, max-image-preview:large, max-video-preview:-1\" \/>\n<link rel=\"canonical\" href=\"https:\/\/interamerica.org\/es\/2014\/01\/varios-adventistas-muertos-durante-los-disturbios-politicos-en-la-republica-centroafricana\/\" \/>\n<meta property=\"og:locale\" content=\"es_ES\" \/>\n<meta property=\"og:type\" content=\"article\" \/>\n<meta property=\"og:title\" content=\"Varios adventistas muertos durante los disturbios pol\u00edticos en la Rep\u00fablica Centroafricana - Iglesia Adventista del S\u00e9ptimo D\u00eda - Divisi\u00f3n Interamericana\" \/>\n<meta property=\"og:description\" content=\"El mes pasado, un miembro adventista muri\u00f3 a consecuencia de disparo de arma de fuego en la Rep\u00fablica Centroafricana, constituy\u00e9ndose en la \u00faltima v\u00edctima de la violencia sectaria vivida en la naci\u00f3n.\" \/>\n<meta property=\"og:url\" content=\"https:\/\/interamerica.org\/es\/2014\/01\/varios-adventistas-muertos-durante-los-disturbios-politicos-en-la-republica-centroafricana\/\" \/>\n<meta property=\"og:site_name\" content=\"Iglesia Adventista del S\u00e9ptimo D\u00eda - Divisi\u00f3n Interamericana\" \/>\n<meta property=\"article:published_time\" content=\"2014-01-22T04:00:00+00:00\" \/>\n<meta property=\"og:image\" content=\"https:\/\/interamerica.org\/wp-content\/uploads\/2017\/06\/csm_Emeryc-Patrick-ed-web_0ec03f0a48.jpg\" \/>\n\t<meta property=\"og:image:width\" content=\"400\" \/>\n\t<meta property=\"og:image:height\" content=\"300\" \/>\n\t<meta property=\"og:image:type\" content=\"image\/jpeg\" \/>\n<meta name=\"author\" content=\"Lorenzo Verduzco\" \/>\n<meta name=\"twitter:card\" content=\"summary_large_image\" \/>\n<meta name=\"twitter:label1\" content=\"Escrito por\" \/>\n\t<meta name=\"twitter:data1\" content=\"Lorenzo Verduzco\" \/>\n\t<meta name=\"twitter:label2\" content=\"Tiempo de lectura\" \/>\n\t<meta name=\"twitter:data2\" content=\"2 minutos\" \/>\n<script type=\"application\/ld+json\" class=\"yoast-schema-graph\">{\"@context\":\"https:\\\/\\\/schema.org\",\"@graph\":[{\"@type\":\"Article\",\"@id\":\"https:\\\/\\\/interamerica.org\\\/es\\\/2014\\\/01\\\/varios-adventistas-muertos-durante-los-disturbios-politicos-en-la-republica-centroafricana\\\/#article\",\"isPartOf\":{\"@id\":\"https:\\\/\\\/interamerica.org\\\/es\\\/2014\\\/01\\\/varios-adventistas-muertos-durante-los-disturbios-politicos-en-la-republica-centroafricana\\\/\"},\"author\":{\"name\":\"Lorenzo Verduzco\",\"@id\":\"https:\\\/\\\/interamerica.org\\\/es\\\/#\\\/schema\\\/person\\\/68ede8bdc292885bb76c1e3810e73c39\"},\"headline\":\"Varios adventistas muertos durante los disturbios pol\u00edticos en la Rep\u00fablica Centroafricana\",\"datePublished\":\"2014-01-22T04:00:00+00:00\",\"mainEntityOfPage\":{\"@id\":\"https:\\\/\\\/interamerica.org\\\/es\\\/2014\\\/01\\\/varios-adventistas-muertos-durante-los-disturbios-politicos-en-la-republica-centroafricana\\\/\"},\"wordCount\":381,\"image\":{\"@id\":\"https:\\\/\\\/interamerica.org\\\/es\\\/2014\\\/01\\\/varios-adventistas-muertos-durante-los-disturbios-politicos-en-la-republica-centroafricana\\\/#primaryimage\"},\"thumbnailUrl\":\"https:\\\/\\\/interamerica.org\\\/wp-content\\\/uploads\\\/2017\\\/06\\\/csm_Emeryc-Patrick-ed-web_0ec03f0a48.jpg\",\"articleSection\":[\"Desde la iglesia mundial\"],\"inLanguage\":\"es\"},{\"@type\":\"WebPage\",\"@id\":\"https:\\\/\\\/interamerica.org\\\/es\\\/2014\\\/01\\\/varios-adventistas-muertos-durante-los-disturbios-politicos-en-la-republica-centroafricana\\\/\",\"url\":\"https:\\\/\\\/interamerica.org\\\/es\\\/2014\\\/01\\\/varios-adventistas-muertos-durante-los-disturbios-politicos-en-la-republica-centroafricana\\\/\",\"name\":\"Varios adventistas muertos durante los disturbios pol\u00edticos en la Rep\u00fablica Centroafricana - Iglesia Adventista del S\u00e9ptimo D\u00eda - Divisi\u00f3n Interamericana\",\"isPartOf\":{\"@id\":\"https:\\\/\\\/interamerica.org\\\/es\\\/#website\"},\"primaryImageOfPage\":{\"@id\":\"https:\\\/\\\/interamerica.org\\\/es\\\/2014\\\/01\\\/varios-adventistas-muertos-durante-los-disturbios-politicos-en-la-republica-centroafricana\\\/#primaryimage\"},\"image\":{\"@id\":\"https:\\\/\\\/interamerica.org\\\/es\\\/2014\\\/01\\\/varios-adventistas-muertos-durante-los-disturbios-politicos-en-la-republica-centroafricana\\\/#primaryimage\"},\"thumbnailUrl\":\"https:\\\/\\\/interamerica.org\\\/wp-content\\\/uploads\\\/2017\\\/06\\\/csm_Emeryc-Patrick-ed-web_0ec03f0a48.jpg\",\"datePublished\":\"2014-01-22T04:00:00+00:00\",\"author\":{\"@id\":\"https:\\\/\\\/interamerica.org\\\/es\\\/#\\\/schema\\\/person\\\/68ede8bdc292885bb76c1e3810e73c39\"},\"breadcrumb\":{\"@id\":\"https:\\\/\\\/interamerica.org\\\/es\\\/2014\\\/01\\\/varios-adventistas-muertos-durante-los-disturbios-politicos-en-la-republica-centroafricana\\\/#breadcrumb\"},\"inLanguage\":\"es\",\"potentialAction\":[{\"@type\":\"ReadAction\",\"target\":[\"https:\\\/\\\/interamerica.org\\\/es\\\/2014\\\/01\\\/varios-adventistas-muertos-durante-los-disturbios-politicos-en-la-republica-centroafricana\\\/\"]}]},{\"@type\":\"ImageObject\",\"inLanguage\":\"es\",\"@id\":\"https:\\\/\\\/interamerica.org\\\/es\\\/2014\\\/01\\\/varios-adventistas-muertos-durante-los-disturbios-politicos-en-la-republica-centroafricana\\\/#primaryimage\",\"url\":\"https:\\\/\\\/interamerica.org\\\/wp-content\\\/uploads\\\/2017\\\/06\\\/csm_Emeryc-Patrick-ed-web_0ec03f0a48.jpg\",\"contentUrl\":\"https:\\\/\\\/interamerica.org\\\/wp-content\\\/uploads\\\/2017\\\/06\\\/csm_Emeryc-Patrick-ed-web_0ec03f0a48.jpg\",\"width\":400,\"height\":300},{\"@type\":\"BreadcrumbList\",\"@id\":\"https:\\\/\\\/interamerica.org\\\/es\\\/2014\\\/01\\\/varios-adventistas-muertos-durante-los-disturbios-politicos-en-la-republica-centroafricana\\\/#breadcrumb\",\"itemListElement\":[{\"@type\":\"ListItem\",\"position\":1,\"name\":\"Home\",\"item\":\"https:\\\/\\\/interamerica.org\\\/es\\\/\"},{\"@type\":\"ListItem\",\"position\":2,\"name\":\"Varios adventistas muertos durante los disturbios pol\u00edticos en la Rep\u00fablica Centroafricana\"}]},{\"@type\":\"WebSite\",\"@id\":\"https:\\\/\\\/interamerica.org\\\/es\\\/#website\",\"url\":\"https:\\\/\\\/interamerica.org\\\/es\\\/\",\"name\":\"Iglesia Adventista del S\u00e9ptimo D\u00eda - Divisi\u00f3n Interamericana\",\"description\":\"\",\"potentialAction\":[{\"@type\":\"SearchAction\",\"target\":{\"@type\":\"EntryPoint\",\"urlTemplate\":\"https:\\\/\\\/interamerica.org\\\/es\\\/?s={search_term_string}\"},\"query-input\":{\"@type\":\"PropertyValueSpecification\",\"valueRequired\":true,\"valueName\":\"search_term_string\"}}],\"inLanguage\":\"es\"},{\"@type\":\"Person\",\"@id\":\"https:\\\/\\\/interamerica.org\\\/es\\\/#\\\/schema\\\/person\\\/68ede8bdc292885bb76c1e3810e73c39\",\"name\":\"Lorenzo Verduzco\",\"image\":{\"@type\":\"ImageObject\",\"inLanguage\":\"es\",\"@id\":\"https:\\\/\\\/secure.gravatar.com\\\/avatar\\\/fb81a55b6218459490a9c1dc841a34909185b81904c5337b4b27f7a6fd60c49e?s=96&d=mm&r=g\",\"url\":\"https:\\\/\\\/secure.gravatar.com\\\/avatar\\\/fb81a55b6218459490a9c1dc841a34909185b81904c5337b4b27f7a6fd60c49e?s=96&d=mm&r=g\",\"contentUrl\":\"https:\\\/\\\/secure.gravatar.com\\\/avatar\\\/fb81a55b6218459490a9c1dc841a34909185b81904c5337b4b27f7a6fd60c49e?s=96&d=mm&r=g\",\"caption\":\"Lorenzo Verduzco\"}}]}<\/script>\n<!-- \/ Yoast SEO plugin. -->","yoast_head_json":{"title":"Varios adventistas muertos durante los disturbios pol\u00edticos en la Rep\u00fablica Centroafricana - Iglesia Adventista del S\u00e9ptimo D\u00eda - Divisi\u00f3n Interamericana","robots":{"index":"index","follow":"follow","max-snippet":"max-snippet:-1","max-image-preview":"max-image-preview:large","max-video-preview":"max-video-preview:-1"},"canonical":"https:\/\/interamerica.org\/es\/2014\/01\/varios-adventistas-muertos-durante-los-disturbios-politicos-en-la-republica-centroafricana\/","og_locale":"es_ES","og_type":"article","og_title":"Varios adventistas muertos durante los disturbios pol\u00edticos en la Rep\u00fablica Centroafricana - Iglesia Adventista del S\u00e9ptimo D\u00eda - Divisi\u00f3n Interamericana","og_description":"El mes pasado, un miembro adventista muri\u00f3 a consecuencia de disparo de arma de fuego en la Rep\u00fablica Centroafricana, constituy\u00e9ndose en la \u00faltima v\u00edctima de la violencia sectaria vivida en la naci\u00f3n.","og_url":"https:\/\/interamerica.org\/es\/2014\/01\/varios-adventistas-muertos-durante-los-disturbios-politicos-en-la-republica-centroafricana\/","og_site_name":"Iglesia Adventista del S\u00e9ptimo D\u00eda - Divisi\u00f3n Interamericana","article_published_time":"2014-01-22T04:00:00+00:00","og_image":[{"width":400,"height":300,"url":"https:\/\/interamerica.org\/wp-content\/uploads\/2017\/06\/csm_Emeryc-Patrick-ed-web_0ec03f0a48.jpg","type":"image\/jpeg"}],"author":"Lorenzo Verduzco","twitter_card":"summary_large_image","twitter_misc":{"Escrito por":"Lorenzo Verduzco","Tiempo de lectura":"2 minutos"},"schema":{"@context":"https:\/\/schema.org","@graph":[{"@type":"Article","@id":"https:\/\/interamerica.org\/es\/2014\/01\/varios-adventistas-muertos-durante-los-disturbios-politicos-en-la-republica-centroafricana\/#article","isPartOf":{"@id":"https:\/\/interamerica.org\/es\/2014\/01\/varios-adventistas-muertos-durante-los-disturbios-politicos-en-la-republica-centroafricana\/"},"author":{"name":"Lorenzo Verduzco","@id":"https:\/\/interamerica.org\/es\/#\/schema\/person\/68ede8bdc292885bb76c1e3810e73c39"},"headline":"Varios adventistas muertos durante los disturbios pol\u00edticos en la Rep\u00fablica Centroafricana","datePublished":"2014-01-22T04:00:00+00:00","mainEntityOfPage":{"@id":"https:\/\/interamerica.org\/es\/2014\/01\/varios-adventistas-muertos-durante-los-disturbios-politicos-en-la-republica-centroafricana\/"},"wordCount":381,"image":{"@id":"https:\/\/interamerica.org\/es\/2014\/01\/varios-adventistas-muertos-durante-los-disturbios-politicos-en-la-republica-centroafricana\/#primaryimage"},"thumbnailUrl":"https:\/\/interamerica.org\/wp-content\/uploads\/2017\/06\/csm_Emeryc-Patrick-ed-web_0ec03f0a48.jpg","articleSection":["Desde la iglesia mundial"],"inLanguage":"es"},{"@type":"WebPage","@id":"https:\/\/interamerica.org\/es\/2014\/01\/varios-adventistas-muertos-durante-los-disturbios-politicos-en-la-republica-centroafricana\/","url":"https:\/\/interamerica.org\/es\/2014\/01\/varios-adventistas-muertos-durante-los-disturbios-politicos-en-la-republica-centroafricana\/","name":"Varios adventistas muertos durante los disturbios pol\u00edticos en la Rep\u00fablica Centroafricana - Iglesia Adventista del S\u00e9ptimo D\u00eda - Divisi\u00f3n Interamericana","isPartOf":{"@id":"https:\/\/interamerica.org\/es\/#website"},"primaryImageOfPage":{"@id":"https:\/\/interamerica.org\/es\/2014\/01\/varios-adventistas-muertos-durante-los-disturbios-politicos-en-la-republica-centroafricana\/#primaryimage"},"image":{"@id":"https:\/\/interamerica.org\/es\/2014\/01\/varios-adventistas-muertos-durante-los-disturbios-politicos-en-la-republica-centroafricana\/#primaryimage"},"thumbnailUrl":"https:\/\/interamerica.org\/wp-content\/uploads\/2017\/06\/csm_Emeryc-Patrick-ed-web_0ec03f0a48.jpg","datePublished":"2014-01-22T04:00:00+00:00","author":{"@id":"https:\/\/interamerica.org\/es\/#\/schema\/person\/68ede8bdc292885bb76c1e3810e73c39"},"breadcrumb":{"@id":"https:\/\/interamerica.org\/es\/2014\/01\/varios-adventistas-muertos-durante-los-disturbios-politicos-en-la-republica-centroafricana\/#breadcrumb"},"inLanguage":"es","potentialAction":[{"@type":"ReadAction","target":["https:\/\/interamerica.org\/es\/2014\/01\/varios-adventistas-muertos-durante-los-disturbios-politicos-en-la-republica-centroafricana\/"]}]},{"@type":"ImageObject","inLanguage":"es","@id":"https:\/\/interamerica.org\/es\/2014\/01\/varios-adventistas-muertos-durante-los-disturbios-politicos-en-la-republica-centroafricana\/#primaryimage","url":"https:\/\/interamerica.org\/wp-content\/uploads\/2017\/06\/csm_Emeryc-Patrick-ed-web_0ec03f0a48.jpg","contentUrl":"https:\/\/interamerica.org\/wp-content\/uploads\/2017\/06\/csm_Emeryc-Patrick-ed-web_0ec03f0a48.jpg","width":400,"height":300},{"@type":"BreadcrumbList","@id":"https:\/\/interamerica.org\/es\/2014\/01\/varios-adventistas-muertos-durante-los-disturbios-politicos-en-la-republica-centroafricana\/#breadcrumb","itemListElement":[{"@type":"ListItem","position":1,"name":"Home","item":"https:\/\/interamerica.org\/es\/"},{"@type":"ListItem","position":2,"name":"Varios adventistas muertos durante los disturbios pol\u00edticos en la Rep\u00fablica Centroafricana"}]},{"@type":"WebSite","@id":"https:\/\/interamerica.org\/es\/#website","url":"https:\/\/interamerica.org\/es\/","name":"Iglesia Adventista del S\u00e9ptimo D\u00eda - Divisi\u00f3n Interamericana","description":"","potentialAction":[{"@type":"SearchAction","target":{"@type":"EntryPoint","urlTemplate":"https:\/\/interamerica.org\/es\/?s={search_term_string}"},"query-input":{"@type":"PropertyValueSpecification","valueRequired":true,"valueName":"search_term_string"}}],"inLanguage":"es"},{"@type":"Person","@id":"https:\/\/interamerica.org\/es\/#\/schema\/person\/68ede8bdc292885bb76c1e3810e73c39","name":"Lorenzo Verduzco","image":{"@type":"ImageObject","inLanguage":"es","@id":"https:\/\/secure.gravatar.com\/avatar\/fb81a55b6218459490a9c1dc841a34909185b81904c5337b4b27f7a6fd60c49e?s=96&d=mm&r=g","url":"https:\/\/secure.gravatar.com\/avatar\/fb81a55b6218459490a9c1dc841a34909185b81904c5337b4b27f7a6fd60c49e?s=96&d=mm&r=g","contentUrl":"https:\/\/secure.gravatar.com\/avatar\/fb81a55b6218459490a9c1dc841a34909185b81904c5337b4b27f7a6fd60c49e?s=96&d=mm&r=g","caption":"Lorenzo Verduzco"}}]}},"_links":{"self":[{"href":"https:\/\/interamerica.org\/es\/wp-json\/wp\/v2\/posts\/30410","targetHints":{"allow":["GET"]}}],"collection":[{"href":"https:\/\/interamerica.org\/es\/wp-json\/wp\/v2\/posts"}],"about":[{"href":"https:\/\/interamerica.org\/es\/wp-json\/wp\/v2\/types\/post"}],"author":[{"embeddable":true,"href":"https:\/\/interamerica.org\/es\/wp-json\/wp\/v2\/users\/1"}],"replies":[{"embeddable":true,"href":"https:\/\/interamerica.org\/es\/wp-json\/wp\/v2\/comments?post=30410"}],"version-history":[{"count":0,"href":"https:\/\/interamerica.org\/es\/wp-json\/wp\/v2\/posts\/30410\/revisions"}],"wp:featuredmedia":[{"embeddable":true,"href":"https:\/\/interamerica.org\/es\/wp-json\/wp\/v2\/media\/22501"}],"wp:attachment":[{"href":"https:\/\/interamerica.org\/es\/wp-json\/wp\/v2\/media?parent=30410"}],"wp:term":[{"taxonomy":"category","embeddable":true,"href":"https:\/\/interamerica.org\/es\/wp-json\/wp\/v2\/categories?post=30410"},{"taxonomy":"post_tag","embeddable":true,"href":"https:\/\/interamerica.org\/es\/wp-json\/wp\/v2\/tags?post=30410"}],"curies":[{"name":"wp","href":"https:\/\/api.w.org\/{rel}","templated":true}]}}