{"id":30411,"date":"2014-01-22T00:00:00","date_gmt":"2014-01-22T04:00:00","guid":{"rendered":"http:\/\/192.81.217.108\/interamerica\/2014\/01\/jamaica-iglesia-adventista-lanza-megacampana-urbana\/"},"modified":"2014-01-22T00:00:00","modified_gmt":"2014-01-22T04:00:00","slug":"jamaica-iglesia-adventista-lanza-megacampana-urbana","status":"publish","type":"post","link":"https:\/\/interamerica.org\/es\/2014\/01\/jamaica-iglesia-adventista-lanza-megacampana-urbana\/","title":{"rendered":"Jamaica: Iglesia Adventista lanza megacampa\u00f1a urbana"},"content":{"rendered":"<div id=\"attachment_10430\" style=\"width: 600px\" class=\"wp-caption aligncenter\"><a href=\"\/interamerica\/wp-content\/uploads\/2017\/06\/EveretteBrown_citywideoutreach.png\" rel=\"fancybox\" title=\"Jamaica: Iglesia Adventista lanza megacampa\u00f1a urbana\"><img fetchpriority=\"high\" decoding=\"async\" aria-describedby=\"caption-attachment-10430\" class=\"size-full wp-image-10430\" src=\"\/interamerica\/wp-content\/uploads\/2017\/06\/EveretteBrown_citywideoutreach.png\" alt=\"\" width=\"590\" height=\"392\" \/><\/a><p id=\"caption-attachment-10430\" class=\"wp-caption-text\">Directivos de la Iglesia Adventista de Jamaica lanzaron el domingo pasado una campa\u00f1a urbana en la Plaza Half Way Tree, en Kingston, Jamaica, que ha sido denominada \u00abMisi\u00f3n Metropolitana 14: Esperanza para la ciudad\u00bb. Everett Brown (izquierda), presidente de la Uni\u00f3n de Jamaica de la iglesia, dijo que se usar\u00e1 la colaboraci\u00f3n de las m\u00e1s de 730 congregaciones para implementar diversos proyectos que buscan alcanzar a los miembros de su comunidad. Imagen de Nigel Coke\/DIA<\/p><\/div>\n<p>21 de enero de 2014 &#8211; Kingston, Jamaica&#8230; Nigel Coke\/DIA<\/p>\n<p>La Iglesia Adventista del S\u00e9ptimo D\u00eda lanz\u00f3 su megacampa\u00f1a urbana en la Plaza Half Way Tree, en Kingston, Jamaica, donde miles de miembros y transe\u00fantes se hicieron presentes para el evento del pasado 12 de enero de 2014. La campa\u00f1a, denominada \u00abMisi\u00f3n Metropolitana 14 (MM14): Esperanza para la ciudad\u00bb apunta a la regi\u00f3n urbana m\u00e1s poblada de Jamaica, bajo la iniciativa \u00abEsperanza para las grandes ciudades\u00bb, que forma parte de la campa\u00f1a mundial de la Iglesia Adventista para evangelizar a las principales ciudades del mundo.<\/p>\n<p>El pastor Everett Brown, presidente de la Iglesia Adventista de Jamaica, present\u00f3 una visi\u00f3n general de la MM14 no solo en Kingston sino en toda la isla, enfatizando que se buscar\u00e1 la colaboraci\u00f3n de las m\u00e1s de 730 congregaciones para llevar a cabo diversos proyectos que buscan alcanzar a los miembros de la comunidad.<\/p>\n<p>\u00abPor medio de esta iniciativa, buscamos atender las necesidades espirituales de la gente en la ciudad de Kingston y en los principales centros urbanos de Jamaica, desde Montego Bay en el oeste hasta Bah\u00eda Morant, en el este\u00bb, dijo Brown. \u00abCreemos que es nuestro deber como iglesia atender no solo las necesidades espirituales de la gente, sino tambi\u00e9n sus necesidades sociales, emocionales y f\u00edsicas\u00bb.<\/p>\n<p>El pastor Brown enfatiz\u00f3 que los programas se basar\u00e1n en recursos financieros y humanos para llegar a las comunidades y tocar las vidas de los individuos.<\/p>\n<div id=\"attachment_10348\" style=\"width: 310px\" class=\"wp-caption alignright\"><a href=\"\/interamerica\/wp-content\/uploads\/2017\/06\/Jamaica-disabled.png\" rel=\"fancybox\" title=\"Jamaica: Iglesia Adventista lanza megacampa\u00f1a urbana\"><img decoding=\"async\" aria-describedby=\"caption-attachment-10348\" class=\"size-medium wp-image-10348\" src=\"\/interamerica\/wp-content\/uploads\/2017\/06\/Jamaica-disabled-300x212.png\" alt=\"\" width=\"300\" height=\"212\" \/><\/a><p id=\"caption-attachment-10348\" class=\"wp-caption-text\">Vinette Green, una mujer de 47 a\u00f1os (en la silla de ruedas) celebra la bondad de Dios a pesar de sufrir una discapacidad f\u00edsica. Green fue una de los miles de miembros de la Iglesia Adventista y transe\u00fantes que se reunieron el pasado 12 de enero en la Plaza Half Way Tree, en Kingston, Jamaica, para el lanzamiento de \u00abMisi\u00f3n Metropolitana 14 (MM14): Esperanza para la ciudad\u00bb. Imagen de Nigel Coke\/DIA.<\/p><\/div>\n<p>Las \u00e1reas de \u00e9nfasis de la MM14 incluir\u00e1n la atenci\u00f3n de las demandas f\u00edsicas de los individuos necesitados, al brindarles ropas limpias, la posibilidad de atenci\u00f3n m\u00e9dica y educaci\u00f3n para la salud en cuestiones de nutrici\u00f3n. Adem\u00e1s, se los ayudar\u00e1 a resolver cuestiones y problemas familiares, asesorar\u00e1 sobre c\u00f3mo rehabilitar los que han ca\u00eddo en la delincuencia, ayudar a los j\u00f3venes marginados, y brindar capacitaci\u00f3n y asistencia acad\u00e9mica.<\/p>\n<p><strong>Tienen que participar todos los miembros.<\/strong>\u00a0\u201cQueremos alcanzar a cada persona de Kingston\u00bb, enfatiz\u00f3 Brown. \u00abQueremos llegar a cada hogar, y por ello estamos llamando a los miembros de la iglesia, para que cada uno alcance a una persona. Ning\u00fan hogar tiene que ser pasado por algo, ninguna calle, ciudad o pueblo de Jamaica tiene que ser pasado por alto. Queremos dar vueltas completamente a Jamaica y hacer que el pa\u00eds sea un mejor lugar para vivir al compartir con a Cristo con sus habitantes\u00bb.<\/p>\n<p>En la regi\u00f3n oriental, la misi\u00f3n humanitaria y espiritual ayudar\u00e1 a los m\u00e1s vulnerables de Kingston, St. Andrew y St. Thomas con la participaci\u00f3n activa de m\u00e1s de cien iglesias de estas tres parroquias.<\/p>\n<p>El lanzamiento cont\u00f3 con la presencia de cantantes de toda la regi\u00f3n, que hicieron cantar a la multitud, mientras bat\u00edan palmas y alababan al Se\u00f1or.<\/p>\n<p>Al presentar el mensaje final durante la tarde, el pastor Glen O. Samuels, director de ministerios personales y Escuela Sab\u00e1tica de la iglesia en Jamaica, comparti\u00f3 analog\u00edas b\u00edblicas de Nicodemo, a quien Jes\u00fas le dijo que era necesario que naciera de nuevo para ver el Reino de Dios. \u00abHay algunas cosas que el dinero no puede dar. A Nicodemo se le dijo que necesitaba ser transformado, y hay gente aqu\u00ed que necesita comenzar de nuevo\u00bb.<\/p>\n<p>A continuaci\u00f3n se hizo un llamado a comprometerse con la misi\u00f3n, y decenas de personas respondieron y completaron las tarjetas de compromiso.<\/p>\n<p>Si desea saber m\u00e1s sobre la Iglesia Adventista de Jamaica, visite\u00a0<a href=\"http:\/\/www.jmunion.org\/\">jmunion.org<\/a><\/p>\n<p><em>Traducci\u00f3n de Marcos Paseggi<\/em><\/p>\n","protected":false},"excerpt":{"rendered":"<p>La Iglesia Adventista del S\u00e9ptimo D\u00eda lanz\u00f3 su megacampa\u00f1a urbana en la Plaza Half Way Tree, en Kingston, Jamaica, donde miles de miembros y transe\u00fantes se hicieron presentes para el evento del pasado 12 de enero de 2014.<\/p>\n","protected":false},"author":1,"featured_media":22515,"comment_status":"closed","ping_status":"closed","sticky":false,"template":"","format":"standard","meta":{"_acf_changed":false,"footnotes":""},"categories":[17],"tags":[],"class_list":["post-30411","post","type-post","status-publish","format-standard","has-post-thumbnail","hentry","category-desde-el-campo"],"acf":[],"yoast_head":"<!-- This site is optimized with the Yoast SEO plugin v27.3 - https:\/\/yoast.com\/product\/yoast-seo-wordpress\/ -->\n<title>Jamaica: Iglesia Adventista lanza megacampa\u00f1a urbana - Iglesia Adventista del S\u00e9ptimo D\u00eda - Divisi\u00f3n Interamericana<\/title>\n<meta name=\"robots\" content=\"index, follow, max-snippet:-1, max-image-preview:large, max-video-preview:-1\" \/>\n<link rel=\"canonical\" href=\"https:\/\/interamerica.org\/es\/2014\/01\/jamaica-iglesia-adventista-lanza-megacampana-urbana\/\" \/>\n<meta property=\"og:locale\" content=\"es_ES\" \/>\n<meta property=\"og:type\" content=\"article\" \/>\n<meta property=\"og:title\" content=\"Jamaica: Iglesia Adventista lanza megacampa\u00f1a urbana - Iglesia Adventista del S\u00e9ptimo D\u00eda - Divisi\u00f3n Interamericana\" \/>\n<meta property=\"og:description\" content=\"La Iglesia Adventista del S\u00e9ptimo D\u00eda lanz\u00f3 su megacampa\u00f1a urbana en la Plaza Half Way Tree, en Kingston, Jamaica, donde miles de miembros y transe\u00fantes se hicieron presentes para el evento del pasado 12 de enero de 2014.\" \/>\n<meta property=\"og:url\" content=\"https:\/\/interamerica.org\/es\/2014\/01\/jamaica-iglesia-adventista-lanza-megacampana-urbana\/\" \/>\n<meta property=\"og:site_name\" content=\"Iglesia Adventista del S\u00e9ptimo D\u00eda - Divisi\u00f3n Interamericana\" \/>\n<meta property=\"article:published_time\" content=\"2014-01-22T04:00:00+00:00\" \/>\n<meta property=\"og:image\" content=\"https:\/\/interamerica.org\/wp-content\/uploads\/2017\/06\/EveretteBrown_citywideoutreach.png\" \/>\n\t<meta property=\"og:image:width\" content=\"590\" \/>\n\t<meta property=\"og:image:height\" content=\"392\" \/>\n\t<meta property=\"og:image:type\" content=\"image\/png\" \/>\n<meta name=\"author\" content=\"Lorenzo Verduzco\" \/>\n<meta name=\"twitter:card\" content=\"summary_large_image\" \/>\n<meta name=\"twitter:label1\" content=\"Escrito por\" \/>\n\t<meta name=\"twitter:data1\" content=\"Lorenzo Verduzco\" \/>\n\t<meta name=\"twitter:label2\" content=\"Tiempo de lectura\" \/>\n\t<meta name=\"twitter:data2\" content=\"4 minutos\" \/>\n<script type=\"application\/ld+json\" class=\"yoast-schema-graph\">{\"@context\":\"https:\\\/\\\/schema.org\",\"@graph\":[{\"@type\":\"Article\",\"@id\":\"https:\\\/\\\/interamerica.org\\\/es\\\/2014\\\/01\\\/jamaica-iglesia-adventista-lanza-megacampana-urbana\\\/#article\",\"isPartOf\":{\"@id\":\"https:\\\/\\\/interamerica.org\\\/es\\\/2014\\\/01\\\/jamaica-iglesia-adventista-lanza-megacampana-urbana\\\/\"},\"author\":{\"name\":\"Lorenzo Verduzco\",\"@id\":\"https:\\\/\\\/interamerica.org\\\/es\\\/#\\\/schema\\\/person\\\/68ede8bdc292885bb76c1e3810e73c39\"},\"headline\":\"Jamaica: Iglesia Adventista lanza megacampa\u00f1a urbana\",\"datePublished\":\"2014-01-22T04:00:00+00:00\",\"mainEntityOfPage\":{\"@id\":\"https:\\\/\\\/interamerica.org\\\/es\\\/2014\\\/01\\\/jamaica-iglesia-adventista-lanza-megacampana-urbana\\\/\"},\"wordCount\":780,\"image\":{\"@id\":\"https:\\\/\\\/interamerica.org\\\/es\\\/2014\\\/01\\\/jamaica-iglesia-adventista-lanza-megacampana-urbana\\\/#primaryimage\"},\"thumbnailUrl\":\"https:\\\/\\\/interamerica.org\\\/wp-content\\\/uploads\\\/2017\\\/06\\\/EveretteBrown_citywideoutreach.png\",\"articleSection\":[\"Desde el campo\"],\"inLanguage\":\"es\"},{\"@type\":\"WebPage\",\"@id\":\"https:\\\/\\\/interamerica.org\\\/es\\\/2014\\\/01\\\/jamaica-iglesia-adventista-lanza-megacampana-urbana\\\/\",\"url\":\"https:\\\/\\\/interamerica.org\\\/es\\\/2014\\\/01\\\/jamaica-iglesia-adventista-lanza-megacampana-urbana\\\/\",\"name\":\"Jamaica: Iglesia Adventista lanza megacampa\u00f1a urbana - Iglesia Adventista del S\u00e9ptimo D\u00eda - Divisi\u00f3n Interamericana\",\"isPartOf\":{\"@id\":\"https:\\\/\\\/interamerica.org\\\/es\\\/#website\"},\"primaryImageOfPage\":{\"@id\":\"https:\\\/\\\/interamerica.org\\\/es\\\/2014\\\/01\\\/jamaica-iglesia-adventista-lanza-megacampana-urbana\\\/#primaryimage\"},\"image\":{\"@id\":\"https:\\\/\\\/interamerica.org\\\/es\\\/2014\\\/01\\\/jamaica-iglesia-adventista-lanza-megacampana-urbana\\\/#primaryimage\"},\"thumbnailUrl\":\"https:\\\/\\\/interamerica.org\\\/wp-content\\\/uploads\\\/2017\\\/06\\\/EveretteBrown_citywideoutreach.png\",\"datePublished\":\"2014-01-22T04:00:00+00:00\",\"author\":{\"@id\":\"https:\\\/\\\/interamerica.org\\\/es\\\/#\\\/schema\\\/person\\\/68ede8bdc292885bb76c1e3810e73c39\"},\"breadcrumb\":{\"@id\":\"https:\\\/\\\/interamerica.org\\\/es\\\/2014\\\/01\\\/jamaica-iglesia-adventista-lanza-megacampana-urbana\\\/#breadcrumb\"},\"inLanguage\":\"es\",\"potentialAction\":[{\"@type\":\"ReadAction\",\"target\":[\"https:\\\/\\\/interamerica.org\\\/es\\\/2014\\\/01\\\/jamaica-iglesia-adventista-lanza-megacampana-urbana\\\/\"]}]},{\"@type\":\"ImageObject\",\"inLanguage\":\"es\",\"@id\":\"https:\\\/\\\/interamerica.org\\\/es\\\/2014\\\/01\\\/jamaica-iglesia-adventista-lanza-megacampana-urbana\\\/#primaryimage\",\"url\":\"https:\\\/\\\/interamerica.org\\\/wp-content\\\/uploads\\\/2017\\\/06\\\/EveretteBrown_citywideoutreach.png\",\"contentUrl\":\"https:\\\/\\\/interamerica.org\\\/wp-content\\\/uploads\\\/2017\\\/06\\\/EveretteBrown_citywideoutreach.png\",\"width\":590,\"height\":392},{\"@type\":\"BreadcrumbList\",\"@id\":\"https:\\\/\\\/interamerica.org\\\/es\\\/2014\\\/01\\\/jamaica-iglesia-adventista-lanza-megacampana-urbana\\\/#breadcrumb\",\"itemListElement\":[{\"@type\":\"ListItem\",\"position\":1,\"name\":\"Home\",\"item\":\"https:\\\/\\\/interamerica.org\\\/es\\\/\"},{\"@type\":\"ListItem\",\"position\":2,\"name\":\"Jamaica: Iglesia Adventista lanza megacampa\u00f1a urbana\"}]},{\"@type\":\"WebSite\",\"@id\":\"https:\\\/\\\/interamerica.org\\\/es\\\/#website\",\"url\":\"https:\\\/\\\/interamerica.org\\\/es\\\/\",\"name\":\"Iglesia Adventista del S\u00e9ptimo D\u00eda - Divisi\u00f3n Interamericana\",\"description\":\"\",\"potentialAction\":[{\"@type\":\"SearchAction\",\"target\":{\"@type\":\"EntryPoint\",\"urlTemplate\":\"https:\\\/\\\/interamerica.org\\\/es\\\/?s={search_term_string}\"},\"query-input\":{\"@type\":\"PropertyValueSpecification\",\"valueRequired\":true,\"valueName\":\"search_term_string\"}}],\"inLanguage\":\"es\"},{\"@type\":\"Person\",\"@id\":\"https:\\\/\\\/interamerica.org\\\/es\\\/#\\\/schema\\\/person\\\/68ede8bdc292885bb76c1e3810e73c39\",\"name\":\"Lorenzo Verduzco\",\"image\":{\"@type\":\"ImageObject\",\"inLanguage\":\"es\",\"@id\":\"https:\\\/\\\/secure.gravatar.com\\\/avatar\\\/fb81a55b6218459490a9c1dc841a34909185b81904c5337b4b27f7a6fd60c49e?s=96&d=mm&r=g\",\"url\":\"https:\\\/\\\/secure.gravatar.com\\\/avatar\\\/fb81a55b6218459490a9c1dc841a34909185b81904c5337b4b27f7a6fd60c49e?s=96&d=mm&r=g\",\"contentUrl\":\"https:\\\/\\\/secure.gravatar.com\\\/avatar\\\/fb81a55b6218459490a9c1dc841a34909185b81904c5337b4b27f7a6fd60c49e?s=96&d=mm&r=g\",\"caption\":\"Lorenzo Verduzco\"}}]}<\/script>\n<!-- \/ Yoast SEO plugin. -->","yoast_head_json":{"title":"Jamaica: Iglesia Adventista lanza megacampa\u00f1a urbana - Iglesia Adventista del S\u00e9ptimo D\u00eda - Divisi\u00f3n Interamericana","robots":{"index":"index","follow":"follow","max-snippet":"max-snippet:-1","max-image-preview":"max-image-preview:large","max-video-preview":"max-video-preview:-1"},"canonical":"https:\/\/interamerica.org\/es\/2014\/01\/jamaica-iglesia-adventista-lanza-megacampana-urbana\/","og_locale":"es_ES","og_type":"article","og_title":"Jamaica: Iglesia Adventista lanza megacampa\u00f1a urbana - Iglesia Adventista del S\u00e9ptimo D\u00eda - Divisi\u00f3n Interamericana","og_description":"La Iglesia Adventista del S\u00e9ptimo D\u00eda lanz\u00f3 su megacampa\u00f1a urbana en la Plaza Half Way Tree, en Kingston, Jamaica, donde miles de miembros y transe\u00fantes se hicieron presentes para el evento del pasado 12 de enero de 2014.","og_url":"https:\/\/interamerica.org\/es\/2014\/01\/jamaica-iglesia-adventista-lanza-megacampana-urbana\/","og_site_name":"Iglesia Adventista del S\u00e9ptimo D\u00eda - Divisi\u00f3n Interamericana","article_published_time":"2014-01-22T04:00:00+00:00","og_image":[{"width":590,"height":392,"url":"https:\/\/interamerica.org\/wp-content\/uploads\/2017\/06\/EveretteBrown_citywideoutreach.png","type":"image\/png"}],"author":"Lorenzo Verduzco","twitter_card":"summary_large_image","twitter_misc":{"Escrito por":"Lorenzo Verduzco","Tiempo de lectura":"4 minutos"},"schema":{"@context":"https:\/\/schema.org","@graph":[{"@type":"Article","@id":"https:\/\/interamerica.org\/es\/2014\/01\/jamaica-iglesia-adventista-lanza-megacampana-urbana\/#article","isPartOf":{"@id":"https:\/\/interamerica.org\/es\/2014\/01\/jamaica-iglesia-adventista-lanza-megacampana-urbana\/"},"author":{"name":"Lorenzo Verduzco","@id":"https:\/\/interamerica.org\/es\/#\/schema\/person\/68ede8bdc292885bb76c1e3810e73c39"},"headline":"Jamaica: Iglesia Adventista lanza megacampa\u00f1a urbana","datePublished":"2014-01-22T04:00:00+00:00","mainEntityOfPage":{"@id":"https:\/\/interamerica.org\/es\/2014\/01\/jamaica-iglesia-adventista-lanza-megacampana-urbana\/"},"wordCount":780,"image":{"@id":"https:\/\/interamerica.org\/es\/2014\/01\/jamaica-iglesia-adventista-lanza-megacampana-urbana\/#primaryimage"},"thumbnailUrl":"https:\/\/interamerica.org\/wp-content\/uploads\/2017\/06\/EveretteBrown_citywideoutreach.png","articleSection":["Desde el campo"],"inLanguage":"es"},{"@type":"WebPage","@id":"https:\/\/interamerica.org\/es\/2014\/01\/jamaica-iglesia-adventista-lanza-megacampana-urbana\/","url":"https:\/\/interamerica.org\/es\/2014\/01\/jamaica-iglesia-adventista-lanza-megacampana-urbana\/","name":"Jamaica: Iglesia Adventista lanza megacampa\u00f1a urbana - Iglesia Adventista del S\u00e9ptimo D\u00eda - Divisi\u00f3n Interamericana","isPartOf":{"@id":"https:\/\/interamerica.org\/es\/#website"},"primaryImageOfPage":{"@id":"https:\/\/interamerica.org\/es\/2014\/01\/jamaica-iglesia-adventista-lanza-megacampana-urbana\/#primaryimage"},"image":{"@id":"https:\/\/interamerica.org\/es\/2014\/01\/jamaica-iglesia-adventista-lanza-megacampana-urbana\/#primaryimage"},"thumbnailUrl":"https:\/\/interamerica.org\/wp-content\/uploads\/2017\/06\/EveretteBrown_citywideoutreach.png","datePublished":"2014-01-22T04:00:00+00:00","author":{"@id":"https:\/\/interamerica.org\/es\/#\/schema\/person\/68ede8bdc292885bb76c1e3810e73c39"},"breadcrumb":{"@id":"https:\/\/interamerica.org\/es\/2014\/01\/jamaica-iglesia-adventista-lanza-megacampana-urbana\/#breadcrumb"},"inLanguage":"es","potentialAction":[{"@type":"ReadAction","target":["https:\/\/interamerica.org\/es\/2014\/01\/jamaica-iglesia-adventista-lanza-megacampana-urbana\/"]}]},{"@type":"ImageObject","inLanguage":"es","@id":"https:\/\/interamerica.org\/es\/2014\/01\/jamaica-iglesia-adventista-lanza-megacampana-urbana\/#primaryimage","url":"https:\/\/interamerica.org\/wp-content\/uploads\/2017\/06\/EveretteBrown_citywideoutreach.png","contentUrl":"https:\/\/interamerica.org\/wp-content\/uploads\/2017\/06\/EveretteBrown_citywideoutreach.png","width":590,"height":392},{"@type":"BreadcrumbList","@id":"https:\/\/interamerica.org\/es\/2014\/01\/jamaica-iglesia-adventista-lanza-megacampana-urbana\/#breadcrumb","itemListElement":[{"@type":"ListItem","position":1,"name":"Home","item":"https:\/\/interamerica.org\/es\/"},{"@type":"ListItem","position":2,"name":"Jamaica: Iglesia Adventista lanza megacampa\u00f1a urbana"}]},{"@type":"WebSite","@id":"https:\/\/interamerica.org\/es\/#website","url":"https:\/\/interamerica.org\/es\/","name":"Iglesia Adventista del S\u00e9ptimo D\u00eda - Divisi\u00f3n Interamericana","description":"","potentialAction":[{"@type":"SearchAction","target":{"@type":"EntryPoint","urlTemplate":"https:\/\/interamerica.org\/es\/?s={search_term_string}"},"query-input":{"@type":"PropertyValueSpecification","valueRequired":true,"valueName":"search_term_string"}}],"inLanguage":"es"},{"@type":"Person","@id":"https:\/\/interamerica.org\/es\/#\/schema\/person\/68ede8bdc292885bb76c1e3810e73c39","name":"Lorenzo Verduzco","image":{"@type":"ImageObject","inLanguage":"es","@id":"https:\/\/secure.gravatar.com\/avatar\/fb81a55b6218459490a9c1dc841a34909185b81904c5337b4b27f7a6fd60c49e?s=96&d=mm&r=g","url":"https:\/\/secure.gravatar.com\/avatar\/fb81a55b6218459490a9c1dc841a34909185b81904c5337b4b27f7a6fd60c49e?s=96&d=mm&r=g","contentUrl":"https:\/\/secure.gravatar.com\/avatar\/fb81a55b6218459490a9c1dc841a34909185b81904c5337b4b27f7a6fd60c49e?s=96&d=mm&r=g","caption":"Lorenzo Verduzco"}}]}},"_links":{"self":[{"href":"https:\/\/interamerica.org\/es\/wp-json\/wp\/v2\/posts\/30411","targetHints":{"allow":["GET"]}}],"collection":[{"href":"https:\/\/interamerica.org\/es\/wp-json\/wp\/v2\/posts"}],"about":[{"href":"https:\/\/interamerica.org\/es\/wp-json\/wp\/v2\/types\/post"}],"author":[{"embeddable":true,"href":"https:\/\/interamerica.org\/es\/wp-json\/wp\/v2\/users\/1"}],"replies":[{"embeddable":true,"href":"https:\/\/interamerica.org\/es\/wp-json\/wp\/v2\/comments?post=30411"}],"version-history":[{"count":0,"href":"https:\/\/interamerica.org\/es\/wp-json\/wp\/v2\/posts\/30411\/revisions"}],"wp:featuredmedia":[{"embeddable":true,"href":"https:\/\/interamerica.org\/es\/wp-json\/wp\/v2\/media\/22515"}],"wp:attachment":[{"href":"https:\/\/interamerica.org\/es\/wp-json\/wp\/v2\/media?parent=30411"}],"wp:term":[{"taxonomy":"category","embeddable":true,"href":"https:\/\/interamerica.org\/es\/wp-json\/wp\/v2\/categories?post=30411"},{"taxonomy":"post_tag","embeddable":true,"href":"https:\/\/interamerica.org\/es\/wp-json\/wp\/v2\/tags?post=30411"}],"curies":[{"name":"wp","href":"https:\/\/api.w.org\/{rel}","templated":true}]}}