{"id":30412,"date":"2014-01-23T00:00:00","date_gmt":"2014-01-23T04:00:00","guid":{"rendered":"http:\/\/192.81.217.108\/interamerica\/2014\/01\/interamerica-desafio-a-los-dirigentes-de-la-iglesia-a-marchar-adelante-con-el-ministerio-de-necesidades-especiales\/"},"modified":"2014-01-23T00:00:00","modified_gmt":"2014-01-23T04:00:00","slug":"interamerica-desafio-a-los-dirigentes-de-la-iglesia-a-marchar-adelante-con-el-ministerio-de-necesidades-especiales","status":"publish","type":"post","link":"https:\/\/interamerica.org\/es\/2014\/01\/interamerica-desafio-a-los-dirigentes-de-la-iglesia-a-marchar-adelante-con-el-ministerio-de-necesidades-especiales\/","title":{"rendered":"Interam\u00e9rica: Desaf\u00edo a los dirigentes de la iglesia a marchar adelante con el ministerio de necesidades especiales"},"content":{"rendered":"<div id=\"attachment_10411\" style=\"width: 600px\" class=\"wp-caption aligncenter\"><a href=\"\/interamerica\/wp-content\/uploads\/2017\/06\/SNMinistries.png\" rel=\"fancybox\" title=\"Interam\u00e9rica: Desaf\u00edo a los dirigentes de la iglesia a marchar adelante con el ministerio de necesidades especiales\"><img fetchpriority=\"high\" decoding=\"async\" aria-describedby=\"caption-attachment-10411\" class=\"size-full wp-image-10411\" src=\"\/interamerica\/wp-content\/uploads\/2017\/06\/SNMinistries.png\" alt=\"\" width=\"590\" height=\"415\" \/><\/a><p id=\"caption-attachment-10411\" class=\"wp-caption-text\">El Pastor Israel Leito (derecha), presidente de la iglesia en Interam\u00e9rica, habla durante el d\u00eda de apertura de la Cumbre de Ministerio de Necesidades Especiales celebrada en Miami, Florida, el 14 de enero de 2014. El Pastor Leito inst\u00f3 a los dirigentes y miembros de la iglesia a tener presentes a las personas con discapacidades y a localizarlas dentro el contexto de la iglesia. Imagen por Libna Stevens -DIA<\/p><\/div>\n<p>22 de enero de 2014 \u2013 Miami, Florida, Estados Unidos&#8230;Libna Stevens\/DIA<\/p>\n<p>Los dirigentes de la Iglesia Adventista del S\u00e9ptimo D\u00eda en Interam\u00e9rica se comprometieron a ministrar en favor de las necesidades de personas con discapacidades, durante una cumbre especial celebrada en la Divisi\u00f3n Interamericana (DIA), del 14 al 16 de enero de 2014.<\/p>\n<p>El prop\u00f3sito de la Cumbre de Ministerio de Necesidades Especiales fue despertar conciencia en relaci\u00f3n con las personas discapacitadas y ense\u00f1ar formas de ministrar en favor de este grupo de personas en desventaja, hist\u00f3ricamente descuidado en el territorio. La cumbre reuni\u00f3 a un grupo central de 35 dirigentes de iglesia y miembros laicos. Fue el primero de un evento tal en el territorio de la DIA.<\/p>\n<div id=\"attachment_10412\" style=\"width: 310px\" class=\"wp-caption alignleft\"><a href=\"\/interamerica\/wp-content\/uploads\/2017\/06\/SenatorFloydMorris.png\" rel=\"fancybox\" title=\"Interam\u00e9rica: Desaf\u00edo a los dirigentes de la iglesia a marchar adelante con el ministerio de necesidades especiales\"><img decoding=\"async\" aria-describedby=\"caption-attachment-10412\" class=\"size-medium wp-image-10412\" src=\"\/interamerica\/wp-content\/uploads\/2017\/06\/SenatorFloydMorris-300x220.png\" alt=\"\" width=\"300\" height=\"220\" \/><\/a><p id=\"caption-attachment-10412\" class=\"wp-caption-text\">El Senador Floyd Morris, un adventista y presidente del senado en Jamaica, desafi\u00f3 a los dirigentes de la iglesia a procurar, ministrar e integrar a personas con discapacidades en el territorio de la DIA . Imagen por Libna Stevens -DIA<\/p><\/div>\n<p>El Senador Floyd Morris, un adventista y presidente del senado en Jamaica, desafi\u00f3 a los dirigentes de la iglesia a procurar, ministrar e integrar a personas que viven con discapacidades en el territorio de la DIA. Hay aproximadamente 80 millones de personas con discapacidades viviendo en este territorio.<\/p>\n<p>\u201cDios nos est\u00e1 diciendo a todos nosotros en la moderna sociedad actual que abramos las puertas, derribemos barreras y habilitemos e incluyamos en todos los asuntos de la iglesia a las personas con discapacidades\u201d, dijo el Senador Morris, quien perdi\u00f3 la vista poco despu\u00e9s de los 20 a\u00f1os.<\/p>\n<p>Aunque la misi\u00f3n de la iglesia es ganar almas para el reino de Dios\u201d, dijo el Senador Morris, \u201ctenemos la enorme tarea de asegurarnos de que se atienden las necesidades de los m\u00e1s vulnerables en nuestra sociedad, incluyendo a las personas con discapacidades, as\u00ed como lo hizo Jes\u00fas durante su ministerio en esta tierra\u201d.<\/p>\n<p>Este mensaje logr\u00f3 hacer eco durante los tres d\u00edas de la cumbre. Los administradores m\u00e1ximos de la DIA subrayaron la necesidad de inclusi\u00f3n e integraci\u00f3n dentro de la iglesia, de las personas con discapacidades.<br \/>\nEl Pastor Israel Leito, presidente de la iglesia en Interam\u00e9rica, inst\u00f3 a los dirigentes de la iglesia a no ignorar a las personas con discapacidades.<\/p>\n<p>\u201cComo dirigentes cristianos y empleados de la organizaci\u00f3n, debemos reconocer a las personas con discapacidades; aun cuando la gente no sea como nosotros somos, debemos abrirle las puertas de la iglesia\u201d, dijo el Pastor Leito.<\/p>\n<p>Es esta concientizaci\u00f3n inicial \u2013asegurarse de que las personas con discapacidades y sus familiares son bienvenidos y atendidos en las congregaciones locales\u2013 lo que constituye un importante paso y una raz\u00f3n para celebrar la cumbre de ministerio de necesidades especiales, dijo el Pastor Samuel Telemaque, director asociado de Ministerios Personales y Escuela Sab\u00e1tica de la iglesia en Interam\u00e9rica y organizador de la cumbre.<\/p>\n<div id=\"attachment_10413\" style=\"width: 310px\" class=\"wp-caption alignleft\"><a href=\"\/interamerica\/wp-content\/uploads\/2017\/06\/SamuelTelemaque.png\" rel=\"fancybox\" title=\"Interam\u00e9rica: Desaf\u00edo a los dirigentes de la iglesia a marchar adelante con el ministerio de necesidades especiales\"><img decoding=\"async\" aria-describedby=\"caption-attachment-10413\" class=\"size-medium wp-image-10413\" src=\"\/interamerica\/wp-content\/uploads\/2017\/06\/SamuelTelemaque-300x234.png\" alt=\"\" width=\"300\" height=\"234\" \/><\/a><p id=\"caption-attachment-10413\" class=\"wp-caption-text\">El Pastor Samuel Telemaque, director asociado de Ministerios Personales y Escuela Sab\u00e1tica en Interam\u00e9rica, dijo que los informes preliminares de una parte del territorio de la iglesia en la DIA, muestran que hay m\u00e1s de 50,000 personas con discapacidades en las congregaciones locales. Imagen por Gustavo Men\u00e9ndez -DIA<\/p><\/div>\n<p>\u201cLa divisi\u00f3n reconoce la necesidad de ser m\u00e1s inclusivos, de identificar las diferentes necesidades en la iglesia, de tratar a cada persona como propiedad de Dios\u201d, dijo el Pastor Telemaque. \u201cFue importante celebrar esta cumbre para llegar a un mayor nivel de concientizaci\u00f3n de las necesidades especiales dentro de la iglesia y la comunidad\u201d, dijo el Pastor Telemaque.<\/p>\n<p>La cumbre subray\u00f3 los siete grupos principales de grupos con necesidades especiales, incluyendo los de personas con deficiencia cognitiva, auditiva, no evidente, de movilidad, siqui\u00e1trica, del habla y visual.<\/p>\n<p>La concientizaci\u00f3n va a traer consigo un cambio fundamental de actitud, afirm\u00f3 el Senador Morris durante su seminario. \u201cEl enfoque es que hagamos \u00e9nfasis en los derechos de la persona con discapacidad y la capacidad que tiene ese individuo para desarrollarse a s\u00ed mismo\u201d, explic\u00f3.<\/p>\n<p>El Senador Morris enfatiz\u00f3 la necesidad de concientizaci\u00f3n en cuanto a una apropiada educaci\u00f3n en iglesias, escuelas e instituciones, como elemento clave para llegar hasta las personas con discapacidades e integrarlas en pos de una contribuci\u00f3n significativa. Se necesitan rampas y servicios sanitarios accesibles para acomodar a aquellos con problemas de movilidad, enfatiz\u00f3 el Senador.<\/p>\n<p>El Senador Morris hizo tambi\u00e9n un llamado a los administradores y dirigentes de la cumbre, a alcanzar a las personas con discapacidades a trav\u00e9s de la obra de la Agencia de Desarrollo y Recursos Asistenciales y de los diferentes ministerios de la iglesia y asegurarse de que esas personas con discapacidades puedan involucrarse en ministerios en favor de la comunidad.<br \/>\n\u201cNo simplemente los lleven y acomoden en las bancas de la iglesia, debemos involucrarlas en el proceso de toma de decisiones de la iglesia\u201d, dijo el Senador Morris.<\/p>\n<div id=\"attachment_10414\" style=\"width: 310px\" class=\"wp-caption alignleft\"><a href=\"\/interamerica\/wp-content\/uploads\/2017\/06\/LarryEvans.png\" rel=\"fancybox\" title=\"Interam\u00e9rica: Desaf\u00edo a los dirigentes de la iglesia a marchar adelante con el ministerio de necesidades especiales\"><img loading=\"lazy\" decoding=\"async\" aria-describedby=\"caption-attachment-10414\" class=\"size-medium wp-image-10414\" src=\"\/interamerica\/wp-content\/uploads\/2017\/06\/LarryEvans-300x223.png\" alt=\"\" width=\"300\" height=\"223\" \/><\/a><p id=\"caption-attachment-10414\" class=\"wp-caption-text\">El Pastor Larry Evans, coordinador de enlace del Ministerio Internacional para Personas con Deficiencia Auditiva, de la iglesia adventista mundial, se\u00f1al\u00f3 la necesidad de que los dirigentes y miembros de la iglesia piensen en las personas con discapacidades desde una perspectiva cultural, a fin de trabajar m\u00e1s eficazmente al atender sus necesidades en las iglesias y comunidades. Imagen por Libna Stevens -DIA<\/p><\/div>\n<p>El ofrecer oportunidades para involucrarse con personas con discapacidades puede comenzar en nuestras clases de Escuela Sab\u00e1tica, dijo Gary Swanson, director asociado de Ministerios Personales y Escuela Sab\u00e1tica de la iglesia adventista mundial.<\/p>\n<p>\u201cAlgunas veces ministramos en favor de la gente bas\u00e1ndonos en lo que creemos que son sus necesidades\u201d, dijo el Pastor Swanson. \u201cSer\u00eda mejor si nos enter\u00e1ramos de cu\u00e1les son sus necesidades\u201d. Se trata m\u00e1s bien de lo que pueden hacer las personas con discapacidades, no de lo que no pueden hacer\u201d, a\u00f1adi\u00f3.<\/p>\n<p>De acuerdo con el Pastor Telemaque, el desaf\u00edo es muy claro. El proveer recursos y habilitar a los m\u00e1s de 50,000 maestros de Escuela Sab\u00e1tica en todo el territorio de la Divisi\u00f3n, podr\u00eda comenzar tan pronto como los dirigentes y miembros se unan para involucrarse en los ministerios de necesidades especiales.<\/p>\n<p>\u201cEsta cumbre da forma hoy al nacimiento de este muy necesitado ministerio en nuestro territorio\u201d, afirm\u00f3 el Pastor Telemaque.<\/p>\n<p>El Pastor Larry Evans, coordinador de enlace de la iglesia adventista mundial con el Ministerio International para Personas con Deficiencia Auditiva, dijo que el ministerio de necesidades especiales es un concepto que la organizaci\u00f3n de la iglesia debe reconocer y que \u201csi no reconocemos este ministerio, no estamos cumpliendo la misi\u00f3n\u201d.<\/p>\n<p>\u201cPensemos en las personas con discapacidades desde un punto de vista cultural\u201d, dijo el Pastor Evans. \u201c\u00bfC\u00f3mo ven la vida las personas con discapacidades? Pensemos en cultura en vez de en discapacidad\u201d.<\/p>\n<p>El Pastor Evans inst\u00f3 a los dirigentes a permitirles a las personas con discapacidad auditiva ser parte del c\u00edrculo de liderazgo de la iglesia y a ayudar a poner en ejecuci\u00f3n estrategias, buscando siempre ministrar en su favor, teniendo en mente sus necesidades.<\/p>\n<p>De acuerdo con el Pastor Telemaque, es factible alcanzar a m\u00e1s de 50,000 personas con discapacidades dentro de nuestras Iglesias. Los dirigentes estiman que puede ser el doble de tales personas, siendo que solamente la mitad de los territorios de uni\u00f3n, de la iglesia en Interam\u00e9rica, pudieron dar un informe.<\/p>\n<div id=\"attachment_10416\" style=\"width: 310px\" class=\"wp-caption alignleft\"><a href=\"\/interamerica\/wp-content\/uploads\/2017\/06\/HughCrareyBlind.png\" rel=\"fancybox\" title=\"Interam\u00e9rica: Desaf\u00edo a los dirigentes de la iglesia a marchar adelante con el ministerio de necesidades especiales\"><img loading=\"lazy\" decoding=\"async\" aria-describedby=\"caption-attachment-10416\" class=\"size-medium wp-image-10416\" src=\"\/interamerica\/wp-content\/uploads\/2017\/06\/HughCrareyBlind-300x196.png\" alt=\"\" width=\"300\" height=\"196\" \/><\/a><p id=\"caption-attachment-10416\" class=\"wp-caption-text\">El Dr. Hugh Crarey, de 92 a\u00f1os, un ex educador y ministro en Jamaica y Nueva York, fue el cantante invitado durante los tres d\u00edas de reuniones. El Dr. Crarey, miembro de la Iglesia Adventista del S\u00e9ptimo D\u00eda de Kendall, en Miami, Florida, es legalmente invidente. Imagen por Libna Stevens -DIA<\/p><\/div>\n<p>Vamos a concentrar nuestros esfuerzos en evaluar las necesidades de nuestras iglesias y comunidades en t\u00e9rminos de clasificaci\u00f3n, a ense\u00f1ar a nuestra feligres\u00eda a ser m\u00e1s inclusiva y a proceder a fortalecer un ministerio que integre a las personas con discapacidades\u201d, dijo el Pastor Telemaque.<\/p>\n<p>Esta cumbre fue un paso hacia la organizaci\u00f3n del Ministerio de Necesidades Especiales en mayo, cuando la Junta Directiva de Interam\u00e9rica se re\u00fana para hacer oficial este ministerio en el territorio, dijo el Pastor Telemaque.<\/p>\n<p>Roslyn Bullen, de la Iglesia Adventista del S\u00e9ptimo D\u00eda para personas con discapacidad auditiva, se sent\u00eda emocionada de asistir a esta cumbre. Durante 20 a\u00f1os ha trabajado en capacidad de miembro laico, ministrando en favor de personas con deficiencias auditivas en su comunidad en Barbados.<\/p>\n<p>\u201cEstamos ahora esforz\u00e1ndonos para tener una iglesia totalmente silenciosa\u201d, dijo R Bullen, quien aprendi\u00f3 el lenguaje de se\u00f1as cuando acept\u00f3 el llamado a ser parte del ministerio en favor de personas con discapacidad auditiva. A trav\u00e9s de los a\u00f1os, ha organizado conciertos y campamentos de lenguaje de se\u00f1as y hace visitaci\u00f3n al respecto en comunidades vecinas. Se sinti\u00f3 alentada al ver que los dirigentes est\u00e1n tomando muy en serio la inclusi\u00f3n de personas con discapacidades.<\/p>\n<p>\u201cNo podemos quedarnos afuera, tenemos que mezclarnos entre ellos y preguntarnos c\u00f3mo formular \u00e9ste o este otro programa para ayudarles en sus necesidades\u201d, dijo adem\u00e1s. \u201cDios desea salvar a todas las personas, no solamente a la gente \u2018normal\u2019.<\/p>\n<div id=\"attachment_10420\" style=\"width: 310px\" class=\"wp-caption alignright\"><a href=\"\/interamerica\/wp-content\/uploads\/2017\/06\/SpecialNeedsGroupShot.png\" rel=\"fancybox\" title=\"Interam\u00e9rica: Desaf\u00edo a los dirigentes de la iglesia a marchar adelante con el ministerio de necesidades especiales\"><img loading=\"lazy\" decoding=\"async\" aria-describedby=\"caption-attachment-10420\" class=\"size-medium wp-image-10420\" src=\"\/interamerica\/wp-content\/uploads\/2017\/06\/SpecialNeedsGroupShot-300x181.png\" alt=\"\" width=\"300\" height=\"181\" \/><\/a><p id=\"caption-attachment-10420\" class=\"wp-caption-text\">Imagen por Libna Stevens -IAD<\/p><\/div>\n<p>Roslyn Bullen se inspir\u00f3 en la pasi\u00f3n y dedicaci\u00f3n de la Dra. Charlotte Thoms, coordinadora en el \u00e1rea de discapacidades en la Divisi\u00f3n Norteamericana y las formas de desarrollar y fortalecer el ministerio de necesidades especiales.<\/p>\n<p>\u201cEleva tu nivel de concientizaci\u00f3n usando informaci\u00f3n que ya tienes, a fin de interesar a otros a involucrarse en un ministerio que muy pronto ser\u00e1 uno de los m\u00e1s necesarios en la iglesia\u201d, dijo la Dra. Thoms, quien ha trabajado por varios a\u00f1os en el ministerio para personas con discapacidad auditiva en su iglesia local.<\/p>\n<p>\u201cDebemos transformar nuestras Iglesias en lugares donde la gente acuda en gran cantidad a escuchar el mensaje de un Salvador compasivo y en donde, a pesar de su condici\u00f3n, quede bien acomodada, en donde el edificio y el evangelio les sea accesible y en donde todos encuentren gozo\u201d, dijo la Dra. Thoms .<\/p>\n<p>\u201cNuestras iglesias y escuelas son accesibles para aquellos con discapacidades f\u00edsicas, pero queremos realmente hacer posible que este ministerio de necesidades especiales sea lanzado en nuestra isla\u201d, dijo Janet Torres, directora de Ministerio de la Mujer y Ministerio Infantil de la iglesia en Puerto Rico. Janet Torres fue nombrada recientemente para dirigir un ministerio en favor de personas invidentes en esta isla, llamado \u201cAyudando a una persona invidente a ver a Jes\u00fas\u201d.<\/p>\n<div id=\"attachment_10415\" style=\"width: 310px\" class=\"wp-caption alignleft\"><a href=\"\/interamerica\/wp-content\/uploads\/2017\/06\/JanetTorresPURU.png\" rel=\"fancybox\" title=\"Interam\u00e9rica: Desaf\u00edo a los dirigentes de la iglesia a marchar adelante con el ministerio de necesidades especiales\"><img loading=\"lazy\" decoding=\"async\" aria-describedby=\"caption-attachment-10415\" class=\"size-medium wp-image-10415\" src=\"\/interamerica\/wp-content\/uploads\/2017\/06\/JanetTorresPURU-300x226.png\" alt=\"\" width=\"300\" height=\"226\" \/><\/a><p id=\"caption-attachment-10415\" class=\"wp-caption-text\">Janet Torres, de la iglesia en Puerto Rico, habla sobre los planes para ministrar en favor de personas con discapacidades visuales a trav\u00e9s de una reciente iniciativa llamada \u201cAyudando a una persona invidente a ver a Jes\u00fas\u201d, en iglesias adventistas de la isla. Imagen por Libna Stevens -DIA<\/p><\/div>\n<p>M\u00e1s de 100 miembros de iglesia voluntarios han sido entrenados para atender las necesidades de personas invidentes en varias congregaciones, a trav\u00e9s de seminarios de entrenamiento, as\u00ed como a trav\u00e9s de breves anuncios radiales, de acuerdo con Camille Anaya, directora de Ministerios Personales de la iglesia en Puerto Rico.<\/p>\n<p>\u201cDesafortunadamente no contamos con estad\u00edsticas sobre el n\u00famero de personas discapacitadas en la isla, as\u00ed que estamos comenzando a evaluar todas las necesidades especiales dentro de nuestras iglesias y a extender nuestro ministerio a partir de eso\u201d, dijo Camille Anaya, quien espera que se fortalezca en la isla el ministerio en favor de personas con deficiencias auditivas.<\/p>\n<p>A\u00f1adi\u00f3 que el nacimiento de este ministerio de necesidades especiales permitir\u00e1 establecer un consorcio y fortalecer las actividades e iniciativas iniciadas por miembros laicos esparcidos en diferentes congregaciones locales, quienes por a\u00f1os han beneficiado a personas con discapacidades en nuestras congregaciones y comunidades, y que han operado por su cuenta.<\/p>\n<p>La unificaci\u00f3n de ministerios independientes bajo el ministerio de necesidades especiales, es precisamente la forma en que los dirigentes de la iglesia pueden prever el \u00e9xito de la iglesia en Interam\u00e9rica, dijo el Pastor Telemaque.<\/p>\n<p>\u201cTrabajaremos evaluando las necesidades en el terreno mismo, sondeando el alcance y \u00e1mbito de las necesidades en el territorio y apoyando y habilitando los ministerios locales para trabajar en favor de personas con discapacidades, para el reino de Dios\u201d, a\u00f1adi\u00f3 el Pastor Telemaque.<\/p>\n<p>La cumbre incluy\u00f3 seminarios, informaci\u00f3n y recursos proporcionados por Barbara Newman, de CLC Network, y por Jos\u00e9 A. Mart\u00ednez, de Christian Record Services for the Blind (Servicios Christian Record para invidentes).<\/p>\n<p>Para ver una galer\u00eda de fotos de la Cumbre de Necesidades Especiales de Interam\u00e9rica, pulsa <a href=\"http:\/\/www.flickr.com\/photos\/interamerica\/11985869325\/\">AQUI<\/a><\/p>\n<p>Traducci\u00f3n por Gloria A. Castrej\u00f3n<\/p>\n","protected":false},"excerpt":{"rendered":"<p>Los dirigentes de la Iglesia Adventista del S\u00e9ptimo D\u00eda en Interam\u00e9rica se comprometieron a ministrar en favor de las necesidades de personas con discapacidades, durante una cumbre especial celebrada en la Divisi\u00f3n Interamericana (DIA), del 14 al 16 de enero de 2014.<\/p>\n","protected":false},"author":1,"featured_media":22508,"comment_status":"closed","ping_status":"closed","sticky":false,"template":"","format":"standard","meta":{"_acf_changed":false,"footnotes":""},"categories":[16],"tags":[],"class_list":["post-30412","post","type-post","status-publish","format-standard","has-post-thumbnail","hentry","category-desde-la-sede"],"acf":[],"yoast_head":"<!-- This site is optimized with the Yoast SEO plugin v27.3 - https:\/\/yoast.com\/product\/yoast-seo-wordpress\/ -->\n<title>Interam\u00e9rica: Desaf\u00edo a los dirigentes de la iglesia a marchar adelante con el ministerio de necesidades especiales - Iglesia Adventista del S\u00e9ptimo D\u00eda - Divisi\u00f3n Interamericana<\/title>\n<meta name=\"robots\" content=\"index, follow, max-snippet:-1, max-image-preview:large, max-video-preview:-1\" \/>\n<link rel=\"canonical\" href=\"https:\/\/interamerica.org\/es\/2014\/01\/interamerica-desafio-a-los-dirigentes-de-la-iglesia-a-marchar-adelante-con-el-ministerio-de-necesidades-especiales\/\" \/>\n<meta property=\"og:locale\" content=\"es_ES\" \/>\n<meta property=\"og:type\" content=\"article\" \/>\n<meta property=\"og:title\" content=\"Interam\u00e9rica: Desaf\u00edo a los dirigentes de la iglesia a marchar adelante con el ministerio de necesidades especiales - Iglesia Adventista del S\u00e9ptimo D\u00eda - Divisi\u00f3n Interamericana\" \/>\n<meta property=\"og:description\" content=\"Los dirigentes de la Iglesia Adventista del S\u00e9ptimo D\u00eda en Interam\u00e9rica se comprometieron a ministrar en favor de las necesidades de personas con discapacidades, durante una cumbre especial celebrada en la Divisi\u00f3n Interamericana (DIA), del 14 al 16 de enero de 2014.\" \/>\n<meta property=\"og:url\" content=\"https:\/\/interamerica.org\/es\/2014\/01\/interamerica-desafio-a-los-dirigentes-de-la-iglesia-a-marchar-adelante-con-el-ministerio-de-necesidades-especiales\/\" \/>\n<meta property=\"og:site_name\" content=\"Iglesia Adventista del S\u00e9ptimo D\u00eda - Divisi\u00f3n Interamericana\" \/>\n<meta property=\"article:published_time\" content=\"2014-01-23T04:00:00+00:00\" \/>\n<meta property=\"og:image\" content=\"https:\/\/interamerica.org\/wp-content\/uploads\/2017\/06\/SNMinistries.png\" \/>\n\t<meta property=\"og:image:width\" content=\"590\" \/>\n\t<meta property=\"og:image:height\" content=\"415\" \/>\n\t<meta property=\"og:image:type\" content=\"image\/png\" \/>\n<meta name=\"author\" content=\"Lorenzo Verduzco\" \/>\n<meta name=\"twitter:card\" content=\"summary_large_image\" \/>\n<meta name=\"twitter:label1\" content=\"Escrito por\" \/>\n\t<meta name=\"twitter:data1\" content=\"Lorenzo Verduzco\" \/>\n\t<meta name=\"twitter:label2\" content=\"Tiempo de lectura\" \/>\n\t<meta name=\"twitter:data2\" content=\"11 minutos\" \/>\n<script type=\"application\/ld+json\" class=\"yoast-schema-graph\">{\"@context\":\"https:\\\/\\\/schema.org\",\"@graph\":[{\"@type\":\"Article\",\"@id\":\"https:\\\/\\\/interamerica.org\\\/es\\\/2014\\\/01\\\/interamerica-desafio-a-los-dirigentes-de-la-iglesia-a-marchar-adelante-con-el-ministerio-de-necesidades-especiales\\\/#article\",\"isPartOf\":{\"@id\":\"https:\\\/\\\/interamerica.org\\\/es\\\/2014\\\/01\\\/interamerica-desafio-a-los-dirigentes-de-la-iglesia-a-marchar-adelante-con-el-ministerio-de-necesidades-especiales\\\/\"},\"author\":{\"name\":\"Lorenzo Verduzco\",\"@id\":\"https:\\\/\\\/interamerica.org\\\/es\\\/#\\\/schema\\\/person\\\/68ede8bdc292885bb76c1e3810e73c39\"},\"headline\":\"Interam\u00e9rica: Desaf\u00edo a los dirigentes de la iglesia a marchar adelante con el ministerio de necesidades especiales\",\"datePublished\":\"2014-01-23T04:00:00+00:00\",\"mainEntityOfPage\":{\"@id\":\"https:\\\/\\\/interamerica.org\\\/es\\\/2014\\\/01\\\/interamerica-desafio-a-los-dirigentes-de-la-iglesia-a-marchar-adelante-con-el-ministerio-de-necesidades-especiales\\\/\"},\"wordCount\":2262,\"image\":{\"@id\":\"https:\\\/\\\/interamerica.org\\\/es\\\/2014\\\/01\\\/interamerica-desafio-a-los-dirigentes-de-la-iglesia-a-marchar-adelante-con-el-ministerio-de-necesidades-especiales\\\/#primaryimage\"},\"thumbnailUrl\":\"https:\\\/\\\/interamerica.org\\\/wp-content\\\/uploads\\\/2017\\\/06\\\/SNMinistries.png\",\"articleSection\":[\"Desde la sede\"],\"inLanguage\":\"es\"},{\"@type\":\"WebPage\",\"@id\":\"https:\\\/\\\/interamerica.org\\\/es\\\/2014\\\/01\\\/interamerica-desafio-a-los-dirigentes-de-la-iglesia-a-marchar-adelante-con-el-ministerio-de-necesidades-especiales\\\/\",\"url\":\"https:\\\/\\\/interamerica.org\\\/es\\\/2014\\\/01\\\/interamerica-desafio-a-los-dirigentes-de-la-iglesia-a-marchar-adelante-con-el-ministerio-de-necesidades-especiales\\\/\",\"name\":\"Interam\u00e9rica: Desaf\u00edo a los dirigentes de la iglesia a marchar adelante con el ministerio de necesidades especiales - Iglesia Adventista del S\u00e9ptimo D\u00eda - Divisi\u00f3n Interamericana\",\"isPartOf\":{\"@id\":\"https:\\\/\\\/interamerica.org\\\/es\\\/#website\"},\"primaryImageOfPage\":{\"@id\":\"https:\\\/\\\/interamerica.org\\\/es\\\/2014\\\/01\\\/interamerica-desafio-a-los-dirigentes-de-la-iglesia-a-marchar-adelante-con-el-ministerio-de-necesidades-especiales\\\/#primaryimage\"},\"image\":{\"@id\":\"https:\\\/\\\/interamerica.org\\\/es\\\/2014\\\/01\\\/interamerica-desafio-a-los-dirigentes-de-la-iglesia-a-marchar-adelante-con-el-ministerio-de-necesidades-especiales\\\/#primaryimage\"},\"thumbnailUrl\":\"https:\\\/\\\/interamerica.org\\\/wp-content\\\/uploads\\\/2017\\\/06\\\/SNMinistries.png\",\"datePublished\":\"2014-01-23T04:00:00+00:00\",\"author\":{\"@id\":\"https:\\\/\\\/interamerica.org\\\/es\\\/#\\\/schema\\\/person\\\/68ede8bdc292885bb76c1e3810e73c39\"},\"breadcrumb\":{\"@id\":\"https:\\\/\\\/interamerica.org\\\/es\\\/2014\\\/01\\\/interamerica-desafio-a-los-dirigentes-de-la-iglesia-a-marchar-adelante-con-el-ministerio-de-necesidades-especiales\\\/#breadcrumb\"},\"inLanguage\":\"es\",\"potentialAction\":[{\"@type\":\"ReadAction\",\"target\":[\"https:\\\/\\\/interamerica.org\\\/es\\\/2014\\\/01\\\/interamerica-desafio-a-los-dirigentes-de-la-iglesia-a-marchar-adelante-con-el-ministerio-de-necesidades-especiales\\\/\"]}]},{\"@type\":\"ImageObject\",\"inLanguage\":\"es\",\"@id\":\"https:\\\/\\\/interamerica.org\\\/es\\\/2014\\\/01\\\/interamerica-desafio-a-los-dirigentes-de-la-iglesia-a-marchar-adelante-con-el-ministerio-de-necesidades-especiales\\\/#primaryimage\",\"url\":\"https:\\\/\\\/interamerica.org\\\/wp-content\\\/uploads\\\/2017\\\/06\\\/SNMinistries.png\",\"contentUrl\":\"https:\\\/\\\/interamerica.org\\\/wp-content\\\/uploads\\\/2017\\\/06\\\/SNMinistries.png\",\"width\":590,\"height\":415},{\"@type\":\"BreadcrumbList\",\"@id\":\"https:\\\/\\\/interamerica.org\\\/es\\\/2014\\\/01\\\/interamerica-desafio-a-los-dirigentes-de-la-iglesia-a-marchar-adelante-con-el-ministerio-de-necesidades-especiales\\\/#breadcrumb\",\"itemListElement\":[{\"@type\":\"ListItem\",\"position\":1,\"name\":\"Home\",\"item\":\"https:\\\/\\\/interamerica.org\\\/es\\\/\"},{\"@type\":\"ListItem\",\"position\":2,\"name\":\"Interam\u00e9rica: Desaf\u00edo a los dirigentes de la iglesia a marchar adelante con el ministerio de necesidades especiales\"}]},{\"@type\":\"WebSite\",\"@id\":\"https:\\\/\\\/interamerica.org\\\/es\\\/#website\",\"url\":\"https:\\\/\\\/interamerica.org\\\/es\\\/\",\"name\":\"Iglesia Adventista del S\u00e9ptimo D\u00eda - Divisi\u00f3n Interamericana\",\"description\":\"\",\"potentialAction\":[{\"@type\":\"SearchAction\",\"target\":{\"@type\":\"EntryPoint\",\"urlTemplate\":\"https:\\\/\\\/interamerica.org\\\/es\\\/?s={search_term_string}\"},\"query-input\":{\"@type\":\"PropertyValueSpecification\",\"valueRequired\":true,\"valueName\":\"search_term_string\"}}],\"inLanguage\":\"es\"},{\"@type\":\"Person\",\"@id\":\"https:\\\/\\\/interamerica.org\\\/es\\\/#\\\/schema\\\/person\\\/68ede8bdc292885bb76c1e3810e73c39\",\"name\":\"Lorenzo Verduzco\",\"image\":{\"@type\":\"ImageObject\",\"inLanguage\":\"es\",\"@id\":\"https:\\\/\\\/secure.gravatar.com\\\/avatar\\\/fb81a55b6218459490a9c1dc841a34909185b81904c5337b4b27f7a6fd60c49e?s=96&d=mm&r=g\",\"url\":\"https:\\\/\\\/secure.gravatar.com\\\/avatar\\\/fb81a55b6218459490a9c1dc841a34909185b81904c5337b4b27f7a6fd60c49e?s=96&d=mm&r=g\",\"contentUrl\":\"https:\\\/\\\/secure.gravatar.com\\\/avatar\\\/fb81a55b6218459490a9c1dc841a34909185b81904c5337b4b27f7a6fd60c49e?s=96&d=mm&r=g\",\"caption\":\"Lorenzo Verduzco\"}}]}<\/script>\n<!-- \/ Yoast SEO plugin. -->","yoast_head_json":{"title":"Interam\u00e9rica: Desaf\u00edo a los dirigentes de la iglesia a marchar adelante con el ministerio de necesidades especiales - Iglesia Adventista del S\u00e9ptimo D\u00eda - Divisi\u00f3n Interamericana","robots":{"index":"index","follow":"follow","max-snippet":"max-snippet:-1","max-image-preview":"max-image-preview:large","max-video-preview":"max-video-preview:-1"},"canonical":"https:\/\/interamerica.org\/es\/2014\/01\/interamerica-desafio-a-los-dirigentes-de-la-iglesia-a-marchar-adelante-con-el-ministerio-de-necesidades-especiales\/","og_locale":"es_ES","og_type":"article","og_title":"Interam\u00e9rica: Desaf\u00edo a los dirigentes de la iglesia a marchar adelante con el ministerio de necesidades especiales - Iglesia Adventista del S\u00e9ptimo D\u00eda - Divisi\u00f3n Interamericana","og_description":"Los dirigentes de la Iglesia Adventista del S\u00e9ptimo D\u00eda en Interam\u00e9rica se comprometieron a ministrar en favor de las necesidades de personas con discapacidades, durante una cumbre especial celebrada en la Divisi\u00f3n Interamericana (DIA), del 14 al 16 de enero de 2014.","og_url":"https:\/\/interamerica.org\/es\/2014\/01\/interamerica-desafio-a-los-dirigentes-de-la-iglesia-a-marchar-adelante-con-el-ministerio-de-necesidades-especiales\/","og_site_name":"Iglesia Adventista del S\u00e9ptimo D\u00eda - Divisi\u00f3n Interamericana","article_published_time":"2014-01-23T04:00:00+00:00","og_image":[{"width":590,"height":415,"url":"https:\/\/interamerica.org\/wp-content\/uploads\/2017\/06\/SNMinistries.png","type":"image\/png"}],"author":"Lorenzo Verduzco","twitter_card":"summary_large_image","twitter_misc":{"Escrito por":"Lorenzo Verduzco","Tiempo de lectura":"11 minutos"},"schema":{"@context":"https:\/\/schema.org","@graph":[{"@type":"Article","@id":"https:\/\/interamerica.org\/es\/2014\/01\/interamerica-desafio-a-los-dirigentes-de-la-iglesia-a-marchar-adelante-con-el-ministerio-de-necesidades-especiales\/#article","isPartOf":{"@id":"https:\/\/interamerica.org\/es\/2014\/01\/interamerica-desafio-a-los-dirigentes-de-la-iglesia-a-marchar-adelante-con-el-ministerio-de-necesidades-especiales\/"},"author":{"name":"Lorenzo Verduzco","@id":"https:\/\/interamerica.org\/es\/#\/schema\/person\/68ede8bdc292885bb76c1e3810e73c39"},"headline":"Interam\u00e9rica: Desaf\u00edo a los dirigentes de la iglesia a marchar adelante con el ministerio de necesidades especiales","datePublished":"2014-01-23T04:00:00+00:00","mainEntityOfPage":{"@id":"https:\/\/interamerica.org\/es\/2014\/01\/interamerica-desafio-a-los-dirigentes-de-la-iglesia-a-marchar-adelante-con-el-ministerio-de-necesidades-especiales\/"},"wordCount":2262,"image":{"@id":"https:\/\/interamerica.org\/es\/2014\/01\/interamerica-desafio-a-los-dirigentes-de-la-iglesia-a-marchar-adelante-con-el-ministerio-de-necesidades-especiales\/#primaryimage"},"thumbnailUrl":"https:\/\/interamerica.org\/wp-content\/uploads\/2017\/06\/SNMinistries.png","articleSection":["Desde la sede"],"inLanguage":"es"},{"@type":"WebPage","@id":"https:\/\/interamerica.org\/es\/2014\/01\/interamerica-desafio-a-los-dirigentes-de-la-iglesia-a-marchar-adelante-con-el-ministerio-de-necesidades-especiales\/","url":"https:\/\/interamerica.org\/es\/2014\/01\/interamerica-desafio-a-los-dirigentes-de-la-iglesia-a-marchar-adelante-con-el-ministerio-de-necesidades-especiales\/","name":"Interam\u00e9rica: Desaf\u00edo a los dirigentes de la iglesia a marchar adelante con el ministerio de necesidades especiales - Iglesia Adventista del S\u00e9ptimo D\u00eda - Divisi\u00f3n Interamericana","isPartOf":{"@id":"https:\/\/interamerica.org\/es\/#website"},"primaryImageOfPage":{"@id":"https:\/\/interamerica.org\/es\/2014\/01\/interamerica-desafio-a-los-dirigentes-de-la-iglesia-a-marchar-adelante-con-el-ministerio-de-necesidades-especiales\/#primaryimage"},"image":{"@id":"https:\/\/interamerica.org\/es\/2014\/01\/interamerica-desafio-a-los-dirigentes-de-la-iglesia-a-marchar-adelante-con-el-ministerio-de-necesidades-especiales\/#primaryimage"},"thumbnailUrl":"https:\/\/interamerica.org\/wp-content\/uploads\/2017\/06\/SNMinistries.png","datePublished":"2014-01-23T04:00:00+00:00","author":{"@id":"https:\/\/interamerica.org\/es\/#\/schema\/person\/68ede8bdc292885bb76c1e3810e73c39"},"breadcrumb":{"@id":"https:\/\/interamerica.org\/es\/2014\/01\/interamerica-desafio-a-los-dirigentes-de-la-iglesia-a-marchar-adelante-con-el-ministerio-de-necesidades-especiales\/#breadcrumb"},"inLanguage":"es","potentialAction":[{"@type":"ReadAction","target":["https:\/\/interamerica.org\/es\/2014\/01\/interamerica-desafio-a-los-dirigentes-de-la-iglesia-a-marchar-adelante-con-el-ministerio-de-necesidades-especiales\/"]}]},{"@type":"ImageObject","inLanguage":"es","@id":"https:\/\/interamerica.org\/es\/2014\/01\/interamerica-desafio-a-los-dirigentes-de-la-iglesia-a-marchar-adelante-con-el-ministerio-de-necesidades-especiales\/#primaryimage","url":"https:\/\/interamerica.org\/wp-content\/uploads\/2017\/06\/SNMinistries.png","contentUrl":"https:\/\/interamerica.org\/wp-content\/uploads\/2017\/06\/SNMinistries.png","width":590,"height":415},{"@type":"BreadcrumbList","@id":"https:\/\/interamerica.org\/es\/2014\/01\/interamerica-desafio-a-los-dirigentes-de-la-iglesia-a-marchar-adelante-con-el-ministerio-de-necesidades-especiales\/#breadcrumb","itemListElement":[{"@type":"ListItem","position":1,"name":"Home","item":"https:\/\/interamerica.org\/es\/"},{"@type":"ListItem","position":2,"name":"Interam\u00e9rica: Desaf\u00edo a los dirigentes de la iglesia a marchar adelante con el ministerio de necesidades especiales"}]},{"@type":"WebSite","@id":"https:\/\/interamerica.org\/es\/#website","url":"https:\/\/interamerica.org\/es\/","name":"Iglesia Adventista del S\u00e9ptimo D\u00eda - Divisi\u00f3n Interamericana","description":"","potentialAction":[{"@type":"SearchAction","target":{"@type":"EntryPoint","urlTemplate":"https:\/\/interamerica.org\/es\/?s={search_term_string}"},"query-input":{"@type":"PropertyValueSpecification","valueRequired":true,"valueName":"search_term_string"}}],"inLanguage":"es"},{"@type":"Person","@id":"https:\/\/interamerica.org\/es\/#\/schema\/person\/68ede8bdc292885bb76c1e3810e73c39","name":"Lorenzo Verduzco","image":{"@type":"ImageObject","inLanguage":"es","@id":"https:\/\/secure.gravatar.com\/avatar\/fb81a55b6218459490a9c1dc841a34909185b81904c5337b4b27f7a6fd60c49e?s=96&d=mm&r=g","url":"https:\/\/secure.gravatar.com\/avatar\/fb81a55b6218459490a9c1dc841a34909185b81904c5337b4b27f7a6fd60c49e?s=96&d=mm&r=g","contentUrl":"https:\/\/secure.gravatar.com\/avatar\/fb81a55b6218459490a9c1dc841a34909185b81904c5337b4b27f7a6fd60c49e?s=96&d=mm&r=g","caption":"Lorenzo Verduzco"}}]}},"_links":{"self":[{"href":"https:\/\/interamerica.org\/es\/wp-json\/wp\/v2\/posts\/30412","targetHints":{"allow":["GET"]}}],"collection":[{"href":"https:\/\/interamerica.org\/es\/wp-json\/wp\/v2\/posts"}],"about":[{"href":"https:\/\/interamerica.org\/es\/wp-json\/wp\/v2\/types\/post"}],"author":[{"embeddable":true,"href":"https:\/\/interamerica.org\/es\/wp-json\/wp\/v2\/users\/1"}],"replies":[{"embeddable":true,"href":"https:\/\/interamerica.org\/es\/wp-json\/wp\/v2\/comments?post=30412"}],"version-history":[{"count":0,"href":"https:\/\/interamerica.org\/es\/wp-json\/wp\/v2\/posts\/30412\/revisions"}],"wp:featuredmedia":[{"embeddable":true,"href":"https:\/\/interamerica.org\/es\/wp-json\/wp\/v2\/media\/22508"}],"wp:attachment":[{"href":"https:\/\/interamerica.org\/es\/wp-json\/wp\/v2\/media?parent=30412"}],"wp:term":[{"taxonomy":"category","embeddable":true,"href":"https:\/\/interamerica.org\/es\/wp-json\/wp\/v2\/categories?post=30412"},{"taxonomy":"post_tag","embeddable":true,"href":"https:\/\/interamerica.org\/es\/wp-json\/wp\/v2\/tags?post=30412"}],"curies":[{"name":"wp","href":"https:\/\/api.w.org\/{rel}","templated":true}]}}