{"id":30413,"date":"2014-01-24T00:00:00","date_gmt":"2014-01-24T04:00:00","guid":{"rendered":"http:\/\/192.81.217.108\/interamerica\/2014\/01\/campus-adventista-sufre-cierre-de-emergencia-la-policia-confirma-un-detenido\/"},"modified":"2014-01-24T00:00:00","modified_gmt":"2014-01-24T04:00:00","slug":"campus-adventista-sufre-cierre-de-emergencia-la-policia-confirma-un-detenido","status":"publish","type":"post","link":"https:\/\/interamerica.org\/es\/2014\/01\/campus-adventista-sufre-cierre-de-emergencia-la-policia-confirma-un-detenido\/","title":{"rendered":"Campus adventista sufre cierre de emergencia; la polic\u00eda confirma un detenido"},"content":{"rendered":"<p>23 de enero de 2014 &#8211; Collegedale, Tennessee, Estados Unidos&#8230;ANN<\/p>\n<p>Un campus universitario adventista en el estado de Tennessee, Estados Unidos, sufri\u00f3 un cierre de emergencia durante m\u00e1s de dos horas en el d\u00eda de la fecha despu\u00e9s de que los responsables de la seguridad del campus recibieran una \u00abamenaza percibida\u00bb contra la universidad, afirm\u00f3 un vocero de la instituci\u00f3n.<\/p>\n<div id=\"attachment_10442\" style=\"width: 310px\" class=\"wp-caption alignleft\"><a href=\"\/interamerica\/wp-content\/uploads\/2017\/06\/csm_southern-lock-web_03fff1a978.jpg\" rel=\"fancybox\" title=\"Campus adventista sufre cierre de emergencia; la polic\u00eda confirma un detenido\"><img fetchpriority=\"high\" decoding=\"async\" aria-describedby=\"caption-attachment-10442\" class=\"size-medium wp-image-10442\" src=\"\/interamerica\/wp-content\/uploads\/2017\/06\/csm_southern-lock-web_03fff1a978-300x225.jpg\" alt=\"\" width=\"300\" height=\"225\" \/><\/a><p id=\"caption-attachment-10442\" class=\"wp-caption-text\">Responsables de seguridad de la Universidad Adventista Southern, en el estado de Tennessee, Estados Unidos, decretaron un cierre de emergencia del campus durante dos horas como resultado de una \u00abamenaza percibida\u00bb. Nadie sali\u00f3 herido en el incidente, y la polic\u00eda ha efectuado una detenci\u00f3n, afirm\u00f3 uno de los voceros de la instituci\u00f3n. En la fotograf\u00eda, una fotograf\u00eda del campus esta tarde, despu\u00e9s del levantamiento de la medida. Imagen de Suzanne Ocsai\/ANN<\/p><\/div>\n<p>El cierre de emergencia en la Universidad Adventista Southern, en Collegedale, comenz\u00f3 a las 12:10 y se extendi\u00f3 hasta las 14:21, cuando los directivos del campus anunciaron que la Polic\u00eda de Collegedale hab\u00eda detenido una persona, dijo Lucas Patterson, uno de los voceros de la instituci\u00f3n.<\/p>\n<p>Patterson dijo que un exestudiante de Southern estuvo en el campus del Colegio Comunitario Estatal de Chattanooga horas antes presentando quejas contra Southern. \u00abFue una amenaza percibida localizada contra nuestro campus\u00bb, dijo Patterson. Los directivos de esa instituci\u00f3n se contactaron con los responsables de Seguridad de Southern para advertirles de la amenaza, cont\u00f3.<\/p>\n<p>Patterson agreg\u00f3 que la Polic\u00eda de Collegedale detuvo a una persona en un centro local de YMCA. El detenido fue llevado para ser interrogado, dijo Patterson, pero no qued\u00f3 arrestado. Patterson dijo que el hombre en cuesti\u00f3n hab\u00eda dejado Southern hace varios a\u00f1os.<\/p>\n<p>El vocero de la Polic\u00eda de Collegedale no devolvi\u00f3 inmediatamente los pedidos de que comentara la situaci\u00f3n.<\/p>\n<p>Se les advirti\u00f3 a los estudiantes y al personal que trabara las puertas y se mantuviera alejado de las ventanas, dijo Patterson. Las aleda\u00f1as escuela primaria y secundaria adventistas tambi\u00e9n fueron incluidas en el cierre de emergencia, y lo mismo sucedi\u00f3 con el Centro Adventista de Libros del lugar. Nadie sali\u00f3 herido en el incidente, dijo Patterson.<\/p>\n<p>\u00abTomamos muy en serio las amenazas, y es por ello que preferimos equivocarnos por el lado de la precauci\u00f3n para proteger a la gente\u00bb, dijo Patterson. \u00abPor supuesto que result\u00f3 inconveniente, pero la inconveniencia es un precio reducido que hay que pagar en aras de la seguridad\u00bb.<\/p>\n<p>A las 18:00 de hoy, la universidad llevar\u00e1 a cabo una reuni\u00f3n general en la iglesia de la instituci\u00f3n, donde se referir\u00e1 al incidente y responder\u00e1 preguntas de los estudiantes y el personal. \u00abEn los medios sociales aparecieron algunos rumores que terminaron no siendo ciertos\u00bb, dijo Patterson. Durante el cierre, la Polic\u00eda de Collegedale hab\u00eda respondido a informes de disparos de armas de fuego en el campus, dec\u00eda una supuesta declaraci\u00f3n de la universidad. Pero la polic\u00eda no hall\u00f3 evidencias de esto.<\/p>\n<p>Patterson dijo que en el campus siempre hay a disposici\u00f3n servicios de aconsejamiento, y los administradores de la instituci\u00f3n han pedido a los consejeros que se hagan tiempo para dar prioridad a los estudiantes que desearan recibir ayuda como resultado de los incidentes de hoy.<\/p>\n<p>Southern cuenta con aproximadamente 3300 estudiantes, de los cuales 2500 viven en el campus o sus alrededores. La instituci\u00f3n ha estado operando desde 1892, cuando era conocida como la Academia Graysville.<\/p>\n<p><em>Traducci\u00f3n de Marcos Paseggi<\/em><\/p>\n","protected":false},"excerpt":{"rendered":"<p>Un campus universitario adventista en el estado de Tennessee, Estados Unidos, sufri\u00f3 un cierre de emergencia durante m\u00e1s de dos horas en el d\u00eda de la fecha despu\u00e9s de que los responsables de la seguridad del campus recibieran una \u00abamenaza percibida\u00bb contra la universidad, afirm\u00f3 un vocero de la instituci\u00f3n.<\/p>\n","protected":false},"author":1,"featured_media":22522,"comment_status":"closed","ping_status":"closed","sticky":false,"template":"","format":"standard","meta":{"_acf_changed":false,"footnotes":""},"categories":[14],"tags":[],"class_list":["post-30413","post","type-post","status-publish","format-standard","has-post-thumbnail","hentry","category-de-la-iglesia-mundial"],"acf":[],"yoast_head":"<!-- This site is optimized with the Yoast SEO plugin v27.3 - https:\/\/yoast.com\/product\/yoast-seo-wordpress\/ -->\n<title>Campus adventista sufre cierre de emergencia; la polic\u00eda confirma un detenido - Iglesia Adventista del S\u00e9ptimo D\u00eda - Divisi\u00f3n Interamericana<\/title>\n<meta name=\"robots\" content=\"index, follow, max-snippet:-1, max-image-preview:large, max-video-preview:-1\" \/>\n<link rel=\"canonical\" href=\"https:\/\/interamerica.org\/es\/2014\/01\/campus-adventista-sufre-cierre-de-emergencia-la-policia-confirma-un-detenido\/\" \/>\n<meta property=\"og:locale\" content=\"es_ES\" \/>\n<meta property=\"og:type\" content=\"article\" \/>\n<meta property=\"og:title\" content=\"Campus adventista sufre cierre de emergencia; la polic\u00eda confirma un detenido - Iglesia Adventista del S\u00e9ptimo D\u00eda - Divisi\u00f3n Interamericana\" \/>\n<meta property=\"og:description\" content=\"Un campus universitario adventista en el estado de Tennessee, Estados Unidos, sufri\u00f3 un cierre de emergencia durante m\u00e1s de dos horas en el d\u00eda de la fecha despu\u00e9s de que los responsables de la seguridad del campus recibieran una &quot;amenaza percibida&quot; contra la universidad, afirm\u00f3 un vocero de la instituci\u00f3n.\" \/>\n<meta property=\"og:url\" content=\"https:\/\/interamerica.org\/es\/2014\/01\/campus-adventista-sufre-cierre-de-emergencia-la-policia-confirma-un-detenido\/\" \/>\n<meta property=\"og:site_name\" content=\"Iglesia Adventista del S\u00e9ptimo D\u00eda - Divisi\u00f3n Interamericana\" \/>\n<meta property=\"article:published_time\" content=\"2014-01-24T04:00:00+00:00\" \/>\n<meta property=\"og:image\" content=\"https:\/\/interamerica.org\/wp-content\/uploads\/2017\/06\/csm_southern-lock-web_03fff1a978.jpg\" \/>\n\t<meta property=\"og:image:width\" content=\"400\" \/>\n\t<meta property=\"og:image:height\" content=\"300\" \/>\n\t<meta property=\"og:image:type\" content=\"image\/jpeg\" \/>\n<meta name=\"author\" content=\"Lorenzo Verduzco\" \/>\n<meta name=\"twitter:card\" content=\"summary_large_image\" \/>\n<meta name=\"twitter:label1\" content=\"Escrito por\" \/>\n\t<meta name=\"twitter:data1\" content=\"Lorenzo Verduzco\" \/>\n\t<meta name=\"twitter:label2\" content=\"Tiempo de lectura\" \/>\n\t<meta name=\"twitter:data2\" content=\"3 minutos\" \/>\n<script type=\"application\/ld+json\" class=\"yoast-schema-graph\">{\"@context\":\"https:\\\/\\\/schema.org\",\"@graph\":[{\"@type\":\"Article\",\"@id\":\"https:\\\/\\\/interamerica.org\\\/es\\\/2014\\\/01\\\/campus-adventista-sufre-cierre-de-emergencia-la-policia-confirma-un-detenido\\\/#article\",\"isPartOf\":{\"@id\":\"https:\\\/\\\/interamerica.org\\\/es\\\/2014\\\/01\\\/campus-adventista-sufre-cierre-de-emergencia-la-policia-confirma-un-detenido\\\/\"},\"author\":{\"name\":\"Lorenzo Verduzco\",\"@id\":\"https:\\\/\\\/interamerica.org\\\/es\\\/#\\\/schema\\\/person\\\/68ede8bdc292885bb76c1e3810e73c39\"},\"headline\":\"Campus adventista sufre cierre de emergencia; la polic\u00eda confirma un detenido\",\"datePublished\":\"2014-01-24T04:00:00+00:00\",\"mainEntityOfPage\":{\"@id\":\"https:\\\/\\\/interamerica.org\\\/es\\\/2014\\\/01\\\/campus-adventista-sufre-cierre-de-emergencia-la-policia-confirma-un-detenido\\\/\"},\"wordCount\":603,\"image\":{\"@id\":\"https:\\\/\\\/interamerica.org\\\/es\\\/2014\\\/01\\\/campus-adventista-sufre-cierre-de-emergencia-la-policia-confirma-un-detenido\\\/#primaryimage\"},\"thumbnailUrl\":\"https:\\\/\\\/interamerica.org\\\/wp-content\\\/uploads\\\/2017\\\/06\\\/csm_southern-lock-web_03fff1a978.jpg\",\"articleSection\":[\"Desde la iglesia mundial\"],\"inLanguage\":\"es\"},{\"@type\":\"WebPage\",\"@id\":\"https:\\\/\\\/interamerica.org\\\/es\\\/2014\\\/01\\\/campus-adventista-sufre-cierre-de-emergencia-la-policia-confirma-un-detenido\\\/\",\"url\":\"https:\\\/\\\/interamerica.org\\\/es\\\/2014\\\/01\\\/campus-adventista-sufre-cierre-de-emergencia-la-policia-confirma-un-detenido\\\/\",\"name\":\"Campus adventista sufre cierre de emergencia; la polic\u00eda confirma un detenido - Iglesia Adventista del S\u00e9ptimo D\u00eda - Divisi\u00f3n Interamericana\",\"isPartOf\":{\"@id\":\"https:\\\/\\\/interamerica.org\\\/es\\\/#website\"},\"primaryImageOfPage\":{\"@id\":\"https:\\\/\\\/interamerica.org\\\/es\\\/2014\\\/01\\\/campus-adventista-sufre-cierre-de-emergencia-la-policia-confirma-un-detenido\\\/#primaryimage\"},\"image\":{\"@id\":\"https:\\\/\\\/interamerica.org\\\/es\\\/2014\\\/01\\\/campus-adventista-sufre-cierre-de-emergencia-la-policia-confirma-un-detenido\\\/#primaryimage\"},\"thumbnailUrl\":\"https:\\\/\\\/interamerica.org\\\/wp-content\\\/uploads\\\/2017\\\/06\\\/csm_southern-lock-web_03fff1a978.jpg\",\"datePublished\":\"2014-01-24T04:00:00+00:00\",\"author\":{\"@id\":\"https:\\\/\\\/interamerica.org\\\/es\\\/#\\\/schema\\\/person\\\/68ede8bdc292885bb76c1e3810e73c39\"},\"breadcrumb\":{\"@id\":\"https:\\\/\\\/interamerica.org\\\/es\\\/2014\\\/01\\\/campus-adventista-sufre-cierre-de-emergencia-la-policia-confirma-un-detenido\\\/#breadcrumb\"},\"inLanguage\":\"es\",\"potentialAction\":[{\"@type\":\"ReadAction\",\"target\":[\"https:\\\/\\\/interamerica.org\\\/es\\\/2014\\\/01\\\/campus-adventista-sufre-cierre-de-emergencia-la-policia-confirma-un-detenido\\\/\"]}]},{\"@type\":\"ImageObject\",\"inLanguage\":\"es\",\"@id\":\"https:\\\/\\\/interamerica.org\\\/es\\\/2014\\\/01\\\/campus-adventista-sufre-cierre-de-emergencia-la-policia-confirma-un-detenido\\\/#primaryimage\",\"url\":\"https:\\\/\\\/interamerica.org\\\/wp-content\\\/uploads\\\/2017\\\/06\\\/csm_southern-lock-web_03fff1a978.jpg\",\"contentUrl\":\"https:\\\/\\\/interamerica.org\\\/wp-content\\\/uploads\\\/2017\\\/06\\\/csm_southern-lock-web_03fff1a978.jpg\",\"width\":400,\"height\":300},{\"@type\":\"BreadcrumbList\",\"@id\":\"https:\\\/\\\/interamerica.org\\\/es\\\/2014\\\/01\\\/campus-adventista-sufre-cierre-de-emergencia-la-policia-confirma-un-detenido\\\/#breadcrumb\",\"itemListElement\":[{\"@type\":\"ListItem\",\"position\":1,\"name\":\"Home\",\"item\":\"https:\\\/\\\/interamerica.org\\\/es\\\/\"},{\"@type\":\"ListItem\",\"position\":2,\"name\":\"Campus adventista sufre cierre de emergencia; la polic\u00eda confirma un detenido\"}]},{\"@type\":\"WebSite\",\"@id\":\"https:\\\/\\\/interamerica.org\\\/es\\\/#website\",\"url\":\"https:\\\/\\\/interamerica.org\\\/es\\\/\",\"name\":\"Iglesia Adventista del S\u00e9ptimo D\u00eda - Divisi\u00f3n Interamericana\",\"description\":\"\",\"potentialAction\":[{\"@type\":\"SearchAction\",\"target\":{\"@type\":\"EntryPoint\",\"urlTemplate\":\"https:\\\/\\\/interamerica.org\\\/es\\\/?s={search_term_string}\"},\"query-input\":{\"@type\":\"PropertyValueSpecification\",\"valueRequired\":true,\"valueName\":\"search_term_string\"}}],\"inLanguage\":\"es\"},{\"@type\":\"Person\",\"@id\":\"https:\\\/\\\/interamerica.org\\\/es\\\/#\\\/schema\\\/person\\\/68ede8bdc292885bb76c1e3810e73c39\",\"name\":\"Lorenzo Verduzco\",\"image\":{\"@type\":\"ImageObject\",\"inLanguage\":\"es\",\"@id\":\"https:\\\/\\\/secure.gravatar.com\\\/avatar\\\/fb81a55b6218459490a9c1dc841a34909185b81904c5337b4b27f7a6fd60c49e?s=96&d=mm&r=g\",\"url\":\"https:\\\/\\\/secure.gravatar.com\\\/avatar\\\/fb81a55b6218459490a9c1dc841a34909185b81904c5337b4b27f7a6fd60c49e?s=96&d=mm&r=g\",\"contentUrl\":\"https:\\\/\\\/secure.gravatar.com\\\/avatar\\\/fb81a55b6218459490a9c1dc841a34909185b81904c5337b4b27f7a6fd60c49e?s=96&d=mm&r=g\",\"caption\":\"Lorenzo Verduzco\"}}]}<\/script>\n<!-- \/ Yoast SEO plugin. -->","yoast_head_json":{"title":"Campus adventista sufre cierre de emergencia; la polic\u00eda confirma un detenido - Iglesia Adventista del S\u00e9ptimo D\u00eda - Divisi\u00f3n Interamericana","robots":{"index":"index","follow":"follow","max-snippet":"max-snippet:-1","max-image-preview":"max-image-preview:large","max-video-preview":"max-video-preview:-1"},"canonical":"https:\/\/interamerica.org\/es\/2014\/01\/campus-adventista-sufre-cierre-de-emergencia-la-policia-confirma-un-detenido\/","og_locale":"es_ES","og_type":"article","og_title":"Campus adventista sufre cierre de emergencia; la polic\u00eda confirma un detenido - Iglesia Adventista del S\u00e9ptimo D\u00eda - Divisi\u00f3n Interamericana","og_description":"Un campus universitario adventista en el estado de Tennessee, Estados Unidos, sufri\u00f3 un cierre de emergencia durante m\u00e1s de dos horas en el d\u00eda de la fecha despu\u00e9s de que los responsables de la seguridad del campus recibieran una \"amenaza percibida\" contra la universidad, afirm\u00f3 un vocero de la instituci\u00f3n.","og_url":"https:\/\/interamerica.org\/es\/2014\/01\/campus-adventista-sufre-cierre-de-emergencia-la-policia-confirma-un-detenido\/","og_site_name":"Iglesia Adventista del S\u00e9ptimo D\u00eda - Divisi\u00f3n Interamericana","article_published_time":"2014-01-24T04:00:00+00:00","og_image":[{"width":400,"height":300,"url":"https:\/\/interamerica.org\/wp-content\/uploads\/2017\/06\/csm_southern-lock-web_03fff1a978.jpg","type":"image\/jpeg"}],"author":"Lorenzo Verduzco","twitter_card":"summary_large_image","twitter_misc":{"Escrito por":"Lorenzo Verduzco","Tiempo de lectura":"3 minutos"},"schema":{"@context":"https:\/\/schema.org","@graph":[{"@type":"Article","@id":"https:\/\/interamerica.org\/es\/2014\/01\/campus-adventista-sufre-cierre-de-emergencia-la-policia-confirma-un-detenido\/#article","isPartOf":{"@id":"https:\/\/interamerica.org\/es\/2014\/01\/campus-adventista-sufre-cierre-de-emergencia-la-policia-confirma-un-detenido\/"},"author":{"name":"Lorenzo Verduzco","@id":"https:\/\/interamerica.org\/es\/#\/schema\/person\/68ede8bdc292885bb76c1e3810e73c39"},"headline":"Campus adventista sufre cierre de emergencia; la polic\u00eda confirma un detenido","datePublished":"2014-01-24T04:00:00+00:00","mainEntityOfPage":{"@id":"https:\/\/interamerica.org\/es\/2014\/01\/campus-adventista-sufre-cierre-de-emergencia-la-policia-confirma-un-detenido\/"},"wordCount":603,"image":{"@id":"https:\/\/interamerica.org\/es\/2014\/01\/campus-adventista-sufre-cierre-de-emergencia-la-policia-confirma-un-detenido\/#primaryimage"},"thumbnailUrl":"https:\/\/interamerica.org\/wp-content\/uploads\/2017\/06\/csm_southern-lock-web_03fff1a978.jpg","articleSection":["Desde la iglesia mundial"],"inLanguage":"es"},{"@type":"WebPage","@id":"https:\/\/interamerica.org\/es\/2014\/01\/campus-adventista-sufre-cierre-de-emergencia-la-policia-confirma-un-detenido\/","url":"https:\/\/interamerica.org\/es\/2014\/01\/campus-adventista-sufre-cierre-de-emergencia-la-policia-confirma-un-detenido\/","name":"Campus adventista sufre cierre de emergencia; la polic\u00eda confirma un detenido - Iglesia Adventista del S\u00e9ptimo D\u00eda - Divisi\u00f3n Interamericana","isPartOf":{"@id":"https:\/\/interamerica.org\/es\/#website"},"primaryImageOfPage":{"@id":"https:\/\/interamerica.org\/es\/2014\/01\/campus-adventista-sufre-cierre-de-emergencia-la-policia-confirma-un-detenido\/#primaryimage"},"image":{"@id":"https:\/\/interamerica.org\/es\/2014\/01\/campus-adventista-sufre-cierre-de-emergencia-la-policia-confirma-un-detenido\/#primaryimage"},"thumbnailUrl":"https:\/\/interamerica.org\/wp-content\/uploads\/2017\/06\/csm_southern-lock-web_03fff1a978.jpg","datePublished":"2014-01-24T04:00:00+00:00","author":{"@id":"https:\/\/interamerica.org\/es\/#\/schema\/person\/68ede8bdc292885bb76c1e3810e73c39"},"breadcrumb":{"@id":"https:\/\/interamerica.org\/es\/2014\/01\/campus-adventista-sufre-cierre-de-emergencia-la-policia-confirma-un-detenido\/#breadcrumb"},"inLanguage":"es","potentialAction":[{"@type":"ReadAction","target":["https:\/\/interamerica.org\/es\/2014\/01\/campus-adventista-sufre-cierre-de-emergencia-la-policia-confirma-un-detenido\/"]}]},{"@type":"ImageObject","inLanguage":"es","@id":"https:\/\/interamerica.org\/es\/2014\/01\/campus-adventista-sufre-cierre-de-emergencia-la-policia-confirma-un-detenido\/#primaryimage","url":"https:\/\/interamerica.org\/wp-content\/uploads\/2017\/06\/csm_southern-lock-web_03fff1a978.jpg","contentUrl":"https:\/\/interamerica.org\/wp-content\/uploads\/2017\/06\/csm_southern-lock-web_03fff1a978.jpg","width":400,"height":300},{"@type":"BreadcrumbList","@id":"https:\/\/interamerica.org\/es\/2014\/01\/campus-adventista-sufre-cierre-de-emergencia-la-policia-confirma-un-detenido\/#breadcrumb","itemListElement":[{"@type":"ListItem","position":1,"name":"Home","item":"https:\/\/interamerica.org\/es\/"},{"@type":"ListItem","position":2,"name":"Campus adventista sufre cierre de emergencia; la polic\u00eda confirma un detenido"}]},{"@type":"WebSite","@id":"https:\/\/interamerica.org\/es\/#website","url":"https:\/\/interamerica.org\/es\/","name":"Iglesia Adventista del S\u00e9ptimo D\u00eda - Divisi\u00f3n Interamericana","description":"","potentialAction":[{"@type":"SearchAction","target":{"@type":"EntryPoint","urlTemplate":"https:\/\/interamerica.org\/es\/?s={search_term_string}"},"query-input":{"@type":"PropertyValueSpecification","valueRequired":true,"valueName":"search_term_string"}}],"inLanguage":"es"},{"@type":"Person","@id":"https:\/\/interamerica.org\/es\/#\/schema\/person\/68ede8bdc292885bb76c1e3810e73c39","name":"Lorenzo Verduzco","image":{"@type":"ImageObject","inLanguage":"es","@id":"https:\/\/secure.gravatar.com\/avatar\/fb81a55b6218459490a9c1dc841a34909185b81904c5337b4b27f7a6fd60c49e?s=96&d=mm&r=g","url":"https:\/\/secure.gravatar.com\/avatar\/fb81a55b6218459490a9c1dc841a34909185b81904c5337b4b27f7a6fd60c49e?s=96&d=mm&r=g","contentUrl":"https:\/\/secure.gravatar.com\/avatar\/fb81a55b6218459490a9c1dc841a34909185b81904c5337b4b27f7a6fd60c49e?s=96&d=mm&r=g","caption":"Lorenzo Verduzco"}}]}},"_links":{"self":[{"href":"https:\/\/interamerica.org\/es\/wp-json\/wp\/v2\/posts\/30413","targetHints":{"allow":["GET"]}}],"collection":[{"href":"https:\/\/interamerica.org\/es\/wp-json\/wp\/v2\/posts"}],"about":[{"href":"https:\/\/interamerica.org\/es\/wp-json\/wp\/v2\/types\/post"}],"author":[{"embeddable":true,"href":"https:\/\/interamerica.org\/es\/wp-json\/wp\/v2\/users\/1"}],"replies":[{"embeddable":true,"href":"https:\/\/interamerica.org\/es\/wp-json\/wp\/v2\/comments?post=30413"}],"version-history":[{"count":0,"href":"https:\/\/interamerica.org\/es\/wp-json\/wp\/v2\/posts\/30413\/revisions"}],"wp:featuredmedia":[{"embeddable":true,"href":"https:\/\/interamerica.org\/es\/wp-json\/wp\/v2\/media\/22522"}],"wp:attachment":[{"href":"https:\/\/interamerica.org\/es\/wp-json\/wp\/v2\/media?parent=30413"}],"wp:term":[{"taxonomy":"category","embeddable":true,"href":"https:\/\/interamerica.org\/es\/wp-json\/wp\/v2\/categories?post=30413"},{"taxonomy":"post_tag","embeddable":true,"href":"https:\/\/interamerica.org\/es\/wp-json\/wp\/v2\/tags?post=30413"}],"curies":[{"name":"wp","href":"https:\/\/api.w.org\/{rel}","templated":true}]}}