{"id":30414,"date":"2014-01-24T00:00:00","date_gmt":"2014-01-24T04:00:00","guid":{"rendered":"http:\/\/192.81.217.108\/interamerica\/2014\/01\/conferencia-academica-en-espana-promueve-la-tolerancia-hacia-las-minorias-religiosas\/"},"modified":"2021-07-28T14:55:32","modified_gmt":"2021-07-28T18:55:32","slug":"conferencia-academica-en-espana-promueve-la-tolerancia-hacia-las-minorias-religiosas","status":"publish","type":"post","link":"https:\/\/interamerica.org\/es\/2014\/01\/conferencia-academica-en-espana-promueve-la-tolerancia-hacia-las-minorias-religiosas\/","title":{"rendered":"Conferencia acad\u00e9mica en Espa\u00f1a promueve la tolerancia hacia las minor\u00edas religiosas"},"content":{"rendered":"<p>23 de enero de 2014 &#8211; Silver Spring, Maryland, Estados Unidos | ANN<\/p>\n<p>Defensores de la libertad religiosa en Europa esperan que una conferencia acad\u00e9mica en Espa\u00f1a llevada a cabo la semana pasada lleve a un mayor reconocimiento de la causa de la libertad religiosa para las minor\u00edas religiosas de la naci\u00f3n y los estados circundantes.<\/p>\n<p>La Asociaci\u00f3n Internacional para la Defensa de la Libertad Religiosa (AIDLR) y el Instituto de Derechos Humanos de la universidad p\u00fablica espa\u00f1ola mejor calificada llevaron a cabo la I Conferencia Internacional sobre Libertad Religiosa y Minor\u00edas Religiosas entre el 17 y el 20 de enero pasados.<\/p>\n<p>El evento atrajo a decenas de destacados estudiosos, figuras pol\u00edticas y abogados &#8211;entre ellos algunos adventistas&#8211; en el extenso campus de la Universidad Complutense de Madrid, una universidad con siete siglos de historia en el pa\u00eds.<\/p>\n<p>Al hablar durante la conferencia, Alexy Koshemyakov, director del Departamento de Minor\u00edas Nacionales y Antidiscriminaci\u00f3n del Concilio de Europa en Estrasburgo, defendi\u00f3 el establecimiento de una instituci\u00f3n espec\u00edfica en Europa que se ocupe de cuestiones de libertad religiosa.<\/p>\n<p>Koshemyakov tambi\u00e9n present\u00f3 una visi\u00f3n general de los \u00faltimos avances en el di\u00e1logo interreligioso en Europa.<\/p>\n<p>\u00abAcaso esto abra la puerta para que un d\u00eda tengamos un d\u00eda de libertad religiosa en el pa\u00eds\u00bb, dijo John Graz, secretario general de la Asociaci\u00f3n Internacional de Libertad Religiosa.<\/p>\n<p>Unos cien estudiantes de leyes de la Escuela de Leyes de la Universidad Complutense de Madrid, donde se llev\u00f3 a cabo el evento, se unieron a los dem\u00e1s asistentes para las discusiones de las tardes.<\/p>\n<p>Gran parte de la conferencia se centr\u00f3 en buscar el equilibrio apropiado entre las necesidades de las minor\u00edas religiosas y las de la sociedad en general.<\/p>\n<p>El doctor Jeremy Gunn, profesor de Estudios Internacionales de la Universidad Al Akhawayn de Marruecos, dijo que algunos de los \u00abconflictos m\u00e1s grandes\u00bb se encuentran adentro y no entre los grupos religiosos, dado que hay sectas religiosas que est\u00e1n luchando por ejercer su influencia.<\/p>\n<p>\u00abHay minor\u00edas a\u00fan dentro de las religiones\u00bb, dijo Gunn. \u00abLa tolerancia y el respeto tienen que ser los valores fundamentales de cada grupo\u00bb.<\/p>\n<p>Los participantes tambi\u00e9n analizaron las maneras en que los gobiernos, los grupos religiosos, el \u00e1mbito acad\u00e9mico y la sociedad civil pueden promover y proteger la libertad religioso.<\/p>\n<p>Bel\u00e9n Alfaro, embajadora general de la Alianza de las Civilizaciones de las Naciones Unidas, destac\u00f3 la necesidad de \u00abuna cultura de paz que lucha contra la intolerancia por medio del di\u00e1logo\u00bb.<\/p>\n<p>Bruno Vertallier, presidente de la AIDRLR, se mostr\u00f3 de acuerdo con esta apreciaci\u00f3n. \u00abMi deseo es que por medio del di\u00e1logo podamos establecer nuevos caminos para la libertad religiosa, la tolerancia y el respeto\u00bb, expres\u00f3.<\/p>\n<p>Por su parte, Ganoune Diop, enlace de la Iglesia Adventista mundial en las Naciones Unidas, dijo que es esencial recordar que esa dignidad se encuentra en el centro de todos los derechos humanos, incluido el de la libertad religiosa.<\/p>\n<p>\u00abLa dignidad es un sello sagrado y divino\u00bb, dijo Diop. \u00abTodo ser humano posee dignidad porque cada ser humano ha sido creado a imagen de Dios\u00bb.<\/p>\n<p>Cuando se hizo presente la cuesti\u00f3n de las pol\u00edticas p\u00fablicas, Harri Kuhalampi, representante del Departamento de Cultura y Educaci\u00f3n del Parlamento Europeo, se\u00f1al\u00f3 que las actitudes personales hacia la tolerancia, la hospitalidad y el respeto son igualmente fundamentales.<\/p>\n<p>\u00abLa cooperaci\u00f3n dentro de las comunidades es tan importante como la legislaci\u00f3n del gobierno\u00bb, dijo.<\/p>\n<p>Heiner Bielefeldt, informadora especial sobre libertad religiosa y de creencias de las Naciones Unidas, expres\u00f3 otro recordatorio: La libertad religiosa, dijo, no es est\u00e1tica sino din\u00e1mica. Cuando disminuyen la atenci\u00f3n y la toma de conciencia, tambi\u00e9n lo hacen las libertades religiosas.<\/p>\n<p>La conferencia incluy\u00f3 una excursi\u00f3n a la zona hist\u00f3rica de la ciudad de Toledo, una ciudad que los organizadores dijeron que ha sido un \u00aboasis\u00bb de tolerancia religiosa entre los cristianos, los musulmanes y los jud\u00edos. Muchas sinagogas, mezquitas e iglesias de hasta inclusive el siglo X ahora son utilizadas como museos.<\/p>\n<p>La iglesia adventista Central de Madrid llev\u00f3 a cabo un concierto de libertad religiosa en la noche final de la conferencia, reuniendo a unos quinientos miembros de la comunidad. El organizador Liviu Olteanu dijo que la igleia era una avenida apropiada para un evento que destac\u00f3 los derechos de las minor\u00edas religiosas.<\/p>\n<p>El 94 por ciento de la poblaci\u00f3n de Espa\u00f1a es cat\u00f3lica. Los 16 mil adventistas del s\u00e9ptimo d\u00eda se encuentran entre los grupos religiosos que conforman el seis por ciento restante.<\/p>\n<p>La Asociaci\u00f3n Internacional para la Defensa de la Libertad Religiosa es una organizaci\u00f3n no gubernamental con sede en Berna, Suiza. La organizaci\u00f3n est\u00e1 comprometida con la defensa de la libertad de pensamiento, y publica la revista peri\u00f3dica \u201cConsciencia y libertad\u201d.<\/p>\n<p><em>Traducci\u00f3n de Marcos Paseggi<\/em><\/p>\n","protected":false},"excerpt":{"rendered":"<p>Defensores de la libertad religiosa en Europa esperan que una conferencia acad\u00e9mica en Espa\u00f1a llevada a cabo la semana pasada lleve a un mayor reconocimiento de la causa de la libertad religiosa para las minor\u00edas religiosas de la naci\u00f3n y los estados circundantes.<\/p>\n","protected":false},"author":1,"featured_media":0,"comment_status":"closed","ping_status":"closed","sticky":false,"template":"","format":"standard","meta":{"_acf_changed":false,"footnotes":""},"categories":[14],"tags":[],"class_list":["post-30414","post","type-post","status-publish","format-standard","hentry","category-de-la-iglesia-mundial"],"acf":[],"yoast_head":"<!-- This site is optimized with the Yoast SEO plugin v27.3 - https:\/\/yoast.com\/product\/yoast-seo-wordpress\/ -->\n<title>Conferencia acad\u00e9mica en Espa\u00f1a promueve la tolerancia hacia las minor\u00edas religiosas - Iglesia Adventista del S\u00e9ptimo D\u00eda - Divisi\u00f3n Interamericana<\/title>\n<meta name=\"robots\" content=\"index, follow, max-snippet:-1, max-image-preview:large, max-video-preview:-1\" \/>\n<link rel=\"canonical\" href=\"https:\/\/interamerica.org\/es\/2014\/01\/conferencia-academica-en-espana-promueve-la-tolerancia-hacia-las-minorias-religiosas\/\" \/>\n<meta property=\"og:locale\" content=\"es_ES\" \/>\n<meta property=\"og:type\" content=\"article\" \/>\n<meta property=\"og:title\" content=\"Conferencia acad\u00e9mica en Espa\u00f1a promueve la tolerancia hacia las minor\u00edas religiosas - Iglesia Adventista del S\u00e9ptimo D\u00eda - Divisi\u00f3n Interamericana\" \/>\n<meta property=\"og:description\" content=\"Defensores de la libertad religiosa en Europa esperan que una conferencia acad\u00e9mica en Espa\u00f1a llevada a cabo la semana pasada lleve a un mayor reconocimiento de la causa de la libertad religiosa para las minor\u00edas religiosas de la naci\u00f3n y los estados circundantes.\" \/>\n<meta property=\"og:url\" content=\"https:\/\/interamerica.org\/es\/2014\/01\/conferencia-academica-en-espana-promueve-la-tolerancia-hacia-las-minorias-religiosas\/\" \/>\n<meta property=\"og:site_name\" content=\"Iglesia Adventista del S\u00e9ptimo D\u00eda - Divisi\u00f3n Interamericana\" \/>\n<meta property=\"article:published_time\" content=\"2014-01-24T04:00:00+00:00\" \/>\n<meta property=\"article:modified_time\" content=\"2021-07-28T18:55:32+00:00\" \/>\n<meta name=\"author\" content=\"Lorenzo Verduzco\" \/>\n<meta name=\"twitter:card\" content=\"summary_large_image\" \/>\n<meta name=\"twitter:label1\" content=\"Escrito por\" \/>\n\t<meta name=\"twitter:data1\" content=\"Lorenzo Verduzco\" \/>\n\t<meta name=\"twitter:label2\" content=\"Tiempo de lectura\" \/>\n\t<meta name=\"twitter:data2\" content=\"4 minutos\" \/>\n<script type=\"application\/ld+json\" class=\"yoast-schema-graph\">{\"@context\":\"https:\\\/\\\/schema.org\",\"@graph\":[{\"@type\":\"Article\",\"@id\":\"https:\\\/\\\/interamerica.org\\\/es\\\/2014\\\/01\\\/conferencia-academica-en-espana-promueve-la-tolerancia-hacia-las-minorias-religiosas\\\/#article\",\"isPartOf\":{\"@id\":\"https:\\\/\\\/interamerica.org\\\/es\\\/2014\\\/01\\\/conferencia-academica-en-espana-promueve-la-tolerancia-hacia-las-minorias-religiosas\\\/\"},\"author\":{\"name\":\"Lorenzo Verduzco\",\"@id\":\"https:\\\/\\\/interamerica.org\\\/es\\\/#\\\/schema\\\/person\\\/68ede8bdc292885bb76c1e3810e73c39\"},\"headline\":\"Conferencia acad\u00e9mica en Espa\u00f1a promueve la tolerancia hacia las minor\u00edas religiosas\",\"datePublished\":\"2014-01-24T04:00:00+00:00\",\"dateModified\":\"2021-07-28T18:55:32+00:00\",\"mainEntityOfPage\":{\"@id\":\"https:\\\/\\\/interamerica.org\\\/es\\\/2014\\\/01\\\/conferencia-academica-en-espana-promueve-la-tolerancia-hacia-las-minorias-religiosas\\\/\"},\"wordCount\":846,\"articleSection\":[\"Desde la iglesia mundial\"],\"inLanguage\":\"es\"},{\"@type\":\"WebPage\",\"@id\":\"https:\\\/\\\/interamerica.org\\\/es\\\/2014\\\/01\\\/conferencia-academica-en-espana-promueve-la-tolerancia-hacia-las-minorias-religiosas\\\/\",\"url\":\"https:\\\/\\\/interamerica.org\\\/es\\\/2014\\\/01\\\/conferencia-academica-en-espana-promueve-la-tolerancia-hacia-las-minorias-religiosas\\\/\",\"name\":\"Conferencia acad\u00e9mica en Espa\u00f1a promueve la tolerancia hacia las minor\u00edas religiosas - Iglesia Adventista del S\u00e9ptimo D\u00eda - Divisi\u00f3n Interamericana\",\"isPartOf\":{\"@id\":\"https:\\\/\\\/interamerica.org\\\/es\\\/#website\"},\"datePublished\":\"2014-01-24T04:00:00+00:00\",\"dateModified\":\"2021-07-28T18:55:32+00:00\",\"author\":{\"@id\":\"https:\\\/\\\/interamerica.org\\\/es\\\/#\\\/schema\\\/person\\\/68ede8bdc292885bb76c1e3810e73c39\"},\"breadcrumb\":{\"@id\":\"https:\\\/\\\/interamerica.org\\\/es\\\/2014\\\/01\\\/conferencia-academica-en-espana-promueve-la-tolerancia-hacia-las-minorias-religiosas\\\/#breadcrumb\"},\"inLanguage\":\"es\",\"potentialAction\":[{\"@type\":\"ReadAction\",\"target\":[\"https:\\\/\\\/interamerica.org\\\/es\\\/2014\\\/01\\\/conferencia-academica-en-espana-promueve-la-tolerancia-hacia-las-minorias-religiosas\\\/\"]}]},{\"@type\":\"BreadcrumbList\",\"@id\":\"https:\\\/\\\/interamerica.org\\\/es\\\/2014\\\/01\\\/conferencia-academica-en-espana-promueve-la-tolerancia-hacia-las-minorias-religiosas\\\/#breadcrumb\",\"itemListElement\":[{\"@type\":\"ListItem\",\"position\":1,\"name\":\"Home\",\"item\":\"https:\\\/\\\/interamerica.org\\\/es\\\/\"},{\"@type\":\"ListItem\",\"position\":2,\"name\":\"Conferencia acad\u00e9mica en Espa\u00f1a promueve la tolerancia hacia las minor\u00edas religiosas\"}]},{\"@type\":\"WebSite\",\"@id\":\"https:\\\/\\\/interamerica.org\\\/es\\\/#website\",\"url\":\"https:\\\/\\\/interamerica.org\\\/es\\\/\",\"name\":\"Iglesia Adventista del S\u00e9ptimo D\u00eda - Divisi\u00f3n Interamericana\",\"description\":\"\",\"potentialAction\":[{\"@type\":\"SearchAction\",\"target\":{\"@type\":\"EntryPoint\",\"urlTemplate\":\"https:\\\/\\\/interamerica.org\\\/es\\\/?s={search_term_string}\"},\"query-input\":{\"@type\":\"PropertyValueSpecification\",\"valueRequired\":true,\"valueName\":\"search_term_string\"}}],\"inLanguage\":\"es\"},{\"@type\":\"Person\",\"@id\":\"https:\\\/\\\/interamerica.org\\\/es\\\/#\\\/schema\\\/person\\\/68ede8bdc292885bb76c1e3810e73c39\",\"name\":\"Lorenzo Verduzco\",\"image\":{\"@type\":\"ImageObject\",\"inLanguage\":\"es\",\"@id\":\"https:\\\/\\\/secure.gravatar.com\\\/avatar\\\/fb81a55b6218459490a9c1dc841a34909185b81904c5337b4b27f7a6fd60c49e?s=96&d=mm&r=g\",\"url\":\"https:\\\/\\\/secure.gravatar.com\\\/avatar\\\/fb81a55b6218459490a9c1dc841a34909185b81904c5337b4b27f7a6fd60c49e?s=96&d=mm&r=g\",\"contentUrl\":\"https:\\\/\\\/secure.gravatar.com\\\/avatar\\\/fb81a55b6218459490a9c1dc841a34909185b81904c5337b4b27f7a6fd60c49e?s=96&d=mm&r=g\",\"caption\":\"Lorenzo Verduzco\"}}]}<\/script>\n<!-- \/ Yoast SEO plugin. -->","yoast_head_json":{"title":"Conferencia acad\u00e9mica en Espa\u00f1a promueve la tolerancia hacia las minor\u00edas religiosas - Iglesia Adventista del S\u00e9ptimo D\u00eda - Divisi\u00f3n Interamericana","robots":{"index":"index","follow":"follow","max-snippet":"max-snippet:-1","max-image-preview":"max-image-preview:large","max-video-preview":"max-video-preview:-1"},"canonical":"https:\/\/interamerica.org\/es\/2014\/01\/conferencia-academica-en-espana-promueve-la-tolerancia-hacia-las-minorias-religiosas\/","og_locale":"es_ES","og_type":"article","og_title":"Conferencia acad\u00e9mica en Espa\u00f1a promueve la tolerancia hacia las minor\u00edas religiosas - Iglesia Adventista del S\u00e9ptimo D\u00eda - Divisi\u00f3n Interamericana","og_description":"Defensores de la libertad religiosa en Europa esperan que una conferencia acad\u00e9mica en Espa\u00f1a llevada a cabo la semana pasada lleve a un mayor reconocimiento de la causa de la libertad religiosa para las minor\u00edas religiosas de la naci\u00f3n y los estados circundantes.","og_url":"https:\/\/interamerica.org\/es\/2014\/01\/conferencia-academica-en-espana-promueve-la-tolerancia-hacia-las-minorias-religiosas\/","og_site_name":"Iglesia Adventista del S\u00e9ptimo D\u00eda - Divisi\u00f3n Interamericana","article_published_time":"2014-01-24T04:00:00+00:00","article_modified_time":"2021-07-28T18:55:32+00:00","author":"Lorenzo Verduzco","twitter_card":"summary_large_image","twitter_misc":{"Escrito por":"Lorenzo Verduzco","Tiempo de lectura":"4 minutos"},"schema":{"@context":"https:\/\/schema.org","@graph":[{"@type":"Article","@id":"https:\/\/interamerica.org\/es\/2014\/01\/conferencia-academica-en-espana-promueve-la-tolerancia-hacia-las-minorias-religiosas\/#article","isPartOf":{"@id":"https:\/\/interamerica.org\/es\/2014\/01\/conferencia-academica-en-espana-promueve-la-tolerancia-hacia-las-minorias-religiosas\/"},"author":{"name":"Lorenzo Verduzco","@id":"https:\/\/interamerica.org\/es\/#\/schema\/person\/68ede8bdc292885bb76c1e3810e73c39"},"headline":"Conferencia acad\u00e9mica en Espa\u00f1a promueve la tolerancia hacia las minor\u00edas religiosas","datePublished":"2014-01-24T04:00:00+00:00","dateModified":"2021-07-28T18:55:32+00:00","mainEntityOfPage":{"@id":"https:\/\/interamerica.org\/es\/2014\/01\/conferencia-academica-en-espana-promueve-la-tolerancia-hacia-las-minorias-religiosas\/"},"wordCount":846,"articleSection":["Desde la iglesia mundial"],"inLanguage":"es"},{"@type":"WebPage","@id":"https:\/\/interamerica.org\/es\/2014\/01\/conferencia-academica-en-espana-promueve-la-tolerancia-hacia-las-minorias-religiosas\/","url":"https:\/\/interamerica.org\/es\/2014\/01\/conferencia-academica-en-espana-promueve-la-tolerancia-hacia-las-minorias-religiosas\/","name":"Conferencia acad\u00e9mica en Espa\u00f1a promueve la tolerancia hacia las minor\u00edas religiosas - Iglesia Adventista del S\u00e9ptimo D\u00eda - Divisi\u00f3n Interamericana","isPartOf":{"@id":"https:\/\/interamerica.org\/es\/#website"},"datePublished":"2014-01-24T04:00:00+00:00","dateModified":"2021-07-28T18:55:32+00:00","author":{"@id":"https:\/\/interamerica.org\/es\/#\/schema\/person\/68ede8bdc292885bb76c1e3810e73c39"},"breadcrumb":{"@id":"https:\/\/interamerica.org\/es\/2014\/01\/conferencia-academica-en-espana-promueve-la-tolerancia-hacia-las-minorias-religiosas\/#breadcrumb"},"inLanguage":"es","potentialAction":[{"@type":"ReadAction","target":["https:\/\/interamerica.org\/es\/2014\/01\/conferencia-academica-en-espana-promueve-la-tolerancia-hacia-las-minorias-religiosas\/"]}]},{"@type":"BreadcrumbList","@id":"https:\/\/interamerica.org\/es\/2014\/01\/conferencia-academica-en-espana-promueve-la-tolerancia-hacia-las-minorias-religiosas\/#breadcrumb","itemListElement":[{"@type":"ListItem","position":1,"name":"Home","item":"https:\/\/interamerica.org\/es\/"},{"@type":"ListItem","position":2,"name":"Conferencia acad\u00e9mica en Espa\u00f1a promueve la tolerancia hacia las minor\u00edas religiosas"}]},{"@type":"WebSite","@id":"https:\/\/interamerica.org\/es\/#website","url":"https:\/\/interamerica.org\/es\/","name":"Iglesia Adventista del S\u00e9ptimo D\u00eda - Divisi\u00f3n Interamericana","description":"","potentialAction":[{"@type":"SearchAction","target":{"@type":"EntryPoint","urlTemplate":"https:\/\/interamerica.org\/es\/?s={search_term_string}"},"query-input":{"@type":"PropertyValueSpecification","valueRequired":true,"valueName":"search_term_string"}}],"inLanguage":"es"},{"@type":"Person","@id":"https:\/\/interamerica.org\/es\/#\/schema\/person\/68ede8bdc292885bb76c1e3810e73c39","name":"Lorenzo Verduzco","image":{"@type":"ImageObject","inLanguage":"es","@id":"https:\/\/secure.gravatar.com\/avatar\/fb81a55b6218459490a9c1dc841a34909185b81904c5337b4b27f7a6fd60c49e?s=96&d=mm&r=g","url":"https:\/\/secure.gravatar.com\/avatar\/fb81a55b6218459490a9c1dc841a34909185b81904c5337b4b27f7a6fd60c49e?s=96&d=mm&r=g","contentUrl":"https:\/\/secure.gravatar.com\/avatar\/fb81a55b6218459490a9c1dc841a34909185b81904c5337b4b27f7a6fd60c49e?s=96&d=mm&r=g","caption":"Lorenzo Verduzco"}}]}},"_links":{"self":[{"href":"https:\/\/interamerica.org\/es\/wp-json\/wp\/v2\/posts\/30414","targetHints":{"allow":["GET"]}}],"collection":[{"href":"https:\/\/interamerica.org\/es\/wp-json\/wp\/v2\/posts"}],"about":[{"href":"https:\/\/interamerica.org\/es\/wp-json\/wp\/v2\/types\/post"}],"author":[{"embeddable":true,"href":"https:\/\/interamerica.org\/es\/wp-json\/wp\/v2\/users\/1"}],"replies":[{"embeddable":true,"href":"https:\/\/interamerica.org\/es\/wp-json\/wp\/v2\/comments?post=30414"}],"version-history":[{"count":0,"href":"https:\/\/interamerica.org\/es\/wp-json\/wp\/v2\/posts\/30414\/revisions"}],"wp:attachment":[{"href":"https:\/\/interamerica.org\/es\/wp-json\/wp\/v2\/media?parent=30414"}],"wp:term":[{"taxonomy":"category","embeddable":true,"href":"https:\/\/interamerica.org\/es\/wp-json\/wp\/v2\/categories?post=30414"},{"taxonomy":"post_tag","embeddable":true,"href":"https:\/\/interamerica.org\/es\/wp-json\/wp\/v2\/tags?post=30414"}],"curies":[{"name":"wp","href":"https:\/\/api.w.org\/{rel}","templated":true}]}}