{"id":30415,"date":"2014-01-30T00:00:00","date_gmt":"2014-01-30T04:00:00","guid":{"rendered":"http:\/\/192.81.217.108\/interamerica\/2014\/01\/interamerica-iglesia-adventista-lanzara-semana-de-oracion-en-linea-para-la-familia-pastoral\/"},"modified":"2014-01-30T00:00:00","modified_gmt":"2014-01-30T04:00:00","slug":"interamerica-iglesia-adventista-lanzara-semana-de-oracion-en-linea-para-la-familia-pastoral","status":"publish","type":"post","link":"https:\/\/interamerica.org\/es\/2014\/01\/interamerica-iglesia-adventista-lanzara-semana-de-oracion-en-linea-para-la-familia-pastoral\/","title":{"rendered":"Interam\u00e9rica: Iglesia Adventista lanzar\u00e1 semana de oraci\u00f3n en l\u00ednea para la familia pastoral"},"content":{"rendered":"<p>29 de enero de 2014 \u2013 Miami, Florida, Estados Unidos&#8230;Libna Stevens\/DIA<\/p>\n<p>La Iglesia Adventista del S\u00e9ptimo D\u00eda en Interam\u00e9rica lanzar\u00e1 una semana virtual de oraci\u00f3n para las 3200 familias pastorales del territorio a partir de este fin de semana y por v\u00eda internet. Este evento especial en l\u00ednea comenzar\u00e1 este 31 de enero con un programa en vivo desde las oficinas centrales de la Divisi\u00f3n Interamericana en Miami, Florida.<\/p>\n<p><a href=\"\/interamerica\/wp-content\/uploads\/2017\/06\/Head_Banner_Pastor_WeekPray_ESP.jpg\" rel=\"fancybox\" title=\"Interam\u00e9rica: Iglesia Adventista lanzar\u00e1 semana de oraci\u00f3n en l\u00ednea para la familia pastoral\"><img decoding=\"async\" class=\"alignleft size-medium wp-image-10456\" title=\"Head_Banner_Pastor_WeekPray_ESP\" src=\"\/interamerica\/wp-content\/uploads\/2017\/06\/Head_Banner_Pastor_WeekPray_ESP-300x117.jpg\" alt=\"\" width=\"300\" height=\"117\" \/><\/a>\u00abNuestro principal \u00e9nfasis es fortalecer la unidad del pastor y su familia, hacerles saber que valoramos su ministerio y que estamos interesados en su bienestar general\u00bb, dice el pastor H\u00e9ctor S\u00e1nchez, secretario ministerial de la iglesia en Interam\u00e9rica, y uno de los organizadores del evento.<\/p>\n<p>Los pastores de la Divisi\u00f3n Interamericana est\u00e1n ministrando a dos, tres, cuatro y hasta diez congregaciones del territorio, dice S\u00e1nchez, de manera que \u00abes importante enfatizar que necesitan hacer una pausa y dedicar tiempo a ser alimentados como familia\u00bb.<\/p>\n<p>La semana de oraci\u00f3n comenzar\u00e1 con un programa en vivo este 31 de enero de 2014, a las 19:30 (hora de Miami), y continuar\u00e1 con programas pregrabados hasta el pr\u00f3ximo 7 de febrero. Los programas podr\u00e1n ser vistos y tambi\u00e9n descargados, de manera que las familias puedan reunirse a verlos cada d\u00eda de la semana en el horario que les resulte m\u00e1s conveniente.<\/p>\n<p>\u00abQueremos animar a que cada miembro de la familia del pastor se acerque m\u00e1s al Se\u00f1or y fortalezca sus v\u00ednculos como familia, de manera que puedan dar un apoyo s\u00f3lido a la iglesia\u00bb, dice el pastor Pedro Iglesias, director de ministerios de familia de la iglesia en Interam\u00e9rica y uno de los organizadores del evento.<\/p>\n<p>Los mensajes que se ofrecer\u00e1n se ocupar\u00e1n de la familia del pastor en general, el matrimonio pastoral, el pastor como esposo, la esposa del pastor, los ni\u00f1os del pastor, los h\u00e1bitos devocionales de la familia pastoral, y otros temas similares.<\/p>\n<p>La semana virtual de oraci\u00f3n culminar\u00e1 con un programa en vivo el pr\u00f3ximo s\u00e1bado 8 de febrero de 2014, a las 16:30 (hora de Miami). Los pogramas en vivo del 31 de enero al 8 de febrero ser\u00e1n llevados a cabo en ingl\u00e9s, espa\u00f1ol y franc\u00e9s.<\/p>\n<p>Para seguir los programas en vivo y pregrabados, visite nuestro canal web, presionando <a href=\"http:\/\/webcast.interamerica.org\/schedule.\">AQU\u00cd<\/a><\/p>\n<p><em>Traducci\u00f3n de Marcos Paseggi<\/em><\/p>\n","protected":false},"excerpt":{"rendered":"<p>La Iglesia Adventista del S\u00e9ptimo D\u00eda en Interam\u00e9rica lanzar\u00e1 una semana virtual de oraci\u00f3n para las 3200 familias pastorales del territorio a partir de este fin de semana y por v\u00eda internet. Este evento especial en l\u00ednea comenzar\u00e1 este 31 de enero con un programa en vivo desde las oficinas centrales de la Divisi\u00f3n Interamericana en Miami, Florida.<\/p>\n","protected":false},"author":1,"featured_media":30416,"comment_status":"closed","ping_status":"closed","sticky":false,"template":"","format":"standard","meta":{"_acf_changed":false,"footnotes":""},"categories":[16],"tags":[],"class_list":["post-30415","post","type-post","status-publish","format-standard","has-post-thumbnail","hentry","category-desde-la-sede"],"acf":[],"yoast_head":"<!-- This site is optimized with the Yoast SEO plugin v27.3 - https:\/\/yoast.com\/product\/yoast-seo-wordpress\/ -->\n<title>Interam\u00e9rica: Iglesia Adventista lanzar\u00e1 semana de oraci\u00f3n en l\u00ednea para la familia pastoral - Iglesia Adventista del S\u00e9ptimo D\u00eda - Divisi\u00f3n Interamericana<\/title>\n<meta name=\"robots\" content=\"index, follow, max-snippet:-1, max-image-preview:large, max-video-preview:-1\" \/>\n<link rel=\"canonical\" href=\"https:\/\/interamerica.org\/es\/2014\/01\/interamerica-iglesia-adventista-lanzara-semana-de-oracion-en-linea-para-la-familia-pastoral\/\" \/>\n<meta property=\"og:locale\" content=\"es_ES\" \/>\n<meta property=\"og:type\" content=\"article\" \/>\n<meta property=\"og:title\" content=\"Interam\u00e9rica: Iglesia Adventista lanzar\u00e1 semana de oraci\u00f3n en l\u00ednea para la familia pastoral - Iglesia Adventista del S\u00e9ptimo D\u00eda - Divisi\u00f3n Interamericana\" \/>\n<meta property=\"og:description\" content=\"La Iglesia Adventista del S\u00e9ptimo D\u00eda en Interam\u00e9rica lanzar\u00e1 una semana virtual de oraci\u00f3n para las 3200 familias pastorales del territorio a partir de este fin de semana y por v\u00eda internet. Este evento especial en l\u00ednea comenzar\u00e1 este 31 de enero con un programa en vivo desde las oficinas centrales de la Divisi\u00f3n Interamericana en Miami, Florida.\" \/>\n<meta property=\"og:url\" content=\"https:\/\/interamerica.org\/es\/2014\/01\/interamerica-iglesia-adventista-lanzara-semana-de-oracion-en-linea-para-la-familia-pastoral\/\" \/>\n<meta property=\"og:site_name\" content=\"Iglesia Adventista del S\u00e9ptimo D\u00eda - Divisi\u00f3n Interamericana\" \/>\n<meta property=\"article:published_time\" content=\"2014-01-30T04:00:00+00:00\" \/>\n<meta property=\"og:image\" content=\"https:\/\/interamerica.org\/wp-content\/uploads\/2017\/06\/Head_Banner_Pastor_WeekPray_ESP.jpg\" \/>\n\t<meta property=\"og:image:width\" content=\"640\" \/>\n\t<meta property=\"og:image:height\" content=\"250\" \/>\n\t<meta property=\"og:image:type\" content=\"image\/jpeg\" \/>\n<meta name=\"author\" content=\"Lorenzo Verduzco\" \/>\n<meta name=\"twitter:card\" content=\"summary_large_image\" \/>\n<meta name=\"twitter:label1\" content=\"Escrito por\" \/>\n\t<meta name=\"twitter:data1\" content=\"Lorenzo Verduzco\" \/>\n\t<meta name=\"twitter:label2\" content=\"Tiempo de lectura\" \/>\n\t<meta name=\"twitter:data2\" content=\"2 minutos\" \/>\n<script type=\"application\/ld+json\" class=\"yoast-schema-graph\">{\"@context\":\"https:\\\/\\\/schema.org\",\"@graph\":[{\"@type\":\"Article\",\"@id\":\"https:\\\/\\\/interamerica.org\\\/es\\\/2014\\\/01\\\/interamerica-iglesia-adventista-lanzara-semana-de-oracion-en-linea-para-la-familia-pastoral\\\/#article\",\"isPartOf\":{\"@id\":\"https:\\\/\\\/interamerica.org\\\/es\\\/2014\\\/01\\\/interamerica-iglesia-adventista-lanzara-semana-de-oracion-en-linea-para-la-familia-pastoral\\\/\"},\"author\":{\"name\":\"Lorenzo Verduzco\",\"@id\":\"https:\\\/\\\/interamerica.org\\\/es\\\/#\\\/schema\\\/person\\\/68ede8bdc292885bb76c1e3810e73c39\"},\"headline\":\"Interam\u00e9rica: Iglesia Adventista lanzar\u00e1 semana de oraci\u00f3n en l\u00ednea para la familia pastoral\",\"datePublished\":\"2014-01-30T04:00:00+00:00\",\"mainEntityOfPage\":{\"@id\":\"https:\\\/\\\/interamerica.org\\\/es\\\/2014\\\/01\\\/interamerica-iglesia-adventista-lanzara-semana-de-oracion-en-linea-para-la-familia-pastoral\\\/\"},\"wordCount\":415,\"image\":{\"@id\":\"https:\\\/\\\/interamerica.org\\\/es\\\/2014\\\/01\\\/interamerica-iglesia-adventista-lanzara-semana-de-oracion-en-linea-para-la-familia-pastoral\\\/#primaryimage\"},\"thumbnailUrl\":\"https:\\\/\\\/interamerica.org\\\/wp-content\\\/uploads\\\/2017\\\/06\\\/Head_Banner_Pastor_WeekPray_ESP.jpg\",\"articleSection\":[\"Desde la sede\"],\"inLanguage\":\"es\"},{\"@type\":\"WebPage\",\"@id\":\"https:\\\/\\\/interamerica.org\\\/es\\\/2014\\\/01\\\/interamerica-iglesia-adventista-lanzara-semana-de-oracion-en-linea-para-la-familia-pastoral\\\/\",\"url\":\"https:\\\/\\\/interamerica.org\\\/es\\\/2014\\\/01\\\/interamerica-iglesia-adventista-lanzara-semana-de-oracion-en-linea-para-la-familia-pastoral\\\/\",\"name\":\"Interam\u00e9rica: Iglesia Adventista lanzar\u00e1 semana de oraci\u00f3n en l\u00ednea para la familia pastoral - Iglesia Adventista del S\u00e9ptimo D\u00eda - Divisi\u00f3n Interamericana\",\"isPartOf\":{\"@id\":\"https:\\\/\\\/interamerica.org\\\/es\\\/#website\"},\"primaryImageOfPage\":{\"@id\":\"https:\\\/\\\/interamerica.org\\\/es\\\/2014\\\/01\\\/interamerica-iglesia-adventista-lanzara-semana-de-oracion-en-linea-para-la-familia-pastoral\\\/#primaryimage\"},\"image\":{\"@id\":\"https:\\\/\\\/interamerica.org\\\/es\\\/2014\\\/01\\\/interamerica-iglesia-adventista-lanzara-semana-de-oracion-en-linea-para-la-familia-pastoral\\\/#primaryimage\"},\"thumbnailUrl\":\"https:\\\/\\\/interamerica.org\\\/wp-content\\\/uploads\\\/2017\\\/06\\\/Head_Banner_Pastor_WeekPray_ESP.jpg\",\"datePublished\":\"2014-01-30T04:00:00+00:00\",\"author\":{\"@id\":\"https:\\\/\\\/interamerica.org\\\/es\\\/#\\\/schema\\\/person\\\/68ede8bdc292885bb76c1e3810e73c39\"},\"breadcrumb\":{\"@id\":\"https:\\\/\\\/interamerica.org\\\/es\\\/2014\\\/01\\\/interamerica-iglesia-adventista-lanzara-semana-de-oracion-en-linea-para-la-familia-pastoral\\\/#breadcrumb\"},\"inLanguage\":\"es\",\"potentialAction\":[{\"@type\":\"ReadAction\",\"target\":[\"https:\\\/\\\/interamerica.org\\\/es\\\/2014\\\/01\\\/interamerica-iglesia-adventista-lanzara-semana-de-oracion-en-linea-para-la-familia-pastoral\\\/\"]}]},{\"@type\":\"ImageObject\",\"inLanguage\":\"es\",\"@id\":\"https:\\\/\\\/interamerica.org\\\/es\\\/2014\\\/01\\\/interamerica-iglesia-adventista-lanzara-semana-de-oracion-en-linea-para-la-familia-pastoral\\\/#primaryimage\",\"url\":\"https:\\\/\\\/interamerica.org\\\/wp-content\\\/uploads\\\/2017\\\/06\\\/Head_Banner_Pastor_WeekPray_ESP.jpg\",\"contentUrl\":\"https:\\\/\\\/interamerica.org\\\/wp-content\\\/uploads\\\/2017\\\/06\\\/Head_Banner_Pastor_WeekPray_ESP.jpg\",\"width\":640,\"height\":250},{\"@type\":\"BreadcrumbList\",\"@id\":\"https:\\\/\\\/interamerica.org\\\/es\\\/2014\\\/01\\\/interamerica-iglesia-adventista-lanzara-semana-de-oracion-en-linea-para-la-familia-pastoral\\\/#breadcrumb\",\"itemListElement\":[{\"@type\":\"ListItem\",\"position\":1,\"name\":\"Home\",\"item\":\"https:\\\/\\\/interamerica.org\\\/es\\\/\"},{\"@type\":\"ListItem\",\"position\":2,\"name\":\"Interam\u00e9rica: Iglesia Adventista lanzar\u00e1 semana de oraci\u00f3n en l\u00ednea para la familia pastoral\"}]},{\"@type\":\"WebSite\",\"@id\":\"https:\\\/\\\/interamerica.org\\\/es\\\/#website\",\"url\":\"https:\\\/\\\/interamerica.org\\\/es\\\/\",\"name\":\"Iglesia Adventista del S\u00e9ptimo D\u00eda - Divisi\u00f3n Interamericana\",\"description\":\"\",\"potentialAction\":[{\"@type\":\"SearchAction\",\"target\":{\"@type\":\"EntryPoint\",\"urlTemplate\":\"https:\\\/\\\/interamerica.org\\\/es\\\/?s={search_term_string}\"},\"query-input\":{\"@type\":\"PropertyValueSpecification\",\"valueRequired\":true,\"valueName\":\"search_term_string\"}}],\"inLanguage\":\"es\"},{\"@type\":\"Person\",\"@id\":\"https:\\\/\\\/interamerica.org\\\/es\\\/#\\\/schema\\\/person\\\/68ede8bdc292885bb76c1e3810e73c39\",\"name\":\"Lorenzo Verduzco\",\"image\":{\"@type\":\"ImageObject\",\"inLanguage\":\"es\",\"@id\":\"https:\\\/\\\/secure.gravatar.com\\\/avatar\\\/fb81a55b6218459490a9c1dc841a34909185b81904c5337b4b27f7a6fd60c49e?s=96&d=mm&r=g\",\"url\":\"https:\\\/\\\/secure.gravatar.com\\\/avatar\\\/fb81a55b6218459490a9c1dc841a34909185b81904c5337b4b27f7a6fd60c49e?s=96&d=mm&r=g\",\"contentUrl\":\"https:\\\/\\\/secure.gravatar.com\\\/avatar\\\/fb81a55b6218459490a9c1dc841a34909185b81904c5337b4b27f7a6fd60c49e?s=96&d=mm&r=g\",\"caption\":\"Lorenzo Verduzco\"}}]}<\/script>\n<!-- \/ Yoast SEO plugin. -->","yoast_head_json":{"title":"Interam\u00e9rica: Iglesia Adventista lanzar\u00e1 semana de oraci\u00f3n en l\u00ednea para la familia pastoral - Iglesia Adventista del S\u00e9ptimo D\u00eda - Divisi\u00f3n Interamericana","robots":{"index":"index","follow":"follow","max-snippet":"max-snippet:-1","max-image-preview":"max-image-preview:large","max-video-preview":"max-video-preview:-1"},"canonical":"https:\/\/interamerica.org\/es\/2014\/01\/interamerica-iglesia-adventista-lanzara-semana-de-oracion-en-linea-para-la-familia-pastoral\/","og_locale":"es_ES","og_type":"article","og_title":"Interam\u00e9rica: Iglesia Adventista lanzar\u00e1 semana de oraci\u00f3n en l\u00ednea para la familia pastoral - Iglesia Adventista del S\u00e9ptimo D\u00eda - Divisi\u00f3n Interamericana","og_description":"La Iglesia Adventista del S\u00e9ptimo D\u00eda en Interam\u00e9rica lanzar\u00e1 una semana virtual de oraci\u00f3n para las 3200 familias pastorales del territorio a partir de este fin de semana y por v\u00eda internet. Este evento especial en l\u00ednea comenzar\u00e1 este 31 de enero con un programa en vivo desde las oficinas centrales de la Divisi\u00f3n Interamericana en Miami, Florida.","og_url":"https:\/\/interamerica.org\/es\/2014\/01\/interamerica-iglesia-adventista-lanzara-semana-de-oracion-en-linea-para-la-familia-pastoral\/","og_site_name":"Iglesia Adventista del S\u00e9ptimo D\u00eda - Divisi\u00f3n Interamericana","article_published_time":"2014-01-30T04:00:00+00:00","og_image":[{"width":640,"height":250,"url":"https:\/\/interamerica.org\/wp-content\/uploads\/2017\/06\/Head_Banner_Pastor_WeekPray_ESP.jpg","type":"image\/jpeg"}],"author":"Lorenzo Verduzco","twitter_card":"summary_large_image","twitter_misc":{"Escrito por":"Lorenzo Verduzco","Tiempo de lectura":"2 minutos"},"schema":{"@context":"https:\/\/schema.org","@graph":[{"@type":"Article","@id":"https:\/\/interamerica.org\/es\/2014\/01\/interamerica-iglesia-adventista-lanzara-semana-de-oracion-en-linea-para-la-familia-pastoral\/#article","isPartOf":{"@id":"https:\/\/interamerica.org\/es\/2014\/01\/interamerica-iglesia-adventista-lanzara-semana-de-oracion-en-linea-para-la-familia-pastoral\/"},"author":{"name":"Lorenzo Verduzco","@id":"https:\/\/interamerica.org\/es\/#\/schema\/person\/68ede8bdc292885bb76c1e3810e73c39"},"headline":"Interam\u00e9rica: Iglesia Adventista lanzar\u00e1 semana de oraci\u00f3n en l\u00ednea para la familia pastoral","datePublished":"2014-01-30T04:00:00+00:00","mainEntityOfPage":{"@id":"https:\/\/interamerica.org\/es\/2014\/01\/interamerica-iglesia-adventista-lanzara-semana-de-oracion-en-linea-para-la-familia-pastoral\/"},"wordCount":415,"image":{"@id":"https:\/\/interamerica.org\/es\/2014\/01\/interamerica-iglesia-adventista-lanzara-semana-de-oracion-en-linea-para-la-familia-pastoral\/#primaryimage"},"thumbnailUrl":"https:\/\/interamerica.org\/wp-content\/uploads\/2017\/06\/Head_Banner_Pastor_WeekPray_ESP.jpg","articleSection":["Desde la sede"],"inLanguage":"es"},{"@type":"WebPage","@id":"https:\/\/interamerica.org\/es\/2014\/01\/interamerica-iglesia-adventista-lanzara-semana-de-oracion-en-linea-para-la-familia-pastoral\/","url":"https:\/\/interamerica.org\/es\/2014\/01\/interamerica-iglesia-adventista-lanzara-semana-de-oracion-en-linea-para-la-familia-pastoral\/","name":"Interam\u00e9rica: Iglesia Adventista lanzar\u00e1 semana de oraci\u00f3n en l\u00ednea para la familia pastoral - Iglesia Adventista del S\u00e9ptimo D\u00eda - Divisi\u00f3n Interamericana","isPartOf":{"@id":"https:\/\/interamerica.org\/es\/#website"},"primaryImageOfPage":{"@id":"https:\/\/interamerica.org\/es\/2014\/01\/interamerica-iglesia-adventista-lanzara-semana-de-oracion-en-linea-para-la-familia-pastoral\/#primaryimage"},"image":{"@id":"https:\/\/interamerica.org\/es\/2014\/01\/interamerica-iglesia-adventista-lanzara-semana-de-oracion-en-linea-para-la-familia-pastoral\/#primaryimage"},"thumbnailUrl":"https:\/\/interamerica.org\/wp-content\/uploads\/2017\/06\/Head_Banner_Pastor_WeekPray_ESP.jpg","datePublished":"2014-01-30T04:00:00+00:00","author":{"@id":"https:\/\/interamerica.org\/es\/#\/schema\/person\/68ede8bdc292885bb76c1e3810e73c39"},"breadcrumb":{"@id":"https:\/\/interamerica.org\/es\/2014\/01\/interamerica-iglesia-adventista-lanzara-semana-de-oracion-en-linea-para-la-familia-pastoral\/#breadcrumb"},"inLanguage":"es","potentialAction":[{"@type":"ReadAction","target":["https:\/\/interamerica.org\/es\/2014\/01\/interamerica-iglesia-adventista-lanzara-semana-de-oracion-en-linea-para-la-familia-pastoral\/"]}]},{"@type":"ImageObject","inLanguage":"es","@id":"https:\/\/interamerica.org\/es\/2014\/01\/interamerica-iglesia-adventista-lanzara-semana-de-oracion-en-linea-para-la-familia-pastoral\/#primaryimage","url":"https:\/\/interamerica.org\/wp-content\/uploads\/2017\/06\/Head_Banner_Pastor_WeekPray_ESP.jpg","contentUrl":"https:\/\/interamerica.org\/wp-content\/uploads\/2017\/06\/Head_Banner_Pastor_WeekPray_ESP.jpg","width":640,"height":250},{"@type":"BreadcrumbList","@id":"https:\/\/interamerica.org\/es\/2014\/01\/interamerica-iglesia-adventista-lanzara-semana-de-oracion-en-linea-para-la-familia-pastoral\/#breadcrumb","itemListElement":[{"@type":"ListItem","position":1,"name":"Home","item":"https:\/\/interamerica.org\/es\/"},{"@type":"ListItem","position":2,"name":"Interam\u00e9rica: Iglesia Adventista lanzar\u00e1 semana de oraci\u00f3n en l\u00ednea para la familia pastoral"}]},{"@type":"WebSite","@id":"https:\/\/interamerica.org\/es\/#website","url":"https:\/\/interamerica.org\/es\/","name":"Iglesia Adventista del S\u00e9ptimo D\u00eda - Divisi\u00f3n Interamericana","description":"","potentialAction":[{"@type":"SearchAction","target":{"@type":"EntryPoint","urlTemplate":"https:\/\/interamerica.org\/es\/?s={search_term_string}"},"query-input":{"@type":"PropertyValueSpecification","valueRequired":true,"valueName":"search_term_string"}}],"inLanguage":"es"},{"@type":"Person","@id":"https:\/\/interamerica.org\/es\/#\/schema\/person\/68ede8bdc292885bb76c1e3810e73c39","name":"Lorenzo Verduzco","image":{"@type":"ImageObject","inLanguage":"es","@id":"https:\/\/secure.gravatar.com\/avatar\/fb81a55b6218459490a9c1dc841a34909185b81904c5337b4b27f7a6fd60c49e?s=96&d=mm&r=g","url":"https:\/\/secure.gravatar.com\/avatar\/fb81a55b6218459490a9c1dc841a34909185b81904c5337b4b27f7a6fd60c49e?s=96&d=mm&r=g","contentUrl":"https:\/\/secure.gravatar.com\/avatar\/fb81a55b6218459490a9c1dc841a34909185b81904c5337b4b27f7a6fd60c49e?s=96&d=mm&r=g","caption":"Lorenzo Verduzco"}}]}},"_links":{"self":[{"href":"https:\/\/interamerica.org\/es\/wp-json\/wp\/v2\/posts\/30415","targetHints":{"allow":["GET"]}}],"collection":[{"href":"https:\/\/interamerica.org\/es\/wp-json\/wp\/v2\/posts"}],"about":[{"href":"https:\/\/interamerica.org\/es\/wp-json\/wp\/v2\/types\/post"}],"author":[{"embeddable":true,"href":"https:\/\/interamerica.org\/es\/wp-json\/wp\/v2\/users\/1"}],"replies":[{"embeddable":true,"href":"https:\/\/interamerica.org\/es\/wp-json\/wp\/v2\/comments?post=30415"}],"version-history":[{"count":0,"href":"https:\/\/interamerica.org\/es\/wp-json\/wp\/v2\/posts\/30415\/revisions"}],"wp:featuredmedia":[{"embeddable":true,"href":"https:\/\/interamerica.org\/es\/wp-json\/wp\/v2\/media\/30416"}],"wp:attachment":[{"href":"https:\/\/interamerica.org\/es\/wp-json\/wp\/v2\/media?parent=30415"}],"wp:term":[{"taxonomy":"category","embeddable":true,"href":"https:\/\/interamerica.org\/es\/wp-json\/wp\/v2\/categories?post=30415"},{"taxonomy":"post_tag","embeddable":true,"href":"https:\/\/interamerica.org\/es\/wp-json\/wp\/v2\/tags?post=30415"}],"curies":[{"name":"wp","href":"https:\/\/api.w.org\/{rel}","templated":true}]}}