{"id":30417,"date":"2014-02-01T00:00:00","date_gmt":"2014-02-01T04:00:00","guid":{"rendered":"http:\/\/192.81.217.108\/interamerica\/2014\/02\/un-ano-en-mision\/"},"modified":"2017-06-26T17:45:59","modified_gmt":"2017-06-26T21:45:59","slug":"un-ano-en-mision","status":"publish","type":"post","link":"https:\/\/interamerica.org\/es\/2014\/02\/un-ano-en-mision\/","title":{"rendered":"Un a\u00f1o en misi\u00f3n"},"content":{"rendered":"<p>J\u00f3venes en representaci\u00f3n de las regiones eclesi\u00e1sticas de Interam\u00e9rica posan hacen unas semanas para una fotograf\u00eda grupal con los l\u00edderes de ministerios j\u00f3venes de la Divisi\u00f3n Interamericana, en el comienzo de doce semanas de capacitaci\u00f3n en Ciudad de M\u00e9xico, M\u00e9xico. El grupo es parte de la iniciativa \u00abUn a\u00f1o en misi\u00f3n\u00bb (OYiM) que busca evangelizar esa gran ciudad durante el primer trimestre del a\u00f1o. Los j\u00f3venes evangelistas de OYiM concluir\u00e1n su capacitaci\u00f3n en profec\u00eda, doctrinas b\u00edblicas y evangelismo dentro de dos semanas, y participar\u00e1n de los esfuerzos de evangelizaci\u00f3n a mediados de febrero. Imagen por cortes\u00eda de OYiM Ciudad de M\u00e9xico.<\/p>\n","protected":false},"excerpt":{"rendered":"<p>J\u00f3venes en representaci\u00f3n de las regiones eclesi\u00e1sticas de Interam\u00e9rica posan hacen unas semanas para una fotograf\u00eda grupal con los l\u00edderes de ministerios j\u00f3venes de la Divisi\u00f3n Interamericana, en el comienzo&#8230;<\/p>\n","protected":false},"author":1,"featured_media":0,"comment_status":"closed","ping_status":"closed","sticky":false,"template":"","format":"standard","meta":{"_acf_changed":false,"footnotes":""},"categories":[],"tags":[],"class_list":["post-30417","post","type-post","status-publish","format-standard","hentry"],"acf":[],"yoast_head":"<!-- This site is optimized with the Yoast SEO plugin v27.3 - https:\/\/yoast.com\/product\/yoast-seo-wordpress\/ -->\n<title>Un a\u00f1o en misi\u00f3n - Iglesia Adventista del S\u00e9ptimo D\u00eda - Divisi\u00f3n Interamericana<\/title>\n<meta name=\"robots\" content=\"index, follow, max-snippet:-1, max-image-preview:large, max-video-preview:-1\" \/>\n<link rel=\"canonical\" href=\"https:\/\/interamerica.org\/es\/2014\/02\/un-ano-en-mision\/\" \/>\n<meta property=\"og:locale\" content=\"es_ES\" \/>\n<meta property=\"og:type\" content=\"article\" \/>\n<meta property=\"og:title\" content=\"Un a\u00f1o en misi\u00f3n - Iglesia Adventista del S\u00e9ptimo D\u00eda - Divisi\u00f3n Interamericana\" \/>\n<meta property=\"og:description\" content=\"J\u00f3venes en representaci\u00f3n de las regiones eclesi\u00e1sticas de Interam\u00e9rica posan hacen unas semanas para una fotograf\u00eda grupal con los l\u00edderes de ministerios j\u00f3venes de la Divisi\u00f3n Interamericana, en el comienzo...\" \/>\n<meta property=\"og:url\" content=\"https:\/\/interamerica.org\/es\/2014\/02\/un-ano-en-mision\/\" \/>\n<meta property=\"og:site_name\" content=\"Iglesia Adventista del S\u00e9ptimo D\u00eda - Divisi\u00f3n Interamericana\" \/>\n<meta property=\"article:published_time\" content=\"2014-02-01T04:00:00+00:00\" \/>\n<meta property=\"article:modified_time\" content=\"2017-06-26T21:45:59+00:00\" \/>\n<meta name=\"author\" content=\"Lorenzo Verduzco\" \/>\n<meta name=\"twitter:card\" content=\"summary_large_image\" \/>\n<meta name=\"twitter:label1\" content=\"Escrito por\" \/>\n\t<meta name=\"twitter:data1\" content=\"Lorenzo Verduzco\" \/>\n\t<meta name=\"twitter:label2\" content=\"Tiempo de lectura\" \/>\n\t<meta name=\"twitter:data2\" content=\"1 minuto\" \/>\n<script type=\"application\/ld+json\" class=\"yoast-schema-graph\">{\"@context\":\"https:\\\/\\\/schema.org\",\"@graph\":[{\"@type\":\"Article\",\"@id\":\"https:\\\/\\\/interamerica.org\\\/es\\\/2014\\\/02\\\/un-ano-en-mision\\\/#article\",\"isPartOf\":{\"@id\":\"https:\\\/\\\/interamerica.org\\\/es\\\/2014\\\/02\\\/un-ano-en-mision\\\/\"},\"author\":{\"name\":\"Lorenzo Verduzco\",\"@id\":\"https:\\\/\\\/interamerica.org\\\/es\\\/#\\\/schema\\\/person\\\/68ede8bdc292885bb76c1e3810e73c39\"},\"headline\":\"Un a\u00f1o en misi\u00f3n\",\"datePublished\":\"2014-02-01T04:00:00+00:00\",\"dateModified\":\"2017-06-26T21:45:59+00:00\",\"mainEntityOfPage\":{\"@id\":\"https:\\\/\\\/interamerica.org\\\/es\\\/2014\\\/02\\\/un-ano-en-mision\\\/\"},\"wordCount\":130,\"inLanguage\":\"es\"},{\"@type\":\"WebPage\",\"@id\":\"https:\\\/\\\/interamerica.org\\\/es\\\/2014\\\/02\\\/un-ano-en-mision\\\/\",\"url\":\"https:\\\/\\\/interamerica.org\\\/es\\\/2014\\\/02\\\/un-ano-en-mision\\\/\",\"name\":\"Un a\u00f1o en misi\u00f3n - Iglesia Adventista del S\u00e9ptimo D\u00eda - Divisi\u00f3n Interamericana\",\"isPartOf\":{\"@id\":\"https:\\\/\\\/interamerica.org\\\/es\\\/#website\"},\"datePublished\":\"2014-02-01T04:00:00+00:00\",\"dateModified\":\"2017-06-26T21:45:59+00:00\",\"author\":{\"@id\":\"https:\\\/\\\/interamerica.org\\\/es\\\/#\\\/schema\\\/person\\\/68ede8bdc292885bb76c1e3810e73c39\"},\"breadcrumb\":{\"@id\":\"https:\\\/\\\/interamerica.org\\\/es\\\/2014\\\/02\\\/un-ano-en-mision\\\/#breadcrumb\"},\"inLanguage\":\"es\",\"potentialAction\":[{\"@type\":\"ReadAction\",\"target\":[\"https:\\\/\\\/interamerica.org\\\/es\\\/2014\\\/02\\\/un-ano-en-mision\\\/\"]}]},{\"@type\":\"BreadcrumbList\",\"@id\":\"https:\\\/\\\/interamerica.org\\\/es\\\/2014\\\/02\\\/un-ano-en-mision\\\/#breadcrumb\",\"itemListElement\":[{\"@type\":\"ListItem\",\"position\":1,\"name\":\"Home\",\"item\":\"https:\\\/\\\/interamerica.org\\\/es\\\/\"},{\"@type\":\"ListItem\",\"position\":2,\"name\":\"Un a\u00f1o en misi\u00f3n\"}]},{\"@type\":\"WebSite\",\"@id\":\"https:\\\/\\\/interamerica.org\\\/es\\\/#website\",\"url\":\"https:\\\/\\\/interamerica.org\\\/es\\\/\",\"name\":\"Iglesia Adventista del S\u00e9ptimo D\u00eda - Divisi\u00f3n Interamericana\",\"description\":\"\",\"potentialAction\":[{\"@type\":\"SearchAction\",\"target\":{\"@type\":\"EntryPoint\",\"urlTemplate\":\"https:\\\/\\\/interamerica.org\\\/es\\\/?s={search_term_string}\"},\"query-input\":{\"@type\":\"PropertyValueSpecification\",\"valueRequired\":true,\"valueName\":\"search_term_string\"}}],\"inLanguage\":\"es\"},{\"@type\":\"Person\",\"@id\":\"https:\\\/\\\/interamerica.org\\\/es\\\/#\\\/schema\\\/person\\\/68ede8bdc292885bb76c1e3810e73c39\",\"name\":\"Lorenzo Verduzco\",\"image\":{\"@type\":\"ImageObject\",\"inLanguage\":\"es\",\"@id\":\"https:\\\/\\\/secure.gravatar.com\\\/avatar\\\/fb81a55b6218459490a9c1dc841a34909185b81904c5337b4b27f7a6fd60c49e?s=96&d=mm&r=g\",\"url\":\"https:\\\/\\\/secure.gravatar.com\\\/avatar\\\/fb81a55b6218459490a9c1dc841a34909185b81904c5337b4b27f7a6fd60c49e?s=96&d=mm&r=g\",\"contentUrl\":\"https:\\\/\\\/secure.gravatar.com\\\/avatar\\\/fb81a55b6218459490a9c1dc841a34909185b81904c5337b4b27f7a6fd60c49e?s=96&d=mm&r=g\",\"caption\":\"Lorenzo Verduzco\"}}]}<\/script>\n<!-- \/ Yoast SEO plugin. -->","yoast_head_json":{"title":"Un a\u00f1o en misi\u00f3n - Iglesia Adventista del S\u00e9ptimo D\u00eda - Divisi\u00f3n Interamericana","robots":{"index":"index","follow":"follow","max-snippet":"max-snippet:-1","max-image-preview":"max-image-preview:large","max-video-preview":"max-video-preview:-1"},"canonical":"https:\/\/interamerica.org\/es\/2014\/02\/un-ano-en-mision\/","og_locale":"es_ES","og_type":"article","og_title":"Un a\u00f1o en misi\u00f3n - Iglesia Adventista del S\u00e9ptimo D\u00eda - Divisi\u00f3n Interamericana","og_description":"J\u00f3venes en representaci\u00f3n de las regiones eclesi\u00e1sticas de Interam\u00e9rica posan hacen unas semanas para una fotograf\u00eda grupal con los l\u00edderes de ministerios j\u00f3venes de la Divisi\u00f3n Interamericana, en el comienzo...","og_url":"https:\/\/interamerica.org\/es\/2014\/02\/un-ano-en-mision\/","og_site_name":"Iglesia Adventista del S\u00e9ptimo D\u00eda - Divisi\u00f3n Interamericana","article_published_time":"2014-02-01T04:00:00+00:00","article_modified_time":"2017-06-26T21:45:59+00:00","author":"Lorenzo Verduzco","twitter_card":"summary_large_image","twitter_misc":{"Escrito por":"Lorenzo Verduzco","Tiempo de lectura":"1 minuto"},"schema":{"@context":"https:\/\/schema.org","@graph":[{"@type":"Article","@id":"https:\/\/interamerica.org\/es\/2014\/02\/un-ano-en-mision\/#article","isPartOf":{"@id":"https:\/\/interamerica.org\/es\/2014\/02\/un-ano-en-mision\/"},"author":{"name":"Lorenzo Verduzco","@id":"https:\/\/interamerica.org\/es\/#\/schema\/person\/68ede8bdc292885bb76c1e3810e73c39"},"headline":"Un a\u00f1o en misi\u00f3n","datePublished":"2014-02-01T04:00:00+00:00","dateModified":"2017-06-26T21:45:59+00:00","mainEntityOfPage":{"@id":"https:\/\/interamerica.org\/es\/2014\/02\/un-ano-en-mision\/"},"wordCount":130,"inLanguage":"es"},{"@type":"WebPage","@id":"https:\/\/interamerica.org\/es\/2014\/02\/un-ano-en-mision\/","url":"https:\/\/interamerica.org\/es\/2014\/02\/un-ano-en-mision\/","name":"Un a\u00f1o en misi\u00f3n - Iglesia Adventista del S\u00e9ptimo D\u00eda - Divisi\u00f3n Interamericana","isPartOf":{"@id":"https:\/\/interamerica.org\/es\/#website"},"datePublished":"2014-02-01T04:00:00+00:00","dateModified":"2017-06-26T21:45:59+00:00","author":{"@id":"https:\/\/interamerica.org\/es\/#\/schema\/person\/68ede8bdc292885bb76c1e3810e73c39"},"breadcrumb":{"@id":"https:\/\/interamerica.org\/es\/2014\/02\/un-ano-en-mision\/#breadcrumb"},"inLanguage":"es","potentialAction":[{"@type":"ReadAction","target":["https:\/\/interamerica.org\/es\/2014\/02\/un-ano-en-mision\/"]}]},{"@type":"BreadcrumbList","@id":"https:\/\/interamerica.org\/es\/2014\/02\/un-ano-en-mision\/#breadcrumb","itemListElement":[{"@type":"ListItem","position":1,"name":"Home","item":"https:\/\/interamerica.org\/es\/"},{"@type":"ListItem","position":2,"name":"Un a\u00f1o en misi\u00f3n"}]},{"@type":"WebSite","@id":"https:\/\/interamerica.org\/es\/#website","url":"https:\/\/interamerica.org\/es\/","name":"Iglesia Adventista del S\u00e9ptimo D\u00eda - Divisi\u00f3n Interamericana","description":"","potentialAction":[{"@type":"SearchAction","target":{"@type":"EntryPoint","urlTemplate":"https:\/\/interamerica.org\/es\/?s={search_term_string}"},"query-input":{"@type":"PropertyValueSpecification","valueRequired":true,"valueName":"search_term_string"}}],"inLanguage":"es"},{"@type":"Person","@id":"https:\/\/interamerica.org\/es\/#\/schema\/person\/68ede8bdc292885bb76c1e3810e73c39","name":"Lorenzo Verduzco","image":{"@type":"ImageObject","inLanguage":"es","@id":"https:\/\/secure.gravatar.com\/avatar\/fb81a55b6218459490a9c1dc841a34909185b81904c5337b4b27f7a6fd60c49e?s=96&d=mm&r=g","url":"https:\/\/secure.gravatar.com\/avatar\/fb81a55b6218459490a9c1dc841a34909185b81904c5337b4b27f7a6fd60c49e?s=96&d=mm&r=g","contentUrl":"https:\/\/secure.gravatar.com\/avatar\/fb81a55b6218459490a9c1dc841a34909185b81904c5337b4b27f7a6fd60c49e?s=96&d=mm&r=g","caption":"Lorenzo Verduzco"}}]}},"_links":{"self":[{"href":"https:\/\/interamerica.org\/es\/wp-json\/wp\/v2\/posts\/30417","targetHints":{"allow":["GET"]}}],"collection":[{"href":"https:\/\/interamerica.org\/es\/wp-json\/wp\/v2\/posts"}],"about":[{"href":"https:\/\/interamerica.org\/es\/wp-json\/wp\/v2\/types\/post"}],"author":[{"embeddable":true,"href":"https:\/\/interamerica.org\/es\/wp-json\/wp\/v2\/users\/1"}],"replies":[{"embeddable":true,"href":"https:\/\/interamerica.org\/es\/wp-json\/wp\/v2\/comments?post=30417"}],"version-history":[{"count":0,"href":"https:\/\/interamerica.org\/es\/wp-json\/wp\/v2\/posts\/30417\/revisions"}],"wp:attachment":[{"href":"https:\/\/interamerica.org\/es\/wp-json\/wp\/v2\/media?parent=30417"}],"wp:term":[{"taxonomy":"category","embeddable":true,"href":"https:\/\/interamerica.org\/es\/wp-json\/wp\/v2\/categories?post=30417"},{"taxonomy":"post_tag","embeddable":true,"href":"https:\/\/interamerica.org\/es\/wp-json\/wp\/v2\/tags?post=30417"}],"curies":[{"name":"wp","href":"https:\/\/api.w.org\/{rel}","templated":true}]}}