{"id":30419,"date":"2014-02-01T00:00:00","date_gmt":"2014-02-01T04:00:00","guid":{"rendered":"http:\/\/192.81.217.108\/interamerica\/2014\/02\/erupciones-volcanicas-paralizan-comunidades-montanosas-de-sumatra-septentrional\/"},"modified":"2014-02-01T00:00:00","modified_gmt":"2014-02-01T04:00:00","slug":"erupciones-volcanicas-paralizan-comunidades-montanosas-de-sumatra-septentrional","status":"publish","type":"post","link":"https:\/\/interamerica.org\/es\/2014\/02\/erupciones-volcanicas-paralizan-comunidades-montanosas-de-sumatra-septentrional\/","title":{"rendered":"Erupciones volc\u00e1nicas paralizan comunidades monta\u00f1osas de Sumatra Septentrional"},"content":{"rendered":"<p>January 30, 2014 &#8211; Silver Spring, Maryland, United States&#8230;ANN staff<\/p>\n<div id=\"attachment_10511\" style=\"width: 310px\" class=\"wp-caption alignright\"><a href=\"\/interamerica\/wp-content\/uploads\/2017\/06\/csm_volcano-web_cc0455cd10.jpg\" rel=\"fancybox\" title=\"Erupciones volc\u00e1nicas paralizan comunidades monta\u00f1osas de Sumatra Septentrional\"><img fetchpriority=\"high\" decoding=\"async\" aria-describedby=\"caption-attachment-10511\" class=\"size-medium wp-image-10511\" src=\"\/interamerica\/wp-content\/uploads\/2017\/06\/csm_volcano-web_cc0455cd10-300x224.jpg\" alt=\"\" width=\"300\" height=\"224\" \/><\/a><p id=\"caption-attachment-10511\" class=\"wp-caption-text\">Joseph Peranginangin, presidente de la Uni\u00f3n Misi\u00f3n de Indonesia Occidental de la Iglesia Adventista, visita Berastepu, una aldea de la provincia indonesia de Sumatra Septentrional, donde las tierras de labranza de los adventistas fueron destruidas por las cenizas volc\u00e1nicas. Al fondo, el Monte Sinabang ha estado en erupci\u00f3n todo el mes. Imagen por cortes\u00eda de la Divisi\u00f3n de Asia Pac\u00edfico Sur\/ANN<\/p><\/div>\n<p>Las escuelas adventistas de Indonesia Occidental se encuentran entre las instituciones que est\u00e1n haciendo las veces de refugios como resultado de una serie de importantes erupciones volc\u00e1nicas que desplazaron a m\u00e1s de 25 mil personas y dejaron sumergidas en ceniza y lodo las aldeas cercanas.<\/p>\n<p>El Monte Sinabung, en Sumatra Septentrional, erupcion\u00f3 varias veces durante la semana pasada, vomitando lava, cenizas volc\u00e1nicas y gases hasta una altura de cinco mil metros y afectando a las comunidades aun fuera de la zona de peligro establecida en las cercan\u00edas del volc\u00e1n.<\/p>\n<p>La monta\u00f1a ha estado en erupciones intermitentes desde septiembre, pero las actividades se han intensificado este \u00faltimo mes. Fuentes locales dicen que la lava ha fluido continuamente desde mediados de enero, y que en una semana se informaron m\u00e1s de doscientas erupciones.<\/p>\n<p>Tres de las 37 iglesias adventistas cerca del Monte Sinabung soportaron los da\u00f1os en la \u00faltima serie de erupciones, afirmaron los l\u00edderes locales.<\/p>\n<p>\u00abCon erupciones continuas, la evaluaci\u00f3n de los da\u00f1os no es una opci\u00f3n, por lo que es dif\u00edcil determinar el alcance de los da\u00f1os a las iglesias y los hogares\u00bb, dijo el pastor adventista Trisawaty Sinuhaji.<\/p>\n<p>Las escuelas adventistas de Sumbul Kaban Jahe est\u00e1n acomodando unas setecientas personas desplazadas. Los l\u00edderes dijeron que se necesitan con urgencia medicamentos, mantas, prendas de vestir y agua potable.<\/p>\n<p>Las iglesias adventistas de Indonesia Occidental recolectaron ofrendas el pasado 25 de enero para ayudar a las familias desplazadas por la erupci\u00f3n. Tambi\u00e9n se destinar\u00e1n ofrendas a los afectados hace algunas semanas por las inundaciones en Yakarta y Manado.<\/p>\n<p>El Monte Sinabung es uno de los 130 volcanes activos de Indonesia. Antes de 2010, el volc\u00e1n hab\u00eda estado inactivo durante siglos.<\/p>\n<p><em>Traducci\u00f3n de Marcos Paseggi<\/em><\/p>\n","protected":false},"excerpt":{"rendered":"<p>Las escuelas adventistas de Indonesia Occidental se encuentran entre las instituciones que est\u00e1n haciendo las veces de refugios como resultado de una serie de importantes erupciones volc\u00e1nicas que desplazaron a m\u00e1s de 25 mil personas y dejaron sumergidas en ceniza y lodo las aldeas cercanas.<\/p>\n","protected":false},"author":1,"featured_media":22535,"comment_status":"closed","ping_status":"closed","sticky":false,"template":"","format":"standard","meta":{"_acf_changed":false,"footnotes":""},"categories":[14],"tags":[],"class_list":["post-30419","post","type-post","status-publish","format-standard","has-post-thumbnail","hentry","category-de-la-iglesia-mundial"],"acf":[],"yoast_head":"<!-- This site is optimized with the Yoast SEO plugin v27.3 - https:\/\/yoast.com\/product\/yoast-seo-wordpress\/ -->\n<title>Erupciones volc\u00e1nicas paralizan comunidades monta\u00f1osas de Sumatra Septentrional - Iglesia Adventista del S\u00e9ptimo D\u00eda - Divisi\u00f3n Interamericana<\/title>\n<meta name=\"robots\" content=\"index, follow, max-snippet:-1, max-image-preview:large, max-video-preview:-1\" \/>\n<link rel=\"canonical\" href=\"https:\/\/interamerica.org\/es\/2014\/02\/erupciones-volcanicas-paralizan-comunidades-montanosas-de-sumatra-septentrional\/\" \/>\n<meta property=\"og:locale\" content=\"es_ES\" \/>\n<meta property=\"og:type\" content=\"article\" \/>\n<meta property=\"og:title\" content=\"Erupciones volc\u00e1nicas paralizan comunidades monta\u00f1osas de Sumatra Septentrional - Iglesia Adventista del S\u00e9ptimo D\u00eda - Divisi\u00f3n Interamericana\" \/>\n<meta property=\"og:description\" content=\"Las escuelas adventistas de Indonesia Occidental se encuentran entre las instituciones que est\u00e1n haciendo las veces de refugios como resultado de una serie de importantes erupciones volc\u00e1nicas que desplazaron a m\u00e1s de 25 mil personas y dejaron sumergidas en ceniza y lodo las aldeas cercanas.\" \/>\n<meta property=\"og:url\" content=\"https:\/\/interamerica.org\/es\/2014\/02\/erupciones-volcanicas-paralizan-comunidades-montanosas-de-sumatra-septentrional\/\" \/>\n<meta property=\"og:site_name\" content=\"Iglesia Adventista del S\u00e9ptimo D\u00eda - Divisi\u00f3n Interamericana\" \/>\n<meta property=\"article:published_time\" content=\"2014-02-01T04:00:00+00:00\" \/>\n<meta property=\"og:image\" content=\"https:\/\/interamerica.org\/wp-content\/uploads\/2017\/06\/csm_volcano-web_cc0455cd10.jpg\" \/>\n\t<meta property=\"og:image:width\" content=\"400\" \/>\n\t<meta property=\"og:image:height\" content=\"299\" \/>\n\t<meta property=\"og:image:type\" content=\"image\/jpeg\" \/>\n<meta name=\"author\" content=\"Lorenzo Verduzco\" \/>\n<meta name=\"twitter:card\" content=\"summary_large_image\" \/>\n<meta name=\"twitter:label1\" content=\"Escrito por\" \/>\n\t<meta name=\"twitter:data1\" content=\"Lorenzo Verduzco\" \/>\n\t<meta name=\"twitter:label2\" content=\"Tiempo de lectura\" \/>\n\t<meta name=\"twitter:data2\" content=\"2 minutos\" \/>\n<script type=\"application\/ld+json\" class=\"yoast-schema-graph\">{\"@context\":\"https:\\\/\\\/schema.org\",\"@graph\":[{\"@type\":\"Article\",\"@id\":\"https:\\\/\\\/interamerica.org\\\/es\\\/2014\\\/02\\\/erupciones-volcanicas-paralizan-comunidades-montanosas-de-sumatra-septentrional\\\/#article\",\"isPartOf\":{\"@id\":\"https:\\\/\\\/interamerica.org\\\/es\\\/2014\\\/02\\\/erupciones-volcanicas-paralizan-comunidades-montanosas-de-sumatra-septentrional\\\/\"},\"author\":{\"name\":\"Lorenzo Verduzco\",\"@id\":\"https:\\\/\\\/interamerica.org\\\/es\\\/#\\\/schema\\\/person\\\/68ede8bdc292885bb76c1e3810e73c39\"},\"headline\":\"Erupciones volc\u00e1nicas paralizan comunidades monta\u00f1osas de Sumatra Septentrional\",\"datePublished\":\"2014-02-01T04:00:00+00:00\",\"mainEntityOfPage\":{\"@id\":\"https:\\\/\\\/interamerica.org\\\/es\\\/2014\\\/02\\\/erupciones-volcanicas-paralizan-comunidades-montanosas-de-sumatra-septentrional\\\/\"},\"wordCount\":396,\"image\":{\"@id\":\"https:\\\/\\\/interamerica.org\\\/es\\\/2014\\\/02\\\/erupciones-volcanicas-paralizan-comunidades-montanosas-de-sumatra-septentrional\\\/#primaryimage\"},\"thumbnailUrl\":\"https:\\\/\\\/interamerica.org\\\/wp-content\\\/uploads\\\/2017\\\/06\\\/csm_volcano-web_cc0455cd10.jpg\",\"articleSection\":[\"Desde la iglesia mundial\"],\"inLanguage\":\"es\"},{\"@type\":\"WebPage\",\"@id\":\"https:\\\/\\\/interamerica.org\\\/es\\\/2014\\\/02\\\/erupciones-volcanicas-paralizan-comunidades-montanosas-de-sumatra-septentrional\\\/\",\"url\":\"https:\\\/\\\/interamerica.org\\\/es\\\/2014\\\/02\\\/erupciones-volcanicas-paralizan-comunidades-montanosas-de-sumatra-septentrional\\\/\",\"name\":\"Erupciones volc\u00e1nicas paralizan comunidades monta\u00f1osas de Sumatra Septentrional - Iglesia Adventista del S\u00e9ptimo D\u00eda - Divisi\u00f3n Interamericana\",\"isPartOf\":{\"@id\":\"https:\\\/\\\/interamerica.org\\\/es\\\/#website\"},\"primaryImageOfPage\":{\"@id\":\"https:\\\/\\\/interamerica.org\\\/es\\\/2014\\\/02\\\/erupciones-volcanicas-paralizan-comunidades-montanosas-de-sumatra-septentrional\\\/#primaryimage\"},\"image\":{\"@id\":\"https:\\\/\\\/interamerica.org\\\/es\\\/2014\\\/02\\\/erupciones-volcanicas-paralizan-comunidades-montanosas-de-sumatra-septentrional\\\/#primaryimage\"},\"thumbnailUrl\":\"https:\\\/\\\/interamerica.org\\\/wp-content\\\/uploads\\\/2017\\\/06\\\/csm_volcano-web_cc0455cd10.jpg\",\"datePublished\":\"2014-02-01T04:00:00+00:00\",\"author\":{\"@id\":\"https:\\\/\\\/interamerica.org\\\/es\\\/#\\\/schema\\\/person\\\/68ede8bdc292885bb76c1e3810e73c39\"},\"breadcrumb\":{\"@id\":\"https:\\\/\\\/interamerica.org\\\/es\\\/2014\\\/02\\\/erupciones-volcanicas-paralizan-comunidades-montanosas-de-sumatra-septentrional\\\/#breadcrumb\"},\"inLanguage\":\"es\",\"potentialAction\":[{\"@type\":\"ReadAction\",\"target\":[\"https:\\\/\\\/interamerica.org\\\/es\\\/2014\\\/02\\\/erupciones-volcanicas-paralizan-comunidades-montanosas-de-sumatra-septentrional\\\/\"]}]},{\"@type\":\"ImageObject\",\"inLanguage\":\"es\",\"@id\":\"https:\\\/\\\/interamerica.org\\\/es\\\/2014\\\/02\\\/erupciones-volcanicas-paralizan-comunidades-montanosas-de-sumatra-septentrional\\\/#primaryimage\",\"url\":\"https:\\\/\\\/interamerica.org\\\/wp-content\\\/uploads\\\/2017\\\/06\\\/csm_volcano-web_cc0455cd10.jpg\",\"contentUrl\":\"https:\\\/\\\/interamerica.org\\\/wp-content\\\/uploads\\\/2017\\\/06\\\/csm_volcano-web_cc0455cd10.jpg\",\"width\":400,\"height\":299},{\"@type\":\"BreadcrumbList\",\"@id\":\"https:\\\/\\\/interamerica.org\\\/es\\\/2014\\\/02\\\/erupciones-volcanicas-paralizan-comunidades-montanosas-de-sumatra-septentrional\\\/#breadcrumb\",\"itemListElement\":[{\"@type\":\"ListItem\",\"position\":1,\"name\":\"Home\",\"item\":\"https:\\\/\\\/interamerica.org\\\/es\\\/\"},{\"@type\":\"ListItem\",\"position\":2,\"name\":\"Erupciones volc\u00e1nicas paralizan comunidades monta\u00f1osas de Sumatra Septentrional\"}]},{\"@type\":\"WebSite\",\"@id\":\"https:\\\/\\\/interamerica.org\\\/es\\\/#website\",\"url\":\"https:\\\/\\\/interamerica.org\\\/es\\\/\",\"name\":\"Iglesia Adventista del S\u00e9ptimo D\u00eda - Divisi\u00f3n Interamericana\",\"description\":\"\",\"potentialAction\":[{\"@type\":\"SearchAction\",\"target\":{\"@type\":\"EntryPoint\",\"urlTemplate\":\"https:\\\/\\\/interamerica.org\\\/es\\\/?s={search_term_string}\"},\"query-input\":{\"@type\":\"PropertyValueSpecification\",\"valueRequired\":true,\"valueName\":\"search_term_string\"}}],\"inLanguage\":\"es\"},{\"@type\":\"Person\",\"@id\":\"https:\\\/\\\/interamerica.org\\\/es\\\/#\\\/schema\\\/person\\\/68ede8bdc292885bb76c1e3810e73c39\",\"name\":\"Lorenzo Verduzco\",\"image\":{\"@type\":\"ImageObject\",\"inLanguage\":\"es\",\"@id\":\"https:\\\/\\\/secure.gravatar.com\\\/avatar\\\/fb81a55b6218459490a9c1dc841a34909185b81904c5337b4b27f7a6fd60c49e?s=96&d=mm&r=g\",\"url\":\"https:\\\/\\\/secure.gravatar.com\\\/avatar\\\/fb81a55b6218459490a9c1dc841a34909185b81904c5337b4b27f7a6fd60c49e?s=96&d=mm&r=g\",\"contentUrl\":\"https:\\\/\\\/secure.gravatar.com\\\/avatar\\\/fb81a55b6218459490a9c1dc841a34909185b81904c5337b4b27f7a6fd60c49e?s=96&d=mm&r=g\",\"caption\":\"Lorenzo Verduzco\"}}]}<\/script>\n<!-- \/ Yoast SEO plugin. -->","yoast_head_json":{"title":"Erupciones volc\u00e1nicas paralizan comunidades monta\u00f1osas de Sumatra Septentrional - Iglesia Adventista del S\u00e9ptimo D\u00eda - Divisi\u00f3n Interamericana","robots":{"index":"index","follow":"follow","max-snippet":"max-snippet:-1","max-image-preview":"max-image-preview:large","max-video-preview":"max-video-preview:-1"},"canonical":"https:\/\/interamerica.org\/es\/2014\/02\/erupciones-volcanicas-paralizan-comunidades-montanosas-de-sumatra-septentrional\/","og_locale":"es_ES","og_type":"article","og_title":"Erupciones volc\u00e1nicas paralizan comunidades monta\u00f1osas de Sumatra Septentrional - Iglesia Adventista del S\u00e9ptimo D\u00eda - Divisi\u00f3n Interamericana","og_description":"Las escuelas adventistas de Indonesia Occidental se encuentran entre las instituciones que est\u00e1n haciendo las veces de refugios como resultado de una serie de importantes erupciones volc\u00e1nicas que desplazaron a m\u00e1s de 25 mil personas y dejaron sumergidas en ceniza y lodo las aldeas cercanas.","og_url":"https:\/\/interamerica.org\/es\/2014\/02\/erupciones-volcanicas-paralizan-comunidades-montanosas-de-sumatra-septentrional\/","og_site_name":"Iglesia Adventista del S\u00e9ptimo D\u00eda - Divisi\u00f3n Interamericana","article_published_time":"2014-02-01T04:00:00+00:00","og_image":[{"width":400,"height":299,"url":"https:\/\/interamerica.org\/wp-content\/uploads\/2017\/06\/csm_volcano-web_cc0455cd10.jpg","type":"image\/jpeg"}],"author":"Lorenzo Verduzco","twitter_card":"summary_large_image","twitter_misc":{"Escrito por":"Lorenzo Verduzco","Tiempo de lectura":"2 minutos"},"schema":{"@context":"https:\/\/schema.org","@graph":[{"@type":"Article","@id":"https:\/\/interamerica.org\/es\/2014\/02\/erupciones-volcanicas-paralizan-comunidades-montanosas-de-sumatra-septentrional\/#article","isPartOf":{"@id":"https:\/\/interamerica.org\/es\/2014\/02\/erupciones-volcanicas-paralizan-comunidades-montanosas-de-sumatra-septentrional\/"},"author":{"name":"Lorenzo Verduzco","@id":"https:\/\/interamerica.org\/es\/#\/schema\/person\/68ede8bdc292885bb76c1e3810e73c39"},"headline":"Erupciones volc\u00e1nicas paralizan comunidades monta\u00f1osas de Sumatra Septentrional","datePublished":"2014-02-01T04:00:00+00:00","mainEntityOfPage":{"@id":"https:\/\/interamerica.org\/es\/2014\/02\/erupciones-volcanicas-paralizan-comunidades-montanosas-de-sumatra-septentrional\/"},"wordCount":396,"image":{"@id":"https:\/\/interamerica.org\/es\/2014\/02\/erupciones-volcanicas-paralizan-comunidades-montanosas-de-sumatra-septentrional\/#primaryimage"},"thumbnailUrl":"https:\/\/interamerica.org\/wp-content\/uploads\/2017\/06\/csm_volcano-web_cc0455cd10.jpg","articleSection":["Desde la iglesia mundial"],"inLanguage":"es"},{"@type":"WebPage","@id":"https:\/\/interamerica.org\/es\/2014\/02\/erupciones-volcanicas-paralizan-comunidades-montanosas-de-sumatra-septentrional\/","url":"https:\/\/interamerica.org\/es\/2014\/02\/erupciones-volcanicas-paralizan-comunidades-montanosas-de-sumatra-septentrional\/","name":"Erupciones volc\u00e1nicas paralizan comunidades monta\u00f1osas de Sumatra Septentrional - Iglesia Adventista del S\u00e9ptimo D\u00eda - Divisi\u00f3n Interamericana","isPartOf":{"@id":"https:\/\/interamerica.org\/es\/#website"},"primaryImageOfPage":{"@id":"https:\/\/interamerica.org\/es\/2014\/02\/erupciones-volcanicas-paralizan-comunidades-montanosas-de-sumatra-septentrional\/#primaryimage"},"image":{"@id":"https:\/\/interamerica.org\/es\/2014\/02\/erupciones-volcanicas-paralizan-comunidades-montanosas-de-sumatra-septentrional\/#primaryimage"},"thumbnailUrl":"https:\/\/interamerica.org\/wp-content\/uploads\/2017\/06\/csm_volcano-web_cc0455cd10.jpg","datePublished":"2014-02-01T04:00:00+00:00","author":{"@id":"https:\/\/interamerica.org\/es\/#\/schema\/person\/68ede8bdc292885bb76c1e3810e73c39"},"breadcrumb":{"@id":"https:\/\/interamerica.org\/es\/2014\/02\/erupciones-volcanicas-paralizan-comunidades-montanosas-de-sumatra-septentrional\/#breadcrumb"},"inLanguage":"es","potentialAction":[{"@type":"ReadAction","target":["https:\/\/interamerica.org\/es\/2014\/02\/erupciones-volcanicas-paralizan-comunidades-montanosas-de-sumatra-septentrional\/"]}]},{"@type":"ImageObject","inLanguage":"es","@id":"https:\/\/interamerica.org\/es\/2014\/02\/erupciones-volcanicas-paralizan-comunidades-montanosas-de-sumatra-septentrional\/#primaryimage","url":"https:\/\/interamerica.org\/wp-content\/uploads\/2017\/06\/csm_volcano-web_cc0455cd10.jpg","contentUrl":"https:\/\/interamerica.org\/wp-content\/uploads\/2017\/06\/csm_volcano-web_cc0455cd10.jpg","width":400,"height":299},{"@type":"BreadcrumbList","@id":"https:\/\/interamerica.org\/es\/2014\/02\/erupciones-volcanicas-paralizan-comunidades-montanosas-de-sumatra-septentrional\/#breadcrumb","itemListElement":[{"@type":"ListItem","position":1,"name":"Home","item":"https:\/\/interamerica.org\/es\/"},{"@type":"ListItem","position":2,"name":"Erupciones volc\u00e1nicas paralizan comunidades monta\u00f1osas de Sumatra Septentrional"}]},{"@type":"WebSite","@id":"https:\/\/interamerica.org\/es\/#website","url":"https:\/\/interamerica.org\/es\/","name":"Iglesia Adventista del S\u00e9ptimo D\u00eda - Divisi\u00f3n Interamericana","description":"","potentialAction":[{"@type":"SearchAction","target":{"@type":"EntryPoint","urlTemplate":"https:\/\/interamerica.org\/es\/?s={search_term_string}"},"query-input":{"@type":"PropertyValueSpecification","valueRequired":true,"valueName":"search_term_string"}}],"inLanguage":"es"},{"@type":"Person","@id":"https:\/\/interamerica.org\/es\/#\/schema\/person\/68ede8bdc292885bb76c1e3810e73c39","name":"Lorenzo Verduzco","image":{"@type":"ImageObject","inLanguage":"es","@id":"https:\/\/secure.gravatar.com\/avatar\/fb81a55b6218459490a9c1dc841a34909185b81904c5337b4b27f7a6fd60c49e?s=96&d=mm&r=g","url":"https:\/\/secure.gravatar.com\/avatar\/fb81a55b6218459490a9c1dc841a34909185b81904c5337b4b27f7a6fd60c49e?s=96&d=mm&r=g","contentUrl":"https:\/\/secure.gravatar.com\/avatar\/fb81a55b6218459490a9c1dc841a34909185b81904c5337b4b27f7a6fd60c49e?s=96&d=mm&r=g","caption":"Lorenzo Verduzco"}}]}},"_links":{"self":[{"href":"https:\/\/interamerica.org\/es\/wp-json\/wp\/v2\/posts\/30419","targetHints":{"allow":["GET"]}}],"collection":[{"href":"https:\/\/interamerica.org\/es\/wp-json\/wp\/v2\/posts"}],"about":[{"href":"https:\/\/interamerica.org\/es\/wp-json\/wp\/v2\/types\/post"}],"author":[{"embeddable":true,"href":"https:\/\/interamerica.org\/es\/wp-json\/wp\/v2\/users\/1"}],"replies":[{"embeddable":true,"href":"https:\/\/interamerica.org\/es\/wp-json\/wp\/v2\/comments?post=30419"}],"version-history":[{"count":0,"href":"https:\/\/interamerica.org\/es\/wp-json\/wp\/v2\/posts\/30419\/revisions"}],"wp:featuredmedia":[{"embeddable":true,"href":"https:\/\/interamerica.org\/es\/wp-json\/wp\/v2\/media\/22535"}],"wp:attachment":[{"href":"https:\/\/interamerica.org\/es\/wp-json\/wp\/v2\/media?parent=30419"}],"wp:term":[{"taxonomy":"category","embeddable":true,"href":"https:\/\/interamerica.org\/es\/wp-json\/wp\/v2\/categories?post=30419"},{"taxonomy":"post_tag","embeddable":true,"href":"https:\/\/interamerica.org\/es\/wp-json\/wp\/v2\/tags?post=30419"}],"curies":[{"name":"wp","href":"https:\/\/api.w.org\/{rel}","templated":true}]}}