{"id":30420,"date":"2014-02-03T00:00:00","date_gmt":"2014-02-03T04:00:00","guid":{"rendered":"http:\/\/192.81.217.108\/interamerica\/2014\/02\/interamerica-comienza-la-semana-de-oracion-por-internet-para-las-familias-de-los-pastores\/"},"modified":"2014-02-03T00:00:00","modified_gmt":"2014-02-03T04:00:00","slug":"interamerica-comienza-la-semana-de-oracion-por-internet-para-las-familias-de-los-pastores","status":"publish","type":"post","link":"https:\/\/interamerica.org\/es\/2014\/02\/interamerica-comienza-la-semana-de-oracion-por-internet-para-las-familias-de-los-pastores\/","title":{"rendered":"Interam\u00e9rica: Comienza la semana de oraci\u00f3n por internet para las familias de los pastores"},"content":{"rendered":"<div id=\"attachment_10533\" style=\"width: 600px\" class=\"wp-caption aligncenter\"><a href=\"\/interamerica\/wp-content\/uploads\/2017\/06\/PastoralWeekofPrayer.png\" rel=\"fancybox\" title=\"Interam\u00e9rica: Comienza la semana de oraci\u00f3n por internet para las familias de los pastores\"><img fetchpriority=\"high\" decoding=\"async\" aria-describedby=\"caption-attachment-10533\" class=\"size-full wp-image-10533\" src=\"\/interamerica\/wp-content\/uploads\/2017\/06\/PastoralWeekofPrayer.png\" alt=\"\" width=\"590\" height=\"406\" \/><\/a><p id=\"caption-attachment-10533\" class=\"wp-caption-text\">Los l\u00edderes de la Divisi\u00f3n Interamericana inauguran el pasado 31 de enero de 2014 desde Miami, Florida, la primera semana de oraci\u00f3n por internet para las familias de los pastores. Se esperaba que m\u00e1s de 3200 pastores y sus familias en todo el territorio hayan seguido desde sus hogares el programa en vivo y los programas subsiguientes durante la semana. Im\u00e1genes de Libna Stevens\/DIA<\/p><\/div>\n<p>2 de febrero de 2014 \u2013 Miami, Florida, Estados Unidos&#8230;Libna Stevens\/DIA<\/p>\n<p>Interam\u00e9rica dio inicio el pasado 31 de enero a su primera semana de oraci\u00f3n por internet para las miles de familias de los pastores de la Iglesia Adventista en su territorio, desde la sede central de la Divisi\u00f3n Interamericana en Miami, Florida.<\/p>\n<div id=\"attachment_10535\" style=\"width: 325px\" class=\"wp-caption alignleft\"><a href=\"\/interamerica\/wp-content\/uploads\/2017\/06\/Wilsons-online.png\" rel=\"fancybox\" title=\"Interam\u00e9rica: Comienza la semana de oraci\u00f3n por internet para las familias de los pastores\"><img decoding=\"async\" aria-describedby=\"caption-attachment-10535\" class=\"size-full wp-image-10535\" src=\"\/interamerica\/wp-content\/uploads\/2017\/06\/Wilsons-online.png\" alt=\"\" width=\"315\" height=\"206\" \/><\/a><p id=\"caption-attachment-10535\" class=\"wp-caption-text\">El pastor Ted N. C. Wilson, presidente de la Iglesia Adventista, y su esposa Nancy, animaron a los pastores y sus familias de toda la Divisi\u00f3n Interamericana a que permanezcan firmes en el Se\u00f1or y dediquen tiempo a leer y reclamar las promesas de la Palabra de Dios.<\/p><\/div>\n<p>Los l\u00edderes de la iglesia esperaban alcanzar a los hogares de los 3200 pastores del territorio para guardar la unidad de la familia y agradecer a los ministros y sus familias por la incansable obra que llevan a cabo para atender a m\u00e1s de 19 mil iglesias y congregaciones a lo largo y a lo ancho de la Divisi\u00f3n Interamericana.<\/p>\n<p>\u00abNuestro principal objetivo para esta semana de oraci\u00f3n es animar a cada ministro para que contin\u00fae garantizando la salvaci\u00f3n de su familia y la salvaci\u00f3n de los miembros de iglesia\u00bb, expres\u00f3 el doctor Elie Henry, secretario ejecutivo de la iglesia en Interam\u00e9rica, rodeado en el escenario por los directores de la asociaci\u00f3n ministerial, ministerios de familia y SIEMA.<\/p>\n<p>En un mensaje de video pregrabado, el pastor Ted N. C. Wilson, presidente de la Iglesia Adventista mundial, y su esposa Nancy saludaron a los pastores y sus familias y los felicitaron por su dedicaci\u00f3n a esta obra que representa un importante desaf\u00edo.<\/p>\n<p>\u00abAl pensar en la obra fundamental que cada uno de ustedes ha sido llamado a realizar, quiero animarlos para que sigan adelante con el gozo y la fortaleza del Se\u00f1or, recordando siempre la promesa maravillosa del libro de Nehem\u00edas 8:10, que dice: &#8216;No os entristezc\u00e1is, porque el gozo de Jehov\u00e1 es vuestra fuerza'\u00bb.<\/p>\n<p>El pastor Wilson motiv\u00f3 a los pastores y sus familias para que permanezcan firmes en el Se\u00f1or y \u00abdediquen tiempo para leer y reclamar las promesas de la Palabra de Dios, reconsagrarse junto con sus familias, y orar por el reavivamiento y la reforma personal y en la vida de la iglesia\u00bb, expres\u00f3 antes de que \u00e9l y su esposa elevaran sendas oraciones por las familias pastorales.<\/p>\n<div id=\"attachment_10537\" style=\"width: 325px\" class=\"wp-caption alignright\"><a href=\"\/interamerica\/wp-content\/uploads\/2017\/06\/Leito-pastoralfamilyonline.png\" rel=\"fancybox\" title=\"Interam\u00e9rica: Comienza la semana de oraci\u00f3n por internet para las familias de los pastores\"><img decoding=\"async\" aria-describedby=\"caption-attachment-10537\" class=\"size-full wp-image-10537\" src=\"\/interamerica\/wp-content\/uploads\/2017\/06\/Leito-pastoralfamilyonline.png\" alt=\"\" width=\"315\" height=\"231\" \/><\/a><p id=\"caption-attachment-10537\" class=\"wp-caption-text\">El pastor Israel Leito, presidente de la DIA, invit\u00f3 a los pastores a renovar sus compromisos con Dios, renovar su llamado y rededicar sus vidas y familias a Dios durante el programa en l\u00ednea, ante la mirada de sus nietos Xiomara e Israel.<\/p><\/div>\n<p>Durante el mensaje principal, el pastor Israel Leito, presidente de la Iglesia Adventista en Interam\u00e9rica, reflexion\u00f3 en el ministerio de Cristo mientras estuvo en esta tierra y en la gran responsabilidad que tienen los ministros a la hora de ser pastores del pueblo de Dios.<\/p>\n<p>\u00abDios es el l\u00edder supremo y \u00e9l nos usa para el liderazgo de la gente\u00bb, dijo el pastor Leito. \u00abDios espera que seamos l\u00edderes de su pueblo con la misma ternura que \u00e9l lo hizo, con el mismo amor que \u00e9l mostr\u00f3, siempre buscando la salvaci\u00f3n de las personas.<\/p>\n<p>El pastor Leito pidi\u00f3 a los ministros que recuerden que todo \u00ablo que un pastor toca llega a ser parte de su llamado\u00bb. El llamado comienza con los padres, con la gente con quien se relacionan, con la esposa que acepta el mismo llamado, y los ni\u00f1os, que conforman la familia ministerial, y con los miembros de iglesia y la comunidad que lo rodea.<\/p>\n<p>\u00abRenueven su compromiso con Dios, renueven el llamado, sean agradecidos a sus padres, c\u00f3nyuges e hijos, adoren al Se\u00f1or, sirvan a l Se\u00f1or y sean fieles al Se\u00f1or durante esta semana de rededicaci\u00f3n y consagraci\u00f3n a Dios\u00bb, concluy\u00f3 el pastor Leito, rodeado por su nuera Leticia y sus nietos Ebony, Xiomara e Israel.<\/p>\n<div id=\"attachment_10536\" style=\"width: 325px\" class=\"wp-caption alignleft\"><a href=\"\/interamerica\/wp-content\/uploads\/2017\/06\/EbonyLeito.png\" rel=\"fancybox\" title=\"Interam\u00e9rica: Comienza la semana de oraci\u00f3n por internet para las familias de los pastores\"><img loading=\"lazy\" decoding=\"async\" aria-describedby=\"caption-attachment-10536\" class=\"size-full wp-image-10536\" src=\"\/interamerica\/wp-content\/uploads\/2017\/06\/EbonyLeito.png\" alt=\"\" width=\"315\" height=\"195\" \/><\/a><p id=\"caption-attachment-10536\" class=\"wp-caption-text\">Ebony Leito, nieta del pastor Israel Leito, presidente de la Divisi\u00f3n Interamericana, canta durante el programa en l\u00ednea.<\/p><\/div>\n<p>El programa de una hora incluy\u00f3 lecturas b\u00edblicas, plegarias y m\u00fasica.<\/p>\n<p>Los pastores de la Divisi\u00f3n Interamericana ministran a dos, tres, cuatro y hasta en algunos casos a diez congregaciones, dice el pastor H\u00e9ctor S\u00e1nchez, secretario ministerial de la iglesia en Interam\u00e9rica, de maenra que \u00abes importante enfatizar que necesitan hacer un alto para dedicar tiempo a ser alimentados ocmo familia en esta semana especial designada este a\u00f1o\u00bb.<\/p>\n<p>El prop\u00f3sito es animar a cada integrante de la familia pastoral, dijo el pastor Pedro Iglesias, director de ministerios de familia de la Iglesia Adventista en Interam\u00e9rica y uno de los organizadores del evento. \u00abQueremos que las familias se acerquen al Se\u00f1or y fortalezcan sus v\u00ednculos como familia, de manera que puedan brindar un apoyo s\u00f3lido a la iglesia\u00bb.<\/p>\n<p>Los mensajes pregrabados para el resto de la semana de oraci\u00f3n se ocupar\u00e1n de la familia pastoral como un todo, del matrimonio pastoral, del pastor como esposo, de la esposa del pastor, de sus hijos, y de los h\u00e1bitos devocionales de la familia, entre otros temas. Los programas pueden ser vistos y descargados en ingl\u00e9s, espa\u00f1ol y franc\u00e9s en nuestro canal web, presionando\u00a0 <a href=\"http:\/\/webcast.interamerica.org\/schedule\">AQU\u00cd<\/a><\/p>\n<p>Interam\u00e9rica culminar\u00e1 la semana de oraci\u00f3n pastoral con un programa en vivo el pr\u00f3ximo s\u00e1bado 8 de febrero de 2014, a las 16:30, hora de Miami. El programa en vivo ser\u00e1 llevado a cabo en ingl\u00e9s, espa\u00f1ol y franc\u00e9s\u00a0<a href=\"http:\/\/webcast.interamerica.org\/\">AQU\u00cd<\/a><\/p>\n<p>Si desea ver fotograf\u00edas del evento en l\u00ednea del pasado 31 de enero, presione <a href=\"http:\/\/www.flickr.com\/photos\/interamerica\/12279550253\/in\/photostream\/\">AQU\u00cd<\/a><\/p>\n<p><em>Traducci\u00f3n de Marcos Paseggi<\/em><\/p>\n","protected":false},"excerpt":{"rendered":"<p>Interam\u00e9rica dio inicio el pasado 31 de enero a su primera semana de oraci\u00f3n por internet para las miles de familias de los pastores de la Iglesia Adventista en su territorio, desde la sede central de la Divisi\u00f3n Interamericana en Miami, Florida.<\/p>\n","protected":false},"author":1,"featured_media":22540,"comment_status":"closed","ping_status":"closed","sticky":false,"template":"","format":"standard","meta":{"_acf_changed":false,"footnotes":""},"categories":[16],"tags":[],"class_list":["post-30420","post","type-post","status-publish","format-standard","has-post-thumbnail","hentry","category-desde-la-sede"],"acf":[],"yoast_head":"<!-- This site is optimized with the Yoast SEO plugin v27.3 - https:\/\/yoast.com\/product\/yoast-seo-wordpress\/ -->\n<title>Interam\u00e9rica: Comienza la semana de oraci\u00f3n por internet para las familias de los pastores - Iglesia Adventista del S\u00e9ptimo D\u00eda - Divisi\u00f3n Interamericana<\/title>\n<meta name=\"robots\" content=\"index, follow, max-snippet:-1, max-image-preview:large, max-video-preview:-1\" \/>\n<link rel=\"canonical\" href=\"https:\/\/interamerica.org\/es\/2014\/02\/interamerica-comienza-la-semana-de-oracion-por-internet-para-las-familias-de-los-pastores\/\" \/>\n<meta property=\"og:locale\" content=\"es_ES\" \/>\n<meta property=\"og:type\" content=\"article\" \/>\n<meta property=\"og:title\" content=\"Interam\u00e9rica: Comienza la semana de oraci\u00f3n por internet para las familias de los pastores - Iglesia Adventista del S\u00e9ptimo D\u00eda - Divisi\u00f3n Interamericana\" \/>\n<meta property=\"og:description\" content=\"Interam\u00e9rica dio inicio el pasado 31 de enero a su primera semana de oraci\u00f3n por internet para las miles de familias de los pastores de la Iglesia Adventista en su territorio, desde la sede central de la Divisi\u00f3n Interamericana en Miami, Florida.\" \/>\n<meta property=\"og:url\" content=\"https:\/\/interamerica.org\/es\/2014\/02\/interamerica-comienza-la-semana-de-oracion-por-internet-para-las-familias-de-los-pastores\/\" \/>\n<meta property=\"og:site_name\" content=\"Iglesia Adventista del S\u00e9ptimo D\u00eda - Divisi\u00f3n Interamericana\" \/>\n<meta property=\"article:published_time\" content=\"2014-02-03T04:00:00+00:00\" \/>\n<meta property=\"og:image\" content=\"https:\/\/interamerica.org\/wp-content\/uploads\/2017\/06\/OnlineWeekprayerstudio.png\" \/>\n\t<meta property=\"og:image:width\" content=\"315\" \/>\n\t<meta property=\"og:image:height\" content=\"216\" \/>\n\t<meta property=\"og:image:type\" content=\"image\/png\" \/>\n<meta name=\"author\" content=\"Lorenzo Verduzco\" \/>\n<meta name=\"twitter:card\" content=\"summary_large_image\" \/>\n<meta name=\"twitter:label1\" content=\"Escrito por\" \/>\n\t<meta name=\"twitter:data1\" content=\"Lorenzo Verduzco\" \/>\n\t<meta name=\"twitter:label2\" content=\"Tiempo de lectura\" \/>\n\t<meta name=\"twitter:data2\" content=\"5 minutos\" \/>\n<script type=\"application\/ld+json\" class=\"yoast-schema-graph\">{\"@context\":\"https:\\\/\\\/schema.org\",\"@graph\":[{\"@type\":\"Article\",\"@id\":\"https:\\\/\\\/interamerica.org\\\/es\\\/2014\\\/02\\\/interamerica-comienza-la-semana-de-oracion-por-internet-para-las-familias-de-los-pastores\\\/#article\",\"isPartOf\":{\"@id\":\"https:\\\/\\\/interamerica.org\\\/es\\\/2014\\\/02\\\/interamerica-comienza-la-semana-de-oracion-por-internet-para-las-familias-de-los-pastores\\\/\"},\"author\":{\"name\":\"Lorenzo Verduzco\",\"@id\":\"https:\\\/\\\/interamerica.org\\\/es\\\/#\\\/schema\\\/person\\\/68ede8bdc292885bb76c1e3810e73c39\"},\"headline\":\"Interam\u00e9rica: Comienza la semana de oraci\u00f3n por internet para las familias de los pastores\",\"datePublished\":\"2014-02-03T04:00:00+00:00\",\"mainEntityOfPage\":{\"@id\":\"https:\\\/\\\/interamerica.org\\\/es\\\/2014\\\/02\\\/interamerica-comienza-la-semana-de-oracion-por-internet-para-las-familias-de-los-pastores\\\/\"},\"wordCount\":1068,\"image\":{\"@id\":\"https:\\\/\\\/interamerica.org\\\/es\\\/2014\\\/02\\\/interamerica-comienza-la-semana-de-oracion-por-internet-para-las-familias-de-los-pastores\\\/#primaryimage\"},\"thumbnailUrl\":\"https:\\\/\\\/interamerica.org\\\/wp-content\\\/uploads\\\/2017\\\/06\\\/OnlineWeekprayerstudio.png\",\"articleSection\":[\"Desde la sede\"],\"inLanguage\":\"es\"},{\"@type\":\"WebPage\",\"@id\":\"https:\\\/\\\/interamerica.org\\\/es\\\/2014\\\/02\\\/interamerica-comienza-la-semana-de-oracion-por-internet-para-las-familias-de-los-pastores\\\/\",\"url\":\"https:\\\/\\\/interamerica.org\\\/es\\\/2014\\\/02\\\/interamerica-comienza-la-semana-de-oracion-por-internet-para-las-familias-de-los-pastores\\\/\",\"name\":\"Interam\u00e9rica: Comienza la semana de oraci\u00f3n por internet para las familias de los pastores - Iglesia Adventista del S\u00e9ptimo D\u00eda - Divisi\u00f3n Interamericana\",\"isPartOf\":{\"@id\":\"https:\\\/\\\/interamerica.org\\\/es\\\/#website\"},\"primaryImageOfPage\":{\"@id\":\"https:\\\/\\\/interamerica.org\\\/es\\\/2014\\\/02\\\/interamerica-comienza-la-semana-de-oracion-por-internet-para-las-familias-de-los-pastores\\\/#primaryimage\"},\"image\":{\"@id\":\"https:\\\/\\\/interamerica.org\\\/es\\\/2014\\\/02\\\/interamerica-comienza-la-semana-de-oracion-por-internet-para-las-familias-de-los-pastores\\\/#primaryimage\"},\"thumbnailUrl\":\"https:\\\/\\\/interamerica.org\\\/wp-content\\\/uploads\\\/2017\\\/06\\\/OnlineWeekprayerstudio.png\",\"datePublished\":\"2014-02-03T04:00:00+00:00\",\"author\":{\"@id\":\"https:\\\/\\\/interamerica.org\\\/es\\\/#\\\/schema\\\/person\\\/68ede8bdc292885bb76c1e3810e73c39\"},\"breadcrumb\":{\"@id\":\"https:\\\/\\\/interamerica.org\\\/es\\\/2014\\\/02\\\/interamerica-comienza-la-semana-de-oracion-por-internet-para-las-familias-de-los-pastores\\\/#breadcrumb\"},\"inLanguage\":\"es\",\"potentialAction\":[{\"@type\":\"ReadAction\",\"target\":[\"https:\\\/\\\/interamerica.org\\\/es\\\/2014\\\/02\\\/interamerica-comienza-la-semana-de-oracion-por-internet-para-las-familias-de-los-pastores\\\/\"]}]},{\"@type\":\"ImageObject\",\"inLanguage\":\"es\",\"@id\":\"https:\\\/\\\/interamerica.org\\\/es\\\/2014\\\/02\\\/interamerica-comienza-la-semana-de-oracion-por-internet-para-las-familias-de-los-pastores\\\/#primaryimage\",\"url\":\"https:\\\/\\\/interamerica.org\\\/wp-content\\\/uploads\\\/2017\\\/06\\\/OnlineWeekprayerstudio.png\",\"contentUrl\":\"https:\\\/\\\/interamerica.org\\\/wp-content\\\/uploads\\\/2017\\\/06\\\/OnlineWeekprayerstudio.png\",\"width\":315,\"height\":216},{\"@type\":\"BreadcrumbList\",\"@id\":\"https:\\\/\\\/interamerica.org\\\/es\\\/2014\\\/02\\\/interamerica-comienza-la-semana-de-oracion-por-internet-para-las-familias-de-los-pastores\\\/#breadcrumb\",\"itemListElement\":[{\"@type\":\"ListItem\",\"position\":1,\"name\":\"Home\",\"item\":\"https:\\\/\\\/interamerica.org\\\/es\\\/\"},{\"@type\":\"ListItem\",\"position\":2,\"name\":\"Interam\u00e9rica: Comienza la semana de oraci\u00f3n por internet para las familias de los pastores\"}]},{\"@type\":\"WebSite\",\"@id\":\"https:\\\/\\\/interamerica.org\\\/es\\\/#website\",\"url\":\"https:\\\/\\\/interamerica.org\\\/es\\\/\",\"name\":\"Iglesia Adventista del S\u00e9ptimo D\u00eda - Divisi\u00f3n Interamericana\",\"description\":\"\",\"potentialAction\":[{\"@type\":\"SearchAction\",\"target\":{\"@type\":\"EntryPoint\",\"urlTemplate\":\"https:\\\/\\\/interamerica.org\\\/es\\\/?s={search_term_string}\"},\"query-input\":{\"@type\":\"PropertyValueSpecification\",\"valueRequired\":true,\"valueName\":\"search_term_string\"}}],\"inLanguage\":\"es\"},{\"@type\":\"Person\",\"@id\":\"https:\\\/\\\/interamerica.org\\\/es\\\/#\\\/schema\\\/person\\\/68ede8bdc292885bb76c1e3810e73c39\",\"name\":\"Lorenzo Verduzco\",\"image\":{\"@type\":\"ImageObject\",\"inLanguage\":\"es\",\"@id\":\"https:\\\/\\\/secure.gravatar.com\\\/avatar\\\/fb81a55b6218459490a9c1dc841a34909185b81904c5337b4b27f7a6fd60c49e?s=96&d=mm&r=g\",\"url\":\"https:\\\/\\\/secure.gravatar.com\\\/avatar\\\/fb81a55b6218459490a9c1dc841a34909185b81904c5337b4b27f7a6fd60c49e?s=96&d=mm&r=g\",\"contentUrl\":\"https:\\\/\\\/secure.gravatar.com\\\/avatar\\\/fb81a55b6218459490a9c1dc841a34909185b81904c5337b4b27f7a6fd60c49e?s=96&d=mm&r=g\",\"caption\":\"Lorenzo Verduzco\"}}]}<\/script>\n<!-- \/ Yoast SEO plugin. -->","yoast_head_json":{"title":"Interam\u00e9rica: Comienza la semana de oraci\u00f3n por internet para las familias de los pastores - Iglesia Adventista del S\u00e9ptimo D\u00eda - Divisi\u00f3n Interamericana","robots":{"index":"index","follow":"follow","max-snippet":"max-snippet:-1","max-image-preview":"max-image-preview:large","max-video-preview":"max-video-preview:-1"},"canonical":"https:\/\/interamerica.org\/es\/2014\/02\/interamerica-comienza-la-semana-de-oracion-por-internet-para-las-familias-de-los-pastores\/","og_locale":"es_ES","og_type":"article","og_title":"Interam\u00e9rica: Comienza la semana de oraci\u00f3n por internet para las familias de los pastores - Iglesia Adventista del S\u00e9ptimo D\u00eda - Divisi\u00f3n Interamericana","og_description":"Interam\u00e9rica dio inicio el pasado 31 de enero a su primera semana de oraci\u00f3n por internet para las miles de familias de los pastores de la Iglesia Adventista en su territorio, desde la sede central de la Divisi\u00f3n Interamericana en Miami, Florida.","og_url":"https:\/\/interamerica.org\/es\/2014\/02\/interamerica-comienza-la-semana-de-oracion-por-internet-para-las-familias-de-los-pastores\/","og_site_name":"Iglesia Adventista del S\u00e9ptimo D\u00eda - Divisi\u00f3n Interamericana","article_published_time":"2014-02-03T04:00:00+00:00","og_image":[{"width":315,"height":216,"url":"https:\/\/interamerica.org\/wp-content\/uploads\/2017\/06\/OnlineWeekprayerstudio.png","type":"image\/png"}],"author":"Lorenzo Verduzco","twitter_card":"summary_large_image","twitter_misc":{"Escrito por":"Lorenzo Verduzco","Tiempo de lectura":"5 minutos"},"schema":{"@context":"https:\/\/schema.org","@graph":[{"@type":"Article","@id":"https:\/\/interamerica.org\/es\/2014\/02\/interamerica-comienza-la-semana-de-oracion-por-internet-para-las-familias-de-los-pastores\/#article","isPartOf":{"@id":"https:\/\/interamerica.org\/es\/2014\/02\/interamerica-comienza-la-semana-de-oracion-por-internet-para-las-familias-de-los-pastores\/"},"author":{"name":"Lorenzo Verduzco","@id":"https:\/\/interamerica.org\/es\/#\/schema\/person\/68ede8bdc292885bb76c1e3810e73c39"},"headline":"Interam\u00e9rica: Comienza la semana de oraci\u00f3n por internet para las familias de los pastores","datePublished":"2014-02-03T04:00:00+00:00","mainEntityOfPage":{"@id":"https:\/\/interamerica.org\/es\/2014\/02\/interamerica-comienza-la-semana-de-oracion-por-internet-para-las-familias-de-los-pastores\/"},"wordCount":1068,"image":{"@id":"https:\/\/interamerica.org\/es\/2014\/02\/interamerica-comienza-la-semana-de-oracion-por-internet-para-las-familias-de-los-pastores\/#primaryimage"},"thumbnailUrl":"https:\/\/interamerica.org\/wp-content\/uploads\/2017\/06\/OnlineWeekprayerstudio.png","articleSection":["Desde la sede"],"inLanguage":"es"},{"@type":"WebPage","@id":"https:\/\/interamerica.org\/es\/2014\/02\/interamerica-comienza-la-semana-de-oracion-por-internet-para-las-familias-de-los-pastores\/","url":"https:\/\/interamerica.org\/es\/2014\/02\/interamerica-comienza-la-semana-de-oracion-por-internet-para-las-familias-de-los-pastores\/","name":"Interam\u00e9rica: Comienza la semana de oraci\u00f3n por internet para las familias de los pastores - Iglesia Adventista del S\u00e9ptimo D\u00eda - Divisi\u00f3n Interamericana","isPartOf":{"@id":"https:\/\/interamerica.org\/es\/#website"},"primaryImageOfPage":{"@id":"https:\/\/interamerica.org\/es\/2014\/02\/interamerica-comienza-la-semana-de-oracion-por-internet-para-las-familias-de-los-pastores\/#primaryimage"},"image":{"@id":"https:\/\/interamerica.org\/es\/2014\/02\/interamerica-comienza-la-semana-de-oracion-por-internet-para-las-familias-de-los-pastores\/#primaryimage"},"thumbnailUrl":"https:\/\/interamerica.org\/wp-content\/uploads\/2017\/06\/OnlineWeekprayerstudio.png","datePublished":"2014-02-03T04:00:00+00:00","author":{"@id":"https:\/\/interamerica.org\/es\/#\/schema\/person\/68ede8bdc292885bb76c1e3810e73c39"},"breadcrumb":{"@id":"https:\/\/interamerica.org\/es\/2014\/02\/interamerica-comienza-la-semana-de-oracion-por-internet-para-las-familias-de-los-pastores\/#breadcrumb"},"inLanguage":"es","potentialAction":[{"@type":"ReadAction","target":["https:\/\/interamerica.org\/es\/2014\/02\/interamerica-comienza-la-semana-de-oracion-por-internet-para-las-familias-de-los-pastores\/"]}]},{"@type":"ImageObject","inLanguage":"es","@id":"https:\/\/interamerica.org\/es\/2014\/02\/interamerica-comienza-la-semana-de-oracion-por-internet-para-las-familias-de-los-pastores\/#primaryimage","url":"https:\/\/interamerica.org\/wp-content\/uploads\/2017\/06\/OnlineWeekprayerstudio.png","contentUrl":"https:\/\/interamerica.org\/wp-content\/uploads\/2017\/06\/OnlineWeekprayerstudio.png","width":315,"height":216},{"@type":"BreadcrumbList","@id":"https:\/\/interamerica.org\/es\/2014\/02\/interamerica-comienza-la-semana-de-oracion-por-internet-para-las-familias-de-los-pastores\/#breadcrumb","itemListElement":[{"@type":"ListItem","position":1,"name":"Home","item":"https:\/\/interamerica.org\/es\/"},{"@type":"ListItem","position":2,"name":"Interam\u00e9rica: Comienza la semana de oraci\u00f3n por internet para las familias de los pastores"}]},{"@type":"WebSite","@id":"https:\/\/interamerica.org\/es\/#website","url":"https:\/\/interamerica.org\/es\/","name":"Iglesia Adventista del S\u00e9ptimo D\u00eda - Divisi\u00f3n Interamericana","description":"","potentialAction":[{"@type":"SearchAction","target":{"@type":"EntryPoint","urlTemplate":"https:\/\/interamerica.org\/es\/?s={search_term_string}"},"query-input":{"@type":"PropertyValueSpecification","valueRequired":true,"valueName":"search_term_string"}}],"inLanguage":"es"},{"@type":"Person","@id":"https:\/\/interamerica.org\/es\/#\/schema\/person\/68ede8bdc292885bb76c1e3810e73c39","name":"Lorenzo Verduzco","image":{"@type":"ImageObject","inLanguage":"es","@id":"https:\/\/secure.gravatar.com\/avatar\/fb81a55b6218459490a9c1dc841a34909185b81904c5337b4b27f7a6fd60c49e?s=96&d=mm&r=g","url":"https:\/\/secure.gravatar.com\/avatar\/fb81a55b6218459490a9c1dc841a34909185b81904c5337b4b27f7a6fd60c49e?s=96&d=mm&r=g","contentUrl":"https:\/\/secure.gravatar.com\/avatar\/fb81a55b6218459490a9c1dc841a34909185b81904c5337b4b27f7a6fd60c49e?s=96&d=mm&r=g","caption":"Lorenzo Verduzco"}}]}},"_links":{"self":[{"href":"https:\/\/interamerica.org\/es\/wp-json\/wp\/v2\/posts\/30420","targetHints":{"allow":["GET"]}}],"collection":[{"href":"https:\/\/interamerica.org\/es\/wp-json\/wp\/v2\/posts"}],"about":[{"href":"https:\/\/interamerica.org\/es\/wp-json\/wp\/v2\/types\/post"}],"author":[{"embeddable":true,"href":"https:\/\/interamerica.org\/es\/wp-json\/wp\/v2\/users\/1"}],"replies":[{"embeddable":true,"href":"https:\/\/interamerica.org\/es\/wp-json\/wp\/v2\/comments?post=30420"}],"version-history":[{"count":0,"href":"https:\/\/interamerica.org\/es\/wp-json\/wp\/v2\/posts\/30420\/revisions"}],"wp:featuredmedia":[{"embeddable":true,"href":"https:\/\/interamerica.org\/es\/wp-json\/wp\/v2\/media\/22540"}],"wp:attachment":[{"href":"https:\/\/interamerica.org\/es\/wp-json\/wp\/v2\/media?parent=30420"}],"wp:term":[{"taxonomy":"category","embeddable":true,"href":"https:\/\/interamerica.org\/es\/wp-json\/wp\/v2\/categories?post=30420"},{"taxonomy":"post_tag","embeddable":true,"href":"https:\/\/interamerica.org\/es\/wp-json\/wp\/v2\/tags?post=30420"}],"curies":[{"name":"wp","href":"https:\/\/api.w.org\/{rel}","templated":true}]}}