{"id":30421,"date":"2014-02-04T12:02:42","date_gmt":"2014-02-04T16:02:42","guid":{"rendered":"http:\/\/192.81.217.108\/interamerica\/?p=30421\/"},"modified":"2017-06-26T16:16:20","modified_gmt":"2017-06-26T20:16:20","slug":"inglaterra-los-padres-cuyo-bebe-murio-desnutrido-no-estaban-siguiendo-una-dieta-adventista","status":"publish","type":"post","link":"https:\/\/interamerica.org\/es\/2014\/02\/inglaterra-los-padres-cuyo-bebe-murio-desnutrido-no-estaban-siguiendo-una-dieta-adventista\/","title":{"rendered":"Inglaterra: Los padres cuyo beb\u00e9 muri\u00f3 desnutrido no estaban siguiendo una dieta adventista"},"content":{"rendered":"<p>4 de febrero de 2014\u00a0 &#8211; Silver Spring, Maryland, Estados Unidos &#8211; ANN<\/p>\n<div id=\"attachment_10554\" style=\"width: 310px\" class=\"wp-caption alignleft\"><a href=\"\/interamerica\/wp-content\/uploads\/2017\/06\/uk-lgflag.gif\" rel=\"fancybox\" title=\"Inglaterra: Los padres cuyo beb\u00e9 muri\u00f3 desnutrido no estaban siguiendo una dieta adventista\"><img decoding=\"async\" aria-describedby=\"caption-attachment-10554\" class=\"size-medium wp-image-10554\" src=\"\/interamerica\/wp-content\/uploads\/2017\/06\/uk-lgflag-300x150.gif\" alt=\"\" width=\"300\" height=\"150\" \/><\/a><p id=\"caption-attachment-10554\" class=\"wp-caption-text\">Bandera del Reino Unido. Fuente: www.cia.gov<\/p><\/div>\n<p>Un incidente en Inglaterra, en el cual falleci\u00f3 un beb\u00e9 por desnutrici\u00f3n, ha llevado la atenci\u00f3n de los medios a una comprensi\u00f3n m\u00e1s apropiada de las recomendaciones alimentarias de la Iglesia Adventista del S\u00e9ptimo D\u00eda. Los directivos de la iglesia respondieron diciendo que una dieta equilibrada, que s\u00ed recomienda la denominaci\u00f3n, podr\u00eda haber prevenido la tragedia.<\/p>\n<p>Nkosiyapha Kunene y su esposa Virginia se declararon culpables ante una corte el mes pasado por cargos de homicidio de Ndingeko, su beb\u00e9 de cinco meses, quien falleci\u00f3 por raquitismo en 2012. Los fiscales afirman que la pareja hab\u00eda puesto al beb\u00e9 en una \u00abdieta estricta como parte de su fe\u00bb, seg\u00fan los informes de los medios.<\/p>\n<p>La Uni\u00f3n Asociaci\u00f3n Brit\u00e1nica de la Iglesia Adventista dio a conocer una declaraci\u00f3n la semana pasada donde dijeron que si bien estos padres estaban registrados como miembros de la denominaci\u00f3n para cuando se casaron en 2009, \u00abno parecen haber asistido ninguna iglesia adventista espec\u00edfica con regularidad despu\u00e9s de esa fecha\u00bb.<\/p>\n<p>\u00abParece que durante ese per\u00edodo, influencias externas apartaron a la familia de su hogar espiritual y del s\u00f3lido consejo y apoyo que habr\u00edan podido recibir dentro de una comunidad adventista que los apoyara\u00bb, dijo Sharon Platt-McDonal, directora de Ministerios de Salud de la Uni\u00f3n Asociaci\u00f3n Brit\u00e1nica. \u00abDesafortunadamente, esto los llev\u00f3 a tomar decisiones respecto de su salud que no favorecieron a su hijo. Nos dio mucha tristeza enterarnos de esta tragedia\u00bb.<\/p>\n<p>Platt-McDonald dijo que los profesionales adventistas de la salud \u00absiempre aconsejan a los miembros de iglesia que busquen y sigan los consejos m\u00e9dicos\u00bb. Tambi\u00e9n explic\u00f3 que la denominaci\u00f3n ofrece peri\u00f3dicamente presentaciones de salud tanto a los miembros de iglesia como al p\u00fablico en general.<\/p>\n<p>El raquitismo es resultado de una severa deficiencia de vitamina D, que ayuda a que el cuerpo absorba el calcio.<\/p>\n<p>\u00abJam\u00e1s ha sido la posici\u00f3n de la iglesia llevar a la gente a dietas extremistas, desequilibradas y que no est\u00e9n basadas en evidencias\u00bb, dijo el doctor Peter Landless, director de Ministerios de Salud de la Iglesia Adventista mundial. \u00abSeguimos recomendando la mejor dieta que est\u00e9 disponible en los territorios geogr\u00e1ficos en los que se encuentre la gente\u00bb.<\/p>\n<p>Una de las recomendaciones de la Iglesia Adventista, dijo Landless, es una dieta equilibrada que incluya suplementos toda vez que sea necesario. \u00abPara muchos infantes, esto no es algo fuera de lo com\u00fan en la primera infancia\u00bb, dijo.<\/p>\n<p>En a\u00f1os recientes, los adventistas han llegado a ser bien conocidos como uno de los grupos demogr\u00e1ficos m\u00e1s longevos que se hayan estudiado. Los resultados preliminares de un estudio continuado de los adventistas de los Estados Unidos fueron publicados el a\u00f1o pasado por las principales agencias internacionales de noticias. El estudio, que est\u00e1 patrocinado por parte por el Instituto Nacional de Salud de los Estados Unidos, confirm\u00f3 los beneficios de una dieta vegetariana.<\/p>\n<p>En 2008, Dan Buettner, autor del libro \u00abLas zonas azules\u00bb, escribi\u00f3 de manera extensa sobre los principios de salud de los adventistas y su longevidad y mejor salud.<\/p>\n<p><em>Traducci\u00f3n de Marcos Paseggi<\/em><\/p>\n","protected":false},"excerpt":{"rendered":"<p>Un incidente en Inglaterra, en el cual falleci\u00f3 un beb\u00e9 por desnutrici\u00f3n, ha llevado la atenci\u00f3n de los medios a una comprensi\u00f3n m\u00e1s apropiada de las recomendaciones alimentarias de la Iglesia Adventista del S\u00e9ptimo D\u00eda. Los directivos de la iglesia respondieron diciendo que una dieta equilibrada, que s\u00ed recomienda la denominaci\u00f3n, podr\u00eda haber prevenido la tragedia.<\/p>\n","protected":false},"author":1,"featured_media":0,"comment_status":"closed","ping_status":"closed","sticky":false,"template":"","format":"standard","meta":{"_acf_changed":false,"footnotes":""},"categories":[14],"tags":[],"class_list":["post-30421","post","type-post","status-publish","format-standard","hentry","category-de-la-iglesia-mundial"],"acf":[],"yoast_head":"<!-- This site is optimized with the Yoast SEO plugin v27.3 - https:\/\/yoast.com\/product\/yoast-seo-wordpress\/ -->\n<title>Inglaterra: Los padres cuyo beb\u00e9 muri\u00f3 desnutrido no estaban siguiendo una dieta adventista - Iglesia Adventista del S\u00e9ptimo D\u00eda - Divisi\u00f3n Interamericana<\/title>\n<meta name=\"robots\" content=\"index, follow, max-snippet:-1, max-image-preview:large, max-video-preview:-1\" \/>\n<link rel=\"canonical\" href=\"https:\/\/interamerica.org\/es\/2014\/02\/inglaterra-los-padres-cuyo-bebe-murio-desnutrido-no-estaban-siguiendo-una-dieta-adventista\/\" \/>\n<meta property=\"og:locale\" content=\"es_ES\" \/>\n<meta property=\"og:type\" content=\"article\" \/>\n<meta property=\"og:title\" content=\"Inglaterra: Los padres cuyo beb\u00e9 muri\u00f3 desnutrido no estaban siguiendo una dieta adventista - Iglesia Adventista del S\u00e9ptimo D\u00eda - Divisi\u00f3n Interamericana\" \/>\n<meta property=\"og:description\" content=\"Un incidente en Inglaterra, en el cual falleci\u00f3 un beb\u00e9 por desnutrici\u00f3n, ha llevado la atenci\u00f3n de los medios a una comprensi\u00f3n m\u00e1s apropiada de las recomendaciones alimentarias de la Iglesia Adventista del S\u00e9ptimo D\u00eda. Los directivos de la iglesia respondieron diciendo que una dieta equilibrada, que s\u00ed recomienda la denominaci\u00f3n, podr\u00eda haber prevenido la tragedia.\" \/>\n<meta property=\"og:url\" content=\"https:\/\/interamerica.org\/es\/2014\/02\/inglaterra-los-padres-cuyo-bebe-murio-desnutrido-no-estaban-siguiendo-una-dieta-adventista\/\" \/>\n<meta property=\"og:site_name\" content=\"Iglesia Adventista del S\u00e9ptimo D\u00eda - Divisi\u00f3n Interamericana\" \/>\n<meta property=\"article:published_time\" content=\"2014-02-04T16:02:42+00:00\" \/>\n<meta property=\"article:modified_time\" content=\"2017-06-26T20:16:20+00:00\" \/>\n<meta name=\"author\" content=\"Lorenzo Verduzco\" \/>\n<meta name=\"twitter:card\" content=\"summary_large_image\" \/>\n<meta name=\"twitter:label1\" content=\"Escrito por\" \/>\n\t<meta name=\"twitter:data1\" content=\"Lorenzo Verduzco\" \/>\n\t<meta name=\"twitter:label2\" content=\"Tiempo de lectura\" \/>\n\t<meta name=\"twitter:data2\" content=\"3 minutos\" \/>\n<script type=\"application\/ld+json\" class=\"yoast-schema-graph\">{\"@context\":\"https:\\\/\\\/schema.org\",\"@graph\":[{\"@type\":\"Article\",\"@id\":\"https:\\\/\\\/interamerica.org\\\/es\\\/2014\\\/02\\\/inglaterra-los-padres-cuyo-bebe-murio-desnutrido-no-estaban-siguiendo-una-dieta-adventista\\\/#article\",\"isPartOf\":{\"@id\":\"https:\\\/\\\/interamerica.org\\\/es\\\/2014\\\/02\\\/inglaterra-los-padres-cuyo-bebe-murio-desnutrido-no-estaban-siguiendo-una-dieta-adventista\\\/\"},\"author\":{\"name\":\"Lorenzo Verduzco\",\"@id\":\"https:\\\/\\\/interamerica.org\\\/es\\\/#\\\/schema\\\/person\\\/68ede8bdc292885bb76c1e3810e73c39\"},\"headline\":\"Inglaterra: Los padres cuyo beb\u00e9 muri\u00f3 desnutrido no estaban siguiendo una dieta adventista\",\"datePublished\":\"2014-02-04T16:02:42+00:00\",\"dateModified\":\"2017-06-26T20:16:20+00:00\",\"mainEntityOfPage\":{\"@id\":\"https:\\\/\\\/interamerica.org\\\/es\\\/2014\\\/02\\\/inglaterra-los-padres-cuyo-bebe-murio-desnutrido-no-estaban-siguiendo-una-dieta-adventista\\\/\"},\"wordCount\":572,\"articleSection\":[\"Desde la iglesia mundial\"],\"inLanguage\":\"es\"},{\"@type\":\"WebPage\",\"@id\":\"https:\\\/\\\/interamerica.org\\\/es\\\/2014\\\/02\\\/inglaterra-los-padres-cuyo-bebe-murio-desnutrido-no-estaban-siguiendo-una-dieta-adventista\\\/\",\"url\":\"https:\\\/\\\/interamerica.org\\\/es\\\/2014\\\/02\\\/inglaterra-los-padres-cuyo-bebe-murio-desnutrido-no-estaban-siguiendo-una-dieta-adventista\\\/\",\"name\":\"Inglaterra: Los padres cuyo beb\u00e9 muri\u00f3 desnutrido no estaban siguiendo una dieta adventista - Iglesia Adventista del S\u00e9ptimo D\u00eda - Divisi\u00f3n Interamericana\",\"isPartOf\":{\"@id\":\"https:\\\/\\\/interamerica.org\\\/es\\\/#website\"},\"datePublished\":\"2014-02-04T16:02:42+00:00\",\"dateModified\":\"2017-06-26T20:16:20+00:00\",\"author\":{\"@id\":\"https:\\\/\\\/interamerica.org\\\/es\\\/#\\\/schema\\\/person\\\/68ede8bdc292885bb76c1e3810e73c39\"},\"breadcrumb\":{\"@id\":\"https:\\\/\\\/interamerica.org\\\/es\\\/2014\\\/02\\\/inglaterra-los-padres-cuyo-bebe-murio-desnutrido-no-estaban-siguiendo-una-dieta-adventista\\\/#breadcrumb\"},\"inLanguage\":\"es\",\"potentialAction\":[{\"@type\":\"ReadAction\",\"target\":[\"https:\\\/\\\/interamerica.org\\\/es\\\/2014\\\/02\\\/inglaterra-los-padres-cuyo-bebe-murio-desnutrido-no-estaban-siguiendo-una-dieta-adventista\\\/\"]}]},{\"@type\":\"BreadcrumbList\",\"@id\":\"https:\\\/\\\/interamerica.org\\\/es\\\/2014\\\/02\\\/inglaterra-los-padres-cuyo-bebe-murio-desnutrido-no-estaban-siguiendo-una-dieta-adventista\\\/#breadcrumb\",\"itemListElement\":[{\"@type\":\"ListItem\",\"position\":1,\"name\":\"Home\",\"item\":\"https:\\\/\\\/interamerica.org\\\/es\\\/\"},{\"@type\":\"ListItem\",\"position\":2,\"name\":\"Inglaterra: Los padres cuyo beb\u00e9 muri\u00f3 desnutrido no estaban siguiendo una dieta adventista\"}]},{\"@type\":\"WebSite\",\"@id\":\"https:\\\/\\\/interamerica.org\\\/es\\\/#website\",\"url\":\"https:\\\/\\\/interamerica.org\\\/es\\\/\",\"name\":\"Iglesia Adventista del S\u00e9ptimo D\u00eda - Divisi\u00f3n Interamericana\",\"description\":\"\",\"potentialAction\":[{\"@type\":\"SearchAction\",\"target\":{\"@type\":\"EntryPoint\",\"urlTemplate\":\"https:\\\/\\\/interamerica.org\\\/es\\\/?s={search_term_string}\"},\"query-input\":{\"@type\":\"PropertyValueSpecification\",\"valueRequired\":true,\"valueName\":\"search_term_string\"}}],\"inLanguage\":\"es\"},{\"@type\":\"Person\",\"@id\":\"https:\\\/\\\/interamerica.org\\\/es\\\/#\\\/schema\\\/person\\\/68ede8bdc292885bb76c1e3810e73c39\",\"name\":\"Lorenzo Verduzco\",\"image\":{\"@type\":\"ImageObject\",\"inLanguage\":\"es\",\"@id\":\"https:\\\/\\\/secure.gravatar.com\\\/avatar\\\/fb81a55b6218459490a9c1dc841a34909185b81904c5337b4b27f7a6fd60c49e?s=96&d=mm&r=g\",\"url\":\"https:\\\/\\\/secure.gravatar.com\\\/avatar\\\/fb81a55b6218459490a9c1dc841a34909185b81904c5337b4b27f7a6fd60c49e?s=96&d=mm&r=g\",\"contentUrl\":\"https:\\\/\\\/secure.gravatar.com\\\/avatar\\\/fb81a55b6218459490a9c1dc841a34909185b81904c5337b4b27f7a6fd60c49e?s=96&d=mm&r=g\",\"caption\":\"Lorenzo Verduzco\"}}]}<\/script>\n<!-- \/ Yoast SEO plugin. -->","yoast_head_json":{"title":"Inglaterra: Los padres cuyo beb\u00e9 muri\u00f3 desnutrido no estaban siguiendo una dieta adventista - Iglesia Adventista del S\u00e9ptimo D\u00eda - Divisi\u00f3n Interamericana","robots":{"index":"index","follow":"follow","max-snippet":"max-snippet:-1","max-image-preview":"max-image-preview:large","max-video-preview":"max-video-preview:-1"},"canonical":"https:\/\/interamerica.org\/es\/2014\/02\/inglaterra-los-padres-cuyo-bebe-murio-desnutrido-no-estaban-siguiendo-una-dieta-adventista\/","og_locale":"es_ES","og_type":"article","og_title":"Inglaterra: Los padres cuyo beb\u00e9 muri\u00f3 desnutrido no estaban siguiendo una dieta adventista - Iglesia Adventista del S\u00e9ptimo D\u00eda - Divisi\u00f3n Interamericana","og_description":"Un incidente en Inglaterra, en el cual falleci\u00f3 un beb\u00e9 por desnutrici\u00f3n, ha llevado la atenci\u00f3n de los medios a una comprensi\u00f3n m\u00e1s apropiada de las recomendaciones alimentarias de la Iglesia Adventista del S\u00e9ptimo D\u00eda. Los directivos de la iglesia respondieron diciendo que una dieta equilibrada, que s\u00ed recomienda la denominaci\u00f3n, podr\u00eda haber prevenido la tragedia.","og_url":"https:\/\/interamerica.org\/es\/2014\/02\/inglaterra-los-padres-cuyo-bebe-murio-desnutrido-no-estaban-siguiendo-una-dieta-adventista\/","og_site_name":"Iglesia Adventista del S\u00e9ptimo D\u00eda - Divisi\u00f3n Interamericana","article_published_time":"2014-02-04T16:02:42+00:00","article_modified_time":"2017-06-26T20:16:20+00:00","author":"Lorenzo Verduzco","twitter_card":"summary_large_image","twitter_misc":{"Escrito por":"Lorenzo Verduzco","Tiempo de lectura":"3 minutos"},"schema":{"@context":"https:\/\/schema.org","@graph":[{"@type":"Article","@id":"https:\/\/interamerica.org\/es\/2014\/02\/inglaterra-los-padres-cuyo-bebe-murio-desnutrido-no-estaban-siguiendo-una-dieta-adventista\/#article","isPartOf":{"@id":"https:\/\/interamerica.org\/es\/2014\/02\/inglaterra-los-padres-cuyo-bebe-murio-desnutrido-no-estaban-siguiendo-una-dieta-adventista\/"},"author":{"name":"Lorenzo Verduzco","@id":"https:\/\/interamerica.org\/es\/#\/schema\/person\/68ede8bdc292885bb76c1e3810e73c39"},"headline":"Inglaterra: Los padres cuyo beb\u00e9 muri\u00f3 desnutrido no estaban siguiendo una dieta adventista","datePublished":"2014-02-04T16:02:42+00:00","dateModified":"2017-06-26T20:16:20+00:00","mainEntityOfPage":{"@id":"https:\/\/interamerica.org\/es\/2014\/02\/inglaterra-los-padres-cuyo-bebe-murio-desnutrido-no-estaban-siguiendo-una-dieta-adventista\/"},"wordCount":572,"articleSection":["Desde la iglesia mundial"],"inLanguage":"es"},{"@type":"WebPage","@id":"https:\/\/interamerica.org\/es\/2014\/02\/inglaterra-los-padres-cuyo-bebe-murio-desnutrido-no-estaban-siguiendo-una-dieta-adventista\/","url":"https:\/\/interamerica.org\/es\/2014\/02\/inglaterra-los-padres-cuyo-bebe-murio-desnutrido-no-estaban-siguiendo-una-dieta-adventista\/","name":"Inglaterra: Los padres cuyo beb\u00e9 muri\u00f3 desnutrido no estaban siguiendo una dieta adventista - Iglesia Adventista del S\u00e9ptimo D\u00eda - Divisi\u00f3n Interamericana","isPartOf":{"@id":"https:\/\/interamerica.org\/es\/#website"},"datePublished":"2014-02-04T16:02:42+00:00","dateModified":"2017-06-26T20:16:20+00:00","author":{"@id":"https:\/\/interamerica.org\/es\/#\/schema\/person\/68ede8bdc292885bb76c1e3810e73c39"},"breadcrumb":{"@id":"https:\/\/interamerica.org\/es\/2014\/02\/inglaterra-los-padres-cuyo-bebe-murio-desnutrido-no-estaban-siguiendo-una-dieta-adventista\/#breadcrumb"},"inLanguage":"es","potentialAction":[{"@type":"ReadAction","target":["https:\/\/interamerica.org\/es\/2014\/02\/inglaterra-los-padres-cuyo-bebe-murio-desnutrido-no-estaban-siguiendo-una-dieta-adventista\/"]}]},{"@type":"BreadcrumbList","@id":"https:\/\/interamerica.org\/es\/2014\/02\/inglaterra-los-padres-cuyo-bebe-murio-desnutrido-no-estaban-siguiendo-una-dieta-adventista\/#breadcrumb","itemListElement":[{"@type":"ListItem","position":1,"name":"Home","item":"https:\/\/interamerica.org\/es\/"},{"@type":"ListItem","position":2,"name":"Inglaterra: Los padres cuyo beb\u00e9 muri\u00f3 desnutrido no estaban siguiendo una dieta adventista"}]},{"@type":"WebSite","@id":"https:\/\/interamerica.org\/es\/#website","url":"https:\/\/interamerica.org\/es\/","name":"Iglesia Adventista del S\u00e9ptimo D\u00eda - Divisi\u00f3n Interamericana","description":"","potentialAction":[{"@type":"SearchAction","target":{"@type":"EntryPoint","urlTemplate":"https:\/\/interamerica.org\/es\/?s={search_term_string}"},"query-input":{"@type":"PropertyValueSpecification","valueRequired":true,"valueName":"search_term_string"}}],"inLanguage":"es"},{"@type":"Person","@id":"https:\/\/interamerica.org\/es\/#\/schema\/person\/68ede8bdc292885bb76c1e3810e73c39","name":"Lorenzo Verduzco","image":{"@type":"ImageObject","inLanguage":"es","@id":"https:\/\/secure.gravatar.com\/avatar\/fb81a55b6218459490a9c1dc841a34909185b81904c5337b4b27f7a6fd60c49e?s=96&d=mm&r=g","url":"https:\/\/secure.gravatar.com\/avatar\/fb81a55b6218459490a9c1dc841a34909185b81904c5337b4b27f7a6fd60c49e?s=96&d=mm&r=g","contentUrl":"https:\/\/secure.gravatar.com\/avatar\/fb81a55b6218459490a9c1dc841a34909185b81904c5337b4b27f7a6fd60c49e?s=96&d=mm&r=g","caption":"Lorenzo Verduzco"}}]}},"_links":{"self":[{"href":"https:\/\/interamerica.org\/es\/wp-json\/wp\/v2\/posts\/30421","targetHints":{"allow":["GET"]}}],"collection":[{"href":"https:\/\/interamerica.org\/es\/wp-json\/wp\/v2\/posts"}],"about":[{"href":"https:\/\/interamerica.org\/es\/wp-json\/wp\/v2\/types\/post"}],"author":[{"embeddable":true,"href":"https:\/\/interamerica.org\/es\/wp-json\/wp\/v2\/users\/1"}],"replies":[{"embeddable":true,"href":"https:\/\/interamerica.org\/es\/wp-json\/wp\/v2\/comments?post=30421"}],"version-history":[{"count":0,"href":"https:\/\/interamerica.org\/es\/wp-json\/wp\/v2\/posts\/30421\/revisions"}],"wp:attachment":[{"href":"https:\/\/interamerica.org\/es\/wp-json\/wp\/v2\/media?parent=30421"}],"wp:term":[{"taxonomy":"category","embeddable":true,"href":"https:\/\/interamerica.org\/es\/wp-json\/wp\/v2\/categories?post=30421"},{"taxonomy":"post_tag","embeddable":true,"href":"https:\/\/interamerica.org\/es\/wp-json\/wp\/v2\/tags?post=30421"}],"curies":[{"name":"wp","href":"https:\/\/api.w.org\/{rel}","templated":true}]}}