{"id":30422,"date":"2014-02-04T12:02:42","date_gmt":"2014-02-04T16:02:42","guid":{"rendered":"http:\/\/192.81.217.108\/interamerica\/?p=30422\/"},"modified":"2017-11-07T23:56:35","modified_gmt":"2017-11-08T03:56:35","slug":"en-ucrania-los-adventistas-comparten-mensaje-de-esperanza-en-medio-de-la-crisis-politica","status":"publish","type":"post","link":"https:\/\/interamerica.org\/es\/2014\/02\/en-ucrania-los-adventistas-comparten-mensaje-de-esperanza-en-medio-de-la-crisis-politica\/","title":{"rendered":"En Ucrania, los adventistas comparten mensaje de esperanza en medio de la crisis pol\u00edtica"},"content":{"rendered":"<p>3 de febrero de 2014 &#8211; Kiev, Ucrania &#8211; Yuriy Kuzmenko\/ANN<\/p>\n<div id=\"attachment_10557\" style=\"width: 310px\" class=\"wp-caption alignleft\"><a href=\"\/interamerica\/wp-content\/uploads\/2017\/06\/ukraine.jpeg\" rel=\"fancybox\" title=\"En Ucrania, los adventistas comparten mensaje de esperanza en medio de la crisis pol\u00edtica\"><img fetchpriority=\"high\" decoding=\"async\" aria-describedby=\"caption-attachment-10557\" class=\"size-medium wp-image-10557\" src=\"\/interamerica\/wp-content\/uploads\/2017\/06\/ukraine.jpeg\" alt=\"\" width=\"300\" height=\"168\" \/><\/a><p id=\"caption-attachment-10557\" class=\"wp-caption-text\">Manifestantes en Kiev (Ucrania), hacen una demostraci\u00f3n en la Plaza Independencia el pasado 2 de febrero pidiendo lazos m\u00e1s estrechos con Europa y el fin de la presidencia de Yanukovych. Los l\u00edderes adventistas de Ucrania est\u00e1n instando a los miembros a que eviden atiza la inestabilidad pol\u00edtica actual del pa\u00eds. Imagen por cortes\u00eda de Pond5\/ANN<\/p><\/div>\n<p>Las actividades misioneras a cargo de la Iglesia Adventista de Ucrania siguen adelante a pesar de la profundizaci\u00f3n de la crisis pol\u00edtica en ese pa\u00eds de Europa Oriental.<\/p>\n<p>M\u00e1s de 150 colportores, m\u00e9dicos misioneros y pastores se encuentran en Kiev para ayudar a satisfacer las necesidades f\u00edsicas y espirituales de los residentes. \u201cKiev: Ciudad de esperanza\u201d ofrece consejos para dejar de fumar, apoyo para vencer el alcoholismo, tratamientos para la diabetes, educaci\u00f3n para la salud posnatal y atenci\u00f3n oftalmol\u00f3gica. Los adventistas tambi\u00e9n est\u00e1n organizando conciertos de m\u00fasica cristiana y distribuyendo libros e invitaciones para seguir estudiando la Biblia. Miles de residentes visitaron los kioscos de nutrici\u00f3n y cientos de personas se han apuntados para recibir estudios b\u00edblicos.<\/p>\n<p>Mientras tanto, Viktor Alekseenko, presidente de la Iglesia Adventista en Ucrania, est\u00e1 reiterando su llamado a que los adventistas oren por su pa\u00eds y eviten provocar hostilidades, tanto en las calles como en los medios sociales. Por ello, inst\u00f3 a los miembros de iglesia a no hacer comentarios provocadores.<\/p>\n<p>\u201cPor el contrario, animen a la gente para que resuelva sus conflictos en forma pac\u00edfica\u201d, dijo Alekseenko. Los adventistas, a\u00f1adi\u00f3, deber\u00edan hallar maneras de expresar sus posiciones civiles y pol\u00edticas dentro de los confines de la ley y respeto por los derechos individuales.<\/p>\n<p>Meses de demostraciones a larga escala en Ucrania han llevado en las \u00faltimas semanas a violentos choques entre los manifestantes y la polic\u00eda. El domingo pasado, los l\u00edderes de la oposici\u00f3n hicieron un llamado a la comunidad internacional para que intervenga, seg\u00fan inform\u00f3 la BBC.<\/p>\n<p>Los manifestantes siguen pidiendo la renuncia del presidente Viktor Yanukovych y que restablezcan lazos m\u00e1s estrechos con la Uni\u00f3n Europea. La agitaci\u00f3n comenz\u00f3 en Ucrania en noviembre pasado, cuando Yanukovych archiv\u00f3 un acuerdo comercial con la Uni\u00f3n Europea a cambio de un pr\u00e9stamo de Rusia.<\/p>\n<p>Ning\u00fan adventista del s\u00e9ptimo d\u00eda ha sido arrestado o herido durante el conflicto, afirmaron los l\u00edderes de la iglesia. Tambi\u00e9n se inform\u00f3 que los cultos han seguido sin interrupci\u00f3n en las 25 iglesias adventistas de Kiev.<\/p>\n<p>\u201cKiev: Ciudad de esperanza\u201d seguir\u00e1 hasta marzo pr\u00f3ximo, y culminar\u00e1 con una serie de evangelizaci\u00f3n de diez d\u00edas de duraci\u00f3n.<\/p>\n<p>En Ucrania hay casi 52 mil adventistas que se re\u00fanen en unas 900 congregaciones y 300 grupos.<\/p>\n<p><em>Traducci\u00f3n de Marcos Paseggi<\/em><\/p>\n","protected":false},"excerpt":{"rendered":"<p>Las actividades misioneras a cargo de la Iglesia Adventista de Ucrania siguen adelante a pesar de la profundizaci\u00f3n de la crisis pol\u00edtica en ese pa\u00eds de Europa Oriental.<\/p>\n","protected":false},"author":1,"featured_media":0,"comment_status":"closed","ping_status":"closed","sticky":false,"template":"","format":"standard","meta":{"_acf_changed":false,"footnotes":""},"categories":[14],"tags":[],"class_list":["post-30422","post","type-post","status-publish","format-standard","hentry","category-de-la-iglesia-mundial"],"acf":[],"yoast_head":"<!-- This site is optimized with the Yoast SEO plugin v27.3 - https:\/\/yoast.com\/product\/yoast-seo-wordpress\/ -->\n<title>En Ucrania, los adventistas comparten mensaje de esperanza en medio de la crisis pol\u00edtica - Iglesia Adventista del S\u00e9ptimo D\u00eda - Divisi\u00f3n Interamericana<\/title>\n<meta name=\"robots\" content=\"index, follow, max-snippet:-1, max-image-preview:large, max-video-preview:-1\" \/>\n<link rel=\"canonical\" href=\"https:\/\/interamerica.org\/es\/2014\/02\/en-ucrania-los-adventistas-comparten-mensaje-de-esperanza-en-medio-de-la-crisis-politica\/\" \/>\n<meta property=\"og:locale\" content=\"es_ES\" \/>\n<meta property=\"og:type\" content=\"article\" \/>\n<meta property=\"og:title\" content=\"En Ucrania, los adventistas comparten mensaje de esperanza en medio de la crisis pol\u00edtica - Iglesia Adventista del S\u00e9ptimo D\u00eda - Divisi\u00f3n Interamericana\" \/>\n<meta property=\"og:description\" content=\"Las actividades misioneras a cargo de la Iglesia Adventista de Ucrania siguen adelante a pesar de la profundizaci\u00f3n de la crisis pol\u00edtica en ese pa\u00eds de Europa Oriental.\" \/>\n<meta property=\"og:url\" content=\"https:\/\/interamerica.org\/es\/2014\/02\/en-ucrania-los-adventistas-comparten-mensaje-de-esperanza-en-medio-de-la-crisis-politica\/\" \/>\n<meta property=\"og:site_name\" content=\"Iglesia Adventista del S\u00e9ptimo D\u00eda - Divisi\u00f3n Interamericana\" \/>\n<meta property=\"article:published_time\" content=\"2014-02-04T16:02:42+00:00\" \/>\n<meta property=\"article:modified_time\" content=\"2017-11-08T03:56:35+00:00\" \/>\n<meta name=\"author\" content=\"Lorenzo Verduzco\" \/>\n<meta name=\"twitter:card\" content=\"summary_large_image\" \/>\n<meta name=\"twitter:label1\" content=\"Escrito por\" \/>\n\t<meta name=\"twitter:data1\" content=\"Lorenzo Verduzco\" \/>\n\t<meta name=\"twitter:label2\" content=\"Tiempo de lectura\" \/>\n\t<meta name=\"twitter:data2\" content=\"2 minutos\" \/>\n<script type=\"application\/ld+json\" class=\"yoast-schema-graph\">{\"@context\":\"https:\\\/\\\/schema.org\",\"@graph\":[{\"@type\":\"Article\",\"@id\":\"https:\\\/\\\/interamerica.org\\\/es\\\/2014\\\/02\\\/en-ucrania-los-adventistas-comparten-mensaje-de-esperanza-en-medio-de-la-crisis-politica\\\/#article\",\"isPartOf\":{\"@id\":\"https:\\\/\\\/interamerica.org\\\/es\\\/2014\\\/02\\\/en-ucrania-los-adventistas-comparten-mensaje-de-esperanza-en-medio-de-la-crisis-politica\\\/\"},\"author\":{\"name\":\"Lorenzo Verduzco\",\"@id\":\"https:\\\/\\\/interamerica.org\\\/es\\\/#\\\/schema\\\/person\\\/68ede8bdc292885bb76c1e3810e73c39\"},\"headline\":\"En Ucrania, los adventistas comparten mensaje de esperanza en medio de la crisis pol\u00edtica\",\"datePublished\":\"2014-02-04T16:02:42+00:00\",\"dateModified\":\"2017-11-08T03:56:35+00:00\",\"mainEntityOfPage\":{\"@id\":\"https:\\\/\\\/interamerica.org\\\/es\\\/2014\\\/02\\\/en-ucrania-los-adventistas-comparten-mensaje-de-esperanza-en-medio-de-la-crisis-politica\\\/\"},\"wordCount\":505,\"articleSection\":[\"Desde la iglesia mundial\"],\"inLanguage\":\"es\"},{\"@type\":\"WebPage\",\"@id\":\"https:\\\/\\\/interamerica.org\\\/es\\\/2014\\\/02\\\/en-ucrania-los-adventistas-comparten-mensaje-de-esperanza-en-medio-de-la-crisis-politica\\\/\",\"url\":\"https:\\\/\\\/interamerica.org\\\/es\\\/2014\\\/02\\\/en-ucrania-los-adventistas-comparten-mensaje-de-esperanza-en-medio-de-la-crisis-politica\\\/\",\"name\":\"En Ucrania, los adventistas comparten mensaje de esperanza en medio de la crisis pol\u00edtica - Iglesia Adventista del S\u00e9ptimo D\u00eda - Divisi\u00f3n Interamericana\",\"isPartOf\":{\"@id\":\"https:\\\/\\\/interamerica.org\\\/es\\\/#website\"},\"datePublished\":\"2014-02-04T16:02:42+00:00\",\"dateModified\":\"2017-11-08T03:56:35+00:00\",\"author\":{\"@id\":\"https:\\\/\\\/interamerica.org\\\/es\\\/#\\\/schema\\\/person\\\/68ede8bdc292885bb76c1e3810e73c39\"},\"breadcrumb\":{\"@id\":\"https:\\\/\\\/interamerica.org\\\/es\\\/2014\\\/02\\\/en-ucrania-los-adventistas-comparten-mensaje-de-esperanza-en-medio-de-la-crisis-politica\\\/#breadcrumb\"},\"inLanguage\":\"es\",\"potentialAction\":[{\"@type\":\"ReadAction\",\"target\":[\"https:\\\/\\\/interamerica.org\\\/es\\\/2014\\\/02\\\/en-ucrania-los-adventistas-comparten-mensaje-de-esperanza-en-medio-de-la-crisis-politica\\\/\"]}]},{\"@type\":\"BreadcrumbList\",\"@id\":\"https:\\\/\\\/interamerica.org\\\/es\\\/2014\\\/02\\\/en-ucrania-los-adventistas-comparten-mensaje-de-esperanza-en-medio-de-la-crisis-politica\\\/#breadcrumb\",\"itemListElement\":[{\"@type\":\"ListItem\",\"position\":1,\"name\":\"Home\",\"item\":\"https:\\\/\\\/interamerica.org\\\/es\\\/\"},{\"@type\":\"ListItem\",\"position\":2,\"name\":\"En Ucrania, los adventistas comparten mensaje de esperanza en medio de la crisis pol\u00edtica\"}]},{\"@type\":\"WebSite\",\"@id\":\"https:\\\/\\\/interamerica.org\\\/es\\\/#website\",\"url\":\"https:\\\/\\\/interamerica.org\\\/es\\\/\",\"name\":\"Iglesia Adventista del S\u00e9ptimo D\u00eda - Divisi\u00f3n Interamericana\",\"description\":\"\",\"potentialAction\":[{\"@type\":\"SearchAction\",\"target\":{\"@type\":\"EntryPoint\",\"urlTemplate\":\"https:\\\/\\\/interamerica.org\\\/es\\\/?s={search_term_string}\"},\"query-input\":{\"@type\":\"PropertyValueSpecification\",\"valueRequired\":true,\"valueName\":\"search_term_string\"}}],\"inLanguage\":\"es\"},{\"@type\":\"Person\",\"@id\":\"https:\\\/\\\/interamerica.org\\\/es\\\/#\\\/schema\\\/person\\\/68ede8bdc292885bb76c1e3810e73c39\",\"name\":\"Lorenzo Verduzco\",\"image\":{\"@type\":\"ImageObject\",\"inLanguage\":\"es\",\"@id\":\"https:\\\/\\\/secure.gravatar.com\\\/avatar\\\/fb81a55b6218459490a9c1dc841a34909185b81904c5337b4b27f7a6fd60c49e?s=96&d=mm&r=g\",\"url\":\"https:\\\/\\\/secure.gravatar.com\\\/avatar\\\/fb81a55b6218459490a9c1dc841a34909185b81904c5337b4b27f7a6fd60c49e?s=96&d=mm&r=g\",\"contentUrl\":\"https:\\\/\\\/secure.gravatar.com\\\/avatar\\\/fb81a55b6218459490a9c1dc841a34909185b81904c5337b4b27f7a6fd60c49e?s=96&d=mm&r=g\",\"caption\":\"Lorenzo Verduzco\"}}]}<\/script>\n<!-- \/ Yoast SEO plugin. -->","yoast_head_json":{"title":"En Ucrania, los adventistas comparten mensaje de esperanza en medio de la crisis pol\u00edtica - Iglesia Adventista del S\u00e9ptimo D\u00eda - Divisi\u00f3n Interamericana","robots":{"index":"index","follow":"follow","max-snippet":"max-snippet:-1","max-image-preview":"max-image-preview:large","max-video-preview":"max-video-preview:-1"},"canonical":"https:\/\/interamerica.org\/es\/2014\/02\/en-ucrania-los-adventistas-comparten-mensaje-de-esperanza-en-medio-de-la-crisis-politica\/","og_locale":"es_ES","og_type":"article","og_title":"En Ucrania, los adventistas comparten mensaje de esperanza en medio de la crisis pol\u00edtica - Iglesia Adventista del S\u00e9ptimo D\u00eda - Divisi\u00f3n Interamericana","og_description":"Las actividades misioneras a cargo de la Iglesia Adventista de Ucrania siguen adelante a pesar de la profundizaci\u00f3n de la crisis pol\u00edtica en ese pa\u00eds de Europa Oriental.","og_url":"https:\/\/interamerica.org\/es\/2014\/02\/en-ucrania-los-adventistas-comparten-mensaje-de-esperanza-en-medio-de-la-crisis-politica\/","og_site_name":"Iglesia Adventista del S\u00e9ptimo D\u00eda - Divisi\u00f3n Interamericana","article_published_time":"2014-02-04T16:02:42+00:00","article_modified_time":"2017-11-08T03:56:35+00:00","author":"Lorenzo Verduzco","twitter_card":"summary_large_image","twitter_misc":{"Escrito por":"Lorenzo Verduzco","Tiempo de lectura":"2 minutos"},"schema":{"@context":"https:\/\/schema.org","@graph":[{"@type":"Article","@id":"https:\/\/interamerica.org\/es\/2014\/02\/en-ucrania-los-adventistas-comparten-mensaje-de-esperanza-en-medio-de-la-crisis-politica\/#article","isPartOf":{"@id":"https:\/\/interamerica.org\/es\/2014\/02\/en-ucrania-los-adventistas-comparten-mensaje-de-esperanza-en-medio-de-la-crisis-politica\/"},"author":{"name":"Lorenzo Verduzco","@id":"https:\/\/interamerica.org\/es\/#\/schema\/person\/68ede8bdc292885bb76c1e3810e73c39"},"headline":"En Ucrania, los adventistas comparten mensaje de esperanza en medio de la crisis pol\u00edtica","datePublished":"2014-02-04T16:02:42+00:00","dateModified":"2017-11-08T03:56:35+00:00","mainEntityOfPage":{"@id":"https:\/\/interamerica.org\/es\/2014\/02\/en-ucrania-los-adventistas-comparten-mensaje-de-esperanza-en-medio-de-la-crisis-politica\/"},"wordCount":505,"articleSection":["Desde la iglesia mundial"],"inLanguage":"es"},{"@type":"WebPage","@id":"https:\/\/interamerica.org\/es\/2014\/02\/en-ucrania-los-adventistas-comparten-mensaje-de-esperanza-en-medio-de-la-crisis-politica\/","url":"https:\/\/interamerica.org\/es\/2014\/02\/en-ucrania-los-adventistas-comparten-mensaje-de-esperanza-en-medio-de-la-crisis-politica\/","name":"En Ucrania, los adventistas comparten mensaje de esperanza en medio de la crisis pol\u00edtica - Iglesia Adventista del S\u00e9ptimo D\u00eda - Divisi\u00f3n Interamericana","isPartOf":{"@id":"https:\/\/interamerica.org\/es\/#website"},"datePublished":"2014-02-04T16:02:42+00:00","dateModified":"2017-11-08T03:56:35+00:00","author":{"@id":"https:\/\/interamerica.org\/es\/#\/schema\/person\/68ede8bdc292885bb76c1e3810e73c39"},"breadcrumb":{"@id":"https:\/\/interamerica.org\/es\/2014\/02\/en-ucrania-los-adventistas-comparten-mensaje-de-esperanza-en-medio-de-la-crisis-politica\/#breadcrumb"},"inLanguage":"es","potentialAction":[{"@type":"ReadAction","target":["https:\/\/interamerica.org\/es\/2014\/02\/en-ucrania-los-adventistas-comparten-mensaje-de-esperanza-en-medio-de-la-crisis-politica\/"]}]},{"@type":"BreadcrumbList","@id":"https:\/\/interamerica.org\/es\/2014\/02\/en-ucrania-los-adventistas-comparten-mensaje-de-esperanza-en-medio-de-la-crisis-politica\/#breadcrumb","itemListElement":[{"@type":"ListItem","position":1,"name":"Home","item":"https:\/\/interamerica.org\/es\/"},{"@type":"ListItem","position":2,"name":"En Ucrania, los adventistas comparten mensaje de esperanza en medio de la crisis pol\u00edtica"}]},{"@type":"WebSite","@id":"https:\/\/interamerica.org\/es\/#website","url":"https:\/\/interamerica.org\/es\/","name":"Iglesia Adventista del S\u00e9ptimo D\u00eda - Divisi\u00f3n Interamericana","description":"","potentialAction":[{"@type":"SearchAction","target":{"@type":"EntryPoint","urlTemplate":"https:\/\/interamerica.org\/es\/?s={search_term_string}"},"query-input":{"@type":"PropertyValueSpecification","valueRequired":true,"valueName":"search_term_string"}}],"inLanguage":"es"},{"@type":"Person","@id":"https:\/\/interamerica.org\/es\/#\/schema\/person\/68ede8bdc292885bb76c1e3810e73c39","name":"Lorenzo Verduzco","image":{"@type":"ImageObject","inLanguage":"es","@id":"https:\/\/secure.gravatar.com\/avatar\/fb81a55b6218459490a9c1dc841a34909185b81904c5337b4b27f7a6fd60c49e?s=96&d=mm&r=g","url":"https:\/\/secure.gravatar.com\/avatar\/fb81a55b6218459490a9c1dc841a34909185b81904c5337b4b27f7a6fd60c49e?s=96&d=mm&r=g","contentUrl":"https:\/\/secure.gravatar.com\/avatar\/fb81a55b6218459490a9c1dc841a34909185b81904c5337b4b27f7a6fd60c49e?s=96&d=mm&r=g","caption":"Lorenzo Verduzco"}}]}},"_links":{"self":[{"href":"https:\/\/interamerica.org\/es\/wp-json\/wp\/v2\/posts\/30422","targetHints":{"allow":["GET"]}}],"collection":[{"href":"https:\/\/interamerica.org\/es\/wp-json\/wp\/v2\/posts"}],"about":[{"href":"https:\/\/interamerica.org\/es\/wp-json\/wp\/v2\/types\/post"}],"author":[{"embeddable":true,"href":"https:\/\/interamerica.org\/es\/wp-json\/wp\/v2\/users\/1"}],"replies":[{"embeddable":true,"href":"https:\/\/interamerica.org\/es\/wp-json\/wp\/v2\/comments?post=30422"}],"version-history":[{"count":0,"href":"https:\/\/interamerica.org\/es\/wp-json\/wp\/v2\/posts\/30422\/revisions"}],"wp:attachment":[{"href":"https:\/\/interamerica.org\/es\/wp-json\/wp\/v2\/media?parent=30422"}],"wp:term":[{"taxonomy":"category","embeddable":true,"href":"https:\/\/interamerica.org\/es\/wp-json\/wp\/v2\/categories?post=30422"},{"taxonomy":"post_tag","embeddable":true,"href":"https:\/\/interamerica.org\/es\/wp-json\/wp\/v2\/tags?post=30422"}],"curies":[{"name":"wp","href":"https:\/\/api.w.org\/{rel}","templated":true}]}}