{"id":30423,"date":"2014-02-05T00:00:00","date_gmt":"2014-02-05T04:00:00","guid":{"rendered":"http:\/\/192.81.217.108\/interamerica\/2014\/02\/el-salvador-la-iglesia-transforma-miles-de-vidas-mediante-programa-de-alfabetizacion\/"},"modified":"2014-02-05T00:00:00","modified_gmt":"2014-02-05T04:00:00","slug":"el-salvador-la-iglesia-transforma-miles-de-vidas-mediante-programa-de-alfabetizacion","status":"publish","type":"post","link":"https:\/\/interamerica.org\/es\/2014\/02\/el-salvador-la-iglesia-transforma-miles-de-vidas-mediante-programa-de-alfabetizacion\/","title":{"rendered":"El Salvador: La iglesia transforma miles de vidas mediante programa de alfabetizaci\u00f3n"},"content":{"rendered":"<div id=\"attachment_10568\" style=\"width: 600px\" class=\"wp-caption aligncenter\"><a href=\"\/interamerica\/wp-content\/uploads\/2017\/06\/ESAU-ribbonLarge.png\" rel=\"fancybox\" title=\"El Salvador: La iglesia transforma miles de vidas mediante programa de alfabetizaci\u00f3n\"><img fetchpriority=\"high\" decoding=\"async\" aria-describedby=\"caption-attachment-10568\" class=\"size-full wp-image-10568\" src=\"\/interamerica\/wp-content\/uploads\/2017\/06\/ESAU-ribbonLarge.png\" alt=\"\" width=\"590\" height=\"388\" \/><\/a><p id=\"caption-attachment-10568\" class=\"wp-caption-text\">Estudiantes del programa de alfabetizaci\u00f3n en El Salvador portan una cinta y esperan que las llamen por nombre para recibir sus certificados de finalizaci\u00f3n del curso, durante una ceremonia especial llevada a cabo por la Iglesia Adventista el pasado 1 de diciembre de 2013 en el Auditorio Bosco en Soyapango, San Salvador, El Salvador. Unas 2500 personas completaron el programa de alfabetizaci\u00f3n coordinado por la iglesia y patrocinado por la iniciativa \u00abHope for Humanity\u00bb. Imagen de Luis Pedro Men\u00e9ndez\/DIA<\/p><\/div>\n<p>3 de febrero de 2014 &#8211; Soyapango, San Salvador, El Salvador&#8230;Gustavo Men\u00e9ndez\/DIA<\/p>\n<p>Miles de personas aprendieron a leer y escribir gracias a los esfuerzos continuados de la Iglesia Adventista del S\u00e9ptimo D\u00eda, los voluntarios de la iglesia en El Salvador, y la iniciativa \u00abHope for Humanity\u00bb.<\/p>\n<div id=\"attachment_10569\" style=\"width: 325px\" class=\"wp-caption alignleft\"><a href=\"\/interamerica\/wp-content\/uploads\/2017\/06\/ESAU-paniagua.png\" rel=\"fancybox\" title=\"El Salvador: La iglesia transforma miles de vidas mediante programa de alfabetizaci\u00f3n\"><img decoding=\"async\" aria-describedby=\"caption-attachment-10569\" class=\"size-full wp-image-10569 \" src=\"\/interamerica\/wp-content\/uploads\/2017\/06\/ESAU-paniagua.png\" alt=\"\" width=\"315\" height=\"213\" \/><\/a><p id=\"caption-attachment-10569\" class=\"wp-caption-text\">Ang\u00e9lica Paniagua, Coordinadora Nacional de Alfabetizaci\u00f3n del Ministerio de Educaci\u00f3n de El Salvador, celebr\u00f3 los esfuerzos de la Iglesia Adventista y la iniciativa \u00abHope for Humanity\u00bb por el trabajo conjunto y el compromiso para ofrecer cursos de alfabetizaci\u00f3n en cientos de comunidades del pa\u00eds. Imagen de Luis Pedro Men\u00e9ndez\/DIA<\/p><\/div>\n<p>M\u00e1s de 2500 personas mostraron sus certificados de finalizaci\u00f3n del curso, sosteni\u00e9ndolos sobre sus cabezas, como parte de una celebraci\u00f3n especial llevada hace poco en el Auditorio Don Bosco, en Soyapango, San Salvador, El Salvador.<\/p>\n<p>Ang\u00e9lica Paniagua, Coordinadora Nacional de Alfabetizaci\u00f3n del Ministerio de Educaci\u00f3n de El Salvador, celebr\u00f3 los esfuerzos de la Iglesia Adventista por su trabajo conjunto y su compromiso para ofrecer cursos de alfabetizaci\u00f3n en cientos de comunidades de este pa\u00eds centroamericano.<\/p>\n<p>\u00abNo tengo palabras para expresar nuestra gratitud en nombre del Ministerio de Educaci\u00f3n de El Salvador a \u00abHope for Humanity\u00bb y a la Iglesia [Adventista] por ellos son nuestros principales socios en el proceso de erradicar el analfabetismo en el pa\u00eds\u00bb, dijo Paniagua.<\/p>\n<p>\u00abGracias a vuestra ayuda, al trabajo conjunto con el gobierno y otras instituciones, hemos logrado disminuir la tasa de analfabetismo a comienzos de este a\u00f1o del 17 al 13 por ciento\u00bb, dijo Paniagua.<\/p>\n<p>\u00abLa celebraci\u00f3n del d\u00eda fue un momento para agradecer a los cientos de voluntarios que semana tras semana se comprometen con ense\u00f1ar a leer a otras personas, justo en el momento en que las Naciones Unidas observan el D\u00eda Internacional del Voluntario el 5 de diciembre de cada a\u00f1o.<\/p>\n<p>Durante su mensaje, Maitland DiPinto, de Hope for Humanity en la Divisi\u00f3n Norteamericana, dijo sentirse emocionado de ver los frutos del trabajo de tantos voluntarios.<\/p>\n<p>\u201cEstoy tan impresionado con el compromiso de los voluntarios que invierten m\u00e1s de dos horas por d\u00eda, cuatro veces por semana, ocho meses al a\u00f1o, y que entonces comienzan el ciclo una vez m\u00e1s al a\u00f1o siguiente para ayudar a transformar vidas\u00bb, dijo DiPinto. \u00abEsto no es casualidad, sino que es un compromiso real\u00bb.<\/p>\n<div id=\"attachment_10572\" style=\"width: 325px\" class=\"wp-caption alignleft\"><a href=\"\/interamerica\/wp-content\/uploads\/2017\/06\/DiPinto-ESAU.png\" rel=\"fancybox\" title=\"El Salvador: La iglesia transforma miles de vidas mediante programa de alfabetizaci\u00f3n\"><img decoding=\"async\" aria-describedby=\"caption-attachment-10572\" class=\"size-full wp-image-10572 \" src=\"\/interamerica\/wp-content\/uploads\/2017\/06\/DiPinto-ESAU.png\" alt=\"\" width=\"315\" height=\"250\" \/><\/a><p id=\"caption-attachment-10572\" class=\"wp-caption-text\">Maitland DiPinto, representante de Hope for Humanity, agradeci\u00f3 a los voluntarios por su compromiso semana tras semana a la hora de ense\u00f1ar a otros a leer y escribir como parte de los cursos de alfabetizaci\u00f3n en El Salvador. Imagen de Fabricio Rivera\/DIA<\/p><\/div>\n<p>\u201cLos voluntarios no solo han sido una bendici\u00f3n para la gente de su clase, sino que tambi\u00e9n han crecido y desarrollado sus capacidades para el liderazgo, y adem\u00e1s han experimentado la satisfacci\u00f3n y el gozo que produce cambiar la vida de tanta gente\u00bb, explic\u00f3 DiPinto.<\/p>\n<p>La alfabetizaci\u00f3n es un proceso transformador en la vida, enfatiz\u00f3 DiPinto. \u00abLa persona que aprende a leer y escribir tiene una nueva visi\u00f3n de la vida, una nueva perspectiva\u00bb.<\/p>\n<p>Wally Amundson, director de la Agencia Adventista de Desarrollo y Recursos Asistenciales (ADRA) en Interam\u00e9rica, quien ha estado supervisando los programas de alfabetizaci\u00f3n en todo el territorio de la Divisi\u00f3n Interamericana (IAD) en M\u00e9xico, Am\u00e9rica Central, Rep\u00fablica Dominicana y Hait\u00ed, dijo que era el grupo m\u00e1s grande de personas que se graduaron en un solo evento llevado a cabo por la Iglesia Adventista en Interam\u00e9rica.<\/p>\n<p>\u201cEstamos entusiasmados, porque estos grupos de alfabetizaci\u00f3n en diferentes comunidades de El Salvador son como un trampol\u00edn que integra a las personas en el sistema educacional, ayud\u00e1ndolos a obtener un diploma de estudios secundarios y a buscar la aprobaci\u00f3n de un examen nacional\u00bb, explic\u00f3 Amundson.<\/p>\n<p>Seg\u00fan Juan Pablo Ventura, director de ADRA El Salvador, ya se ha certificado a m\u00e1s de seis mil personas en los m\u00e1s de 650 c\u00edrculos de alfabetizaci\u00f3n a cargo de m\u00e1s de 520 voluntarios.<\/p>\n<p>\u00abEl significativo logro del programa es el trabajo conjunto entre ADRA El Salvador y la iglesia\u00bb, dijo Ventura. \u00abHa sido un desaf\u00edo vincular ambos y permitir que la comunidad sepa que ADRA no es solo una agencia que viene a ayudar cuando se produce una cat\u00e1strofe, pero una que puede ser vista como una organizaci\u00f3n que puede capacitar a la iglesia para que cumpla su responsabilidad social\u00bb, explic\u00f3.<\/p>\n<p>Seg\u00fan Ventura, el Ministerio de Educaci\u00f3n de El Salvador est\u00e1 comprometido a brindar materiales, capacitaci\u00f3n y personas acreditadas para los proyectos de alfabetizaci\u00f3n.<\/p>\n<div id=\"attachment_10576\" style=\"width: 310px\" class=\"wp-caption alignleft\"><a href=\"\/interamerica\/wp-content\/uploads\/2017\/06\/ESAU-happyshot.png\" rel=\"fancybox\" title=\"El Salvador: La iglesia transforma miles de vidas mediante programa de alfabetizaci\u00f3n\"><img loading=\"lazy\" decoding=\"async\" aria-describedby=\"caption-attachment-10576\" class=\"size-medium wp-image-10576\" src=\"\/interamerica\/wp-content\/uploads\/2017\/06\/ESAU-happyshot-300x197.png\" alt=\"\" width=\"300\" height=\"197\" \/><\/a><p id=\"caption-attachment-10576\" class=\"wp-caption-text\">Wally Amundson (segundo desde la izquierda), el director de ADRA Interam\u00e9rica, felicita a una graduada del curso de alfabetizaci\u00f3n durante la ceremonia, ante la mirada de Maitland DiPinto (a la derecha) y el pastor Abel Pacheco (extremo izquierdo), presidente de la Iglesia Adventista en El Salvador, se apresta tambi\u00e9n a felicitarla. Imagen de Luis Pedro Men\u00e9ndez\/DIA.<\/p><\/div>\n<p>El pastor Abel Pacheco, presidente de la Iglesia Adventista en El Salvador, se siente feliz de ver que la iglesia haya incorporado por primera vez programas de este tipo para la comunidad.<\/p>\n<p>\u00abEste tipo de servicio a la comunidad nos ha permitido establecer v\u00ednculos y ser conocidos por las comunidades, las agencias del gobierno y los organismos privados, como gente que se preocupa por el pr\u00f3jimo\u00bb, dijo el pastor Pachecho.<\/p>\n<p>Entre los que se graduaron del programa de alfabetizaci\u00f3n se encuentra Ferm\u00edn Requeno, alcalde del distrito municipal San Juan de la Reina, en el estado de San Miguel. \u00abSaber leer y escribir ha cambiado mi vida\u00bb, dijo Requeno. Requeno se encuentra ahora entre los principales promotores de la educaci\u00f3n en su comunidad.<\/p>\n<div id=\"attachment_10574\" style=\"width: 225px\" class=\"wp-caption alignright\"><a href=\"\/interamerica\/wp-content\/uploads\/2017\/06\/ESAU-MariaGonzalez.png\" rel=\"fancybox\" title=\"El Salvador: La iglesia transforma miles de vidas mediante programa de alfabetizaci\u00f3n\"><img loading=\"lazy\" decoding=\"async\" aria-describedby=\"caption-attachment-10574\" class=\"size-full wp-image-10574\" src=\"\/interamerica\/wp-content\/uploads\/2017\/06\/ESAU-MariaGonzalez.png\" alt=\"\" width=\"215\" height=\"322\" \/><\/a><p id=\"caption-attachment-10574\" class=\"wp-caption-text\">La graduanda Mar\u00eda Elena Gonz\u00e1lez, de 70 a\u00f1os, sostiene con orgullo su certificado durante la ceremonia de graduaci\u00f3n, despu\u00e9s de completar un curso de alfabetizaci\u00f3n organizado por la Iglesia Adventista de El Salvador. Imagen de Luis Pedro Men\u00e9ndez\/DIA<\/p><\/div>\n<p>La graduanda Mar\u00eda Elena Gonz\u00e1lez, de 70 a\u00f1os, trabaja en un servicio de lavander\u00eda en un centro m\u00e9dico en el distrito municipal de Apopa, y estuvo entre un grupo de 22 personas que asistieron al c\u00edrculo de alfabetizaci\u00f3n llevado a cabo all\u00ed.<\/p>\n<p>\u00abMi familia era muy pobre, por lo que no pude educarme\u00bb, dijo Gonz\u00e1lez. \u00abMe sent\u00eda tan mal cada vez que iba al banco a cobrar un cheque porque no sab\u00eda escribir mi nombre, de manera que decid\u00ed hacer un esfuerzo para aprender a leer y escribir\u00bb.<\/p>\n<p>Carlos Oswaldo Arevalo, de 32 a\u00f1os y quien trabaja en una compa\u00f1\u00eda de distribuci\u00f3n de gas propano, estuvo tambi\u00e9n entre los graduandos. Ar\u00e9valo solo hab\u00eda completado el primer grado, y siempre le hab\u00eda resultado dif\u00edcil encontrar trabajo. \u00abJam\u00e1s pude encontrar un trabajo mejor pago, y mucho menos uno de tipo m\u00e1s profesional\u00bb, dijo Ar\u00e9valo. \u00abMis compa\u00f1eros de trabajo se re\u00edan de m\u00ed, y me hac\u00edan sentir mal. Ahora ya nadie se r\u00ede de m\u00ed y mi jefe conf\u00eda en que yo puedo hacer todo el papeleo al igual que \u00e9l\u00bb.<\/p>\n<p>Cada uno de los graduandos recibi\u00f3 una flamante Biblia.<\/p>\n<p>La erradicaci\u00f3n del analfabetismo en el territorio a\u00fan est\u00e1 muy presente en la mente de los l\u00edderes de la iglesia, dijo Amundson.<\/p>\n<p>Aunque las estad\u00edsticas var\u00edan de pa\u00eds a pa\u00eds, dijo Amundson, Guatemala, Nicaragua y Honduras han visto un descenso marcado de los \u00edndices de analfabetismo. \u00abQueremos explorar todas las posibilidades para alcanzar a la poblaci\u00f3n analfabeta dentro de la iglesia y tambi\u00e9n en la comunidad\u00bb, a\u00f1adi\u00f3.<\/p>\n<p>Hasta la fecha, Hope for Humanity ha financiado programas de alfabetizaci\u00f3n en nueve pa\u00edses de la Divisi\u00f3n Interamericana. Entre los 3,6 millones de miembros del territorio, se estima que hay varios cientos de miles de feligreses que no saben leer ni escribir.<\/p>\n<p>\u00abLa alfabetizaci\u00f3n es un desaf\u00edo para la Iglesia Adventista de Interam\u00e9rica y de otras partes del mundo\u00bb, dijo DiPinto. \u00abDecimos que somos el pueblo de la Palabra, pero hay millones de miembros de iglesia en todo el mundo que no saben leer la Biblia o las lecciones de Escuela Sab\u00e1tica\u201d.<\/p>\n<div id=\"attachment_10580\" style=\"width: 310px\" class=\"wp-caption alignleft\"><a href=\"\/interamerica\/wp-content\/uploads\/2017\/06\/ESAU-crowd-Fabricio.png\" rel=\"fancybox\" title=\"El Salvador: La iglesia transforma miles de vidas mediante programa de alfabetizaci\u00f3n\"><img loading=\"lazy\" decoding=\"async\" aria-describedby=\"caption-attachment-10580\" class=\"size-medium wp-image-10580\" src=\"\/interamerica\/wp-content\/uploads\/2017\/06\/ESAU-crowd-Fabricio-300x198.png\" alt=\"\" width=\"300\" height=\"198\" \/><\/a><p id=\"caption-attachment-10580\" class=\"wp-caption-text\">Cientos de personas se reunieron para participar en la ceremonia de graduaci\u00f3n en El Salvador. Imagen de Fabricio Rivera\/DIA<\/p><\/div>\n<p>La alfabetizaci\u00f3n es algo sobre lo cual la iglesia tiene que hablar, sigui\u00f3 diciendo DiPinto. \u00abTiene que ver con transformar la vida de las personas\u00bb. El analfabetismo \u00abno es f\u00e1cil de ver porque la gente lo esconde, y tenemos que sensibilizar a nuestros miembros de iglesia para que lleguen a ser una bendici\u00f3n para las personas de la comunidad que no saben leer ni escribir\u00bb.<\/p>\n<p>Eso es exactamente en lo que Hope for Humanity y la iglesia han tenido \u00e9xito, dijo Amundson. \u00abHope for Humanity es la catalista que ayuda a que este programa de alfabetizaaci\u00f3n mejore y se expanda\u00bb.<\/p>\n<p>\u00abPor supuesto, la alfabetizaci\u00f3n es un gran desaf\u00edo en Interam\u00e9rica y en otros lugares del mndo, pero estamos haciendo algo al respecto\u00bb, a\u00f1adi\u00f3 Amundson.<\/p>\n<p>La Divisi\u00f3n Interamericana quiere implementar m\u00e1s programas basados en las iglesias, dijo Amundson. \u00abEstos programas de alfabetizaci\u00f3n que est\u00e1n a cargo por la iniciativa y la participaci\u00f3n de los miembros de iglesia hacen que el programa tenga \u00e9xito porque existe una infraestructura disponible que re\u00fane a diversos ministerios de la iglesia para que estos formen grupos de voluntarios\u00bb.<\/p>\n<p>El pastor Pacheco dijo que la iglesia de El Salvador se ha propuesto el objetivo para 2014 de que cada una de sus 930 iglesias adventistas sea un c\u00edrculo de alfabetizaci\u00f3n en sus comunidades.<\/p>\n<p>Hasta el momento, los c\u00edrculos de alfabetizaci\u00f3n en El Salvador cuentan con 175 facilitadores, que se re\u00fanen con sus estudiantes en hogares e iglesias, adem\u00e1s de cinco coordinadores regionales y coordinador nacional.<\/p>\n<div id=\"attachment_10575\" style=\"width: 310px\" class=\"wp-caption alignright\"><a href=\"\/interamerica\/wp-content\/uploads\/2017\/06\/ESAU-bibles.png\" rel=\"fancybox\" title=\"El Salvador: La iglesia transforma miles de vidas mediante programa de alfabetizaci\u00f3n\"><img loading=\"lazy\" decoding=\"async\" aria-describedby=\"caption-attachment-10575\" class=\"size-medium wp-image-10575\" src=\"\/interamerica\/wp-content\/uploads\/2017\/06\/ESAU-bibles-300x188.png\" alt=\"\" width=\"300\" height=\"188\" \/><\/a><p id=\"caption-attachment-10575\" class=\"wp-caption-text\">Cientos de graduandos de los c\u00edrculos de alfabetizaci\u00f3n muestran en alto sus flamantes Biblias despu\u00e9s de haber aprendido a leer y escribir. Imagen de Fabricio Rivera\/DIA<\/p><\/div>\n<p>\u00abHope for Humanity\u00bb es el nombre designado por la Divisi\u00f3n Norteamericana para los programas anuales de recolecci\u00f3n en sus iglesias. La iniciativa financia programas de alfabetizaci\u00f3n en muchos pa\u00edses del mundo, como por ejemplo la India. Desde el a\u00f1o 2000, m\u00e1s de cien mil personas han aprendido a leer y escribir gracias a la labor de m\u00e1s de diez mil voluntarios.<\/p>\n<p>\u00abHope For Humanity\u00bb es el nuevo rostro de uno de los ministerios m\u00e1s extensos y efectivos en la historia del adventismo, lo que sol\u00eda llamarse \u00abCampa\u00f1a de recolecci\u00f3n\u00bb. Durante m\u00e1s de un siglo, los adventistas han llegado a sus comunidades para tomar parte en apoyar el ministerio compasivo de Cristo.<\/p>\n<p>Si desea m\u00e1s informaci\u00f3n sobre \u00abHope for Humanity\u00bb, visite\u00a0<a href=\"http:\/\/www.hope4.com\">Hope4.com<\/a><\/p>\n<p><em>Traducci\u00f3n de Marcos Paseggi<\/em><\/p>\n","protected":false},"excerpt":{"rendered":"<p>Miles de personas aprendieron a leer y escribir gracias a los esfuerzos continuados de la Iglesia Adventista del S\u00e9ptimo D\u00eda, los voluntarios de la iglesia en El Salvador, y la iniciativa \u00abHope for Humanity\u00bb.<\/p>\n","protected":false},"author":1,"featured_media":22570,"comment_status":"closed","ping_status":"closed","sticky":false,"template":"","format":"standard","meta":{"_acf_changed":false,"footnotes":""},"categories":[17],"tags":[],"class_list":["post-30423","post","type-post","status-publish","format-standard","has-post-thumbnail","hentry","category-desde-el-campo"],"acf":[],"yoast_head":"<!-- This site is optimized with the Yoast SEO plugin v27.3 - https:\/\/yoast.com\/product\/yoast-seo-wordpress\/ -->\n<title>El Salvador: La iglesia transforma miles de vidas mediante programa de alfabetizaci\u00f3n - Iglesia Adventista del S\u00e9ptimo D\u00eda - Divisi\u00f3n Interamericana<\/title>\n<meta name=\"robots\" content=\"index, follow, max-snippet:-1, max-image-preview:large, max-video-preview:-1\" \/>\n<link rel=\"canonical\" href=\"https:\/\/interamerica.org\/es\/2014\/02\/el-salvador-la-iglesia-transforma-miles-de-vidas-mediante-programa-de-alfabetizacion\/\" \/>\n<meta property=\"og:locale\" content=\"es_ES\" \/>\n<meta property=\"og:type\" content=\"article\" \/>\n<meta property=\"og:title\" content=\"El Salvador: La iglesia transforma miles de vidas mediante programa de alfabetizaci\u00f3n - Iglesia Adventista del S\u00e9ptimo D\u00eda - Divisi\u00f3n Interamericana\" \/>\n<meta property=\"og:description\" content=\"Miles de personas aprendieron a leer y escribir gracias a los esfuerzos continuados de la Iglesia Adventista del S\u00e9ptimo D\u00eda, los voluntarios de la iglesia en El Salvador, y la iniciativa &quot;Hope for Humanity&quot;.\" \/>\n<meta property=\"og:url\" content=\"https:\/\/interamerica.org\/es\/2014\/02\/el-salvador-la-iglesia-transforma-miles-de-vidas-mediante-programa-de-alfabetizacion\/\" \/>\n<meta property=\"og:site_name\" content=\"Iglesia Adventista del S\u00e9ptimo D\u00eda - Divisi\u00f3n Interamericana\" \/>\n<meta property=\"article:published_time\" content=\"2014-02-05T04:00:00+00:00\" \/>\n<meta property=\"og:image\" content=\"https:\/\/interamerica.org\/wp-content\/uploads\/2017\/06\/ESAU-ribbonLarge.png\" \/>\n\t<meta property=\"og:image:width\" content=\"590\" \/>\n\t<meta property=\"og:image:height\" content=\"388\" \/>\n\t<meta property=\"og:image:type\" content=\"image\/png\" \/>\n<meta name=\"author\" content=\"Lorenzo Verduzco\" \/>\n<meta name=\"twitter:card\" content=\"summary_large_image\" \/>\n<meta name=\"twitter:label1\" content=\"Escrito por\" \/>\n\t<meta name=\"twitter:data1\" content=\"Lorenzo Verduzco\" \/>\n\t<meta name=\"twitter:label2\" content=\"Tiempo de lectura\" \/>\n\t<meta name=\"twitter:data2\" content=\"10 minutos\" \/>\n<script type=\"application\/ld+json\" class=\"yoast-schema-graph\">{\"@context\":\"https:\\\/\\\/schema.org\",\"@graph\":[{\"@type\":\"Article\",\"@id\":\"https:\\\/\\\/interamerica.org\\\/es\\\/2014\\\/02\\\/el-salvador-la-iglesia-transforma-miles-de-vidas-mediante-programa-de-alfabetizacion\\\/#article\",\"isPartOf\":{\"@id\":\"https:\\\/\\\/interamerica.org\\\/es\\\/2014\\\/02\\\/el-salvador-la-iglesia-transforma-miles-de-vidas-mediante-programa-de-alfabetizacion\\\/\"},\"author\":{\"name\":\"Lorenzo Verduzco\",\"@id\":\"https:\\\/\\\/interamerica.org\\\/es\\\/#\\\/schema\\\/person\\\/68ede8bdc292885bb76c1e3810e73c39\"},\"headline\":\"El Salvador: La iglesia transforma miles de vidas mediante programa de alfabetizaci\u00f3n\",\"datePublished\":\"2014-02-05T04:00:00+00:00\",\"mainEntityOfPage\":{\"@id\":\"https:\\\/\\\/interamerica.org\\\/es\\\/2014\\\/02\\\/el-salvador-la-iglesia-transforma-miles-de-vidas-mediante-programa-de-alfabetizacion\\\/\"},\"wordCount\":2003,\"image\":{\"@id\":\"https:\\\/\\\/interamerica.org\\\/es\\\/2014\\\/02\\\/el-salvador-la-iglesia-transforma-miles-de-vidas-mediante-programa-de-alfabetizacion\\\/#primaryimage\"},\"thumbnailUrl\":\"https:\\\/\\\/interamerica.org\\\/wp-content\\\/uploads\\\/2017\\\/06\\\/ESAU-ribbonLarge.png\",\"articleSection\":[\"Desde el campo\"],\"inLanguage\":\"es\"},{\"@type\":\"WebPage\",\"@id\":\"https:\\\/\\\/interamerica.org\\\/es\\\/2014\\\/02\\\/el-salvador-la-iglesia-transforma-miles-de-vidas-mediante-programa-de-alfabetizacion\\\/\",\"url\":\"https:\\\/\\\/interamerica.org\\\/es\\\/2014\\\/02\\\/el-salvador-la-iglesia-transforma-miles-de-vidas-mediante-programa-de-alfabetizacion\\\/\",\"name\":\"El Salvador: La iglesia transforma miles de vidas mediante programa de alfabetizaci\u00f3n - Iglesia Adventista del S\u00e9ptimo D\u00eda - Divisi\u00f3n Interamericana\",\"isPartOf\":{\"@id\":\"https:\\\/\\\/interamerica.org\\\/es\\\/#website\"},\"primaryImageOfPage\":{\"@id\":\"https:\\\/\\\/interamerica.org\\\/es\\\/2014\\\/02\\\/el-salvador-la-iglesia-transforma-miles-de-vidas-mediante-programa-de-alfabetizacion\\\/#primaryimage\"},\"image\":{\"@id\":\"https:\\\/\\\/interamerica.org\\\/es\\\/2014\\\/02\\\/el-salvador-la-iglesia-transforma-miles-de-vidas-mediante-programa-de-alfabetizacion\\\/#primaryimage\"},\"thumbnailUrl\":\"https:\\\/\\\/interamerica.org\\\/wp-content\\\/uploads\\\/2017\\\/06\\\/ESAU-ribbonLarge.png\",\"datePublished\":\"2014-02-05T04:00:00+00:00\",\"author\":{\"@id\":\"https:\\\/\\\/interamerica.org\\\/es\\\/#\\\/schema\\\/person\\\/68ede8bdc292885bb76c1e3810e73c39\"},\"breadcrumb\":{\"@id\":\"https:\\\/\\\/interamerica.org\\\/es\\\/2014\\\/02\\\/el-salvador-la-iglesia-transforma-miles-de-vidas-mediante-programa-de-alfabetizacion\\\/#breadcrumb\"},\"inLanguage\":\"es\",\"potentialAction\":[{\"@type\":\"ReadAction\",\"target\":[\"https:\\\/\\\/interamerica.org\\\/es\\\/2014\\\/02\\\/el-salvador-la-iglesia-transforma-miles-de-vidas-mediante-programa-de-alfabetizacion\\\/\"]}]},{\"@type\":\"ImageObject\",\"inLanguage\":\"es\",\"@id\":\"https:\\\/\\\/interamerica.org\\\/es\\\/2014\\\/02\\\/el-salvador-la-iglesia-transforma-miles-de-vidas-mediante-programa-de-alfabetizacion\\\/#primaryimage\",\"url\":\"https:\\\/\\\/interamerica.org\\\/wp-content\\\/uploads\\\/2017\\\/06\\\/ESAU-ribbonLarge.png\",\"contentUrl\":\"https:\\\/\\\/interamerica.org\\\/wp-content\\\/uploads\\\/2017\\\/06\\\/ESAU-ribbonLarge.png\",\"width\":590,\"height\":388},{\"@type\":\"BreadcrumbList\",\"@id\":\"https:\\\/\\\/interamerica.org\\\/es\\\/2014\\\/02\\\/el-salvador-la-iglesia-transforma-miles-de-vidas-mediante-programa-de-alfabetizacion\\\/#breadcrumb\",\"itemListElement\":[{\"@type\":\"ListItem\",\"position\":1,\"name\":\"Home\",\"item\":\"https:\\\/\\\/interamerica.org\\\/es\\\/\"},{\"@type\":\"ListItem\",\"position\":2,\"name\":\"El Salvador: La iglesia transforma miles de vidas mediante programa de alfabetizaci\u00f3n\"}]},{\"@type\":\"WebSite\",\"@id\":\"https:\\\/\\\/interamerica.org\\\/es\\\/#website\",\"url\":\"https:\\\/\\\/interamerica.org\\\/es\\\/\",\"name\":\"Iglesia Adventista del S\u00e9ptimo D\u00eda - Divisi\u00f3n Interamericana\",\"description\":\"\",\"potentialAction\":[{\"@type\":\"SearchAction\",\"target\":{\"@type\":\"EntryPoint\",\"urlTemplate\":\"https:\\\/\\\/interamerica.org\\\/es\\\/?s={search_term_string}\"},\"query-input\":{\"@type\":\"PropertyValueSpecification\",\"valueRequired\":true,\"valueName\":\"search_term_string\"}}],\"inLanguage\":\"es\"},{\"@type\":\"Person\",\"@id\":\"https:\\\/\\\/interamerica.org\\\/es\\\/#\\\/schema\\\/person\\\/68ede8bdc292885bb76c1e3810e73c39\",\"name\":\"Lorenzo Verduzco\",\"image\":{\"@type\":\"ImageObject\",\"inLanguage\":\"es\",\"@id\":\"https:\\\/\\\/secure.gravatar.com\\\/avatar\\\/fb81a55b6218459490a9c1dc841a34909185b81904c5337b4b27f7a6fd60c49e?s=96&d=mm&r=g\",\"url\":\"https:\\\/\\\/secure.gravatar.com\\\/avatar\\\/fb81a55b6218459490a9c1dc841a34909185b81904c5337b4b27f7a6fd60c49e?s=96&d=mm&r=g\",\"contentUrl\":\"https:\\\/\\\/secure.gravatar.com\\\/avatar\\\/fb81a55b6218459490a9c1dc841a34909185b81904c5337b4b27f7a6fd60c49e?s=96&d=mm&r=g\",\"caption\":\"Lorenzo Verduzco\"}}]}<\/script>\n<!-- \/ Yoast SEO plugin. -->","yoast_head_json":{"title":"El Salvador: La iglesia transforma miles de vidas mediante programa de alfabetizaci\u00f3n - Iglesia Adventista del S\u00e9ptimo D\u00eda - Divisi\u00f3n Interamericana","robots":{"index":"index","follow":"follow","max-snippet":"max-snippet:-1","max-image-preview":"max-image-preview:large","max-video-preview":"max-video-preview:-1"},"canonical":"https:\/\/interamerica.org\/es\/2014\/02\/el-salvador-la-iglesia-transforma-miles-de-vidas-mediante-programa-de-alfabetizacion\/","og_locale":"es_ES","og_type":"article","og_title":"El Salvador: La iglesia transforma miles de vidas mediante programa de alfabetizaci\u00f3n - Iglesia Adventista del S\u00e9ptimo D\u00eda - Divisi\u00f3n Interamericana","og_description":"Miles de personas aprendieron a leer y escribir gracias a los esfuerzos continuados de la Iglesia Adventista del S\u00e9ptimo D\u00eda, los voluntarios de la iglesia en El Salvador, y la iniciativa \"Hope for Humanity\".","og_url":"https:\/\/interamerica.org\/es\/2014\/02\/el-salvador-la-iglesia-transforma-miles-de-vidas-mediante-programa-de-alfabetizacion\/","og_site_name":"Iglesia Adventista del S\u00e9ptimo D\u00eda - Divisi\u00f3n Interamericana","article_published_time":"2014-02-05T04:00:00+00:00","og_image":[{"width":590,"height":388,"url":"https:\/\/interamerica.org\/wp-content\/uploads\/2017\/06\/ESAU-ribbonLarge.png","type":"image\/png"}],"author":"Lorenzo Verduzco","twitter_card":"summary_large_image","twitter_misc":{"Escrito por":"Lorenzo Verduzco","Tiempo de lectura":"10 minutos"},"schema":{"@context":"https:\/\/schema.org","@graph":[{"@type":"Article","@id":"https:\/\/interamerica.org\/es\/2014\/02\/el-salvador-la-iglesia-transforma-miles-de-vidas-mediante-programa-de-alfabetizacion\/#article","isPartOf":{"@id":"https:\/\/interamerica.org\/es\/2014\/02\/el-salvador-la-iglesia-transforma-miles-de-vidas-mediante-programa-de-alfabetizacion\/"},"author":{"name":"Lorenzo Verduzco","@id":"https:\/\/interamerica.org\/es\/#\/schema\/person\/68ede8bdc292885bb76c1e3810e73c39"},"headline":"El Salvador: La iglesia transforma miles de vidas mediante programa de alfabetizaci\u00f3n","datePublished":"2014-02-05T04:00:00+00:00","mainEntityOfPage":{"@id":"https:\/\/interamerica.org\/es\/2014\/02\/el-salvador-la-iglesia-transforma-miles-de-vidas-mediante-programa-de-alfabetizacion\/"},"wordCount":2003,"image":{"@id":"https:\/\/interamerica.org\/es\/2014\/02\/el-salvador-la-iglesia-transforma-miles-de-vidas-mediante-programa-de-alfabetizacion\/#primaryimage"},"thumbnailUrl":"https:\/\/interamerica.org\/wp-content\/uploads\/2017\/06\/ESAU-ribbonLarge.png","articleSection":["Desde el campo"],"inLanguage":"es"},{"@type":"WebPage","@id":"https:\/\/interamerica.org\/es\/2014\/02\/el-salvador-la-iglesia-transforma-miles-de-vidas-mediante-programa-de-alfabetizacion\/","url":"https:\/\/interamerica.org\/es\/2014\/02\/el-salvador-la-iglesia-transforma-miles-de-vidas-mediante-programa-de-alfabetizacion\/","name":"El Salvador: La iglesia transforma miles de vidas mediante programa de alfabetizaci\u00f3n - Iglesia Adventista del S\u00e9ptimo D\u00eda - Divisi\u00f3n Interamericana","isPartOf":{"@id":"https:\/\/interamerica.org\/es\/#website"},"primaryImageOfPage":{"@id":"https:\/\/interamerica.org\/es\/2014\/02\/el-salvador-la-iglesia-transforma-miles-de-vidas-mediante-programa-de-alfabetizacion\/#primaryimage"},"image":{"@id":"https:\/\/interamerica.org\/es\/2014\/02\/el-salvador-la-iglesia-transforma-miles-de-vidas-mediante-programa-de-alfabetizacion\/#primaryimage"},"thumbnailUrl":"https:\/\/interamerica.org\/wp-content\/uploads\/2017\/06\/ESAU-ribbonLarge.png","datePublished":"2014-02-05T04:00:00+00:00","author":{"@id":"https:\/\/interamerica.org\/es\/#\/schema\/person\/68ede8bdc292885bb76c1e3810e73c39"},"breadcrumb":{"@id":"https:\/\/interamerica.org\/es\/2014\/02\/el-salvador-la-iglesia-transforma-miles-de-vidas-mediante-programa-de-alfabetizacion\/#breadcrumb"},"inLanguage":"es","potentialAction":[{"@type":"ReadAction","target":["https:\/\/interamerica.org\/es\/2014\/02\/el-salvador-la-iglesia-transforma-miles-de-vidas-mediante-programa-de-alfabetizacion\/"]}]},{"@type":"ImageObject","inLanguage":"es","@id":"https:\/\/interamerica.org\/es\/2014\/02\/el-salvador-la-iglesia-transforma-miles-de-vidas-mediante-programa-de-alfabetizacion\/#primaryimage","url":"https:\/\/interamerica.org\/wp-content\/uploads\/2017\/06\/ESAU-ribbonLarge.png","contentUrl":"https:\/\/interamerica.org\/wp-content\/uploads\/2017\/06\/ESAU-ribbonLarge.png","width":590,"height":388},{"@type":"BreadcrumbList","@id":"https:\/\/interamerica.org\/es\/2014\/02\/el-salvador-la-iglesia-transforma-miles-de-vidas-mediante-programa-de-alfabetizacion\/#breadcrumb","itemListElement":[{"@type":"ListItem","position":1,"name":"Home","item":"https:\/\/interamerica.org\/es\/"},{"@type":"ListItem","position":2,"name":"El Salvador: La iglesia transforma miles de vidas mediante programa de alfabetizaci\u00f3n"}]},{"@type":"WebSite","@id":"https:\/\/interamerica.org\/es\/#website","url":"https:\/\/interamerica.org\/es\/","name":"Iglesia Adventista del S\u00e9ptimo D\u00eda - Divisi\u00f3n Interamericana","description":"","potentialAction":[{"@type":"SearchAction","target":{"@type":"EntryPoint","urlTemplate":"https:\/\/interamerica.org\/es\/?s={search_term_string}"},"query-input":{"@type":"PropertyValueSpecification","valueRequired":true,"valueName":"search_term_string"}}],"inLanguage":"es"},{"@type":"Person","@id":"https:\/\/interamerica.org\/es\/#\/schema\/person\/68ede8bdc292885bb76c1e3810e73c39","name":"Lorenzo Verduzco","image":{"@type":"ImageObject","inLanguage":"es","@id":"https:\/\/secure.gravatar.com\/avatar\/fb81a55b6218459490a9c1dc841a34909185b81904c5337b4b27f7a6fd60c49e?s=96&d=mm&r=g","url":"https:\/\/secure.gravatar.com\/avatar\/fb81a55b6218459490a9c1dc841a34909185b81904c5337b4b27f7a6fd60c49e?s=96&d=mm&r=g","contentUrl":"https:\/\/secure.gravatar.com\/avatar\/fb81a55b6218459490a9c1dc841a34909185b81904c5337b4b27f7a6fd60c49e?s=96&d=mm&r=g","caption":"Lorenzo Verduzco"}}]}},"_links":{"self":[{"href":"https:\/\/interamerica.org\/es\/wp-json\/wp\/v2\/posts\/30423","targetHints":{"allow":["GET"]}}],"collection":[{"href":"https:\/\/interamerica.org\/es\/wp-json\/wp\/v2\/posts"}],"about":[{"href":"https:\/\/interamerica.org\/es\/wp-json\/wp\/v2\/types\/post"}],"author":[{"embeddable":true,"href":"https:\/\/interamerica.org\/es\/wp-json\/wp\/v2\/users\/1"}],"replies":[{"embeddable":true,"href":"https:\/\/interamerica.org\/es\/wp-json\/wp\/v2\/comments?post=30423"}],"version-history":[{"count":0,"href":"https:\/\/interamerica.org\/es\/wp-json\/wp\/v2\/posts\/30423\/revisions"}],"wp:featuredmedia":[{"embeddable":true,"href":"https:\/\/interamerica.org\/es\/wp-json\/wp\/v2\/media\/22570"}],"wp:attachment":[{"href":"https:\/\/interamerica.org\/es\/wp-json\/wp\/v2\/media?parent=30423"}],"wp:term":[{"taxonomy":"category","embeddable":true,"href":"https:\/\/interamerica.org\/es\/wp-json\/wp\/v2\/categories?post=30423"},{"taxonomy":"post_tag","embeddable":true,"href":"https:\/\/interamerica.org\/es\/wp-json\/wp\/v2\/tags?post=30423"}],"curies":[{"name":"wp","href":"https:\/\/api.w.org\/{rel}","templated":true}]}}