{"id":30424,"date":"2014-02-10T00:00:00","date_gmt":"2014-02-10T04:00:00","guid":{"rendered":"http:\/\/192.81.217.108\/interamerica\/2014\/02\/reflexiones-de-monteiro-sobre-su-detencion-en-la-prision\/"},"modified":"2014-02-10T00:00:00","modified_gmt":"2014-02-10T04:00:00","slug":"reflexiones-de-monteiro-sobre-su-detencion-en-la-prision","status":"publish","type":"post","link":"https:\/\/interamerica.org\/es\/2014\/02\/reflexiones-de-monteiro-sobre-su-detencion-en-la-prision\/","title":{"rendered":"Reflexiones de Monteiro sobre su detenci\u00f3n en la prisi\u00f3n"},"content":{"rendered":"<p>7 de febrero de 2014 &#8211; Dakar, Senegal&#8230;Delbert Baker<\/p>\n<p><div id=\"attachment_10607\" style=\"width: 310px\" class=\"wp-caption alignright\"><a href=\"\/interamerica\/wp-content\/uploads\/2017\/06\/csm_mont-int_a007af7d44.jpg\" rel=\"fancybox\" title=\"Reflexiones de Monteiro sobre su detenci\u00f3n en la prisi\u00f3n\"><img fetchpriority=\"high\" decoding=\"async\" aria-describedby=\"caption-attachment-10607\" class=\"size-medium wp-image-10607\" src=\"\/interamerica\/wp-content\/uploads\/2017\/06\/csm_mont-int_a007af7d44-300x225.jpg\" alt=\"\" width=\"300\" height=\"225\" \/><\/a><p id=\"caption-attachment-10607\" class=\"wp-caption-text\">Antonio Monteiro fue recibido el mes pasado por una multitud de partidarios en el aeropuerto de Cabo Verde, despu[es de su liberaci\u00f3n de prisi\u00f3n en Togo. Su detenci\u00f3n hab\u00eda sido centro de varias campa\u00f1as por parte de la Iglesia Adventista mundial que se dedicaron a pedir su liberaci\u00f3n. Imagen por cortes\u00eda de la familia Monteiro.<\/p><\/div>El pastor adventista Antonio Monteiro dos Anjos fue arrestado, acusado y encarcelado en la Prisi\u00f3n Civil de Lom\u00e9 (Togo) el pasado 15 de marzo de 2012. Despu\u00e9s de 22 meses, el Juzgado de Apelaciones de Togo declar\u00f3 inocente a este nativo de Cabo Verde de todos los cargos en su contra, y fue liberado el pasado 13 de enero de 2014. Miles de adventistas del s\u00e9ptimo d\u00eda, personas de diversas denominaciones y defensores de los derechos humanos en el mundo, que hab\u00edan orado y hecho esfuerzos por la liberaci\u00f3n del ministro, se sintieron agradecidos por la noticias de su liberaci\u00f3n. Pero todav\u00eda hay otros, incluido Bruno Amah, miembro de la Iglesia Adventista, que permanecen en prisi\u00f3n por cargos relacionados con el caso.<\/p>\n<p>Monteiro y su familia pasaron el primer s\u00e1bado en libertad en Dakar (Senegal), en camino a su hogar en Cabo Verde. Delbert Baker, uno de los vicepresidentes de la Iglesia Adventista mundial y representante de la sede central de la iglesia, se reuni\u00f3 con los Monteiro y los acompa\u00f1\u00f3 de regreso a Cabo Verde. Monteiro recibi\u00f3 una c\u00e1lida y jubilosa bienvenida de m\u00e1s de mil partidarios y amigos reunidos en el Aeropuerto Internacional Nelson Mandela, en la ciudad capital de Praia. Baker entrevist\u00f3 a Monteiro en Senegal, donde analizaron el tiempo que pas\u00f3 en prisi\u00f3n, lo que sinti\u00f3 durante ese per\u00edodo, y lo que planea hacer a continuaci\u00f3n.<\/p>\n<p>La traducci\u00f3n del portugu\u00e9s al ingl\u00e9s fue provista por Andreia, una de las hijas del pastor Monteiro.<\/p>\n<p>ALGUNAS REFLEXIONES<\/p>\n<p><strong>Delbert Baker:<\/strong>\u00a0En breve, \u00bfc\u00f3mo resumir\u00eda su experiencia de ser falsamente acusado, arrestado y colocado en prisi\u00f3n durante casi dos a\u00f1os que usted no cometi\u00f3?<\/p>\n<p><strong>Antonio Monteiro:<\/strong>\u00a0Ayud\u00e9 a un hombre que vino a mi oficina para pedir ayuda, un hombre que jam\u00e1s hab\u00eda visto antes. Tiempo despu\u00e9s ese mismo hombre, cuando se vio en problemas con la polic\u00eda, me acus\u00f3 a m\u00ed y a otros de un crimen del cual yo no sab\u00eda nada ni hab\u00eda tenido nada que ver. Como resultado de esas acusaciones falsas, fue arrestado y mantenido injustamente en la prisi\u00f3n.<\/p>\n<p>Cuando me sucedieron estas cosas fue como si el cielo hubiera ca\u00eddo sobre m\u00ed. El \u00faltimo serm\u00f3n que prediqu\u00e9 antes de ser arrestado hablaba del reavivamiento personal y de caminar con Dios. Cuando prediqu\u00e9 ese serm\u00f3n no pod\u00eda saber cu\u00e1nto necesitar\u00eda creer y seguir los mismos principios de la Biblia de los que estaba hablando. Mi fe fue probada, pero Dios me sustent\u00f3.<\/p>\n<p><strong>Baker:<\/strong>\u00a0Las cortes de Togo lo hallaron hace poco inocente de todos los cargos. \u00bfCu\u00e1les fueron sus emociones cuando escuch\u00f3 el veredicto?<\/p>\n<p><strong>Monteiro:<\/strong>\u00a0Me sent\u00ed agradecido, aliviado y feliz. Recuerdo cuando el juez estaba leyendo las declaraciones con todos los t\u00e9rminos y leyes legales, que los dos guardias que estaban junto a m\u00ed se volvieron hacia m\u00ed y me dijeron en voz baja: \u201c\u00a1Pastor, usted est\u00e1 libre!\u201d Fue un momento emocional y de mucho gozo. Mi primer pensamiento despu\u00e9s de escuchar el veredicto fue que tendr\u00eda tanta alegr\u00eda de estar con mi familia y mis amigos.<\/p>\n<p><strong>Baker:<\/strong>\u00a0\u00bfQu\u00e9 factores influyeron para su absoluci\u00f3n y liberaci\u00f3n?<\/p>\n<p><strong>Monteiro:<\/strong>\u00a0En primer lugar, fue una intervenci\u00f3n directa de Dios. El Se\u00f1or obr\u00f3 por medio de otras personas. Podr\u00eda haber sido ignorado u olvidado en prisi\u00f3n, pero mi esposa y mi familia, los l\u00edderes y colegas de todos los niveles de la Iglesia Adventista no me olvidaron. Entonces Dios obr\u00f3 por medio del gobierno de Cabo de los abogados de la defensa. El poder de Dios fue magn\u00edfico.<\/p>\n<p>LAS PRUEBAS<\/p>\n<p><strong>Baker:<\/strong>\u00a0Al mirar hacia atr\u00e1s, \u00bftiene usted alguna idea de por qu\u00e9 Dios puede haber permitido que tuviera que pasar por esa experiencia?<\/p>\n<p><strong>Monteiro:<\/strong>\u00a0En realidad, no puedo explicar lo que pas\u00f3. Parece ser que Dios quiso cumplir un prop\u00f3sito mayor. Me doy cuenta de que no tengo todas las respuestas a las cosas que nos suceden en la vida. Hay cosas que no tenemos m\u00e1s que vivirlas. Mi mayor preocupaci\u00f3n eran los integrantes de mi familia. Si a ellos les hubiera pasado algo como consecuencia de lo que me hab\u00eda sucedido a m\u00ed, eso habr\u00eda sido lo peor.<\/p>\n<p><strong>Baker:<\/strong>\u00a0\u00bfLo llenaron de ira o amargura las acusaciones y el tiempo que tuvo que pasar en prisi\u00f3n?<\/p>\n<p><strong>Monteiro:<\/strong>\u00a0No. No me sent\u00eda enojado o amargado. Sab\u00eda que no hab\u00eda sustento para esas acusaciones contra m\u00ed, y sab\u00eda que estaba siendo tratado injustamente. Al comienzo sol\u00eda preguntarme: \u201c\u00bfPor qu\u00e9 me est\u00e1 sucediendo esto?\u201d Pero entonces comenc\u00e9 a preguntarme: \u201c\u00bfQu\u00e9 quiere Dios que aprenda de esta situaci\u00f3n?\u201d<\/p>\n<p>Esa fue una manera mucho mejor de enfrentar mi situaci\u00f3n. Decid\u00ed que no pasar\u00eda tiempo siendo negativo sino que, por el contrario, lo usar\u00eda como una experiencia de aprendizaje y crecimiento. En prisi\u00f3n vi a tantos otros presos que estaban enojados, airados y molestos todo el tiempo. Vi lo que pod\u00eda hacer la ira y la amargura para quebrantarlos y envenenar todas sus relaciones. No quer\u00eda terminar as\u00ed como ellos.<\/p>\n<p><strong>Baker:<\/strong>\u00a0\u00bfQu\u00e9 puede decir de los otros que tambi\u00e9n fueron acusados con ustedes, pero que no han sido liberados?<\/p>\n<p><strong>Monteiro:<\/strong>\u00a0Alguien me dijo, y yo lo creo, que yo estaba en la prisi\u00f3n con una misi\u00f3n, y que no pod\u00eda salir de prisi\u00f3n hasta que se cumpliera mi misi\u00f3n. Esto fue as\u00ed en mi caso, y es tambi\u00e9n verdad en el caso de los dem\u00e1s. Tenemos una misi\u00f3n que cumplir, y Dios promete estar con nosotros cuando nos quedamos para cumplirla o cuando \u00e9l quiere que le pongamos fin.<\/p>\n<p>Cuando sal\u00ed de la prisi\u00f3n, le dije al hermano [Bruno] Amah, a quien respeto y quien creo que es inocente, y a los creyentes, que tienen que continuar con la obra que nosotros comenzamos. A\u00fan oro para que el mismo Dios que obr\u00f3 con nosotros en el pasado siga estando con ellos. Sigo interesado en ellos, y sigo apoy\u00e1ndolos.<\/p>\n<p>LA ABSOLUCI\u00d3N<\/p>\n<p><strong>Baker:<\/strong>\u00a0\u00bfQu\u00e9 habr\u00eda pasado si su veredicto hubiera sido diferente? \u00bfQu\u00e9 habr\u00eda sucedido si usted no hubiera sido liberado?<\/p>\n<p><strong>Monteiro:<\/strong>\u00a0Es una buena pregunta, y me alegro mucho de no tener que responderla (risas). Caundo estaba en la prisi\u00f3n, cre\u00eda realmente que Dios me liberar\u00eda. \u00c9l me impresion\u00f3 con ese pensamiento. Aun as\u00ed, sab\u00eda que no pod\u00eda decir mucho sobre la condena. Pero aunque cre\u00eda que Dios me liberar\u00eda, estaba preparado para seguir en prisi\u00f3n o para hacer cualquier sacrificio que fuera necesario.<\/p>\n<p><strong>Baker:<\/strong>\u00a0Usted hizo la obra de un cristiano al ayudar a una persona necesitada. Entonces esa misma persona contribuy\u00f3 a acusarlo falsamente. \u00bfHa hecho esta experiencia que usted ahora piense dos veces antes de ayudar a otra persona?<\/p>\n<p><strong>Monteiro:<\/strong>\u00a0No. Lo que sucedi\u00f3 no ha influido en mi deseo de ayudar a otros. El hecho de que pasen cosas que uno no desea cuando nos dedicamos a hacer el bien no deber\u00eda detenernos a la hora de hacer el bien. Jes\u00fas hizo el bien, y mire c\u00f3mo fue tratado en la cruz. En prisi\u00f3n, tuve la oportunidad de ayudar a m\u00e1s gente que nunca antes. Sin embargo, a la hora de ayudar a los dem\u00e1s, siempre deber\u00edamos ser sabios y pensar bien para tomar las precauciones que sean necesarias.<\/p>\n<p><strong>Baker:<\/strong>\u00a0\u00bfSiente usted que su experiencia espiritual previa lo prepar\u00f3 para esta prueba?<\/p>\n<p><strong>Monteiro:<\/strong>\u00a0Dios no permitir\u00e1 que nos sobrevenga una experiencia o tentaci\u00f3n que no podemos soportar. Yo creo que Dios nos prepara para lo que tendremos que enfrentar. S\u00ed, mi experiencia previa con Dios me ayud\u00f3 a prepararme para enfrentar y progresar en esa situaci\u00f3n. Un solo suceso no alcanza para prepararnos.<\/p>\n<p>Como dijo Jes\u00fas: \u201cPadre, si es posible, pasa de m\u00ed esta copa\u201d. Pero entonces tenemos que agregar: \u201cNo se haga mi voluntad, sino la tuya\u201d. Estos son pensamientos que no vienen una sola vez en la vida, sino que regresan de tanto en tanto. En cada ocasi\u00f3n, tenemos que enfrentarlos y seguir creyendo por fe.<\/p>\n<p>EL MINISTERIO<\/p>\n<p><strong>Baker:<\/strong>\u00a0Describa un d\u00eda t\u00edpico en la prisi\u00f3n.<\/p>\n<p><strong>Monteiro:<\/strong>\u00a0Viv\u00eda en una prisi\u00f3n que hab\u00eda sido construida para albergar a quinientos presos, pero donde hab\u00eda casi dos mil. Donde yo estaba espec\u00edficamente ten\u00eda de 25 a 28 hombres, y era un lugar muy estrecho, sin ventanas o aire acondicionado. Nos levant\u00e1bamos temprano. Yo dedicaba tiempo a la oraci\u00f3n personal y a leer la Biblia, y entonces pas\u00e1bamos al patio. Muchos prisioneros consideraban que la comida no calificaba como alimento. Por supuesto, no pod\u00edamos acceder a las libertades m\u00e1s b\u00e1sicas.<\/p>\n<p>Cada tarde, a las 17.30, los guardias nos encerraban a todos en la habitaci\u00f3n y no pod\u00edamos salir. Ellos tampoco regresaban hasta el d\u00eda siguiente a las 6.00. No ten\u00edamos camas, sino tan solo unas esterillas sobre el piso duro. En el centro de la habitaci\u00f3n hab\u00eda un cubo grande que todos us\u00e1bamos como ba\u00f1o. No hab\u00eda privacidad. Perm\u00edtanme decirles que las condiciones de vida dejaban mucho que desear. Debido al ambiente, hab\u00eda enfermedades y la posibilidad de que surgieran peleas. Sin embargo, para m\u00ed fue una bendici\u00f3n la manera en que los dem\u00e1s prisioneros me respetaban y trataban, y por el hecho de que jam\u00e1s, ni siquiera una sola vez, me enferm\u00e9 mientras estuve all\u00ed.<\/p>\n<p><strong>Baker:<\/strong>\u00a0Mucha gente de diversas partes del mundo lo visit\u00f3 all\u00ed en prisi\u00f3n. \u00bfQu\u00e9 impacto tuvieron esas visitas en usted y en el tiempo que pas\u00f3 en prisi\u00f3n?<\/p>\n<p><strong>Monteiro:<\/strong>\u00a0S\u00ed, las visitas me resultaron de lo m\u00e1s alentadoras. Ahora entiendo mejor lo que dice la Biblia cuando nos dice que tenemos que visitar a los que est\u00e1n en prisi\u00f3n. Cada visita era un testimonio y una demostraci\u00f3n de amor y apoyo.<\/p>\n<p>El punto destacado de mi d\u00eda era cuando llegaba mi esposa a visitarme. Se le permit\u00eda traerme alimentos, y as\u00ed lo hac\u00eda cada d\u00eda. A menudo ven\u00edan tambi\u00e9n mis hijas. Entonces recib\u00ed visitas de los l\u00edderes de la Mis\u00ed\u00f3n y la Uni\u00f3n adventistas, tanto de pastores como de miembros; visitas de representantes de la Divisi\u00f3n y la Asociaci\u00f3n General, y de mi pa\u00eds, Cabo Verde.<\/p>\n<p>Una de las visitas m\u00e1s especiales fue la que me hizo el pastor Ted [Wilson], el presidente de la Asociaci\u00f3n General de la Iglesia Adventista. Todos, tanto los prisioneros, los guardias, los directivos de la prisi\u00f3n, los miembros y la gente de la comunidad, quedaron impresionados al ver que el presidente dedic\u00f3 tiempo a visitarme.<\/p>\n<p>LAS LECCIONES<\/p>\n<p><strong>Baker:<\/strong>\u00a0\u00bfCu\u00e1les son algunas de las lecciones que usted ha obtenido durante este tiempo en la prisi\u00f3n?<\/p>\n<p><strong>Monteiro:<\/strong>\u00a0Hay muchas lecciones que he aprendido mientras estuve en prisi\u00f3n. Aqu\u00ed hay algunas. Aprend\u00ed que hay gran poder en las siguientes cosas:<\/p>\n<p>En primer lugar, en perd\u00f3n sin resentimiento. Sent\u00ed la tentaci\u00f3n de sentirme amargado y enojado por la forma en que era tratado. Pero record\u00e9 que Jes\u00fas tambi\u00e9n fue maltratado y acusado injustamente, inclusive por sus mismos seguidores. De manera que mi plan fue perdonar y no guardar resentimiento. Fue por ello que logr\u00e9 relacionarme amablemente con el hombre que me hab\u00eda acusado falsamente, un hombre que m\u00e1s tarde fue confinado a la misma prisi\u00f3n donde yo me encontraba. Eso me brind\u00f3 fuego espiritual y poder para seguir adelante.<\/p>\n<p>A continuaci\u00f3n, aceptaci\u00f3n sin darme por vencido. No sab\u00eda qu\u00e9 me deparar\u00eda el futuro, pero acept\u00e9 mi estado en la prisi\u00f3n. Cre\u00ed que en alg\u00fan momento ser\u00eda liberado, aunque no sab\u00eda d\u00f3nde y c\u00f3mo se producir\u00eda esa liberaci\u00f3n. Por lo tanto, no le dije a la gente c\u00f3mo reaccionar\u00eda si no lo era. \u00bfPor qu\u00e9? Porque no quer\u00eda que ellos me malentendieran y creyeran que ten\u00eda dudas o inseguridades. No pensaba rendirme; pensaba seguir creyendo y trabajando para obtener justicia contra las falsas acusaciones.<\/p>\n<p>En tercer lugar, compasi\u00f3n y generosidad. En la prisi\u00f3n siempre hay necesidad de ayudar a la gente. El amor y la bondad eran muy importantes en esa prisi\u00f3n. Est\u00e1bamos muchos presos en un lugar reducido. En esta situaci\u00f3n dif\u00edcil, hay una necesidad real de demostrar el amor de Cristo.<\/p>\n<p>Cuando la gente estaba con hambre, necesitaba dinero, estaba desanimada o ten\u00eda problemas en su hogar, me acercaba a ellos y los ayudaba dentro de lo posible. Entonces, cuando los prisioneros se enojaban y comenzaban a pelear, buscaba que recuperaran la paz y su reconciliaci\u00f3n. Por sobre todo, cuando las personas se mostraban abiertas, les compart\u00eda el evangelio. En portugu\u00e9s hay una palabra, \u201cmorabeza\u201d, que resume lo que yo buscaba demostrarles. Es una palabra poderosa que significa hospitalidad, amabilidad y amor.<\/p>\n<p>En cuarto lugar, confianza persistente en Dios. Segu\u00ed creyendo que Dios estaba conmigo en la prisi\u00f3n. No me iba a dar por vencido. Pens\u00e9 en los personajes de la Biblia que tuvieron que pasar tiempo en prisi\u00f3n (Jos\u00e9, Jerem\u00edas, Pablo y otros), y esto me anim\u00f3. Al igual que Pablo, no era prisionero de Togo, sino de Jesucristo.<\/p>\n<p>Finalmente, aprend\u00ed a usar el tiempo con sabidur\u00eda. Ten\u00eda tiempo libre. Pod\u00eda desperdiciarlo o usarlo para crecer mental y espiritualmente. Le\u00eda la Biblia y otros libros. Oraba, escrib\u00eda un diario y preparaba temas devocionales. Pod\u00eda predicar, ense\u00f1ar y aconsejar a otros. Procur\u00e9 usar mi tiempo de manera constructiva.<\/p>\n<p>EL EJEMPLO<\/p>\n<p><strong>Baker:<\/strong>\u00a0Usted se refiri\u00f3 a la necesidad de perdonar a los que lo hab\u00edan acusado falsamente. \u00bfC\u00f3mo logro ejercer el ministerio del perd\u00f3n?<\/p>\n<p><strong>Monteiro:<\/strong>\u00a0Simplemente los perdon\u00e9. Como resultado de mi decisi\u00f3n de no estar enojado o amargado, resolv\u00ed perdonar as\u00ed como Dios me hab\u00eda perdonado. La venganza no vale la pena, y cuesta mucho.<\/p>\n<p>La gente vio que trat\u00e9 a mi acusador con bondad y decencia, y quisieron saber entonces c\u00f3mo lo lograba. Esta demostraci\u00f3n viviente de perd\u00f3n abri\u00f3 muchas puertas a la testificaci\u00f3n, y esto comenz\u00f3 a hacer una gran diferencia. La prisi\u00f3n se convirti\u00f3 en un lugar m\u00e1s pac\u00edfico. La gente dec\u00eda: \u201cNo podemos pelear como lo hac\u00edamos antes cuando el pastor Monteiro anda por aqu\u00ed\u201d (risas). El ejemplo del perd\u00f3n es poderoso y contagioso.<\/p>\n<p><strong>Baker:<\/strong>\u00a0Usted se dedic\u00f3 a evangelizar y testificar. Hay fotograf\u00edas donde se lo ve llevando a cabo una Santa Cena, y tambi\u00e9n bautizando. Cu\u00e9ntenos sobre sus actividades misioneras.<\/p>\n<p><strong>Monteiro:<\/strong>\u00a0La prisi\u00f3n era un territorio de evangelizaci\u00f3n y los presos eran personas que hab\u00eda que ayudar y, de ser posible, ganar para Cristo. Las experiencias en la prisi\u00f3n que tuvieron Pablo, Daniel y Jos\u00e9, junto con sus h\u00e1bitos de testificaci\u00f3n, me sirvieron de muy buenos ejemplos. Pablo testific\u00f3 y gan\u00f3 almas para Cristo mientras estaba encadenado. Daniel fue arrojado en prisi\u00f3n durante un tiempo, pero \u00e9l dio un testimonio al rey. Jos\u00e9 estuvo en prisi\u00f3n injustamente y aun as\u00ed, testific\u00f3 y trat\u00f3 con bondad a los dem\u00e1s prisioneros.<\/p>\n<p>Cuando llegu\u00e9 a la prisi\u00f3n, me presentaron como pastor adventista. Quer\u00edan que les predicara, y as\u00ed lo hice. Sol\u00eda predicar y dar estudios b\u00edblicos de manera peri\u00f3dica. Entonces tambi\u00e9n regal\u00e9 impresos llenos de la verdad que me trajo la iglesia a la prisi\u00f3n. Usamos y regalamos los libros de la serie \u201cEl conflicto de los siglos\u201d, cientos de estudios b\u00edblicos, la serie \u201cConectados con Jes\u00fas\u201d, libros tales como <em>El hogar cristiano<\/em>, <em>El camino a Cristo<\/em>, y m\u00e1s de dos mil ejemplares de <em>El conflicto de los siglos<\/em>.<\/p>\n<p>Entonces organizamos grupos de oraci\u00f3n y de estudio de la Biblia. Tambi\u00e9n organizamos un \u201cD\u00eda de Oraci\u00f3n por Togo\u201d. Por primera vez, musulmanes, cat\u00f3licos, protestantes y de otras religiones se unieron en comuni\u00f3n para orar por el pa\u00eds y por los l\u00edderes de Togo. Estas actividades crearon unidad en la prisi\u00f3n.<\/p>\n<p><strong>Baker:<\/strong>\u00a0El modelo t\u00edpico de ministerio en la prisi\u00f3n es que la gente ministre \u201cdesde afuera hacia adentro\u201d. En su caso, fue \u201cde adento hacia afuera\u201d. \u00bfLe result\u00f3 dif\u00edcil cumplir con el ministerio en la prisi\u00f3n, siendo usted mismo prisionero?<\/p>\n<p><strong>Monteiro:<\/strong>\u00a0En ocasiones me result\u00f3 dif\u00edcil ministrar en la prisi\u00f3n, pero tambi\u00e9n sent\u00eda gozo, en especial cuando ve\u00eda respuestas a las oraciones y vidas transformadas. No fui a la prisi\u00f3n con un plan misionero ya desarrollado y establecido (risas). El plan se fue desarroll\u00e1ndose a medida que se presentaba la oportunidad.<\/p>\n<p>Predicaba los martes y jueves y daba estudios b\u00edblicos durante toda la semana. Tambi\u00e9n ten\u00eda tiempo de traducir la Biblia y materiales del esp\u00edritu de profec\u00eda al portugu\u00e9s. Entonces estaban los servicios bautismales y de comuni\u00f3n, que tan significativos resultaron. En una ceremonia bautismal, se bautizaron nueve presos que se unieron a la Iglesia Adventista.<\/p>\n<p>EL FUTURO<\/p>\n<p><strong>Baker:<\/strong>\u00a0\u00bfCu\u00e1l cree usted que es el legado espiritual del tiempo que pas\u00f3 en prisi\u00f3n?<\/p>\n<p><strong>Monteiro:<\/strong>\u00a0No estoy seguro de que lo llamar\u00eda un legado, pero me gustar\u00eda pensar que he cumplido con la misi\u00f3n que Jes\u00fas quer\u00eda que llevara a cabo. Llegu\u00e9 all\u00ed acusado por algo que no hab\u00eda hecho. Mientras me encontraba all\u00ed descubr\u00ed que hab\u00eda grandes necesidades. Y que yo ten\u00eda algo especial que ofrecer, una obra especial para llevar a cabo. Y as\u00ed lo hice.<\/p>\n<p><strong>Baker:<\/strong>\u00a0Su ministerio sin duda continuar\u00e1. \u00bfCu\u00e1les son algunas de las posibilidades que contempla?<\/p>\n<p><strong>Monteiro:<\/strong>\u00a0Mi deseo es ministrar y ayudar a la gente. Ver\u00e9 qu\u00e9 tiene Dios para el futuro. Tengo mi misi\u00f3n de pastor en la Asociaci\u00f3n de Cabo Verde. Asimismo, siento gran inter\u00e9s por el ministerio en las prisiones. Creo que puedo usar mi experiencia para ministrar en esta \u00e1rea y mejorar las cosas. Este es el ministerio que Cristo alienta, y hay much\u00edsimo que puede lograrse en esta importante \u00e1rea. Entonces, estoy dispuesto a compartir mi testimonio con quien sea que quiera escucharlo.<\/p>\n<p>AGRADECIMIENTOS<\/p>\n<p><strong>Baker:<\/strong>\u00a0\u00bfQu\u00e9 mensaje le gustar\u00eda compartir con los adventistas y con otras personas del mundo que oraron por usted y que ahora se alegran por su liberaci\u00f3n?<\/p>\n<p><strong>Monteiro:<\/strong>\u00a0Tengo un mensaje, y es un mensaje de agradecimiento. D\u00edganle a toda la iglesia mundial \u201cgracias, gracias y gracias\u201d. Me siento agradecido por el amor, el apoyo y las oraciones durante todo el tiempo que pas\u00e9 en prisi\u00f3n. El amor de mi esposa y familia; y s\u00ed, el amor de toda la iglesia es algo que llevo conmigo.<\/p>\n<p>Me siento agradecido por el apoyo de la Iglesia Adventista, que fue un s\u00f3lido testimonio ante el gobierno y los ciudadanos de Togo. Tambi\u00e9n fue un testimonio poderoso para mi propio pa\u00eds, de que los adventistas est\u00e1n unificados y se apoyan entre s\u00ed.<\/p>\n<p>Agradezco al pastor Ted Wilson por la visita que me hizo en prisi\u00f3n y por el continuo apoyo que me brind\u00f3. Agradezco tambi\u00e9n al pastor Wari y al personal de la Divisi\u00f3n de \u00c1frica Centro Occidental, al pastor Guy Roger (y a su equipo), al pastor Solomon Assienin, de la Uni\u00f3n de Sahel. Agradezco de manera especial al doctor John Graz, al doctor Ganoune Diop, y a usted, de la Asociaci\u00f3n General y del Departamento de Libertad Religiosa, porque me ayudaron a m\u00ed, a mi familia, y brindaron liderazgo dentro de este movimiento mundial para que yo fuera liberado. Tambi\u00e9n siento un profundo aprecio por los abogados de la defensa, y por Todd McFarland, de la Asociaci\u00f3n General [Secretar\u00eda de Asesor\u00eda Legal], por el buen asesoramiento legal que recib\u00ed y la excelente defensa. Tengo que agradecer a la Asociaci\u00f3n General, al doctor Baker, por venir a saludarnos y acompa\u00f1arnos a Cabo Verde despu\u00e9s de mi liberaci\u00f3n de la prisi\u00f3n.<\/p>\n<p>As\u00ed es que estoy agradecido por todos lo que de alguna u otra manera me apoyaron. Las palabras no alcanzan a expresar plenamente mi gratitud. Siento que tengo tantas cosas por las cuales estar agradecido.<\/p>\n<p><em>Traducci\u00f3n de Marcos Paseggi<\/em><\/p>\n","protected":false},"excerpt":{"rendered":"<p>El pastor adventista Antonio Monteiro dos Anjos fue arrestado, acusado y encarcelado en la Prisi\u00f3n Civil de Lom\u00e9 (Togo) el pasado 15 de marzo de 2012. Despu\u00e9s de 22 meses, el Juzgado de Apelaciones de Togo declar\u00f3 inocente a este nativo de Cabo Verde de todos los cargos en su contra, y fue liberado el pasado 13 de enero de 2014.<\/p>\n","protected":false},"author":1,"featured_media":22602,"comment_status":"closed","ping_status":"closed","sticky":false,"template":"","format":"standard","meta":{"_acf_changed":false,"footnotes":""},"categories":[14],"tags":[],"class_list":["post-30424","post","type-post","status-publish","format-standard","has-post-thumbnail","hentry","category-de-la-iglesia-mundial"],"acf":[],"yoast_head":"<!-- This site is optimized with the Yoast SEO plugin v27.3 - https:\/\/yoast.com\/product\/yoast-seo-wordpress\/ -->\n<title>Reflexiones de Monteiro sobre su detenci\u00f3n en la prisi\u00f3n - Iglesia Adventista del S\u00e9ptimo D\u00eda - Divisi\u00f3n Interamericana<\/title>\n<meta name=\"robots\" content=\"index, follow, max-snippet:-1, max-image-preview:large, max-video-preview:-1\" \/>\n<link rel=\"canonical\" href=\"https:\/\/interamerica.org\/es\/2014\/02\/reflexiones-de-monteiro-sobre-su-detencion-en-la-prision\/\" \/>\n<meta property=\"og:locale\" content=\"es_ES\" \/>\n<meta property=\"og:type\" content=\"article\" \/>\n<meta property=\"og:title\" content=\"Reflexiones de Monteiro sobre su detenci\u00f3n en la prisi\u00f3n - Iglesia Adventista del S\u00e9ptimo D\u00eda - Divisi\u00f3n Interamericana\" \/>\n<meta property=\"og:description\" content=\"El pastor adventista Antonio Monteiro dos Anjos fue arrestado, acusado y encarcelado en la Prisi\u00f3n Civil de Lom\u00e9 (Togo) el pasado 15 de marzo de 2012. Despu\u00e9s de 22 meses, el Juzgado de Apelaciones de Togo declar\u00f3 inocente a este nativo de Cabo Verde de todos los cargos en su contra, y fue liberado el pasado 13 de enero de 2014.\" \/>\n<meta property=\"og:url\" content=\"https:\/\/interamerica.org\/es\/2014\/02\/reflexiones-de-monteiro-sobre-su-detencion-en-la-prision\/\" \/>\n<meta property=\"og:site_name\" content=\"Iglesia Adventista del S\u00e9ptimo D\u00eda - Divisi\u00f3n Interamericana\" \/>\n<meta property=\"article:published_time\" content=\"2014-02-10T04:00:00+00:00\" \/>\n<meta property=\"og:image\" content=\"https:\/\/interamerica.org\/wp-content\/uploads\/2017\/06\/csm_mont-int_a007af7d44.jpg\" \/>\n\t<meta property=\"og:image:width\" content=\"400\" \/>\n\t<meta property=\"og:image:height\" content=\"300\" \/>\n\t<meta property=\"og:image:type\" content=\"image\/jpeg\" \/>\n<meta name=\"author\" content=\"Lorenzo Verduzco\" \/>\n<meta name=\"twitter:card\" content=\"summary_large_image\" \/>\n<meta name=\"twitter:label1\" content=\"Escrito por\" \/>\n\t<meta name=\"twitter:data1\" content=\"Lorenzo Verduzco\" \/>\n\t<meta name=\"twitter:label2\" content=\"Tiempo de lectura\" \/>\n\t<meta name=\"twitter:data2\" content=\"18 minutos\" \/>\n<script type=\"application\/ld+json\" class=\"yoast-schema-graph\">{\"@context\":\"https:\\\/\\\/schema.org\",\"@graph\":[{\"@type\":\"Article\",\"@id\":\"https:\\\/\\\/interamerica.org\\\/es\\\/2014\\\/02\\\/reflexiones-de-monteiro-sobre-su-detencion-en-la-prision\\\/#article\",\"isPartOf\":{\"@id\":\"https:\\\/\\\/interamerica.org\\\/es\\\/2014\\\/02\\\/reflexiones-de-monteiro-sobre-su-detencion-en-la-prision\\\/\"},\"author\":{\"name\":\"Lorenzo Verduzco\",\"@id\":\"https:\\\/\\\/interamerica.org\\\/es\\\/#\\\/schema\\\/person\\\/68ede8bdc292885bb76c1e3810e73c39\"},\"headline\":\"Reflexiones de Monteiro sobre su detenci\u00f3n en la prisi\u00f3n\",\"datePublished\":\"2014-02-10T04:00:00+00:00\",\"mainEntityOfPage\":{\"@id\":\"https:\\\/\\\/interamerica.org\\\/es\\\/2014\\\/02\\\/reflexiones-de-monteiro-sobre-su-detencion-en-la-prision\\\/\"},\"wordCount\":3562,\"image\":{\"@id\":\"https:\\\/\\\/interamerica.org\\\/es\\\/2014\\\/02\\\/reflexiones-de-monteiro-sobre-su-detencion-en-la-prision\\\/#primaryimage\"},\"thumbnailUrl\":\"https:\\\/\\\/interamerica.org\\\/wp-content\\\/uploads\\\/2017\\\/06\\\/csm_mont-int_a007af7d44.jpg\",\"articleSection\":[\"Desde la iglesia mundial\"],\"inLanguage\":\"es\"},{\"@type\":\"WebPage\",\"@id\":\"https:\\\/\\\/interamerica.org\\\/es\\\/2014\\\/02\\\/reflexiones-de-monteiro-sobre-su-detencion-en-la-prision\\\/\",\"url\":\"https:\\\/\\\/interamerica.org\\\/es\\\/2014\\\/02\\\/reflexiones-de-monteiro-sobre-su-detencion-en-la-prision\\\/\",\"name\":\"Reflexiones de Monteiro sobre su detenci\u00f3n en la prisi\u00f3n - Iglesia Adventista del S\u00e9ptimo D\u00eda - Divisi\u00f3n Interamericana\",\"isPartOf\":{\"@id\":\"https:\\\/\\\/interamerica.org\\\/es\\\/#website\"},\"primaryImageOfPage\":{\"@id\":\"https:\\\/\\\/interamerica.org\\\/es\\\/2014\\\/02\\\/reflexiones-de-monteiro-sobre-su-detencion-en-la-prision\\\/#primaryimage\"},\"image\":{\"@id\":\"https:\\\/\\\/interamerica.org\\\/es\\\/2014\\\/02\\\/reflexiones-de-monteiro-sobre-su-detencion-en-la-prision\\\/#primaryimage\"},\"thumbnailUrl\":\"https:\\\/\\\/interamerica.org\\\/wp-content\\\/uploads\\\/2017\\\/06\\\/csm_mont-int_a007af7d44.jpg\",\"datePublished\":\"2014-02-10T04:00:00+00:00\",\"author\":{\"@id\":\"https:\\\/\\\/interamerica.org\\\/es\\\/#\\\/schema\\\/person\\\/68ede8bdc292885bb76c1e3810e73c39\"},\"breadcrumb\":{\"@id\":\"https:\\\/\\\/interamerica.org\\\/es\\\/2014\\\/02\\\/reflexiones-de-monteiro-sobre-su-detencion-en-la-prision\\\/#breadcrumb\"},\"inLanguage\":\"es\",\"potentialAction\":[{\"@type\":\"ReadAction\",\"target\":[\"https:\\\/\\\/interamerica.org\\\/es\\\/2014\\\/02\\\/reflexiones-de-monteiro-sobre-su-detencion-en-la-prision\\\/\"]}]},{\"@type\":\"ImageObject\",\"inLanguage\":\"es\",\"@id\":\"https:\\\/\\\/interamerica.org\\\/es\\\/2014\\\/02\\\/reflexiones-de-monteiro-sobre-su-detencion-en-la-prision\\\/#primaryimage\",\"url\":\"https:\\\/\\\/interamerica.org\\\/wp-content\\\/uploads\\\/2017\\\/06\\\/csm_mont-int_a007af7d44.jpg\",\"contentUrl\":\"https:\\\/\\\/interamerica.org\\\/wp-content\\\/uploads\\\/2017\\\/06\\\/csm_mont-int_a007af7d44.jpg\",\"width\":400,\"height\":300},{\"@type\":\"BreadcrumbList\",\"@id\":\"https:\\\/\\\/interamerica.org\\\/es\\\/2014\\\/02\\\/reflexiones-de-monteiro-sobre-su-detencion-en-la-prision\\\/#breadcrumb\",\"itemListElement\":[{\"@type\":\"ListItem\",\"position\":1,\"name\":\"Home\",\"item\":\"https:\\\/\\\/interamerica.org\\\/es\\\/\"},{\"@type\":\"ListItem\",\"position\":2,\"name\":\"Reflexiones de Monteiro sobre su detenci\u00f3n en la prisi\u00f3n\"}]},{\"@type\":\"WebSite\",\"@id\":\"https:\\\/\\\/interamerica.org\\\/es\\\/#website\",\"url\":\"https:\\\/\\\/interamerica.org\\\/es\\\/\",\"name\":\"Iglesia Adventista del S\u00e9ptimo D\u00eda - Divisi\u00f3n Interamericana\",\"description\":\"\",\"potentialAction\":[{\"@type\":\"SearchAction\",\"target\":{\"@type\":\"EntryPoint\",\"urlTemplate\":\"https:\\\/\\\/interamerica.org\\\/es\\\/?s={search_term_string}\"},\"query-input\":{\"@type\":\"PropertyValueSpecification\",\"valueRequired\":true,\"valueName\":\"search_term_string\"}}],\"inLanguage\":\"es\"},{\"@type\":\"Person\",\"@id\":\"https:\\\/\\\/interamerica.org\\\/es\\\/#\\\/schema\\\/person\\\/68ede8bdc292885bb76c1e3810e73c39\",\"name\":\"Lorenzo Verduzco\",\"image\":{\"@type\":\"ImageObject\",\"inLanguage\":\"es\",\"@id\":\"https:\\\/\\\/secure.gravatar.com\\\/avatar\\\/fb81a55b6218459490a9c1dc841a34909185b81904c5337b4b27f7a6fd60c49e?s=96&d=mm&r=g\",\"url\":\"https:\\\/\\\/secure.gravatar.com\\\/avatar\\\/fb81a55b6218459490a9c1dc841a34909185b81904c5337b4b27f7a6fd60c49e?s=96&d=mm&r=g\",\"contentUrl\":\"https:\\\/\\\/secure.gravatar.com\\\/avatar\\\/fb81a55b6218459490a9c1dc841a34909185b81904c5337b4b27f7a6fd60c49e?s=96&d=mm&r=g\",\"caption\":\"Lorenzo Verduzco\"}}]}<\/script>\n<!-- \/ Yoast SEO plugin. -->","yoast_head_json":{"title":"Reflexiones de Monteiro sobre su detenci\u00f3n en la prisi\u00f3n - Iglesia Adventista del S\u00e9ptimo D\u00eda - Divisi\u00f3n Interamericana","robots":{"index":"index","follow":"follow","max-snippet":"max-snippet:-1","max-image-preview":"max-image-preview:large","max-video-preview":"max-video-preview:-1"},"canonical":"https:\/\/interamerica.org\/es\/2014\/02\/reflexiones-de-monteiro-sobre-su-detencion-en-la-prision\/","og_locale":"es_ES","og_type":"article","og_title":"Reflexiones de Monteiro sobre su detenci\u00f3n en la prisi\u00f3n - Iglesia Adventista del S\u00e9ptimo D\u00eda - Divisi\u00f3n Interamericana","og_description":"El pastor adventista Antonio Monteiro dos Anjos fue arrestado, acusado y encarcelado en la Prisi\u00f3n Civil de Lom\u00e9 (Togo) el pasado 15 de marzo de 2012. Despu\u00e9s de 22 meses, el Juzgado de Apelaciones de Togo declar\u00f3 inocente a este nativo de Cabo Verde de todos los cargos en su contra, y fue liberado el pasado 13 de enero de 2014.","og_url":"https:\/\/interamerica.org\/es\/2014\/02\/reflexiones-de-monteiro-sobre-su-detencion-en-la-prision\/","og_site_name":"Iglesia Adventista del S\u00e9ptimo D\u00eda - Divisi\u00f3n Interamericana","article_published_time":"2014-02-10T04:00:00+00:00","og_image":[{"width":400,"height":300,"url":"https:\/\/interamerica.org\/wp-content\/uploads\/2017\/06\/csm_mont-int_a007af7d44.jpg","type":"image\/jpeg"}],"author":"Lorenzo Verduzco","twitter_card":"summary_large_image","twitter_misc":{"Escrito por":"Lorenzo Verduzco","Tiempo de lectura":"18 minutos"},"schema":{"@context":"https:\/\/schema.org","@graph":[{"@type":"Article","@id":"https:\/\/interamerica.org\/es\/2014\/02\/reflexiones-de-monteiro-sobre-su-detencion-en-la-prision\/#article","isPartOf":{"@id":"https:\/\/interamerica.org\/es\/2014\/02\/reflexiones-de-monteiro-sobre-su-detencion-en-la-prision\/"},"author":{"name":"Lorenzo Verduzco","@id":"https:\/\/interamerica.org\/es\/#\/schema\/person\/68ede8bdc292885bb76c1e3810e73c39"},"headline":"Reflexiones de Monteiro sobre su detenci\u00f3n en la prisi\u00f3n","datePublished":"2014-02-10T04:00:00+00:00","mainEntityOfPage":{"@id":"https:\/\/interamerica.org\/es\/2014\/02\/reflexiones-de-monteiro-sobre-su-detencion-en-la-prision\/"},"wordCount":3562,"image":{"@id":"https:\/\/interamerica.org\/es\/2014\/02\/reflexiones-de-monteiro-sobre-su-detencion-en-la-prision\/#primaryimage"},"thumbnailUrl":"https:\/\/interamerica.org\/wp-content\/uploads\/2017\/06\/csm_mont-int_a007af7d44.jpg","articleSection":["Desde la iglesia mundial"],"inLanguage":"es"},{"@type":"WebPage","@id":"https:\/\/interamerica.org\/es\/2014\/02\/reflexiones-de-monteiro-sobre-su-detencion-en-la-prision\/","url":"https:\/\/interamerica.org\/es\/2014\/02\/reflexiones-de-monteiro-sobre-su-detencion-en-la-prision\/","name":"Reflexiones de Monteiro sobre su detenci\u00f3n en la prisi\u00f3n - Iglesia Adventista del S\u00e9ptimo D\u00eda - Divisi\u00f3n Interamericana","isPartOf":{"@id":"https:\/\/interamerica.org\/es\/#website"},"primaryImageOfPage":{"@id":"https:\/\/interamerica.org\/es\/2014\/02\/reflexiones-de-monteiro-sobre-su-detencion-en-la-prision\/#primaryimage"},"image":{"@id":"https:\/\/interamerica.org\/es\/2014\/02\/reflexiones-de-monteiro-sobre-su-detencion-en-la-prision\/#primaryimage"},"thumbnailUrl":"https:\/\/interamerica.org\/wp-content\/uploads\/2017\/06\/csm_mont-int_a007af7d44.jpg","datePublished":"2014-02-10T04:00:00+00:00","author":{"@id":"https:\/\/interamerica.org\/es\/#\/schema\/person\/68ede8bdc292885bb76c1e3810e73c39"},"breadcrumb":{"@id":"https:\/\/interamerica.org\/es\/2014\/02\/reflexiones-de-monteiro-sobre-su-detencion-en-la-prision\/#breadcrumb"},"inLanguage":"es","potentialAction":[{"@type":"ReadAction","target":["https:\/\/interamerica.org\/es\/2014\/02\/reflexiones-de-monteiro-sobre-su-detencion-en-la-prision\/"]}]},{"@type":"ImageObject","inLanguage":"es","@id":"https:\/\/interamerica.org\/es\/2014\/02\/reflexiones-de-monteiro-sobre-su-detencion-en-la-prision\/#primaryimage","url":"https:\/\/interamerica.org\/wp-content\/uploads\/2017\/06\/csm_mont-int_a007af7d44.jpg","contentUrl":"https:\/\/interamerica.org\/wp-content\/uploads\/2017\/06\/csm_mont-int_a007af7d44.jpg","width":400,"height":300},{"@type":"BreadcrumbList","@id":"https:\/\/interamerica.org\/es\/2014\/02\/reflexiones-de-monteiro-sobre-su-detencion-en-la-prision\/#breadcrumb","itemListElement":[{"@type":"ListItem","position":1,"name":"Home","item":"https:\/\/interamerica.org\/es\/"},{"@type":"ListItem","position":2,"name":"Reflexiones de Monteiro sobre su detenci\u00f3n en la prisi\u00f3n"}]},{"@type":"WebSite","@id":"https:\/\/interamerica.org\/es\/#website","url":"https:\/\/interamerica.org\/es\/","name":"Iglesia Adventista del S\u00e9ptimo D\u00eda - Divisi\u00f3n Interamericana","description":"","potentialAction":[{"@type":"SearchAction","target":{"@type":"EntryPoint","urlTemplate":"https:\/\/interamerica.org\/es\/?s={search_term_string}"},"query-input":{"@type":"PropertyValueSpecification","valueRequired":true,"valueName":"search_term_string"}}],"inLanguage":"es"},{"@type":"Person","@id":"https:\/\/interamerica.org\/es\/#\/schema\/person\/68ede8bdc292885bb76c1e3810e73c39","name":"Lorenzo Verduzco","image":{"@type":"ImageObject","inLanguage":"es","@id":"https:\/\/secure.gravatar.com\/avatar\/fb81a55b6218459490a9c1dc841a34909185b81904c5337b4b27f7a6fd60c49e?s=96&d=mm&r=g","url":"https:\/\/secure.gravatar.com\/avatar\/fb81a55b6218459490a9c1dc841a34909185b81904c5337b4b27f7a6fd60c49e?s=96&d=mm&r=g","contentUrl":"https:\/\/secure.gravatar.com\/avatar\/fb81a55b6218459490a9c1dc841a34909185b81904c5337b4b27f7a6fd60c49e?s=96&d=mm&r=g","caption":"Lorenzo Verduzco"}}]}},"_links":{"self":[{"href":"https:\/\/interamerica.org\/es\/wp-json\/wp\/v2\/posts\/30424","targetHints":{"allow":["GET"]}}],"collection":[{"href":"https:\/\/interamerica.org\/es\/wp-json\/wp\/v2\/posts"}],"about":[{"href":"https:\/\/interamerica.org\/es\/wp-json\/wp\/v2\/types\/post"}],"author":[{"embeddable":true,"href":"https:\/\/interamerica.org\/es\/wp-json\/wp\/v2\/users\/1"}],"replies":[{"embeddable":true,"href":"https:\/\/interamerica.org\/es\/wp-json\/wp\/v2\/comments?post=30424"}],"version-history":[{"count":0,"href":"https:\/\/interamerica.org\/es\/wp-json\/wp\/v2\/posts\/30424\/revisions"}],"wp:featuredmedia":[{"embeddable":true,"href":"https:\/\/interamerica.org\/es\/wp-json\/wp\/v2\/media\/22602"}],"wp:attachment":[{"href":"https:\/\/interamerica.org\/es\/wp-json\/wp\/v2\/media?parent=30424"}],"wp:term":[{"taxonomy":"category","embeddable":true,"href":"https:\/\/interamerica.org\/es\/wp-json\/wp\/v2\/categories?post=30424"},{"taxonomy":"post_tag","embeddable":true,"href":"https:\/\/interamerica.org\/es\/wp-json\/wp\/v2\/tags?post=30424"}],"curies":[{"name":"wp","href":"https:\/\/api.w.org\/{rel}","templated":true}]}}