{"id":30425,"date":"2014-02-04T00:00:00","date_gmt":"2014-02-04T04:00:00","guid":{"rendered":"http:\/\/192.81.217.108\/interamerica\/2014\/02\/los-adventistas-se-unen-a-otros-en-oposicion-a-la-mutilacion-o-escision-genital-femenina\/"},"modified":"2014-02-04T00:00:00","modified_gmt":"2014-02-04T04:00:00","slug":"los-adventistas-se-unen-a-otros-en-oposicion-a-la-mutilacion-o-escision-genital-femenina","status":"publish","type":"post","link":"https:\/\/interamerica.org\/es\/2014\/02\/los-adventistas-se-unen-a-otros-en-oposicion-a-la-mutilacion-o-escision-genital-femenina\/","title":{"rendered":"Los adventistas se unen a otros en oposici\u00f3n a la Mutilaci\u00f3n o Escisi\u00f3n Genital Femenina"},"content":{"rendered":"<p>4 de febrero de 2014 &#8211; Silver Spring, Maryland, Estados Unidos&#8230;Ansel Oliver- ANN<\/p>\n<p>El 6 de febrero es el D\u00eda de Cero Tolerancia a la Mutilaci\u00f3n Genital Femenina y los adventistas del s\u00e9ptimo d\u00eda se encuentran entre muchos otros grupos religiosos, organizaciones no gubernamentales y otras organizaciones que se esfuerzan por ponerle fin a esta pr\u00e1ctica.<\/p>\n<div id=\"attachment_10594\" style=\"width: 310px\" class=\"wp-caption alignleft\"><a href=\"\/interamerica\/wp-content\/uploads\/2017\/06\/ke-lgflag.gif\" rel=\"fancybox\" title=\"Los adventistas se unen a otros en oposici\u00f3n a la Mutilaci\u00f3n o Escisi\u00f3n Genital Femenina\"><img fetchpriority=\"high\" decoding=\"async\" aria-describedby=\"caption-attachment-10594\" class=\"size-medium wp-image-10594\" src=\"\/interamerica\/wp-content\/uploads\/2017\/06\/ke-lgflag-300x200.gif\" alt=\"\" width=\"300\" height=\"200\" \/><\/a><p id=\"caption-attachment-10594\" class=\"wp-caption-text\">Bandera de Kenia. Fuente: www.cia.gov<\/p><\/div>\n<p>FGM\/C (por sus siglas en ingl\u00e9s) llamada con frecuencia circuncisi\u00f3n femenina, se practica en casi 30 pa\u00edses de \u00c1frica y Asia. Las ni\u00f1as peque\u00f1as est\u00e1n sujetas a procedimientos que intencionalmente alteran o causan da\u00f1o a sus \u00f3rganos genitales, sin raz\u00f3n m\u00e9dica, con frecuencia como parte de una tradici\u00f3n cultural o ceremonia de iniciaci\u00f3n o rito de paso.<\/p>\n<p>La mutilaci\u00f3n genital femenina se ve algunas veces como s\u00edmbolo de estatus y algunos de entre quienes la practican dicen que controla la sexualidad y promueve la castidad. Sus efectos incluyen con frecuencia infecci\u00f3n, dolor cr\u00f3nico y esterilidad. Las Naciones Unidas prohibieron la pr\u00e1ctica en el 2012. La Organizaci\u00f3n Mundial de la Salud estima que hay un total de 140 millones de mujeres v\u00edctimas de esta pr\u00e1ctica.<\/p>\n<p>Muchas personas, especialmente en los pa\u00edses occidentales, no est\u00e1n conscientes de esta pr\u00e1ctica de circuncisi\u00f3n femenina y reciben un fuerte impacto al enterarse de la misma. Los adventistas del s\u00e9ptimo d\u00eda se oponen a esta pr\u00e1ctica, de acuerdo al documento <a href=\"http:\/\/www.adventist.org\/information\/official-statements\/documents\/article\/go\/0\/female-genital-mutilation\/6\/\">document<\/a> adoptado por la Comisi\u00f3n de Perspectiva sobre la Vida Humana, de la Iglesia Adventista, en el a\u00f1o 2000.<\/p>\n<p>\u201cNuestra iglesia debe continuar buscando nuevas formas de desanimar esta pr\u00e1ctica, as\u00ed como de educar en cuanto a sus peligros\u201d, dijo el Dr. Peter Landless, director de Ministerio de Salud de la iglesia adventista mundial. \u201cEs nuestro deseo que las ni\u00f1as y jovencitas crezcan en la forma natural como Dios las cre\u00f3\u201d.<\/p>\n<p>El Dr. Landless inst\u00f3 a mostrar respeto por la cultura y a ser sensible hacia aquellas mujeres que son v\u00edctimas de este procedimiento.<br \/>\n\u201cEs muy importante que tengamos cuidado en no ponerle inadvertidamente sal a la herida, en relaci\u00f3n a este procedimiento de mutilaci\u00f3n, infiriendo que tales pacientes han ca\u00eddo irreversiblemente n desgracia\u201d, dijo el Dr. Landless. \u201cTal actitud o enfoque puede hacerlas sentir que son menos que las personas normales. Hay adem\u00e1s millones de mujeres afectadas y uno debe preocuparse porque el asunto no se convierta en un enfrentamiento de culturas, en vez de en una preocupaci\u00f3n compasiva por el bienestar de la mujer y su estatus en su sociedad\u201d.<\/p>\n<p>Heather-Dawn Small, directora de Ministerio de la Mujer de la iglesia adventista mundial, dijo que su departamento en las oficinas mundiales y sus afiliados en las comunidades locales, contin\u00faan creando conciencia con respecto a este problema con el prop\u00f3sito de ponerle fin.<br \/>\n\u201cEstamos haciendo todo lo que podemos para ayudar y sanar a nuestras hermanas que han sufrido de mutilaci\u00f3n o circuncisi\u00f3n genital femenina, estableciendo hogares para las v\u00edctimas, acerc\u00e1ndonos a las comunidades donde se ha perpetrado esa pr\u00e1ctica en las ni\u00f1as y jovencitas para ayudar a ponerle un alto a tal pr\u00e1ctica a trav\u00e9s de educaci\u00f3n\u201d.<\/p>\n<p>Un pa\u00eds en donde la Iglesia Adventista del S\u00e9ptimo D\u00eda ha luchado para combatir esta pr\u00e1ctica, es Kenia. <a href=\"https:\/\/sites.google.com\/site\/kajiadorescuecentre\/home\">El Kajiado Rescue Centre (Centro de Rescate Kajiado)<\/a> es un hogar de refugio y una instituci\u00f3n educativa para ni\u00f1as, que celebra el pase a la adolescencia con un rito alternativo. \u201cEs visto por muchas familias en muchas poblaciones como una bendici\u00f3n\u201d, dijo Denise Hochstrasser, directora de Ministerio de la Mujer de la Iglesia Adventista en la Divisi\u00f3n Intereuropea, quien ayuda a patrocinar el proyecto.<br \/>\nEl gobierno de Kenia se ha esforzado ya para erradicar esta pr\u00e1ctica de mutilaci\u00f3n. En el 2001 la Ley sobre la Infancia criminaliz\u00f3 la sujeci\u00f3n de ni\u00f1as a la mutilaci\u00f3n genital y la nueva Constituci\u00f3n, que fue aprobada en el 2010, contiene cl\u00e1usulas cuyo prop\u00f3sito es proteger a los ni\u00f1os de cualquier pr\u00e1ctica que sea da\u00f1ina para su salud.<\/p>\n<p>La Agencia de Desarrollo ha trabajado tambi\u00e9n en Kenia durante varios a\u00f1os en proyectos anti mutilaci\u00f3n genital femenina. Un proyecto reciente ayud\u00f3 a educar a m\u00e1s de 2,500 personas con respecto a este asunto, al presentar a ni\u00f1as que cantaban y presentaban breves di\u00e1logos dram\u00e1ticos ante su familia y ante funcionarios de gobierno. Esta iniciativa entren\u00f3 tambi\u00e9n a 189 instructores para trabajar con l\u00edderes de la comunidad para crear conciencia en relaci\u00f3n con este asunto. El programa ayud\u00f3 tambi\u00e9n a quienes anteriormente practicaban estas mutilaciones, con otras actividades generadoras de ingresos.<\/p>\n<p>Este a\u00f1o, ADRA est\u00e1 implementando un programa llamado Programa de Empoderamiento de Ni\u00f1as, en la provincia occidental de Nyanza, en Kenia. El proyecto ofrecer\u00e1 un curso de habilidades, de 10 semanas de duraci\u00f3n, que incluye relaciones saludables y los peligros de la FGM\/C.<\/p>\n<p>\u201cEl ser parte de los esfuerzos de la iglesia en esta iniciativa global de concientizaci\u00f3n sobre este asunto, es una de las muchas formas como ADRA est\u00e1 empe\u00f1ada en habilitar a las mujeres y las ni\u00f1as de todo el mundo\u201d, dijo Jason Brooks, un experimentado director de programa ADRA.<\/p>\n<p>Tambi\u00e9n en Alemania, el a\u00f1o pasado, el Hospital Adventista de Berl\u00edn <a href=\"http:\/\/news.adventist.org\/all-news\/news\/go\/2013-09-12\/german-adventist-hospital-opens-center-to-treat-fgm-victims\/18\/\">abri\u00f3<\/a>abri\u00f3 el Centro Desert Flower, un centro de reconstrucci\u00f3n quir\u00fargica FGM\/C en colaboraci\u00f3n con la supermodelo <a href=\"http:\/\/vimeo.com\/85836085\">Waris Dirie<\/a>, una de las defensoras m\u00e1s prominentes en el mundo en contra de la mutilaci\u00f3n genital femenina (FGM).<\/p>\n<p>\u201cComo siempre, la Iglesia Adventista del S\u00e9ptimo D\u00eda procura restaurar la imagen del Creador y evitar el a\u00f1adir m\u00e1s sufrimiento y dolor a aquellas personas que sufren\u201d, a\u00f1adi\u00f3 el Dr. Landless, director de Ministerio de Salud de la iglesia.<\/p>\n<p>Traducci\u00f3n por Gloria A Castrej\u00f3n<\/p>\n","protected":false},"excerpt":{"rendered":"<p>El 6 de febrero es el D\u00eda de Cero Tolerancia a la Mutilaci\u00f3n Genital Femenina y los adventistas del s\u00e9ptimo d\u00eda se encuentran entre muchos otros grupos religiosos, organizaciones no gubernamentales y otras organizaciones que se esfuerzan por ponerle fin a esta pr\u00e1ctica.<\/p>\n","protected":false},"author":1,"featured_media":22071,"comment_status":"closed","ping_status":"closed","sticky":false,"template":"","format":"standard","meta":{"_acf_changed":false,"footnotes":""},"categories":[14],"tags":[],"class_list":["post-30425","post","type-post","status-publish","format-standard","has-post-thumbnail","hentry","category-de-la-iglesia-mundial"],"acf":[],"yoast_head":"<!-- This site is optimized with the Yoast SEO plugin v27.3 - https:\/\/yoast.com\/product\/yoast-seo-wordpress\/ -->\n<title>Los adventistas se unen a otros en oposici\u00f3n a la Mutilaci\u00f3n o Escisi\u00f3n Genital Femenina - Iglesia Adventista del S\u00e9ptimo D\u00eda - Divisi\u00f3n Interamericana<\/title>\n<meta name=\"robots\" content=\"index, follow, max-snippet:-1, max-image-preview:large, max-video-preview:-1\" \/>\n<link rel=\"canonical\" href=\"https:\/\/interamerica.org\/es\/2014\/02\/los-adventistas-se-unen-a-otros-en-oposicion-a-la-mutilacion-o-escision-genital-femenina\/\" \/>\n<meta property=\"og:locale\" content=\"es_ES\" \/>\n<meta property=\"og:type\" content=\"article\" \/>\n<meta property=\"og:title\" content=\"Los adventistas se unen a otros en oposici\u00f3n a la Mutilaci\u00f3n o Escisi\u00f3n Genital Femenina - Iglesia Adventista del S\u00e9ptimo D\u00eda - Divisi\u00f3n Interamericana\" \/>\n<meta property=\"og:description\" content=\"El 6 de febrero es el D\u00eda de Cero Tolerancia a la Mutilaci\u00f3n Genital Femenina y los adventistas del s\u00e9ptimo d\u00eda se encuentran entre muchos otros grupos religiosos, organizaciones no gubernamentales y otras organizaciones que se esfuerzan por ponerle fin a esta pr\u00e1ctica.\" \/>\n<meta property=\"og:url\" content=\"https:\/\/interamerica.org\/es\/2014\/02\/los-adventistas-se-unen-a-otros-en-oposicion-a-la-mutilacion-o-escision-genital-femenina\/\" \/>\n<meta property=\"og:site_name\" content=\"Iglesia Adventista del S\u00e9ptimo D\u00eda - Divisi\u00f3n Interamericana\" \/>\n<meta property=\"article:published_time\" content=\"2014-02-04T04:00:00+00:00\" \/>\n<meta property=\"og:image\" content=\"https:\/\/interamerica.org\/wp-content\/uploads\/2017\/06\/ke-lgflag.gif\" \/>\n\t<meta property=\"og:image:width\" content=\"400\" \/>\n\t<meta property=\"og:image:height\" content=\"267\" \/>\n\t<meta property=\"og:image:type\" content=\"image\/gif\" \/>\n<meta name=\"author\" content=\"Lorenzo Verduzco\" \/>\n<meta name=\"twitter:card\" content=\"summary_large_image\" \/>\n<meta name=\"twitter:label1\" content=\"Escrito por\" \/>\n\t<meta name=\"twitter:data1\" content=\"Lorenzo Verduzco\" \/>\n\t<meta name=\"twitter:label2\" content=\"Tiempo de lectura\" \/>\n\t<meta name=\"twitter:data2\" content=\"5 minutos\" \/>\n<script type=\"application\/ld+json\" class=\"yoast-schema-graph\">{\"@context\":\"https:\\\/\\\/schema.org\",\"@graph\":[{\"@type\":\"Article\",\"@id\":\"https:\\\/\\\/interamerica.org\\\/es\\\/2014\\\/02\\\/los-adventistas-se-unen-a-otros-en-oposicion-a-la-mutilacion-o-escision-genital-femenina\\\/#article\",\"isPartOf\":{\"@id\":\"https:\\\/\\\/interamerica.org\\\/es\\\/2014\\\/02\\\/los-adventistas-se-unen-a-otros-en-oposicion-a-la-mutilacion-o-escision-genital-femenina\\\/\"},\"author\":{\"name\":\"Lorenzo Verduzco\",\"@id\":\"https:\\\/\\\/interamerica.org\\\/es\\\/#\\\/schema\\\/person\\\/68ede8bdc292885bb76c1e3810e73c39\"},\"headline\":\"Los adventistas se unen a otros en oposici\u00f3n a la Mutilaci\u00f3n o Escisi\u00f3n Genital Femenina\",\"datePublished\":\"2014-02-04T04:00:00+00:00\",\"mainEntityOfPage\":{\"@id\":\"https:\\\/\\\/interamerica.org\\\/es\\\/2014\\\/02\\\/los-adventistas-se-unen-a-otros-en-oposicion-a-la-mutilacion-o-escision-genital-femenina\\\/\"},\"wordCount\":1041,\"image\":{\"@id\":\"https:\\\/\\\/interamerica.org\\\/es\\\/2014\\\/02\\\/los-adventistas-se-unen-a-otros-en-oposicion-a-la-mutilacion-o-escision-genital-femenina\\\/#primaryimage\"},\"thumbnailUrl\":\"https:\\\/\\\/interamerica.org\\\/wp-content\\\/uploads\\\/2017\\\/06\\\/ke-lgflag.gif\",\"articleSection\":[\"Desde la iglesia mundial\"],\"inLanguage\":\"es\"},{\"@type\":\"WebPage\",\"@id\":\"https:\\\/\\\/interamerica.org\\\/es\\\/2014\\\/02\\\/los-adventistas-se-unen-a-otros-en-oposicion-a-la-mutilacion-o-escision-genital-femenina\\\/\",\"url\":\"https:\\\/\\\/interamerica.org\\\/es\\\/2014\\\/02\\\/los-adventistas-se-unen-a-otros-en-oposicion-a-la-mutilacion-o-escision-genital-femenina\\\/\",\"name\":\"Los adventistas se unen a otros en oposici\u00f3n a la Mutilaci\u00f3n o Escisi\u00f3n Genital Femenina - Iglesia Adventista del S\u00e9ptimo D\u00eda - Divisi\u00f3n Interamericana\",\"isPartOf\":{\"@id\":\"https:\\\/\\\/interamerica.org\\\/es\\\/#website\"},\"primaryImageOfPage\":{\"@id\":\"https:\\\/\\\/interamerica.org\\\/es\\\/2014\\\/02\\\/los-adventistas-se-unen-a-otros-en-oposicion-a-la-mutilacion-o-escision-genital-femenina\\\/#primaryimage\"},\"image\":{\"@id\":\"https:\\\/\\\/interamerica.org\\\/es\\\/2014\\\/02\\\/los-adventistas-se-unen-a-otros-en-oposicion-a-la-mutilacion-o-escision-genital-femenina\\\/#primaryimage\"},\"thumbnailUrl\":\"https:\\\/\\\/interamerica.org\\\/wp-content\\\/uploads\\\/2017\\\/06\\\/ke-lgflag.gif\",\"datePublished\":\"2014-02-04T04:00:00+00:00\",\"author\":{\"@id\":\"https:\\\/\\\/interamerica.org\\\/es\\\/#\\\/schema\\\/person\\\/68ede8bdc292885bb76c1e3810e73c39\"},\"breadcrumb\":{\"@id\":\"https:\\\/\\\/interamerica.org\\\/es\\\/2014\\\/02\\\/los-adventistas-se-unen-a-otros-en-oposicion-a-la-mutilacion-o-escision-genital-femenina\\\/#breadcrumb\"},\"inLanguage\":\"es\",\"potentialAction\":[{\"@type\":\"ReadAction\",\"target\":[\"https:\\\/\\\/interamerica.org\\\/es\\\/2014\\\/02\\\/los-adventistas-se-unen-a-otros-en-oposicion-a-la-mutilacion-o-escision-genital-femenina\\\/\"]}]},{\"@type\":\"ImageObject\",\"inLanguage\":\"es\",\"@id\":\"https:\\\/\\\/interamerica.org\\\/es\\\/2014\\\/02\\\/los-adventistas-se-unen-a-otros-en-oposicion-a-la-mutilacion-o-escision-genital-femenina\\\/#primaryimage\",\"url\":\"https:\\\/\\\/interamerica.org\\\/wp-content\\\/uploads\\\/2017\\\/06\\\/ke-lgflag.gif\",\"contentUrl\":\"https:\\\/\\\/interamerica.org\\\/wp-content\\\/uploads\\\/2017\\\/06\\\/ke-lgflag.gif\",\"width\":400,\"height\":267},{\"@type\":\"BreadcrumbList\",\"@id\":\"https:\\\/\\\/interamerica.org\\\/es\\\/2014\\\/02\\\/los-adventistas-se-unen-a-otros-en-oposicion-a-la-mutilacion-o-escision-genital-femenina\\\/#breadcrumb\",\"itemListElement\":[{\"@type\":\"ListItem\",\"position\":1,\"name\":\"Home\",\"item\":\"https:\\\/\\\/interamerica.org\\\/es\\\/\"},{\"@type\":\"ListItem\",\"position\":2,\"name\":\"Los adventistas se unen a otros en oposici\u00f3n a la Mutilaci\u00f3n o Escisi\u00f3n Genital Femenina\"}]},{\"@type\":\"WebSite\",\"@id\":\"https:\\\/\\\/interamerica.org\\\/es\\\/#website\",\"url\":\"https:\\\/\\\/interamerica.org\\\/es\\\/\",\"name\":\"Iglesia Adventista del S\u00e9ptimo D\u00eda - Divisi\u00f3n Interamericana\",\"description\":\"\",\"potentialAction\":[{\"@type\":\"SearchAction\",\"target\":{\"@type\":\"EntryPoint\",\"urlTemplate\":\"https:\\\/\\\/interamerica.org\\\/es\\\/?s={search_term_string}\"},\"query-input\":{\"@type\":\"PropertyValueSpecification\",\"valueRequired\":true,\"valueName\":\"search_term_string\"}}],\"inLanguage\":\"es\"},{\"@type\":\"Person\",\"@id\":\"https:\\\/\\\/interamerica.org\\\/es\\\/#\\\/schema\\\/person\\\/68ede8bdc292885bb76c1e3810e73c39\",\"name\":\"Lorenzo Verduzco\",\"image\":{\"@type\":\"ImageObject\",\"inLanguage\":\"es\",\"@id\":\"https:\\\/\\\/secure.gravatar.com\\\/avatar\\\/fb81a55b6218459490a9c1dc841a34909185b81904c5337b4b27f7a6fd60c49e?s=96&d=mm&r=g\",\"url\":\"https:\\\/\\\/secure.gravatar.com\\\/avatar\\\/fb81a55b6218459490a9c1dc841a34909185b81904c5337b4b27f7a6fd60c49e?s=96&d=mm&r=g\",\"contentUrl\":\"https:\\\/\\\/secure.gravatar.com\\\/avatar\\\/fb81a55b6218459490a9c1dc841a34909185b81904c5337b4b27f7a6fd60c49e?s=96&d=mm&r=g\",\"caption\":\"Lorenzo Verduzco\"}}]}<\/script>\n<!-- \/ Yoast SEO plugin. -->","yoast_head_json":{"title":"Los adventistas se unen a otros en oposici\u00f3n a la Mutilaci\u00f3n o Escisi\u00f3n Genital Femenina - Iglesia Adventista del S\u00e9ptimo D\u00eda - Divisi\u00f3n Interamericana","robots":{"index":"index","follow":"follow","max-snippet":"max-snippet:-1","max-image-preview":"max-image-preview:large","max-video-preview":"max-video-preview:-1"},"canonical":"https:\/\/interamerica.org\/es\/2014\/02\/los-adventistas-se-unen-a-otros-en-oposicion-a-la-mutilacion-o-escision-genital-femenina\/","og_locale":"es_ES","og_type":"article","og_title":"Los adventistas se unen a otros en oposici\u00f3n a la Mutilaci\u00f3n o Escisi\u00f3n Genital Femenina - Iglesia Adventista del S\u00e9ptimo D\u00eda - Divisi\u00f3n Interamericana","og_description":"El 6 de febrero es el D\u00eda de Cero Tolerancia a la Mutilaci\u00f3n Genital Femenina y los adventistas del s\u00e9ptimo d\u00eda se encuentran entre muchos otros grupos religiosos, organizaciones no gubernamentales y otras organizaciones que se esfuerzan por ponerle fin a esta pr\u00e1ctica.","og_url":"https:\/\/interamerica.org\/es\/2014\/02\/los-adventistas-se-unen-a-otros-en-oposicion-a-la-mutilacion-o-escision-genital-femenina\/","og_site_name":"Iglesia Adventista del S\u00e9ptimo D\u00eda - Divisi\u00f3n Interamericana","article_published_time":"2014-02-04T04:00:00+00:00","og_image":[{"width":400,"height":267,"url":"https:\/\/interamerica.org\/wp-content\/uploads\/2017\/06\/ke-lgflag.gif","type":"image\/gif"}],"author":"Lorenzo Verduzco","twitter_card":"summary_large_image","twitter_misc":{"Escrito por":"Lorenzo Verduzco","Tiempo de lectura":"5 minutos"},"schema":{"@context":"https:\/\/schema.org","@graph":[{"@type":"Article","@id":"https:\/\/interamerica.org\/es\/2014\/02\/los-adventistas-se-unen-a-otros-en-oposicion-a-la-mutilacion-o-escision-genital-femenina\/#article","isPartOf":{"@id":"https:\/\/interamerica.org\/es\/2014\/02\/los-adventistas-se-unen-a-otros-en-oposicion-a-la-mutilacion-o-escision-genital-femenina\/"},"author":{"name":"Lorenzo Verduzco","@id":"https:\/\/interamerica.org\/es\/#\/schema\/person\/68ede8bdc292885bb76c1e3810e73c39"},"headline":"Los adventistas se unen a otros en oposici\u00f3n a la Mutilaci\u00f3n o Escisi\u00f3n Genital Femenina","datePublished":"2014-02-04T04:00:00+00:00","mainEntityOfPage":{"@id":"https:\/\/interamerica.org\/es\/2014\/02\/los-adventistas-se-unen-a-otros-en-oposicion-a-la-mutilacion-o-escision-genital-femenina\/"},"wordCount":1041,"image":{"@id":"https:\/\/interamerica.org\/es\/2014\/02\/los-adventistas-se-unen-a-otros-en-oposicion-a-la-mutilacion-o-escision-genital-femenina\/#primaryimage"},"thumbnailUrl":"https:\/\/interamerica.org\/wp-content\/uploads\/2017\/06\/ke-lgflag.gif","articleSection":["Desde la iglesia mundial"],"inLanguage":"es"},{"@type":"WebPage","@id":"https:\/\/interamerica.org\/es\/2014\/02\/los-adventistas-se-unen-a-otros-en-oposicion-a-la-mutilacion-o-escision-genital-femenina\/","url":"https:\/\/interamerica.org\/es\/2014\/02\/los-adventistas-se-unen-a-otros-en-oposicion-a-la-mutilacion-o-escision-genital-femenina\/","name":"Los adventistas se unen a otros en oposici\u00f3n a la Mutilaci\u00f3n o Escisi\u00f3n Genital Femenina - Iglesia Adventista del S\u00e9ptimo D\u00eda - Divisi\u00f3n Interamericana","isPartOf":{"@id":"https:\/\/interamerica.org\/es\/#website"},"primaryImageOfPage":{"@id":"https:\/\/interamerica.org\/es\/2014\/02\/los-adventistas-se-unen-a-otros-en-oposicion-a-la-mutilacion-o-escision-genital-femenina\/#primaryimage"},"image":{"@id":"https:\/\/interamerica.org\/es\/2014\/02\/los-adventistas-se-unen-a-otros-en-oposicion-a-la-mutilacion-o-escision-genital-femenina\/#primaryimage"},"thumbnailUrl":"https:\/\/interamerica.org\/wp-content\/uploads\/2017\/06\/ke-lgflag.gif","datePublished":"2014-02-04T04:00:00+00:00","author":{"@id":"https:\/\/interamerica.org\/es\/#\/schema\/person\/68ede8bdc292885bb76c1e3810e73c39"},"breadcrumb":{"@id":"https:\/\/interamerica.org\/es\/2014\/02\/los-adventistas-se-unen-a-otros-en-oposicion-a-la-mutilacion-o-escision-genital-femenina\/#breadcrumb"},"inLanguage":"es","potentialAction":[{"@type":"ReadAction","target":["https:\/\/interamerica.org\/es\/2014\/02\/los-adventistas-se-unen-a-otros-en-oposicion-a-la-mutilacion-o-escision-genital-femenina\/"]}]},{"@type":"ImageObject","inLanguage":"es","@id":"https:\/\/interamerica.org\/es\/2014\/02\/los-adventistas-se-unen-a-otros-en-oposicion-a-la-mutilacion-o-escision-genital-femenina\/#primaryimage","url":"https:\/\/interamerica.org\/wp-content\/uploads\/2017\/06\/ke-lgflag.gif","contentUrl":"https:\/\/interamerica.org\/wp-content\/uploads\/2017\/06\/ke-lgflag.gif","width":400,"height":267},{"@type":"BreadcrumbList","@id":"https:\/\/interamerica.org\/es\/2014\/02\/los-adventistas-se-unen-a-otros-en-oposicion-a-la-mutilacion-o-escision-genital-femenina\/#breadcrumb","itemListElement":[{"@type":"ListItem","position":1,"name":"Home","item":"https:\/\/interamerica.org\/es\/"},{"@type":"ListItem","position":2,"name":"Los adventistas se unen a otros en oposici\u00f3n a la Mutilaci\u00f3n o Escisi\u00f3n Genital Femenina"}]},{"@type":"WebSite","@id":"https:\/\/interamerica.org\/es\/#website","url":"https:\/\/interamerica.org\/es\/","name":"Iglesia Adventista del S\u00e9ptimo D\u00eda - Divisi\u00f3n Interamericana","description":"","potentialAction":[{"@type":"SearchAction","target":{"@type":"EntryPoint","urlTemplate":"https:\/\/interamerica.org\/es\/?s={search_term_string}"},"query-input":{"@type":"PropertyValueSpecification","valueRequired":true,"valueName":"search_term_string"}}],"inLanguage":"es"},{"@type":"Person","@id":"https:\/\/interamerica.org\/es\/#\/schema\/person\/68ede8bdc292885bb76c1e3810e73c39","name":"Lorenzo Verduzco","image":{"@type":"ImageObject","inLanguage":"es","@id":"https:\/\/secure.gravatar.com\/avatar\/fb81a55b6218459490a9c1dc841a34909185b81904c5337b4b27f7a6fd60c49e?s=96&d=mm&r=g","url":"https:\/\/secure.gravatar.com\/avatar\/fb81a55b6218459490a9c1dc841a34909185b81904c5337b4b27f7a6fd60c49e?s=96&d=mm&r=g","contentUrl":"https:\/\/secure.gravatar.com\/avatar\/fb81a55b6218459490a9c1dc841a34909185b81904c5337b4b27f7a6fd60c49e?s=96&d=mm&r=g","caption":"Lorenzo Verduzco"}}]}},"_links":{"self":[{"href":"https:\/\/interamerica.org\/es\/wp-json\/wp\/v2\/posts\/30425","targetHints":{"allow":["GET"]}}],"collection":[{"href":"https:\/\/interamerica.org\/es\/wp-json\/wp\/v2\/posts"}],"about":[{"href":"https:\/\/interamerica.org\/es\/wp-json\/wp\/v2\/types\/post"}],"author":[{"embeddable":true,"href":"https:\/\/interamerica.org\/es\/wp-json\/wp\/v2\/users\/1"}],"replies":[{"embeddable":true,"href":"https:\/\/interamerica.org\/es\/wp-json\/wp\/v2\/comments?post=30425"}],"version-history":[{"count":0,"href":"https:\/\/interamerica.org\/es\/wp-json\/wp\/v2\/posts\/30425\/revisions"}],"wp:featuredmedia":[{"embeddable":true,"href":"https:\/\/interamerica.org\/es\/wp-json\/wp\/v2\/media\/22071"}],"wp:attachment":[{"href":"https:\/\/interamerica.org\/es\/wp-json\/wp\/v2\/media?parent=30425"}],"wp:term":[{"taxonomy":"category","embeddable":true,"href":"https:\/\/interamerica.org\/es\/wp-json\/wp\/v2\/categories?post=30425"},{"taxonomy":"post_tag","embeddable":true,"href":"https:\/\/interamerica.org\/es\/wp-json\/wp\/v2\/tags?post=30425"}],"curies":[{"name":"wp","href":"https:\/\/api.w.org\/{rel}","templated":true}]}}