{"id":30428,"date":"2014-02-11T00:00:00","date_gmt":"2014-02-11T04:00:00","guid":{"rendered":"http:\/\/192.81.217.108\/interamerica\/2014\/02\/en-europa-los-adventistas-hacen-un-llamado-a-la-alianza-europea-para-el-descanso-dominical-a-no-discriminar\/"},"modified":"2014-02-11T00:00:00","modified_gmt":"2014-02-11T04:00:00","slug":"en-europa-los-adventistas-hacen-un-llamado-a-la-alianza-europea-para-el-descanso-dominical-a-no-discriminar","status":"publish","type":"post","link":"https:\/\/interamerica.org\/es\/2014\/02\/en-europa-los-adventistas-hacen-un-llamado-a-la-alianza-europea-para-el-descanso-dominical-a-no-discriminar\/","title":{"rendered":"En Europa, los adventistas hacen un llamado a la Alianza Europea para el Descanso Dominical, a no discriminar"},"content":{"rendered":"<p>11 de febrero de 2014 &#8211; Silver Spring, Maryland, Estados Unidos&#8230;personal ANN<\/p>\n<div id=\"attachment_10628\" style=\"width: 310px\" class=\"wp-caption alignright\"><a href=\"\/interamerica\/wp-content\/uploads\/2017\/06\/csm_EU-web_f416e67f68.jpg\" rel=\"fancybox\" title=\"En Europa, los adventistas hacen un llamado a la Alianza Europea para el Descanso Dominical, a no discriminar\"><img fetchpriority=\"high\" decoding=\"async\" aria-describedby=\"caption-attachment-10628\" class=\"size-medium wp-image-10628\" src=\"\/interamerica\/wp-content\/uploads\/2017\/06\/csm_EU-web_f416e67f68-300x225.jpg\" alt=\"\" width=\"300\" height=\"225\" \/><\/a><p id=\"caption-attachment-10628\" class=\"wp-caption-text\">Una alianza que promueve en Europa equilibrio entre vida y trabajo, est\u00e1 presionando a los miembros del Parlamento Europeo a endosar domingos libres de trabajo en ese continente. Arriba, una sala de asambleas de la Uni\u00f3n Europea en Bruselas, B\u00e9lgica. Imagen: Wikimedia Commons<\/p><\/div>\n<p>La European Sunday Alliance (Alianza Europea para el Descanso Dominical), una coalici\u00f3n de alianzas nacionales, sindicatos, organizaciones civiles y comunidades religiosas, establecida en el 2011 en favor del descanso dominical, est\u00e1 ganando terreno en el Parlamento Europeo, pero contin\u00faa preocupando a los defensores de la libertad religiosa.<\/p>\n<p>Durante la Segunda Conferencia sobre Descanso de Labores en Domingo y Trabajo Decente, la alianza lanz\u00f3 una petici\u00f3n dirigida a miembros actuales y futuros del Parlamento Europeo, solicitando a los legisladores que promuevan leyes que \u201crespeten\u201d el domingo como un \u201cd\u00eda de descanso\u201d y que garanticen horas laborales justas.<\/p>\n<p>\u201cUn domingo libre de labores y un horario decente de trabajo son de suma importancia para los ciudadanos y trabajadores en todo Europa\u201d, expresa un documento distribuido por dicha alianza, y a\u00f1ade que el extender la semana de trabajo a \u201clabores hasta muy tarde en el d\u00eda, durante las noches, d\u00edas festivos y domingos\u201d, est\u00e1 poniendo en riesgo la salud, la seguridad, la familia y la vida privada de los empleados.<\/p>\n<p>La alianza arguye tambi\u00e9n que una semana de trabajo m\u00e1s larga, con unos cuantos d\u00edas festivos, no es la respuesta a los profundamente arraigados problemas financieros, y favorece mejor la creaci\u00f3n de empleos y la competitividad.<br \/>\n\u201cLa competitividad requiere innovaci\u00f3n, la innovaci\u00f3n requiere creatividad y la creatividad requiere recreaci\u00f3n\u201d, declara el documento.<\/p>\n<p>Fuera de los argumentos econ\u00f3micos, las minor\u00edas religiosas en Europa \u2014musulmanes, jud\u00edos y adventistas del s\u00e9ptimo d\u00eda, entre otros, se preocupan porque la propuesta infringe el derecho de libre expresi\u00f3n de las creencias religiosas, a pesar de sus aparentes bien intencionados objetivos de reducir el estr\u00e9s y el exceso de trabajo.<\/p>\n<p>\u201cMillones de ciudadanos europeos que son parte de las minor\u00edas religiosas podr\u00edan ser afectados por las aspiraciones de la Ley Dominical EU\u201d, dijo Liviu Olteanu, director de Asuntos P\u00fablicos y Libertad Religiosa de la Iglesia Adventista del S\u00e9ptimo D\u00eda de la Divisi\u00f3n Intereuropea (DIE).<\/p>\n<p>En un comunicado de prensa del 2 de enero, esta divisi\u00f3n endos\u00f3 la posici\u00f3n de Hannu Takkula, un miembro finland\u00e9s del Parlamento Europeo que se ha expresado en contra de los domingos libres de labor.<\/p>\n<p>\u201cLa legislaci\u00f3n no debe nunca discriminar en el terreno religioso. Una ley que establezca el domingo como un d\u00eda universal libre de trabajo, har\u00e1 exactamente eso\u201d dijo Hannu Takkula en un reciente comunicado de prensa.<\/p>\n<p>\u201cLa libertad de religi\u00f3n y creencia es un valor europeo esencial\u2026La Uni\u00f3n Europea debe garantizar igualdad de derechos y libertades para todos, al celebrar el d\u00eda de descanso de su convicci\u00f3n\u201d, a\u00f1adi\u00f3.<br \/>\nJohn Graz, director de Asuntos P\u00fablicos y Libertad Religiosa de la Iglesia Adventista mundial, dijo que le agradaba que Hannu Takkula y otros miembros del Parlamento est\u00e1n tomando una firme y clara posici\u00f3n contra los domingos libres de labor.<br \/>\n\u201cAnimamos a todos los legisladores en Europa a proteger los derechos de todas las personas religiosas, incluyendo a aquellas que no observan el domingo como un d\u00eda de descanso\u201d, dijo John Graz.<\/p>\n<p>Los adventistas en Europa han cuestionado los efectos de los domingos libres de trabajo desde que se estableci\u00f3 la Alianza Europea para el Descanso Dominical.<br \/>\nEn el 2011, Raafat Kamal, director de Asuntos P\u00fablicos y Libertad Religiosa de la Iglesia Adventista en Europa del Norte, dijo que los adventistas \u201capoyan el concepto de que la gente necesita un d\u00eda de descanso a fin de lograr un equilibrio entre la vida y el trabajo\u201d, pero, agreg\u00f3, \u201cal mismo tiempo deseamos estar seguros de que se respete a aquellos que no observan el domingo como d\u00eda religioso designado para el descanso semanal\u201d.<br \/>\nActualmente Liviu Olteanu est\u00e1 solicitando a los miembros del Parlamento Europeo que \u201cno interfieran en asuntos relacionados con la libertad religiosa y la libertad de conciencia, al proponer o captar leyes que afecten la libertad religiosa de las minor\u00edas religiosas\u201d.<br \/>\nAs\u00ed mismo anim\u00f3 a los miembros de la Iglesia Adventista en Europa, a orar por esta determinada situaci\u00f3n y a ponerse en contacto con sus respectivos miembros del Parlamento o candidatos al MEP para cabildear en favor de sus libertades religiosas.<\/p>\n<p>Dijo tambi\u00e9n: \u201cDebemos comprometernos en esta causa con sabidur\u00eda, equilibrio y una actitud positiva para poder ser embajadores de libertad, esperanza y paz, amando siempre a otros, pero buscando siempre promover y defender la libertad religiosa para todas las personas\u201d.<\/p>\n<p>Traducci\u00f3n por Gloria A Castrej\u00f3n<\/p>\n","protected":false},"excerpt":{"rendered":"<p>Una alianza que promueve en Europa equilibrio entre vida y trabajo, y cohesi\u00f3n social, reiter\u00f3 el mes pasado su propuesta de domingos libres de trabajo, en una conferencia en Bruselas, B\u00e9lgica.<\/p>\n","protected":false},"author":1,"featured_media":22608,"comment_status":"closed","ping_status":"closed","sticky":false,"template":"","format":"standard","meta":{"_acf_changed":false,"footnotes":""},"categories":[14],"tags":[],"class_list":["post-30428","post","type-post","status-publish","format-standard","has-post-thumbnail","hentry","category-de-la-iglesia-mundial"],"acf":[],"yoast_head":"<!-- This site is optimized with the Yoast SEO plugin v27.3 - https:\/\/yoast.com\/product\/yoast-seo-wordpress\/ -->\n<title>En Europa, los adventistas hacen un llamado a la Alianza Europea para el Descanso Dominical, a no discriminar - Iglesia Adventista del S\u00e9ptimo D\u00eda - Divisi\u00f3n Interamericana<\/title>\n<meta name=\"robots\" content=\"index, follow, max-snippet:-1, max-image-preview:large, max-video-preview:-1\" \/>\n<link rel=\"canonical\" href=\"https:\/\/interamerica.org\/es\/2014\/02\/en-europa-los-adventistas-hacen-un-llamado-a-la-alianza-europea-para-el-descanso-dominical-a-no-discriminar\/\" \/>\n<meta property=\"og:locale\" content=\"es_ES\" \/>\n<meta property=\"og:type\" content=\"article\" \/>\n<meta property=\"og:title\" content=\"En Europa, los adventistas hacen un llamado a la Alianza Europea para el Descanso Dominical, a no discriminar - Iglesia Adventista del S\u00e9ptimo D\u00eda - Divisi\u00f3n Interamericana\" \/>\n<meta property=\"og:description\" content=\"Una alianza que promueve en Europa equilibrio entre vida y trabajo, y cohesi\u00f3n social, reiter\u00f3 el mes pasado su propuesta de domingos libres de trabajo, en una conferencia en Bruselas, B\u00e9lgica.\" \/>\n<meta property=\"og:url\" content=\"https:\/\/interamerica.org\/es\/2014\/02\/en-europa-los-adventistas-hacen-un-llamado-a-la-alianza-europea-para-el-descanso-dominical-a-no-discriminar\/\" \/>\n<meta property=\"og:site_name\" content=\"Iglesia Adventista del S\u00e9ptimo D\u00eda - Divisi\u00f3n Interamericana\" \/>\n<meta property=\"article:published_time\" content=\"2014-02-11T04:00:00+00:00\" \/>\n<meta property=\"og:image\" content=\"https:\/\/interamerica.org\/wp-content\/uploads\/2017\/06\/csm_EU-web_f416e67f68.jpg\" \/>\n\t<meta property=\"og:image:width\" content=\"400\" \/>\n\t<meta property=\"og:image:height\" content=\"300\" \/>\n\t<meta property=\"og:image:type\" content=\"image\/jpeg\" \/>\n<meta name=\"author\" content=\"Lorenzo Verduzco\" \/>\n<meta name=\"twitter:card\" content=\"summary_large_image\" \/>\n<meta name=\"twitter:label1\" content=\"Escrito por\" \/>\n\t<meta name=\"twitter:data1\" content=\"Lorenzo Verduzco\" \/>\n\t<meta name=\"twitter:label2\" content=\"Tiempo de lectura\" \/>\n\t<meta name=\"twitter:data2\" content=\"4 minutos\" \/>\n<script type=\"application\/ld+json\" class=\"yoast-schema-graph\">{\"@context\":\"https:\\\/\\\/schema.org\",\"@graph\":[{\"@type\":\"Article\",\"@id\":\"https:\\\/\\\/interamerica.org\\\/es\\\/2014\\\/02\\\/en-europa-los-adventistas-hacen-un-llamado-a-la-alianza-europea-para-el-descanso-dominical-a-no-discriminar\\\/#article\",\"isPartOf\":{\"@id\":\"https:\\\/\\\/interamerica.org\\\/es\\\/2014\\\/02\\\/en-europa-los-adventistas-hacen-un-llamado-a-la-alianza-europea-para-el-descanso-dominical-a-no-discriminar\\\/\"},\"author\":{\"name\":\"Lorenzo Verduzco\",\"@id\":\"https:\\\/\\\/interamerica.org\\\/es\\\/#\\\/schema\\\/person\\\/68ede8bdc292885bb76c1e3810e73c39\"},\"headline\":\"En Europa, los adventistas hacen un llamado a la Alianza Europea para el Descanso Dominical, a no discriminar\",\"datePublished\":\"2014-02-11T04:00:00+00:00\",\"mainEntityOfPage\":{\"@id\":\"https:\\\/\\\/interamerica.org\\\/es\\\/2014\\\/02\\\/en-europa-los-adventistas-hacen-un-llamado-a-la-alianza-europea-para-el-descanso-dominical-a-no-discriminar\\\/\"},\"wordCount\":842,\"image\":{\"@id\":\"https:\\\/\\\/interamerica.org\\\/es\\\/2014\\\/02\\\/en-europa-los-adventistas-hacen-un-llamado-a-la-alianza-europea-para-el-descanso-dominical-a-no-discriminar\\\/#primaryimage\"},\"thumbnailUrl\":\"https:\\\/\\\/interamerica.org\\\/wp-content\\\/uploads\\\/2017\\\/06\\\/csm_EU-web_f416e67f68.jpg\",\"articleSection\":[\"Desde la iglesia mundial\"],\"inLanguage\":\"es\"},{\"@type\":\"WebPage\",\"@id\":\"https:\\\/\\\/interamerica.org\\\/es\\\/2014\\\/02\\\/en-europa-los-adventistas-hacen-un-llamado-a-la-alianza-europea-para-el-descanso-dominical-a-no-discriminar\\\/\",\"url\":\"https:\\\/\\\/interamerica.org\\\/es\\\/2014\\\/02\\\/en-europa-los-adventistas-hacen-un-llamado-a-la-alianza-europea-para-el-descanso-dominical-a-no-discriminar\\\/\",\"name\":\"En Europa, los adventistas hacen un llamado a la Alianza Europea para el Descanso Dominical, a no discriminar - Iglesia Adventista del S\u00e9ptimo D\u00eda - Divisi\u00f3n Interamericana\",\"isPartOf\":{\"@id\":\"https:\\\/\\\/interamerica.org\\\/es\\\/#website\"},\"primaryImageOfPage\":{\"@id\":\"https:\\\/\\\/interamerica.org\\\/es\\\/2014\\\/02\\\/en-europa-los-adventistas-hacen-un-llamado-a-la-alianza-europea-para-el-descanso-dominical-a-no-discriminar\\\/#primaryimage\"},\"image\":{\"@id\":\"https:\\\/\\\/interamerica.org\\\/es\\\/2014\\\/02\\\/en-europa-los-adventistas-hacen-un-llamado-a-la-alianza-europea-para-el-descanso-dominical-a-no-discriminar\\\/#primaryimage\"},\"thumbnailUrl\":\"https:\\\/\\\/interamerica.org\\\/wp-content\\\/uploads\\\/2017\\\/06\\\/csm_EU-web_f416e67f68.jpg\",\"datePublished\":\"2014-02-11T04:00:00+00:00\",\"author\":{\"@id\":\"https:\\\/\\\/interamerica.org\\\/es\\\/#\\\/schema\\\/person\\\/68ede8bdc292885bb76c1e3810e73c39\"},\"breadcrumb\":{\"@id\":\"https:\\\/\\\/interamerica.org\\\/es\\\/2014\\\/02\\\/en-europa-los-adventistas-hacen-un-llamado-a-la-alianza-europea-para-el-descanso-dominical-a-no-discriminar\\\/#breadcrumb\"},\"inLanguage\":\"es\",\"potentialAction\":[{\"@type\":\"ReadAction\",\"target\":[\"https:\\\/\\\/interamerica.org\\\/es\\\/2014\\\/02\\\/en-europa-los-adventistas-hacen-un-llamado-a-la-alianza-europea-para-el-descanso-dominical-a-no-discriminar\\\/\"]}]},{\"@type\":\"ImageObject\",\"inLanguage\":\"es\",\"@id\":\"https:\\\/\\\/interamerica.org\\\/es\\\/2014\\\/02\\\/en-europa-los-adventistas-hacen-un-llamado-a-la-alianza-europea-para-el-descanso-dominical-a-no-discriminar\\\/#primaryimage\",\"url\":\"https:\\\/\\\/interamerica.org\\\/wp-content\\\/uploads\\\/2017\\\/06\\\/csm_EU-web_f416e67f68.jpg\",\"contentUrl\":\"https:\\\/\\\/interamerica.org\\\/wp-content\\\/uploads\\\/2017\\\/06\\\/csm_EU-web_f416e67f68.jpg\",\"width\":400,\"height\":300},{\"@type\":\"BreadcrumbList\",\"@id\":\"https:\\\/\\\/interamerica.org\\\/es\\\/2014\\\/02\\\/en-europa-los-adventistas-hacen-un-llamado-a-la-alianza-europea-para-el-descanso-dominical-a-no-discriminar\\\/#breadcrumb\",\"itemListElement\":[{\"@type\":\"ListItem\",\"position\":1,\"name\":\"Home\",\"item\":\"https:\\\/\\\/interamerica.org\\\/es\\\/\"},{\"@type\":\"ListItem\",\"position\":2,\"name\":\"En Europa, los adventistas hacen un llamado a la Alianza Europea para el Descanso Dominical, a no discriminar\"}]},{\"@type\":\"WebSite\",\"@id\":\"https:\\\/\\\/interamerica.org\\\/es\\\/#website\",\"url\":\"https:\\\/\\\/interamerica.org\\\/es\\\/\",\"name\":\"Iglesia Adventista del S\u00e9ptimo D\u00eda - Divisi\u00f3n Interamericana\",\"description\":\"\",\"potentialAction\":[{\"@type\":\"SearchAction\",\"target\":{\"@type\":\"EntryPoint\",\"urlTemplate\":\"https:\\\/\\\/interamerica.org\\\/es\\\/?s={search_term_string}\"},\"query-input\":{\"@type\":\"PropertyValueSpecification\",\"valueRequired\":true,\"valueName\":\"search_term_string\"}}],\"inLanguage\":\"es\"},{\"@type\":\"Person\",\"@id\":\"https:\\\/\\\/interamerica.org\\\/es\\\/#\\\/schema\\\/person\\\/68ede8bdc292885bb76c1e3810e73c39\",\"name\":\"Lorenzo Verduzco\",\"image\":{\"@type\":\"ImageObject\",\"inLanguage\":\"es\",\"@id\":\"https:\\\/\\\/secure.gravatar.com\\\/avatar\\\/fb81a55b6218459490a9c1dc841a34909185b81904c5337b4b27f7a6fd60c49e?s=96&d=mm&r=g\",\"url\":\"https:\\\/\\\/secure.gravatar.com\\\/avatar\\\/fb81a55b6218459490a9c1dc841a34909185b81904c5337b4b27f7a6fd60c49e?s=96&d=mm&r=g\",\"contentUrl\":\"https:\\\/\\\/secure.gravatar.com\\\/avatar\\\/fb81a55b6218459490a9c1dc841a34909185b81904c5337b4b27f7a6fd60c49e?s=96&d=mm&r=g\",\"caption\":\"Lorenzo Verduzco\"}}]}<\/script>\n<!-- \/ Yoast SEO plugin. -->","yoast_head_json":{"title":"En Europa, los adventistas hacen un llamado a la Alianza Europea para el Descanso Dominical, a no discriminar - Iglesia Adventista del S\u00e9ptimo D\u00eda - Divisi\u00f3n Interamericana","robots":{"index":"index","follow":"follow","max-snippet":"max-snippet:-1","max-image-preview":"max-image-preview:large","max-video-preview":"max-video-preview:-1"},"canonical":"https:\/\/interamerica.org\/es\/2014\/02\/en-europa-los-adventistas-hacen-un-llamado-a-la-alianza-europea-para-el-descanso-dominical-a-no-discriminar\/","og_locale":"es_ES","og_type":"article","og_title":"En Europa, los adventistas hacen un llamado a la Alianza Europea para el Descanso Dominical, a no discriminar - Iglesia Adventista del S\u00e9ptimo D\u00eda - Divisi\u00f3n Interamericana","og_description":"Una alianza que promueve en Europa equilibrio entre vida y trabajo, y cohesi\u00f3n social, reiter\u00f3 el mes pasado su propuesta de domingos libres de trabajo, en una conferencia en Bruselas, B\u00e9lgica.","og_url":"https:\/\/interamerica.org\/es\/2014\/02\/en-europa-los-adventistas-hacen-un-llamado-a-la-alianza-europea-para-el-descanso-dominical-a-no-discriminar\/","og_site_name":"Iglesia Adventista del S\u00e9ptimo D\u00eda - Divisi\u00f3n Interamericana","article_published_time":"2014-02-11T04:00:00+00:00","og_image":[{"width":400,"height":300,"url":"https:\/\/interamerica.org\/wp-content\/uploads\/2017\/06\/csm_EU-web_f416e67f68.jpg","type":"image\/jpeg"}],"author":"Lorenzo Verduzco","twitter_card":"summary_large_image","twitter_misc":{"Escrito por":"Lorenzo Verduzco","Tiempo de lectura":"4 minutos"},"schema":{"@context":"https:\/\/schema.org","@graph":[{"@type":"Article","@id":"https:\/\/interamerica.org\/es\/2014\/02\/en-europa-los-adventistas-hacen-un-llamado-a-la-alianza-europea-para-el-descanso-dominical-a-no-discriminar\/#article","isPartOf":{"@id":"https:\/\/interamerica.org\/es\/2014\/02\/en-europa-los-adventistas-hacen-un-llamado-a-la-alianza-europea-para-el-descanso-dominical-a-no-discriminar\/"},"author":{"name":"Lorenzo Verduzco","@id":"https:\/\/interamerica.org\/es\/#\/schema\/person\/68ede8bdc292885bb76c1e3810e73c39"},"headline":"En Europa, los adventistas hacen un llamado a la Alianza Europea para el Descanso Dominical, a no discriminar","datePublished":"2014-02-11T04:00:00+00:00","mainEntityOfPage":{"@id":"https:\/\/interamerica.org\/es\/2014\/02\/en-europa-los-adventistas-hacen-un-llamado-a-la-alianza-europea-para-el-descanso-dominical-a-no-discriminar\/"},"wordCount":842,"image":{"@id":"https:\/\/interamerica.org\/es\/2014\/02\/en-europa-los-adventistas-hacen-un-llamado-a-la-alianza-europea-para-el-descanso-dominical-a-no-discriminar\/#primaryimage"},"thumbnailUrl":"https:\/\/interamerica.org\/wp-content\/uploads\/2017\/06\/csm_EU-web_f416e67f68.jpg","articleSection":["Desde la iglesia mundial"],"inLanguage":"es"},{"@type":"WebPage","@id":"https:\/\/interamerica.org\/es\/2014\/02\/en-europa-los-adventistas-hacen-un-llamado-a-la-alianza-europea-para-el-descanso-dominical-a-no-discriminar\/","url":"https:\/\/interamerica.org\/es\/2014\/02\/en-europa-los-adventistas-hacen-un-llamado-a-la-alianza-europea-para-el-descanso-dominical-a-no-discriminar\/","name":"En Europa, los adventistas hacen un llamado a la Alianza Europea para el Descanso Dominical, a no discriminar - Iglesia Adventista del S\u00e9ptimo D\u00eda - Divisi\u00f3n Interamericana","isPartOf":{"@id":"https:\/\/interamerica.org\/es\/#website"},"primaryImageOfPage":{"@id":"https:\/\/interamerica.org\/es\/2014\/02\/en-europa-los-adventistas-hacen-un-llamado-a-la-alianza-europea-para-el-descanso-dominical-a-no-discriminar\/#primaryimage"},"image":{"@id":"https:\/\/interamerica.org\/es\/2014\/02\/en-europa-los-adventistas-hacen-un-llamado-a-la-alianza-europea-para-el-descanso-dominical-a-no-discriminar\/#primaryimage"},"thumbnailUrl":"https:\/\/interamerica.org\/wp-content\/uploads\/2017\/06\/csm_EU-web_f416e67f68.jpg","datePublished":"2014-02-11T04:00:00+00:00","author":{"@id":"https:\/\/interamerica.org\/es\/#\/schema\/person\/68ede8bdc292885bb76c1e3810e73c39"},"breadcrumb":{"@id":"https:\/\/interamerica.org\/es\/2014\/02\/en-europa-los-adventistas-hacen-un-llamado-a-la-alianza-europea-para-el-descanso-dominical-a-no-discriminar\/#breadcrumb"},"inLanguage":"es","potentialAction":[{"@type":"ReadAction","target":["https:\/\/interamerica.org\/es\/2014\/02\/en-europa-los-adventistas-hacen-un-llamado-a-la-alianza-europea-para-el-descanso-dominical-a-no-discriminar\/"]}]},{"@type":"ImageObject","inLanguage":"es","@id":"https:\/\/interamerica.org\/es\/2014\/02\/en-europa-los-adventistas-hacen-un-llamado-a-la-alianza-europea-para-el-descanso-dominical-a-no-discriminar\/#primaryimage","url":"https:\/\/interamerica.org\/wp-content\/uploads\/2017\/06\/csm_EU-web_f416e67f68.jpg","contentUrl":"https:\/\/interamerica.org\/wp-content\/uploads\/2017\/06\/csm_EU-web_f416e67f68.jpg","width":400,"height":300},{"@type":"BreadcrumbList","@id":"https:\/\/interamerica.org\/es\/2014\/02\/en-europa-los-adventistas-hacen-un-llamado-a-la-alianza-europea-para-el-descanso-dominical-a-no-discriminar\/#breadcrumb","itemListElement":[{"@type":"ListItem","position":1,"name":"Home","item":"https:\/\/interamerica.org\/es\/"},{"@type":"ListItem","position":2,"name":"En Europa, los adventistas hacen un llamado a la Alianza Europea para el Descanso Dominical, a no discriminar"}]},{"@type":"WebSite","@id":"https:\/\/interamerica.org\/es\/#website","url":"https:\/\/interamerica.org\/es\/","name":"Iglesia Adventista del S\u00e9ptimo D\u00eda - Divisi\u00f3n Interamericana","description":"","potentialAction":[{"@type":"SearchAction","target":{"@type":"EntryPoint","urlTemplate":"https:\/\/interamerica.org\/es\/?s={search_term_string}"},"query-input":{"@type":"PropertyValueSpecification","valueRequired":true,"valueName":"search_term_string"}}],"inLanguage":"es"},{"@type":"Person","@id":"https:\/\/interamerica.org\/es\/#\/schema\/person\/68ede8bdc292885bb76c1e3810e73c39","name":"Lorenzo Verduzco","image":{"@type":"ImageObject","inLanguage":"es","@id":"https:\/\/secure.gravatar.com\/avatar\/fb81a55b6218459490a9c1dc841a34909185b81904c5337b4b27f7a6fd60c49e?s=96&d=mm&r=g","url":"https:\/\/secure.gravatar.com\/avatar\/fb81a55b6218459490a9c1dc841a34909185b81904c5337b4b27f7a6fd60c49e?s=96&d=mm&r=g","contentUrl":"https:\/\/secure.gravatar.com\/avatar\/fb81a55b6218459490a9c1dc841a34909185b81904c5337b4b27f7a6fd60c49e?s=96&d=mm&r=g","caption":"Lorenzo Verduzco"}}]}},"_links":{"self":[{"href":"https:\/\/interamerica.org\/es\/wp-json\/wp\/v2\/posts\/30428","targetHints":{"allow":["GET"]}}],"collection":[{"href":"https:\/\/interamerica.org\/es\/wp-json\/wp\/v2\/posts"}],"about":[{"href":"https:\/\/interamerica.org\/es\/wp-json\/wp\/v2\/types\/post"}],"author":[{"embeddable":true,"href":"https:\/\/interamerica.org\/es\/wp-json\/wp\/v2\/users\/1"}],"replies":[{"embeddable":true,"href":"https:\/\/interamerica.org\/es\/wp-json\/wp\/v2\/comments?post=30428"}],"version-history":[{"count":0,"href":"https:\/\/interamerica.org\/es\/wp-json\/wp\/v2\/posts\/30428\/revisions"}],"wp:featuredmedia":[{"embeddable":true,"href":"https:\/\/interamerica.org\/es\/wp-json\/wp\/v2\/media\/22608"}],"wp:attachment":[{"href":"https:\/\/interamerica.org\/es\/wp-json\/wp\/v2\/media?parent=30428"}],"wp:term":[{"taxonomy":"category","embeddable":true,"href":"https:\/\/interamerica.org\/es\/wp-json\/wp\/v2\/categories?post=30428"},{"taxonomy":"post_tag","embeddable":true,"href":"https:\/\/interamerica.org\/es\/wp-json\/wp\/v2\/tags?post=30428"}],"curies":[{"name":"wp","href":"https:\/\/api.w.org\/{rel}","templated":true}]}}