{"id":30430,"date":"2014-02-19T00:00:00","date_gmt":"2014-02-19T04:00:00","guid":{"rendered":"http:\/\/192.81.217.108\/interamerica\/2014\/02\/la-visita-del-presidente-wilson-al-pacifico-sur-incluye-reuniones-con-lideres-gubernamentales-y-esfuerzos-evangelizadores\/"},"modified":"2014-02-19T00:00:00","modified_gmt":"2014-02-19T04:00:00","slug":"la-visita-del-presidente-wilson-al-pacifico-sur-incluye-reuniones-con-lideres-gubernamentales-y-esfuerzos-evangelizadores","status":"publish","type":"post","link":"https:\/\/interamerica.org\/es\/2014\/02\/la-visita-del-presidente-wilson-al-pacifico-sur-incluye-reuniones-con-lideres-gubernamentales-y-esfuerzos-evangelizadores\/","title":{"rendered":"La visita del presidente Wilson al Pac\u00edfico Sur incluye reuniones con l\u00edderes gubernamentales y esfuerzos evangelizadores"},"content":{"rendered":"<p>18 de febrero de 2014 &#8211; Port Moresby, Pap\u00faa Nueva Guinea&#8230;Kent Kingston y Jarrod Stackelroth\/SPD Record y personal ANN<\/p>\n<p>El presidente de la Iglesia Adventista del S\u00e9ptimo D\u00eda, Ted N. C. Wilson, visit\u00f3 este mes varios pa\u00edses en la Divisi\u00f3n del Pac\u00edfico Sur de la denominaci\u00f3n adventista, reuni\u00e9ndose con l\u00edderes gubernamentales, participando en una serie de evangelizaci\u00f3n y dirigiendo la palabra en la inauguraci\u00f3n del nuevo plantel de un colegio adventista.<\/p>\n<div id=\"attachment_10698\" style=\"width: 310px\" class=\"wp-caption alignright\"><a href=\"\/interamerica\/wp-content\/uploads\/2017\/06\/csm_wilson-png-web_e821c0c1d6.jpg\" rel=\"fancybox\" title=\"La visita del presidente Wilson al Pac\u00edfico Sur incluye reuniones con l\u00edderes gubernamentales y esfuerzos evangelizadores\"><img fetchpriority=\"high\" decoding=\"async\" aria-describedby=\"caption-attachment-10698\" class=\"size-medium wp-image-10698\" src=\"\/interamerica\/wp-content\/uploads\/2017\/06\/csm_wilson-png-web_e821c0c1d6-300x171.jpg\" alt=\"\" width=\"300\" height=\"171\" \/><\/a><p id=\"caption-attachment-10698\" class=\"wp-caption-text\">Durante un viaje al Pac\u00edfico Sur, el presidente de la Iglesia Adventista, Ted N. C. Wilson, derecha, se reuni\u00f3 con el Primer Ministro de Nueva Guinea, Peter O&#8217;Neill, izquierda. El Pastor Wilson se reuni\u00f3 tambi\u00e9n con el l\u00edder de la oposici\u00f3n, Belden Namah y Theo Zurenoc, presidente del Parlamento. Im\u00e1genes cortes\u00eda de SPD Record<\/p><\/div>\n<p>Juntamente con su esposa Nancy, y una delegaci\u00f3n de dirigentes de iglesia local, el Pastor Wilson visit\u00f3 Pap\u00faa, Nueva Guinea (PNG), las Islas Salom\u00f3n y Fiyi\u2014tres pa\u00edses que abarcan aproximadamente el 75 por ciento de la feligres\u00eda de la Divisi\u00f3n del Pac\u00edfico Sur.<br \/>\nLa delegaci\u00f3n se reuni\u00f3 con el Primer Ministro, Peter O\u2019Neill, as\u00ed como con el l\u00edder de la oposici\u00f3n Belden Namah y el presidente del Parlamento de PNG, Theo Zurenoc.<\/p>\n<p>Belden Namah, adventista, dijo m\u00e1s tarde que le hab\u00eda impresionado el vers\u00edculo b\u00edblico en Romanos 12 citado por el Pastor Wilson durante su discusi\u00f3n, alent\u00e1ndolo a \u00e9l y a sus colegas de la oposici\u00f3n a abstenerse de mostrar un esp\u00edritu negativo en su trabajo y, en todo caso, \u201cvencer el mal con el bien\u201d al trabajar con el gobierno por el bien del pa\u00eds.<\/p>\n<p>El presidente del Parlamento, Theo Zurenoc, le explic\u00f3 al presidente Wilson que recibi\u00f3 recientemente \u00f3rdenes de que varias tallas o esculturas tradicionales fuesen removidas del edificio del Parlamento. Reiter\u00f3 su preocupaci\u00f3n acerca del t\u00f3tem en el Sal\u00f3n Principal, que representa inmoralidad y brujer\u00eda; y le mostr\u00f3 a la delegaci\u00f3n adventista un croquis del propuesto \u201cPilar de la Unidad\u201d con el que espera reemplazar al t\u00f3tem.<\/p>\n<p>El Pastor Wilson ofreci\u00f3 consejo espiritual y oraci\u00f3n en favor de cada uno de estos l\u00edderes, agradeciendo en particular al Primer Ministro la libertad religiosa de la que se goza en PNG.<\/p>\n<p>Acompa\u00f1aron al Pastor Wilson el presidente de la Divisi\u00f3n del Pac\u00edfico Sur, Barry Oliver y el presidente de la Uni\u00f3n Misi\u00f3n de Pap\u00faa Nueva Guinea, Leigh Rice.<\/p>\n<p>El Pastor Wilson fue recibido en PNG con el mismo protocolo ofrecido a un jefe de estado visitante, incluyendo veh\u00edculos de seguridad y de la polic\u00eda para escoltar a la delegaci\u00f3n a trav\u00e9s de las calles de Port Moresby.<\/p>\n<p>Antes de la llegada del Pastor Wilson, una serie de reuniones de evangelizaci\u00f3n en el Parque Jack Pidik, de Port Moresby, hab\u00edan atra\u00eddo diariamente a multitudes de m\u00e1s de 15,000 asistentes. El orador principal, Chris Moses, secretario de la Asociaci\u00f3n Central de Pap\u00faa, le cedi\u00f3 el p\u00falpito al Pastor Wilson durante las tres reuniones finales, que incluyeron el servicio del s\u00e1bado por la ma\u00f1ana.<\/p>\n<p>\u201cEs bueno ver que cuando nuestro l\u00edder mundial viene a Pap\u00faa Nueva Guinea, abre la Palabra de Dios\u201d, dijo el presidente de la Asociaci\u00f3n Central de Pap\u00faa, Pastor Kove Tau.<\/p>\n<p>El Pastor Wilson y la delegaci\u00f3n viajaron tambi\u00e9n a las Islas Salom\u00f3n, en donde se encontr\u00f3 con el Primer Ministro Gordon Darcy Lilo, quien felicit\u00f3 a la Iglesia Adventista del S\u00e9ptimo D\u00eda en su 100\u00ba aniversario, desde que los primeros misioneros de la denominaci\u00f3n arribaron a sus costas, dijo un comunicado de prensa de su gobierno.<\/p>\n<p>\u201cSe\u00f1or Presidente: Este a\u00f1o \u2026 marca el 100\u00ba aniversario del arribo del Pastor Griffith Jones y de su esposa Marion a las Islas Salom\u00f3n\u201d, declaraba el peri\u00f3dico informativo Solomon Star. D.G Lilo le inform\u00f3 tambi\u00e9n al Pastor Wilson acerca del papel desempe\u00f1ado por las iglesias cristianas, incluyendo la Iglesia Adventista, en la edificaci\u00f3n de la naci\u00f3n, particularmente en los aspectos de educaci\u00f3n, salud, desarrollo de la juventud y espiritualidad.<br \/>\nMe gustar\u00eda desear a todos sus miembros felices celebraciones. Pero todav\u00eda m\u00e1s importante, oro porque Dios contin\u00fae gui\u00e1ndolos y dirigi\u00e9ndolos en los siguientes 100 a\u00f1os\u201d, a\u00f1adi\u00f3.<\/p>\n<div id=\"attachment_10699\" style=\"width: 310px\" class=\"wp-caption alignleft\"><a href=\"\/interamerica\/wp-content\/uploads\/2017\/06\/RTEmagicC_wilson-tape-fiji-web_02.jpg\" rel=\"fancybox\" title=\"La visita del presidente Wilson al Pac\u00edfico Sur incluye reuniones con l\u00edderes gubernamentales y esfuerzos evangelizadores\"><img decoding=\"async\" aria-describedby=\"caption-attachment-10699\" class=\"size-medium wp-image-10699\" src=\"\/interamerica\/wp-content\/uploads\/2017\/06\/RTEmagicC_wilson-tape-fiji-web_02-300x166.jpg\" alt=\"\" width=\"300\" height=\"166\" \/><\/a><p id=\"caption-attachment-10699\" class=\"wp-caption-text\">El Presidente de la Iglesia Adventista, Ted N. C. Wilson, ayuda a cortar el list\u00f3n para inaugurar el nuevo plantel del Colegio Fulton en Sabeto, Fiyi.<\/p><\/div>\n<p>El Pastor Wilson le dijo a D.G Lilo: \u201cEs la primera vez que me encuentro en esta parte del mundo y esta es para m\u00ed una visita hist\u00f3rica\u201d, de acuerdo al Solomon Times. \u201cMe voy a asegurar de informar a los miembros de la iglesia mundial acerca de sus maravilloso pa\u00eds y habitantes\u201d.<\/p>\n<p>Los dirigentes adventistas viajaron tambi\u00e9n a Kukudu, en la Provincia Occidental de las Islas Salom\u00f3n, el lugar del establecimiento de la primera misi\u00f3n adventista.<\/p>\n<p>El \u00faltimo lugar a visitar en el viaje fue Fiyi, donde el Pastor Wilson inaugur\u00f3 oficialmente el nuevo plantel del Colegio Fulton, de 109 a\u00f1os de existencia, situado en Sabeto, en las afueras de Nadi. Formaban parte tambi\u00e9n de la delegaci\u00f3n, los presidentes de la Uni\u00f3n Misi\u00f3n Trans-Pac\u00edfico y de la Misi\u00f3n Fiyi, Glenn Townend y Luke Narabe, respectivamente.<\/p>\n<p>Este nuevo sitio, a 15 minutos del Aeropuerto Internacional Nadi, presta servicios al casi 60 por ciento de los estudiantes del Colegio Fulton que vienen de otros pa\u00edses.<\/p>\n<p>\u201cSin una mente humana bien preparada, la abundancia de informaci\u00f3n disponible pude ser una cacofon\u00eda en vez de una sinfon\u00eda\u201d, dijo el Ministro de Educaci\u00f3n de Fiyi, Filipe Bole, quien habl\u00f3 en la ceremonia. \u201cLa educaci\u00f3n de ustedes en el Colegio Fulton los preparar\u00e1 para conducir la orquesta de la informaci\u00f3n mundial\u201d.<\/p>\n<p>El Pastor Wilson dijo que el Colegio Fulton estaba por siempre en deuda con la gente de Sabeto por proveer terreno para los edificios, inform\u00f3 el peri\u00f3dico Fiyi Times.<\/p>\n<p>\u00abEsto se don\u00f3 con una gran medida de amor y respeto y felicito por ello a la gente de Sabeto\u00bb, dijo el Pastor Wilson.<\/p>\n<p>Traducci\u00f3n por Gloria A Castrej\u00f3n<\/p>\n","protected":false},"excerpt":{"rendered":"<p>El presidente de la Iglesia Adventista del S\u00e9ptimo D\u00eda, Ted N. C. Wilson, visit\u00f3 este mes varios pa\u00edses en la Divisi\u00f3n del Pac\u00edfico Sur de la denominaci\u00f3n adventista, reuni\u00e9ndose con l\u00edderes gubernamentales, participando en una serie de evangelizaci\u00f3n y dirigiendo la palabra en la inauguraci\u00f3n del nuevo plantel de un colegio adventista.<\/p>\n","protected":false},"author":1,"featured_media":22646,"comment_status":"closed","ping_status":"closed","sticky":false,"template":"","format":"standard","meta":{"_acf_changed":false,"footnotes":""},"categories":[14],"tags":[],"class_list":["post-30430","post","type-post","status-publish","format-standard","has-post-thumbnail","hentry","category-de-la-iglesia-mundial"],"acf":[],"yoast_head":"<!-- This site is optimized with the Yoast SEO plugin v27.3 - https:\/\/yoast.com\/product\/yoast-seo-wordpress\/ -->\n<title>La visita del presidente Wilson al Pac\u00edfico Sur incluye reuniones con l\u00edderes gubernamentales y esfuerzos evangelizadores - Iglesia Adventista del S\u00e9ptimo D\u00eda - Divisi\u00f3n Interamericana<\/title>\n<meta name=\"robots\" content=\"index, follow, max-snippet:-1, max-image-preview:large, max-video-preview:-1\" \/>\n<link rel=\"canonical\" href=\"https:\/\/interamerica.org\/es\/2014\/02\/la-visita-del-presidente-wilson-al-pacifico-sur-incluye-reuniones-con-lideres-gubernamentales-y-esfuerzos-evangelizadores\/\" \/>\n<meta property=\"og:locale\" content=\"es_ES\" \/>\n<meta property=\"og:type\" content=\"article\" \/>\n<meta property=\"og:title\" content=\"La visita del presidente Wilson al Pac\u00edfico Sur incluye reuniones con l\u00edderes gubernamentales y esfuerzos evangelizadores - Iglesia Adventista del S\u00e9ptimo D\u00eda - Divisi\u00f3n Interamericana\" \/>\n<meta property=\"og:description\" content=\"El presidente de la Iglesia Adventista del S\u00e9ptimo D\u00eda, Ted N. C. Wilson, visit\u00f3 este mes varios pa\u00edses en la Divisi\u00f3n del Pac\u00edfico Sur de la denominaci\u00f3n adventista, reuni\u00e9ndose con l\u00edderes gubernamentales, participando en una serie de evangelizaci\u00f3n y dirigiendo la palabra en la inauguraci\u00f3n del nuevo plantel de un colegio adventista.\" \/>\n<meta property=\"og:url\" content=\"https:\/\/interamerica.org\/es\/2014\/02\/la-visita-del-presidente-wilson-al-pacifico-sur-incluye-reuniones-con-lideres-gubernamentales-y-esfuerzos-evangelizadores\/\" \/>\n<meta property=\"og:site_name\" content=\"Iglesia Adventista del S\u00e9ptimo D\u00eda - Divisi\u00f3n Interamericana\" \/>\n<meta property=\"article:published_time\" content=\"2014-02-19T04:00:00+00:00\" \/>\n<meta property=\"og:image\" content=\"https:\/\/interamerica.org\/wp-content\/uploads\/2017\/06\/csm_wilson-png-web_e821c0c1d6.jpg\" \/>\n\t<meta property=\"og:image:width\" content=\"800\" \/>\n\t<meta property=\"og:image:height\" content=\"456\" \/>\n\t<meta property=\"og:image:type\" content=\"image\/jpeg\" \/>\n<meta name=\"author\" content=\"Lorenzo Verduzco\" \/>\n<meta name=\"twitter:card\" content=\"summary_large_image\" \/>\n<meta name=\"twitter:label1\" content=\"Escrito por\" \/>\n\t<meta name=\"twitter:data1\" content=\"Lorenzo Verduzco\" \/>\n\t<meta name=\"twitter:label2\" content=\"Tiempo de lectura\" \/>\n\t<meta name=\"twitter:data2\" content=\"5 minutos\" \/>\n<script type=\"application\/ld+json\" class=\"yoast-schema-graph\">{\"@context\":\"https:\\\/\\\/schema.org\",\"@graph\":[{\"@type\":\"Article\",\"@id\":\"https:\\\/\\\/interamerica.org\\\/es\\\/2014\\\/02\\\/la-visita-del-presidente-wilson-al-pacifico-sur-incluye-reuniones-con-lideres-gubernamentales-y-esfuerzos-evangelizadores\\\/#article\",\"isPartOf\":{\"@id\":\"https:\\\/\\\/interamerica.org\\\/es\\\/2014\\\/02\\\/la-visita-del-presidente-wilson-al-pacifico-sur-incluye-reuniones-con-lideres-gubernamentales-y-esfuerzos-evangelizadores\\\/\"},\"author\":{\"name\":\"Lorenzo Verduzco\",\"@id\":\"https:\\\/\\\/interamerica.org\\\/es\\\/#\\\/schema\\\/person\\\/68ede8bdc292885bb76c1e3810e73c39\"},\"headline\":\"La visita del presidente Wilson al Pac\u00edfico Sur incluye reuniones con l\u00edderes gubernamentales y esfuerzos evangelizadores\",\"datePublished\":\"2014-02-19T04:00:00+00:00\",\"mainEntityOfPage\":{\"@id\":\"https:\\\/\\\/interamerica.org\\\/es\\\/2014\\\/02\\\/la-visita-del-presidente-wilson-al-pacifico-sur-incluye-reuniones-con-lideres-gubernamentales-y-esfuerzos-evangelizadores\\\/\"},\"wordCount\":1109,\"image\":{\"@id\":\"https:\\\/\\\/interamerica.org\\\/es\\\/2014\\\/02\\\/la-visita-del-presidente-wilson-al-pacifico-sur-incluye-reuniones-con-lideres-gubernamentales-y-esfuerzos-evangelizadores\\\/#primaryimage\"},\"thumbnailUrl\":\"https:\\\/\\\/interamerica.org\\\/wp-content\\\/uploads\\\/2017\\\/06\\\/csm_wilson-png-web_e821c0c1d6.jpg\",\"articleSection\":[\"Desde la iglesia mundial\"],\"inLanguage\":\"es\"},{\"@type\":\"WebPage\",\"@id\":\"https:\\\/\\\/interamerica.org\\\/es\\\/2014\\\/02\\\/la-visita-del-presidente-wilson-al-pacifico-sur-incluye-reuniones-con-lideres-gubernamentales-y-esfuerzos-evangelizadores\\\/\",\"url\":\"https:\\\/\\\/interamerica.org\\\/es\\\/2014\\\/02\\\/la-visita-del-presidente-wilson-al-pacifico-sur-incluye-reuniones-con-lideres-gubernamentales-y-esfuerzos-evangelizadores\\\/\",\"name\":\"La visita del presidente Wilson al Pac\u00edfico Sur incluye reuniones con l\u00edderes gubernamentales y esfuerzos evangelizadores - Iglesia Adventista del S\u00e9ptimo D\u00eda - Divisi\u00f3n Interamericana\",\"isPartOf\":{\"@id\":\"https:\\\/\\\/interamerica.org\\\/es\\\/#website\"},\"primaryImageOfPage\":{\"@id\":\"https:\\\/\\\/interamerica.org\\\/es\\\/2014\\\/02\\\/la-visita-del-presidente-wilson-al-pacifico-sur-incluye-reuniones-con-lideres-gubernamentales-y-esfuerzos-evangelizadores\\\/#primaryimage\"},\"image\":{\"@id\":\"https:\\\/\\\/interamerica.org\\\/es\\\/2014\\\/02\\\/la-visita-del-presidente-wilson-al-pacifico-sur-incluye-reuniones-con-lideres-gubernamentales-y-esfuerzos-evangelizadores\\\/#primaryimage\"},\"thumbnailUrl\":\"https:\\\/\\\/interamerica.org\\\/wp-content\\\/uploads\\\/2017\\\/06\\\/csm_wilson-png-web_e821c0c1d6.jpg\",\"datePublished\":\"2014-02-19T04:00:00+00:00\",\"author\":{\"@id\":\"https:\\\/\\\/interamerica.org\\\/es\\\/#\\\/schema\\\/person\\\/68ede8bdc292885bb76c1e3810e73c39\"},\"breadcrumb\":{\"@id\":\"https:\\\/\\\/interamerica.org\\\/es\\\/2014\\\/02\\\/la-visita-del-presidente-wilson-al-pacifico-sur-incluye-reuniones-con-lideres-gubernamentales-y-esfuerzos-evangelizadores\\\/#breadcrumb\"},\"inLanguage\":\"es\",\"potentialAction\":[{\"@type\":\"ReadAction\",\"target\":[\"https:\\\/\\\/interamerica.org\\\/es\\\/2014\\\/02\\\/la-visita-del-presidente-wilson-al-pacifico-sur-incluye-reuniones-con-lideres-gubernamentales-y-esfuerzos-evangelizadores\\\/\"]}]},{\"@type\":\"ImageObject\",\"inLanguage\":\"es\",\"@id\":\"https:\\\/\\\/interamerica.org\\\/es\\\/2014\\\/02\\\/la-visita-del-presidente-wilson-al-pacifico-sur-incluye-reuniones-con-lideres-gubernamentales-y-esfuerzos-evangelizadores\\\/#primaryimage\",\"url\":\"https:\\\/\\\/interamerica.org\\\/wp-content\\\/uploads\\\/2017\\\/06\\\/csm_wilson-png-web_e821c0c1d6.jpg\",\"contentUrl\":\"https:\\\/\\\/interamerica.org\\\/wp-content\\\/uploads\\\/2017\\\/06\\\/csm_wilson-png-web_e821c0c1d6.jpg\",\"width\":800,\"height\":456},{\"@type\":\"BreadcrumbList\",\"@id\":\"https:\\\/\\\/interamerica.org\\\/es\\\/2014\\\/02\\\/la-visita-del-presidente-wilson-al-pacifico-sur-incluye-reuniones-con-lideres-gubernamentales-y-esfuerzos-evangelizadores\\\/#breadcrumb\",\"itemListElement\":[{\"@type\":\"ListItem\",\"position\":1,\"name\":\"Home\",\"item\":\"https:\\\/\\\/interamerica.org\\\/es\\\/\"},{\"@type\":\"ListItem\",\"position\":2,\"name\":\"La visita del presidente Wilson al Pac\u00edfico Sur incluye reuniones con l\u00edderes gubernamentales y esfuerzos evangelizadores\"}]},{\"@type\":\"WebSite\",\"@id\":\"https:\\\/\\\/interamerica.org\\\/es\\\/#website\",\"url\":\"https:\\\/\\\/interamerica.org\\\/es\\\/\",\"name\":\"Iglesia Adventista del S\u00e9ptimo D\u00eda - Divisi\u00f3n Interamericana\",\"description\":\"\",\"potentialAction\":[{\"@type\":\"SearchAction\",\"target\":{\"@type\":\"EntryPoint\",\"urlTemplate\":\"https:\\\/\\\/interamerica.org\\\/es\\\/?s={search_term_string}\"},\"query-input\":{\"@type\":\"PropertyValueSpecification\",\"valueRequired\":true,\"valueName\":\"search_term_string\"}}],\"inLanguage\":\"es\"},{\"@type\":\"Person\",\"@id\":\"https:\\\/\\\/interamerica.org\\\/es\\\/#\\\/schema\\\/person\\\/68ede8bdc292885bb76c1e3810e73c39\",\"name\":\"Lorenzo Verduzco\",\"image\":{\"@type\":\"ImageObject\",\"inLanguage\":\"es\",\"@id\":\"https:\\\/\\\/secure.gravatar.com\\\/avatar\\\/fb81a55b6218459490a9c1dc841a34909185b81904c5337b4b27f7a6fd60c49e?s=96&d=mm&r=g\",\"url\":\"https:\\\/\\\/secure.gravatar.com\\\/avatar\\\/fb81a55b6218459490a9c1dc841a34909185b81904c5337b4b27f7a6fd60c49e?s=96&d=mm&r=g\",\"contentUrl\":\"https:\\\/\\\/secure.gravatar.com\\\/avatar\\\/fb81a55b6218459490a9c1dc841a34909185b81904c5337b4b27f7a6fd60c49e?s=96&d=mm&r=g\",\"caption\":\"Lorenzo Verduzco\"}}]}<\/script>\n<!-- \/ Yoast SEO plugin. -->","yoast_head_json":{"title":"La visita del presidente Wilson al Pac\u00edfico Sur incluye reuniones con l\u00edderes gubernamentales y esfuerzos evangelizadores - Iglesia Adventista del S\u00e9ptimo D\u00eda - Divisi\u00f3n Interamericana","robots":{"index":"index","follow":"follow","max-snippet":"max-snippet:-1","max-image-preview":"max-image-preview:large","max-video-preview":"max-video-preview:-1"},"canonical":"https:\/\/interamerica.org\/es\/2014\/02\/la-visita-del-presidente-wilson-al-pacifico-sur-incluye-reuniones-con-lideres-gubernamentales-y-esfuerzos-evangelizadores\/","og_locale":"es_ES","og_type":"article","og_title":"La visita del presidente Wilson al Pac\u00edfico Sur incluye reuniones con l\u00edderes gubernamentales y esfuerzos evangelizadores - Iglesia Adventista del S\u00e9ptimo D\u00eda - Divisi\u00f3n Interamericana","og_description":"El presidente de la Iglesia Adventista del S\u00e9ptimo D\u00eda, Ted N. C. Wilson, visit\u00f3 este mes varios pa\u00edses en la Divisi\u00f3n del Pac\u00edfico Sur de la denominaci\u00f3n adventista, reuni\u00e9ndose con l\u00edderes gubernamentales, participando en una serie de evangelizaci\u00f3n y dirigiendo la palabra en la inauguraci\u00f3n del nuevo plantel de un colegio adventista.","og_url":"https:\/\/interamerica.org\/es\/2014\/02\/la-visita-del-presidente-wilson-al-pacifico-sur-incluye-reuniones-con-lideres-gubernamentales-y-esfuerzos-evangelizadores\/","og_site_name":"Iglesia Adventista del S\u00e9ptimo D\u00eda - Divisi\u00f3n Interamericana","article_published_time":"2014-02-19T04:00:00+00:00","og_image":[{"width":800,"height":456,"url":"https:\/\/interamerica.org\/wp-content\/uploads\/2017\/06\/csm_wilson-png-web_e821c0c1d6.jpg","type":"image\/jpeg"}],"author":"Lorenzo Verduzco","twitter_card":"summary_large_image","twitter_misc":{"Escrito por":"Lorenzo Verduzco","Tiempo de lectura":"5 minutos"},"schema":{"@context":"https:\/\/schema.org","@graph":[{"@type":"Article","@id":"https:\/\/interamerica.org\/es\/2014\/02\/la-visita-del-presidente-wilson-al-pacifico-sur-incluye-reuniones-con-lideres-gubernamentales-y-esfuerzos-evangelizadores\/#article","isPartOf":{"@id":"https:\/\/interamerica.org\/es\/2014\/02\/la-visita-del-presidente-wilson-al-pacifico-sur-incluye-reuniones-con-lideres-gubernamentales-y-esfuerzos-evangelizadores\/"},"author":{"name":"Lorenzo Verduzco","@id":"https:\/\/interamerica.org\/es\/#\/schema\/person\/68ede8bdc292885bb76c1e3810e73c39"},"headline":"La visita del presidente Wilson al Pac\u00edfico Sur incluye reuniones con l\u00edderes gubernamentales y esfuerzos evangelizadores","datePublished":"2014-02-19T04:00:00+00:00","mainEntityOfPage":{"@id":"https:\/\/interamerica.org\/es\/2014\/02\/la-visita-del-presidente-wilson-al-pacifico-sur-incluye-reuniones-con-lideres-gubernamentales-y-esfuerzos-evangelizadores\/"},"wordCount":1109,"image":{"@id":"https:\/\/interamerica.org\/es\/2014\/02\/la-visita-del-presidente-wilson-al-pacifico-sur-incluye-reuniones-con-lideres-gubernamentales-y-esfuerzos-evangelizadores\/#primaryimage"},"thumbnailUrl":"https:\/\/interamerica.org\/wp-content\/uploads\/2017\/06\/csm_wilson-png-web_e821c0c1d6.jpg","articleSection":["Desde la iglesia mundial"],"inLanguage":"es"},{"@type":"WebPage","@id":"https:\/\/interamerica.org\/es\/2014\/02\/la-visita-del-presidente-wilson-al-pacifico-sur-incluye-reuniones-con-lideres-gubernamentales-y-esfuerzos-evangelizadores\/","url":"https:\/\/interamerica.org\/es\/2014\/02\/la-visita-del-presidente-wilson-al-pacifico-sur-incluye-reuniones-con-lideres-gubernamentales-y-esfuerzos-evangelizadores\/","name":"La visita del presidente Wilson al Pac\u00edfico Sur incluye reuniones con l\u00edderes gubernamentales y esfuerzos evangelizadores - Iglesia Adventista del S\u00e9ptimo D\u00eda - Divisi\u00f3n Interamericana","isPartOf":{"@id":"https:\/\/interamerica.org\/es\/#website"},"primaryImageOfPage":{"@id":"https:\/\/interamerica.org\/es\/2014\/02\/la-visita-del-presidente-wilson-al-pacifico-sur-incluye-reuniones-con-lideres-gubernamentales-y-esfuerzos-evangelizadores\/#primaryimage"},"image":{"@id":"https:\/\/interamerica.org\/es\/2014\/02\/la-visita-del-presidente-wilson-al-pacifico-sur-incluye-reuniones-con-lideres-gubernamentales-y-esfuerzos-evangelizadores\/#primaryimage"},"thumbnailUrl":"https:\/\/interamerica.org\/wp-content\/uploads\/2017\/06\/csm_wilson-png-web_e821c0c1d6.jpg","datePublished":"2014-02-19T04:00:00+00:00","author":{"@id":"https:\/\/interamerica.org\/es\/#\/schema\/person\/68ede8bdc292885bb76c1e3810e73c39"},"breadcrumb":{"@id":"https:\/\/interamerica.org\/es\/2014\/02\/la-visita-del-presidente-wilson-al-pacifico-sur-incluye-reuniones-con-lideres-gubernamentales-y-esfuerzos-evangelizadores\/#breadcrumb"},"inLanguage":"es","potentialAction":[{"@type":"ReadAction","target":["https:\/\/interamerica.org\/es\/2014\/02\/la-visita-del-presidente-wilson-al-pacifico-sur-incluye-reuniones-con-lideres-gubernamentales-y-esfuerzos-evangelizadores\/"]}]},{"@type":"ImageObject","inLanguage":"es","@id":"https:\/\/interamerica.org\/es\/2014\/02\/la-visita-del-presidente-wilson-al-pacifico-sur-incluye-reuniones-con-lideres-gubernamentales-y-esfuerzos-evangelizadores\/#primaryimage","url":"https:\/\/interamerica.org\/wp-content\/uploads\/2017\/06\/csm_wilson-png-web_e821c0c1d6.jpg","contentUrl":"https:\/\/interamerica.org\/wp-content\/uploads\/2017\/06\/csm_wilson-png-web_e821c0c1d6.jpg","width":800,"height":456},{"@type":"BreadcrumbList","@id":"https:\/\/interamerica.org\/es\/2014\/02\/la-visita-del-presidente-wilson-al-pacifico-sur-incluye-reuniones-con-lideres-gubernamentales-y-esfuerzos-evangelizadores\/#breadcrumb","itemListElement":[{"@type":"ListItem","position":1,"name":"Home","item":"https:\/\/interamerica.org\/es\/"},{"@type":"ListItem","position":2,"name":"La visita del presidente Wilson al Pac\u00edfico Sur incluye reuniones con l\u00edderes gubernamentales y esfuerzos evangelizadores"}]},{"@type":"WebSite","@id":"https:\/\/interamerica.org\/es\/#website","url":"https:\/\/interamerica.org\/es\/","name":"Iglesia Adventista del S\u00e9ptimo D\u00eda - Divisi\u00f3n Interamericana","description":"","potentialAction":[{"@type":"SearchAction","target":{"@type":"EntryPoint","urlTemplate":"https:\/\/interamerica.org\/es\/?s={search_term_string}"},"query-input":{"@type":"PropertyValueSpecification","valueRequired":true,"valueName":"search_term_string"}}],"inLanguage":"es"},{"@type":"Person","@id":"https:\/\/interamerica.org\/es\/#\/schema\/person\/68ede8bdc292885bb76c1e3810e73c39","name":"Lorenzo Verduzco","image":{"@type":"ImageObject","inLanguage":"es","@id":"https:\/\/secure.gravatar.com\/avatar\/fb81a55b6218459490a9c1dc841a34909185b81904c5337b4b27f7a6fd60c49e?s=96&d=mm&r=g","url":"https:\/\/secure.gravatar.com\/avatar\/fb81a55b6218459490a9c1dc841a34909185b81904c5337b4b27f7a6fd60c49e?s=96&d=mm&r=g","contentUrl":"https:\/\/secure.gravatar.com\/avatar\/fb81a55b6218459490a9c1dc841a34909185b81904c5337b4b27f7a6fd60c49e?s=96&d=mm&r=g","caption":"Lorenzo Verduzco"}}]}},"_links":{"self":[{"href":"https:\/\/interamerica.org\/es\/wp-json\/wp\/v2\/posts\/30430","targetHints":{"allow":["GET"]}}],"collection":[{"href":"https:\/\/interamerica.org\/es\/wp-json\/wp\/v2\/posts"}],"about":[{"href":"https:\/\/interamerica.org\/es\/wp-json\/wp\/v2\/types\/post"}],"author":[{"embeddable":true,"href":"https:\/\/interamerica.org\/es\/wp-json\/wp\/v2\/users\/1"}],"replies":[{"embeddable":true,"href":"https:\/\/interamerica.org\/es\/wp-json\/wp\/v2\/comments?post=30430"}],"version-history":[{"count":0,"href":"https:\/\/interamerica.org\/es\/wp-json\/wp\/v2\/posts\/30430\/revisions"}],"wp:featuredmedia":[{"embeddable":true,"href":"https:\/\/interamerica.org\/es\/wp-json\/wp\/v2\/media\/22646"}],"wp:attachment":[{"href":"https:\/\/interamerica.org\/es\/wp-json\/wp\/v2\/media?parent=30430"}],"wp:term":[{"taxonomy":"category","embeddable":true,"href":"https:\/\/interamerica.org\/es\/wp-json\/wp\/v2\/categories?post=30430"},{"taxonomy":"post_tag","embeddable":true,"href":"https:\/\/interamerica.org\/es\/wp-json\/wp\/v2\/tags?post=30430"}],"curies":[{"name":"wp","href":"https:\/\/api.w.org\/{rel}","templated":true}]}}