{"id":30432,"date":"2014-02-18T00:00:00","date_gmt":"2014-02-18T04:00:00","guid":{"rendered":"http:\/\/192.81.217.108\/interamerica\/2014\/02\/jamaica-adventistas-buscan-sabado-de-24-horas-en-proyecto-de-ley-laboral\/"},"modified":"2014-02-18T00:00:00","modified_gmt":"2014-02-18T04:00:00","slug":"jamaica-adventistas-buscan-sabado-de-24-horas-en-proyecto-de-ley-laboral","status":"publish","type":"post","link":"https:\/\/interamerica.org\/es\/2014\/02\/jamaica-adventistas-buscan-sabado-de-24-horas-en-proyecto-de-ley-laboral\/","title":{"rendered":"Jamaica: Adventistas buscan s\u00e1bado de 24 horas en proyecto de ley laboral"},"content":{"rendered":"<p>17 de febrero de 2014 &#8211; Browns Town, St. Ann\u2026Nigel Coke\/DIA<\/p>\n<p>El pastor Everett Brown, presidente de la Iglesia Adventista de Jamaica, est\u00e1 haciendo un llamado a los legisladores para que no sancionen la Ley de Flexibilidad Laboral en el Parlamento hasta que a sus miembros, junto con otras congregaciones que guardan el s\u00e1bado, se les garantice las 24 horas de descanso s\u00e1bado.<\/p>\n<div id=\"attachment_10685\" style=\"width: 310px\" class=\"wp-caption alignleft\"><a href=\"\/interamerica\/wp-content\/uploads\/2017\/06\/flexiweek-01.png\" rel=\"fancybox\" title=\"Jamaica: Adventistas buscan s\u00e1bado de 24 horas en proyecto de ley laboral\"><img fetchpriority=\"high\" decoding=\"async\" aria-describedby=\"caption-attachment-10685\" class=\"size-medium wp-image-10685\" src=\"\/interamerica\/wp-content\/uploads\/2017\/06\/flexiweek-01-300x198.png\" alt=\"\" width=\"300\" height=\"198\" \/><\/a><p id=\"caption-attachment-10685\" class=\"wp-caption-text\">El pastor Everett Brown, presidente de la iglesia en Jamaica, pide que no se apruebe la Ley de Flexibilidad Laboral hasta que a sus miembros y a los de otras congregaciones que guardan el s\u00e1bado se les garanticen 24 horas de descanso sab\u00e1tico. Imagen de Nigel Coke\/DIA<\/p><\/div>\n<p>Al hablar durante la dedicaci\u00f3n de los nuevos l\u00edderes de la regi\u00f3n norte de la iglesia en el pa\u00eds (St. Ann y Trelawny) en la iglesia adventista Brown&#8217;s Town, el pastor Brown advirti\u00f3 que los tiempos que nos aguardan eigen unn l\u00edderazgo s\u00f3lido y valiente.<\/p>\n<p>\u00abLa tarea de brindar liderazgo a la iglesia aqu\u00ed en el norte en este momento es una empresa formidable\u00bb, expres\u00f3 Brown. \u00abUstedes han sido colocados en el liderazgo en un momento en que, seg\u00fan el ap\u00f3stol Pablo en 1 Timoteo 1:3, se pondr\u00e1 peligroso, y se est\u00e1 volviendo extremadamente dif\u00edcil ser cristiano, dado que ahora vivimos en una sociedad posmoderna materialista, hedonista, pluralista, corrupta y en decadencia\u00bb.<\/p>\n<p>Brown sostuvo que m\u00e1s que nunca se necesitan l\u00edderes s\u00f3lidos y valientes para salvaguardar y preservar los valores y las normas cristianas de la iglesia, y que acaso los l\u00edderes de la iglesia sean llamados a oponerse firmemente cualquier intento de coartar la libertad religiosa garantizada por la constituci\u00f3n, al sancionar legislaci\u00f3n sobre los nuevos acuerdos de flexibilizaci\u00f3n laboral.<\/p>\n<p>\u00abPerm\u00edtanme expresar con claridad la posici\u00f3n de la iglesia: Dios, que orden\u00f3 guardar el s\u00e9ptimo d\u00eda como d\u00eda santo de adoraci\u00f3n, no lo hizo de doce sino de 24 horas, de puesta de sol del viernes a puesta de sol del s\u00e1bado\u00bb.<\/p>\n<p>Esta postura es una de las varias preocupaciones que no solo tienen los adventistas, sino la poblaci\u00f3n de la iglesia de Jamaica en general en relaci\u00f3n con la Ley de Flexibilizaci\u00f3n Laboral, que ha estado en discusi\u00f3n durante 18 a\u00f1os, pero que se espera sean sancionada para fines de mayo de este a\u00f1o, como requisito del \u00faltimo acuerdo del FMI con el Gobierno de Jamaica.<\/p>\n<p>El grupo de diversas iglesias, dentro de las cuales se encuentra la Iglesia Adventista, ha preparado una carta que ser\u00e1 entregada este 18 de febrero, con las preocupaciones del grupo, y con una solicitud de audiencia con Derrick Kellier, Ministro de Trabajo.<\/p>\n<p>\u00abEsperamos que por medio de esta carta podamos sentarnos con el ministro y sus t\u00e9cnicos, junto con los dem\u00e1s interesados, para expresarle las preocupaciones que tenemos\u00bb, dijo Gary Harriot, secretario del grupo. \u00abUna de las preocupaciones tiene que ver con la cuesti\u00f3n de la educaci\u00f3n p\u00fablicaci\u00f3n y la creaci\u00f3n de conciencia que, se prometi\u00f3, se producir\u00eda antes de sancionar un acuerdo como este. Como marzo es la fecha l\u00edmite que ha fijado el FMI, necesitamos saber cu\u00e1ndo se llevar\u00e1 a cabo este aspecto de la implementaci\u00f3n de la ley\u00bb.<\/p>\n<p>Harriot agreg\u00f3 entonces que lo que no quieren \u00abes que el proyecto pase a las apuradas por el Parlamento como muchos que hemos visto el a\u00f1o pasado, sin el debate apropiado y la educaci\u00f3n p\u00fablica, de manera que cause una reacci\u00f3n econ\u00f3mica\u00bb.<\/p>\n<p>Brown a\u00f1adi\u00f3 que para que funcione este arreglo para los trabajadores, los ciudadanos de Jamaica necesitan tener el derecho a la libertad de cultos.<\/p>\n<p>\u00abTenemos que orar que, m\u00e1s all\u00e1 de lo que suceda con la legislaci\u00f3n final, ning\u00fan empleador tenga el derecho de determinar qu\u00e9 d\u00eda de adoraci\u00f3n tiene que elegir el empleado\u201d, concluy\u00f3 Brown.<\/p>\n<p><em>Traducci\u00f3n de Marcos Paseggi<\/em><\/p>\n","protected":false},"excerpt":{"rendered":"<p>17 de febrero de 2014 &#8211; Browns Town, St. Ann\u2026Nigel Coke\/DIA  El pastor Everett Brown, presidente de la Iglesia Adventista de Jamaica, est\u00e1 haciendo un llamado a los legisladores para que no sancionen la Ley de Flexibilidad Laboral en el Parlamento hasta que a sus miembros, junto con otras congregaciones que guardan el s\u00e1bado, se les garantice las 24 horas de descanso s\u00e1bado.<\/p>\n","protected":false},"author":1,"featured_media":22638,"comment_status":"closed","ping_status":"closed","sticky":false,"template":"","format":"standard","meta":{"_acf_changed":false,"footnotes":""},"categories":[17],"tags":[],"class_list":["post-30432","post","type-post","status-publish","format-standard","has-post-thumbnail","hentry","category-desde-el-campo"],"acf":[],"yoast_head":"<!-- This site is optimized with the Yoast SEO plugin v27.3 - https:\/\/yoast.com\/product\/yoast-seo-wordpress\/ -->\n<title>Jamaica: Adventistas buscan s\u00e1bado de 24 horas en proyecto de ley laboral - Iglesia Adventista del S\u00e9ptimo D\u00eda - Divisi\u00f3n Interamericana<\/title>\n<meta name=\"robots\" content=\"index, follow, max-snippet:-1, max-image-preview:large, max-video-preview:-1\" \/>\n<link rel=\"canonical\" href=\"https:\/\/interamerica.org\/es\/2014\/02\/jamaica-adventistas-buscan-sabado-de-24-horas-en-proyecto-de-ley-laboral\/\" \/>\n<meta property=\"og:locale\" content=\"es_ES\" \/>\n<meta property=\"og:type\" content=\"article\" \/>\n<meta property=\"og:title\" content=\"Jamaica: Adventistas buscan s\u00e1bado de 24 horas en proyecto de ley laboral - Iglesia Adventista del S\u00e9ptimo D\u00eda - Divisi\u00f3n Interamericana\" \/>\n<meta property=\"og:description\" content=\"17 de febrero de 2014 - Browns Town, St. Ann\u2026Nigel Coke\/DIA El pastor Everett Brown, presidente de la Iglesia Adventista de Jamaica, est\u00e1 haciendo un llamado a los legisladores para que no sancionen la Ley de Flexibilidad Laboral en el Parlamento hasta que a sus miembros, junto con otras congregaciones que guardan el s\u00e1bado, se les garantice las 24 horas de descanso s\u00e1bado.\" \/>\n<meta property=\"og:url\" content=\"https:\/\/interamerica.org\/es\/2014\/02\/jamaica-adventistas-buscan-sabado-de-24-horas-en-proyecto-de-ley-laboral\/\" \/>\n<meta property=\"og:site_name\" content=\"Iglesia Adventista del S\u00e9ptimo D\u00eda - Divisi\u00f3n Interamericana\" \/>\n<meta property=\"article:published_time\" content=\"2014-02-18T04:00:00+00:00\" \/>\n<meta property=\"og:image\" content=\"https:\/\/interamerica.org\/wp-content\/uploads\/2017\/06\/flexiweek-01.png\" \/>\n\t<meta property=\"og:image:width\" content=\"350\" \/>\n\t<meta property=\"og:image:height\" content=\"232\" \/>\n\t<meta property=\"og:image:type\" content=\"image\/png\" \/>\n<meta name=\"author\" content=\"Lorenzo Verduzco\" \/>\n<meta name=\"twitter:card\" content=\"summary_large_image\" \/>\n<meta name=\"twitter:label1\" content=\"Escrito por\" \/>\n\t<meta name=\"twitter:data1\" content=\"Lorenzo Verduzco\" \/>\n\t<meta name=\"twitter:label2\" content=\"Tiempo de lectura\" \/>\n\t<meta name=\"twitter:data2\" content=\"3 minutos\" \/>\n<script type=\"application\/ld+json\" class=\"yoast-schema-graph\">{\"@context\":\"https:\\\/\\\/schema.org\",\"@graph\":[{\"@type\":\"Article\",\"@id\":\"https:\\\/\\\/interamerica.org\\\/es\\\/2014\\\/02\\\/jamaica-adventistas-buscan-sabado-de-24-horas-en-proyecto-de-ley-laboral\\\/#article\",\"isPartOf\":{\"@id\":\"https:\\\/\\\/interamerica.org\\\/es\\\/2014\\\/02\\\/jamaica-adventistas-buscan-sabado-de-24-horas-en-proyecto-de-ley-laboral\\\/\"},\"author\":{\"name\":\"Lorenzo Verduzco\",\"@id\":\"https:\\\/\\\/interamerica.org\\\/es\\\/#\\\/schema\\\/person\\\/68ede8bdc292885bb76c1e3810e73c39\"},\"headline\":\"Jamaica: Adventistas buscan s\u00e1bado de 24 horas en proyecto de ley laboral\",\"datePublished\":\"2014-02-18T04:00:00+00:00\",\"mainEntityOfPage\":{\"@id\":\"https:\\\/\\\/interamerica.org\\\/es\\\/2014\\\/02\\\/jamaica-adventistas-buscan-sabado-de-24-horas-en-proyecto-de-ley-laboral\\\/\"},\"wordCount\":691,\"image\":{\"@id\":\"https:\\\/\\\/interamerica.org\\\/es\\\/2014\\\/02\\\/jamaica-adventistas-buscan-sabado-de-24-horas-en-proyecto-de-ley-laboral\\\/#primaryimage\"},\"thumbnailUrl\":\"https:\\\/\\\/interamerica.org\\\/wp-content\\\/uploads\\\/2017\\\/06\\\/flexiweek-01.png\",\"articleSection\":[\"Desde el campo\"],\"inLanguage\":\"es\"},{\"@type\":\"WebPage\",\"@id\":\"https:\\\/\\\/interamerica.org\\\/es\\\/2014\\\/02\\\/jamaica-adventistas-buscan-sabado-de-24-horas-en-proyecto-de-ley-laboral\\\/\",\"url\":\"https:\\\/\\\/interamerica.org\\\/es\\\/2014\\\/02\\\/jamaica-adventistas-buscan-sabado-de-24-horas-en-proyecto-de-ley-laboral\\\/\",\"name\":\"Jamaica: Adventistas buscan s\u00e1bado de 24 horas en proyecto de ley laboral - Iglesia Adventista del S\u00e9ptimo D\u00eda - Divisi\u00f3n Interamericana\",\"isPartOf\":{\"@id\":\"https:\\\/\\\/interamerica.org\\\/es\\\/#website\"},\"primaryImageOfPage\":{\"@id\":\"https:\\\/\\\/interamerica.org\\\/es\\\/2014\\\/02\\\/jamaica-adventistas-buscan-sabado-de-24-horas-en-proyecto-de-ley-laboral\\\/#primaryimage\"},\"image\":{\"@id\":\"https:\\\/\\\/interamerica.org\\\/es\\\/2014\\\/02\\\/jamaica-adventistas-buscan-sabado-de-24-horas-en-proyecto-de-ley-laboral\\\/#primaryimage\"},\"thumbnailUrl\":\"https:\\\/\\\/interamerica.org\\\/wp-content\\\/uploads\\\/2017\\\/06\\\/flexiweek-01.png\",\"datePublished\":\"2014-02-18T04:00:00+00:00\",\"author\":{\"@id\":\"https:\\\/\\\/interamerica.org\\\/es\\\/#\\\/schema\\\/person\\\/68ede8bdc292885bb76c1e3810e73c39\"},\"breadcrumb\":{\"@id\":\"https:\\\/\\\/interamerica.org\\\/es\\\/2014\\\/02\\\/jamaica-adventistas-buscan-sabado-de-24-horas-en-proyecto-de-ley-laboral\\\/#breadcrumb\"},\"inLanguage\":\"es\",\"potentialAction\":[{\"@type\":\"ReadAction\",\"target\":[\"https:\\\/\\\/interamerica.org\\\/es\\\/2014\\\/02\\\/jamaica-adventistas-buscan-sabado-de-24-horas-en-proyecto-de-ley-laboral\\\/\"]}]},{\"@type\":\"ImageObject\",\"inLanguage\":\"es\",\"@id\":\"https:\\\/\\\/interamerica.org\\\/es\\\/2014\\\/02\\\/jamaica-adventistas-buscan-sabado-de-24-horas-en-proyecto-de-ley-laboral\\\/#primaryimage\",\"url\":\"https:\\\/\\\/interamerica.org\\\/wp-content\\\/uploads\\\/2017\\\/06\\\/flexiweek-01.png\",\"contentUrl\":\"https:\\\/\\\/interamerica.org\\\/wp-content\\\/uploads\\\/2017\\\/06\\\/flexiweek-01.png\",\"width\":350,\"height\":232},{\"@type\":\"BreadcrumbList\",\"@id\":\"https:\\\/\\\/interamerica.org\\\/es\\\/2014\\\/02\\\/jamaica-adventistas-buscan-sabado-de-24-horas-en-proyecto-de-ley-laboral\\\/#breadcrumb\",\"itemListElement\":[{\"@type\":\"ListItem\",\"position\":1,\"name\":\"Home\",\"item\":\"https:\\\/\\\/interamerica.org\\\/es\\\/\"},{\"@type\":\"ListItem\",\"position\":2,\"name\":\"Jamaica: Adventistas buscan s\u00e1bado de 24 horas en proyecto de ley laboral\"}]},{\"@type\":\"WebSite\",\"@id\":\"https:\\\/\\\/interamerica.org\\\/es\\\/#website\",\"url\":\"https:\\\/\\\/interamerica.org\\\/es\\\/\",\"name\":\"Iglesia Adventista del S\u00e9ptimo D\u00eda - Divisi\u00f3n Interamericana\",\"description\":\"\",\"potentialAction\":[{\"@type\":\"SearchAction\",\"target\":{\"@type\":\"EntryPoint\",\"urlTemplate\":\"https:\\\/\\\/interamerica.org\\\/es\\\/?s={search_term_string}\"},\"query-input\":{\"@type\":\"PropertyValueSpecification\",\"valueRequired\":true,\"valueName\":\"search_term_string\"}}],\"inLanguage\":\"es\"},{\"@type\":\"Person\",\"@id\":\"https:\\\/\\\/interamerica.org\\\/es\\\/#\\\/schema\\\/person\\\/68ede8bdc292885bb76c1e3810e73c39\",\"name\":\"Lorenzo Verduzco\",\"image\":{\"@type\":\"ImageObject\",\"inLanguage\":\"es\",\"@id\":\"https:\\\/\\\/secure.gravatar.com\\\/avatar\\\/fb81a55b6218459490a9c1dc841a34909185b81904c5337b4b27f7a6fd60c49e?s=96&d=mm&r=g\",\"url\":\"https:\\\/\\\/secure.gravatar.com\\\/avatar\\\/fb81a55b6218459490a9c1dc841a34909185b81904c5337b4b27f7a6fd60c49e?s=96&d=mm&r=g\",\"contentUrl\":\"https:\\\/\\\/secure.gravatar.com\\\/avatar\\\/fb81a55b6218459490a9c1dc841a34909185b81904c5337b4b27f7a6fd60c49e?s=96&d=mm&r=g\",\"caption\":\"Lorenzo Verduzco\"}}]}<\/script>\n<!-- \/ Yoast SEO plugin. -->","yoast_head_json":{"title":"Jamaica: Adventistas buscan s\u00e1bado de 24 horas en proyecto de ley laboral - Iglesia Adventista del S\u00e9ptimo D\u00eda - Divisi\u00f3n Interamericana","robots":{"index":"index","follow":"follow","max-snippet":"max-snippet:-1","max-image-preview":"max-image-preview:large","max-video-preview":"max-video-preview:-1"},"canonical":"https:\/\/interamerica.org\/es\/2014\/02\/jamaica-adventistas-buscan-sabado-de-24-horas-en-proyecto-de-ley-laboral\/","og_locale":"es_ES","og_type":"article","og_title":"Jamaica: Adventistas buscan s\u00e1bado de 24 horas en proyecto de ley laboral - Iglesia Adventista del S\u00e9ptimo D\u00eda - Divisi\u00f3n Interamericana","og_description":"17 de febrero de 2014 - Browns Town, St. Ann\u2026Nigel Coke\/DIA El pastor Everett Brown, presidente de la Iglesia Adventista de Jamaica, est\u00e1 haciendo un llamado a los legisladores para que no sancionen la Ley de Flexibilidad Laboral en el Parlamento hasta que a sus miembros, junto con otras congregaciones que guardan el s\u00e1bado, se les garantice las 24 horas de descanso s\u00e1bado.","og_url":"https:\/\/interamerica.org\/es\/2014\/02\/jamaica-adventistas-buscan-sabado-de-24-horas-en-proyecto-de-ley-laboral\/","og_site_name":"Iglesia Adventista del S\u00e9ptimo D\u00eda - Divisi\u00f3n Interamericana","article_published_time":"2014-02-18T04:00:00+00:00","og_image":[{"width":350,"height":232,"url":"https:\/\/interamerica.org\/wp-content\/uploads\/2017\/06\/flexiweek-01.png","type":"image\/png"}],"author":"Lorenzo Verduzco","twitter_card":"summary_large_image","twitter_misc":{"Escrito por":"Lorenzo Verduzco","Tiempo de lectura":"3 minutos"},"schema":{"@context":"https:\/\/schema.org","@graph":[{"@type":"Article","@id":"https:\/\/interamerica.org\/es\/2014\/02\/jamaica-adventistas-buscan-sabado-de-24-horas-en-proyecto-de-ley-laboral\/#article","isPartOf":{"@id":"https:\/\/interamerica.org\/es\/2014\/02\/jamaica-adventistas-buscan-sabado-de-24-horas-en-proyecto-de-ley-laboral\/"},"author":{"name":"Lorenzo Verduzco","@id":"https:\/\/interamerica.org\/es\/#\/schema\/person\/68ede8bdc292885bb76c1e3810e73c39"},"headline":"Jamaica: Adventistas buscan s\u00e1bado de 24 horas en proyecto de ley laboral","datePublished":"2014-02-18T04:00:00+00:00","mainEntityOfPage":{"@id":"https:\/\/interamerica.org\/es\/2014\/02\/jamaica-adventistas-buscan-sabado-de-24-horas-en-proyecto-de-ley-laboral\/"},"wordCount":691,"image":{"@id":"https:\/\/interamerica.org\/es\/2014\/02\/jamaica-adventistas-buscan-sabado-de-24-horas-en-proyecto-de-ley-laboral\/#primaryimage"},"thumbnailUrl":"https:\/\/interamerica.org\/wp-content\/uploads\/2017\/06\/flexiweek-01.png","articleSection":["Desde el campo"],"inLanguage":"es"},{"@type":"WebPage","@id":"https:\/\/interamerica.org\/es\/2014\/02\/jamaica-adventistas-buscan-sabado-de-24-horas-en-proyecto-de-ley-laboral\/","url":"https:\/\/interamerica.org\/es\/2014\/02\/jamaica-adventistas-buscan-sabado-de-24-horas-en-proyecto-de-ley-laboral\/","name":"Jamaica: Adventistas buscan s\u00e1bado de 24 horas en proyecto de ley laboral - Iglesia Adventista del S\u00e9ptimo D\u00eda - Divisi\u00f3n Interamericana","isPartOf":{"@id":"https:\/\/interamerica.org\/es\/#website"},"primaryImageOfPage":{"@id":"https:\/\/interamerica.org\/es\/2014\/02\/jamaica-adventistas-buscan-sabado-de-24-horas-en-proyecto-de-ley-laboral\/#primaryimage"},"image":{"@id":"https:\/\/interamerica.org\/es\/2014\/02\/jamaica-adventistas-buscan-sabado-de-24-horas-en-proyecto-de-ley-laboral\/#primaryimage"},"thumbnailUrl":"https:\/\/interamerica.org\/wp-content\/uploads\/2017\/06\/flexiweek-01.png","datePublished":"2014-02-18T04:00:00+00:00","author":{"@id":"https:\/\/interamerica.org\/es\/#\/schema\/person\/68ede8bdc292885bb76c1e3810e73c39"},"breadcrumb":{"@id":"https:\/\/interamerica.org\/es\/2014\/02\/jamaica-adventistas-buscan-sabado-de-24-horas-en-proyecto-de-ley-laboral\/#breadcrumb"},"inLanguage":"es","potentialAction":[{"@type":"ReadAction","target":["https:\/\/interamerica.org\/es\/2014\/02\/jamaica-adventistas-buscan-sabado-de-24-horas-en-proyecto-de-ley-laboral\/"]}]},{"@type":"ImageObject","inLanguage":"es","@id":"https:\/\/interamerica.org\/es\/2014\/02\/jamaica-adventistas-buscan-sabado-de-24-horas-en-proyecto-de-ley-laboral\/#primaryimage","url":"https:\/\/interamerica.org\/wp-content\/uploads\/2017\/06\/flexiweek-01.png","contentUrl":"https:\/\/interamerica.org\/wp-content\/uploads\/2017\/06\/flexiweek-01.png","width":350,"height":232},{"@type":"BreadcrumbList","@id":"https:\/\/interamerica.org\/es\/2014\/02\/jamaica-adventistas-buscan-sabado-de-24-horas-en-proyecto-de-ley-laboral\/#breadcrumb","itemListElement":[{"@type":"ListItem","position":1,"name":"Home","item":"https:\/\/interamerica.org\/es\/"},{"@type":"ListItem","position":2,"name":"Jamaica: Adventistas buscan s\u00e1bado de 24 horas en proyecto de ley laboral"}]},{"@type":"WebSite","@id":"https:\/\/interamerica.org\/es\/#website","url":"https:\/\/interamerica.org\/es\/","name":"Iglesia Adventista del S\u00e9ptimo D\u00eda - Divisi\u00f3n Interamericana","description":"","potentialAction":[{"@type":"SearchAction","target":{"@type":"EntryPoint","urlTemplate":"https:\/\/interamerica.org\/es\/?s={search_term_string}"},"query-input":{"@type":"PropertyValueSpecification","valueRequired":true,"valueName":"search_term_string"}}],"inLanguage":"es"},{"@type":"Person","@id":"https:\/\/interamerica.org\/es\/#\/schema\/person\/68ede8bdc292885bb76c1e3810e73c39","name":"Lorenzo Verduzco","image":{"@type":"ImageObject","inLanguage":"es","@id":"https:\/\/secure.gravatar.com\/avatar\/fb81a55b6218459490a9c1dc841a34909185b81904c5337b4b27f7a6fd60c49e?s=96&d=mm&r=g","url":"https:\/\/secure.gravatar.com\/avatar\/fb81a55b6218459490a9c1dc841a34909185b81904c5337b4b27f7a6fd60c49e?s=96&d=mm&r=g","contentUrl":"https:\/\/secure.gravatar.com\/avatar\/fb81a55b6218459490a9c1dc841a34909185b81904c5337b4b27f7a6fd60c49e?s=96&d=mm&r=g","caption":"Lorenzo Verduzco"}}]}},"_links":{"self":[{"href":"https:\/\/interamerica.org\/es\/wp-json\/wp\/v2\/posts\/30432","targetHints":{"allow":["GET"]}}],"collection":[{"href":"https:\/\/interamerica.org\/es\/wp-json\/wp\/v2\/posts"}],"about":[{"href":"https:\/\/interamerica.org\/es\/wp-json\/wp\/v2\/types\/post"}],"author":[{"embeddable":true,"href":"https:\/\/interamerica.org\/es\/wp-json\/wp\/v2\/users\/1"}],"replies":[{"embeddable":true,"href":"https:\/\/interamerica.org\/es\/wp-json\/wp\/v2\/comments?post=30432"}],"version-history":[{"count":0,"href":"https:\/\/interamerica.org\/es\/wp-json\/wp\/v2\/posts\/30432\/revisions"}],"wp:featuredmedia":[{"embeddable":true,"href":"https:\/\/interamerica.org\/es\/wp-json\/wp\/v2\/media\/22638"}],"wp:attachment":[{"href":"https:\/\/interamerica.org\/es\/wp-json\/wp\/v2\/media?parent=30432"}],"wp:term":[{"taxonomy":"category","embeddable":true,"href":"https:\/\/interamerica.org\/es\/wp-json\/wp\/v2\/categories?post=30432"},{"taxonomy":"post_tag","embeddable":true,"href":"https:\/\/interamerica.org\/es\/wp-json\/wp\/v2\/tags?post=30432"}],"curies":[{"name":"wp","href":"https:\/\/api.w.org\/{rel}","templated":true}]}}