{"id":30434,"date":"2014-02-20T00:00:00","date_gmt":"2014-02-20T04:00:00","guid":{"rendered":"http:\/\/192.81.217.108\/interamerica\/2014\/02\/interamerica-los-dirigentes-se-conectaran-con-sus-ancianos-de-iglesia-durante-un-programa-en-linea\/"},"modified":"2014-02-20T00:00:00","modified_gmt":"2014-02-20T04:00:00","slug":"interamerica-los-dirigentes-se-conectaran-con-sus-ancianos-de-iglesia-durante-un-programa-en-linea","status":"publish","type":"post","link":"https:\/\/interamerica.org\/es\/2014\/02\/interamerica-los-dirigentes-se-conectaran-con-sus-ancianos-de-iglesia-durante-un-programa-en-linea\/","title":{"rendered":"Interam\u00e9rica: Los dirigentes se conectar\u00e1n con sus ancianos de iglesia durante un programa en l\u00ednea"},"content":{"rendered":"<p>19 de febrero de 2014 \u2013 Miami, Florida, Estados Unidos&#8230;Libna Stevens -DIA<\/p>\n<div id=\"attachment_10720\" style=\"width: 310px\" class=\"wp-caption alignleft\"><a href=\"\/interamerica\/wp-content\/uploads\/2017\/06\/400x250_BannerELDERS_ESP.jpg\" rel=\"fancybox\" title=\"Interam\u00e9rica: Los dirigentes se conectar\u00e1n con sus ancianos de iglesia durante un programa en l\u00ednea\"><img fetchpriority=\"high\" decoding=\"async\" aria-describedby=\"caption-attachment-10720\" class=\"alignleft size-medium wp-image-10752\" title=\"400x250_BannerELDERS_ESP\" src=\"\/interamerica\/wp-content\/uploads\/2017\/06\/400x250_BannerELDERS_ESP-300x187.jpg\" alt=\"\" width=\"300\" height=\"187\" \/><\/a><p id=\"caption-attachment-10720\" class=\"wp-caption-text\">Imagen por Abel M\u00e1rquez -DIA<\/p><\/div>\n<p>La Iglesia Adventista del S\u00e9ptimo D\u00eda en Interam\u00e9rica contin\u00faa su serie de programaci\u00f3n en l\u00ednea para comunicarse con su constituyente. En esta ocasi\u00f3n, los dirigentes m\u00e1ximos de la Divisi\u00f3n Interamericana (DIA), en sus oficinas generales en Miami, Florida, tienen planes de dirigirse a m\u00e1s de 50,000 ancianos de iglesia distribuidos en todo el territorio de la divisi\u00f3n, durante un programa en vivo el s\u00e1bado 22 de febrero del presente.<\/p>\n<p>\u201cDeseamos motivar a nuestros ancianos de iglesia a seguir en pos de un reavivamiento personal individual a fin de servir m\u00e1s eficazmente en su congregaci\u00f3n\u201d, dijo el Pastor H\u00e9ctor S\u00e1nchez, secretario ministerial de la iglesia en Interam\u00e9rica. \u201cDeseamos subrayar la importancia del anciano de iglesia y su compromiso y entrega a Dios, a su hogar, a la iglesia y la comunidad\u201d, a\u00f1adi\u00f3.<\/p>\n<p>Ese compromiso de guiar a su congregaci\u00f3n a caminar m\u00e1s cerca de Dios, es de importancia vital para el crecimiento y desarrollo espiritual de los ancianos de iglesia, al pastorear el reba\u00f1o mientras los pastores supervisan tres, cuatro, diez y m\u00e1s congregaciones cada mes del a\u00f1o, coment\u00f3 el Pastor S\u00e1nchez.<\/p>\n<p>El programa de una hora y media de duraci\u00f3n ser\u00e1 un tiempo de reflexi\u00f3n, inspiraci\u00f3n y motivaci\u00f3n, como parte de las actividades de educaci\u00f3n continua de la iglesia, durante el a\u00f1o de enfoque sobre la educaci\u00f3n no formal en toda la DIA.<\/p>\n<p>Sintoniza el programa en vivo que se presentar\u00e1 el s\u00e1bado 22 de febrero de 2014, a las 4:30 p.m., tiempo de Miami. El programa se llevar\u00e1 a cabo en ingl\u00e9s, espa\u00f1ol y franc\u00e9s en nuestro canal web <a href=\"http:\/\/webcast.interamerica.org\/english\">HERE<\/a><\/p>\n","protected":false},"excerpt":{"rendered":"<p>La Iglesia Adventista del S\u00e9ptimo D\u00eda en Interam\u00e9rica contin\u00faa su serie de programaci\u00f3n en l\u00ednea para comunicarse con su constituyente.<\/p>\n","protected":false},"author":1,"featured_media":30435,"comment_status":"closed","ping_status":"closed","sticky":false,"template":"","format":"standard","meta":{"_acf_changed":false,"footnotes":""},"categories":[16],"tags":[],"class_list":["post-30434","post","type-post","status-publish","format-standard","has-post-thumbnail","hentry","category-desde-la-sede"],"acf":[],"yoast_head":"<!-- This site is optimized with the Yoast SEO plugin v27.3 - https:\/\/yoast.com\/product\/yoast-seo-wordpress\/ -->\n<title>Interam\u00e9rica: Los dirigentes se conectar\u00e1n con sus ancianos de iglesia durante un programa en l\u00ednea - Iglesia Adventista del S\u00e9ptimo D\u00eda - Divisi\u00f3n Interamericana<\/title>\n<meta name=\"robots\" content=\"index, follow, max-snippet:-1, max-image-preview:large, max-video-preview:-1\" \/>\n<link rel=\"canonical\" href=\"https:\/\/interamerica.org\/es\/2014\/02\/interamerica-los-dirigentes-se-conectaran-con-sus-ancianos-de-iglesia-durante-un-programa-en-linea\/\" \/>\n<meta property=\"og:locale\" content=\"es_ES\" \/>\n<meta property=\"og:type\" content=\"article\" \/>\n<meta property=\"og:title\" content=\"Interam\u00e9rica: Los dirigentes se conectar\u00e1n con sus ancianos de iglesia durante un programa en l\u00ednea - Iglesia Adventista del S\u00e9ptimo D\u00eda - Divisi\u00f3n Interamericana\" \/>\n<meta property=\"og:description\" content=\"La Iglesia Adventista del S\u00e9ptimo D\u00eda en Interam\u00e9rica contin\u00faa su serie de programaci\u00f3n en l\u00ednea para comunicarse con su constituyente.\" \/>\n<meta property=\"og:url\" content=\"https:\/\/interamerica.org\/es\/2014\/02\/interamerica-los-dirigentes-se-conectaran-con-sus-ancianos-de-iglesia-durante-un-programa-en-linea\/\" \/>\n<meta property=\"og:site_name\" content=\"Iglesia Adventista del S\u00e9ptimo D\u00eda - Divisi\u00f3n Interamericana\" \/>\n<meta property=\"article:published_time\" content=\"2014-02-20T04:00:00+00:00\" \/>\n<meta property=\"og:image\" content=\"https:\/\/interamerica.org\/wp-content\/uploads\/2017\/06\/400x250_BannerELDERS_ESP.jpg\" \/>\n\t<meta property=\"og:image:width\" content=\"400\" \/>\n\t<meta property=\"og:image:height\" content=\"250\" \/>\n\t<meta property=\"og:image:type\" content=\"image\/jpeg\" \/>\n<meta name=\"author\" content=\"Lorenzo Verduzco\" \/>\n<meta name=\"twitter:card\" content=\"summary_large_image\" \/>\n<meta name=\"twitter:label1\" content=\"Escrito por\" \/>\n\t<meta name=\"twitter:data1\" content=\"Lorenzo Verduzco\" \/>\n\t<meta name=\"twitter:label2\" content=\"Tiempo de lectura\" \/>\n\t<meta name=\"twitter:data2\" content=\"2 minutos\" \/>\n<script type=\"application\/ld+json\" class=\"yoast-schema-graph\">{\"@context\":\"https:\\\/\\\/schema.org\",\"@graph\":[{\"@type\":\"Article\",\"@id\":\"https:\\\/\\\/interamerica.org\\\/es\\\/2014\\\/02\\\/interamerica-los-dirigentes-se-conectaran-con-sus-ancianos-de-iglesia-durante-un-programa-en-linea\\\/#article\",\"isPartOf\":{\"@id\":\"https:\\\/\\\/interamerica.org\\\/es\\\/2014\\\/02\\\/interamerica-los-dirigentes-se-conectaran-con-sus-ancianos-de-iglesia-durante-un-programa-en-linea\\\/\"},\"author\":{\"name\":\"Lorenzo Verduzco\",\"@id\":\"https:\\\/\\\/interamerica.org\\\/es\\\/#\\\/schema\\\/person\\\/68ede8bdc292885bb76c1e3810e73c39\"},\"headline\":\"Interam\u00e9rica: Los dirigentes se conectar\u00e1n con sus ancianos de iglesia durante un programa en l\u00ednea\",\"datePublished\":\"2014-02-20T04:00:00+00:00\",\"mainEntityOfPage\":{\"@id\":\"https:\\\/\\\/interamerica.org\\\/es\\\/2014\\\/02\\\/interamerica-los-dirigentes-se-conectaran-con-sus-ancianos-de-iglesia-durante-un-programa-en-linea\\\/\"},\"wordCount\":333,\"image\":{\"@id\":\"https:\\\/\\\/interamerica.org\\\/es\\\/2014\\\/02\\\/interamerica-los-dirigentes-se-conectaran-con-sus-ancianos-de-iglesia-durante-un-programa-en-linea\\\/#primaryimage\"},\"thumbnailUrl\":\"https:\\\/\\\/interamerica.org\\\/wp-content\\\/uploads\\\/2017\\\/06\\\/400x250_BannerELDERS_ESP.jpg\",\"articleSection\":[\"Desde la sede\"],\"inLanguage\":\"es\"},{\"@type\":\"WebPage\",\"@id\":\"https:\\\/\\\/interamerica.org\\\/es\\\/2014\\\/02\\\/interamerica-los-dirigentes-se-conectaran-con-sus-ancianos-de-iglesia-durante-un-programa-en-linea\\\/\",\"url\":\"https:\\\/\\\/interamerica.org\\\/es\\\/2014\\\/02\\\/interamerica-los-dirigentes-se-conectaran-con-sus-ancianos-de-iglesia-durante-un-programa-en-linea\\\/\",\"name\":\"Interam\u00e9rica: Los dirigentes se conectar\u00e1n con sus ancianos de iglesia durante un programa en l\u00ednea - Iglesia Adventista del S\u00e9ptimo D\u00eda - Divisi\u00f3n Interamericana\",\"isPartOf\":{\"@id\":\"https:\\\/\\\/interamerica.org\\\/es\\\/#website\"},\"primaryImageOfPage\":{\"@id\":\"https:\\\/\\\/interamerica.org\\\/es\\\/2014\\\/02\\\/interamerica-los-dirigentes-se-conectaran-con-sus-ancianos-de-iglesia-durante-un-programa-en-linea\\\/#primaryimage\"},\"image\":{\"@id\":\"https:\\\/\\\/interamerica.org\\\/es\\\/2014\\\/02\\\/interamerica-los-dirigentes-se-conectaran-con-sus-ancianos-de-iglesia-durante-un-programa-en-linea\\\/#primaryimage\"},\"thumbnailUrl\":\"https:\\\/\\\/interamerica.org\\\/wp-content\\\/uploads\\\/2017\\\/06\\\/400x250_BannerELDERS_ESP.jpg\",\"datePublished\":\"2014-02-20T04:00:00+00:00\",\"author\":{\"@id\":\"https:\\\/\\\/interamerica.org\\\/es\\\/#\\\/schema\\\/person\\\/68ede8bdc292885bb76c1e3810e73c39\"},\"breadcrumb\":{\"@id\":\"https:\\\/\\\/interamerica.org\\\/es\\\/2014\\\/02\\\/interamerica-los-dirigentes-se-conectaran-con-sus-ancianos-de-iglesia-durante-un-programa-en-linea\\\/#breadcrumb\"},\"inLanguage\":\"es\",\"potentialAction\":[{\"@type\":\"ReadAction\",\"target\":[\"https:\\\/\\\/interamerica.org\\\/es\\\/2014\\\/02\\\/interamerica-los-dirigentes-se-conectaran-con-sus-ancianos-de-iglesia-durante-un-programa-en-linea\\\/\"]}]},{\"@type\":\"ImageObject\",\"inLanguage\":\"es\",\"@id\":\"https:\\\/\\\/interamerica.org\\\/es\\\/2014\\\/02\\\/interamerica-los-dirigentes-se-conectaran-con-sus-ancianos-de-iglesia-durante-un-programa-en-linea\\\/#primaryimage\",\"url\":\"https:\\\/\\\/interamerica.org\\\/wp-content\\\/uploads\\\/2017\\\/06\\\/400x250_BannerELDERS_ESP.jpg\",\"contentUrl\":\"https:\\\/\\\/interamerica.org\\\/wp-content\\\/uploads\\\/2017\\\/06\\\/400x250_BannerELDERS_ESP.jpg\",\"width\":400,\"height\":250},{\"@type\":\"BreadcrumbList\",\"@id\":\"https:\\\/\\\/interamerica.org\\\/es\\\/2014\\\/02\\\/interamerica-los-dirigentes-se-conectaran-con-sus-ancianos-de-iglesia-durante-un-programa-en-linea\\\/#breadcrumb\",\"itemListElement\":[{\"@type\":\"ListItem\",\"position\":1,\"name\":\"Home\",\"item\":\"https:\\\/\\\/interamerica.org\\\/es\\\/\"},{\"@type\":\"ListItem\",\"position\":2,\"name\":\"Interam\u00e9rica: Los dirigentes se conectar\u00e1n con sus ancianos de iglesia durante un programa en l\u00ednea\"}]},{\"@type\":\"WebSite\",\"@id\":\"https:\\\/\\\/interamerica.org\\\/es\\\/#website\",\"url\":\"https:\\\/\\\/interamerica.org\\\/es\\\/\",\"name\":\"Iglesia Adventista del S\u00e9ptimo D\u00eda - Divisi\u00f3n Interamericana\",\"description\":\"\",\"potentialAction\":[{\"@type\":\"SearchAction\",\"target\":{\"@type\":\"EntryPoint\",\"urlTemplate\":\"https:\\\/\\\/interamerica.org\\\/es\\\/?s={search_term_string}\"},\"query-input\":{\"@type\":\"PropertyValueSpecification\",\"valueRequired\":true,\"valueName\":\"search_term_string\"}}],\"inLanguage\":\"es\"},{\"@type\":\"Person\",\"@id\":\"https:\\\/\\\/interamerica.org\\\/es\\\/#\\\/schema\\\/person\\\/68ede8bdc292885bb76c1e3810e73c39\",\"name\":\"Lorenzo Verduzco\",\"image\":{\"@type\":\"ImageObject\",\"inLanguage\":\"es\",\"@id\":\"https:\\\/\\\/secure.gravatar.com\\\/avatar\\\/fb81a55b6218459490a9c1dc841a34909185b81904c5337b4b27f7a6fd60c49e?s=96&d=mm&r=g\",\"url\":\"https:\\\/\\\/secure.gravatar.com\\\/avatar\\\/fb81a55b6218459490a9c1dc841a34909185b81904c5337b4b27f7a6fd60c49e?s=96&d=mm&r=g\",\"contentUrl\":\"https:\\\/\\\/secure.gravatar.com\\\/avatar\\\/fb81a55b6218459490a9c1dc841a34909185b81904c5337b4b27f7a6fd60c49e?s=96&d=mm&r=g\",\"caption\":\"Lorenzo Verduzco\"}}]}<\/script>\n<!-- \/ Yoast SEO plugin. -->","yoast_head_json":{"title":"Interam\u00e9rica: Los dirigentes se conectar\u00e1n con sus ancianos de iglesia durante un programa en l\u00ednea - Iglesia Adventista del S\u00e9ptimo D\u00eda - Divisi\u00f3n Interamericana","robots":{"index":"index","follow":"follow","max-snippet":"max-snippet:-1","max-image-preview":"max-image-preview:large","max-video-preview":"max-video-preview:-1"},"canonical":"https:\/\/interamerica.org\/es\/2014\/02\/interamerica-los-dirigentes-se-conectaran-con-sus-ancianos-de-iglesia-durante-un-programa-en-linea\/","og_locale":"es_ES","og_type":"article","og_title":"Interam\u00e9rica: Los dirigentes se conectar\u00e1n con sus ancianos de iglesia durante un programa en l\u00ednea - Iglesia Adventista del S\u00e9ptimo D\u00eda - Divisi\u00f3n Interamericana","og_description":"La Iglesia Adventista del S\u00e9ptimo D\u00eda en Interam\u00e9rica contin\u00faa su serie de programaci\u00f3n en l\u00ednea para comunicarse con su constituyente.","og_url":"https:\/\/interamerica.org\/es\/2014\/02\/interamerica-los-dirigentes-se-conectaran-con-sus-ancianos-de-iglesia-durante-un-programa-en-linea\/","og_site_name":"Iglesia Adventista del S\u00e9ptimo D\u00eda - Divisi\u00f3n Interamericana","article_published_time":"2014-02-20T04:00:00+00:00","og_image":[{"width":400,"height":250,"url":"https:\/\/interamerica.org\/wp-content\/uploads\/2017\/06\/400x250_BannerELDERS_ESP.jpg","type":"image\/jpeg"}],"author":"Lorenzo Verduzco","twitter_card":"summary_large_image","twitter_misc":{"Escrito por":"Lorenzo Verduzco","Tiempo de lectura":"2 minutos"},"schema":{"@context":"https:\/\/schema.org","@graph":[{"@type":"Article","@id":"https:\/\/interamerica.org\/es\/2014\/02\/interamerica-los-dirigentes-se-conectaran-con-sus-ancianos-de-iglesia-durante-un-programa-en-linea\/#article","isPartOf":{"@id":"https:\/\/interamerica.org\/es\/2014\/02\/interamerica-los-dirigentes-se-conectaran-con-sus-ancianos-de-iglesia-durante-un-programa-en-linea\/"},"author":{"name":"Lorenzo Verduzco","@id":"https:\/\/interamerica.org\/es\/#\/schema\/person\/68ede8bdc292885bb76c1e3810e73c39"},"headline":"Interam\u00e9rica: Los dirigentes se conectar\u00e1n con sus ancianos de iglesia durante un programa en l\u00ednea","datePublished":"2014-02-20T04:00:00+00:00","mainEntityOfPage":{"@id":"https:\/\/interamerica.org\/es\/2014\/02\/interamerica-los-dirigentes-se-conectaran-con-sus-ancianos-de-iglesia-durante-un-programa-en-linea\/"},"wordCount":333,"image":{"@id":"https:\/\/interamerica.org\/es\/2014\/02\/interamerica-los-dirigentes-se-conectaran-con-sus-ancianos-de-iglesia-durante-un-programa-en-linea\/#primaryimage"},"thumbnailUrl":"https:\/\/interamerica.org\/wp-content\/uploads\/2017\/06\/400x250_BannerELDERS_ESP.jpg","articleSection":["Desde la sede"],"inLanguage":"es"},{"@type":"WebPage","@id":"https:\/\/interamerica.org\/es\/2014\/02\/interamerica-los-dirigentes-se-conectaran-con-sus-ancianos-de-iglesia-durante-un-programa-en-linea\/","url":"https:\/\/interamerica.org\/es\/2014\/02\/interamerica-los-dirigentes-se-conectaran-con-sus-ancianos-de-iglesia-durante-un-programa-en-linea\/","name":"Interam\u00e9rica: Los dirigentes se conectar\u00e1n con sus ancianos de iglesia durante un programa en l\u00ednea - Iglesia Adventista del S\u00e9ptimo D\u00eda - Divisi\u00f3n Interamericana","isPartOf":{"@id":"https:\/\/interamerica.org\/es\/#website"},"primaryImageOfPage":{"@id":"https:\/\/interamerica.org\/es\/2014\/02\/interamerica-los-dirigentes-se-conectaran-con-sus-ancianos-de-iglesia-durante-un-programa-en-linea\/#primaryimage"},"image":{"@id":"https:\/\/interamerica.org\/es\/2014\/02\/interamerica-los-dirigentes-se-conectaran-con-sus-ancianos-de-iglesia-durante-un-programa-en-linea\/#primaryimage"},"thumbnailUrl":"https:\/\/interamerica.org\/wp-content\/uploads\/2017\/06\/400x250_BannerELDERS_ESP.jpg","datePublished":"2014-02-20T04:00:00+00:00","author":{"@id":"https:\/\/interamerica.org\/es\/#\/schema\/person\/68ede8bdc292885bb76c1e3810e73c39"},"breadcrumb":{"@id":"https:\/\/interamerica.org\/es\/2014\/02\/interamerica-los-dirigentes-se-conectaran-con-sus-ancianos-de-iglesia-durante-un-programa-en-linea\/#breadcrumb"},"inLanguage":"es","potentialAction":[{"@type":"ReadAction","target":["https:\/\/interamerica.org\/es\/2014\/02\/interamerica-los-dirigentes-se-conectaran-con-sus-ancianos-de-iglesia-durante-un-programa-en-linea\/"]}]},{"@type":"ImageObject","inLanguage":"es","@id":"https:\/\/interamerica.org\/es\/2014\/02\/interamerica-los-dirigentes-se-conectaran-con-sus-ancianos-de-iglesia-durante-un-programa-en-linea\/#primaryimage","url":"https:\/\/interamerica.org\/wp-content\/uploads\/2017\/06\/400x250_BannerELDERS_ESP.jpg","contentUrl":"https:\/\/interamerica.org\/wp-content\/uploads\/2017\/06\/400x250_BannerELDERS_ESP.jpg","width":400,"height":250},{"@type":"BreadcrumbList","@id":"https:\/\/interamerica.org\/es\/2014\/02\/interamerica-los-dirigentes-se-conectaran-con-sus-ancianos-de-iglesia-durante-un-programa-en-linea\/#breadcrumb","itemListElement":[{"@type":"ListItem","position":1,"name":"Home","item":"https:\/\/interamerica.org\/es\/"},{"@type":"ListItem","position":2,"name":"Interam\u00e9rica: Los dirigentes se conectar\u00e1n con sus ancianos de iglesia durante un programa en l\u00ednea"}]},{"@type":"WebSite","@id":"https:\/\/interamerica.org\/es\/#website","url":"https:\/\/interamerica.org\/es\/","name":"Iglesia Adventista del S\u00e9ptimo D\u00eda - Divisi\u00f3n Interamericana","description":"","potentialAction":[{"@type":"SearchAction","target":{"@type":"EntryPoint","urlTemplate":"https:\/\/interamerica.org\/es\/?s={search_term_string}"},"query-input":{"@type":"PropertyValueSpecification","valueRequired":true,"valueName":"search_term_string"}}],"inLanguage":"es"},{"@type":"Person","@id":"https:\/\/interamerica.org\/es\/#\/schema\/person\/68ede8bdc292885bb76c1e3810e73c39","name":"Lorenzo Verduzco","image":{"@type":"ImageObject","inLanguage":"es","@id":"https:\/\/secure.gravatar.com\/avatar\/fb81a55b6218459490a9c1dc841a34909185b81904c5337b4b27f7a6fd60c49e?s=96&d=mm&r=g","url":"https:\/\/secure.gravatar.com\/avatar\/fb81a55b6218459490a9c1dc841a34909185b81904c5337b4b27f7a6fd60c49e?s=96&d=mm&r=g","contentUrl":"https:\/\/secure.gravatar.com\/avatar\/fb81a55b6218459490a9c1dc841a34909185b81904c5337b4b27f7a6fd60c49e?s=96&d=mm&r=g","caption":"Lorenzo Verduzco"}}]}},"_links":{"self":[{"href":"https:\/\/interamerica.org\/es\/wp-json\/wp\/v2\/posts\/30434","targetHints":{"allow":["GET"]}}],"collection":[{"href":"https:\/\/interamerica.org\/es\/wp-json\/wp\/v2\/posts"}],"about":[{"href":"https:\/\/interamerica.org\/es\/wp-json\/wp\/v2\/types\/post"}],"author":[{"embeddable":true,"href":"https:\/\/interamerica.org\/es\/wp-json\/wp\/v2\/users\/1"}],"replies":[{"embeddable":true,"href":"https:\/\/interamerica.org\/es\/wp-json\/wp\/v2\/comments?post=30434"}],"version-history":[{"count":0,"href":"https:\/\/interamerica.org\/es\/wp-json\/wp\/v2\/posts\/30434\/revisions"}],"wp:featuredmedia":[{"embeddable":true,"href":"https:\/\/interamerica.org\/es\/wp-json\/wp\/v2\/media\/30435"}],"wp:attachment":[{"href":"https:\/\/interamerica.org\/es\/wp-json\/wp\/v2\/media?parent=30434"}],"wp:term":[{"taxonomy":"category","embeddable":true,"href":"https:\/\/interamerica.org\/es\/wp-json\/wp\/v2\/categories?post=30434"},{"taxonomy":"post_tag","embeddable":true,"href":"https:\/\/interamerica.org\/es\/wp-json\/wp\/v2\/tags?post=30434"}],"curies":[{"name":"wp","href":"https:\/\/api.w.org\/{rel}","templated":true}]}}