{"id":30436,"date":"2014-02-23T00:00:00","date_gmt":"2014-02-23T04:00:00","guid":{"rendered":"http:\/\/192.81.217.108\/interamerica\/2014\/02\/interamerica-ampliacion-del-edificio-de-sus-oficinas-centrales\/"},"modified":"2014-02-23T00:00:00","modified_gmt":"2014-02-23T04:00:00","slug":"interamerica-ampliacion-del-edificio-de-sus-oficinas-centrales","status":"publish","type":"post","link":"https:\/\/interamerica.org\/es\/2014\/02\/interamerica-ampliacion-del-edificio-de-sus-oficinas-centrales\/","title":{"rendered":"Interam\u00e9rica: Ampliaci\u00f3n del edificio de sus oficinas centrales"},"content":{"rendered":"<div id=\"attachment_10757\" style=\"width: 600px\" class=\"wp-caption aligncenter\"><a href=\"\/interamerica\/wp-content\/uploads\/2017\/06\/IAD-VIEW-FROM-SW_Final.png\" rel=\"fancybox\" title=\"Interam\u00e9rica: Ampliaci\u00f3n del edificio de sus oficinas centrales\"><img fetchpriority=\"high\" decoding=\"async\" aria-describedby=\"caption-attachment-10757\" class=\"size-full wp-image-10757 \" src=\"\/interamerica\/wp-content\/uploads\/2017\/06\/IAD-VIEW-FROM-SW_Final.png\" alt=\"\" width=\"590\" height=\"295\" \/><\/a><p id=\"caption-attachment-10757\" class=\"wp-caption-text\">Dise\u00f1o de construcci\u00f3n del \u00e1ngulo suroeste de la nueva expansi\u00f3n que se a\u00f1adir\u00e1 a la sede de la Divisi\u00f3n Interamericana en Miami, Florida. La nueva ampliaci\u00f3n incluye espacio de almacenamiento en el primer piso y seis oficinas ejecutivas, cinco salas o estaciones de trabajo y una sala de reuniones en el segundo piso. Imagen cortes\u00eda de 3L Builders \u2013DIA<\/p><\/div>\n<p>21 de febrero de 2014 &#8211; Miami, Florida&#8230;Libna Stevens- Personal DIA<\/p>\n<p>La Divisi\u00f3n Interamericana (DIA) de la Iglesia Adventista del S\u00e9ptimo D\u00eda, sito en 8100 S.W., y 117th Ave. en Miami, Florida, muy pronto ampliar\u00e1 el edificio de sus oficinas a fin de acomodar mejor sus crecientes operaciones internacionales.<\/p>\n<p>El visto bueno de esta ampliaci\u00f3n se obtuvo cuando la organizaci\u00f3n obtuvo la aprobaci\u00f3n del gobierno del condado, despu\u00e9s de una audiencia p\u00fablica llevada a cabo el mes pasado.<\/p>\n<p>Dicha ampliaci\u00f3n dar\u00e1 cabida a m\u00e1s personal que supervise las instituciones y una feligres\u00eda siempre creciente en todo M\u00e9xico, Am\u00e9rica Central, el Caribe, las Antillas Francesas, Colombia y Venezuela, de acuerdo con el Pastor Israel Leito, presidente de la Iglesia Adventista del S\u00e9ptimo D\u00eda en el territorio de Interam\u00e9rica.<\/p>\n<p>\u201cCuando nos trasladamos por primera vez a nuestro local en la zona de Kendall, en el a\u00f1o 2000, la DIA estaba supervisando doce 12 regiones de la iglesia en el territorio de la Divisi\u00f3n Interamericana\u201d, se\u00f1al\u00f3 el Pastor Leito. \u201cActualmente \u00e9stas han aumentado a 22, incluyendo las 130 subregiones y casi cuatro millones de miembros repartidos en casi 20,000 congregaciones\u201d.<\/p>\n<p>Este crecimiento en el territorio motiv\u00f3 a los administradores a ampliar el edificio de sus oficinas, dijo el Pastor Leito. \u201cNecesitamos m\u00e1s espacio de oficinas y m\u00e1s espacio de almacenamiento\u201d.<\/p>\n<p>Desde las oficinas centrales se opera una organizaci\u00f3n de desarrollo y ayuda en caso de desastres, conocida como la Agencia de Desarrollo y Recursos Asistenciales (ADRA) y se supervisa la obra educativa de 550 escuelas elementales, 346 escuelas secundarias y 13 universidades. Adem\u00e1s, la DIA opera una escuela de medicina, un seminario teol\u00f3gico y una universidad en l\u00ednea. Presta adem\u00e1s sus servicios como agente de compras y de env\u00edos para sus organizaciones subsidiarias.<\/p>\n<p>La ampliaci\u00f3n de dos pisos quedar\u00e1 conectada a la esquina suroeste de la estructura actual y ser\u00e1 parte de la unidad completa, explic\u00f3 Luis Casta\u00f1eda, propietario y presidente de 3L Builders Corp., el contratista general del Estado de la Florida a cargo del proyecto.<\/p>\n<p>La adici\u00f3n de casi 951 metros cuadrados funcionar\u00e1 como zona de almacenamiento de 475 metros cuadrados en el primer piso y seis oficinas ejecutivas, cinco estaciones de trabajo y una sala de reuniones en el segundo piso. Se espera que dicha construcci\u00f3n est\u00e9 lista para el mes de noviembre del presente.<\/p>\n<p>Los administradores creen que la nueva adici\u00f3n contribuir\u00e1 al mejor cumplimiento de deberes c\u00edvicos y continuar\u00e1 funcionando como un seguro y c\u00f3modo sitio para elecciones del distrito electoral.<\/p>\n<p>Para m\u00e1s informaci\u00f3n sobre la Divisi\u00f3n Interamericana, pulsa <a href=\"www.interamerica.org\">interamerica.org<\/a><\/p>\n<p>Traducci\u00f3n por Gloria A. Castrej\u00f3n<\/p>\n","protected":false},"excerpt":{"rendered":"<p>La Divisi\u00f3n Interamericana (DIA) de la Iglesia Adventista del S\u00e9ptimo D\u00eda, sito en 8100 S.W.,  y 117th Ave. en Miami, Florida, muy pronto ampliar\u00e1 el edificio de sus oficinas a fin de acomodar mejor sus crecientes operaciones internacionales.<\/p>\n","protected":false},"author":1,"featured_media":22660,"comment_status":"closed","ping_status":"closed","sticky":false,"template":"","format":"standard","meta":{"_acf_changed":false,"footnotes":""},"categories":[16],"tags":[],"class_list":["post-30436","post","type-post","status-publish","format-standard","has-post-thumbnail","hentry","category-desde-la-sede"],"acf":[],"yoast_head":"<!-- This site is optimized with the Yoast SEO plugin v27.3 - https:\/\/yoast.com\/product\/yoast-seo-wordpress\/ -->\n<title>Interam\u00e9rica: Ampliaci\u00f3n del edificio de sus oficinas centrales - Iglesia Adventista del S\u00e9ptimo D\u00eda - Divisi\u00f3n Interamericana<\/title>\n<meta name=\"robots\" content=\"index, follow, max-snippet:-1, max-image-preview:large, max-video-preview:-1\" \/>\n<link rel=\"canonical\" href=\"https:\/\/interamerica.org\/es\/2014\/02\/interamerica-ampliacion-del-edificio-de-sus-oficinas-centrales\/\" \/>\n<meta property=\"og:locale\" content=\"es_ES\" \/>\n<meta property=\"og:type\" content=\"article\" \/>\n<meta property=\"og:title\" content=\"Interam\u00e9rica: Ampliaci\u00f3n del edificio de sus oficinas centrales - Iglesia Adventista del S\u00e9ptimo D\u00eda - Divisi\u00f3n Interamericana\" \/>\n<meta property=\"og:description\" content=\"La Divisi\u00f3n Interamericana (DIA) de la Iglesia Adventista del S\u00e9ptimo D\u00eda, sito en 8100 S.W., y 117th Ave. en Miami, Florida, muy pronto ampliar\u00e1 el edificio de sus oficinas a fin de acomodar mejor sus crecientes operaciones internacionales.\" \/>\n<meta property=\"og:url\" content=\"https:\/\/interamerica.org\/es\/2014\/02\/interamerica-ampliacion-del-edificio-de-sus-oficinas-centrales\/\" \/>\n<meta property=\"og:site_name\" content=\"Iglesia Adventista del S\u00e9ptimo D\u00eda - Divisi\u00f3n Interamericana\" \/>\n<meta property=\"article:published_time\" content=\"2014-02-23T04:00:00+00:00\" \/>\n<meta property=\"og:image\" content=\"https:\/\/interamerica.org\/wp-content\/uploads\/2017\/06\/IAD-VIEW-FROM-SW_Final.png\" \/>\n\t<meta property=\"og:image:width\" content=\"590\" \/>\n\t<meta property=\"og:image:height\" content=\"295\" \/>\n\t<meta property=\"og:image:type\" content=\"image\/png\" \/>\n<meta name=\"author\" content=\"Lorenzo Verduzco\" \/>\n<meta name=\"twitter:card\" content=\"summary_large_image\" \/>\n<meta name=\"twitter:label1\" content=\"Escrito por\" \/>\n\t<meta name=\"twitter:data1\" content=\"Lorenzo Verduzco\" \/>\n\t<meta name=\"twitter:label2\" content=\"Tiempo de lectura\" \/>\n\t<meta name=\"twitter:data2\" content=\"3 minutos\" \/>\n<script type=\"application\/ld+json\" class=\"yoast-schema-graph\">{\"@context\":\"https:\\\/\\\/schema.org\",\"@graph\":[{\"@type\":\"Article\",\"@id\":\"https:\\\/\\\/interamerica.org\\\/es\\\/2014\\\/02\\\/interamerica-ampliacion-del-edificio-de-sus-oficinas-centrales\\\/#article\",\"isPartOf\":{\"@id\":\"https:\\\/\\\/interamerica.org\\\/es\\\/2014\\\/02\\\/interamerica-ampliacion-del-edificio-de-sus-oficinas-centrales\\\/\"},\"author\":{\"name\":\"Lorenzo Verduzco\",\"@id\":\"https:\\\/\\\/interamerica.org\\\/es\\\/#\\\/schema\\\/person\\\/68ede8bdc292885bb76c1e3810e73c39\"},\"headline\":\"Interam\u00e9rica: Ampliaci\u00f3n del edificio de sus oficinas centrales\",\"datePublished\":\"2014-02-23T04:00:00+00:00\",\"mainEntityOfPage\":{\"@id\":\"https:\\\/\\\/interamerica.org\\\/es\\\/2014\\\/02\\\/interamerica-ampliacion-del-edificio-de-sus-oficinas-centrales\\\/\"},\"wordCount\":539,\"image\":{\"@id\":\"https:\\\/\\\/interamerica.org\\\/es\\\/2014\\\/02\\\/interamerica-ampliacion-del-edificio-de-sus-oficinas-centrales\\\/#primaryimage\"},\"thumbnailUrl\":\"https:\\\/\\\/interamerica.org\\\/wp-content\\\/uploads\\\/2017\\\/06\\\/IAD-VIEW-FROM-SW_Final.png\",\"articleSection\":[\"Desde la sede\"],\"inLanguage\":\"es\"},{\"@type\":\"WebPage\",\"@id\":\"https:\\\/\\\/interamerica.org\\\/es\\\/2014\\\/02\\\/interamerica-ampliacion-del-edificio-de-sus-oficinas-centrales\\\/\",\"url\":\"https:\\\/\\\/interamerica.org\\\/es\\\/2014\\\/02\\\/interamerica-ampliacion-del-edificio-de-sus-oficinas-centrales\\\/\",\"name\":\"Interam\u00e9rica: Ampliaci\u00f3n del edificio de sus oficinas centrales - Iglesia Adventista del S\u00e9ptimo D\u00eda - Divisi\u00f3n Interamericana\",\"isPartOf\":{\"@id\":\"https:\\\/\\\/interamerica.org\\\/es\\\/#website\"},\"primaryImageOfPage\":{\"@id\":\"https:\\\/\\\/interamerica.org\\\/es\\\/2014\\\/02\\\/interamerica-ampliacion-del-edificio-de-sus-oficinas-centrales\\\/#primaryimage\"},\"image\":{\"@id\":\"https:\\\/\\\/interamerica.org\\\/es\\\/2014\\\/02\\\/interamerica-ampliacion-del-edificio-de-sus-oficinas-centrales\\\/#primaryimage\"},\"thumbnailUrl\":\"https:\\\/\\\/interamerica.org\\\/wp-content\\\/uploads\\\/2017\\\/06\\\/IAD-VIEW-FROM-SW_Final.png\",\"datePublished\":\"2014-02-23T04:00:00+00:00\",\"author\":{\"@id\":\"https:\\\/\\\/interamerica.org\\\/es\\\/#\\\/schema\\\/person\\\/68ede8bdc292885bb76c1e3810e73c39\"},\"breadcrumb\":{\"@id\":\"https:\\\/\\\/interamerica.org\\\/es\\\/2014\\\/02\\\/interamerica-ampliacion-del-edificio-de-sus-oficinas-centrales\\\/#breadcrumb\"},\"inLanguage\":\"es\",\"potentialAction\":[{\"@type\":\"ReadAction\",\"target\":[\"https:\\\/\\\/interamerica.org\\\/es\\\/2014\\\/02\\\/interamerica-ampliacion-del-edificio-de-sus-oficinas-centrales\\\/\"]}]},{\"@type\":\"ImageObject\",\"inLanguage\":\"es\",\"@id\":\"https:\\\/\\\/interamerica.org\\\/es\\\/2014\\\/02\\\/interamerica-ampliacion-del-edificio-de-sus-oficinas-centrales\\\/#primaryimage\",\"url\":\"https:\\\/\\\/interamerica.org\\\/wp-content\\\/uploads\\\/2017\\\/06\\\/IAD-VIEW-FROM-SW_Final.png\",\"contentUrl\":\"https:\\\/\\\/interamerica.org\\\/wp-content\\\/uploads\\\/2017\\\/06\\\/IAD-VIEW-FROM-SW_Final.png\",\"width\":590,\"height\":295},{\"@type\":\"BreadcrumbList\",\"@id\":\"https:\\\/\\\/interamerica.org\\\/es\\\/2014\\\/02\\\/interamerica-ampliacion-del-edificio-de-sus-oficinas-centrales\\\/#breadcrumb\",\"itemListElement\":[{\"@type\":\"ListItem\",\"position\":1,\"name\":\"Home\",\"item\":\"https:\\\/\\\/interamerica.org\\\/es\\\/\"},{\"@type\":\"ListItem\",\"position\":2,\"name\":\"Interam\u00e9rica: Ampliaci\u00f3n del edificio de sus oficinas centrales\"}]},{\"@type\":\"WebSite\",\"@id\":\"https:\\\/\\\/interamerica.org\\\/es\\\/#website\",\"url\":\"https:\\\/\\\/interamerica.org\\\/es\\\/\",\"name\":\"Iglesia Adventista del S\u00e9ptimo D\u00eda - Divisi\u00f3n Interamericana\",\"description\":\"\",\"potentialAction\":[{\"@type\":\"SearchAction\",\"target\":{\"@type\":\"EntryPoint\",\"urlTemplate\":\"https:\\\/\\\/interamerica.org\\\/es\\\/?s={search_term_string}\"},\"query-input\":{\"@type\":\"PropertyValueSpecification\",\"valueRequired\":true,\"valueName\":\"search_term_string\"}}],\"inLanguage\":\"es\"},{\"@type\":\"Person\",\"@id\":\"https:\\\/\\\/interamerica.org\\\/es\\\/#\\\/schema\\\/person\\\/68ede8bdc292885bb76c1e3810e73c39\",\"name\":\"Lorenzo Verduzco\",\"image\":{\"@type\":\"ImageObject\",\"inLanguage\":\"es\",\"@id\":\"https:\\\/\\\/secure.gravatar.com\\\/avatar\\\/fb81a55b6218459490a9c1dc841a34909185b81904c5337b4b27f7a6fd60c49e?s=96&d=mm&r=g\",\"url\":\"https:\\\/\\\/secure.gravatar.com\\\/avatar\\\/fb81a55b6218459490a9c1dc841a34909185b81904c5337b4b27f7a6fd60c49e?s=96&d=mm&r=g\",\"contentUrl\":\"https:\\\/\\\/secure.gravatar.com\\\/avatar\\\/fb81a55b6218459490a9c1dc841a34909185b81904c5337b4b27f7a6fd60c49e?s=96&d=mm&r=g\",\"caption\":\"Lorenzo Verduzco\"}}]}<\/script>\n<!-- \/ Yoast SEO plugin. -->","yoast_head_json":{"title":"Interam\u00e9rica: Ampliaci\u00f3n del edificio de sus oficinas centrales - Iglesia Adventista del S\u00e9ptimo D\u00eda - Divisi\u00f3n Interamericana","robots":{"index":"index","follow":"follow","max-snippet":"max-snippet:-1","max-image-preview":"max-image-preview:large","max-video-preview":"max-video-preview:-1"},"canonical":"https:\/\/interamerica.org\/es\/2014\/02\/interamerica-ampliacion-del-edificio-de-sus-oficinas-centrales\/","og_locale":"es_ES","og_type":"article","og_title":"Interam\u00e9rica: Ampliaci\u00f3n del edificio de sus oficinas centrales - Iglesia Adventista del S\u00e9ptimo D\u00eda - Divisi\u00f3n Interamericana","og_description":"La Divisi\u00f3n Interamericana (DIA) de la Iglesia Adventista del S\u00e9ptimo D\u00eda, sito en 8100 S.W., y 117th Ave. en Miami, Florida, muy pronto ampliar\u00e1 el edificio de sus oficinas a fin de acomodar mejor sus crecientes operaciones internacionales.","og_url":"https:\/\/interamerica.org\/es\/2014\/02\/interamerica-ampliacion-del-edificio-de-sus-oficinas-centrales\/","og_site_name":"Iglesia Adventista del S\u00e9ptimo D\u00eda - Divisi\u00f3n Interamericana","article_published_time":"2014-02-23T04:00:00+00:00","og_image":[{"width":590,"height":295,"url":"https:\/\/interamerica.org\/wp-content\/uploads\/2017\/06\/IAD-VIEW-FROM-SW_Final.png","type":"image\/png"}],"author":"Lorenzo Verduzco","twitter_card":"summary_large_image","twitter_misc":{"Escrito por":"Lorenzo Verduzco","Tiempo de lectura":"3 minutos"},"schema":{"@context":"https:\/\/schema.org","@graph":[{"@type":"Article","@id":"https:\/\/interamerica.org\/es\/2014\/02\/interamerica-ampliacion-del-edificio-de-sus-oficinas-centrales\/#article","isPartOf":{"@id":"https:\/\/interamerica.org\/es\/2014\/02\/interamerica-ampliacion-del-edificio-de-sus-oficinas-centrales\/"},"author":{"name":"Lorenzo Verduzco","@id":"https:\/\/interamerica.org\/es\/#\/schema\/person\/68ede8bdc292885bb76c1e3810e73c39"},"headline":"Interam\u00e9rica: Ampliaci\u00f3n del edificio de sus oficinas centrales","datePublished":"2014-02-23T04:00:00+00:00","mainEntityOfPage":{"@id":"https:\/\/interamerica.org\/es\/2014\/02\/interamerica-ampliacion-del-edificio-de-sus-oficinas-centrales\/"},"wordCount":539,"image":{"@id":"https:\/\/interamerica.org\/es\/2014\/02\/interamerica-ampliacion-del-edificio-de-sus-oficinas-centrales\/#primaryimage"},"thumbnailUrl":"https:\/\/interamerica.org\/wp-content\/uploads\/2017\/06\/IAD-VIEW-FROM-SW_Final.png","articleSection":["Desde la sede"],"inLanguage":"es"},{"@type":"WebPage","@id":"https:\/\/interamerica.org\/es\/2014\/02\/interamerica-ampliacion-del-edificio-de-sus-oficinas-centrales\/","url":"https:\/\/interamerica.org\/es\/2014\/02\/interamerica-ampliacion-del-edificio-de-sus-oficinas-centrales\/","name":"Interam\u00e9rica: Ampliaci\u00f3n del edificio de sus oficinas centrales - Iglesia Adventista del S\u00e9ptimo D\u00eda - Divisi\u00f3n Interamericana","isPartOf":{"@id":"https:\/\/interamerica.org\/es\/#website"},"primaryImageOfPage":{"@id":"https:\/\/interamerica.org\/es\/2014\/02\/interamerica-ampliacion-del-edificio-de-sus-oficinas-centrales\/#primaryimage"},"image":{"@id":"https:\/\/interamerica.org\/es\/2014\/02\/interamerica-ampliacion-del-edificio-de-sus-oficinas-centrales\/#primaryimage"},"thumbnailUrl":"https:\/\/interamerica.org\/wp-content\/uploads\/2017\/06\/IAD-VIEW-FROM-SW_Final.png","datePublished":"2014-02-23T04:00:00+00:00","author":{"@id":"https:\/\/interamerica.org\/es\/#\/schema\/person\/68ede8bdc292885bb76c1e3810e73c39"},"breadcrumb":{"@id":"https:\/\/interamerica.org\/es\/2014\/02\/interamerica-ampliacion-del-edificio-de-sus-oficinas-centrales\/#breadcrumb"},"inLanguage":"es","potentialAction":[{"@type":"ReadAction","target":["https:\/\/interamerica.org\/es\/2014\/02\/interamerica-ampliacion-del-edificio-de-sus-oficinas-centrales\/"]}]},{"@type":"ImageObject","inLanguage":"es","@id":"https:\/\/interamerica.org\/es\/2014\/02\/interamerica-ampliacion-del-edificio-de-sus-oficinas-centrales\/#primaryimage","url":"https:\/\/interamerica.org\/wp-content\/uploads\/2017\/06\/IAD-VIEW-FROM-SW_Final.png","contentUrl":"https:\/\/interamerica.org\/wp-content\/uploads\/2017\/06\/IAD-VIEW-FROM-SW_Final.png","width":590,"height":295},{"@type":"BreadcrumbList","@id":"https:\/\/interamerica.org\/es\/2014\/02\/interamerica-ampliacion-del-edificio-de-sus-oficinas-centrales\/#breadcrumb","itemListElement":[{"@type":"ListItem","position":1,"name":"Home","item":"https:\/\/interamerica.org\/es\/"},{"@type":"ListItem","position":2,"name":"Interam\u00e9rica: Ampliaci\u00f3n del edificio de sus oficinas centrales"}]},{"@type":"WebSite","@id":"https:\/\/interamerica.org\/es\/#website","url":"https:\/\/interamerica.org\/es\/","name":"Iglesia Adventista del S\u00e9ptimo D\u00eda - Divisi\u00f3n Interamericana","description":"","potentialAction":[{"@type":"SearchAction","target":{"@type":"EntryPoint","urlTemplate":"https:\/\/interamerica.org\/es\/?s={search_term_string}"},"query-input":{"@type":"PropertyValueSpecification","valueRequired":true,"valueName":"search_term_string"}}],"inLanguage":"es"},{"@type":"Person","@id":"https:\/\/interamerica.org\/es\/#\/schema\/person\/68ede8bdc292885bb76c1e3810e73c39","name":"Lorenzo Verduzco","image":{"@type":"ImageObject","inLanguage":"es","@id":"https:\/\/secure.gravatar.com\/avatar\/fb81a55b6218459490a9c1dc841a34909185b81904c5337b4b27f7a6fd60c49e?s=96&d=mm&r=g","url":"https:\/\/secure.gravatar.com\/avatar\/fb81a55b6218459490a9c1dc841a34909185b81904c5337b4b27f7a6fd60c49e?s=96&d=mm&r=g","contentUrl":"https:\/\/secure.gravatar.com\/avatar\/fb81a55b6218459490a9c1dc841a34909185b81904c5337b4b27f7a6fd60c49e?s=96&d=mm&r=g","caption":"Lorenzo Verduzco"}}]}},"_links":{"self":[{"href":"https:\/\/interamerica.org\/es\/wp-json\/wp\/v2\/posts\/30436","targetHints":{"allow":["GET"]}}],"collection":[{"href":"https:\/\/interamerica.org\/es\/wp-json\/wp\/v2\/posts"}],"about":[{"href":"https:\/\/interamerica.org\/es\/wp-json\/wp\/v2\/types\/post"}],"author":[{"embeddable":true,"href":"https:\/\/interamerica.org\/es\/wp-json\/wp\/v2\/users\/1"}],"replies":[{"embeddable":true,"href":"https:\/\/interamerica.org\/es\/wp-json\/wp\/v2\/comments?post=30436"}],"version-history":[{"count":0,"href":"https:\/\/interamerica.org\/es\/wp-json\/wp\/v2\/posts\/30436\/revisions"}],"wp:featuredmedia":[{"embeddable":true,"href":"https:\/\/interamerica.org\/es\/wp-json\/wp\/v2\/media\/22660"}],"wp:attachment":[{"href":"https:\/\/interamerica.org\/es\/wp-json\/wp\/v2\/media?parent=30436"}],"wp:term":[{"taxonomy":"category","embeddable":true,"href":"https:\/\/interamerica.org\/es\/wp-json\/wp\/v2\/categories?post=30436"},{"taxonomy":"post_tag","embeddable":true,"href":"https:\/\/interamerica.org\/es\/wp-json\/wp\/v2\/tags?post=30436"}],"curies":[{"name":"wp","href":"https:\/\/api.w.org\/{rel}","templated":true}]}}