{"id":30438,"date":"2014-02-27T00:00:00","date_gmt":"2014-02-27T04:00:00","guid":{"rendered":"http:\/\/192.81.217.108\/interamerica\/2014\/02\/servicio-conmemorativo-en-abril-dara-a-familiares-de-medico-adventista-desaparecido-cierta-sensacion-de-conclusion\/"},"modified":"2014-02-27T00:00:00","modified_gmt":"2014-02-27T04:00:00","slug":"servicio-conmemorativo-en-abril-dara-a-familiares-de-medico-adventista-desaparecido-cierta-sensacion-de-conclusion","status":"publish","type":"post","link":"https:\/\/interamerica.org\/es\/2014\/02\/servicio-conmemorativo-en-abril-dara-a-familiares-de-medico-adventista-desaparecido-cierta-sensacion-de-conclusion\/","title":{"rendered":"Servicio conmemorativo en abril, dar\u00e1 a familiares de m\u00e9dico adventista desaparecido, cierta sensaci\u00f3n de conclusi\u00f3n"},"content":{"rendered":"<p>25 de febrero de 2014 &#8211; Silver Spring, Maryland, Estados Unidos&#8230;personal ANN<\/p>\n<div id=\"attachment_10788\" style=\"width: 310px\" class=\"wp-caption alignright\"><a href=\"\/interamerica\/wp-content\/uploads\/2017\/06\/csm_kiev-search-web_b24e48a79c.jpg\" rel=\"fancybox\" title=\"Servicio conmemorativo en abril, dar\u00e1 a familiares de m\u00e9dico adventista desaparecido, cierta sensaci\u00f3n de conclusi\u00f3n\"><img fetchpriority=\"high\" decoding=\"async\" aria-describedby=\"caption-attachment-10788\" class=\"size-medium wp-image-10788\" src=\"\/interamerica\/wp-content\/uploads\/2017\/06\/csm_kiev-search-web_b24e48a79c-300x219.jpg\" alt=\"\" width=\"300\" height=\"219\" \/><\/a><p id=\"caption-attachment-10788\" class=\"wp-caption-text\">Al Dr. Jay Sloop, obrero adventista en el \u00e1rea de salud, se le vio por \u00faltima vez el 15 de mayo de 2013, cuando las im\u00e1genes de una c\u00e1mara de seguridad lo muestran entrando, pero nunca saliendo del Parque Zamkova Gora, en Kiev, durante una caminata temprano en la ma\u00f1ana. Aqu\u00ed autoridades y voluntarios inspeccionan el parque. Imagen cortes\u00eda de ESD<\/p><\/div>\n<p>La familia del m\u00e9dico adventista estadounidense que desapareci\u00f3 en Ucrania hace nueve meses, llevar\u00e1 a cabo un servicio conmemorativo en celebraci\u00f3n de su vida.<\/p>\n<p>El Dr. Jay Sloop, un m\u00e9dico obstetra jubilado, que prestaba sus servicios como director de Ministerio de la Salud en la Asociaci\u00f3n de Upper Columbia, en los Estados Unidos, se encontraba ayudando a los dirigentes de la iglesia en Kiev a establecer un centro de estilo de vida saludable en la capital ucraniana, cuando desapareci\u00f3 durante una caminata temprano en la ma\u00f1ana, en el Parque Zamkova Gora.<\/p>\n<p>El Dr. Sloop, de 77 a\u00f1os, fue visto por \u00faltima vez el 15 de mayo de 2013. Las im\u00e1genes de la c\u00e1mara de seguridad lo muestran entrando al parque en el centro de Kiev, pero nunca saliendo de all\u00ed.<\/p>\n<div id=\"attachment_10789\" style=\"width: 210px\" class=\"wp-caption alignleft\"><a href=\"\/interamerica\/wp-content\/uploads\/2017\/06\/RTEmagicC_sloop2-web_01.jpg\" rel=\"fancybox\" title=\"Servicio conmemorativo en abril, dar\u00e1 a familiares de m\u00e9dico adventista desaparecido, cierta sensaci\u00f3n de conclusi\u00f3n\"><img decoding=\"async\" aria-describedby=\"caption-attachment-10789\" class=\"size-medium wp-image-10789\" src=\"\/interamerica\/wp-content\/uploads\/2017\/06\/RTEmagicC_sloop2-web_01-200x300.jpg\" alt=\"\" width=\"200\" height=\"300\" \/><\/a><p id=\"caption-attachment-10789\" class=\"wp-caption-text\">imagen EUD\/ANN<\/p><\/div>\n<p>No ha surgido ninguna pista sustancial en el caso, a pesar de b\u00fasquedas exhaustivas e investigaciones permanentes por parte de la polic\u00eda ucraniana y la embajada de los Estados Unidos en Kiev.<\/p>\n<p>\u201cSabemos muy poco m\u00e1s de lo que sab\u00edamos dentro de las siguientes horas despu\u00e9s de la desaparici\u00f3n de pap\u00e1\u201d, dijo su hijo Greg Sloop, en un blog que cre\u00f3 para mantener informados a los amigos y familiares acerca de la b\u00fasqueda de su padre.<\/p>\n<p>Dijo tambi\u00e9n que aunque la b\u00fasqueda activa termin\u00f3 en septiembre, la familia contin\u00faa un seguimiento con los contactos pertinentes en Ucrania y mantiene una l\u00ednea directa en donde la gente puede dar informaci\u00f3n.<\/p>\n<p>En una entrada de su blog del 12 de febrero, Greg Sloop reiter\u00f3 la ambig\u00fcedad de la situaci\u00f3n y dijo que el servicio no era raz\u00f3n para especular m\u00e1s en cuanto al estatus del Dr. Sloop.<\/p>\n<p>\u201cIndependientemente de lo que ustedes puedan creer, nos encontramos ahora mismo en la vida sin nuestro padre. Deseamos dedicar un tiempo para recordar qui\u00e9n es y qui\u00e9n fue, qu\u00e9 cosas eran importantes para \u00e9l y recordar el tiempo que pas\u00f3 con nosotros\u201d, escribi\u00f3 en su blog.<\/p>\n<p>El servicio que se celebrar\u00e1 el 26 de abril ser\u00e1 \u201cun buen tiempo para crear un peque\u00f1o sentido de acercamiento entre todos los involucrados\u201d, dijo al Yakima Herald, Richard Sloop, otro de sus hijos.<\/p>\n<p>Pueden encontrarse detalles sobre este servicio de conmemoraci\u00f3n en <a href=\"http:\/\/www.sloop.net\/wordpress\/\">sloop.net\/wordpress<\/a>.<\/p>\n<p>Traducci\u00f3n por Gloria A Castrej\u00f3n<\/p>\n","protected":false},"excerpt":{"rendered":"<p>La familia del m\u00e9dico adventista estadounidense que desapareci\u00f3 en Ucrania hace nueve meses, llevar\u00e1 a cabo un servicio conmemorativo en celebraci\u00f3n de su vida.<\/p>\n","protected":false},"author":1,"featured_media":22665,"comment_status":"closed","ping_status":"closed","sticky":false,"template":"","format":"standard","meta":{"_acf_changed":false,"footnotes":""},"categories":[14],"tags":[],"class_list":["post-30438","post","type-post","status-publish","format-standard","has-post-thumbnail","hentry","category-de-la-iglesia-mundial"],"acf":[],"yoast_head":"<!-- This site is optimized with the Yoast SEO plugin v27.3 - https:\/\/yoast.com\/product\/yoast-seo-wordpress\/ -->\n<title>Servicio conmemorativo en abril, dar\u00e1 a familiares de m\u00e9dico adventista desaparecido, cierta sensaci\u00f3n de conclusi\u00f3n - Iglesia Adventista del S\u00e9ptimo D\u00eda - Divisi\u00f3n Interamericana<\/title>\n<meta name=\"robots\" content=\"index, follow, max-snippet:-1, max-image-preview:large, max-video-preview:-1\" \/>\n<link rel=\"canonical\" href=\"https:\/\/interamerica.org\/es\/2014\/02\/servicio-conmemorativo-en-abril-dara-a-familiares-de-medico-adventista-desaparecido-cierta-sensacion-de-conclusion\/\" \/>\n<meta property=\"og:locale\" content=\"es_ES\" \/>\n<meta property=\"og:type\" content=\"article\" \/>\n<meta property=\"og:title\" content=\"Servicio conmemorativo en abril, dar\u00e1 a familiares de m\u00e9dico adventista desaparecido, cierta sensaci\u00f3n de conclusi\u00f3n - Iglesia Adventista del S\u00e9ptimo D\u00eda - Divisi\u00f3n Interamericana\" \/>\n<meta property=\"og:description\" content=\"La familia del m\u00e9dico adventista estadounidense que desapareci\u00f3 en Ucrania hace nueve meses, llevar\u00e1 a cabo un servicio conmemorativo en celebraci\u00f3n de su vida.\" \/>\n<meta property=\"og:url\" content=\"https:\/\/interamerica.org\/es\/2014\/02\/servicio-conmemorativo-en-abril-dara-a-familiares-de-medico-adventista-desaparecido-cierta-sensacion-de-conclusion\/\" \/>\n<meta property=\"og:site_name\" content=\"Iglesia Adventista del S\u00e9ptimo D\u00eda - Divisi\u00f3n Interamericana\" \/>\n<meta property=\"article:published_time\" content=\"2014-02-27T04:00:00+00:00\" \/>\n<meta property=\"og:image\" content=\"https:\/\/interamerica.org\/wp-content\/uploads\/2017\/06\/csm_kiev-search-web_b24e48a79c.jpg\" \/>\n\t<meta property=\"og:image:width\" content=\"400\" \/>\n\t<meta property=\"og:image:height\" content=\"292\" \/>\n\t<meta property=\"og:image:type\" content=\"image\/jpeg\" \/>\n<meta name=\"author\" content=\"Lorenzo Verduzco\" \/>\n<meta name=\"twitter:card\" content=\"summary_large_image\" \/>\n<meta name=\"twitter:label1\" content=\"Escrito por\" \/>\n\t<meta name=\"twitter:data1\" content=\"Lorenzo Verduzco\" \/>\n\t<meta name=\"twitter:label2\" content=\"Tiempo de lectura\" \/>\n\t<meta name=\"twitter:data2\" content=\"2 minutos\" \/>\n<script type=\"application\/ld+json\" class=\"yoast-schema-graph\">{\"@context\":\"https:\\\/\\\/schema.org\",\"@graph\":[{\"@type\":\"Article\",\"@id\":\"https:\\\/\\\/interamerica.org\\\/es\\\/2014\\\/02\\\/servicio-conmemorativo-en-abril-dara-a-familiares-de-medico-adventista-desaparecido-cierta-sensacion-de-conclusion\\\/#article\",\"isPartOf\":{\"@id\":\"https:\\\/\\\/interamerica.org\\\/es\\\/2014\\\/02\\\/servicio-conmemorativo-en-abril-dara-a-familiares-de-medico-adventista-desaparecido-cierta-sensacion-de-conclusion\\\/\"},\"author\":{\"name\":\"Lorenzo Verduzco\",\"@id\":\"https:\\\/\\\/interamerica.org\\\/es\\\/#\\\/schema\\\/person\\\/68ede8bdc292885bb76c1e3810e73c39\"},\"headline\":\"Servicio conmemorativo en abril, dar\u00e1 a familiares de m\u00e9dico adventista desaparecido, cierta sensaci\u00f3n de conclusi\u00f3n\",\"datePublished\":\"2014-02-27T04:00:00+00:00\",\"mainEntityOfPage\":{\"@id\":\"https:\\\/\\\/interamerica.org\\\/es\\\/2014\\\/02\\\/servicio-conmemorativo-en-abril-dara-a-familiares-de-medico-adventista-desaparecido-cierta-sensacion-de-conclusion\\\/\"},\"wordCount\":506,\"image\":{\"@id\":\"https:\\\/\\\/interamerica.org\\\/es\\\/2014\\\/02\\\/servicio-conmemorativo-en-abril-dara-a-familiares-de-medico-adventista-desaparecido-cierta-sensacion-de-conclusion\\\/#primaryimage\"},\"thumbnailUrl\":\"https:\\\/\\\/interamerica.org\\\/wp-content\\\/uploads\\\/2017\\\/06\\\/csm_kiev-search-web_b24e48a79c.jpg\",\"articleSection\":[\"Desde la iglesia mundial\"],\"inLanguage\":\"es\"},{\"@type\":\"WebPage\",\"@id\":\"https:\\\/\\\/interamerica.org\\\/es\\\/2014\\\/02\\\/servicio-conmemorativo-en-abril-dara-a-familiares-de-medico-adventista-desaparecido-cierta-sensacion-de-conclusion\\\/\",\"url\":\"https:\\\/\\\/interamerica.org\\\/es\\\/2014\\\/02\\\/servicio-conmemorativo-en-abril-dara-a-familiares-de-medico-adventista-desaparecido-cierta-sensacion-de-conclusion\\\/\",\"name\":\"Servicio conmemorativo en abril, dar\u00e1 a familiares de m\u00e9dico adventista desaparecido, cierta sensaci\u00f3n de conclusi\u00f3n - Iglesia Adventista del S\u00e9ptimo D\u00eda - Divisi\u00f3n Interamericana\",\"isPartOf\":{\"@id\":\"https:\\\/\\\/interamerica.org\\\/es\\\/#website\"},\"primaryImageOfPage\":{\"@id\":\"https:\\\/\\\/interamerica.org\\\/es\\\/2014\\\/02\\\/servicio-conmemorativo-en-abril-dara-a-familiares-de-medico-adventista-desaparecido-cierta-sensacion-de-conclusion\\\/#primaryimage\"},\"image\":{\"@id\":\"https:\\\/\\\/interamerica.org\\\/es\\\/2014\\\/02\\\/servicio-conmemorativo-en-abril-dara-a-familiares-de-medico-adventista-desaparecido-cierta-sensacion-de-conclusion\\\/#primaryimage\"},\"thumbnailUrl\":\"https:\\\/\\\/interamerica.org\\\/wp-content\\\/uploads\\\/2017\\\/06\\\/csm_kiev-search-web_b24e48a79c.jpg\",\"datePublished\":\"2014-02-27T04:00:00+00:00\",\"author\":{\"@id\":\"https:\\\/\\\/interamerica.org\\\/es\\\/#\\\/schema\\\/person\\\/68ede8bdc292885bb76c1e3810e73c39\"},\"breadcrumb\":{\"@id\":\"https:\\\/\\\/interamerica.org\\\/es\\\/2014\\\/02\\\/servicio-conmemorativo-en-abril-dara-a-familiares-de-medico-adventista-desaparecido-cierta-sensacion-de-conclusion\\\/#breadcrumb\"},\"inLanguage\":\"es\",\"potentialAction\":[{\"@type\":\"ReadAction\",\"target\":[\"https:\\\/\\\/interamerica.org\\\/es\\\/2014\\\/02\\\/servicio-conmemorativo-en-abril-dara-a-familiares-de-medico-adventista-desaparecido-cierta-sensacion-de-conclusion\\\/\"]}]},{\"@type\":\"ImageObject\",\"inLanguage\":\"es\",\"@id\":\"https:\\\/\\\/interamerica.org\\\/es\\\/2014\\\/02\\\/servicio-conmemorativo-en-abril-dara-a-familiares-de-medico-adventista-desaparecido-cierta-sensacion-de-conclusion\\\/#primaryimage\",\"url\":\"https:\\\/\\\/interamerica.org\\\/wp-content\\\/uploads\\\/2017\\\/06\\\/csm_kiev-search-web_b24e48a79c.jpg\",\"contentUrl\":\"https:\\\/\\\/interamerica.org\\\/wp-content\\\/uploads\\\/2017\\\/06\\\/csm_kiev-search-web_b24e48a79c.jpg\",\"width\":400,\"height\":292},{\"@type\":\"BreadcrumbList\",\"@id\":\"https:\\\/\\\/interamerica.org\\\/es\\\/2014\\\/02\\\/servicio-conmemorativo-en-abril-dara-a-familiares-de-medico-adventista-desaparecido-cierta-sensacion-de-conclusion\\\/#breadcrumb\",\"itemListElement\":[{\"@type\":\"ListItem\",\"position\":1,\"name\":\"Home\",\"item\":\"https:\\\/\\\/interamerica.org\\\/es\\\/\"},{\"@type\":\"ListItem\",\"position\":2,\"name\":\"Servicio conmemorativo en abril, dar\u00e1 a familiares de m\u00e9dico adventista desaparecido, cierta sensaci\u00f3n de conclusi\u00f3n\"}]},{\"@type\":\"WebSite\",\"@id\":\"https:\\\/\\\/interamerica.org\\\/es\\\/#website\",\"url\":\"https:\\\/\\\/interamerica.org\\\/es\\\/\",\"name\":\"Iglesia Adventista del S\u00e9ptimo D\u00eda - Divisi\u00f3n Interamericana\",\"description\":\"\",\"potentialAction\":[{\"@type\":\"SearchAction\",\"target\":{\"@type\":\"EntryPoint\",\"urlTemplate\":\"https:\\\/\\\/interamerica.org\\\/es\\\/?s={search_term_string}\"},\"query-input\":{\"@type\":\"PropertyValueSpecification\",\"valueRequired\":true,\"valueName\":\"search_term_string\"}}],\"inLanguage\":\"es\"},{\"@type\":\"Person\",\"@id\":\"https:\\\/\\\/interamerica.org\\\/es\\\/#\\\/schema\\\/person\\\/68ede8bdc292885bb76c1e3810e73c39\",\"name\":\"Lorenzo Verduzco\",\"image\":{\"@type\":\"ImageObject\",\"inLanguage\":\"es\",\"@id\":\"https:\\\/\\\/secure.gravatar.com\\\/avatar\\\/fb81a55b6218459490a9c1dc841a34909185b81904c5337b4b27f7a6fd60c49e?s=96&d=mm&r=g\",\"url\":\"https:\\\/\\\/secure.gravatar.com\\\/avatar\\\/fb81a55b6218459490a9c1dc841a34909185b81904c5337b4b27f7a6fd60c49e?s=96&d=mm&r=g\",\"contentUrl\":\"https:\\\/\\\/secure.gravatar.com\\\/avatar\\\/fb81a55b6218459490a9c1dc841a34909185b81904c5337b4b27f7a6fd60c49e?s=96&d=mm&r=g\",\"caption\":\"Lorenzo Verduzco\"}}]}<\/script>\n<!-- \/ Yoast SEO plugin. -->","yoast_head_json":{"title":"Servicio conmemorativo en abril, dar\u00e1 a familiares de m\u00e9dico adventista desaparecido, cierta sensaci\u00f3n de conclusi\u00f3n - Iglesia Adventista del S\u00e9ptimo D\u00eda - Divisi\u00f3n Interamericana","robots":{"index":"index","follow":"follow","max-snippet":"max-snippet:-1","max-image-preview":"max-image-preview:large","max-video-preview":"max-video-preview:-1"},"canonical":"https:\/\/interamerica.org\/es\/2014\/02\/servicio-conmemorativo-en-abril-dara-a-familiares-de-medico-adventista-desaparecido-cierta-sensacion-de-conclusion\/","og_locale":"es_ES","og_type":"article","og_title":"Servicio conmemorativo en abril, dar\u00e1 a familiares de m\u00e9dico adventista desaparecido, cierta sensaci\u00f3n de conclusi\u00f3n - Iglesia Adventista del S\u00e9ptimo D\u00eda - Divisi\u00f3n Interamericana","og_description":"La familia del m\u00e9dico adventista estadounidense que desapareci\u00f3 en Ucrania hace nueve meses, llevar\u00e1 a cabo un servicio conmemorativo en celebraci\u00f3n de su vida.","og_url":"https:\/\/interamerica.org\/es\/2014\/02\/servicio-conmemorativo-en-abril-dara-a-familiares-de-medico-adventista-desaparecido-cierta-sensacion-de-conclusion\/","og_site_name":"Iglesia Adventista del S\u00e9ptimo D\u00eda - Divisi\u00f3n Interamericana","article_published_time":"2014-02-27T04:00:00+00:00","og_image":[{"width":400,"height":292,"url":"https:\/\/interamerica.org\/wp-content\/uploads\/2017\/06\/csm_kiev-search-web_b24e48a79c.jpg","type":"image\/jpeg"}],"author":"Lorenzo Verduzco","twitter_card":"summary_large_image","twitter_misc":{"Escrito por":"Lorenzo Verduzco","Tiempo de lectura":"2 minutos"},"schema":{"@context":"https:\/\/schema.org","@graph":[{"@type":"Article","@id":"https:\/\/interamerica.org\/es\/2014\/02\/servicio-conmemorativo-en-abril-dara-a-familiares-de-medico-adventista-desaparecido-cierta-sensacion-de-conclusion\/#article","isPartOf":{"@id":"https:\/\/interamerica.org\/es\/2014\/02\/servicio-conmemorativo-en-abril-dara-a-familiares-de-medico-adventista-desaparecido-cierta-sensacion-de-conclusion\/"},"author":{"name":"Lorenzo Verduzco","@id":"https:\/\/interamerica.org\/es\/#\/schema\/person\/68ede8bdc292885bb76c1e3810e73c39"},"headline":"Servicio conmemorativo en abril, dar\u00e1 a familiares de m\u00e9dico adventista desaparecido, cierta sensaci\u00f3n de conclusi\u00f3n","datePublished":"2014-02-27T04:00:00+00:00","mainEntityOfPage":{"@id":"https:\/\/interamerica.org\/es\/2014\/02\/servicio-conmemorativo-en-abril-dara-a-familiares-de-medico-adventista-desaparecido-cierta-sensacion-de-conclusion\/"},"wordCount":506,"image":{"@id":"https:\/\/interamerica.org\/es\/2014\/02\/servicio-conmemorativo-en-abril-dara-a-familiares-de-medico-adventista-desaparecido-cierta-sensacion-de-conclusion\/#primaryimage"},"thumbnailUrl":"https:\/\/interamerica.org\/wp-content\/uploads\/2017\/06\/csm_kiev-search-web_b24e48a79c.jpg","articleSection":["Desde la iglesia mundial"],"inLanguage":"es"},{"@type":"WebPage","@id":"https:\/\/interamerica.org\/es\/2014\/02\/servicio-conmemorativo-en-abril-dara-a-familiares-de-medico-adventista-desaparecido-cierta-sensacion-de-conclusion\/","url":"https:\/\/interamerica.org\/es\/2014\/02\/servicio-conmemorativo-en-abril-dara-a-familiares-de-medico-adventista-desaparecido-cierta-sensacion-de-conclusion\/","name":"Servicio conmemorativo en abril, dar\u00e1 a familiares de m\u00e9dico adventista desaparecido, cierta sensaci\u00f3n de conclusi\u00f3n - Iglesia Adventista del S\u00e9ptimo D\u00eda - Divisi\u00f3n Interamericana","isPartOf":{"@id":"https:\/\/interamerica.org\/es\/#website"},"primaryImageOfPage":{"@id":"https:\/\/interamerica.org\/es\/2014\/02\/servicio-conmemorativo-en-abril-dara-a-familiares-de-medico-adventista-desaparecido-cierta-sensacion-de-conclusion\/#primaryimage"},"image":{"@id":"https:\/\/interamerica.org\/es\/2014\/02\/servicio-conmemorativo-en-abril-dara-a-familiares-de-medico-adventista-desaparecido-cierta-sensacion-de-conclusion\/#primaryimage"},"thumbnailUrl":"https:\/\/interamerica.org\/wp-content\/uploads\/2017\/06\/csm_kiev-search-web_b24e48a79c.jpg","datePublished":"2014-02-27T04:00:00+00:00","author":{"@id":"https:\/\/interamerica.org\/es\/#\/schema\/person\/68ede8bdc292885bb76c1e3810e73c39"},"breadcrumb":{"@id":"https:\/\/interamerica.org\/es\/2014\/02\/servicio-conmemorativo-en-abril-dara-a-familiares-de-medico-adventista-desaparecido-cierta-sensacion-de-conclusion\/#breadcrumb"},"inLanguage":"es","potentialAction":[{"@type":"ReadAction","target":["https:\/\/interamerica.org\/es\/2014\/02\/servicio-conmemorativo-en-abril-dara-a-familiares-de-medico-adventista-desaparecido-cierta-sensacion-de-conclusion\/"]}]},{"@type":"ImageObject","inLanguage":"es","@id":"https:\/\/interamerica.org\/es\/2014\/02\/servicio-conmemorativo-en-abril-dara-a-familiares-de-medico-adventista-desaparecido-cierta-sensacion-de-conclusion\/#primaryimage","url":"https:\/\/interamerica.org\/wp-content\/uploads\/2017\/06\/csm_kiev-search-web_b24e48a79c.jpg","contentUrl":"https:\/\/interamerica.org\/wp-content\/uploads\/2017\/06\/csm_kiev-search-web_b24e48a79c.jpg","width":400,"height":292},{"@type":"BreadcrumbList","@id":"https:\/\/interamerica.org\/es\/2014\/02\/servicio-conmemorativo-en-abril-dara-a-familiares-de-medico-adventista-desaparecido-cierta-sensacion-de-conclusion\/#breadcrumb","itemListElement":[{"@type":"ListItem","position":1,"name":"Home","item":"https:\/\/interamerica.org\/es\/"},{"@type":"ListItem","position":2,"name":"Servicio conmemorativo en abril, dar\u00e1 a familiares de m\u00e9dico adventista desaparecido, cierta sensaci\u00f3n de conclusi\u00f3n"}]},{"@type":"WebSite","@id":"https:\/\/interamerica.org\/es\/#website","url":"https:\/\/interamerica.org\/es\/","name":"Iglesia Adventista del S\u00e9ptimo D\u00eda - Divisi\u00f3n Interamericana","description":"","potentialAction":[{"@type":"SearchAction","target":{"@type":"EntryPoint","urlTemplate":"https:\/\/interamerica.org\/es\/?s={search_term_string}"},"query-input":{"@type":"PropertyValueSpecification","valueRequired":true,"valueName":"search_term_string"}}],"inLanguage":"es"},{"@type":"Person","@id":"https:\/\/interamerica.org\/es\/#\/schema\/person\/68ede8bdc292885bb76c1e3810e73c39","name":"Lorenzo Verduzco","image":{"@type":"ImageObject","inLanguage":"es","@id":"https:\/\/secure.gravatar.com\/avatar\/fb81a55b6218459490a9c1dc841a34909185b81904c5337b4b27f7a6fd60c49e?s=96&d=mm&r=g","url":"https:\/\/secure.gravatar.com\/avatar\/fb81a55b6218459490a9c1dc841a34909185b81904c5337b4b27f7a6fd60c49e?s=96&d=mm&r=g","contentUrl":"https:\/\/secure.gravatar.com\/avatar\/fb81a55b6218459490a9c1dc841a34909185b81904c5337b4b27f7a6fd60c49e?s=96&d=mm&r=g","caption":"Lorenzo Verduzco"}}]}},"_links":{"self":[{"href":"https:\/\/interamerica.org\/es\/wp-json\/wp\/v2\/posts\/30438","targetHints":{"allow":["GET"]}}],"collection":[{"href":"https:\/\/interamerica.org\/es\/wp-json\/wp\/v2\/posts"}],"about":[{"href":"https:\/\/interamerica.org\/es\/wp-json\/wp\/v2\/types\/post"}],"author":[{"embeddable":true,"href":"https:\/\/interamerica.org\/es\/wp-json\/wp\/v2\/users\/1"}],"replies":[{"embeddable":true,"href":"https:\/\/interamerica.org\/es\/wp-json\/wp\/v2\/comments?post=30438"}],"version-history":[{"count":0,"href":"https:\/\/interamerica.org\/es\/wp-json\/wp\/v2\/posts\/30438\/revisions"}],"wp:featuredmedia":[{"embeddable":true,"href":"https:\/\/interamerica.org\/es\/wp-json\/wp\/v2\/media\/22665"}],"wp:attachment":[{"href":"https:\/\/interamerica.org\/es\/wp-json\/wp\/v2\/media?parent=30438"}],"wp:term":[{"taxonomy":"category","embeddable":true,"href":"https:\/\/interamerica.org\/es\/wp-json\/wp\/v2\/categories?post=30438"},{"taxonomy":"post_tag","embeddable":true,"href":"https:\/\/interamerica.org\/es\/wp-json\/wp\/v2\/tags?post=30438"}],"curies":[{"name":"wp","href":"https:\/\/api.w.org\/{rel}","templated":true}]}}