{"id":30439,"date":"2014-02-27T00:00:00","date_gmt":"2014-02-27T04:00:00","guid":{"rendered":"http:\/\/192.81.217.108\/interamerica\/2014\/02\/trinidad-universidad-adventista-incorpora-un-doctorado-en-psicologia-educacional\/"},"modified":"2014-02-27T00:00:00","modified_gmt":"2014-02-27T04:00:00","slug":"trinidad-universidad-adventista-incorpora-un-doctorado-en-psicologia-educacional","status":"publish","type":"post","link":"https:\/\/interamerica.org\/es\/2014\/02\/trinidad-universidad-adventista-incorpora-un-doctorado-en-psicologia-educacional\/","title":{"rendered":"Trinidad: Universidad adventista incorpora un doctorado en Psicolog\u00eda Educacional"},"content":{"rendered":"<div id=\"attachment_10801\" style=\"width: 600px\" class=\"wp-caption aligncenter\"><a href=\"\/interamerica\/wp-content\/uploads\/2017\/06\/Signing-Photo.png\" rel=\"fancybox\" title=\"Trinidad: Universidad adventista incorpora un doctorado en Psicolog\u00eda Educacional\"><img fetchpriority=\"high\" decoding=\"async\" aria-describedby=\"caption-attachment-10801\" class=\"size-full wp-image-10801\" src=\"\/interamerica\/wp-content\/uploads\/2017\/06\/Signing-Photo.png\" alt=\"\" width=\"590\" height=\"394\" \/><\/a><p id=\"caption-attachment-10801\" class=\"wp-caption-text\">El doctor Jim Jeffrey (al frente a la izquierda), decano de la Escuela de Educaci\u00f3n de la Universidad Andrews, y el doctor Clinton Valley, presidente de la Universidad Sure\u00f1a del Caribe, firman el pasado 27 de enero de 2014 un Memorando de Acuerdo para el nuevo t\u00edtulo doctoral en psicolog\u00eda educacional, mientras siguen la ceremonia representantes de la Asociaci\u00f3n de Acreditaci\u00f3n Adventista y de la administraci\u00f3n de la instituci\u00f3n. Im\u00e1genes del Departamento de Comunicaciones de la USC \/DIA<\/p><\/div>\n<p>27 de febrero de 2014 \u2013 Puerto Espa\u00f1a, Trinidad y Tobago&#8230;Del Phillips\/IAD Staff<\/p>\n<p>Educadores adventistas firmaron hace poco un Memorando de Acuerdo en la Universidad Sure\u00f1a del Caribe (USC) en Puerto Espa\u00f1a, Trinidad y Tobago, para ofrecer el primer programa doctoral en psicolog\u00eda educacional. El evento reuni\u00f3 l\u00edderes de la instituci\u00f3n y de la Universidad Andrews, en Berrien Springs, M\u00edchigan, que se asociar\u00e1n y permitir\u00e1n que los graduandos practiquen como psic\u00f3logos educacionales certificados en Trinidad y Tobago, los Estados Unidos y Canad\u00e1.<\/p>\n<p>El programa brindar\u00e1 la oportunidad de que Trinidad y Tobago cuente c0n un grupo de psic\u00f3logos educacionales capacitados que pueden ser parte del marco de psicolog\u00eda preventiva y de consejer\u00eda para el pa\u00eds, seg\u00fan el doctor Clinton Valley, presidente de la Universidad Sure\u00f1a del Caribe.<\/p>\n<p>El doctor Rudolph Bailey, profesor y director del Departamento de Psicolog\u00eda Educacional de la Universidad Andrews, explic\u00f3 que \u00abla psicolog\u00eda aplicada a la investigaci\u00f3n educacional har\u00e1 m\u00e1s efectiva la educaci\u00f3n, dado que incluye procesos que ayudan al aprendizaje, el dise\u00f1o de la clase y curricular, e informaci\u00f3n fundamental sobre el cerebro y el aprendizaje que tiene que formar parte del sistema escolar\u201d.<\/p>\n<div id=\"attachment_10802\" style=\"width: 310px\" class=\"wp-caption alignleft\"><a href=\"\/interamerica\/wp-content\/uploads\/2017\/06\/First-Cohort-with-Administrators.png\" rel=\"fancybox\" title=\"Trinidad: Universidad adventista incorpora un doctorado en Psicolog\u00eda Educacional\"><img decoding=\"async\" aria-describedby=\"caption-attachment-10802\" class=\"size-medium wp-image-10802\" src=\"\/interamerica\/wp-content\/uploads\/2017\/06\/First-Cohort-with-Administrators-300x200.png\" alt=\"\" width=\"300\" height=\"200\" \/><\/a><p id=\"caption-attachment-10802\" class=\"wp-caption-text\">La primera cohorte de estudiantes doctorales posan para una fotograf\u00eda con los administradores de la USC, representantes de la Universidad Andrews y de la Asociaci\u00f3n de Acreditaci\u00f3n Adventista.<\/p><\/div>\n<p>El doctor Bailey explic\u00f3 asimismo que dado los informes de las problem\u00e1ticas sociales en aumento en Trinidad y Tobago, las conversaciones con el gobierno facilitaron el redise\u00f1o del programa propuesto de manera de incluir un enfoque tripartito al componente de consejer\u00eda. \u00abEste enfoque enfatiza la evaluaci\u00f3n, la consulta y la capacitaci\u00f3n en la consejer\u00eda individual y grupal en el contexto escolar\u00bb, dijo Bailey.<\/p>\n<p>Los proyectos de investigaci\u00f3n que ser\u00e1n completados por los 22 estudiantes que conforman la primera cohorte identificar\u00e1n y documentar\u00e1n cuestiones cr\u00edticas relacionadas con el contexto de Trinidad y Tobago, usando datos emp\u00edricos que pueden guiar el redise\u00f1o curricular, la gesti\u00f3n de la clase y la formaci\u00f3n de las pol\u00edticas educativas, dijeron los l\u00edderes de la universidad.<\/p>\n<p>El nuevo doctorado en Psicolog\u00eda Educacional de la USC est\u00e1 acreditado por la Asociaci\u00f3n Nacional de Psic\u00f3logos Educacionales en los Estados Unidos.<\/p>\n<p>La Universidad Sure\u00f1a del Caribe fue establecida en 1927 y se encuentra en un campus de 155 hect\u00e1reas en el Valle de Maracas, al noreste de Puerto Espa\u00f1a. La instituci\u00f3n es coeducacional y de educaci\u00f3n privada, y pertenece y es operada por la Uni\u00f3n del Caribe de la Iglesia Adventista del S\u00e9ptimo D\u00eda. Ha estado acreditada por la Asociaci\u00f3n Adventista de Acreditaci\u00f3n desde 1982. La USC ofrece 15 t\u00edtulos de posgrado y 30 de grado en sus seis facuultades, tanto en el campus como en cinco otras sedes ubicadas en Tobago, St. Luc\u00eda, Antigua, Barbados y Guyana.<\/p>\n<p>La USC est\u00e1 siendo llamada a asistir al gobierno para capacitar a m\u00e1s de tres mil educadores de los primeros niveles como parte de un plan general del Ministerio de Educaci\u00f3n de Trinidad y Tobago de hacer universal la educaci\u00f3n temprana en la naci\u00f3n.<\/p>\n<p>Si desea saber m\u00e1s, visite\u00a0<a href=\"http:\/\/www.usc.edu.tt\/\">usc.edu.tt<\/a><\/p>\n<p><em>Traducci\u00f3n de Marcos Paseggi<\/em><\/p>\n","protected":false},"excerpt":{"rendered":"<p>Educadores adventistas firmaron hace poco un Memorando de Acuerdo en la Universidad Sure\u00f1a del Caribe (USC) en Puerto Espa\u00f1a, Trinidad y Tobago, para ofrecer el primer programa doctoral en psicolog\u00eda educacional.<\/p>\n","protected":false},"author":1,"featured_media":22672,"comment_status":"closed","ping_status":"closed","sticky":false,"template":"","format":"standard","meta":{"_acf_changed":false,"footnotes":""},"categories":[17],"tags":[],"class_list":["post-30439","post","type-post","status-publish","format-standard","has-post-thumbnail","hentry","category-desde-el-campo"],"acf":[],"yoast_head":"<!-- This site is optimized with the Yoast SEO plugin v27.3 - https:\/\/yoast.com\/product\/yoast-seo-wordpress\/ -->\n<title>Trinidad: Universidad adventista incorpora un doctorado en Psicolog\u00eda Educacional - Iglesia Adventista del S\u00e9ptimo D\u00eda - Divisi\u00f3n Interamericana<\/title>\n<meta name=\"robots\" content=\"index, follow, max-snippet:-1, max-image-preview:large, max-video-preview:-1\" \/>\n<link rel=\"canonical\" href=\"https:\/\/interamerica.org\/es\/2014\/02\/trinidad-universidad-adventista-incorpora-un-doctorado-en-psicologia-educacional\/\" \/>\n<meta property=\"og:locale\" content=\"es_ES\" \/>\n<meta property=\"og:type\" content=\"article\" \/>\n<meta property=\"og:title\" content=\"Trinidad: Universidad adventista incorpora un doctorado en Psicolog\u00eda Educacional - Iglesia Adventista del S\u00e9ptimo D\u00eda - Divisi\u00f3n Interamericana\" \/>\n<meta property=\"og:description\" content=\"Educadores adventistas firmaron hace poco un Memorando de Acuerdo en la Universidad Sure\u00f1a del Caribe (USC) en Puerto Espa\u00f1a, Trinidad y Tobago, para ofrecer el primer programa doctoral en psicolog\u00eda educacional.\" \/>\n<meta property=\"og:url\" content=\"https:\/\/interamerica.org\/es\/2014\/02\/trinidad-universidad-adventista-incorpora-un-doctorado-en-psicologia-educacional\/\" \/>\n<meta property=\"og:site_name\" content=\"Iglesia Adventista del S\u00e9ptimo D\u00eda - Divisi\u00f3n Interamericana\" \/>\n<meta property=\"article:published_time\" content=\"2014-02-27T04:00:00+00:00\" \/>\n<meta property=\"og:image\" content=\"https:\/\/interamerica.org\/wp-content\/uploads\/2017\/06\/Signing-Photo.png\" \/>\n\t<meta property=\"og:image:width\" content=\"590\" \/>\n\t<meta property=\"og:image:height\" content=\"394\" \/>\n\t<meta property=\"og:image:type\" content=\"image\/png\" \/>\n<meta name=\"author\" content=\"Lorenzo Verduzco\" \/>\n<meta name=\"twitter:card\" content=\"summary_large_image\" \/>\n<meta name=\"twitter:label1\" content=\"Escrito por\" \/>\n\t<meta name=\"twitter:data1\" content=\"Lorenzo Verduzco\" \/>\n\t<meta name=\"twitter:label2\" content=\"Tiempo de lectura\" \/>\n\t<meta name=\"twitter:data2\" content=\"3 minutos\" \/>\n<script type=\"application\/ld+json\" class=\"yoast-schema-graph\">{\"@context\":\"https:\\\/\\\/schema.org\",\"@graph\":[{\"@type\":\"Article\",\"@id\":\"https:\\\/\\\/interamerica.org\\\/es\\\/2014\\\/02\\\/trinidad-universidad-adventista-incorpora-un-doctorado-en-psicologia-educacional\\\/#article\",\"isPartOf\":{\"@id\":\"https:\\\/\\\/interamerica.org\\\/es\\\/2014\\\/02\\\/trinidad-universidad-adventista-incorpora-un-doctorado-en-psicologia-educacional\\\/\"},\"author\":{\"name\":\"Lorenzo Verduzco\",\"@id\":\"https:\\\/\\\/interamerica.org\\\/es\\\/#\\\/schema\\\/person\\\/68ede8bdc292885bb76c1e3810e73c39\"},\"headline\":\"Trinidad: Universidad adventista incorpora un doctorado en Psicolog\u00eda Educacional\",\"datePublished\":\"2014-02-27T04:00:00+00:00\",\"mainEntityOfPage\":{\"@id\":\"https:\\\/\\\/interamerica.org\\\/es\\\/2014\\\/02\\\/trinidad-universidad-adventista-incorpora-un-doctorado-en-psicologia-educacional\\\/\"},\"wordCount\":678,\"image\":{\"@id\":\"https:\\\/\\\/interamerica.org\\\/es\\\/2014\\\/02\\\/trinidad-universidad-adventista-incorpora-un-doctorado-en-psicologia-educacional\\\/#primaryimage\"},\"thumbnailUrl\":\"https:\\\/\\\/interamerica.org\\\/wp-content\\\/uploads\\\/2017\\\/06\\\/Signing-Photo.png\",\"articleSection\":[\"Desde el campo\"],\"inLanguage\":\"es\"},{\"@type\":\"WebPage\",\"@id\":\"https:\\\/\\\/interamerica.org\\\/es\\\/2014\\\/02\\\/trinidad-universidad-adventista-incorpora-un-doctorado-en-psicologia-educacional\\\/\",\"url\":\"https:\\\/\\\/interamerica.org\\\/es\\\/2014\\\/02\\\/trinidad-universidad-adventista-incorpora-un-doctorado-en-psicologia-educacional\\\/\",\"name\":\"Trinidad: Universidad adventista incorpora un doctorado en Psicolog\u00eda Educacional - Iglesia Adventista del S\u00e9ptimo D\u00eda - Divisi\u00f3n Interamericana\",\"isPartOf\":{\"@id\":\"https:\\\/\\\/interamerica.org\\\/es\\\/#website\"},\"primaryImageOfPage\":{\"@id\":\"https:\\\/\\\/interamerica.org\\\/es\\\/2014\\\/02\\\/trinidad-universidad-adventista-incorpora-un-doctorado-en-psicologia-educacional\\\/#primaryimage\"},\"image\":{\"@id\":\"https:\\\/\\\/interamerica.org\\\/es\\\/2014\\\/02\\\/trinidad-universidad-adventista-incorpora-un-doctorado-en-psicologia-educacional\\\/#primaryimage\"},\"thumbnailUrl\":\"https:\\\/\\\/interamerica.org\\\/wp-content\\\/uploads\\\/2017\\\/06\\\/Signing-Photo.png\",\"datePublished\":\"2014-02-27T04:00:00+00:00\",\"author\":{\"@id\":\"https:\\\/\\\/interamerica.org\\\/es\\\/#\\\/schema\\\/person\\\/68ede8bdc292885bb76c1e3810e73c39\"},\"breadcrumb\":{\"@id\":\"https:\\\/\\\/interamerica.org\\\/es\\\/2014\\\/02\\\/trinidad-universidad-adventista-incorpora-un-doctorado-en-psicologia-educacional\\\/#breadcrumb\"},\"inLanguage\":\"es\",\"potentialAction\":[{\"@type\":\"ReadAction\",\"target\":[\"https:\\\/\\\/interamerica.org\\\/es\\\/2014\\\/02\\\/trinidad-universidad-adventista-incorpora-un-doctorado-en-psicologia-educacional\\\/\"]}]},{\"@type\":\"ImageObject\",\"inLanguage\":\"es\",\"@id\":\"https:\\\/\\\/interamerica.org\\\/es\\\/2014\\\/02\\\/trinidad-universidad-adventista-incorpora-un-doctorado-en-psicologia-educacional\\\/#primaryimage\",\"url\":\"https:\\\/\\\/interamerica.org\\\/wp-content\\\/uploads\\\/2017\\\/06\\\/Signing-Photo.png\",\"contentUrl\":\"https:\\\/\\\/interamerica.org\\\/wp-content\\\/uploads\\\/2017\\\/06\\\/Signing-Photo.png\",\"width\":590,\"height\":394},{\"@type\":\"BreadcrumbList\",\"@id\":\"https:\\\/\\\/interamerica.org\\\/es\\\/2014\\\/02\\\/trinidad-universidad-adventista-incorpora-un-doctorado-en-psicologia-educacional\\\/#breadcrumb\",\"itemListElement\":[{\"@type\":\"ListItem\",\"position\":1,\"name\":\"Home\",\"item\":\"https:\\\/\\\/interamerica.org\\\/es\\\/\"},{\"@type\":\"ListItem\",\"position\":2,\"name\":\"Trinidad: Universidad adventista incorpora un doctorado en Psicolog\u00eda Educacional\"}]},{\"@type\":\"WebSite\",\"@id\":\"https:\\\/\\\/interamerica.org\\\/es\\\/#website\",\"url\":\"https:\\\/\\\/interamerica.org\\\/es\\\/\",\"name\":\"Iglesia Adventista del S\u00e9ptimo D\u00eda - Divisi\u00f3n Interamericana\",\"description\":\"\",\"potentialAction\":[{\"@type\":\"SearchAction\",\"target\":{\"@type\":\"EntryPoint\",\"urlTemplate\":\"https:\\\/\\\/interamerica.org\\\/es\\\/?s={search_term_string}\"},\"query-input\":{\"@type\":\"PropertyValueSpecification\",\"valueRequired\":true,\"valueName\":\"search_term_string\"}}],\"inLanguage\":\"es\"},{\"@type\":\"Person\",\"@id\":\"https:\\\/\\\/interamerica.org\\\/es\\\/#\\\/schema\\\/person\\\/68ede8bdc292885bb76c1e3810e73c39\",\"name\":\"Lorenzo Verduzco\",\"image\":{\"@type\":\"ImageObject\",\"inLanguage\":\"es\",\"@id\":\"https:\\\/\\\/secure.gravatar.com\\\/avatar\\\/fb81a55b6218459490a9c1dc841a34909185b81904c5337b4b27f7a6fd60c49e?s=96&d=mm&r=g\",\"url\":\"https:\\\/\\\/secure.gravatar.com\\\/avatar\\\/fb81a55b6218459490a9c1dc841a34909185b81904c5337b4b27f7a6fd60c49e?s=96&d=mm&r=g\",\"contentUrl\":\"https:\\\/\\\/secure.gravatar.com\\\/avatar\\\/fb81a55b6218459490a9c1dc841a34909185b81904c5337b4b27f7a6fd60c49e?s=96&d=mm&r=g\",\"caption\":\"Lorenzo Verduzco\"}}]}<\/script>\n<!-- \/ Yoast SEO plugin. -->","yoast_head_json":{"title":"Trinidad: Universidad adventista incorpora un doctorado en Psicolog\u00eda Educacional - Iglesia Adventista del S\u00e9ptimo D\u00eda - Divisi\u00f3n Interamericana","robots":{"index":"index","follow":"follow","max-snippet":"max-snippet:-1","max-image-preview":"max-image-preview:large","max-video-preview":"max-video-preview:-1"},"canonical":"https:\/\/interamerica.org\/es\/2014\/02\/trinidad-universidad-adventista-incorpora-un-doctorado-en-psicologia-educacional\/","og_locale":"es_ES","og_type":"article","og_title":"Trinidad: Universidad adventista incorpora un doctorado en Psicolog\u00eda Educacional - Iglesia Adventista del S\u00e9ptimo D\u00eda - Divisi\u00f3n Interamericana","og_description":"Educadores adventistas firmaron hace poco un Memorando de Acuerdo en la Universidad Sure\u00f1a del Caribe (USC) en Puerto Espa\u00f1a, Trinidad y Tobago, para ofrecer el primer programa doctoral en psicolog\u00eda educacional.","og_url":"https:\/\/interamerica.org\/es\/2014\/02\/trinidad-universidad-adventista-incorpora-un-doctorado-en-psicologia-educacional\/","og_site_name":"Iglesia Adventista del S\u00e9ptimo D\u00eda - Divisi\u00f3n Interamericana","article_published_time":"2014-02-27T04:00:00+00:00","og_image":[{"width":590,"height":394,"url":"https:\/\/interamerica.org\/wp-content\/uploads\/2017\/06\/Signing-Photo.png","type":"image\/png"}],"author":"Lorenzo Verduzco","twitter_card":"summary_large_image","twitter_misc":{"Escrito por":"Lorenzo Verduzco","Tiempo de lectura":"3 minutos"},"schema":{"@context":"https:\/\/schema.org","@graph":[{"@type":"Article","@id":"https:\/\/interamerica.org\/es\/2014\/02\/trinidad-universidad-adventista-incorpora-un-doctorado-en-psicologia-educacional\/#article","isPartOf":{"@id":"https:\/\/interamerica.org\/es\/2014\/02\/trinidad-universidad-adventista-incorpora-un-doctorado-en-psicologia-educacional\/"},"author":{"name":"Lorenzo Verduzco","@id":"https:\/\/interamerica.org\/es\/#\/schema\/person\/68ede8bdc292885bb76c1e3810e73c39"},"headline":"Trinidad: Universidad adventista incorpora un doctorado en Psicolog\u00eda Educacional","datePublished":"2014-02-27T04:00:00+00:00","mainEntityOfPage":{"@id":"https:\/\/interamerica.org\/es\/2014\/02\/trinidad-universidad-adventista-incorpora-un-doctorado-en-psicologia-educacional\/"},"wordCount":678,"image":{"@id":"https:\/\/interamerica.org\/es\/2014\/02\/trinidad-universidad-adventista-incorpora-un-doctorado-en-psicologia-educacional\/#primaryimage"},"thumbnailUrl":"https:\/\/interamerica.org\/wp-content\/uploads\/2017\/06\/Signing-Photo.png","articleSection":["Desde el campo"],"inLanguage":"es"},{"@type":"WebPage","@id":"https:\/\/interamerica.org\/es\/2014\/02\/trinidad-universidad-adventista-incorpora-un-doctorado-en-psicologia-educacional\/","url":"https:\/\/interamerica.org\/es\/2014\/02\/trinidad-universidad-adventista-incorpora-un-doctorado-en-psicologia-educacional\/","name":"Trinidad: Universidad adventista incorpora un doctorado en Psicolog\u00eda Educacional - Iglesia Adventista del S\u00e9ptimo D\u00eda - Divisi\u00f3n Interamericana","isPartOf":{"@id":"https:\/\/interamerica.org\/es\/#website"},"primaryImageOfPage":{"@id":"https:\/\/interamerica.org\/es\/2014\/02\/trinidad-universidad-adventista-incorpora-un-doctorado-en-psicologia-educacional\/#primaryimage"},"image":{"@id":"https:\/\/interamerica.org\/es\/2014\/02\/trinidad-universidad-adventista-incorpora-un-doctorado-en-psicologia-educacional\/#primaryimage"},"thumbnailUrl":"https:\/\/interamerica.org\/wp-content\/uploads\/2017\/06\/Signing-Photo.png","datePublished":"2014-02-27T04:00:00+00:00","author":{"@id":"https:\/\/interamerica.org\/es\/#\/schema\/person\/68ede8bdc292885bb76c1e3810e73c39"},"breadcrumb":{"@id":"https:\/\/interamerica.org\/es\/2014\/02\/trinidad-universidad-adventista-incorpora-un-doctorado-en-psicologia-educacional\/#breadcrumb"},"inLanguage":"es","potentialAction":[{"@type":"ReadAction","target":["https:\/\/interamerica.org\/es\/2014\/02\/trinidad-universidad-adventista-incorpora-un-doctorado-en-psicologia-educacional\/"]}]},{"@type":"ImageObject","inLanguage":"es","@id":"https:\/\/interamerica.org\/es\/2014\/02\/trinidad-universidad-adventista-incorpora-un-doctorado-en-psicologia-educacional\/#primaryimage","url":"https:\/\/interamerica.org\/wp-content\/uploads\/2017\/06\/Signing-Photo.png","contentUrl":"https:\/\/interamerica.org\/wp-content\/uploads\/2017\/06\/Signing-Photo.png","width":590,"height":394},{"@type":"BreadcrumbList","@id":"https:\/\/interamerica.org\/es\/2014\/02\/trinidad-universidad-adventista-incorpora-un-doctorado-en-psicologia-educacional\/#breadcrumb","itemListElement":[{"@type":"ListItem","position":1,"name":"Home","item":"https:\/\/interamerica.org\/es\/"},{"@type":"ListItem","position":2,"name":"Trinidad: Universidad adventista incorpora un doctorado en Psicolog\u00eda Educacional"}]},{"@type":"WebSite","@id":"https:\/\/interamerica.org\/es\/#website","url":"https:\/\/interamerica.org\/es\/","name":"Iglesia Adventista del S\u00e9ptimo D\u00eda - Divisi\u00f3n Interamericana","description":"","potentialAction":[{"@type":"SearchAction","target":{"@type":"EntryPoint","urlTemplate":"https:\/\/interamerica.org\/es\/?s={search_term_string}"},"query-input":{"@type":"PropertyValueSpecification","valueRequired":true,"valueName":"search_term_string"}}],"inLanguage":"es"},{"@type":"Person","@id":"https:\/\/interamerica.org\/es\/#\/schema\/person\/68ede8bdc292885bb76c1e3810e73c39","name":"Lorenzo Verduzco","image":{"@type":"ImageObject","inLanguage":"es","@id":"https:\/\/secure.gravatar.com\/avatar\/fb81a55b6218459490a9c1dc841a34909185b81904c5337b4b27f7a6fd60c49e?s=96&d=mm&r=g","url":"https:\/\/secure.gravatar.com\/avatar\/fb81a55b6218459490a9c1dc841a34909185b81904c5337b4b27f7a6fd60c49e?s=96&d=mm&r=g","contentUrl":"https:\/\/secure.gravatar.com\/avatar\/fb81a55b6218459490a9c1dc841a34909185b81904c5337b4b27f7a6fd60c49e?s=96&d=mm&r=g","caption":"Lorenzo Verduzco"}}]}},"_links":{"self":[{"href":"https:\/\/interamerica.org\/es\/wp-json\/wp\/v2\/posts\/30439","targetHints":{"allow":["GET"]}}],"collection":[{"href":"https:\/\/interamerica.org\/es\/wp-json\/wp\/v2\/posts"}],"about":[{"href":"https:\/\/interamerica.org\/es\/wp-json\/wp\/v2\/types\/post"}],"author":[{"embeddable":true,"href":"https:\/\/interamerica.org\/es\/wp-json\/wp\/v2\/users\/1"}],"replies":[{"embeddable":true,"href":"https:\/\/interamerica.org\/es\/wp-json\/wp\/v2\/comments?post=30439"}],"version-history":[{"count":0,"href":"https:\/\/interamerica.org\/es\/wp-json\/wp\/v2\/posts\/30439\/revisions"}],"wp:featuredmedia":[{"embeddable":true,"href":"https:\/\/interamerica.org\/es\/wp-json\/wp\/v2\/media\/22672"}],"wp:attachment":[{"href":"https:\/\/interamerica.org\/es\/wp-json\/wp\/v2\/media?parent=30439"}],"wp:term":[{"taxonomy":"category","embeddable":true,"href":"https:\/\/interamerica.org\/es\/wp-json\/wp\/v2\/categories?post=30439"},{"taxonomy":"post_tag","embeddable":true,"href":"https:\/\/interamerica.org\/es\/wp-json\/wp\/v2\/tags?post=30439"}],"curies":[{"name":"wp","href":"https:\/\/api.w.org\/{rel}","templated":true}]}}