{"id":30441,"date":"2014-03-03T00:00:00","date_gmt":"2014-03-03T04:00:00","guid":{"rendered":"http:\/\/192.81.217.108\/interamerica\/2014\/03\/interamerica-los-lideres-de-la-iglesia-dialogaran-por-internet-con-los-alumnos-de-teologia\/"},"modified":"2014-03-03T00:00:00","modified_gmt":"2014-03-03T04:00:00","slug":"interamerica-los-lideres-de-la-iglesia-dialogaran-por-internet-con-los-alumnos-de-teologia","status":"publish","type":"post","link":"https:\/\/interamerica.org\/es\/2014\/03\/interamerica-los-lideres-de-la-iglesia-dialogaran-por-internet-con-los-alumnos-de-teologia\/","title":{"rendered":"Interam\u00e9rica: Los l\u00edderes de la iglesia dialogar\u00e1n por Internet con los alumnos de teolog\u00eda"},"content":{"rendered":"<p>2 de marzo de 2014 \u2013 Miami, Florida, Estados Unidos States&#8230;Libna Stevens\/DIA<\/p>\n<div id=\"attachment_10829\" style=\"width: 325px\" class=\"wp-caption alignleft\"><a href=\"\/interamerica\/wp-content\/uploads\/2017\/06\/EstudiantesTeologia.png\" rel=\"fancybox\" title=\"Interam\u00e9rica: Los l\u00edderes de la iglesia dialogar\u00e1n por Internet con los alumnos de teolog\u00eda\"><img fetchpriority=\"high\" decoding=\"async\" aria-describedby=\"caption-attachment-10829\" class=\"alignleft size-full wp-image-10839\" title=\"EstudiantesTeologia\" src=\"\/interamerica\/wp-content\/uploads\/2017\/06\/EstudiantesTeologia.png\" alt=\"\" width=\"315\" height=\"255\" \/><\/a><p id=\"caption-attachment-10829\" class=\"wp-caption-text\">Imagen de Abel M\u00e1rquez\/DIA<\/p><\/div>\n<p>Los l\u00edderes de la Iglesia Adventista del S\u00e9ptimo D\u00eda quieren hablar a los estudiantes de teolog\u00eda de cada una de las doce universidades del territorio de la Divisi\u00f3n Interamericana durante un evento por Internet que se llevar\u00e1 a cabo esta semana.<\/p>\n<p>El evento por Internet se llevar\u00e1 a cabo desde el campus de la Universidad de Montemorelos el pr\u00f3ximo martes 4 de marzo de 2014, a las 11.00, hora de Miami, y ser\u00e1 transmitido por el canal web de Interam\u00e9rica.<\/p>\n<p>\u00abEn estos tiempos cambiantes, nos interesa hablar con los pastores que estar\u00e1n al frente de la iglesia del ma\u00f1ana\u00bb, dice el pastor H\u00e9ctor S\u00e1nchez, secretario ministerial de la Iglesia Adventista en Interam\u00e9rica y organizador del evento. \u00abQueremos que este precioso recurso que la iglesia de Interam\u00e9rica ha estado preparando conozca m\u00e1s sobre las realidades del trabajo pastoral, de que sepan con qu\u00e9 se encontrar\u00e1n al comenzar su ministerio\u00bb.<\/p>\n<p>Cuando los pastores ingresen al campo, muchos tendr\u00e1n que reubicarse en un lugar remoto, estar al frente de varias congregaciones e iniciar una familia mientras adquieren las habilidades necesarias para el ministerio, explica S\u00e1nchez.<\/p>\n<p>\u201cQueremos que nuestros pastores sepan qu\u00e9 esperar cuando salgan a trabajar\u00bb, sigue diciendo\u00bb, \u00abcu\u00e1l es el crecimiento de la iglesia en la Divisi\u00f3n Interamericana, su funci\u00f3n de evangelistas, su papel a la hora de motivar a los miembros para que se expandan por medio del ministerio de grupos peque\u00f1os de la igleisa, el rol de la esposa del pastor, entre otras cuestiones similares\u00bb.<\/p>\n<p>El programa, que tendr\u00e1 una duraci\u00f3n de noventa minutos, contar\u00e1 con la presencia de oradores invitados, un foro y momentos especiales de oraci\u00f3n, entre otros.<\/p>\n<p>Usted puede seguir el programa en vivo este martes 4 de marzo a las 11.00, hora de Miami. El programa ser\u00e1 llevado a cabo en ingl\u00e9s, espa\u00f1ol y franc\u00e9s en nuestro canal web <a href=\"http:\/\/webcast.interamerica.org\/\">AQU\u00cd<\/a><\/p>\n<p><em>Traducci\u00f3n de Marcos Paseggi<\/em><\/p>\n","protected":false},"excerpt":{"rendered":"<p>Los l\u00edderes de la Iglesia Adventista del S\u00e9ptimo D\u00eda quieren hablar a los estudiantes de teolog\u00eda de cada una de las doce universidades del territorio de la Divisi\u00f3n Interamericana durante un evento por Internet que se llevar\u00e1 a cabo esta semana.<\/p>\n","protected":false},"author":1,"featured_media":30442,"comment_status":"closed","ping_status":"closed","sticky":false,"template":"","format":"standard","meta":{"_acf_changed":false,"footnotes":""},"categories":[16],"tags":[],"class_list":["post-30441","post","type-post","status-publish","format-standard","has-post-thumbnail","hentry","category-desde-la-sede"],"acf":[],"yoast_head":"<!-- This site is optimized with the Yoast SEO plugin v27.3 - https:\/\/yoast.com\/product\/yoast-seo-wordpress\/ -->\n<title>Interam\u00e9rica: Los l\u00edderes de la iglesia dialogar\u00e1n por Internet con los alumnos de teolog\u00eda - Iglesia Adventista del S\u00e9ptimo D\u00eda - Divisi\u00f3n Interamericana<\/title>\n<meta name=\"robots\" content=\"index, follow, max-snippet:-1, max-image-preview:large, max-video-preview:-1\" \/>\n<link rel=\"canonical\" href=\"https:\/\/interamerica.org\/es\/2014\/03\/interamerica-los-lideres-de-la-iglesia-dialogaran-por-internet-con-los-alumnos-de-teologia\/\" \/>\n<meta property=\"og:locale\" content=\"es_ES\" \/>\n<meta property=\"og:type\" content=\"article\" \/>\n<meta property=\"og:title\" content=\"Interam\u00e9rica: Los l\u00edderes de la iglesia dialogar\u00e1n por Internet con los alumnos de teolog\u00eda - Iglesia Adventista del S\u00e9ptimo D\u00eda - Divisi\u00f3n Interamericana\" \/>\n<meta property=\"og:description\" content=\"Los l\u00edderes de la Iglesia Adventista del S\u00e9ptimo D\u00eda quieren hablar a los estudiantes de teolog\u00eda de cada una de las doce universidades del territorio de la Divisi\u00f3n Interamericana durante un evento por Internet que se llevar\u00e1 a cabo esta semana.\" \/>\n<meta property=\"og:url\" content=\"https:\/\/interamerica.org\/es\/2014\/03\/interamerica-los-lideres-de-la-iglesia-dialogaran-por-internet-con-los-alumnos-de-teologia\/\" \/>\n<meta property=\"og:site_name\" content=\"Iglesia Adventista del S\u00e9ptimo D\u00eda - Divisi\u00f3n Interamericana\" \/>\n<meta property=\"article:published_time\" content=\"2014-03-03T04:00:00+00:00\" \/>\n<meta property=\"og:image\" content=\"https:\/\/interamerica.org\/wp-content\/uploads\/2017\/06\/EstudiantesTeologia.png\" \/>\n\t<meta property=\"og:image:width\" content=\"315\" \/>\n\t<meta property=\"og:image:height\" content=\"255\" \/>\n\t<meta property=\"og:image:type\" content=\"image\/png\" \/>\n<meta name=\"author\" content=\"Lorenzo Verduzco\" \/>\n<meta name=\"twitter:card\" content=\"summary_large_image\" \/>\n<meta name=\"twitter:label1\" content=\"Escrito por\" \/>\n\t<meta name=\"twitter:data1\" content=\"Lorenzo Verduzco\" \/>\n\t<meta name=\"twitter:label2\" content=\"Tiempo de lectura\" \/>\n\t<meta name=\"twitter:data2\" content=\"2 minutos\" \/>\n<script type=\"application\/ld+json\" class=\"yoast-schema-graph\">{\"@context\":\"https:\\\/\\\/schema.org\",\"@graph\":[{\"@type\":\"Article\",\"@id\":\"https:\\\/\\\/interamerica.org\\\/es\\\/2014\\\/03\\\/interamerica-los-lideres-de-la-iglesia-dialogaran-por-internet-con-los-alumnos-de-teologia\\\/#article\",\"isPartOf\":{\"@id\":\"https:\\\/\\\/interamerica.org\\\/es\\\/2014\\\/03\\\/interamerica-los-lideres-de-la-iglesia-dialogaran-por-internet-con-los-alumnos-de-teologia\\\/\"},\"author\":{\"name\":\"Lorenzo Verduzco\",\"@id\":\"https:\\\/\\\/interamerica.org\\\/es\\\/#\\\/schema\\\/person\\\/68ede8bdc292885bb76c1e3810e73c39\"},\"headline\":\"Interam\u00e9rica: Los l\u00edderes de la iglesia dialogar\u00e1n por Internet con los alumnos de teolog\u00eda\",\"datePublished\":\"2014-03-03T04:00:00+00:00\",\"mainEntityOfPage\":{\"@id\":\"https:\\\/\\\/interamerica.org\\\/es\\\/2014\\\/03\\\/interamerica-los-lideres-de-la-iglesia-dialogaran-por-internet-con-los-alumnos-de-teologia\\\/\"},\"wordCount\":372,\"image\":{\"@id\":\"https:\\\/\\\/interamerica.org\\\/es\\\/2014\\\/03\\\/interamerica-los-lideres-de-la-iglesia-dialogaran-por-internet-con-los-alumnos-de-teologia\\\/#primaryimage\"},\"thumbnailUrl\":\"https:\\\/\\\/interamerica.org\\\/wp-content\\\/uploads\\\/2017\\\/06\\\/EstudiantesTeologia.png\",\"articleSection\":[\"Desde la sede\"],\"inLanguage\":\"es\"},{\"@type\":\"WebPage\",\"@id\":\"https:\\\/\\\/interamerica.org\\\/es\\\/2014\\\/03\\\/interamerica-los-lideres-de-la-iglesia-dialogaran-por-internet-con-los-alumnos-de-teologia\\\/\",\"url\":\"https:\\\/\\\/interamerica.org\\\/es\\\/2014\\\/03\\\/interamerica-los-lideres-de-la-iglesia-dialogaran-por-internet-con-los-alumnos-de-teologia\\\/\",\"name\":\"Interam\u00e9rica: Los l\u00edderes de la iglesia dialogar\u00e1n por Internet con los alumnos de teolog\u00eda - Iglesia Adventista del S\u00e9ptimo D\u00eda - Divisi\u00f3n Interamericana\",\"isPartOf\":{\"@id\":\"https:\\\/\\\/interamerica.org\\\/es\\\/#website\"},\"primaryImageOfPage\":{\"@id\":\"https:\\\/\\\/interamerica.org\\\/es\\\/2014\\\/03\\\/interamerica-los-lideres-de-la-iglesia-dialogaran-por-internet-con-los-alumnos-de-teologia\\\/#primaryimage\"},\"image\":{\"@id\":\"https:\\\/\\\/interamerica.org\\\/es\\\/2014\\\/03\\\/interamerica-los-lideres-de-la-iglesia-dialogaran-por-internet-con-los-alumnos-de-teologia\\\/#primaryimage\"},\"thumbnailUrl\":\"https:\\\/\\\/interamerica.org\\\/wp-content\\\/uploads\\\/2017\\\/06\\\/EstudiantesTeologia.png\",\"datePublished\":\"2014-03-03T04:00:00+00:00\",\"author\":{\"@id\":\"https:\\\/\\\/interamerica.org\\\/es\\\/#\\\/schema\\\/person\\\/68ede8bdc292885bb76c1e3810e73c39\"},\"breadcrumb\":{\"@id\":\"https:\\\/\\\/interamerica.org\\\/es\\\/2014\\\/03\\\/interamerica-los-lideres-de-la-iglesia-dialogaran-por-internet-con-los-alumnos-de-teologia\\\/#breadcrumb\"},\"inLanguage\":\"es\",\"potentialAction\":[{\"@type\":\"ReadAction\",\"target\":[\"https:\\\/\\\/interamerica.org\\\/es\\\/2014\\\/03\\\/interamerica-los-lideres-de-la-iglesia-dialogaran-por-internet-con-los-alumnos-de-teologia\\\/\"]}]},{\"@type\":\"ImageObject\",\"inLanguage\":\"es\",\"@id\":\"https:\\\/\\\/interamerica.org\\\/es\\\/2014\\\/03\\\/interamerica-los-lideres-de-la-iglesia-dialogaran-por-internet-con-los-alumnos-de-teologia\\\/#primaryimage\",\"url\":\"https:\\\/\\\/interamerica.org\\\/wp-content\\\/uploads\\\/2017\\\/06\\\/EstudiantesTeologia.png\",\"contentUrl\":\"https:\\\/\\\/interamerica.org\\\/wp-content\\\/uploads\\\/2017\\\/06\\\/EstudiantesTeologia.png\",\"width\":315,\"height\":255},{\"@type\":\"BreadcrumbList\",\"@id\":\"https:\\\/\\\/interamerica.org\\\/es\\\/2014\\\/03\\\/interamerica-los-lideres-de-la-iglesia-dialogaran-por-internet-con-los-alumnos-de-teologia\\\/#breadcrumb\",\"itemListElement\":[{\"@type\":\"ListItem\",\"position\":1,\"name\":\"Home\",\"item\":\"https:\\\/\\\/interamerica.org\\\/es\\\/\"},{\"@type\":\"ListItem\",\"position\":2,\"name\":\"Interam\u00e9rica: Los l\u00edderes de la iglesia dialogar\u00e1n por Internet con los alumnos de teolog\u00eda\"}]},{\"@type\":\"WebSite\",\"@id\":\"https:\\\/\\\/interamerica.org\\\/es\\\/#website\",\"url\":\"https:\\\/\\\/interamerica.org\\\/es\\\/\",\"name\":\"Iglesia Adventista del S\u00e9ptimo D\u00eda - Divisi\u00f3n Interamericana\",\"description\":\"\",\"potentialAction\":[{\"@type\":\"SearchAction\",\"target\":{\"@type\":\"EntryPoint\",\"urlTemplate\":\"https:\\\/\\\/interamerica.org\\\/es\\\/?s={search_term_string}\"},\"query-input\":{\"@type\":\"PropertyValueSpecification\",\"valueRequired\":true,\"valueName\":\"search_term_string\"}}],\"inLanguage\":\"es\"},{\"@type\":\"Person\",\"@id\":\"https:\\\/\\\/interamerica.org\\\/es\\\/#\\\/schema\\\/person\\\/68ede8bdc292885bb76c1e3810e73c39\",\"name\":\"Lorenzo Verduzco\",\"image\":{\"@type\":\"ImageObject\",\"inLanguage\":\"es\",\"@id\":\"https:\\\/\\\/secure.gravatar.com\\\/avatar\\\/fb81a55b6218459490a9c1dc841a34909185b81904c5337b4b27f7a6fd60c49e?s=96&d=mm&r=g\",\"url\":\"https:\\\/\\\/secure.gravatar.com\\\/avatar\\\/fb81a55b6218459490a9c1dc841a34909185b81904c5337b4b27f7a6fd60c49e?s=96&d=mm&r=g\",\"contentUrl\":\"https:\\\/\\\/secure.gravatar.com\\\/avatar\\\/fb81a55b6218459490a9c1dc841a34909185b81904c5337b4b27f7a6fd60c49e?s=96&d=mm&r=g\",\"caption\":\"Lorenzo Verduzco\"}}]}<\/script>\n<!-- \/ Yoast SEO plugin. -->","yoast_head_json":{"title":"Interam\u00e9rica: Los l\u00edderes de la iglesia dialogar\u00e1n por Internet con los alumnos de teolog\u00eda - Iglesia Adventista del S\u00e9ptimo D\u00eda - Divisi\u00f3n Interamericana","robots":{"index":"index","follow":"follow","max-snippet":"max-snippet:-1","max-image-preview":"max-image-preview:large","max-video-preview":"max-video-preview:-1"},"canonical":"https:\/\/interamerica.org\/es\/2014\/03\/interamerica-los-lideres-de-la-iglesia-dialogaran-por-internet-con-los-alumnos-de-teologia\/","og_locale":"es_ES","og_type":"article","og_title":"Interam\u00e9rica: Los l\u00edderes de la iglesia dialogar\u00e1n por Internet con los alumnos de teolog\u00eda - Iglesia Adventista del S\u00e9ptimo D\u00eda - Divisi\u00f3n Interamericana","og_description":"Los l\u00edderes de la Iglesia Adventista del S\u00e9ptimo D\u00eda quieren hablar a los estudiantes de teolog\u00eda de cada una de las doce universidades del territorio de la Divisi\u00f3n Interamericana durante un evento por Internet que se llevar\u00e1 a cabo esta semana.","og_url":"https:\/\/interamerica.org\/es\/2014\/03\/interamerica-los-lideres-de-la-iglesia-dialogaran-por-internet-con-los-alumnos-de-teologia\/","og_site_name":"Iglesia Adventista del S\u00e9ptimo D\u00eda - Divisi\u00f3n Interamericana","article_published_time":"2014-03-03T04:00:00+00:00","og_image":[{"width":315,"height":255,"url":"https:\/\/interamerica.org\/wp-content\/uploads\/2017\/06\/EstudiantesTeologia.png","type":"image\/png"}],"author":"Lorenzo Verduzco","twitter_card":"summary_large_image","twitter_misc":{"Escrito por":"Lorenzo Verduzco","Tiempo de lectura":"2 minutos"},"schema":{"@context":"https:\/\/schema.org","@graph":[{"@type":"Article","@id":"https:\/\/interamerica.org\/es\/2014\/03\/interamerica-los-lideres-de-la-iglesia-dialogaran-por-internet-con-los-alumnos-de-teologia\/#article","isPartOf":{"@id":"https:\/\/interamerica.org\/es\/2014\/03\/interamerica-los-lideres-de-la-iglesia-dialogaran-por-internet-con-los-alumnos-de-teologia\/"},"author":{"name":"Lorenzo Verduzco","@id":"https:\/\/interamerica.org\/es\/#\/schema\/person\/68ede8bdc292885bb76c1e3810e73c39"},"headline":"Interam\u00e9rica: Los l\u00edderes de la iglesia dialogar\u00e1n por Internet con los alumnos de teolog\u00eda","datePublished":"2014-03-03T04:00:00+00:00","mainEntityOfPage":{"@id":"https:\/\/interamerica.org\/es\/2014\/03\/interamerica-los-lideres-de-la-iglesia-dialogaran-por-internet-con-los-alumnos-de-teologia\/"},"wordCount":372,"image":{"@id":"https:\/\/interamerica.org\/es\/2014\/03\/interamerica-los-lideres-de-la-iglesia-dialogaran-por-internet-con-los-alumnos-de-teologia\/#primaryimage"},"thumbnailUrl":"https:\/\/interamerica.org\/wp-content\/uploads\/2017\/06\/EstudiantesTeologia.png","articleSection":["Desde la sede"],"inLanguage":"es"},{"@type":"WebPage","@id":"https:\/\/interamerica.org\/es\/2014\/03\/interamerica-los-lideres-de-la-iglesia-dialogaran-por-internet-con-los-alumnos-de-teologia\/","url":"https:\/\/interamerica.org\/es\/2014\/03\/interamerica-los-lideres-de-la-iglesia-dialogaran-por-internet-con-los-alumnos-de-teologia\/","name":"Interam\u00e9rica: Los l\u00edderes de la iglesia dialogar\u00e1n por Internet con los alumnos de teolog\u00eda - Iglesia Adventista del S\u00e9ptimo D\u00eda - Divisi\u00f3n Interamericana","isPartOf":{"@id":"https:\/\/interamerica.org\/es\/#website"},"primaryImageOfPage":{"@id":"https:\/\/interamerica.org\/es\/2014\/03\/interamerica-los-lideres-de-la-iglesia-dialogaran-por-internet-con-los-alumnos-de-teologia\/#primaryimage"},"image":{"@id":"https:\/\/interamerica.org\/es\/2014\/03\/interamerica-los-lideres-de-la-iglesia-dialogaran-por-internet-con-los-alumnos-de-teologia\/#primaryimage"},"thumbnailUrl":"https:\/\/interamerica.org\/wp-content\/uploads\/2017\/06\/EstudiantesTeologia.png","datePublished":"2014-03-03T04:00:00+00:00","author":{"@id":"https:\/\/interamerica.org\/es\/#\/schema\/person\/68ede8bdc292885bb76c1e3810e73c39"},"breadcrumb":{"@id":"https:\/\/interamerica.org\/es\/2014\/03\/interamerica-los-lideres-de-la-iglesia-dialogaran-por-internet-con-los-alumnos-de-teologia\/#breadcrumb"},"inLanguage":"es","potentialAction":[{"@type":"ReadAction","target":["https:\/\/interamerica.org\/es\/2014\/03\/interamerica-los-lideres-de-la-iglesia-dialogaran-por-internet-con-los-alumnos-de-teologia\/"]}]},{"@type":"ImageObject","inLanguage":"es","@id":"https:\/\/interamerica.org\/es\/2014\/03\/interamerica-los-lideres-de-la-iglesia-dialogaran-por-internet-con-los-alumnos-de-teologia\/#primaryimage","url":"https:\/\/interamerica.org\/wp-content\/uploads\/2017\/06\/EstudiantesTeologia.png","contentUrl":"https:\/\/interamerica.org\/wp-content\/uploads\/2017\/06\/EstudiantesTeologia.png","width":315,"height":255},{"@type":"BreadcrumbList","@id":"https:\/\/interamerica.org\/es\/2014\/03\/interamerica-los-lideres-de-la-iglesia-dialogaran-por-internet-con-los-alumnos-de-teologia\/#breadcrumb","itemListElement":[{"@type":"ListItem","position":1,"name":"Home","item":"https:\/\/interamerica.org\/es\/"},{"@type":"ListItem","position":2,"name":"Interam\u00e9rica: Los l\u00edderes de la iglesia dialogar\u00e1n por Internet con los alumnos de teolog\u00eda"}]},{"@type":"WebSite","@id":"https:\/\/interamerica.org\/es\/#website","url":"https:\/\/interamerica.org\/es\/","name":"Iglesia Adventista del S\u00e9ptimo D\u00eda - Divisi\u00f3n Interamericana","description":"","potentialAction":[{"@type":"SearchAction","target":{"@type":"EntryPoint","urlTemplate":"https:\/\/interamerica.org\/es\/?s={search_term_string}"},"query-input":{"@type":"PropertyValueSpecification","valueRequired":true,"valueName":"search_term_string"}}],"inLanguage":"es"},{"@type":"Person","@id":"https:\/\/interamerica.org\/es\/#\/schema\/person\/68ede8bdc292885bb76c1e3810e73c39","name":"Lorenzo Verduzco","image":{"@type":"ImageObject","inLanguage":"es","@id":"https:\/\/secure.gravatar.com\/avatar\/fb81a55b6218459490a9c1dc841a34909185b81904c5337b4b27f7a6fd60c49e?s=96&d=mm&r=g","url":"https:\/\/secure.gravatar.com\/avatar\/fb81a55b6218459490a9c1dc841a34909185b81904c5337b4b27f7a6fd60c49e?s=96&d=mm&r=g","contentUrl":"https:\/\/secure.gravatar.com\/avatar\/fb81a55b6218459490a9c1dc841a34909185b81904c5337b4b27f7a6fd60c49e?s=96&d=mm&r=g","caption":"Lorenzo Verduzco"}}]}},"_links":{"self":[{"href":"https:\/\/interamerica.org\/es\/wp-json\/wp\/v2\/posts\/30441","targetHints":{"allow":["GET"]}}],"collection":[{"href":"https:\/\/interamerica.org\/es\/wp-json\/wp\/v2\/posts"}],"about":[{"href":"https:\/\/interamerica.org\/es\/wp-json\/wp\/v2\/types\/post"}],"author":[{"embeddable":true,"href":"https:\/\/interamerica.org\/es\/wp-json\/wp\/v2\/users\/1"}],"replies":[{"embeddable":true,"href":"https:\/\/interamerica.org\/es\/wp-json\/wp\/v2\/comments?post=30441"}],"version-history":[{"count":0,"href":"https:\/\/interamerica.org\/es\/wp-json\/wp\/v2\/posts\/30441\/revisions"}],"wp:featuredmedia":[{"embeddable":true,"href":"https:\/\/interamerica.org\/es\/wp-json\/wp\/v2\/media\/30442"}],"wp:attachment":[{"href":"https:\/\/interamerica.org\/es\/wp-json\/wp\/v2\/media?parent=30441"}],"wp:term":[{"taxonomy":"category","embeddable":true,"href":"https:\/\/interamerica.org\/es\/wp-json\/wp\/v2\/categories?post=30441"},{"taxonomy":"post_tag","embeddable":true,"href":"https:\/\/interamerica.org\/es\/wp-json\/wp\/v2\/tags?post=30441"}],"curies":[{"name":"wp","href":"https:\/\/api.w.org\/{rel}","templated":true}]}}