{"id":30444,"date":"2014-03-04T00:00:00","date_gmt":"2014-03-04T04:00:00","guid":{"rendered":"http:\/\/192.81.217.108\/interamerica\/2014\/03\/en-norteamerica-se-busca-regresar-a-la-obra-medica-misionera-adventista-tradicional\/"},"modified":"2014-03-04T00:00:00","modified_gmt":"2014-03-04T04:00:00","slug":"en-norteamerica-se-busca-regresar-a-la-obra-medica-misionera-adventista-tradicional","status":"publish","type":"post","link":"https:\/\/interamerica.org\/es\/2014\/03\/en-norteamerica-se-busca-regresar-a-la-obra-medica-misionera-adventista-tradicional\/","title":{"rendered":"En Norteam\u00e9rica, se busca regresar a la obra m\u00e9dica misionera adventista tradicional"},"content":{"rendered":"<p>4 de marzo de 2014 &#8211; Orlando, Florida, Estados Unidos&#8230;Pat Humphrey\/ANN<\/p>\n<p>Los profesionales de salud y los l\u00edderes misioneros de la Iglesia Adventista del S\u00e9ptimo D\u00eda en Norteam\u00e9rica dicen que un nuevo enfoque en el ministerio de salud abarcador dar\u00e1 una nueva imagen a la obra m\u00e9dica misionera adventista de la iglesia, brindando sanidad y plenitud tanto a la iglesia como a los miembros de la comunidad.<\/p>\n<div id=\"attachment_10857\" style=\"width: 310px\" class=\"wp-caption alignleft\"><a href=\"\/interamerica\/wp-content\/uploads\/2017\/06\/csm_panel-web_a48a73120f.jpg\" rel=\"fancybox\" title=\"En Norteam\u00e9rica, se busca regresar a la obra m\u00e9dica misionera adventista tradicional\"><img fetchpriority=\"high\" decoding=\"async\" aria-describedby=\"caption-attachment-10857\" class=\"size-medium wp-image-10857\" src=\"\/interamerica\/wp-content\/uploads\/2017\/06\/csm_panel-web_a48a73120f-300x200.jpg\" alt=\"\" width=\"300\" height=\"200\" \/><\/a><p id=\"caption-attachment-10857\" class=\"wp-caption-text\">Desde la derecha: Katia Reinert, directora de Ministerios de Salud de la Iglesia Adventista en Norteam\u00e9rica y Peter Landless, director de Ministerios de Salud de la Iglesia Adventista mundial, dirigen un panel de discusi\u00f3n sobre la funci\u00f3n de los profesionales de salud en el ministerio combinado durante la Cumbre Ministerios de Salud 2014 de la Divisi\u00f3n Norteamericana, que se llev\u00f3 a cabo en Orlando, Florida, Estados Unidos el mes pasado. Imagen por cortes\u00eda de Ministerios de Salud de la Divisi\u00f3n Norteamericana\/ANN<\/p><\/div>\n<p>\u201cDios nos llam\u00f3 a todos a que trabajemos juntos, y solo podremos tocar verdaderamente las vidas de otras personas as\u00ed como lo hizo Jes\u00fas cuando trabajemos en colaboraci\u00f3n con \u00e9l con una misi\u00f3n y una visi\u00f3n\u00bb, dijo Katia Reinert, directora de Ministerios de Salud de la Iglesia Adventista en la Divisi\u00f3n Norteamericana.<\/p>\n<p>El llamado a este ministerio combinado se produjo el mes pasado durante\u00a0la Cumbre Ministerios de Salud 2014 de la Divisi\u00f3n Norteamericana, que se llev\u00f3 a cabo en Orlando, Florida, Estados Unidos.<\/p>\n<p>Los organizadores de la cumbre, en trabajo conjunto con la Universidad de Loma Linda, una instituci\u00f3n de educaci\u00f3n superior de la denominaci\u00f3n, llevaron a cabo una Conferencia de Profesionales de Salud durante el evento con el prop\u00f3sito de definir el papel que juegan los profesionales de salud en el ministerio de salud abarcador, tanto en sus pr\u00e1cticas cl\u00ednicas como en sus iglesias locales.<\/p>\n<p>\u00abNecesitamos una mayor participaci\u00f3n de nuestros profesionales de salud y de nuestras instituciones de salud en el ministerio de salud\u00bb, dijo Reinert.<\/p>\n<p>La cumbre de este a\u00f1o tambi\u00e9n esboz\u00f3 algunos ejemplos de funciones en este ministerio para los profesionales de salud, los pastores, los educadores, los j\u00f3venes y los voluntarios de Servicios Comunitarios Adventistas. El ministerio abarcador de salud sigue el m\u00e9todo de Cristo de satisfacer las necesidades f\u00edsicas antes de pasar a las necesidades espirituales.<\/p>\n<p>\u00abLa clave es la colaboraci\u00f3n\u00bb, dijo Reinert. \u00abEs fundamental involucrar a los pastores, los l\u00edderes de ministerios del ni\u00f1o, las l\u00edderes del ministerio a la mujer, los l\u00edderes de servicios comunitarios y muchos otros representados y que participan prepar\u00e1ndose para satisfacer las necesidades de la gente y demostrar el amor y la compasi\u00f3n de Dios\u00bb.<\/p>\n<p>En los \u00faltimos meses, los principales directivos de la Iglesia Adventista\u00a0<a href=\"http:\/\/news.adventist.org\/all-news\/news\/go\/2013-10-14\/first-phase-of-comprehensive-health-ministry-will-promote-future-work\/\">han hecho un llamado<\/a>\u00a0a un renovado \u00e9nfasis en el aspecto abarcador del ministerio de salud, la combinaci\u00f3n de los componentes f\u00edsicos y espirituales que dependen en la estrecha colaboraci\u00f3n entre la salud y los l\u00edderes ministeriales.<\/p>\n<p>El nuevo \u00e9nfasis tiene por prop\u00f3sito reiniciar el enfoque tradicional de la Iglesia Adventista hacia el ministerio de salud. Los primeros m\u00e9dicos misioneros de la Iglesia Adventista llevaron la salud f\u00edsica y espiritual a comunidades en todo el mundo. Una lancha misionera llamada \u00abEstrella de la ma\u00f1ana\u00bb inici\u00f3 la obra m\u00e9dica misionera a lo largo del R\u00edo Mississipi. M\u00e1s tarde, otra lancha llamada \u00abLuzeiro\u00bb llev\u00f3 la obra de salud y el mensaje de esperanza a lo largo de las riberas del r\u00edo Amazonas, en Sudam\u00e9rica.<\/p>\n<p>Una vez m\u00e1s en la cumbre de salud, Reinert y otros l\u00edderes de Ministerios de Salud esperan que este renovado \u00e9nfasis en el ministerio abarcador de salud contin\u00fae con este legado. Imaginan que cada iglesia adventista pueda servir como centro de esperanza y sanidad para la comunidad donde se encuentra.<\/p>\n<p>\u00abA medida que las iglesias comiencen a desarrollar conexiones y trabajo conjunto en la comunidad, podr\u00e1n colocar a la iglesia en una mejor posici\u00f3n para ministrar y mostrar verdaderamente que anhelan que las comunidades donde se encuentran alcancen la plenitud\u00bb, dijo Reinert.<\/p>\n<p><em>Traducci\u00f3n de Marcos Paseggi<\/em><\/p>\n","protected":false},"excerpt":{"rendered":"<p>Los profesionales de salud y los l\u00edderes misioneros de la Iglesia Adventista del S\u00e9ptimo D\u00eda en Norteam\u00e9rica dicen que un nuevo enfoque en el ministerio de salud abarcador dar\u00e1 una nueva imagen a la obra m\u00e9dica misionera adventista de la iglesia, brindando sanidad y plenitud tanto a la iglesia como a los miembros de la comunidad.<\/p>\n","protected":false},"author":1,"featured_media":22707,"comment_status":"closed","ping_status":"closed","sticky":false,"template":"","format":"standard","meta":{"_acf_changed":false,"footnotes":""},"categories":[14],"tags":[],"class_list":["post-30444","post","type-post","status-publish","format-standard","has-post-thumbnail","hentry","category-de-la-iglesia-mundial"],"acf":[],"yoast_head":"<!-- This site is optimized with the Yoast SEO plugin v27.3 - https:\/\/yoast.com\/product\/yoast-seo-wordpress\/ -->\n<title>En Norteam\u00e9rica, se busca regresar a la obra m\u00e9dica misionera adventista tradicional - Iglesia Adventista del S\u00e9ptimo D\u00eda - Divisi\u00f3n Interamericana<\/title>\n<meta name=\"robots\" content=\"index, follow, max-snippet:-1, max-image-preview:large, max-video-preview:-1\" \/>\n<link rel=\"canonical\" href=\"https:\/\/interamerica.org\/es\/2014\/03\/en-norteamerica-se-busca-regresar-a-la-obra-medica-misionera-adventista-tradicional\/\" \/>\n<meta property=\"og:locale\" content=\"es_ES\" \/>\n<meta property=\"og:type\" content=\"article\" \/>\n<meta property=\"og:title\" content=\"En Norteam\u00e9rica, se busca regresar a la obra m\u00e9dica misionera adventista tradicional - Iglesia Adventista del S\u00e9ptimo D\u00eda - Divisi\u00f3n Interamericana\" \/>\n<meta property=\"og:description\" content=\"Los profesionales de salud y los l\u00edderes misioneros de la Iglesia Adventista del S\u00e9ptimo D\u00eda en Norteam\u00e9rica dicen que un nuevo enfoque en el ministerio de salud abarcador dar\u00e1 una nueva imagen a la obra m\u00e9dica misionera adventista de la iglesia, brindando sanidad y plenitud tanto a la iglesia como a los miembros de la comunidad.\" \/>\n<meta property=\"og:url\" content=\"https:\/\/interamerica.org\/es\/2014\/03\/en-norteamerica-se-busca-regresar-a-la-obra-medica-misionera-adventista-tradicional\/\" \/>\n<meta property=\"og:site_name\" content=\"Iglesia Adventista del S\u00e9ptimo D\u00eda - Divisi\u00f3n Interamericana\" \/>\n<meta property=\"article:published_time\" content=\"2014-03-04T04:00:00+00:00\" \/>\n<meta property=\"og:image\" content=\"https:\/\/interamerica.org\/wp-content\/uploads\/2017\/06\/csm_panel-web_a48a73120f.jpg\" \/>\n\t<meta property=\"og:image:width\" content=\"400\" \/>\n\t<meta property=\"og:image:height\" content=\"267\" \/>\n\t<meta property=\"og:image:type\" content=\"image\/jpeg\" \/>\n<meta name=\"author\" content=\"Lorenzo Verduzco\" \/>\n<meta name=\"twitter:card\" content=\"summary_large_image\" \/>\n<meta name=\"twitter:label1\" content=\"Escrito por\" \/>\n\t<meta name=\"twitter:data1\" content=\"Lorenzo Verduzco\" \/>\n\t<meta name=\"twitter:label2\" content=\"Tiempo de lectura\" \/>\n\t<meta name=\"twitter:data2\" content=\"4 minutos\" \/>\n<script type=\"application\/ld+json\" class=\"yoast-schema-graph\">{\"@context\":\"https:\\\/\\\/schema.org\",\"@graph\":[{\"@type\":\"Article\",\"@id\":\"https:\\\/\\\/interamerica.org\\\/es\\\/2014\\\/03\\\/en-norteamerica-se-busca-regresar-a-la-obra-medica-misionera-adventista-tradicional\\\/#article\",\"isPartOf\":{\"@id\":\"https:\\\/\\\/interamerica.org\\\/es\\\/2014\\\/03\\\/en-norteamerica-se-busca-regresar-a-la-obra-medica-misionera-adventista-tradicional\\\/\"},\"author\":{\"name\":\"Lorenzo Verduzco\",\"@id\":\"https:\\\/\\\/interamerica.org\\\/es\\\/#\\\/schema\\\/person\\\/68ede8bdc292885bb76c1e3810e73c39\"},\"headline\":\"En Norteam\u00e9rica, se busca regresar a la obra m\u00e9dica misionera adventista tradicional\",\"datePublished\":\"2014-03-04T04:00:00+00:00\",\"mainEntityOfPage\":{\"@id\":\"https:\\\/\\\/interamerica.org\\\/es\\\/2014\\\/03\\\/en-norteamerica-se-busca-regresar-a-la-obra-medica-misionera-adventista-tradicional\\\/\"},\"wordCount\":730,\"image\":{\"@id\":\"https:\\\/\\\/interamerica.org\\\/es\\\/2014\\\/03\\\/en-norteamerica-se-busca-regresar-a-la-obra-medica-misionera-adventista-tradicional\\\/#primaryimage\"},\"thumbnailUrl\":\"https:\\\/\\\/interamerica.org\\\/wp-content\\\/uploads\\\/2017\\\/06\\\/csm_panel-web_a48a73120f.jpg\",\"articleSection\":[\"Desde la iglesia mundial\"],\"inLanguage\":\"es\"},{\"@type\":\"WebPage\",\"@id\":\"https:\\\/\\\/interamerica.org\\\/es\\\/2014\\\/03\\\/en-norteamerica-se-busca-regresar-a-la-obra-medica-misionera-adventista-tradicional\\\/\",\"url\":\"https:\\\/\\\/interamerica.org\\\/es\\\/2014\\\/03\\\/en-norteamerica-se-busca-regresar-a-la-obra-medica-misionera-adventista-tradicional\\\/\",\"name\":\"En Norteam\u00e9rica, se busca regresar a la obra m\u00e9dica misionera adventista tradicional - Iglesia Adventista del S\u00e9ptimo D\u00eda - Divisi\u00f3n Interamericana\",\"isPartOf\":{\"@id\":\"https:\\\/\\\/interamerica.org\\\/es\\\/#website\"},\"primaryImageOfPage\":{\"@id\":\"https:\\\/\\\/interamerica.org\\\/es\\\/2014\\\/03\\\/en-norteamerica-se-busca-regresar-a-la-obra-medica-misionera-adventista-tradicional\\\/#primaryimage\"},\"image\":{\"@id\":\"https:\\\/\\\/interamerica.org\\\/es\\\/2014\\\/03\\\/en-norteamerica-se-busca-regresar-a-la-obra-medica-misionera-adventista-tradicional\\\/#primaryimage\"},\"thumbnailUrl\":\"https:\\\/\\\/interamerica.org\\\/wp-content\\\/uploads\\\/2017\\\/06\\\/csm_panel-web_a48a73120f.jpg\",\"datePublished\":\"2014-03-04T04:00:00+00:00\",\"author\":{\"@id\":\"https:\\\/\\\/interamerica.org\\\/es\\\/#\\\/schema\\\/person\\\/68ede8bdc292885bb76c1e3810e73c39\"},\"breadcrumb\":{\"@id\":\"https:\\\/\\\/interamerica.org\\\/es\\\/2014\\\/03\\\/en-norteamerica-se-busca-regresar-a-la-obra-medica-misionera-adventista-tradicional\\\/#breadcrumb\"},\"inLanguage\":\"es\",\"potentialAction\":[{\"@type\":\"ReadAction\",\"target\":[\"https:\\\/\\\/interamerica.org\\\/es\\\/2014\\\/03\\\/en-norteamerica-se-busca-regresar-a-la-obra-medica-misionera-adventista-tradicional\\\/\"]}]},{\"@type\":\"ImageObject\",\"inLanguage\":\"es\",\"@id\":\"https:\\\/\\\/interamerica.org\\\/es\\\/2014\\\/03\\\/en-norteamerica-se-busca-regresar-a-la-obra-medica-misionera-adventista-tradicional\\\/#primaryimage\",\"url\":\"https:\\\/\\\/interamerica.org\\\/wp-content\\\/uploads\\\/2017\\\/06\\\/csm_panel-web_a48a73120f.jpg\",\"contentUrl\":\"https:\\\/\\\/interamerica.org\\\/wp-content\\\/uploads\\\/2017\\\/06\\\/csm_panel-web_a48a73120f.jpg\",\"width\":400,\"height\":267},{\"@type\":\"BreadcrumbList\",\"@id\":\"https:\\\/\\\/interamerica.org\\\/es\\\/2014\\\/03\\\/en-norteamerica-se-busca-regresar-a-la-obra-medica-misionera-adventista-tradicional\\\/#breadcrumb\",\"itemListElement\":[{\"@type\":\"ListItem\",\"position\":1,\"name\":\"Home\",\"item\":\"https:\\\/\\\/interamerica.org\\\/es\\\/\"},{\"@type\":\"ListItem\",\"position\":2,\"name\":\"En Norteam\u00e9rica, se busca regresar a la obra m\u00e9dica misionera adventista tradicional\"}]},{\"@type\":\"WebSite\",\"@id\":\"https:\\\/\\\/interamerica.org\\\/es\\\/#website\",\"url\":\"https:\\\/\\\/interamerica.org\\\/es\\\/\",\"name\":\"Iglesia Adventista del S\u00e9ptimo D\u00eda - Divisi\u00f3n Interamericana\",\"description\":\"\",\"potentialAction\":[{\"@type\":\"SearchAction\",\"target\":{\"@type\":\"EntryPoint\",\"urlTemplate\":\"https:\\\/\\\/interamerica.org\\\/es\\\/?s={search_term_string}\"},\"query-input\":{\"@type\":\"PropertyValueSpecification\",\"valueRequired\":true,\"valueName\":\"search_term_string\"}}],\"inLanguage\":\"es\"},{\"@type\":\"Person\",\"@id\":\"https:\\\/\\\/interamerica.org\\\/es\\\/#\\\/schema\\\/person\\\/68ede8bdc292885bb76c1e3810e73c39\",\"name\":\"Lorenzo Verduzco\",\"image\":{\"@type\":\"ImageObject\",\"inLanguage\":\"es\",\"@id\":\"https:\\\/\\\/secure.gravatar.com\\\/avatar\\\/fb81a55b6218459490a9c1dc841a34909185b81904c5337b4b27f7a6fd60c49e?s=96&d=mm&r=g\",\"url\":\"https:\\\/\\\/secure.gravatar.com\\\/avatar\\\/fb81a55b6218459490a9c1dc841a34909185b81904c5337b4b27f7a6fd60c49e?s=96&d=mm&r=g\",\"contentUrl\":\"https:\\\/\\\/secure.gravatar.com\\\/avatar\\\/fb81a55b6218459490a9c1dc841a34909185b81904c5337b4b27f7a6fd60c49e?s=96&d=mm&r=g\",\"caption\":\"Lorenzo Verduzco\"}}]}<\/script>\n<!-- \/ Yoast SEO plugin. -->","yoast_head_json":{"title":"En Norteam\u00e9rica, se busca regresar a la obra m\u00e9dica misionera adventista tradicional - Iglesia Adventista del S\u00e9ptimo D\u00eda - Divisi\u00f3n Interamericana","robots":{"index":"index","follow":"follow","max-snippet":"max-snippet:-1","max-image-preview":"max-image-preview:large","max-video-preview":"max-video-preview:-1"},"canonical":"https:\/\/interamerica.org\/es\/2014\/03\/en-norteamerica-se-busca-regresar-a-la-obra-medica-misionera-adventista-tradicional\/","og_locale":"es_ES","og_type":"article","og_title":"En Norteam\u00e9rica, se busca regresar a la obra m\u00e9dica misionera adventista tradicional - Iglesia Adventista del S\u00e9ptimo D\u00eda - Divisi\u00f3n Interamericana","og_description":"Los profesionales de salud y los l\u00edderes misioneros de la Iglesia Adventista del S\u00e9ptimo D\u00eda en Norteam\u00e9rica dicen que un nuevo enfoque en el ministerio de salud abarcador dar\u00e1 una nueva imagen a la obra m\u00e9dica misionera adventista de la iglesia, brindando sanidad y plenitud tanto a la iglesia como a los miembros de la comunidad.","og_url":"https:\/\/interamerica.org\/es\/2014\/03\/en-norteamerica-se-busca-regresar-a-la-obra-medica-misionera-adventista-tradicional\/","og_site_name":"Iglesia Adventista del S\u00e9ptimo D\u00eda - Divisi\u00f3n Interamericana","article_published_time":"2014-03-04T04:00:00+00:00","og_image":[{"width":400,"height":267,"url":"https:\/\/interamerica.org\/wp-content\/uploads\/2017\/06\/csm_panel-web_a48a73120f.jpg","type":"image\/jpeg"}],"author":"Lorenzo Verduzco","twitter_card":"summary_large_image","twitter_misc":{"Escrito por":"Lorenzo Verduzco","Tiempo de lectura":"4 minutos"},"schema":{"@context":"https:\/\/schema.org","@graph":[{"@type":"Article","@id":"https:\/\/interamerica.org\/es\/2014\/03\/en-norteamerica-se-busca-regresar-a-la-obra-medica-misionera-adventista-tradicional\/#article","isPartOf":{"@id":"https:\/\/interamerica.org\/es\/2014\/03\/en-norteamerica-se-busca-regresar-a-la-obra-medica-misionera-adventista-tradicional\/"},"author":{"name":"Lorenzo Verduzco","@id":"https:\/\/interamerica.org\/es\/#\/schema\/person\/68ede8bdc292885bb76c1e3810e73c39"},"headline":"En Norteam\u00e9rica, se busca regresar a la obra m\u00e9dica misionera adventista tradicional","datePublished":"2014-03-04T04:00:00+00:00","mainEntityOfPage":{"@id":"https:\/\/interamerica.org\/es\/2014\/03\/en-norteamerica-se-busca-regresar-a-la-obra-medica-misionera-adventista-tradicional\/"},"wordCount":730,"image":{"@id":"https:\/\/interamerica.org\/es\/2014\/03\/en-norteamerica-se-busca-regresar-a-la-obra-medica-misionera-adventista-tradicional\/#primaryimage"},"thumbnailUrl":"https:\/\/interamerica.org\/wp-content\/uploads\/2017\/06\/csm_panel-web_a48a73120f.jpg","articleSection":["Desde la iglesia mundial"],"inLanguage":"es"},{"@type":"WebPage","@id":"https:\/\/interamerica.org\/es\/2014\/03\/en-norteamerica-se-busca-regresar-a-la-obra-medica-misionera-adventista-tradicional\/","url":"https:\/\/interamerica.org\/es\/2014\/03\/en-norteamerica-se-busca-regresar-a-la-obra-medica-misionera-adventista-tradicional\/","name":"En Norteam\u00e9rica, se busca regresar a la obra m\u00e9dica misionera adventista tradicional - Iglesia Adventista del S\u00e9ptimo D\u00eda - Divisi\u00f3n Interamericana","isPartOf":{"@id":"https:\/\/interamerica.org\/es\/#website"},"primaryImageOfPage":{"@id":"https:\/\/interamerica.org\/es\/2014\/03\/en-norteamerica-se-busca-regresar-a-la-obra-medica-misionera-adventista-tradicional\/#primaryimage"},"image":{"@id":"https:\/\/interamerica.org\/es\/2014\/03\/en-norteamerica-se-busca-regresar-a-la-obra-medica-misionera-adventista-tradicional\/#primaryimage"},"thumbnailUrl":"https:\/\/interamerica.org\/wp-content\/uploads\/2017\/06\/csm_panel-web_a48a73120f.jpg","datePublished":"2014-03-04T04:00:00+00:00","author":{"@id":"https:\/\/interamerica.org\/es\/#\/schema\/person\/68ede8bdc292885bb76c1e3810e73c39"},"breadcrumb":{"@id":"https:\/\/interamerica.org\/es\/2014\/03\/en-norteamerica-se-busca-regresar-a-la-obra-medica-misionera-adventista-tradicional\/#breadcrumb"},"inLanguage":"es","potentialAction":[{"@type":"ReadAction","target":["https:\/\/interamerica.org\/es\/2014\/03\/en-norteamerica-se-busca-regresar-a-la-obra-medica-misionera-adventista-tradicional\/"]}]},{"@type":"ImageObject","inLanguage":"es","@id":"https:\/\/interamerica.org\/es\/2014\/03\/en-norteamerica-se-busca-regresar-a-la-obra-medica-misionera-adventista-tradicional\/#primaryimage","url":"https:\/\/interamerica.org\/wp-content\/uploads\/2017\/06\/csm_panel-web_a48a73120f.jpg","contentUrl":"https:\/\/interamerica.org\/wp-content\/uploads\/2017\/06\/csm_panel-web_a48a73120f.jpg","width":400,"height":267},{"@type":"BreadcrumbList","@id":"https:\/\/interamerica.org\/es\/2014\/03\/en-norteamerica-se-busca-regresar-a-la-obra-medica-misionera-adventista-tradicional\/#breadcrumb","itemListElement":[{"@type":"ListItem","position":1,"name":"Home","item":"https:\/\/interamerica.org\/es\/"},{"@type":"ListItem","position":2,"name":"En Norteam\u00e9rica, se busca regresar a la obra m\u00e9dica misionera adventista tradicional"}]},{"@type":"WebSite","@id":"https:\/\/interamerica.org\/es\/#website","url":"https:\/\/interamerica.org\/es\/","name":"Iglesia Adventista del S\u00e9ptimo D\u00eda - Divisi\u00f3n Interamericana","description":"","potentialAction":[{"@type":"SearchAction","target":{"@type":"EntryPoint","urlTemplate":"https:\/\/interamerica.org\/es\/?s={search_term_string}"},"query-input":{"@type":"PropertyValueSpecification","valueRequired":true,"valueName":"search_term_string"}}],"inLanguage":"es"},{"@type":"Person","@id":"https:\/\/interamerica.org\/es\/#\/schema\/person\/68ede8bdc292885bb76c1e3810e73c39","name":"Lorenzo Verduzco","image":{"@type":"ImageObject","inLanguage":"es","@id":"https:\/\/secure.gravatar.com\/avatar\/fb81a55b6218459490a9c1dc841a34909185b81904c5337b4b27f7a6fd60c49e?s=96&d=mm&r=g","url":"https:\/\/secure.gravatar.com\/avatar\/fb81a55b6218459490a9c1dc841a34909185b81904c5337b4b27f7a6fd60c49e?s=96&d=mm&r=g","contentUrl":"https:\/\/secure.gravatar.com\/avatar\/fb81a55b6218459490a9c1dc841a34909185b81904c5337b4b27f7a6fd60c49e?s=96&d=mm&r=g","caption":"Lorenzo Verduzco"}}]}},"_links":{"self":[{"href":"https:\/\/interamerica.org\/es\/wp-json\/wp\/v2\/posts\/30444","targetHints":{"allow":["GET"]}}],"collection":[{"href":"https:\/\/interamerica.org\/es\/wp-json\/wp\/v2\/posts"}],"about":[{"href":"https:\/\/interamerica.org\/es\/wp-json\/wp\/v2\/types\/post"}],"author":[{"embeddable":true,"href":"https:\/\/interamerica.org\/es\/wp-json\/wp\/v2\/users\/1"}],"replies":[{"embeddable":true,"href":"https:\/\/interamerica.org\/es\/wp-json\/wp\/v2\/comments?post=30444"}],"version-history":[{"count":0,"href":"https:\/\/interamerica.org\/es\/wp-json\/wp\/v2\/posts\/30444\/revisions"}],"wp:featuredmedia":[{"embeddable":true,"href":"https:\/\/interamerica.org\/es\/wp-json\/wp\/v2\/media\/22707"}],"wp:attachment":[{"href":"https:\/\/interamerica.org\/es\/wp-json\/wp\/v2\/media?parent=30444"}],"wp:term":[{"taxonomy":"category","embeddable":true,"href":"https:\/\/interamerica.org\/es\/wp-json\/wp\/v2\/categories?post=30444"},{"taxonomy":"post_tag","embeddable":true,"href":"https:\/\/interamerica.org\/es\/wp-json\/wp\/v2\/tags?post=30444"}],"curies":[{"name":"wp","href":"https:\/\/api.w.org\/{rel}","templated":true}]}}