{"id":30445,"date":"2014-03-04T00:00:00","date_gmt":"2014-03-04T04:00:00","guid":{"rendered":"http:\/\/192.81.217.108\/interamerica\/2014\/03\/puerto-rico-hospital-adventista-cumple-sesenta-anos-anuncia-planes-de-expansion\/"},"modified":"2014-03-04T00:00:00","modified_gmt":"2014-03-04T04:00:00","slug":"puerto-rico-hospital-adventista-cumple-sesenta-anos-anuncia-planes-de-expansion","status":"publish","type":"post","link":"https:\/\/interamerica.org\/es\/2014\/03\/puerto-rico-hospital-adventista-cumple-sesenta-anos-anuncia-planes-de-expansion\/","title":{"rendered":"Puerto Rico: Hospital adventista cumple sesenta a\u00f1os, anuncia planes de expansi\u00f3n"},"content":{"rendered":"<div id=\"attachment_10860\" style=\"width: 600px\" class=\"wp-caption aligncenter\"><a href=\"\/interamerica\/wp-content\/uploads\/2017\/06\/BVH-newsurgeryhall.png\" rel=\"fancybox\" title=\"Puerto Rico: Hospital adventista cumple sesenta a\u00f1os, anuncia planes de expansi\u00f3n\"><img fetchpriority=\"high\" decoding=\"async\" aria-describedby=\"caption-attachment-10860\" class=\"size-full wp-image-10860\" src=\"\/interamerica\/wp-content\/uploads\/2017\/06\/BVH-newsurgeryhall.png\" alt=\"\" width=\"590\" height=\"393\" \/><\/a><p id=\"caption-attachment-10860\" class=\"wp-caption-text\">El personal del Hospital de Bella Vista y los familiares del fallecido doctor Antonio Bulls Ortiz posan para una fotograf\u00eda en la sala de cirug\u00eda n\u00famero 3, que recientemente recibi\u00f3 su nombre, durante las actividades de celebraci\u00f3n del hospital adventista en Mayag\u00fcez, Puerto Rico, llevado a cabo el 2 de febrero de 2014. Los administradores del hospital anunciaron planes de expansi\u00f3n que ser\u00e1n puestos en marcha para a\u00f1adir tres nuevos pisos al edificio m\u00e9dico. Im\u00e1genes por cortes\u00eda del Hospital de Bella Vista\/DIA<\/p><\/div>\n<p>3 de marzo de 2014 \u2013 Mayag\u00fcez, Puerto Rico&#8230;Hospital de Bella Vista\/DIA<\/p>\n<p>El Hospital Adventista de Bella Vista, que se encuentra en Mayag\u00fcez, Puerto Rico, cumple este a\u00f1os sesenta a\u00f1os de brindar servicios m\u00e9dicos, y hace poco anunci\u00f3 un plan de expansi\u00f3n por 3,5 millones de d\u00f3lares. El anuncio fue llevado a cabo durante una serie de actividades de aniversario en la comunidad.<\/p>\n<div id=\"attachment_10861\" style=\"width: 310px\" class=\"wp-caption alignright\"><a href=\"\/interamerica\/wp-content\/uploads\/2017\/06\/BVH-administrator.png\" rel=\"fancybox\" title=\"Puerto Rico: Hospital adventista cumple sesenta a\u00f1os, anuncia planes de expansi\u00f3n\"><img decoding=\"async\" aria-describedby=\"caption-attachment-10861\" class=\"size-medium wp-image-10861\" src=\"\/interamerica\/wp-content\/uploads\/2017\/06\/BVH-administrator-300x199.png\" alt=\"\" width=\"300\" height=\"199\" \/><\/a><p id=\"caption-attachment-10861\" class=\"wp-caption-text\">Jes\u00fas Nieves, administrador del Hospital de Bella Vista, habla de los planes de expansi\u00f3n por 3,5 millones de d\u00f3lares, que buscan a\u00f1adir tres pisos de salas para pacientes, oficinas administrativas y salas de conferencias, as\u00ed como un \u00e1rea de servicios de endoscop\u00eda, durante el sexag\u00e9simo aniversario de brindar servicios m\u00e9dicos en la isla.<\/p><\/div>\n<p>\u201cDespu\u00e9s de seis a\u00f1os de brindar servicios excelentes, seguimos transformando nuestras instalaciones para brindar servicios de salud de vanguardia a los pacientes de Mayag\u00fcez y la regi\u00f3n\u00bb, dijo Jes\u00fas Nieves, director ejecutivo del Hospital de Bella Vista, en medio de una multitud de personas que se congregaron el pasado 2 de febrero de 2014 para el evento de celebraci\u00f3n.<\/p>\n<p>La instituci\u00f3n seguir\u00e1 con la expansi\u00f3n y la construcci\u00f3n de tres pisos adicionales, explic\u00f3 Nieves. El primer piso contar\u00e1 con catorce salas privadas, el segundo tendr\u00e1 28 salas semiprivadas y un nuevo departamento de endoscop\u00eda, y el tercero ser\u00e1 destinado para oficinas administrativas y financieras y salas de conferencia y de juntas. Tambi\u00e9n se ha planeado tener un helipuerto.<\/p>\n<p>Las actividades comunitarias que formaron parte de la celebraci\u00f3n incluyeron una marat\u00f3n de la salud de 5 kil\u00f3metros en la que participaron de 400 personas, en beneficio del Hogar de Ni\u00f1os \u00abJes\u00fas de Nazaret\u00bb de Mayag\u00fcez.<\/p>\n<div id=\"attachment_10862\" style=\"width: 310px\" class=\"wp-caption alignleft\"><a href=\"\/interamerica\/wp-content\/uploads\/2017\/06\/BVH-5krun.png\" rel=\"fancybox\" title=\"Puerto Rico: Hospital adventista cumple sesenta a\u00f1os, anuncia planes de expansi\u00f3n\"><img decoding=\"async\" aria-describedby=\"caption-attachment-10862\" class=\"size-medium wp-image-10862\" src=\"\/interamerica\/wp-content\/uploads\/2017\/06\/BVH-5krun-300x200.png\" alt=\"\" width=\"300\" height=\"200\" \/><\/a><p id=\"caption-attachment-10862\" class=\"wp-caption-text\">El pasado 26 de enero, unas cuatrocientas personas participaron de una marat\u00f3n de 5 kil\u00f3metros organizada por el hospital como parte de las actividades de celebraci\u00f3n del sexag\u00e9simo aniversario del hospital.<\/p><\/div>\n<p>El departamento de cirug\u00eda del hospital fue nombrado en honor del prestigioso doctor Juan E. Suris \u00c1lvarez, quien fue cirujano durante 35 a\u00f1os. Asimismo, la sala de cirug\u00eda n\u00famero 3 fue nombrada en honor a Antonio Bulls Ortiz, un m\u00e9dico que trabaj\u00f3 en el hospital durante 49 a\u00f1os.<\/p>\n<p>Asimismo, el primer jubilado del hospital, Roselio Mu\u00f1iz, fue honrado por haber cumplido 100 a\u00f1os. Otros doce empleados del hospital fueron reconocidos por trabajar all\u00ed m\u00e1s de cuarenta a\u00f1os.<\/p>\n<p>En 2009, el Hospital de Bella Vista inaugur\u00f3 su instituto oncol\u00f3gico, el \u00fanico de su clase en la secci\u00f3n occidental de la isla, y el primero en ofrecer ese tipo de tratamientos en una instituci\u00f3n de la iglesia en el territorio de la Divisi\u00f3n Interamericana.<\/p>\n<p>El Hospital de Bella Vista fue establecido en 1954, y es uno de los trece hospitales adventistas de Interam\u00e9rica. La instituci\u00f3n, que sigue brindando servicios m\u00e9dicos especializados en Puerto Rico, cuenta con 157 camas y un personal m\u00e9dicos de doscientas personas.<\/p>\n<p>Si desea m\u00e1s informaci\u00f3n sobre la instituci\u00f3n, visite <a href=\"http:\/\/www.bvhpr.org\/\">bvhpr.org<\/a><\/p>\n<p><em>Traducci\u00f3n de Marcos Paseggi<\/em><\/p>\n","protected":false},"excerpt":{"rendered":"<p>El Hospital Adventista de Bella Vista, que se encuentra en Mayag\u00fcez, Puerto Rico, cumple este a\u00f1os sesenta a\u00f1os de brindar servicios m\u00e9dicos, y hace poco anunci\u00f3 un plan de expansi\u00f3n por 3,5 millones de d\u00f3lares. El anuncio fue llevado a cabo durante una serie de actividades de aniversario en la comunidad.<\/p>\n","protected":false},"author":1,"featured_media":22697,"comment_status":"closed","ping_status":"closed","sticky":false,"template":"","format":"standard","meta":{"_acf_changed":false,"footnotes":""},"categories":[17],"tags":[],"class_list":["post-30445","post","type-post","status-publish","format-standard","has-post-thumbnail","hentry","category-desde-el-campo"],"acf":[],"yoast_head":"<!-- This site is optimized with the Yoast SEO plugin v27.3 - https:\/\/yoast.com\/product\/yoast-seo-wordpress\/ -->\n<title>Puerto Rico: Hospital adventista cumple sesenta a\u00f1os, anuncia planes de expansi\u00f3n - Iglesia Adventista del S\u00e9ptimo D\u00eda - Divisi\u00f3n Interamericana<\/title>\n<meta name=\"robots\" content=\"index, follow, max-snippet:-1, max-image-preview:large, max-video-preview:-1\" \/>\n<link rel=\"canonical\" href=\"https:\/\/interamerica.org\/es\/2014\/03\/puerto-rico-hospital-adventista-cumple-sesenta-anos-anuncia-planes-de-expansion\/\" \/>\n<meta property=\"og:locale\" content=\"es_ES\" \/>\n<meta property=\"og:type\" content=\"article\" \/>\n<meta property=\"og:title\" content=\"Puerto Rico: Hospital adventista cumple sesenta a\u00f1os, anuncia planes de expansi\u00f3n - Iglesia Adventista del S\u00e9ptimo D\u00eda - Divisi\u00f3n Interamericana\" \/>\n<meta property=\"og:description\" content=\"El Hospital Adventista de Bella Vista, que se encuentra en Mayag\u00fcez, Puerto Rico, cumple este a\u00f1os sesenta a\u00f1os de brindar servicios m\u00e9dicos, y hace poco anunci\u00f3 un plan de expansi\u00f3n por 3,5 millones de d\u00f3lares. El anuncio fue llevado a cabo durante una serie de actividades de aniversario en la comunidad.\" \/>\n<meta property=\"og:url\" content=\"https:\/\/interamerica.org\/es\/2014\/03\/puerto-rico-hospital-adventista-cumple-sesenta-anos-anuncia-planes-de-expansion\/\" \/>\n<meta property=\"og:site_name\" content=\"Iglesia Adventista del S\u00e9ptimo D\u00eda - Divisi\u00f3n Interamericana\" \/>\n<meta property=\"article:published_time\" content=\"2014-03-04T04:00:00+00:00\" \/>\n<meta property=\"og:image\" content=\"https:\/\/interamerica.org\/wp-content\/uploads\/2017\/06\/BVH-newsurgeryhall.png\" \/>\n\t<meta property=\"og:image:width\" content=\"590\" \/>\n\t<meta property=\"og:image:height\" content=\"393\" \/>\n\t<meta property=\"og:image:type\" content=\"image\/png\" \/>\n<meta name=\"author\" content=\"Lorenzo Verduzco\" \/>\n<meta name=\"twitter:card\" content=\"summary_large_image\" \/>\n<meta name=\"twitter:label1\" content=\"Escrito por\" \/>\n\t<meta name=\"twitter:data1\" content=\"Lorenzo Verduzco\" \/>\n\t<meta name=\"twitter:label2\" content=\"Tiempo de lectura\" \/>\n\t<meta name=\"twitter:data2\" content=\"3 minutos\" \/>\n<script type=\"application\/ld+json\" class=\"yoast-schema-graph\">{\"@context\":\"https:\\\/\\\/schema.org\",\"@graph\":[{\"@type\":\"Article\",\"@id\":\"https:\\\/\\\/interamerica.org\\\/es\\\/2014\\\/03\\\/puerto-rico-hospital-adventista-cumple-sesenta-anos-anuncia-planes-de-expansion\\\/#article\",\"isPartOf\":{\"@id\":\"https:\\\/\\\/interamerica.org\\\/es\\\/2014\\\/03\\\/puerto-rico-hospital-adventista-cumple-sesenta-anos-anuncia-planes-de-expansion\\\/\"},\"author\":{\"name\":\"Lorenzo Verduzco\",\"@id\":\"https:\\\/\\\/interamerica.org\\\/es\\\/#\\\/schema\\\/person\\\/68ede8bdc292885bb76c1e3810e73c39\"},\"headline\":\"Puerto Rico: Hospital adventista cumple sesenta a\u00f1os, anuncia planes de expansi\u00f3n\",\"datePublished\":\"2014-03-04T04:00:00+00:00\",\"mainEntityOfPage\":{\"@id\":\"https:\\\/\\\/interamerica.org\\\/es\\\/2014\\\/03\\\/puerto-rico-hospital-adventista-cumple-sesenta-anos-anuncia-planes-de-expansion\\\/\"},\"wordCount\":643,\"image\":{\"@id\":\"https:\\\/\\\/interamerica.org\\\/es\\\/2014\\\/03\\\/puerto-rico-hospital-adventista-cumple-sesenta-anos-anuncia-planes-de-expansion\\\/#primaryimage\"},\"thumbnailUrl\":\"https:\\\/\\\/interamerica.org\\\/wp-content\\\/uploads\\\/2017\\\/06\\\/BVH-newsurgeryhall.png\",\"articleSection\":[\"Desde el campo\"],\"inLanguage\":\"es\"},{\"@type\":\"WebPage\",\"@id\":\"https:\\\/\\\/interamerica.org\\\/es\\\/2014\\\/03\\\/puerto-rico-hospital-adventista-cumple-sesenta-anos-anuncia-planes-de-expansion\\\/\",\"url\":\"https:\\\/\\\/interamerica.org\\\/es\\\/2014\\\/03\\\/puerto-rico-hospital-adventista-cumple-sesenta-anos-anuncia-planes-de-expansion\\\/\",\"name\":\"Puerto Rico: Hospital adventista cumple sesenta a\u00f1os, anuncia planes de expansi\u00f3n - Iglesia Adventista del S\u00e9ptimo D\u00eda - Divisi\u00f3n Interamericana\",\"isPartOf\":{\"@id\":\"https:\\\/\\\/interamerica.org\\\/es\\\/#website\"},\"primaryImageOfPage\":{\"@id\":\"https:\\\/\\\/interamerica.org\\\/es\\\/2014\\\/03\\\/puerto-rico-hospital-adventista-cumple-sesenta-anos-anuncia-planes-de-expansion\\\/#primaryimage\"},\"image\":{\"@id\":\"https:\\\/\\\/interamerica.org\\\/es\\\/2014\\\/03\\\/puerto-rico-hospital-adventista-cumple-sesenta-anos-anuncia-planes-de-expansion\\\/#primaryimage\"},\"thumbnailUrl\":\"https:\\\/\\\/interamerica.org\\\/wp-content\\\/uploads\\\/2017\\\/06\\\/BVH-newsurgeryhall.png\",\"datePublished\":\"2014-03-04T04:00:00+00:00\",\"author\":{\"@id\":\"https:\\\/\\\/interamerica.org\\\/es\\\/#\\\/schema\\\/person\\\/68ede8bdc292885bb76c1e3810e73c39\"},\"breadcrumb\":{\"@id\":\"https:\\\/\\\/interamerica.org\\\/es\\\/2014\\\/03\\\/puerto-rico-hospital-adventista-cumple-sesenta-anos-anuncia-planes-de-expansion\\\/#breadcrumb\"},\"inLanguage\":\"es\",\"potentialAction\":[{\"@type\":\"ReadAction\",\"target\":[\"https:\\\/\\\/interamerica.org\\\/es\\\/2014\\\/03\\\/puerto-rico-hospital-adventista-cumple-sesenta-anos-anuncia-planes-de-expansion\\\/\"]}]},{\"@type\":\"ImageObject\",\"inLanguage\":\"es\",\"@id\":\"https:\\\/\\\/interamerica.org\\\/es\\\/2014\\\/03\\\/puerto-rico-hospital-adventista-cumple-sesenta-anos-anuncia-planes-de-expansion\\\/#primaryimage\",\"url\":\"https:\\\/\\\/interamerica.org\\\/wp-content\\\/uploads\\\/2017\\\/06\\\/BVH-newsurgeryhall.png\",\"contentUrl\":\"https:\\\/\\\/interamerica.org\\\/wp-content\\\/uploads\\\/2017\\\/06\\\/BVH-newsurgeryhall.png\",\"width\":590,\"height\":393},{\"@type\":\"BreadcrumbList\",\"@id\":\"https:\\\/\\\/interamerica.org\\\/es\\\/2014\\\/03\\\/puerto-rico-hospital-adventista-cumple-sesenta-anos-anuncia-planes-de-expansion\\\/#breadcrumb\",\"itemListElement\":[{\"@type\":\"ListItem\",\"position\":1,\"name\":\"Home\",\"item\":\"https:\\\/\\\/interamerica.org\\\/es\\\/\"},{\"@type\":\"ListItem\",\"position\":2,\"name\":\"Puerto Rico: Hospital adventista cumple sesenta a\u00f1os, anuncia planes de expansi\u00f3n\"}]},{\"@type\":\"WebSite\",\"@id\":\"https:\\\/\\\/interamerica.org\\\/es\\\/#website\",\"url\":\"https:\\\/\\\/interamerica.org\\\/es\\\/\",\"name\":\"Iglesia Adventista del S\u00e9ptimo D\u00eda - Divisi\u00f3n Interamericana\",\"description\":\"\",\"potentialAction\":[{\"@type\":\"SearchAction\",\"target\":{\"@type\":\"EntryPoint\",\"urlTemplate\":\"https:\\\/\\\/interamerica.org\\\/es\\\/?s={search_term_string}\"},\"query-input\":{\"@type\":\"PropertyValueSpecification\",\"valueRequired\":true,\"valueName\":\"search_term_string\"}}],\"inLanguage\":\"es\"},{\"@type\":\"Person\",\"@id\":\"https:\\\/\\\/interamerica.org\\\/es\\\/#\\\/schema\\\/person\\\/68ede8bdc292885bb76c1e3810e73c39\",\"name\":\"Lorenzo Verduzco\",\"image\":{\"@type\":\"ImageObject\",\"inLanguage\":\"es\",\"@id\":\"https:\\\/\\\/secure.gravatar.com\\\/avatar\\\/fb81a55b6218459490a9c1dc841a34909185b81904c5337b4b27f7a6fd60c49e?s=96&d=mm&r=g\",\"url\":\"https:\\\/\\\/secure.gravatar.com\\\/avatar\\\/fb81a55b6218459490a9c1dc841a34909185b81904c5337b4b27f7a6fd60c49e?s=96&d=mm&r=g\",\"contentUrl\":\"https:\\\/\\\/secure.gravatar.com\\\/avatar\\\/fb81a55b6218459490a9c1dc841a34909185b81904c5337b4b27f7a6fd60c49e?s=96&d=mm&r=g\",\"caption\":\"Lorenzo Verduzco\"}}]}<\/script>\n<!-- \/ Yoast SEO plugin. -->","yoast_head_json":{"title":"Puerto Rico: Hospital adventista cumple sesenta a\u00f1os, anuncia planes de expansi\u00f3n - Iglesia Adventista del S\u00e9ptimo D\u00eda - Divisi\u00f3n Interamericana","robots":{"index":"index","follow":"follow","max-snippet":"max-snippet:-1","max-image-preview":"max-image-preview:large","max-video-preview":"max-video-preview:-1"},"canonical":"https:\/\/interamerica.org\/es\/2014\/03\/puerto-rico-hospital-adventista-cumple-sesenta-anos-anuncia-planes-de-expansion\/","og_locale":"es_ES","og_type":"article","og_title":"Puerto Rico: Hospital adventista cumple sesenta a\u00f1os, anuncia planes de expansi\u00f3n - Iglesia Adventista del S\u00e9ptimo D\u00eda - Divisi\u00f3n Interamericana","og_description":"El Hospital Adventista de Bella Vista, que se encuentra en Mayag\u00fcez, Puerto Rico, cumple este a\u00f1os sesenta a\u00f1os de brindar servicios m\u00e9dicos, y hace poco anunci\u00f3 un plan de expansi\u00f3n por 3,5 millones de d\u00f3lares. El anuncio fue llevado a cabo durante una serie de actividades de aniversario en la comunidad.","og_url":"https:\/\/interamerica.org\/es\/2014\/03\/puerto-rico-hospital-adventista-cumple-sesenta-anos-anuncia-planes-de-expansion\/","og_site_name":"Iglesia Adventista del S\u00e9ptimo D\u00eda - Divisi\u00f3n Interamericana","article_published_time":"2014-03-04T04:00:00+00:00","og_image":[{"width":590,"height":393,"url":"https:\/\/interamerica.org\/wp-content\/uploads\/2017\/06\/BVH-newsurgeryhall.png","type":"image\/png"}],"author":"Lorenzo Verduzco","twitter_card":"summary_large_image","twitter_misc":{"Escrito por":"Lorenzo Verduzco","Tiempo de lectura":"3 minutos"},"schema":{"@context":"https:\/\/schema.org","@graph":[{"@type":"Article","@id":"https:\/\/interamerica.org\/es\/2014\/03\/puerto-rico-hospital-adventista-cumple-sesenta-anos-anuncia-planes-de-expansion\/#article","isPartOf":{"@id":"https:\/\/interamerica.org\/es\/2014\/03\/puerto-rico-hospital-adventista-cumple-sesenta-anos-anuncia-planes-de-expansion\/"},"author":{"name":"Lorenzo Verduzco","@id":"https:\/\/interamerica.org\/es\/#\/schema\/person\/68ede8bdc292885bb76c1e3810e73c39"},"headline":"Puerto Rico: Hospital adventista cumple sesenta a\u00f1os, anuncia planes de expansi\u00f3n","datePublished":"2014-03-04T04:00:00+00:00","mainEntityOfPage":{"@id":"https:\/\/interamerica.org\/es\/2014\/03\/puerto-rico-hospital-adventista-cumple-sesenta-anos-anuncia-planes-de-expansion\/"},"wordCount":643,"image":{"@id":"https:\/\/interamerica.org\/es\/2014\/03\/puerto-rico-hospital-adventista-cumple-sesenta-anos-anuncia-planes-de-expansion\/#primaryimage"},"thumbnailUrl":"https:\/\/interamerica.org\/wp-content\/uploads\/2017\/06\/BVH-newsurgeryhall.png","articleSection":["Desde el campo"],"inLanguage":"es"},{"@type":"WebPage","@id":"https:\/\/interamerica.org\/es\/2014\/03\/puerto-rico-hospital-adventista-cumple-sesenta-anos-anuncia-planes-de-expansion\/","url":"https:\/\/interamerica.org\/es\/2014\/03\/puerto-rico-hospital-adventista-cumple-sesenta-anos-anuncia-planes-de-expansion\/","name":"Puerto Rico: Hospital adventista cumple sesenta a\u00f1os, anuncia planes de expansi\u00f3n - Iglesia Adventista del S\u00e9ptimo D\u00eda - Divisi\u00f3n Interamericana","isPartOf":{"@id":"https:\/\/interamerica.org\/es\/#website"},"primaryImageOfPage":{"@id":"https:\/\/interamerica.org\/es\/2014\/03\/puerto-rico-hospital-adventista-cumple-sesenta-anos-anuncia-planes-de-expansion\/#primaryimage"},"image":{"@id":"https:\/\/interamerica.org\/es\/2014\/03\/puerto-rico-hospital-adventista-cumple-sesenta-anos-anuncia-planes-de-expansion\/#primaryimage"},"thumbnailUrl":"https:\/\/interamerica.org\/wp-content\/uploads\/2017\/06\/BVH-newsurgeryhall.png","datePublished":"2014-03-04T04:00:00+00:00","author":{"@id":"https:\/\/interamerica.org\/es\/#\/schema\/person\/68ede8bdc292885bb76c1e3810e73c39"},"breadcrumb":{"@id":"https:\/\/interamerica.org\/es\/2014\/03\/puerto-rico-hospital-adventista-cumple-sesenta-anos-anuncia-planes-de-expansion\/#breadcrumb"},"inLanguage":"es","potentialAction":[{"@type":"ReadAction","target":["https:\/\/interamerica.org\/es\/2014\/03\/puerto-rico-hospital-adventista-cumple-sesenta-anos-anuncia-planes-de-expansion\/"]}]},{"@type":"ImageObject","inLanguage":"es","@id":"https:\/\/interamerica.org\/es\/2014\/03\/puerto-rico-hospital-adventista-cumple-sesenta-anos-anuncia-planes-de-expansion\/#primaryimage","url":"https:\/\/interamerica.org\/wp-content\/uploads\/2017\/06\/BVH-newsurgeryhall.png","contentUrl":"https:\/\/interamerica.org\/wp-content\/uploads\/2017\/06\/BVH-newsurgeryhall.png","width":590,"height":393},{"@type":"BreadcrumbList","@id":"https:\/\/interamerica.org\/es\/2014\/03\/puerto-rico-hospital-adventista-cumple-sesenta-anos-anuncia-planes-de-expansion\/#breadcrumb","itemListElement":[{"@type":"ListItem","position":1,"name":"Home","item":"https:\/\/interamerica.org\/es\/"},{"@type":"ListItem","position":2,"name":"Puerto Rico: Hospital adventista cumple sesenta a\u00f1os, anuncia planes de expansi\u00f3n"}]},{"@type":"WebSite","@id":"https:\/\/interamerica.org\/es\/#website","url":"https:\/\/interamerica.org\/es\/","name":"Iglesia Adventista del S\u00e9ptimo D\u00eda - Divisi\u00f3n Interamericana","description":"","potentialAction":[{"@type":"SearchAction","target":{"@type":"EntryPoint","urlTemplate":"https:\/\/interamerica.org\/es\/?s={search_term_string}"},"query-input":{"@type":"PropertyValueSpecification","valueRequired":true,"valueName":"search_term_string"}}],"inLanguage":"es"},{"@type":"Person","@id":"https:\/\/interamerica.org\/es\/#\/schema\/person\/68ede8bdc292885bb76c1e3810e73c39","name":"Lorenzo Verduzco","image":{"@type":"ImageObject","inLanguage":"es","@id":"https:\/\/secure.gravatar.com\/avatar\/fb81a55b6218459490a9c1dc841a34909185b81904c5337b4b27f7a6fd60c49e?s=96&d=mm&r=g","url":"https:\/\/secure.gravatar.com\/avatar\/fb81a55b6218459490a9c1dc841a34909185b81904c5337b4b27f7a6fd60c49e?s=96&d=mm&r=g","contentUrl":"https:\/\/secure.gravatar.com\/avatar\/fb81a55b6218459490a9c1dc841a34909185b81904c5337b4b27f7a6fd60c49e?s=96&d=mm&r=g","caption":"Lorenzo Verduzco"}}]}},"_links":{"self":[{"href":"https:\/\/interamerica.org\/es\/wp-json\/wp\/v2\/posts\/30445","targetHints":{"allow":["GET"]}}],"collection":[{"href":"https:\/\/interamerica.org\/es\/wp-json\/wp\/v2\/posts"}],"about":[{"href":"https:\/\/interamerica.org\/es\/wp-json\/wp\/v2\/types\/post"}],"author":[{"embeddable":true,"href":"https:\/\/interamerica.org\/es\/wp-json\/wp\/v2\/users\/1"}],"replies":[{"embeddable":true,"href":"https:\/\/interamerica.org\/es\/wp-json\/wp\/v2\/comments?post=30445"}],"version-history":[{"count":0,"href":"https:\/\/interamerica.org\/es\/wp-json\/wp\/v2\/posts\/30445\/revisions"}],"wp:featuredmedia":[{"embeddable":true,"href":"https:\/\/interamerica.org\/es\/wp-json\/wp\/v2\/media\/22697"}],"wp:attachment":[{"href":"https:\/\/interamerica.org\/es\/wp-json\/wp\/v2\/media?parent=30445"}],"wp:term":[{"taxonomy":"category","embeddable":true,"href":"https:\/\/interamerica.org\/es\/wp-json\/wp\/v2\/categories?post=30445"},{"taxonomy":"post_tag","embeddable":true,"href":"https:\/\/interamerica.org\/es\/wp-json\/wp\/v2\/tags?post=30445"}],"curies":[{"name":"wp","href":"https:\/\/api.w.org\/{rel}","templated":true}]}}