{"id":30446,"date":"2014-03-06T00:00:00","date_gmt":"2014-03-06T04:00:00","guid":{"rendered":"http:\/\/192.81.217.108\/interamerica\/2014\/03\/interamerica-escuelas-adventistas-dejaran-los-libros-para-celebrar-un-dia-especial-de-oracion\/"},"modified":"2014-03-06T00:00:00","modified_gmt":"2014-03-06T04:00:00","slug":"interamerica-escuelas-adventistas-dejaran-los-libros-para-celebrar-un-dia-especial-de-oracion","status":"publish","type":"post","link":"https:\/\/interamerica.org\/es\/2014\/03\/interamerica-escuelas-adventistas-dejaran-los-libros-para-celebrar-un-dia-especial-de-oracion\/","title":{"rendered":"Interam\u00e9rica: Escuelas adventistas dejar\u00e1n los libros para celebrar un d\u00eda especial de oraci\u00f3n"},"content":{"rendered":"<div id=\"attachment_10888\" style=\"width: 228px\" class=\"wp-caption alignleft\"><a href=\"\/interamerica\/wp-content\/uploads\/2017\/06\/studentsprayingSMll.png\" rel=\"fancybox\" title=\"Interam\u00e9rica: Escuelas adventistas dejar\u00e1n los libros para celebrar un d\u00eda especial de oraci\u00f3n\"><img fetchpriority=\"high\" decoding=\"async\" aria-describedby=\"caption-attachment-10888\" class=\"size-full wp-image-10888\" src=\"\/interamerica\/wp-content\/uploads\/2017\/06\/studentsprayingSMll.png\" alt=\"\" width=\"218\" height=\"287\" \/><\/a><p id=\"caption-attachment-10888\" class=\"wp-caption-text\">Estudiantes de las escuelas y universidades adventistas de Interam\u00e9rica dedicar\u00e1n tiempo para orar y estudiar la Biblia durante el d\u00eda especial de oraci\u00f3n en todo el territorio, que se llevar\u00e1 a cabo este 7 de marzo de 2014. Imagen de archivo de la DIA.<\/p><\/div>\n<p>6 de marzo de 2014 \u2013 Miami, Florida, Estados Unidos&#8230;Libna Stevens\/DIA<\/p>\n<p>Los estudiantes de las escuelas y universidades adventistas de toda la Divisi\u00f3n Interamericana (DIA) dejar\u00e1n de lado los libros y los l\u00e1pices este 7 de marzo de 2014 para orar, estudiar la Biblia y reflexionar sobre las bendiciones de Dios.<\/p>\n<p>La iniciativa fue iniciada hace muchos a\u00f1os por los l\u00edderes de la iglesia con el fin de promover el estudio de la Biblia y una vida de oraci\u00f3n personal en los miles de estudiantes registrados en las instituciones educacionales adventistas, dice el doctor Gamaliel Florez, director de educaci\u00f3n de la iglesia en Interam\u00e9rica.<\/p>\n<p>\u00abQueremos que todos nuestros estudiantes desde el nivel prescolar hasta el universitario busquen una relaci\u00f3n cercana con Dios por medio de una vida diaria de oraci\u00f3n\u00bb, a\u00f1ade el doctor Florez. \u00abEn este d\u00eda especial de oraci\u00f3n, los maestros estar\u00e1n orando por los estudiantes y sus familias, y los estudiantes orar\u00e1n los unos por los otros y aprender\u00e1n a estar m\u00e1s cerca del Se\u00f1or\u00bb.<\/p>\n<p>Los l\u00edderes de la iglesia viajar\u00e1n a las instituciones educativas de las 22 regiones eclesi\u00e1sticas de Interam\u00e9rica para orar y participar en las actividades especiales del d\u00eda.<\/p>\n<p>Se puede acceder a mensajes especiales de video para este d\u00eda especial de oraci\u00f3n en <a href=\"http:\/\/vimeo.com\/87377913\">vimeo.com\/interamerica<\/a><\/p>\n<p><em>Traducci\u00f3n de Marcos Paseggi<\/em><\/p>\n","protected":false},"excerpt":{"rendered":"<p>Los estudiantes de las escuelas y universidades adventistas de toda la Divisi\u00f3n Interamericana (DIA) dejar\u00e1n de lado los libros y los l\u00e1pices este 7 de marzo de 2014 para orar, estudiar la Biblia y reflexionar sobre las bendiciones de Dios.<\/p>\n","protected":false},"author":1,"featured_media":22711,"comment_status":"closed","ping_status":"closed","sticky":false,"template":"","format":"standard","meta":{"_acf_changed":false,"footnotes":""},"categories":[16],"tags":[],"class_list":["post-30446","post","type-post","status-publish","format-standard","has-post-thumbnail","hentry","category-desde-la-sede"],"acf":[],"yoast_head":"<!-- This site is optimized with the Yoast SEO plugin v27.3 - https:\/\/yoast.com\/product\/yoast-seo-wordpress\/ -->\n<title>Interam\u00e9rica: Escuelas adventistas dejar\u00e1n los libros para celebrar un d\u00eda especial de oraci\u00f3n - Iglesia Adventista del S\u00e9ptimo D\u00eda - Divisi\u00f3n Interamericana<\/title>\n<meta name=\"robots\" content=\"index, follow, max-snippet:-1, max-image-preview:large, max-video-preview:-1\" \/>\n<link rel=\"canonical\" href=\"https:\/\/interamerica.org\/es\/2014\/03\/interamerica-escuelas-adventistas-dejaran-los-libros-para-celebrar-un-dia-especial-de-oracion\/\" \/>\n<meta property=\"og:locale\" content=\"es_ES\" \/>\n<meta property=\"og:type\" content=\"article\" \/>\n<meta property=\"og:title\" content=\"Interam\u00e9rica: Escuelas adventistas dejar\u00e1n los libros para celebrar un d\u00eda especial de oraci\u00f3n - Iglesia Adventista del S\u00e9ptimo D\u00eda - Divisi\u00f3n Interamericana\" \/>\n<meta property=\"og:description\" content=\"Los estudiantes de las escuelas y universidades adventistas de toda la Divisi\u00f3n Interamericana (DIA) dejar\u00e1n de lado los libros y los l\u00e1pices este 7 de marzo de 2014 para orar, estudiar la Biblia y reflexionar sobre las bendiciones de Dios.\" \/>\n<meta property=\"og:url\" content=\"https:\/\/interamerica.org\/es\/2014\/03\/interamerica-escuelas-adventistas-dejaran-los-libros-para-celebrar-un-dia-especial-de-oracion\/\" \/>\n<meta property=\"og:site_name\" content=\"Iglesia Adventista del S\u00e9ptimo D\u00eda - Divisi\u00f3n Interamericana\" \/>\n<meta property=\"article:published_time\" content=\"2014-03-06T04:00:00+00:00\" \/>\n<meta property=\"og:image\" content=\"https:\/\/interamerica.org\/wp-content\/uploads\/2017\/06\/schoolprayerSml.png\" \/>\n\t<meta property=\"og:image:width\" content=\"315\" \/>\n\t<meta property=\"og:image:height\" content=\"233\" \/>\n\t<meta property=\"og:image:type\" content=\"image\/png\" \/>\n<meta name=\"author\" content=\"Lorenzo Verduzco\" \/>\n<meta name=\"twitter:card\" content=\"summary_large_image\" \/>\n<meta name=\"twitter:label1\" content=\"Escrito por\" \/>\n\t<meta name=\"twitter:data1\" content=\"Lorenzo Verduzco\" \/>\n\t<meta name=\"twitter:label2\" content=\"Tiempo de lectura\" \/>\n\t<meta name=\"twitter:data2\" content=\"1 minuto\" \/>\n<script type=\"application\/ld+json\" class=\"yoast-schema-graph\">{\"@context\":\"https:\\\/\\\/schema.org\",\"@graph\":[{\"@type\":\"Article\",\"@id\":\"https:\\\/\\\/interamerica.org\\\/es\\\/2014\\\/03\\\/interamerica-escuelas-adventistas-dejaran-los-libros-para-celebrar-un-dia-especial-de-oracion\\\/#article\",\"isPartOf\":{\"@id\":\"https:\\\/\\\/interamerica.org\\\/es\\\/2014\\\/03\\\/interamerica-escuelas-adventistas-dejaran-los-libros-para-celebrar-un-dia-especial-de-oracion\\\/\"},\"author\":{\"name\":\"Lorenzo Verduzco\",\"@id\":\"https:\\\/\\\/interamerica.org\\\/es\\\/#\\\/schema\\\/person\\\/68ede8bdc292885bb76c1e3810e73c39\"},\"headline\":\"Interam\u00e9rica: Escuelas adventistas dejar\u00e1n los libros para celebrar un d\u00eda especial de oraci\u00f3n\",\"datePublished\":\"2014-03-06T04:00:00+00:00\",\"mainEntityOfPage\":{\"@id\":\"https:\\\/\\\/interamerica.org\\\/es\\\/2014\\\/03\\\/interamerica-escuelas-adventistas-dejaran-los-libros-para-celebrar-un-dia-especial-de-oracion\\\/\"},\"wordCount\":308,\"image\":{\"@id\":\"https:\\\/\\\/interamerica.org\\\/es\\\/2014\\\/03\\\/interamerica-escuelas-adventistas-dejaran-los-libros-para-celebrar-un-dia-especial-de-oracion\\\/#primaryimage\"},\"thumbnailUrl\":\"https:\\\/\\\/interamerica.org\\\/wp-content\\\/uploads\\\/2017\\\/06\\\/schoolprayerSml.png\",\"articleSection\":[\"Desde la sede\"],\"inLanguage\":\"es\"},{\"@type\":\"WebPage\",\"@id\":\"https:\\\/\\\/interamerica.org\\\/es\\\/2014\\\/03\\\/interamerica-escuelas-adventistas-dejaran-los-libros-para-celebrar-un-dia-especial-de-oracion\\\/\",\"url\":\"https:\\\/\\\/interamerica.org\\\/es\\\/2014\\\/03\\\/interamerica-escuelas-adventistas-dejaran-los-libros-para-celebrar-un-dia-especial-de-oracion\\\/\",\"name\":\"Interam\u00e9rica: Escuelas adventistas dejar\u00e1n los libros para celebrar un d\u00eda especial de oraci\u00f3n - Iglesia Adventista del S\u00e9ptimo D\u00eda - Divisi\u00f3n Interamericana\",\"isPartOf\":{\"@id\":\"https:\\\/\\\/interamerica.org\\\/es\\\/#website\"},\"primaryImageOfPage\":{\"@id\":\"https:\\\/\\\/interamerica.org\\\/es\\\/2014\\\/03\\\/interamerica-escuelas-adventistas-dejaran-los-libros-para-celebrar-un-dia-especial-de-oracion\\\/#primaryimage\"},\"image\":{\"@id\":\"https:\\\/\\\/interamerica.org\\\/es\\\/2014\\\/03\\\/interamerica-escuelas-adventistas-dejaran-los-libros-para-celebrar-un-dia-especial-de-oracion\\\/#primaryimage\"},\"thumbnailUrl\":\"https:\\\/\\\/interamerica.org\\\/wp-content\\\/uploads\\\/2017\\\/06\\\/schoolprayerSml.png\",\"datePublished\":\"2014-03-06T04:00:00+00:00\",\"author\":{\"@id\":\"https:\\\/\\\/interamerica.org\\\/es\\\/#\\\/schema\\\/person\\\/68ede8bdc292885bb76c1e3810e73c39\"},\"breadcrumb\":{\"@id\":\"https:\\\/\\\/interamerica.org\\\/es\\\/2014\\\/03\\\/interamerica-escuelas-adventistas-dejaran-los-libros-para-celebrar-un-dia-especial-de-oracion\\\/#breadcrumb\"},\"inLanguage\":\"es\",\"potentialAction\":[{\"@type\":\"ReadAction\",\"target\":[\"https:\\\/\\\/interamerica.org\\\/es\\\/2014\\\/03\\\/interamerica-escuelas-adventistas-dejaran-los-libros-para-celebrar-un-dia-especial-de-oracion\\\/\"]}]},{\"@type\":\"ImageObject\",\"inLanguage\":\"es\",\"@id\":\"https:\\\/\\\/interamerica.org\\\/es\\\/2014\\\/03\\\/interamerica-escuelas-adventistas-dejaran-los-libros-para-celebrar-un-dia-especial-de-oracion\\\/#primaryimage\",\"url\":\"https:\\\/\\\/interamerica.org\\\/wp-content\\\/uploads\\\/2017\\\/06\\\/schoolprayerSml.png\",\"contentUrl\":\"https:\\\/\\\/interamerica.org\\\/wp-content\\\/uploads\\\/2017\\\/06\\\/schoolprayerSml.png\",\"width\":315,\"height\":233},{\"@type\":\"BreadcrumbList\",\"@id\":\"https:\\\/\\\/interamerica.org\\\/es\\\/2014\\\/03\\\/interamerica-escuelas-adventistas-dejaran-los-libros-para-celebrar-un-dia-especial-de-oracion\\\/#breadcrumb\",\"itemListElement\":[{\"@type\":\"ListItem\",\"position\":1,\"name\":\"Home\",\"item\":\"https:\\\/\\\/interamerica.org\\\/es\\\/\"},{\"@type\":\"ListItem\",\"position\":2,\"name\":\"Interam\u00e9rica: Escuelas adventistas dejar\u00e1n los libros para celebrar un d\u00eda especial de oraci\u00f3n\"}]},{\"@type\":\"WebSite\",\"@id\":\"https:\\\/\\\/interamerica.org\\\/es\\\/#website\",\"url\":\"https:\\\/\\\/interamerica.org\\\/es\\\/\",\"name\":\"Iglesia Adventista del S\u00e9ptimo D\u00eda - Divisi\u00f3n Interamericana\",\"description\":\"\",\"potentialAction\":[{\"@type\":\"SearchAction\",\"target\":{\"@type\":\"EntryPoint\",\"urlTemplate\":\"https:\\\/\\\/interamerica.org\\\/es\\\/?s={search_term_string}\"},\"query-input\":{\"@type\":\"PropertyValueSpecification\",\"valueRequired\":true,\"valueName\":\"search_term_string\"}}],\"inLanguage\":\"es\"},{\"@type\":\"Person\",\"@id\":\"https:\\\/\\\/interamerica.org\\\/es\\\/#\\\/schema\\\/person\\\/68ede8bdc292885bb76c1e3810e73c39\",\"name\":\"Lorenzo Verduzco\",\"image\":{\"@type\":\"ImageObject\",\"inLanguage\":\"es\",\"@id\":\"https:\\\/\\\/secure.gravatar.com\\\/avatar\\\/fb81a55b6218459490a9c1dc841a34909185b81904c5337b4b27f7a6fd60c49e?s=96&d=mm&r=g\",\"url\":\"https:\\\/\\\/secure.gravatar.com\\\/avatar\\\/fb81a55b6218459490a9c1dc841a34909185b81904c5337b4b27f7a6fd60c49e?s=96&d=mm&r=g\",\"contentUrl\":\"https:\\\/\\\/secure.gravatar.com\\\/avatar\\\/fb81a55b6218459490a9c1dc841a34909185b81904c5337b4b27f7a6fd60c49e?s=96&d=mm&r=g\",\"caption\":\"Lorenzo Verduzco\"}}]}<\/script>\n<!-- \/ Yoast SEO plugin. -->","yoast_head_json":{"title":"Interam\u00e9rica: Escuelas adventistas dejar\u00e1n los libros para celebrar un d\u00eda especial de oraci\u00f3n - Iglesia Adventista del S\u00e9ptimo D\u00eda - Divisi\u00f3n Interamericana","robots":{"index":"index","follow":"follow","max-snippet":"max-snippet:-1","max-image-preview":"max-image-preview:large","max-video-preview":"max-video-preview:-1"},"canonical":"https:\/\/interamerica.org\/es\/2014\/03\/interamerica-escuelas-adventistas-dejaran-los-libros-para-celebrar-un-dia-especial-de-oracion\/","og_locale":"es_ES","og_type":"article","og_title":"Interam\u00e9rica: Escuelas adventistas dejar\u00e1n los libros para celebrar un d\u00eda especial de oraci\u00f3n - Iglesia Adventista del S\u00e9ptimo D\u00eda - Divisi\u00f3n Interamericana","og_description":"Los estudiantes de las escuelas y universidades adventistas de toda la Divisi\u00f3n Interamericana (DIA) dejar\u00e1n de lado los libros y los l\u00e1pices este 7 de marzo de 2014 para orar, estudiar la Biblia y reflexionar sobre las bendiciones de Dios.","og_url":"https:\/\/interamerica.org\/es\/2014\/03\/interamerica-escuelas-adventistas-dejaran-los-libros-para-celebrar-un-dia-especial-de-oracion\/","og_site_name":"Iglesia Adventista del S\u00e9ptimo D\u00eda - Divisi\u00f3n Interamericana","article_published_time":"2014-03-06T04:00:00+00:00","og_image":[{"width":315,"height":233,"url":"https:\/\/interamerica.org\/wp-content\/uploads\/2017\/06\/schoolprayerSml.png","type":"image\/png"}],"author":"Lorenzo Verduzco","twitter_card":"summary_large_image","twitter_misc":{"Escrito por":"Lorenzo Verduzco","Tiempo de lectura":"1 minuto"},"schema":{"@context":"https:\/\/schema.org","@graph":[{"@type":"Article","@id":"https:\/\/interamerica.org\/es\/2014\/03\/interamerica-escuelas-adventistas-dejaran-los-libros-para-celebrar-un-dia-especial-de-oracion\/#article","isPartOf":{"@id":"https:\/\/interamerica.org\/es\/2014\/03\/interamerica-escuelas-adventistas-dejaran-los-libros-para-celebrar-un-dia-especial-de-oracion\/"},"author":{"name":"Lorenzo Verduzco","@id":"https:\/\/interamerica.org\/es\/#\/schema\/person\/68ede8bdc292885bb76c1e3810e73c39"},"headline":"Interam\u00e9rica: Escuelas adventistas dejar\u00e1n los libros para celebrar un d\u00eda especial de oraci\u00f3n","datePublished":"2014-03-06T04:00:00+00:00","mainEntityOfPage":{"@id":"https:\/\/interamerica.org\/es\/2014\/03\/interamerica-escuelas-adventistas-dejaran-los-libros-para-celebrar-un-dia-especial-de-oracion\/"},"wordCount":308,"image":{"@id":"https:\/\/interamerica.org\/es\/2014\/03\/interamerica-escuelas-adventistas-dejaran-los-libros-para-celebrar-un-dia-especial-de-oracion\/#primaryimage"},"thumbnailUrl":"https:\/\/interamerica.org\/wp-content\/uploads\/2017\/06\/schoolprayerSml.png","articleSection":["Desde la sede"],"inLanguage":"es"},{"@type":"WebPage","@id":"https:\/\/interamerica.org\/es\/2014\/03\/interamerica-escuelas-adventistas-dejaran-los-libros-para-celebrar-un-dia-especial-de-oracion\/","url":"https:\/\/interamerica.org\/es\/2014\/03\/interamerica-escuelas-adventistas-dejaran-los-libros-para-celebrar-un-dia-especial-de-oracion\/","name":"Interam\u00e9rica: Escuelas adventistas dejar\u00e1n los libros para celebrar un d\u00eda especial de oraci\u00f3n - Iglesia Adventista del S\u00e9ptimo D\u00eda - Divisi\u00f3n Interamericana","isPartOf":{"@id":"https:\/\/interamerica.org\/es\/#website"},"primaryImageOfPage":{"@id":"https:\/\/interamerica.org\/es\/2014\/03\/interamerica-escuelas-adventistas-dejaran-los-libros-para-celebrar-un-dia-especial-de-oracion\/#primaryimage"},"image":{"@id":"https:\/\/interamerica.org\/es\/2014\/03\/interamerica-escuelas-adventistas-dejaran-los-libros-para-celebrar-un-dia-especial-de-oracion\/#primaryimage"},"thumbnailUrl":"https:\/\/interamerica.org\/wp-content\/uploads\/2017\/06\/schoolprayerSml.png","datePublished":"2014-03-06T04:00:00+00:00","author":{"@id":"https:\/\/interamerica.org\/es\/#\/schema\/person\/68ede8bdc292885bb76c1e3810e73c39"},"breadcrumb":{"@id":"https:\/\/interamerica.org\/es\/2014\/03\/interamerica-escuelas-adventistas-dejaran-los-libros-para-celebrar-un-dia-especial-de-oracion\/#breadcrumb"},"inLanguage":"es","potentialAction":[{"@type":"ReadAction","target":["https:\/\/interamerica.org\/es\/2014\/03\/interamerica-escuelas-adventistas-dejaran-los-libros-para-celebrar-un-dia-especial-de-oracion\/"]}]},{"@type":"ImageObject","inLanguage":"es","@id":"https:\/\/interamerica.org\/es\/2014\/03\/interamerica-escuelas-adventistas-dejaran-los-libros-para-celebrar-un-dia-especial-de-oracion\/#primaryimage","url":"https:\/\/interamerica.org\/wp-content\/uploads\/2017\/06\/schoolprayerSml.png","contentUrl":"https:\/\/interamerica.org\/wp-content\/uploads\/2017\/06\/schoolprayerSml.png","width":315,"height":233},{"@type":"BreadcrumbList","@id":"https:\/\/interamerica.org\/es\/2014\/03\/interamerica-escuelas-adventistas-dejaran-los-libros-para-celebrar-un-dia-especial-de-oracion\/#breadcrumb","itemListElement":[{"@type":"ListItem","position":1,"name":"Home","item":"https:\/\/interamerica.org\/es\/"},{"@type":"ListItem","position":2,"name":"Interam\u00e9rica: Escuelas adventistas dejar\u00e1n los libros para celebrar un d\u00eda especial de oraci\u00f3n"}]},{"@type":"WebSite","@id":"https:\/\/interamerica.org\/es\/#website","url":"https:\/\/interamerica.org\/es\/","name":"Iglesia Adventista del S\u00e9ptimo D\u00eda - Divisi\u00f3n Interamericana","description":"","potentialAction":[{"@type":"SearchAction","target":{"@type":"EntryPoint","urlTemplate":"https:\/\/interamerica.org\/es\/?s={search_term_string}"},"query-input":{"@type":"PropertyValueSpecification","valueRequired":true,"valueName":"search_term_string"}}],"inLanguage":"es"},{"@type":"Person","@id":"https:\/\/interamerica.org\/es\/#\/schema\/person\/68ede8bdc292885bb76c1e3810e73c39","name":"Lorenzo Verduzco","image":{"@type":"ImageObject","inLanguage":"es","@id":"https:\/\/secure.gravatar.com\/avatar\/fb81a55b6218459490a9c1dc841a34909185b81904c5337b4b27f7a6fd60c49e?s=96&d=mm&r=g","url":"https:\/\/secure.gravatar.com\/avatar\/fb81a55b6218459490a9c1dc841a34909185b81904c5337b4b27f7a6fd60c49e?s=96&d=mm&r=g","contentUrl":"https:\/\/secure.gravatar.com\/avatar\/fb81a55b6218459490a9c1dc841a34909185b81904c5337b4b27f7a6fd60c49e?s=96&d=mm&r=g","caption":"Lorenzo Verduzco"}}]}},"_links":{"self":[{"href":"https:\/\/interamerica.org\/es\/wp-json\/wp\/v2\/posts\/30446","targetHints":{"allow":["GET"]}}],"collection":[{"href":"https:\/\/interamerica.org\/es\/wp-json\/wp\/v2\/posts"}],"about":[{"href":"https:\/\/interamerica.org\/es\/wp-json\/wp\/v2\/types\/post"}],"author":[{"embeddable":true,"href":"https:\/\/interamerica.org\/es\/wp-json\/wp\/v2\/users\/1"}],"replies":[{"embeddable":true,"href":"https:\/\/interamerica.org\/es\/wp-json\/wp\/v2\/comments?post=30446"}],"version-history":[{"count":0,"href":"https:\/\/interamerica.org\/es\/wp-json\/wp\/v2\/posts\/30446\/revisions"}],"wp:featuredmedia":[{"embeddable":true,"href":"https:\/\/interamerica.org\/es\/wp-json\/wp\/v2\/media\/22711"}],"wp:attachment":[{"href":"https:\/\/interamerica.org\/es\/wp-json\/wp\/v2\/media?parent=30446"}],"wp:term":[{"taxonomy":"category","embeddable":true,"href":"https:\/\/interamerica.org\/es\/wp-json\/wp\/v2\/categories?post=30446"},{"taxonomy":"post_tag","embeddable":true,"href":"https:\/\/interamerica.org\/es\/wp-json\/wp\/v2\/tags?post=30446"}],"curies":[{"name":"wp","href":"https:\/\/api.w.org\/{rel}","templated":true}]}}