{"id":30447,"date":"2014-03-07T00:00:00","date_gmt":"2014-03-07T04:00:00","guid":{"rendered":"http:\/\/192.81.217.108\/interamerica\/2014\/03\/en-haiti-festival-de-libertad-religiosa-destaca-la-coexistencia-pacifica\/"},"modified":"2014-03-07T00:00:00","modified_gmt":"2014-03-07T04:00:00","slug":"en-haiti-festival-de-libertad-religiosa-destaca-la-coexistencia-pacifica","status":"publish","type":"post","link":"https:\/\/interamerica.org\/es\/2014\/03\/en-haiti-festival-de-libertad-religiosa-destaca-la-coexistencia-pacifica\/","title":{"rendered":"En Hait\u00ed, festival de libertad religiosa destaca la coexistencia pac\u00edfica"},"content":{"rendered":"<p>6 de marzo de 2014 &#8211; Silver Spring, Maryland, Estados Unidos&#8230;ANN<\/p>\n<p>El mes pasado, un festival de libertad religiosa en Hait\u00ed cimenta la Iglesia Adventista del S\u00e9ptimo D\u00eda como una importante defensora de la libre expresi\u00f3n de creencias en el pa\u00eds.<\/p>\n<div id=\"attachment_10895\" style=\"width: 310px\" class=\"wp-caption alignright\"><a href=\"\/interamerica\/wp-content\/uploads\/2017\/06\/csm_irla-haiti-web_5670254459.jpg\" rel=\"fancybox\" title=\"En Hait\u00ed, festival de libertad religiosa destaca la coexistencia pac\u00edfica\"><img fetchpriority=\"high\" decoding=\"async\" aria-describedby=\"caption-attachment-10895\" class=\"size-medium wp-image-10895\" src=\"\/interamerica\/wp-content\/uploads\/2017\/06\/csm_irla-haiti-web_5670254459-300x225.jpg\" alt=\"\" width=\"300\" height=\"225\" \/><\/a><p id=\"caption-attachment-10895\" class=\"wp-caption-text\">Desde la izquierda: John Graz, secretario general de la Asociaci\u00f3n Internacional de Libertad Relgiiosa; Elie Henry, secretario ejecutivo de la Iglesia Adventista en la Divisi\u00f3n Interamericana; y Theart St. Pierre, presidente de la Uni\u00f3n Misi\u00f3n Haitiana en el primer festival de libertad religiosa de Hait\u00ed. La IRLA patrocina festivales peri\u00f3dicos en todo el mundo para agradecer a los l\u00edderes de los gobiernos por preservar la libertad de creencias. Imagen por cortes\u00eda de la IRLA<\/p><\/div>\n<p>El evento, que fue organizado por Uni\u00f3n Misi\u00f3n Haitiana de la Iglesia Adventista y patrocinado por la Asociaci\u00f3n Internacional de Libertad Religiosa, atrajo a m\u00e1s de tres mil partidarios a Puerto Pr\u00edncipe con el prop\u00f3sito de celebrar la libertad de creencias y ayudar a elevar el perfil de la libertad religiosa en el Caribe.<\/p>\n<p>La ciudad de Puerto Pr\u00edncipe a\u00fan lucha para recuperarse de un devastador terremoto que en 2010 caus\u00f3 da\u00f1os por 7800 millones de d\u00f3lares a una naci\u00f3n ya considerada la m\u00e1s pobre del Hemisferio Occidental. En 2012, dos huracanes complicaron los esfuerzos de reconstrucci\u00f3n.<\/p>\n<p>\u00abEl pueblo de Hait\u00ed ha mostrado gran coraje y una extraordinaria capacidad de supervivencia. La libertad religiosa es un derecho que los haitianos atesoran, y est\u00e1n determinados a conservarla\u00bb, dijo John Graz, secretario general de la IRLA.<\/p>\n<p>El festival fue parte del Primer Congreso de Libertad Religiosa en Hait\u00ed. Cientos de abogados, activistas de los derechos humanos, l\u00edderes de los gobiernos y representantes religiosos se reunieron durante dos d\u00edas de conferencias y talleres que enfatizaron la mayormente pac\u00edfica coexistencia de los grupos religiosos en Hait\u00ed, y produjeron asimismo varias recomendaciones.<\/p>\n<p>El grupo prometi\u00f3 organizar la divisi\u00f3n haitiana de la Asociaci\u00f3n Internacional de Libertad Religiosa y negociar con el gobierno de Hait\u00ed para establecer un D\u00eda Nacional de la Libertad Religiosa en el pa\u00eds.<\/p>\n<p>Otras recomendaciones presentadas fueron:<\/p>\n<ul>\n<li>El congreso hace un llamado al gobierno para preservar la separaci\u00f3n de la Iglesia y el Estado.<\/li>\n<\/ul>\n<ul>\n<li>El congreso condena todo acto de intolerancia, discriminaci\u00f3n y violencia que en el pasado haya estado dirigido contra individuos o grupos, como resultado de su religi\u00f3n o creencias.<\/li>\n<\/ul>\n<ul>\n<li>El congreso expresa solidaridad con todos los grupos e individuos que son v\u00edctimas de violaciones a la libertad religiosa en cualquier lugar del mundo.<\/li>\n<\/ul>\n<p>En sus declaraciones, Marie Carmelle Rose Ann Auguste, ministra de Derechos Humanos del gobierno de Hait\u00ed, dijo que la libertad religiosa es un derecho humano \u00abfundamental\u00bb.<\/p>\n<p>\u00abEs por medio del libre ejercicio de la conciencia que el alma individual y el alma de la naci\u00f3n se ven fortalecidas\u00bb, expres\u00f3.<\/p>\n<p>Francois Clavairoly, presidente de la Federaci\u00f3n Protestante Francesa, y un grupo de l\u00edderes religiosos de Par\u00eds incluyeron una dimensi\u00f3n internacional\u00bb al evento, dijo Graz. Hait\u00ed es la \u00fanica naci\u00f3n de habla predominantemente francesa en las Am\u00e9ricas.<\/p>\n<p>Tambi\u00e9n estuvieron representadas otras denominaciones protestantes, la Iglesia Cat\u00f3lica, el Ej\u00e9rcito de Salvaci\u00f3n y las religiones que propugnan el sincretismo. Las religiones sincr\u00e9ticas tales como el vud\u00fa son practicadas en Hait\u00ed por un segmento considerable de la poblaci\u00f3n.<\/p>\n<p>Se ha planeado llevar a cabo otro festival de libertad religiosa en Puerto Pr\u00edncipe para 2015.<\/p>\n<p><em>Traducci\u00f3n de Marcos Paseggi<\/em><\/p>\n","protected":false},"excerpt":{"rendered":"<p>El mes pasado, un festival de libertad religiosa en Hait\u00ed cimenta la Iglesia Adventista del S\u00e9ptimo D\u00eda como una importante defensora de la libre expresi\u00f3n de creencias en el pa\u00eds.<\/p>\n","protected":false},"author":1,"featured_media":22721,"comment_status":"closed","ping_status":"closed","sticky":false,"template":"","format":"standard","meta":{"_acf_changed":false,"footnotes":""},"categories":[17],"tags":[],"class_list":["post-30447","post","type-post","status-publish","format-standard","has-post-thumbnail","hentry","category-desde-el-campo"],"acf":[],"yoast_head":"<!-- This site is optimized with the Yoast SEO plugin v27.3 - https:\/\/yoast.com\/product\/yoast-seo-wordpress\/ -->\n<title>En Hait\u00ed, festival de libertad religiosa destaca la coexistencia pac\u00edfica - Iglesia Adventista del S\u00e9ptimo D\u00eda - Divisi\u00f3n Interamericana<\/title>\n<meta name=\"robots\" content=\"index, follow, max-snippet:-1, max-image-preview:large, max-video-preview:-1\" \/>\n<link rel=\"canonical\" href=\"https:\/\/interamerica.org\/es\/2014\/03\/en-haiti-festival-de-libertad-religiosa-destaca-la-coexistencia-pacifica\/\" \/>\n<meta property=\"og:locale\" content=\"es_ES\" \/>\n<meta property=\"og:type\" content=\"article\" \/>\n<meta property=\"og:title\" content=\"En Hait\u00ed, festival de libertad religiosa destaca la coexistencia pac\u00edfica - Iglesia Adventista del S\u00e9ptimo D\u00eda - Divisi\u00f3n Interamericana\" \/>\n<meta property=\"og:description\" content=\"El mes pasado, un festival de libertad religiosa en Hait\u00ed cimenta la Iglesia Adventista del S\u00e9ptimo D\u00eda como una importante defensora de la libre expresi\u00f3n de creencias en el pa\u00eds.\" \/>\n<meta property=\"og:url\" content=\"https:\/\/interamerica.org\/es\/2014\/03\/en-haiti-festival-de-libertad-religiosa-destaca-la-coexistencia-pacifica\/\" \/>\n<meta property=\"og:site_name\" content=\"Iglesia Adventista del S\u00e9ptimo D\u00eda - Divisi\u00f3n Interamericana\" \/>\n<meta property=\"article:published_time\" content=\"2014-03-07T04:00:00+00:00\" \/>\n<meta property=\"og:image\" content=\"https:\/\/interamerica.org\/wp-content\/uploads\/2017\/06\/csm_irla-haiti-web_5670254459.jpg\" \/>\n\t<meta property=\"og:image:width\" content=\"400\" \/>\n\t<meta property=\"og:image:height\" content=\"300\" \/>\n\t<meta property=\"og:image:type\" content=\"image\/jpeg\" \/>\n<meta name=\"author\" content=\"Lorenzo Verduzco\" \/>\n<meta name=\"twitter:card\" content=\"summary_large_image\" \/>\n<meta name=\"twitter:label1\" content=\"Escrito por\" \/>\n\t<meta name=\"twitter:data1\" content=\"Lorenzo Verduzco\" \/>\n\t<meta name=\"twitter:label2\" content=\"Tiempo de lectura\" \/>\n\t<meta name=\"twitter:data2\" content=\"3 minutos\" \/>\n<script type=\"application\/ld+json\" class=\"yoast-schema-graph\">{\"@context\":\"https:\\\/\\\/schema.org\",\"@graph\":[{\"@type\":\"Article\",\"@id\":\"https:\\\/\\\/interamerica.org\\\/es\\\/2014\\\/03\\\/en-haiti-festival-de-libertad-religiosa-destaca-la-coexistencia-pacifica\\\/#article\",\"isPartOf\":{\"@id\":\"https:\\\/\\\/interamerica.org\\\/es\\\/2014\\\/03\\\/en-haiti-festival-de-libertad-religiosa-destaca-la-coexistencia-pacifica\\\/\"},\"author\":{\"name\":\"Lorenzo Verduzco\",\"@id\":\"https:\\\/\\\/interamerica.org\\\/es\\\/#\\\/schema\\\/person\\\/68ede8bdc292885bb76c1e3810e73c39\"},\"headline\":\"En Hait\u00ed, festival de libertad religiosa destaca la coexistencia pac\u00edfica\",\"datePublished\":\"2014-03-07T04:00:00+00:00\",\"mainEntityOfPage\":{\"@id\":\"https:\\\/\\\/interamerica.org\\\/es\\\/2014\\\/03\\\/en-haiti-festival-de-libertad-religiosa-destaca-la-coexistencia-pacifica\\\/\"},\"wordCount\":615,\"image\":{\"@id\":\"https:\\\/\\\/interamerica.org\\\/es\\\/2014\\\/03\\\/en-haiti-festival-de-libertad-religiosa-destaca-la-coexistencia-pacifica\\\/#primaryimage\"},\"thumbnailUrl\":\"https:\\\/\\\/interamerica.org\\\/wp-content\\\/uploads\\\/2017\\\/06\\\/csm_irla-haiti-web_5670254459.jpg\",\"articleSection\":[\"Desde el campo\"],\"inLanguage\":\"es\"},{\"@type\":\"WebPage\",\"@id\":\"https:\\\/\\\/interamerica.org\\\/es\\\/2014\\\/03\\\/en-haiti-festival-de-libertad-religiosa-destaca-la-coexistencia-pacifica\\\/\",\"url\":\"https:\\\/\\\/interamerica.org\\\/es\\\/2014\\\/03\\\/en-haiti-festival-de-libertad-religiosa-destaca-la-coexistencia-pacifica\\\/\",\"name\":\"En Hait\u00ed, festival de libertad religiosa destaca la coexistencia pac\u00edfica - Iglesia Adventista del S\u00e9ptimo D\u00eda - Divisi\u00f3n Interamericana\",\"isPartOf\":{\"@id\":\"https:\\\/\\\/interamerica.org\\\/es\\\/#website\"},\"primaryImageOfPage\":{\"@id\":\"https:\\\/\\\/interamerica.org\\\/es\\\/2014\\\/03\\\/en-haiti-festival-de-libertad-religiosa-destaca-la-coexistencia-pacifica\\\/#primaryimage\"},\"image\":{\"@id\":\"https:\\\/\\\/interamerica.org\\\/es\\\/2014\\\/03\\\/en-haiti-festival-de-libertad-religiosa-destaca-la-coexistencia-pacifica\\\/#primaryimage\"},\"thumbnailUrl\":\"https:\\\/\\\/interamerica.org\\\/wp-content\\\/uploads\\\/2017\\\/06\\\/csm_irla-haiti-web_5670254459.jpg\",\"datePublished\":\"2014-03-07T04:00:00+00:00\",\"author\":{\"@id\":\"https:\\\/\\\/interamerica.org\\\/es\\\/#\\\/schema\\\/person\\\/68ede8bdc292885bb76c1e3810e73c39\"},\"breadcrumb\":{\"@id\":\"https:\\\/\\\/interamerica.org\\\/es\\\/2014\\\/03\\\/en-haiti-festival-de-libertad-religiosa-destaca-la-coexistencia-pacifica\\\/#breadcrumb\"},\"inLanguage\":\"es\",\"potentialAction\":[{\"@type\":\"ReadAction\",\"target\":[\"https:\\\/\\\/interamerica.org\\\/es\\\/2014\\\/03\\\/en-haiti-festival-de-libertad-religiosa-destaca-la-coexistencia-pacifica\\\/\"]}]},{\"@type\":\"ImageObject\",\"inLanguage\":\"es\",\"@id\":\"https:\\\/\\\/interamerica.org\\\/es\\\/2014\\\/03\\\/en-haiti-festival-de-libertad-religiosa-destaca-la-coexistencia-pacifica\\\/#primaryimage\",\"url\":\"https:\\\/\\\/interamerica.org\\\/wp-content\\\/uploads\\\/2017\\\/06\\\/csm_irla-haiti-web_5670254459.jpg\",\"contentUrl\":\"https:\\\/\\\/interamerica.org\\\/wp-content\\\/uploads\\\/2017\\\/06\\\/csm_irla-haiti-web_5670254459.jpg\",\"width\":400,\"height\":300},{\"@type\":\"BreadcrumbList\",\"@id\":\"https:\\\/\\\/interamerica.org\\\/es\\\/2014\\\/03\\\/en-haiti-festival-de-libertad-religiosa-destaca-la-coexistencia-pacifica\\\/#breadcrumb\",\"itemListElement\":[{\"@type\":\"ListItem\",\"position\":1,\"name\":\"Home\",\"item\":\"https:\\\/\\\/interamerica.org\\\/es\\\/\"},{\"@type\":\"ListItem\",\"position\":2,\"name\":\"En Hait\u00ed, festival de libertad religiosa destaca la coexistencia pac\u00edfica\"}]},{\"@type\":\"WebSite\",\"@id\":\"https:\\\/\\\/interamerica.org\\\/es\\\/#website\",\"url\":\"https:\\\/\\\/interamerica.org\\\/es\\\/\",\"name\":\"Iglesia Adventista del S\u00e9ptimo D\u00eda - Divisi\u00f3n Interamericana\",\"description\":\"\",\"potentialAction\":[{\"@type\":\"SearchAction\",\"target\":{\"@type\":\"EntryPoint\",\"urlTemplate\":\"https:\\\/\\\/interamerica.org\\\/es\\\/?s={search_term_string}\"},\"query-input\":{\"@type\":\"PropertyValueSpecification\",\"valueRequired\":true,\"valueName\":\"search_term_string\"}}],\"inLanguage\":\"es\"},{\"@type\":\"Person\",\"@id\":\"https:\\\/\\\/interamerica.org\\\/es\\\/#\\\/schema\\\/person\\\/68ede8bdc292885bb76c1e3810e73c39\",\"name\":\"Lorenzo Verduzco\",\"image\":{\"@type\":\"ImageObject\",\"inLanguage\":\"es\",\"@id\":\"https:\\\/\\\/secure.gravatar.com\\\/avatar\\\/fb81a55b6218459490a9c1dc841a34909185b81904c5337b4b27f7a6fd60c49e?s=96&d=mm&r=g\",\"url\":\"https:\\\/\\\/secure.gravatar.com\\\/avatar\\\/fb81a55b6218459490a9c1dc841a34909185b81904c5337b4b27f7a6fd60c49e?s=96&d=mm&r=g\",\"contentUrl\":\"https:\\\/\\\/secure.gravatar.com\\\/avatar\\\/fb81a55b6218459490a9c1dc841a34909185b81904c5337b4b27f7a6fd60c49e?s=96&d=mm&r=g\",\"caption\":\"Lorenzo Verduzco\"}}]}<\/script>\n<!-- \/ Yoast SEO plugin. -->","yoast_head_json":{"title":"En Hait\u00ed, festival de libertad religiosa destaca la coexistencia pac\u00edfica - Iglesia Adventista del S\u00e9ptimo D\u00eda - Divisi\u00f3n Interamericana","robots":{"index":"index","follow":"follow","max-snippet":"max-snippet:-1","max-image-preview":"max-image-preview:large","max-video-preview":"max-video-preview:-1"},"canonical":"https:\/\/interamerica.org\/es\/2014\/03\/en-haiti-festival-de-libertad-religiosa-destaca-la-coexistencia-pacifica\/","og_locale":"es_ES","og_type":"article","og_title":"En Hait\u00ed, festival de libertad religiosa destaca la coexistencia pac\u00edfica - Iglesia Adventista del S\u00e9ptimo D\u00eda - Divisi\u00f3n Interamericana","og_description":"El mes pasado, un festival de libertad religiosa en Hait\u00ed cimenta la Iglesia Adventista del S\u00e9ptimo D\u00eda como una importante defensora de la libre expresi\u00f3n de creencias en el pa\u00eds.","og_url":"https:\/\/interamerica.org\/es\/2014\/03\/en-haiti-festival-de-libertad-religiosa-destaca-la-coexistencia-pacifica\/","og_site_name":"Iglesia Adventista del S\u00e9ptimo D\u00eda - Divisi\u00f3n Interamericana","article_published_time":"2014-03-07T04:00:00+00:00","og_image":[{"width":400,"height":300,"url":"https:\/\/interamerica.org\/wp-content\/uploads\/2017\/06\/csm_irla-haiti-web_5670254459.jpg","type":"image\/jpeg"}],"author":"Lorenzo Verduzco","twitter_card":"summary_large_image","twitter_misc":{"Escrito por":"Lorenzo Verduzco","Tiempo de lectura":"3 minutos"},"schema":{"@context":"https:\/\/schema.org","@graph":[{"@type":"Article","@id":"https:\/\/interamerica.org\/es\/2014\/03\/en-haiti-festival-de-libertad-religiosa-destaca-la-coexistencia-pacifica\/#article","isPartOf":{"@id":"https:\/\/interamerica.org\/es\/2014\/03\/en-haiti-festival-de-libertad-religiosa-destaca-la-coexistencia-pacifica\/"},"author":{"name":"Lorenzo Verduzco","@id":"https:\/\/interamerica.org\/es\/#\/schema\/person\/68ede8bdc292885bb76c1e3810e73c39"},"headline":"En Hait\u00ed, festival de libertad religiosa destaca la coexistencia pac\u00edfica","datePublished":"2014-03-07T04:00:00+00:00","mainEntityOfPage":{"@id":"https:\/\/interamerica.org\/es\/2014\/03\/en-haiti-festival-de-libertad-religiosa-destaca-la-coexistencia-pacifica\/"},"wordCount":615,"image":{"@id":"https:\/\/interamerica.org\/es\/2014\/03\/en-haiti-festival-de-libertad-religiosa-destaca-la-coexistencia-pacifica\/#primaryimage"},"thumbnailUrl":"https:\/\/interamerica.org\/wp-content\/uploads\/2017\/06\/csm_irla-haiti-web_5670254459.jpg","articleSection":["Desde el campo"],"inLanguage":"es"},{"@type":"WebPage","@id":"https:\/\/interamerica.org\/es\/2014\/03\/en-haiti-festival-de-libertad-religiosa-destaca-la-coexistencia-pacifica\/","url":"https:\/\/interamerica.org\/es\/2014\/03\/en-haiti-festival-de-libertad-religiosa-destaca-la-coexistencia-pacifica\/","name":"En Hait\u00ed, festival de libertad religiosa destaca la coexistencia pac\u00edfica - Iglesia Adventista del S\u00e9ptimo D\u00eda - Divisi\u00f3n Interamericana","isPartOf":{"@id":"https:\/\/interamerica.org\/es\/#website"},"primaryImageOfPage":{"@id":"https:\/\/interamerica.org\/es\/2014\/03\/en-haiti-festival-de-libertad-religiosa-destaca-la-coexistencia-pacifica\/#primaryimage"},"image":{"@id":"https:\/\/interamerica.org\/es\/2014\/03\/en-haiti-festival-de-libertad-religiosa-destaca-la-coexistencia-pacifica\/#primaryimage"},"thumbnailUrl":"https:\/\/interamerica.org\/wp-content\/uploads\/2017\/06\/csm_irla-haiti-web_5670254459.jpg","datePublished":"2014-03-07T04:00:00+00:00","author":{"@id":"https:\/\/interamerica.org\/es\/#\/schema\/person\/68ede8bdc292885bb76c1e3810e73c39"},"breadcrumb":{"@id":"https:\/\/interamerica.org\/es\/2014\/03\/en-haiti-festival-de-libertad-religiosa-destaca-la-coexistencia-pacifica\/#breadcrumb"},"inLanguage":"es","potentialAction":[{"@type":"ReadAction","target":["https:\/\/interamerica.org\/es\/2014\/03\/en-haiti-festival-de-libertad-religiosa-destaca-la-coexistencia-pacifica\/"]}]},{"@type":"ImageObject","inLanguage":"es","@id":"https:\/\/interamerica.org\/es\/2014\/03\/en-haiti-festival-de-libertad-religiosa-destaca-la-coexistencia-pacifica\/#primaryimage","url":"https:\/\/interamerica.org\/wp-content\/uploads\/2017\/06\/csm_irla-haiti-web_5670254459.jpg","contentUrl":"https:\/\/interamerica.org\/wp-content\/uploads\/2017\/06\/csm_irla-haiti-web_5670254459.jpg","width":400,"height":300},{"@type":"BreadcrumbList","@id":"https:\/\/interamerica.org\/es\/2014\/03\/en-haiti-festival-de-libertad-religiosa-destaca-la-coexistencia-pacifica\/#breadcrumb","itemListElement":[{"@type":"ListItem","position":1,"name":"Home","item":"https:\/\/interamerica.org\/es\/"},{"@type":"ListItem","position":2,"name":"En Hait\u00ed, festival de libertad religiosa destaca la coexistencia pac\u00edfica"}]},{"@type":"WebSite","@id":"https:\/\/interamerica.org\/es\/#website","url":"https:\/\/interamerica.org\/es\/","name":"Iglesia Adventista del S\u00e9ptimo D\u00eda - Divisi\u00f3n Interamericana","description":"","potentialAction":[{"@type":"SearchAction","target":{"@type":"EntryPoint","urlTemplate":"https:\/\/interamerica.org\/es\/?s={search_term_string}"},"query-input":{"@type":"PropertyValueSpecification","valueRequired":true,"valueName":"search_term_string"}}],"inLanguage":"es"},{"@type":"Person","@id":"https:\/\/interamerica.org\/es\/#\/schema\/person\/68ede8bdc292885bb76c1e3810e73c39","name":"Lorenzo Verduzco","image":{"@type":"ImageObject","inLanguage":"es","@id":"https:\/\/secure.gravatar.com\/avatar\/fb81a55b6218459490a9c1dc841a34909185b81904c5337b4b27f7a6fd60c49e?s=96&d=mm&r=g","url":"https:\/\/secure.gravatar.com\/avatar\/fb81a55b6218459490a9c1dc841a34909185b81904c5337b4b27f7a6fd60c49e?s=96&d=mm&r=g","contentUrl":"https:\/\/secure.gravatar.com\/avatar\/fb81a55b6218459490a9c1dc841a34909185b81904c5337b4b27f7a6fd60c49e?s=96&d=mm&r=g","caption":"Lorenzo Verduzco"}}]}},"_links":{"self":[{"href":"https:\/\/interamerica.org\/es\/wp-json\/wp\/v2\/posts\/30447","targetHints":{"allow":["GET"]}}],"collection":[{"href":"https:\/\/interamerica.org\/es\/wp-json\/wp\/v2\/posts"}],"about":[{"href":"https:\/\/interamerica.org\/es\/wp-json\/wp\/v2\/types\/post"}],"author":[{"embeddable":true,"href":"https:\/\/interamerica.org\/es\/wp-json\/wp\/v2\/users\/1"}],"replies":[{"embeddable":true,"href":"https:\/\/interamerica.org\/es\/wp-json\/wp\/v2\/comments?post=30447"}],"version-history":[{"count":0,"href":"https:\/\/interamerica.org\/es\/wp-json\/wp\/v2\/posts\/30447\/revisions"}],"wp:featuredmedia":[{"embeddable":true,"href":"https:\/\/interamerica.org\/es\/wp-json\/wp\/v2\/media\/22721"}],"wp:attachment":[{"href":"https:\/\/interamerica.org\/es\/wp-json\/wp\/v2\/media?parent=30447"}],"wp:term":[{"taxonomy":"category","embeddable":true,"href":"https:\/\/interamerica.org\/es\/wp-json\/wp\/v2\/categories?post=30447"},{"taxonomy":"post_tag","embeddable":true,"href":"https:\/\/interamerica.org\/es\/wp-json\/wp\/v2\/tags?post=30447"}],"curies":[{"name":"wp","href":"https:\/\/api.w.org\/{rel}","templated":true}]}}